{"id":5958,"date":"2025-03-18T02:17:27","date_gmt":"2025-03-18T01:17:27","guid":{"rendered":"https:\/\/vieassociative.be\/actualites\/cet-abonnement-a-vol-et-a-hotel-sur-les-vols-ne-coute-que-70-en-ce-moment-pour-la-vie\/"},"modified":"2025-03-18T02:17:27","modified_gmt":"2025-03-18T01:17:27","slug":"cet-abonnement-a-vol-et-a-hotel-sur-les-vols-ne-coute-que-70-en-ce-moment-pour-la-vie","status":"publish","type":"post","link":"https:\/\/vieassociative.be\/actualites\/cet-abonnement-a-vol-et-a-hotel-sur-les-vols-ne-coute-que-70-en-ce-moment-pour-la-vie\/","title":{"rendered":"Cet abonnement \u00e0 vol et \u00e0 h\u00f4tel sur les vols ne co\u00fbte que 70 $ en ce moment pour la vie"},"content":{"rendered":"<div class=\"mt-4 leading-6 md:mb-8\">OneAir vous envoie des notifications en temps r\u00e9el lorsqu&rsquo;un accord qui correspond \u00e0 vos pr\u00e9f\u00e9rences de voyage appara\u00eet.<\/div>\n<p><\/p>\n<p>Les offres de voyage peuvent \u00eatre touch\u00e9es ou manquantes au fur et \u00e0 mesure que les prix sautent et que les offres disparaissent avant de pouvoir v\u00e9rifier votre horaire. L&rsquo;abonnement \u00e0 vie d&rsquo;OneAir Elite est con\u00e7u pour faire le travail lourd pour vous. Un service d&rsquo;alerte de transactions r\u00e9serv\u00e9 aux membres, il suit les prix des vols \u00e0 l&rsquo;aide de l&rsquo;IA, des analyses pour les tarifs d&rsquo;erreur et vous alerte en cas de baisse significative &#8211; et actuellement, il est sur Stacksocial pour 99,99 $ (\u00e0 l&rsquo;origine 790 $), mais appliquez le code promotionnel 30 et vous pouvez l&rsquo;obtenir pour seulement 70 $. La vente se d\u00e9roule jusqu&rsquo;au 30 mars.<\/p>\n<p>La couverture d&rsquo;Oneeir est large, couvrant plus de 60 pays et plusieurs cours de tarif, notamment une \u00e9conomie et des affaires premium. C&rsquo;est utile si vous \u00eates flexible avec vos itin\u00e9raires et que cela ne vous d\u00e9range pas de sauter sur une offre inattendue. Il comprend m\u00eame des tarifs de ville cach\u00e9s, ce qui peut parfois r\u00e9duire consid\u00e9rablement les co\u00fbts. Le plus grand avantage ici est que Oneeaur vous recherche, afin que vous ne passez pas d&rsquo;heures \u00e0 v\u00e9rifier les vols manuellement. Cependant, les voyageurs ayant des horaires stricts ou ceux qui volent uniquement des compagnies a\u00e9riennes sp\u00e9cifiques peuvent ne pas toujours obtenir le plus de valeur. Certaines des meilleures offres n\u00e9cessitent une r\u00e9servation rapide, donc cela fonctionne mieux pour ceux qui sont pr\u00eats \u00e0 sauter pour une opportunit\u00e9.<\/p>\n<p>\u00c0 70 $ pour l&rsquo;acc\u00e8s \u00e0 vie, il est moins cher que la plupart des abonnements annuels Flight Deal, et si vous r\u00e9servez m\u00eame un vol \u00e0 prix r\u00e9duit en utilisant ses alertes, il pourrait se payer en un seul voyage. Cela dit, il ne rendra pas par magie chaque vol moins cher &#8211; les dials d\u00e9pendent de la disponibilit\u00e9 et du timing. Si vous aimez suivre les vols vous-m\u00eame ou voyager uniquement, des services gratuits comme Google Flight ou Skyscanner Alertes pourraient \u00eatre suffisants. Mais si vous voulez \u00e9conomiser de l&rsquo;argent sans les tracas, cela pourrait \u00eatre un solide \u00e0 avoir.<\/p>\n","protected":false},"excerpt":{"rendered":"<p>OneAir vous envoie des notifications en temps r\u00e9el lorsqu&rsquo;un accord qui correspond \u00e0 vos pr\u00e9f\u00e9rences de voyage appara\u00eet. Les offres de voyage peuvent \u00eatre touch\u00e9es<\/p>\n","protected":false},"author":1,"featured_media":5959,"comment_status":"","ping_status":"","sticky":false,"template":"","format":"standard","meta":{"footnotes":""},"categories":[41],"tags":[228,216,1122,2043,14,1429,81,33,58,4867,3621],"class_list":["post-5958","post","type-post","status-publish","format-standard","has-post-thumbnail","hentry","category-argent","tag-abonnement","tag-cet","tag-coute","tag-hotel","tag-les","tag-moment","tag-pour","tag-sur","tag-vie","tag-vol","tag-vols","generate-columns","tablet-grid-50","mobile-grid-100","grid-parent","grid-33"],"yoast_head":"<!-- This site is optimized with the Yoast SEO plugin v24.0 - https:\/\/yoast.com\/wordpress\/plugins\/seo\/ -->\n<title>Cet abonnement \u00e0 vol et \u00e0 h\u00f4tel sur les vols ne co\u00fbte que 70 $ en ce moment pour la vie | Vie Associative<\/title>\n<meta name=\"robots\" content=\"index, follow, max-snippet:-1, max-image-preview:large, max-video-preview:-1\" \/>\n<link rel=\"canonical\" href=\"https:\/\/vieassociative.be\/actualites\/cet-abonnement-a-vol-et-a-hotel-sur-les-vols-ne-coute-que-70-en-ce-moment-pour-la-vie\/\" \/>\n<meta property=\"og:locale\" content=\"fr_FR\" \/>\n<meta property=\"og:type\" content=\"article\" \/>\n<meta property=\"og:title\" content=\"Cet abonnement \u00e0 vol et \u00e0 h\u00f4tel sur les vols ne co\u00fbte que 70 $ en ce moment pour la vie | Vie Associative\" \/>\n<meta property=\"og:description\" content=\"OneAir vous envoie des notifications en temps r\u00e9el lorsqu&rsquo;un accord qui correspond \u00e0 vos pr\u00e9f\u00e9rences de voyage appara\u00eet. Les offres de voyage peuvent \u00eatre touch\u00e9es\" \/>\n<meta property=\"og:url\" content=\"https:\/\/vieassociative.be\/actualites\/cet-abonnement-a-vol-et-a-hotel-sur-les-vols-ne-coute-que-70-en-ce-moment-pour-la-vie\/\" \/>\n<meta property=\"og:site_name\" content=\"Vie Associative\" \/>\n<meta property=\"article:published_time\" content=\"2025-03-18T01:17:27+00:00\" \/>\n<meta property=\"og:image\" content=\"https:\/\/vieassociative.be\/actualites\/wp-content\/uploads\/2024\/09\/header_backgroundk-01-e1726694325946.png\" \/>\n\t<meta property=\"og:image:width\" content=\"279\" \/>\n\t<meta property=\"og:image:height\" content=\"92\" \/>\n\t<meta property=\"og:image:type\" content=\"image\/png\" \/>\n<meta name=\"author\" content=\"Julien\" \/>\n<meta name=\"twitter:card\" content=\"summary_large_image\" \/>\n<meta name=\"twitter:label1\" content=\"\u00c9crit par\" \/>\n\t<meta name=\"twitter:data1\" content=\"Julien\" \/>\n\t<meta name=\"twitter:label2\" content=\"Dur\u00e9e de lecture est.\" \/>\n\t<meta name=\"twitter:data2\" content=\"2 minutes\" \/>\n<script type=\"application\/ld+json\" class=\"yoast-schema-graph\">{\"@context\":\"https:\/\/schema.org\",\"@graph\":[{\"@type\":\"Article\",\"@id\":\"https:\/\/vieassociative.be\/actualites\/cet-abonnement-a-vol-et-a-hotel-sur-les-vols-ne-coute-que-70-en-ce-moment-pour-la-vie\/#article\",\"isPartOf\":{\"@id\":\"https:\/\/vieassociative.be\/actualites\/cet-abonnement-a-vol-et-a-hotel-sur-les-vols-ne-coute-que-70-en-ce-moment-pour-la-vie\/\"},\"author\":{\"name\":\"Julien\",\"@id\":\"https:\/\/vieassociative.be\/actualites\/#\/schema\/person\/b87ac4f82f9d4e7b7cec7395b679edc4\"},\"headline\":\"Cet abonnement \u00e0 vol et \u00e0 h\u00f4tel sur les vols ne co\u00fbte que 70 $ en ce moment pour la vie\",\"datePublished\":\"2025-03-18T01:17:27+00:00\",\"dateModified\":\"2025-03-18T01:17:27+00:00\",\"mainEntityOfPage\":{\"@id\":\"https:\/\/vieassociative.be\/actualites\/cet-abonnement-a-vol-et-a-hotel-sur-les-vols-ne-coute-que-70-en-ce-moment-pour-la-vie\/\"},\"wordCount\":399,\"publisher\":{\"@id\":\"https:\/\/vieassociative.be\/actualites\/#organization\"},\"image\":{\"@id\":\"https:\/\/vieassociative.be\/actualites\/cet-abonnement-a-vol-et-a-hotel-sur-les-vols-ne-coute-que-70-en-ce-moment-pour-la-vie\/#primaryimage\"},\"thumbnailUrl\":\"https:\/\/vieassociative.be\/actualites\/wp-content\/uploads\/2025\/03\/Cet-abonnement-a-vol-et-a-hotel-sur-les-vols.png\",\"keywords\":[\"abonnement\",\"cet\",\"co\u00fbte\",\"h\u00f4tel\",\"Les\",\"moment\",\"pour\",\"sur\",\"vie\",\"vol\",\"Vols\"],\"articleSection\":[\"Argent\"],\"inLanguage\":\"fr-BE\"},{\"@type\":\"WebPage\",\"@id\":\"https:\/\/vieassociative.be\/actualites\/cet-abonnement-a-vol-et-a-hotel-sur-les-vols-ne-coute-que-70-en-ce-moment-pour-la-vie\/\",\"url\":\"https:\/\/vieassociative.be\/actualites\/cet-abonnement-a-vol-et-a-hotel-sur-les-vols-ne-coute-que-70-en-ce-moment-pour-la-vie\/\",\"name\":\"Cet abonnement \u00e0 vol et \u00e0 h\u00f4tel sur les vols ne co\u00fbte que 70 $ en ce moment pour la vie | Vie Associative\",\"isPartOf\":{\"@id\":\"https:\/\/vieassociative.be\/actualites\/#website\"},\"primaryImageOfPage\":{\"@id\":\"https:\/\/vieassociative.be\/actualites\/cet-abonnement-a-vol-et-a-hotel-sur-les-vols-ne-coute-que-70-en-ce-moment-pour-la-vie\/#primaryimage\"},\"image\":{\"@id\":\"https:\/\/vieassociative.be\/actualites\/cet-abonnement-a-vol-et-a-hotel-sur-les-vols-ne-coute-que-70-en-ce-moment-pour-la-vie\/#primaryimage\"},\"thumbnailUrl\":\"https:\/\/vieassociative.be\/actualites\/wp-content\/uploads\/2025\/03\/Cet-abonnement-a-vol-et-a-hotel-sur-les-vols.png\",\"datePublished\":\"2025-03-18T01:17:27+00:00\",\"dateModified\":\"2025-03-18T01:17:27+00:00\",\"breadcrumb\":{\"@id\":\"https:\/\/vieassociative.be\/actualites\/cet-abonnement-a-vol-et-a-hotel-sur-les-vols-ne-coute-que-70-en-ce-moment-pour-la-vie\/#breadcrumb\"},\"inLanguage\":\"fr-BE\",\"potentialAction\":[{\"@type\":\"ReadAction\",\"target\":[\"https:\/\/vieassociative.be\/actualites\/cet-abonnement-a-vol-et-a-hotel-sur-les-vols-ne-coute-que-70-en-ce-moment-pour-la-vie\/\"]}]},{\"@type\":\"ImageObject\",\"inLanguage\":\"fr-BE\",\"@id\":\"https:\/\/vieassociative.be\/actualites\/cet-abonnement-a-vol-et-a-hotel-sur-les-vols-ne-coute-que-70-en-ce-moment-pour-la-vie\/#primaryimage\",\"url\":\"https:\/\/vieassociative.be\/actualites\/wp-content\/uploads\/2025\/03\/Cet-abonnement-a-vol-et-a-hotel-sur-les-vols.png\",\"contentUrl\":\"https:\/\/vieassociative.be\/actualites\/wp-content\/uploads\/2025\/03\/Cet-abonnement-a-vol-et-a-hotel-sur-les-vols.png\",\"width\":1200,\"height\":675,\"caption\":\"Cet abonnement \u00e0 vol et \u00e0 h\u00f4tel sur les vols ne co\u00fbte que 70 $ en ce moment pour la vie\"},{\"@type\":\"BreadcrumbList\",\"@id\":\"https:\/\/vieassociative.be\/actualites\/cet-abonnement-a-vol-et-a-hotel-sur-les-vols-ne-coute-que-70-en-ce-moment-pour-la-vie\/#breadcrumb\",\"itemListElement\":[{\"@type\":\"ListItem\",\"position\":1,\"name\":\"Accueil\",\"item\":\"https:\/\/vieassociative.be\/actualites\/\"},{\"@type\":\"ListItem\",\"position\":2,\"name\":\"Cet abonnement \u00e0 vol et \u00e0 h\u00f4tel sur les vols ne co\u00fbte que 70 $ en ce moment pour la vie\"}]},{\"@type\":\"WebSite\",\"@id\":\"https:\/\/vieassociative.be\/actualites\/#website\",\"url\":\"https:\/\/vieassociative.be\/actualites\/\",\"name\":\"Vie Associative\",\"description\":\"\",\"publisher\":{\"@id\":\"https:\/\/vieassociative.be\/actualites\/#organization\"},\"potentialAction\":[{\"@type\":\"SearchAction\",\"target\":{\"@type\":\"EntryPoint\",\"urlTemplate\":\"https:\/\/vieassociative.be\/actualites\/?s={search_term_string}\"},\"query-input\":{\"@type\":\"PropertyValueSpecification\",\"valueRequired\":true,\"valueName\":\"search_term_string\"}}],\"inLanguage\":\"fr-BE\"},{\"@type\":\"Organization\",\"@id\":\"https:\/\/vieassociative.be\/actualites\/#organization\",\"name\":\"Vie Associative\",\"url\":\"https:\/\/vieassociative.be\/actualites\/\",\"logo\":{\"@type\":\"ImageObject\",\"inLanguage\":\"fr-BE\",\"@id\":\"https:\/\/vieassociative.be\/actualites\/#\/schema\/logo\/image\/\",\"url\":\"https:\/\/vieassociative.be\/actualites\/wp-content\/uploads\/2024\/09\/cropped-vieassociative_favicon.ico.png\",\"contentUrl\":\"https:\/\/vieassociative.be\/actualites\/wp-content\/uploads\/2024\/09\/cropped-vieassociative_favicon.ico.png\",\"width\":512,\"height\":512,\"caption\":\"Vie Associative\"},\"image\":{\"@id\":\"https:\/\/vieassociative.be\/actualites\/#\/schema\/logo\/image\/\"}},{\"@type\":\"Person\",\"@id\":\"https:\/\/vieassociative.be\/actualites\/#\/schema\/person\/b87ac4f82f9d4e7b7cec7395b679edc4\",\"name\":\"Julien\",\"image\":{\"@type\":\"ImageObject\",\"inLanguage\":\"fr-BE\",\"@id\":\"https:\/\/vieassociative.be\/actualites\/#\/schema\/person\/image\/\",\"url\":\"https:\/\/vieassociative.be\/actualites\/wp-content\/uploads\/2024\/09\/vie-associative-1-150x150.jpg\",\"contentUrl\":\"https:\/\/vieassociative.be\/actualites\/wp-content\/uploads\/2024\/09\/vie-associative-1-150x150.jpg\",\"caption\":\"Julien\"},\"description\":\"Je suis Julien, r\u00e9dacteur pour Vie Associative. Passionn\u00e9 par le monde associatif depuis plus de 10 ans, j'ai \u00e0 c\u0153ur de partager des histoires inspirantes et de mettre en lumi\u00e8re les initiatives locales. Mon objectif est de sensibiliser et d'encourager l'engagement communautaire \u00e0 travers mes articles.\",\"sameAs\":[\"https:\/\/vieassociative.be\/\"]}]}<\/script>\n<!-- \/ Yoast SEO plugin. -->","yoast_head_json":{"title":"Cet abonnement \u00e0 vol et \u00e0 h\u00f4tel sur les vols ne co\u00fbte que 70 $ en ce moment pour la vie | Vie Associative","robots":{"index":"index","follow":"follow","max-snippet":"max-snippet:-1","max-image-preview":"max-image-preview:large","max-video-preview":"max-video-preview:-1"},"canonical":"https:\/\/vieassociative.be\/actualites\/cet-abonnement-a-vol-et-a-hotel-sur-les-vols-ne-coute-que-70-en-ce-moment-pour-la-vie\/","og_locale":"fr_FR","og_type":"article","og_title":"Cet abonnement \u00e0 vol et \u00e0 h\u00f4tel sur les vols ne co\u00fbte que 70 $ en ce moment pour la vie | Vie Associative","og_description":"OneAir vous envoie des notifications en temps r\u00e9el lorsqu&rsquo;un accord qui correspond \u00e0 vos pr\u00e9f\u00e9rences de voyage appara\u00eet. Les offres de voyage peuvent \u00eatre touch\u00e9es","og_url":"https:\/\/vieassociative.be\/actualites\/cet-abonnement-a-vol-et-a-hotel-sur-les-vols-ne-coute-que-70-en-ce-moment-pour-la-vie\/","og_site_name":"Vie Associative","article_published_time":"2025-03-18T01:17:27+00:00","og_image":[{"width":279,"height":92,"url":"https:\/\/vieassociative.be\/actualites\/wp-content\/uploads\/2024\/09\/header_backgroundk-01-e1726694325946.png","type":"image\/png"}],"author":"Julien","twitter_card":"summary_large_image","twitter_misc":{"\u00c9crit par":"Julien","Dur\u00e9e de lecture est.":"2 minutes"},"schema":{"@context":"https:\/\/schema.org","@graph":[{"@type":"Article","@id":"https:\/\/vieassociative.be\/actualites\/cet-abonnement-a-vol-et-a-hotel-sur-les-vols-ne-coute-que-70-en-ce-moment-pour-la-vie\/#article","isPartOf":{"@id":"https:\/\/vieassociative.be\/actualites\/cet-abonnement-a-vol-et-a-hotel-sur-les-vols-ne-coute-que-70-en-ce-moment-pour-la-vie\/"},"author":{"name":"Julien","@id":"https:\/\/vieassociative.be\/actualites\/#\/schema\/person\/b87ac4f82f9d4e7b7cec7395b679edc4"},"headline":"Cet abonnement \u00e0 vol et \u00e0 h\u00f4tel sur les vols ne co\u00fbte que 70 $ en ce moment pour la vie","datePublished":"2025-03-18T01:17:27+00:00","dateModified":"2025-03-18T01:17:27+00:00","mainEntityOfPage":{"@id":"https:\/\/vieassociative.be\/actualites\/cet-abonnement-a-vol-et-a-hotel-sur-les-vols-ne-coute-que-70-en-ce-moment-pour-la-vie\/"},"wordCount":399,"publisher":{"@id":"https:\/\/vieassociative.be\/actualites\/#organization"},"image":{"@id":"https:\/\/vieassociative.be\/actualites\/cet-abonnement-a-vol-et-a-hotel-sur-les-vols-ne-coute-que-70-en-ce-moment-pour-la-vie\/#primaryimage"},"thumbnailUrl":"https:\/\/vieassociative.be\/actualites\/wp-content\/uploads\/2025\/03\/Cet-abonnement-a-vol-et-a-hotel-sur-les-vols.png","keywords":["abonnement","cet","co\u00fbte","h\u00f4tel","Les","moment","pour","sur","vie","vol","Vols"],"articleSection":["Argent"],"inLanguage":"fr-BE"},{"@type":"WebPage","@id":"https:\/\/vieassociative.be\/actualites\/cet-abonnement-a-vol-et-a-hotel-sur-les-vols-ne-coute-que-70-en-ce-moment-pour-la-vie\/","url":"https:\/\/vieassociative.be\/actualites\/cet-abonnement-a-vol-et-a-hotel-sur-les-vols-ne-coute-que-70-en-ce-moment-pour-la-vie\/","name":"Cet abonnement \u00e0 vol et \u00e0 h\u00f4tel sur les vols ne co\u00fbte que 70 $ en ce moment pour la vie | Vie Associative","isPartOf":{"@id":"https:\/\/vieassociative.be\/actualites\/#website"},"primaryImageOfPage":{"@id":"https:\/\/vieassociative.be\/actualites\/cet-abonnement-a-vol-et-a-hotel-sur-les-vols-ne-coute-que-70-en-ce-moment-pour-la-vie\/#primaryimage"},"image":{"@id":"https:\/\/vieassociative.be\/actualites\/cet-abonnement-a-vol-et-a-hotel-sur-les-vols-ne-coute-que-70-en-ce-moment-pour-la-vie\/#primaryimage"},"thumbnailUrl":"https:\/\/vieassociative.be\/actualites\/wp-content\/uploads\/2025\/03\/Cet-abonnement-a-vol-et-a-hotel-sur-les-vols.png","datePublished":"2025-03-18T01:17:27+00:00","dateModified":"2025-03-18T01:17:27+00:00","breadcrumb":{"@id":"https:\/\/vieassociative.be\/actualites\/cet-abonnement-a-vol-et-a-hotel-sur-les-vols-ne-coute-que-70-en-ce-moment-pour-la-vie\/#breadcrumb"},"inLanguage":"fr-BE","potentialAction":[{"@type":"ReadAction","target":["https:\/\/vieassociative.be\/actualites\/cet-abonnement-a-vol-et-a-hotel-sur-les-vols-ne-coute-que-70-en-ce-moment-pour-la-vie\/"]}]},{"@type":"ImageObject","inLanguage":"fr-BE","@id":"https:\/\/vieassociative.be\/actualites\/cet-abonnement-a-vol-et-a-hotel-sur-les-vols-ne-coute-que-70-en-ce-moment-pour-la-vie\/#primaryimage","url":"https:\/\/vieassociative.be\/actualites\/wp-content\/uploads\/2025\/03\/Cet-abonnement-a-vol-et-a-hotel-sur-les-vols.png","contentUrl":"https:\/\/vieassociative.be\/actualites\/wp-content\/uploads\/2025\/03\/Cet-abonnement-a-vol-et-a-hotel-sur-les-vols.png","width":1200,"height":675,"caption":"Cet abonnement \u00e0 vol et \u00e0 h\u00f4tel sur les vols ne co\u00fbte que 70 $ en ce moment pour la vie"},{"@type":"BreadcrumbList","@id":"https:\/\/vieassociative.be\/actualites\/cet-abonnement-a-vol-et-a-hotel-sur-les-vols-ne-coute-que-70-en-ce-moment-pour-la-vie\/#breadcrumb","itemListElement":[{"@type":"ListItem","position":1,"name":"Accueil","item":"https:\/\/vieassociative.be\/actualites\/"},{"@type":"ListItem","position":2,"name":"Cet abonnement \u00e0 vol et \u00e0 h\u00f4tel sur les vols ne co\u00fbte que 70 $ en ce moment pour la vie"}]},{"@type":"WebSite","@id":"https:\/\/vieassociative.be\/actualites\/#website","url":"https:\/\/vieassociative.be\/actualites\/","name":"Vie Associative","description":"","publisher":{"@id":"https:\/\/vieassociative.be\/actualites\/#organization"},"potentialAction":[{"@type":"SearchAction","target":{"@type":"EntryPoint","urlTemplate":"https:\/\/vieassociative.be\/actualites\/?s={search_term_string}"},"query-input":{"@type":"PropertyValueSpecification","valueRequired":true,"valueName":"search_term_string"}}],"inLanguage":"fr-BE"},{"@type":"Organization","@id":"https:\/\/vieassociative.be\/actualites\/#organization","name":"Vie Associative","url":"https:\/\/vieassociative.be\/actualites\/","logo":{"@type":"ImageObject","inLanguage":"fr-BE","@id":"https:\/\/vieassociative.be\/actualites\/#\/schema\/logo\/image\/","url":"https:\/\/vieassociative.be\/actualites\/wp-content\/uploads\/2024\/09\/cropped-vieassociative_favicon.ico.png","contentUrl":"https:\/\/vieassociative.be\/actualites\/wp-content\/uploads\/2024\/09\/cropped-vieassociative_favicon.ico.png","width":512,"height":512,"caption":"Vie Associative"},"image":{"@id":"https:\/\/vieassociative.be\/actualites\/#\/schema\/logo\/image\/"}},{"@type":"Person","@id":"https:\/\/vieassociative.be\/actualites\/#\/schema\/person\/b87ac4f82f9d4e7b7cec7395b679edc4","name":"Julien","image":{"@type":"ImageObject","inLanguage":"fr-BE","@id":"https:\/\/vieassociative.be\/actualites\/#\/schema\/person\/image\/","url":"https:\/\/vieassociative.be\/actualites\/wp-content\/uploads\/2024\/09\/vie-associative-1-150x150.jpg","contentUrl":"https:\/\/vieassociative.be\/actualites\/wp-content\/uploads\/2024\/09\/vie-associative-1-150x150.jpg","caption":"Julien"},"description":"Je suis Julien, r\u00e9dacteur pour Vie Associative. Passionn\u00e9 par le monde associatif depuis plus de 10 ans, j'ai \u00e0 c\u0153ur de partager des histoires inspirantes et de mettre en lumi\u00e8re les initiatives locales. Mon objectif est de sensibiliser et d'encourager l'engagement communautaire \u00e0 travers mes articles.","sameAs":["https:\/\/vieassociative.be\/"]}]}},"_links":{"self":[{"href":"https:\/\/vieassociative.be\/actualites\/wp-json\/wp\/v2\/posts\/5958"}],"collection":[{"href":"https:\/\/vieassociative.be\/actualites\/wp-json\/wp\/v2\/posts"}],"about":[{"href":"https:\/\/vieassociative.be\/actualites\/wp-json\/wp\/v2\/types\/post"}],"author":[{"embeddable":true,"href":"https:\/\/vieassociative.be\/actualites\/wp-json\/wp\/v2\/users\/1"}],"replies":[{"embeddable":true,"href":"https:\/\/vieassociative.be\/actualites\/wp-json\/wp\/v2\/comments?post=5958"}],"version-history":[{"count":0,"href":"https:\/\/vieassociative.be\/actualites\/wp-json\/wp\/v2\/posts\/5958\/revisions"}],"wp:featuredmedia":[{"embeddable":true,"href":"https:\/\/vieassociative.be\/actualites\/wp-json\/wp\/v2\/media\/5959"}],"wp:attachment":[{"href":"https:\/\/vieassociative.be\/actualites\/wp-json\/wp\/v2\/media?parent=5958"}],"wp:term":[{"taxonomy":"category","embeddable":true,"href":"https:\/\/vieassociative.be\/actualites\/wp-json\/wp\/v2\/categories?post=5958"},{"taxonomy":"post_tag","embeddable":true,"href":"https:\/\/vieassociative.be\/actualites\/wp-json\/wp\/v2\/tags?post=5958"}],"curies":[{"name":"wp","href":"https:\/\/api.w.org\/{rel}","templated":true}]}}