{"id":5955,"date":"2025-03-17T21:24:40","date_gmt":"2025-03-17T20:24:40","guid":{"rendered":"https:\/\/vieassociative.be\/actualites\/extraction-de-bureaucratie-et-aide-pour-les-jeunes-agriculteurs-le-commissaire-de-lue-hansen-en-tant-quinvite-de-la-belgique-orientale\/"},"modified":"2025-03-17T21:24:40","modified_gmt":"2025-03-17T20:24:40","slug":"extraction-de-bureaucratie-et-aide-pour-les-jeunes-agriculteurs-le-commissaire-de-lue-hansen-en-tant-quinvite-de-la-belgique-orientale","status":"publish","type":"post","link":"https:\/\/vieassociative.be\/actualites\/extraction-de-bureaucratie-et-aide-pour-les-jeunes-agriculteurs-le-commissaire-de-lue-hansen-en-tant-quinvite-de-la-belgique-orientale\/","title":{"rendered":"Extraction de bureaucratie et aide pour les jeunes agriculteurs: le commissaire de l&rsquo;UE, Hansen, en tant qu&rsquo;invit\u00e9 de la Belgique orientale"},"content":{"rendered":"<p><strong>Lors de l&rsquo;invitation de l&rsquo;Est de l&rsquo;UE, le d\u00e9put\u00e9 de l&rsquo;UE Pascal Arimont (CSP-EVP) et en collaboration avec la East Belgian Farmers &lsquo;Association, l&rsquo;Association allemande des agriculteurs et les gagnants de Rh\u00e9nanie-Nassau et la Luxembourg Agriculture Association \u00ab\u00a0Central Payanne\u00a0\u00bb, le commissaire de l&rsquo;UE, le commissaire de l&rsquo;UE, a \u00e9t\u00e9 le dernier vendredi.<\/strong><\/p>\n<p><span id=\"more-411387\"><\/span>\u00c0 l&rsquo;ordre du jour de la visite de Kommissar, il y a eu un \u00e9v\u00e9nement de discussion \u00e0 Worriken et la visite de la soci\u00e9t\u00e9 agricole \u00ab\u00a0Ketten&rsquo;s Farm\u00a0\u00bb \u00e0 Weywertz.<\/p>\n<p>Lors de l&rsquo;\u00e9v\u00e9nement public du Sports and Holiday Center Worriken, le commissaire de l&rsquo;UE au Luxembourg a pr\u00e9sent\u00e9 sa \u00abvision de l&rsquo;agriculture\u00bb r\u00e9cemment adopt\u00e9e devant environ 200 spectateurs.<\/p>\n<div id=\"attachment_411393\" class=\"wp-caption alignleft\" style=\"max-width: 300px\"><img fetchpriority=\"high\" decoding=\"async\" class=\"wp-image-411393 size-medium\" src=\"https:\/\/vieassociative.be\/actualites\/wp-content\/uploads\/2025\/03\/Extraction-de-bureaucratie-et-aide-pour-les-jeunes-agriculteurs-le.jpg\" alt=\"\" width=\"300\" height=\"200\"  ><\/p>\n<p class=\"wp-caption-text\">Christophe Hansen (L) et Pascal Arimont (M) avec le ministre du Luxembourg de l&rsquo;Agriculture Martine Hansen. Photo: Pascal Arimont Office<\/p>\n<\/div>\n<p>La vision est un calendrier pour la politique agricole europ\u00e9enne jusqu&rsquo;en 2040. Hansen a soulign\u00e9 que la r\u00e9duction de la bureaucratie pour les agriculteurs deviendrait un point central de sa politique. Ceci est essentiel pour rendre l&rsquo;agriculteur plus attrayant. Dans ce contexte, le commissaire Hansen a pr\u00e9sent\u00e9 un premier package de secours en avril.<\/p>\n<p>Un autre objectif est d&rsquo;un meilleur soutien des jeunes agriculteurs. Aujourd&rsquo;hui, chaque deuxi\u00e8me ferme n&rsquo;a pas de successeur en Belgique et seulement environ douze pour cent des agriculteurs de l&rsquo;UE ont moins de 40 ans &#8211; un fait qui s&rsquo;inqui\u00e8te de la s\u00e9curit\u00e9 nutritionnelle de l&rsquo;avenir. Selon Hansen, un \u00e9l\u00e9ment important est de planifier la s\u00e9curit\u00e9. Il est important de pouvoir faire des investissements \u00e0 long terme, c&rsquo;est pourquoi les directives europ\u00e9ennes et nationales ne devraient pas changer radicalement tous les sept ans.<\/p>\n<p>Apr\u00e8s la conf\u00e9rence, le commissaire de l&rsquo;UE a discut\u00e9 des d\u00e9fis transfrontaliers de l&rsquo;agriculture r\u00e9gionale avec des repr\u00e9sentants des associations de producteurs de Belgique, Luxembourg et Allemagne.<\/p>\n<div id=\"attachment_411409\" class=\"wp-caption alignleft\" style=\"max-width: 300px\"><img decoding=\"async\" class=\"wp-image-411409 size-medium\" src=\"https:\/\/vieassociative.be\/actualites\/wp-content\/uploads\/2025\/03\/1742243080_489_Extraction-de-bureaucratie-et-aide-pour-les-jeunes-agriculteurs-le.jpg\" alt=\"\" width=\"300\" height=\"200\"  ><\/p>\n<p class=\"wp-caption-text\">Le d\u00e9put\u00e9 de l&rsquo;UE Belge oriental Pascal Arimont dans son discours accueillant. Photo: Pascal Arimont Office<\/p>\n<\/div>\n<p>Stefan Fiedler (vice-pr\u00e9sident et pr\u00e9sident de district de la Rh\u00e9nanie et de la Wine Association Royale-Nassau), Lode Ceysens (pr\u00e9sident du Boerenbond), Christian Wester (pr\u00e9sident de la Payanne Central Luxembourgeoise) et Raschad al-Khafaji (Organisation pour la nourriture et l&rsquo;agriculture des nations unies) \u00e9taient sur le stade en tant que repr\u00e9sentant.<\/p>\n<p>L&rsquo;\u00e9v\u00e9nement a \u00e9galement rencontr\u00e9 un int\u00e9r\u00eat anim\u00e9 de la part de la politique r\u00e9gionale. En plus du ministre de l&rsquo;Agriculture dans la r\u00e9gion de Walloon, Anne-Catherine Dalcq, et le ministre de l&rsquo;Agriculture du Grand Duch\u00e9 du Luxembourg, Martine Hansen, \u00e9taient pr\u00e9sents de nombreux politiciens locaux. Ceux-ci n&rsquo;ont pas manqu\u00e9 l&rsquo;occasion de visiter la ferme \u00abKetten&rsquo;s Farm\u00bb de la famille Heinen \u00e0 Weywertz avec le commissaire.<\/p>\n<p>L&rsquo;op\u00e9ration agricole avec environ 300 vaches repr\u00e9sente la posture des produits laitiers et des prairies belges orientaux.<\/p>\n<div id=\"attachment_411394\" class=\"wp-caption alignleft\" style=\"max-width: 300px\"><img decoding=\"async\" class=\"wp-image-411394 size-medium\" src=\"https:\/\/vieassociative.be\/actualites\/wp-content\/uploads\/2025\/03\/1742243080_947_Extraction-de-bureaucratie-et-aide-pour-les-jeunes-agriculteurs-le.jpg\" alt=\"\" width=\"300\" height=\"200\"  ><\/p>\n<p class=\"wp-caption-text\">En dialogue dans la ferme de Ketten avec le propri\u00e9taire de la ferme Andreas Heinen (L). Photo: Pascal Arimont Office<\/p>\n<\/div>\n<p>\u00abCe fut un honneur sp\u00e9cial de pouvoir accueillir le commissaire de l&rsquo;UE responsable de l&rsquo;agriculture au d\u00e9but de son mandat dans notre maison. Nous avons profit\u00e9 de l&rsquo;occasion pour mettre les \u00e9l\u00e9ments qui sont importants pour nous et notre r\u00e9gion frontali\u00e8re avant de pr\u00e9parer la nouvelle politique agricole commune (GAP). Plus pr\u00e9cis\u00e9ment, il existe un meilleur soutien pour les soci\u00e9t\u00e9s agricoles de petite et moyenne taille et la baisse n\u00e9cessaire des exigences bureaucratiques. Christophe Hansen est une bonne connaissance de notre r\u00e9gion frontali\u00e8re, qui conna\u00eet tr\u00e8s bien les pr\u00e9occupations et les exigences des agriculteurs locaux. C&rsquo;est une bonne chose pour notre r\u00e9gion et nos agriculteurs d&rsquo;avoir un contact direct dans la Commission de l&rsquo;UE en lui \u00bb, a pris le d\u00e9put\u00e9 de l&rsquo;UE Belge de l&rsquo;Est Pascal Arimont apr\u00e8s sa visite.<\/p>\n","protected":false},"excerpt":{"rendered":"<p>Lors de l&rsquo;invitation de l&rsquo;Est de l&rsquo;UE, le d\u00e9put\u00e9 de l&rsquo;UE Pascal Arimont (CSP-EVP) et en collaboration avec la East Belgian Farmers &lsquo;Association, l&rsquo;Association allemande<\/p>\n","protected":false},"author":1,"featured_media":5956,"comment_status":"","ping_status":"","sticky":false,"template":"","format":"standard","meta":{"footnotes":""},"categories":[298],"tags":[3061,4332,383,5017,5765,5902,5767,5859,14,3578,2717,81,5768,1745],"class_list":["post-5955","post","type-post","status-publish","format-standard","has-post-thumbnail","hentry","category-belgique","tag-agriculteurs","tag-aide","tag-belgique","tag-bureaucratie","tag-commissaire","tag-extraction","tag-hansen","tag-jeunes","tag-les","tag-lue","tag-orientale","tag-pour","tag-quinvite","tag-tant","generate-columns","tablet-grid-50","mobile-grid-100","grid-parent","grid-33"],"yoast_head":"<!-- This site is optimized with the Yoast SEO plugin v24.0 - https:\/\/yoast.com\/wordpress\/plugins\/seo\/ -->\n<title>Extraction de bureaucratie et aide pour les jeunes agriculteurs: le commissaire de l&#039;UE, Hansen, en tant qu&#039;invit\u00e9 de la Belgique orientale | Vie Associative<\/title>\n<meta name=\"robots\" content=\"index, follow, max-snippet:-1, max-image-preview:large, max-video-preview:-1\" \/>\n<link rel=\"canonical\" href=\"https:\/\/vieassociative.be\/actualites\/extraction-de-bureaucratie-et-aide-pour-les-jeunes-agriculteurs-le-commissaire-de-lue-hansen-en-tant-quinvite-de-la-belgique-orientale\/\" \/>\n<meta property=\"og:locale\" content=\"fr_FR\" \/>\n<meta property=\"og:type\" content=\"article\" \/>\n<meta property=\"og:title\" content=\"Extraction de bureaucratie et aide pour les jeunes agriculteurs: le commissaire de l&#039;UE, Hansen, en tant qu&#039;invit\u00e9 de la Belgique orientale | Vie Associative\" \/>\n<meta property=\"og:description\" content=\"Lors de l&rsquo;invitation de l&rsquo;Est de l&rsquo;UE, le d\u00e9put\u00e9 de l&rsquo;UE Pascal Arimont (CSP-EVP) et en collaboration avec la East Belgian Farmers &lsquo;Association, l&rsquo;Association allemande\" \/>\n<meta property=\"og:url\" content=\"https:\/\/vieassociative.be\/actualites\/extraction-de-bureaucratie-et-aide-pour-les-jeunes-agriculteurs-le-commissaire-de-lue-hansen-en-tant-quinvite-de-la-belgique-orientale\/\" \/>\n<meta property=\"og:site_name\" content=\"Vie Associative\" \/>\n<meta property=\"article:published_time\" content=\"2025-03-17T20:24:40+00:00\" \/>\n<meta property=\"og:image\" content=\"https:\/\/vieassociative.be\/actualites\/wp-content\/uploads\/2024\/09\/header_backgroundk-01-e1726694325946.png\" \/>\n\t<meta property=\"og:image:width\" content=\"279\" \/>\n\t<meta property=\"og:image:height\" content=\"92\" \/>\n\t<meta property=\"og:image:type\" content=\"image\/png\" \/>\n<meta name=\"author\" content=\"Julien\" \/>\n<meta name=\"twitter:card\" content=\"summary_large_image\" \/>\n<meta name=\"twitter:label1\" content=\"\u00c9crit par\" \/>\n\t<meta name=\"twitter:data1\" content=\"Julien\" \/>\n\t<meta name=\"twitter:label2\" content=\"Dur\u00e9e de lecture est.\" \/>\n\t<meta name=\"twitter:data2\" content=\"3 minutes\" \/>\n<script type=\"application\/ld+json\" class=\"yoast-schema-graph\">{\"@context\":\"https:\/\/schema.org\",\"@graph\":[{\"@type\":\"Article\",\"@id\":\"https:\/\/vieassociative.be\/actualites\/extraction-de-bureaucratie-et-aide-pour-les-jeunes-agriculteurs-le-commissaire-de-lue-hansen-en-tant-quinvite-de-la-belgique-orientale\/#article\",\"isPartOf\":{\"@id\":\"https:\/\/vieassociative.be\/actualites\/extraction-de-bureaucratie-et-aide-pour-les-jeunes-agriculteurs-le-commissaire-de-lue-hansen-en-tant-quinvite-de-la-belgique-orientale\/\"},\"author\":{\"name\":\"Julien\",\"@id\":\"https:\/\/vieassociative.be\/actualites\/#\/schema\/person\/b87ac4f82f9d4e7b7cec7395b679edc4\"},\"headline\":\"Extraction de bureaucratie et aide pour les jeunes agriculteurs: le commissaire de l&rsquo;UE, Hansen, en tant qu&rsquo;invit\u00e9 de la Belgique orientale\",\"datePublished\":\"2025-03-17T20:24:40+00:00\",\"dateModified\":\"2025-03-17T20:24:40+00:00\",\"mainEntityOfPage\":{\"@id\":\"https:\/\/vieassociative.be\/actualites\/extraction-de-bureaucratie-et-aide-pour-les-jeunes-agriculteurs-le-commissaire-de-lue-hansen-en-tant-quinvite-de-la-belgique-orientale\/\"},\"wordCount\":703,\"publisher\":{\"@id\":\"https:\/\/vieassociative.be\/actualites\/#organization\"},\"image\":{\"@id\":\"https:\/\/vieassociative.be\/actualites\/extraction-de-bureaucratie-et-aide-pour-les-jeunes-agriculteurs-le-commissaire-de-lue-hansen-en-tant-quinvite-de-la-belgique-orientale\/#primaryimage\"},\"thumbnailUrl\":\"https:\/\/vieassociative.be\/actualites\/wp-content\/uploads\/2025\/03\/Extraction-de-bureaucratie-et-aide-pour-les-jeunes-agriculteurs-le.jpeg\",\"keywords\":[\"agriculteurs\",\"aid\u00e9\",\"Belgique\",\"bureaucratie\",\"commissaire\",\"Extraction\",\"Hansen\",\"jeunes\",\"Les\",\"LUE\",\"orientale\",\"pour\",\"quinvit\u00e9\",\"tant\"],\"articleSection\":[\"Belgique\"],\"inLanguage\":\"fr-BE\"},{\"@type\":\"WebPage\",\"@id\":\"https:\/\/vieassociative.be\/actualites\/extraction-de-bureaucratie-et-aide-pour-les-jeunes-agriculteurs-le-commissaire-de-lue-hansen-en-tant-quinvite-de-la-belgique-orientale\/\",\"url\":\"https:\/\/vieassociative.be\/actualites\/extraction-de-bureaucratie-et-aide-pour-les-jeunes-agriculteurs-le-commissaire-de-lue-hansen-en-tant-quinvite-de-la-belgique-orientale\/\",\"name\":\"Extraction de bureaucratie et aide pour les jeunes agriculteurs: le commissaire de l'UE, Hansen, en tant qu'invit\u00e9 de la Belgique orientale | Vie Associative\",\"isPartOf\":{\"@id\":\"https:\/\/vieassociative.be\/actualites\/#website\"},\"primaryImageOfPage\":{\"@id\":\"https:\/\/vieassociative.be\/actualites\/extraction-de-bureaucratie-et-aide-pour-les-jeunes-agriculteurs-le-commissaire-de-lue-hansen-en-tant-quinvite-de-la-belgique-orientale\/#primaryimage\"},\"image\":{\"@id\":\"https:\/\/vieassociative.be\/actualites\/extraction-de-bureaucratie-et-aide-pour-les-jeunes-agriculteurs-le-commissaire-de-lue-hansen-en-tant-quinvite-de-la-belgique-orientale\/#primaryimage\"},\"thumbnailUrl\":\"https:\/\/vieassociative.be\/actualites\/wp-content\/uploads\/2025\/03\/Extraction-de-bureaucratie-et-aide-pour-les-jeunes-agriculteurs-le.jpeg\",\"datePublished\":\"2025-03-17T20:24:40+00:00\",\"dateModified\":\"2025-03-17T20:24:40+00:00\",\"breadcrumb\":{\"@id\":\"https:\/\/vieassociative.be\/actualites\/extraction-de-bureaucratie-et-aide-pour-les-jeunes-agriculteurs-le-commissaire-de-lue-hansen-en-tant-quinvite-de-la-belgique-orientale\/#breadcrumb\"},\"inLanguage\":\"fr-BE\",\"potentialAction\":[{\"@type\":\"ReadAction\",\"target\":[\"https:\/\/vieassociative.be\/actualites\/extraction-de-bureaucratie-et-aide-pour-les-jeunes-agriculteurs-le-commissaire-de-lue-hansen-en-tant-quinvite-de-la-belgique-orientale\/\"]}]},{\"@type\":\"ImageObject\",\"inLanguage\":\"fr-BE\",\"@id\":\"https:\/\/vieassociative.be\/actualites\/extraction-de-bureaucratie-et-aide-pour-les-jeunes-agriculteurs-le-commissaire-de-lue-hansen-en-tant-quinvite-de-la-belgique-orientale\/#primaryimage\",\"url\":\"https:\/\/vieassociative.be\/actualites\/wp-content\/uploads\/2025\/03\/Extraction-de-bureaucratie-et-aide-pour-les-jeunes-agriculteurs-le.jpeg\",\"contentUrl\":\"https:\/\/vieassociative.be\/actualites\/wp-content\/uploads\/2025\/03\/Extraction-de-bureaucratie-et-aide-pour-les-jeunes-agriculteurs-le.jpeg\",\"width\":1200,\"height\":800,\"caption\":\"Extraction de bureaucratie et aide pour les jeunes agriculteurs: le commissaire de l'UE, Hansen, en tant qu'invit\u00e9 de la Belgique orientale\"},{\"@type\":\"BreadcrumbList\",\"@id\":\"https:\/\/vieassociative.be\/actualites\/extraction-de-bureaucratie-et-aide-pour-les-jeunes-agriculteurs-le-commissaire-de-lue-hansen-en-tant-quinvite-de-la-belgique-orientale\/#breadcrumb\",\"itemListElement\":[{\"@type\":\"ListItem\",\"position\":1,\"name\":\"Accueil\",\"item\":\"https:\/\/vieassociative.be\/actualites\/\"},{\"@type\":\"ListItem\",\"position\":2,\"name\":\"Extraction de bureaucratie et aide pour les jeunes agriculteurs: le commissaire de l&rsquo;UE, Hansen, en tant qu&rsquo;invit\u00e9 de la Belgique orientale\"}]},{\"@type\":\"WebSite\",\"@id\":\"https:\/\/vieassociative.be\/actualites\/#website\",\"url\":\"https:\/\/vieassociative.be\/actualites\/\",\"name\":\"Vie Associative\",\"description\":\"\",\"publisher\":{\"@id\":\"https:\/\/vieassociative.be\/actualites\/#organization\"},\"potentialAction\":[{\"@type\":\"SearchAction\",\"target\":{\"@type\":\"EntryPoint\",\"urlTemplate\":\"https:\/\/vieassociative.be\/actualites\/?s={search_term_string}\"},\"query-input\":{\"@type\":\"PropertyValueSpecification\",\"valueRequired\":true,\"valueName\":\"search_term_string\"}}],\"inLanguage\":\"fr-BE\"},{\"@type\":\"Organization\",\"@id\":\"https:\/\/vieassociative.be\/actualites\/#organization\",\"name\":\"Vie Associative\",\"url\":\"https:\/\/vieassociative.be\/actualites\/\",\"logo\":{\"@type\":\"ImageObject\",\"inLanguage\":\"fr-BE\",\"@id\":\"https:\/\/vieassociative.be\/actualites\/#\/schema\/logo\/image\/\",\"url\":\"https:\/\/vieassociative.be\/actualites\/wp-content\/uploads\/2024\/09\/cropped-vieassociative_favicon.ico.png\",\"contentUrl\":\"https:\/\/vieassociative.be\/actualites\/wp-content\/uploads\/2024\/09\/cropped-vieassociative_favicon.ico.png\",\"width\":512,\"height\":512,\"caption\":\"Vie Associative\"},\"image\":{\"@id\":\"https:\/\/vieassociative.be\/actualites\/#\/schema\/logo\/image\/\"}},{\"@type\":\"Person\",\"@id\":\"https:\/\/vieassociative.be\/actualites\/#\/schema\/person\/b87ac4f82f9d4e7b7cec7395b679edc4\",\"name\":\"Julien\",\"image\":{\"@type\":\"ImageObject\",\"inLanguage\":\"fr-BE\",\"@id\":\"https:\/\/vieassociative.be\/actualites\/#\/schema\/person\/image\/\",\"url\":\"https:\/\/vieassociative.be\/actualites\/wp-content\/uploads\/2024\/09\/vie-associative-1-150x150.jpg\",\"contentUrl\":\"https:\/\/vieassociative.be\/actualites\/wp-content\/uploads\/2024\/09\/vie-associative-1-150x150.jpg\",\"caption\":\"Julien\"},\"description\":\"Je suis Julien, r\u00e9dacteur pour Vie Associative. Passionn\u00e9 par le monde associatif depuis plus de 10 ans, j'ai \u00e0 c\u0153ur de partager des histoires inspirantes et de mettre en lumi\u00e8re les initiatives locales. Mon objectif est de sensibiliser et d'encourager l'engagement communautaire \u00e0 travers mes articles.\",\"sameAs\":[\"https:\/\/vieassociative.be\/\"]}]}<\/script>\n<!-- \/ Yoast SEO plugin. -->","yoast_head_json":{"title":"Extraction de bureaucratie et aide pour les jeunes agriculteurs: le commissaire de l'UE, Hansen, en tant qu'invit\u00e9 de la Belgique orientale | Vie Associative","robots":{"index":"index","follow":"follow","max-snippet":"max-snippet:-1","max-image-preview":"max-image-preview:large","max-video-preview":"max-video-preview:-1"},"canonical":"https:\/\/vieassociative.be\/actualites\/extraction-de-bureaucratie-et-aide-pour-les-jeunes-agriculteurs-le-commissaire-de-lue-hansen-en-tant-quinvite-de-la-belgique-orientale\/","og_locale":"fr_FR","og_type":"article","og_title":"Extraction de bureaucratie et aide pour les jeunes agriculteurs: le commissaire de l'UE, Hansen, en tant qu'invit\u00e9 de la Belgique orientale | Vie Associative","og_description":"Lors de l&rsquo;invitation de l&rsquo;Est de l&rsquo;UE, le d\u00e9put\u00e9 de l&rsquo;UE Pascal Arimont (CSP-EVP) et en collaboration avec la East Belgian Farmers &lsquo;Association, l&rsquo;Association allemande","og_url":"https:\/\/vieassociative.be\/actualites\/extraction-de-bureaucratie-et-aide-pour-les-jeunes-agriculteurs-le-commissaire-de-lue-hansen-en-tant-quinvite-de-la-belgique-orientale\/","og_site_name":"Vie Associative","article_published_time":"2025-03-17T20:24:40+00:00","og_image":[{"width":279,"height":92,"url":"https:\/\/vieassociative.be\/actualites\/wp-content\/uploads\/2024\/09\/header_backgroundk-01-e1726694325946.png","type":"image\/png"}],"author":"Julien","twitter_card":"summary_large_image","twitter_misc":{"\u00c9crit par":"Julien","Dur\u00e9e de lecture est.":"3 minutes"},"schema":{"@context":"https:\/\/schema.org","@graph":[{"@type":"Article","@id":"https:\/\/vieassociative.be\/actualites\/extraction-de-bureaucratie-et-aide-pour-les-jeunes-agriculteurs-le-commissaire-de-lue-hansen-en-tant-quinvite-de-la-belgique-orientale\/#article","isPartOf":{"@id":"https:\/\/vieassociative.be\/actualites\/extraction-de-bureaucratie-et-aide-pour-les-jeunes-agriculteurs-le-commissaire-de-lue-hansen-en-tant-quinvite-de-la-belgique-orientale\/"},"author":{"name":"Julien","@id":"https:\/\/vieassociative.be\/actualites\/#\/schema\/person\/b87ac4f82f9d4e7b7cec7395b679edc4"},"headline":"Extraction de bureaucratie et aide pour les jeunes agriculteurs: le commissaire de l&rsquo;UE, Hansen, en tant qu&rsquo;invit\u00e9 de la Belgique orientale","datePublished":"2025-03-17T20:24:40+00:00","dateModified":"2025-03-17T20:24:40+00:00","mainEntityOfPage":{"@id":"https:\/\/vieassociative.be\/actualites\/extraction-de-bureaucratie-et-aide-pour-les-jeunes-agriculteurs-le-commissaire-de-lue-hansen-en-tant-quinvite-de-la-belgique-orientale\/"},"wordCount":703,"publisher":{"@id":"https:\/\/vieassociative.be\/actualites\/#organization"},"image":{"@id":"https:\/\/vieassociative.be\/actualites\/extraction-de-bureaucratie-et-aide-pour-les-jeunes-agriculteurs-le-commissaire-de-lue-hansen-en-tant-quinvite-de-la-belgique-orientale\/#primaryimage"},"thumbnailUrl":"https:\/\/vieassociative.be\/actualites\/wp-content\/uploads\/2025\/03\/Extraction-de-bureaucratie-et-aide-pour-les-jeunes-agriculteurs-le.jpeg","keywords":["agriculteurs","aid\u00e9","Belgique","bureaucratie","commissaire","Extraction","Hansen","jeunes","Les","LUE","orientale","pour","quinvit\u00e9","tant"],"articleSection":["Belgique"],"inLanguage":"fr-BE"},{"@type":"WebPage","@id":"https:\/\/vieassociative.be\/actualites\/extraction-de-bureaucratie-et-aide-pour-les-jeunes-agriculteurs-le-commissaire-de-lue-hansen-en-tant-quinvite-de-la-belgique-orientale\/","url":"https:\/\/vieassociative.be\/actualites\/extraction-de-bureaucratie-et-aide-pour-les-jeunes-agriculteurs-le-commissaire-de-lue-hansen-en-tant-quinvite-de-la-belgique-orientale\/","name":"Extraction de bureaucratie et aide pour les jeunes agriculteurs: le commissaire de l'UE, Hansen, en tant qu'invit\u00e9 de la Belgique orientale | Vie Associative","isPartOf":{"@id":"https:\/\/vieassociative.be\/actualites\/#website"},"primaryImageOfPage":{"@id":"https:\/\/vieassociative.be\/actualites\/extraction-de-bureaucratie-et-aide-pour-les-jeunes-agriculteurs-le-commissaire-de-lue-hansen-en-tant-quinvite-de-la-belgique-orientale\/#primaryimage"},"image":{"@id":"https:\/\/vieassociative.be\/actualites\/extraction-de-bureaucratie-et-aide-pour-les-jeunes-agriculteurs-le-commissaire-de-lue-hansen-en-tant-quinvite-de-la-belgique-orientale\/#primaryimage"},"thumbnailUrl":"https:\/\/vieassociative.be\/actualites\/wp-content\/uploads\/2025\/03\/Extraction-de-bureaucratie-et-aide-pour-les-jeunes-agriculteurs-le.jpeg","datePublished":"2025-03-17T20:24:40+00:00","dateModified":"2025-03-17T20:24:40+00:00","breadcrumb":{"@id":"https:\/\/vieassociative.be\/actualites\/extraction-de-bureaucratie-et-aide-pour-les-jeunes-agriculteurs-le-commissaire-de-lue-hansen-en-tant-quinvite-de-la-belgique-orientale\/#breadcrumb"},"inLanguage":"fr-BE","potentialAction":[{"@type":"ReadAction","target":["https:\/\/vieassociative.be\/actualites\/extraction-de-bureaucratie-et-aide-pour-les-jeunes-agriculteurs-le-commissaire-de-lue-hansen-en-tant-quinvite-de-la-belgique-orientale\/"]}]},{"@type":"ImageObject","inLanguage":"fr-BE","@id":"https:\/\/vieassociative.be\/actualites\/extraction-de-bureaucratie-et-aide-pour-les-jeunes-agriculteurs-le-commissaire-de-lue-hansen-en-tant-quinvite-de-la-belgique-orientale\/#primaryimage","url":"https:\/\/vieassociative.be\/actualites\/wp-content\/uploads\/2025\/03\/Extraction-de-bureaucratie-et-aide-pour-les-jeunes-agriculteurs-le.jpeg","contentUrl":"https:\/\/vieassociative.be\/actualites\/wp-content\/uploads\/2025\/03\/Extraction-de-bureaucratie-et-aide-pour-les-jeunes-agriculteurs-le.jpeg","width":1200,"height":800,"caption":"Extraction de bureaucratie et aide pour les jeunes agriculteurs: le commissaire de l'UE, Hansen, en tant qu'invit\u00e9 de la Belgique orientale"},{"@type":"BreadcrumbList","@id":"https:\/\/vieassociative.be\/actualites\/extraction-de-bureaucratie-et-aide-pour-les-jeunes-agriculteurs-le-commissaire-de-lue-hansen-en-tant-quinvite-de-la-belgique-orientale\/#breadcrumb","itemListElement":[{"@type":"ListItem","position":1,"name":"Accueil","item":"https:\/\/vieassociative.be\/actualites\/"},{"@type":"ListItem","position":2,"name":"Extraction de bureaucratie et aide pour les jeunes agriculteurs: le commissaire de l&rsquo;UE, Hansen, en tant qu&rsquo;invit\u00e9 de la Belgique orientale"}]},{"@type":"WebSite","@id":"https:\/\/vieassociative.be\/actualites\/#website","url":"https:\/\/vieassociative.be\/actualites\/","name":"Vie Associative","description":"","publisher":{"@id":"https:\/\/vieassociative.be\/actualites\/#organization"},"potentialAction":[{"@type":"SearchAction","target":{"@type":"EntryPoint","urlTemplate":"https:\/\/vieassociative.be\/actualites\/?s={search_term_string}"},"query-input":{"@type":"PropertyValueSpecification","valueRequired":true,"valueName":"search_term_string"}}],"inLanguage":"fr-BE"},{"@type":"Organization","@id":"https:\/\/vieassociative.be\/actualites\/#organization","name":"Vie Associative","url":"https:\/\/vieassociative.be\/actualites\/","logo":{"@type":"ImageObject","inLanguage":"fr-BE","@id":"https:\/\/vieassociative.be\/actualites\/#\/schema\/logo\/image\/","url":"https:\/\/vieassociative.be\/actualites\/wp-content\/uploads\/2024\/09\/cropped-vieassociative_favicon.ico.png","contentUrl":"https:\/\/vieassociative.be\/actualites\/wp-content\/uploads\/2024\/09\/cropped-vieassociative_favicon.ico.png","width":512,"height":512,"caption":"Vie Associative"},"image":{"@id":"https:\/\/vieassociative.be\/actualites\/#\/schema\/logo\/image\/"}},{"@type":"Person","@id":"https:\/\/vieassociative.be\/actualites\/#\/schema\/person\/b87ac4f82f9d4e7b7cec7395b679edc4","name":"Julien","image":{"@type":"ImageObject","inLanguage":"fr-BE","@id":"https:\/\/vieassociative.be\/actualites\/#\/schema\/person\/image\/","url":"https:\/\/vieassociative.be\/actualites\/wp-content\/uploads\/2024\/09\/vie-associative-1-150x150.jpg","contentUrl":"https:\/\/vieassociative.be\/actualites\/wp-content\/uploads\/2024\/09\/vie-associative-1-150x150.jpg","caption":"Julien"},"description":"Je suis Julien, r\u00e9dacteur pour Vie Associative. Passionn\u00e9 par le monde associatif depuis plus de 10 ans, j'ai \u00e0 c\u0153ur de partager des histoires inspirantes et de mettre en lumi\u00e8re les initiatives locales. Mon objectif est de sensibiliser et d'encourager l'engagement communautaire \u00e0 travers mes articles.","sameAs":["https:\/\/vieassociative.be\/"]}]}},"_links":{"self":[{"href":"https:\/\/vieassociative.be\/actualites\/wp-json\/wp\/v2\/posts\/5955"}],"collection":[{"href":"https:\/\/vieassociative.be\/actualites\/wp-json\/wp\/v2\/posts"}],"about":[{"href":"https:\/\/vieassociative.be\/actualites\/wp-json\/wp\/v2\/types\/post"}],"author":[{"embeddable":true,"href":"https:\/\/vieassociative.be\/actualites\/wp-json\/wp\/v2\/users\/1"}],"replies":[{"embeddable":true,"href":"https:\/\/vieassociative.be\/actualites\/wp-json\/wp\/v2\/comments?post=5955"}],"version-history":[{"count":0,"href":"https:\/\/vieassociative.be\/actualites\/wp-json\/wp\/v2\/posts\/5955\/revisions"}],"wp:featuredmedia":[{"embeddable":true,"href":"https:\/\/vieassociative.be\/actualites\/wp-json\/wp\/v2\/media\/5956"}],"wp:attachment":[{"href":"https:\/\/vieassociative.be\/actualites\/wp-json\/wp\/v2\/media?parent=5955"}],"wp:term":[{"taxonomy":"category","embeddable":true,"href":"https:\/\/vieassociative.be\/actualites\/wp-json\/wp\/v2\/categories?post=5955"},{"taxonomy":"post_tag","embeddable":true,"href":"https:\/\/vieassociative.be\/actualites\/wp-json\/wp\/v2\/tags?post=5955"}],"curies":[{"name":"wp","href":"https:\/\/api.w.org\/{rel}","templated":true}]}}