{"id":5950,"date":"2025-03-17T15:17:22","date_gmt":"2025-03-17T14:17:22","guid":{"rendered":"https:\/\/vieassociative.be\/actualites\/faction-vivante-dans-le-pdg-pour-lage-legal-minimum-de-16-ans-pour-lutilisation-des-medias-sociaux\/"},"modified":"2025-03-17T15:17:22","modified_gmt":"2025-03-17T14:17:22","slug":"faction-vivante-dans-le-pdg-pour-lage-legal-minimum-de-16-ans-pour-lutilisation-des-medias-sociaux","status":"publish","type":"post","link":"https:\/\/vieassociative.be\/actualites\/faction-vivante-dans-le-pdg-pour-lage-legal-minimum-de-16-ans-pour-lutilisation-des-medias-sociaux\/","title":{"rendered":"Faction vivante dans le PDG pour l&rsquo;\u00e2ge l\u00e9gal minimum de 16 ans pour l&rsquo;utilisation des m\u00e9dias sociaux"},"content":{"rendered":"<p><strong>Apr\u00e8s avoir impos\u00e9 une interdiction g\u00e9n\u00e9rale de t\u00e9l\u00e9phonie mobile dans toutes les \u00e9coles de la DG \u00e0 partir de septembre 2025, le groupe Vivant au Parlement du DG dans une proposition de r\u00e9solution appelle \u00e0 l&rsquo;introduction d&rsquo;un \u00e2ge minimum l\u00e9gal de 16 ans pour l&rsquo;utilisation des m\u00e9dias sociaux.<\/strong><\/p>\n<p><span id=\"more-411365\"><\/span>Cette proposition s&rsquo;adresse au Parlement europ\u00e9en, \u00e0 la Commission europ\u00e9enne, au Conseil des ministres de l&rsquo;UE, au Parlement f\u00e9d\u00e9ral belge, au gouvernement f\u00e9d\u00e9ral et au gouvernement de la DG.<\/p>\n<p>Selon Vivant, la politique a l&rsquo;obligation de prot\u00e9ger contre les jeunes. Les parlementaires vivants Michael Balter, Alain Mertes, Diana Stiel et Elena Peters mettent l&rsquo;accent sur les risques dans leur avis qui sont associ\u00e9s \u00e0 l&rsquo;utilisation croissante des m\u00e9dias sociaux par les enfants et les adolescents.<\/p>\n<div id=\"attachment_406306\" class=\"wp-caption alignleft\" style=\"max-width: 300px\"><img fetchpriority=\"high\" decoding=\"async\" class=\"wp-image-406306 size-medium\" src=\"https:\/\/vieassociative.be\/actualites\/wp-content\/uploads\/2025\/03\/Faction-vivante-dans-le-PDG-pour-lage-legal-minimum-de.jpg\" alt=\"\" width=\"300\" height=\"197\"><\/p>\n<p class=\"wp-caption-text\">19.03.2024, Saxe, Dresde: Le logo de la courte plate-forme vid\u00e9o Tiktok est affich\u00e9 sur un smartphone. Photo: Robert Michael \/ DPA<\/p>\n<\/div>\n<p>\u00abLes \u00e9tudes montrent clairement que les plateformes telles que Tikok, Instagram et Snapchat repr\u00e9sentent des dangers massifs pour la sant\u00e9 mentale et physique des jeunes &#8211; en particulier pour les utilisateurs de moins de 16 ans. Des probl\u00e8mes tels que la cyberintimidation, les blessures \u00e0 la protection des donn\u00e9es et les m\u00e9canismes de type d\u00e9pendance des algorithmes de plate-forme mettent en danger le d\u00e9veloppement sain des jeunes \u00bb, explique un communiqu\u00e9 de presse.<\/p>\n<p>Selon Vivant Tendances, telles que le \u00ab\u00a0parac\u00e9tamol-challenge\u00a0\u00bb r\u00e9cemment circulant sur Tiktok, sont particuli\u00e8rement alarmantes. \u00ab\u00a0Des ph\u00e9nom\u00e8nes aussi dangereux se propagent rapidement et repr\u00e9sentent un danger important pour la sant\u00e9 des jeunes. Des \u00e9v\u00e9nements tragiques tels que des incidents r\u00e9cents en Albanie illustrent \u00e0 quel point l&rsquo;action politique est n\u00e9cessaire.\u00a0\u00bb<\/p>\n<p>L&rsquo;Australie a d\u00e9j\u00e0 d\u00e9livr\u00e9 une loi de mise en sc\u00e8ne qui interdit l&rsquo;utilisation des m\u00e9dias sociaux depuis moins de 16 ans. Vivant consid\u00e8re cette loi comme exemplaire pour la Belgique et l&rsquo;ensemble de l&rsquo;UE. L&rsquo;introduction d&rsquo;une limite d&rsquo;\u00e2ge contraignante est une \u00e9tape n\u00e9cessaire pour assurer efficacement la protection des jeunes dans l&rsquo;espace num\u00e9rique.<\/p>\n<h3>Les exigences centrales de la r\u00e9solution vivante<\/h3>\n<ul>\n<li>D\u00e9termination d&rsquo;un \u00e2ge minimum l\u00e9gal de 16 ans pour l&rsquo;utilisation des m\u00e9dias sociaux.<\/li>\n<li>Obligation des op\u00e9rateurs de plate-forme pour l&rsquo;introduction de syst\u00e8mes de v\u00e9rification d&rsquo;\u00e2ge efficaces.<\/li>\n<li>Les sanctions pour les plateformes qui violent les obligations de v\u00e9rification de l&rsquo;\u00e2ge ou continuent d&rsquo;accorder aux utilisateurs des mineurs.<\/li>\n<li>Promotion des campagnes de reconnaissance pour renforcer l&rsquo;alphab\u00e9tisation des m\u00e9dias des jeunes et la conscience des adultes pour les dangers des m\u00e9dias sociaux.<\/li>\n<li>R\u00e9gulation et contr\u00f4le plus stricts du contenu qui pourrait \u00eatre nocif ou inadapt\u00e9 aux jeunes.<\/li>\n<li>Obligation de transparence les algorithmes de plate-forme afin de refuser aux utilisateurs mineurs l&rsquo;acc\u00e8s \u00e0 un contenu risqu\u00e9.<\/li>\n<li>Soutien \u00e0 la responsabilit\u00e9 parentale gr\u00e2ce \u00e0 un cadre juridique clair &#8211; similaire \u00e0 l&rsquo;alcool, \u00e0 la nicotine ou aux drogues.<\/li>\n<\/ul>\n<div id=\"attachment_411376\" class=\"wp-caption alignnone\" style=\"max-width: 300px\"><img decoding=\"async\" src=\"https:\/\/vieassociative.be\/actualites\/wp-content\/uploads\/2025\/03\/1742221042_149_Faction-vivante-dans-le-PDG-pour-lage-legal-minimum-de.jpg\" alt=\"\" width=\"300\" height=\"200\" class=\"size-medium wp-image-411376\"><\/p>\n<p class=\"wp-caption-text\">Les quatre membres de Vivant de Vivant (de gauche) Elena Peters, Alain Mertes, Michael Balter et Diana Stiel devant le Parlement \u00e0 Eupen. Photo: PDG \/ CK<\/p>\n<\/div>\n<p>Les mesures pr\u00e9c\u00e9dentes du gouvernement telles que l&rsquo;interdiction des smartphones dans les \u00e9coles \u00e0 partir de septembre 2025 sont, selon Vivant, une \u00e9tape de retard et attendue depuis longtemps et inad\u00e9quate. La protection des jeunes ne devrait pas se terminer \u00e0 la porte de l&rsquo;\u00e9cole. Le groupe Vivant appelle le gouvernement de la DG \u00e0 assumer sa responsabilit\u00e9 et \u00e0 travailler activement pour la mise en \u0153uvre de ces mesures au niveau europ\u00e9en et f\u00e9d\u00e9ral.<\/p>\n<p>\u00abIl ne suffit pas d&rsquo;\u00eatre satisfait des mesures symboliques. Nous devons prot\u00e9ger les enfants et les adolescents contre les dangers des m\u00e9dias sociaux dans tous les domaines de la vie. Les politiciens ne sont plus autoris\u00e9s \u00e0 d\u00e9tourner le regard ici \u00bb, demande Elena Peters, l&rsquo;un des initiateurs. \u00ab\u00a0Nous nous attendons \u00e0 ce que le gouvernement devienne non seulement fort pour ces pr\u00e9occupations au niveau europ\u00e9en, mais aussi prendre en consid\u00e9ration les mesures r\u00e9gionales afin de prot\u00e9ger efficacement les enfants et les adolescents des dangers des plateformes num\u00e9riques.\u00a0\u00bb (Cre)<\/p>\n","protected":false},"excerpt":{"rendered":"<p>Apr\u00e8s avoir impos\u00e9 une interdiction g\u00e9n\u00e9rale de t\u00e9l\u00e9phonie mobile dans toutes les \u00e9coles de la DG \u00e0 partir de septembre 2025, le groupe Vivant au<\/p>\n","protected":false},"author":1,"featured_media":5951,"comment_status":"","ping_status":"","sticky":false,"template":"","format":"standard","meta":{"footnotes":""},"categories":[298],"tags":[584,166,29,5900,501,2040,450,2275,5901,2933,81,865,3192],"class_list":["post-5950","post","type-post","status-publish","format-standard","has-post-thumbnail","hentry","category-belgique","tag-ans","tag-dans","tag-des","tag-faction","tag-lage","tag-legal","tag-lutilisation","tag-medias","tag-minimum","tag-pdg","tag-pour","tag-sociaux","tag-vivante","generate-columns","tablet-grid-50","mobile-grid-100","grid-parent","grid-33"],"yoast_head":"<!-- This site is optimized with the Yoast SEO plugin v24.0 - https:\/\/yoast.com\/wordpress\/plugins\/seo\/ -->\n<title>Faction vivante dans le PDG pour l&#039;\u00e2ge l\u00e9gal minimum de 16 ans pour l&#039;utilisation des m\u00e9dias sociaux | Vie Associative<\/title>\n<meta name=\"robots\" content=\"index, follow, max-snippet:-1, max-image-preview:large, max-video-preview:-1\" \/>\n<link rel=\"canonical\" href=\"https:\/\/vieassociative.be\/actualites\/faction-vivante-dans-le-pdg-pour-lage-legal-minimum-de-16-ans-pour-lutilisation-des-medias-sociaux\/\" \/>\n<meta property=\"og:locale\" content=\"fr_FR\" \/>\n<meta property=\"og:type\" content=\"article\" \/>\n<meta property=\"og:title\" content=\"Faction vivante dans le PDG pour l&#039;\u00e2ge l\u00e9gal minimum de 16 ans pour l&#039;utilisation des m\u00e9dias sociaux | Vie Associative\" \/>\n<meta property=\"og:description\" content=\"Apr\u00e8s avoir impos\u00e9 une interdiction g\u00e9n\u00e9rale de t\u00e9l\u00e9phonie mobile dans toutes les \u00e9coles de la DG \u00e0 partir de septembre 2025, le groupe Vivant au\" \/>\n<meta property=\"og:url\" content=\"https:\/\/vieassociative.be\/actualites\/faction-vivante-dans-le-pdg-pour-lage-legal-minimum-de-16-ans-pour-lutilisation-des-medias-sociaux\/\" \/>\n<meta property=\"og:site_name\" content=\"Vie Associative\" \/>\n<meta property=\"article:published_time\" content=\"2025-03-17T14:17:22+00:00\" \/>\n<meta property=\"og:image\" content=\"https:\/\/vieassociative.be\/actualites\/wp-content\/uploads\/2024\/09\/header_backgroundk-01-e1726694325946.png\" \/>\n\t<meta property=\"og:image:width\" content=\"279\" \/>\n\t<meta property=\"og:image:height\" content=\"92\" \/>\n\t<meta property=\"og:image:type\" content=\"image\/png\" \/>\n<meta name=\"author\" content=\"Julien\" \/>\n<meta name=\"twitter:card\" content=\"summary_large_image\" \/>\n<meta name=\"twitter:label1\" content=\"\u00c9crit par\" \/>\n\t<meta name=\"twitter:data1\" content=\"Julien\" \/>\n\t<meta name=\"twitter:label2\" content=\"Dur\u00e9e de lecture est.\" \/>\n\t<meta name=\"twitter:data2\" content=\"3 minutes\" \/>\n<script type=\"application\/ld+json\" class=\"yoast-schema-graph\">{\"@context\":\"https:\/\/schema.org\",\"@graph\":[{\"@type\":\"Article\",\"@id\":\"https:\/\/vieassociative.be\/actualites\/faction-vivante-dans-le-pdg-pour-lage-legal-minimum-de-16-ans-pour-lutilisation-des-medias-sociaux\/#article\",\"isPartOf\":{\"@id\":\"https:\/\/vieassociative.be\/actualites\/faction-vivante-dans-le-pdg-pour-lage-legal-minimum-de-16-ans-pour-lutilisation-des-medias-sociaux\/\"},\"author\":{\"name\":\"Julien\",\"@id\":\"https:\/\/vieassociative.be\/actualites\/#\/schema\/person\/b87ac4f82f9d4e7b7cec7395b679edc4\"},\"headline\":\"Faction vivante dans le PDG pour l&rsquo;\u00e2ge l\u00e9gal minimum de 16 ans pour l&rsquo;utilisation des m\u00e9dias sociaux\",\"datePublished\":\"2025-03-17T14:17:22+00:00\",\"dateModified\":\"2025-03-17T14:17:22+00:00\",\"mainEntityOfPage\":{\"@id\":\"https:\/\/vieassociative.be\/actualites\/faction-vivante-dans-le-pdg-pour-lage-legal-minimum-de-16-ans-pour-lutilisation-des-medias-sociaux\/\"},\"wordCount\":732,\"publisher\":{\"@id\":\"https:\/\/vieassociative.be\/actualites\/#organization\"},\"image\":{\"@id\":\"https:\/\/vieassociative.be\/actualites\/faction-vivante-dans-le-pdg-pour-lage-legal-minimum-de-16-ans-pour-lutilisation-des-medias-sociaux\/#primaryimage\"},\"thumbnailUrl\":\"https:\/\/vieassociative.be\/actualites\/wp-content\/uploads\/2025\/03\/Faction-vivante-dans-le-PDG-pour-lage-legal-minimum-de.jpeg\",\"keywords\":[\"ans\",\"dans\",\"Des\",\"Faction\",\"l\u00e2ge\",\"l\u00e9gal\",\"lutilisation\",\"m\u00e9dias\",\"minimum\",\"PDG\",\"pour\",\"sociaux\",\"vivante\"],\"articleSection\":[\"Belgique\"],\"inLanguage\":\"fr-BE\"},{\"@type\":\"WebPage\",\"@id\":\"https:\/\/vieassociative.be\/actualites\/faction-vivante-dans-le-pdg-pour-lage-legal-minimum-de-16-ans-pour-lutilisation-des-medias-sociaux\/\",\"url\":\"https:\/\/vieassociative.be\/actualites\/faction-vivante-dans-le-pdg-pour-lage-legal-minimum-de-16-ans-pour-lutilisation-des-medias-sociaux\/\",\"name\":\"Faction vivante dans le PDG pour l'\u00e2ge l\u00e9gal minimum de 16 ans pour l'utilisation des m\u00e9dias sociaux | Vie Associative\",\"isPartOf\":{\"@id\":\"https:\/\/vieassociative.be\/actualites\/#website\"},\"primaryImageOfPage\":{\"@id\":\"https:\/\/vieassociative.be\/actualites\/faction-vivante-dans-le-pdg-pour-lage-legal-minimum-de-16-ans-pour-lutilisation-des-medias-sociaux\/#primaryimage\"},\"image\":{\"@id\":\"https:\/\/vieassociative.be\/actualites\/faction-vivante-dans-le-pdg-pour-lage-legal-minimum-de-16-ans-pour-lutilisation-des-medias-sociaux\/#primaryimage\"},\"thumbnailUrl\":\"https:\/\/vieassociative.be\/actualites\/wp-content\/uploads\/2025\/03\/Faction-vivante-dans-le-PDG-pour-lage-legal-minimum-de.jpeg\",\"datePublished\":\"2025-03-17T14:17:22+00:00\",\"dateModified\":\"2025-03-17T14:17:22+00:00\",\"breadcrumb\":{\"@id\":\"https:\/\/vieassociative.be\/actualites\/faction-vivante-dans-le-pdg-pour-lage-legal-minimum-de-16-ans-pour-lutilisation-des-medias-sociaux\/#breadcrumb\"},\"inLanguage\":\"fr-BE\",\"potentialAction\":[{\"@type\":\"ReadAction\",\"target\":[\"https:\/\/vieassociative.be\/actualites\/faction-vivante-dans-le-pdg-pour-lage-legal-minimum-de-16-ans-pour-lutilisation-des-medias-sociaux\/\"]}]},{\"@type\":\"ImageObject\",\"inLanguage\":\"fr-BE\",\"@id\":\"https:\/\/vieassociative.be\/actualites\/faction-vivante-dans-le-pdg-pour-lage-legal-minimum-de-16-ans-pour-lutilisation-des-medias-sociaux\/#primaryimage\",\"url\":\"https:\/\/vieassociative.be\/actualites\/wp-content\/uploads\/2025\/03\/Faction-vivante-dans-le-PDG-pour-lage-legal-minimum-de.jpeg\",\"contentUrl\":\"https:\/\/vieassociative.be\/actualites\/wp-content\/uploads\/2025\/03\/Faction-vivante-dans-le-PDG-pour-lage-legal-minimum-de.jpeg\",\"width\":1000,\"height\":667,\"caption\":\"Faction vivante dans le PDG pour l'\u00e2ge l\u00e9gal minimum de 16 ans pour l'utilisation des m\u00e9dias sociaux\"},{\"@type\":\"BreadcrumbList\",\"@id\":\"https:\/\/vieassociative.be\/actualites\/faction-vivante-dans-le-pdg-pour-lage-legal-minimum-de-16-ans-pour-lutilisation-des-medias-sociaux\/#breadcrumb\",\"itemListElement\":[{\"@type\":\"ListItem\",\"position\":1,\"name\":\"Accueil\",\"item\":\"https:\/\/vieassociative.be\/actualites\/\"},{\"@type\":\"ListItem\",\"position\":2,\"name\":\"Faction vivante dans le PDG pour l&rsquo;\u00e2ge l\u00e9gal minimum de 16 ans pour l&rsquo;utilisation des m\u00e9dias sociaux\"}]},{\"@type\":\"WebSite\",\"@id\":\"https:\/\/vieassociative.be\/actualites\/#website\",\"url\":\"https:\/\/vieassociative.be\/actualites\/\",\"name\":\"Vie Associative\",\"description\":\"\",\"publisher\":{\"@id\":\"https:\/\/vieassociative.be\/actualites\/#organization\"},\"potentialAction\":[{\"@type\":\"SearchAction\",\"target\":{\"@type\":\"EntryPoint\",\"urlTemplate\":\"https:\/\/vieassociative.be\/actualites\/?s={search_term_string}\"},\"query-input\":{\"@type\":\"PropertyValueSpecification\",\"valueRequired\":true,\"valueName\":\"search_term_string\"}}],\"inLanguage\":\"fr-BE\"},{\"@type\":\"Organization\",\"@id\":\"https:\/\/vieassociative.be\/actualites\/#organization\",\"name\":\"Vie Associative\",\"url\":\"https:\/\/vieassociative.be\/actualites\/\",\"logo\":{\"@type\":\"ImageObject\",\"inLanguage\":\"fr-BE\",\"@id\":\"https:\/\/vieassociative.be\/actualites\/#\/schema\/logo\/image\/\",\"url\":\"https:\/\/vieassociative.be\/actualites\/wp-content\/uploads\/2024\/09\/cropped-vieassociative_favicon.ico.png\",\"contentUrl\":\"https:\/\/vieassociative.be\/actualites\/wp-content\/uploads\/2024\/09\/cropped-vieassociative_favicon.ico.png\",\"width\":512,\"height\":512,\"caption\":\"Vie Associative\"},\"image\":{\"@id\":\"https:\/\/vieassociative.be\/actualites\/#\/schema\/logo\/image\/\"}},{\"@type\":\"Person\",\"@id\":\"https:\/\/vieassociative.be\/actualites\/#\/schema\/person\/b87ac4f82f9d4e7b7cec7395b679edc4\",\"name\":\"Julien\",\"image\":{\"@type\":\"ImageObject\",\"inLanguage\":\"fr-BE\",\"@id\":\"https:\/\/vieassociative.be\/actualites\/#\/schema\/person\/image\/\",\"url\":\"https:\/\/vieassociative.be\/actualites\/wp-content\/uploads\/2024\/09\/vie-associative-1-150x150.jpg\",\"contentUrl\":\"https:\/\/vieassociative.be\/actualites\/wp-content\/uploads\/2024\/09\/vie-associative-1-150x150.jpg\",\"caption\":\"Julien\"},\"description\":\"Je suis Julien, r\u00e9dacteur pour Vie Associative. Passionn\u00e9 par le monde associatif depuis plus de 10 ans, j'ai \u00e0 c\u0153ur de partager des histoires inspirantes et de mettre en lumi\u00e8re les initiatives locales. Mon objectif est de sensibiliser et d'encourager l'engagement communautaire \u00e0 travers mes articles.\",\"sameAs\":[\"https:\/\/vieassociative.be\/\"]}]}<\/script>\n<!-- \/ Yoast SEO plugin. -->","yoast_head_json":{"title":"Faction vivante dans le PDG pour l'\u00e2ge l\u00e9gal minimum de 16 ans pour l'utilisation des m\u00e9dias sociaux | Vie Associative","robots":{"index":"index","follow":"follow","max-snippet":"max-snippet:-1","max-image-preview":"max-image-preview:large","max-video-preview":"max-video-preview:-1"},"canonical":"https:\/\/vieassociative.be\/actualites\/faction-vivante-dans-le-pdg-pour-lage-legal-minimum-de-16-ans-pour-lutilisation-des-medias-sociaux\/","og_locale":"fr_FR","og_type":"article","og_title":"Faction vivante dans le PDG pour l'\u00e2ge l\u00e9gal minimum de 16 ans pour l'utilisation des m\u00e9dias sociaux | Vie Associative","og_description":"Apr\u00e8s avoir impos\u00e9 une interdiction g\u00e9n\u00e9rale de t\u00e9l\u00e9phonie mobile dans toutes les \u00e9coles de la DG \u00e0 partir de septembre 2025, le groupe Vivant au","og_url":"https:\/\/vieassociative.be\/actualites\/faction-vivante-dans-le-pdg-pour-lage-legal-minimum-de-16-ans-pour-lutilisation-des-medias-sociaux\/","og_site_name":"Vie Associative","article_published_time":"2025-03-17T14:17:22+00:00","og_image":[{"width":279,"height":92,"url":"https:\/\/vieassociative.be\/actualites\/wp-content\/uploads\/2024\/09\/header_backgroundk-01-e1726694325946.png","type":"image\/png"}],"author":"Julien","twitter_card":"summary_large_image","twitter_misc":{"\u00c9crit par":"Julien","Dur\u00e9e de lecture est.":"3 minutes"},"schema":{"@context":"https:\/\/schema.org","@graph":[{"@type":"Article","@id":"https:\/\/vieassociative.be\/actualites\/faction-vivante-dans-le-pdg-pour-lage-legal-minimum-de-16-ans-pour-lutilisation-des-medias-sociaux\/#article","isPartOf":{"@id":"https:\/\/vieassociative.be\/actualites\/faction-vivante-dans-le-pdg-pour-lage-legal-minimum-de-16-ans-pour-lutilisation-des-medias-sociaux\/"},"author":{"name":"Julien","@id":"https:\/\/vieassociative.be\/actualites\/#\/schema\/person\/b87ac4f82f9d4e7b7cec7395b679edc4"},"headline":"Faction vivante dans le PDG pour l&rsquo;\u00e2ge l\u00e9gal minimum de 16 ans pour l&rsquo;utilisation des m\u00e9dias sociaux","datePublished":"2025-03-17T14:17:22+00:00","dateModified":"2025-03-17T14:17:22+00:00","mainEntityOfPage":{"@id":"https:\/\/vieassociative.be\/actualites\/faction-vivante-dans-le-pdg-pour-lage-legal-minimum-de-16-ans-pour-lutilisation-des-medias-sociaux\/"},"wordCount":732,"publisher":{"@id":"https:\/\/vieassociative.be\/actualites\/#organization"},"image":{"@id":"https:\/\/vieassociative.be\/actualites\/faction-vivante-dans-le-pdg-pour-lage-legal-minimum-de-16-ans-pour-lutilisation-des-medias-sociaux\/#primaryimage"},"thumbnailUrl":"https:\/\/vieassociative.be\/actualites\/wp-content\/uploads\/2025\/03\/Faction-vivante-dans-le-PDG-pour-lage-legal-minimum-de.jpeg","keywords":["ans","dans","Des","Faction","l\u00e2ge","l\u00e9gal","lutilisation","m\u00e9dias","minimum","PDG","pour","sociaux","vivante"],"articleSection":["Belgique"],"inLanguage":"fr-BE"},{"@type":"WebPage","@id":"https:\/\/vieassociative.be\/actualites\/faction-vivante-dans-le-pdg-pour-lage-legal-minimum-de-16-ans-pour-lutilisation-des-medias-sociaux\/","url":"https:\/\/vieassociative.be\/actualites\/faction-vivante-dans-le-pdg-pour-lage-legal-minimum-de-16-ans-pour-lutilisation-des-medias-sociaux\/","name":"Faction vivante dans le PDG pour l'\u00e2ge l\u00e9gal minimum de 16 ans pour l'utilisation des m\u00e9dias sociaux | Vie Associative","isPartOf":{"@id":"https:\/\/vieassociative.be\/actualites\/#website"},"primaryImageOfPage":{"@id":"https:\/\/vieassociative.be\/actualites\/faction-vivante-dans-le-pdg-pour-lage-legal-minimum-de-16-ans-pour-lutilisation-des-medias-sociaux\/#primaryimage"},"image":{"@id":"https:\/\/vieassociative.be\/actualites\/faction-vivante-dans-le-pdg-pour-lage-legal-minimum-de-16-ans-pour-lutilisation-des-medias-sociaux\/#primaryimage"},"thumbnailUrl":"https:\/\/vieassociative.be\/actualites\/wp-content\/uploads\/2025\/03\/Faction-vivante-dans-le-PDG-pour-lage-legal-minimum-de.jpeg","datePublished":"2025-03-17T14:17:22+00:00","dateModified":"2025-03-17T14:17:22+00:00","breadcrumb":{"@id":"https:\/\/vieassociative.be\/actualites\/faction-vivante-dans-le-pdg-pour-lage-legal-minimum-de-16-ans-pour-lutilisation-des-medias-sociaux\/#breadcrumb"},"inLanguage":"fr-BE","potentialAction":[{"@type":"ReadAction","target":["https:\/\/vieassociative.be\/actualites\/faction-vivante-dans-le-pdg-pour-lage-legal-minimum-de-16-ans-pour-lutilisation-des-medias-sociaux\/"]}]},{"@type":"ImageObject","inLanguage":"fr-BE","@id":"https:\/\/vieassociative.be\/actualites\/faction-vivante-dans-le-pdg-pour-lage-legal-minimum-de-16-ans-pour-lutilisation-des-medias-sociaux\/#primaryimage","url":"https:\/\/vieassociative.be\/actualites\/wp-content\/uploads\/2025\/03\/Faction-vivante-dans-le-PDG-pour-lage-legal-minimum-de.jpeg","contentUrl":"https:\/\/vieassociative.be\/actualites\/wp-content\/uploads\/2025\/03\/Faction-vivante-dans-le-PDG-pour-lage-legal-minimum-de.jpeg","width":1000,"height":667,"caption":"Faction vivante dans le PDG pour l'\u00e2ge l\u00e9gal minimum de 16 ans pour l'utilisation des m\u00e9dias sociaux"},{"@type":"BreadcrumbList","@id":"https:\/\/vieassociative.be\/actualites\/faction-vivante-dans-le-pdg-pour-lage-legal-minimum-de-16-ans-pour-lutilisation-des-medias-sociaux\/#breadcrumb","itemListElement":[{"@type":"ListItem","position":1,"name":"Accueil","item":"https:\/\/vieassociative.be\/actualites\/"},{"@type":"ListItem","position":2,"name":"Faction vivante dans le PDG pour l&rsquo;\u00e2ge l\u00e9gal minimum de 16 ans pour l&rsquo;utilisation des m\u00e9dias sociaux"}]},{"@type":"WebSite","@id":"https:\/\/vieassociative.be\/actualites\/#website","url":"https:\/\/vieassociative.be\/actualites\/","name":"Vie Associative","description":"","publisher":{"@id":"https:\/\/vieassociative.be\/actualites\/#organization"},"potentialAction":[{"@type":"SearchAction","target":{"@type":"EntryPoint","urlTemplate":"https:\/\/vieassociative.be\/actualites\/?s={search_term_string}"},"query-input":{"@type":"PropertyValueSpecification","valueRequired":true,"valueName":"search_term_string"}}],"inLanguage":"fr-BE"},{"@type":"Organization","@id":"https:\/\/vieassociative.be\/actualites\/#organization","name":"Vie Associative","url":"https:\/\/vieassociative.be\/actualites\/","logo":{"@type":"ImageObject","inLanguage":"fr-BE","@id":"https:\/\/vieassociative.be\/actualites\/#\/schema\/logo\/image\/","url":"https:\/\/vieassociative.be\/actualites\/wp-content\/uploads\/2024\/09\/cropped-vieassociative_favicon.ico.png","contentUrl":"https:\/\/vieassociative.be\/actualites\/wp-content\/uploads\/2024\/09\/cropped-vieassociative_favicon.ico.png","width":512,"height":512,"caption":"Vie Associative"},"image":{"@id":"https:\/\/vieassociative.be\/actualites\/#\/schema\/logo\/image\/"}},{"@type":"Person","@id":"https:\/\/vieassociative.be\/actualites\/#\/schema\/person\/b87ac4f82f9d4e7b7cec7395b679edc4","name":"Julien","image":{"@type":"ImageObject","inLanguage":"fr-BE","@id":"https:\/\/vieassociative.be\/actualites\/#\/schema\/person\/image\/","url":"https:\/\/vieassociative.be\/actualites\/wp-content\/uploads\/2024\/09\/vie-associative-1-150x150.jpg","contentUrl":"https:\/\/vieassociative.be\/actualites\/wp-content\/uploads\/2024\/09\/vie-associative-1-150x150.jpg","caption":"Julien"},"description":"Je suis Julien, r\u00e9dacteur pour Vie Associative. Passionn\u00e9 par le monde associatif depuis plus de 10 ans, j'ai \u00e0 c\u0153ur de partager des histoires inspirantes et de mettre en lumi\u00e8re les initiatives locales. Mon objectif est de sensibiliser et d'encourager l'engagement communautaire \u00e0 travers mes articles.","sameAs":["https:\/\/vieassociative.be\/"]}]}},"_links":{"self":[{"href":"https:\/\/vieassociative.be\/actualites\/wp-json\/wp\/v2\/posts\/5950"}],"collection":[{"href":"https:\/\/vieassociative.be\/actualites\/wp-json\/wp\/v2\/posts"}],"about":[{"href":"https:\/\/vieassociative.be\/actualites\/wp-json\/wp\/v2\/types\/post"}],"author":[{"embeddable":true,"href":"https:\/\/vieassociative.be\/actualites\/wp-json\/wp\/v2\/users\/1"}],"replies":[{"embeddable":true,"href":"https:\/\/vieassociative.be\/actualites\/wp-json\/wp\/v2\/comments?post=5950"}],"version-history":[{"count":0,"href":"https:\/\/vieassociative.be\/actualites\/wp-json\/wp\/v2\/posts\/5950\/revisions"}],"wp:featuredmedia":[{"embeddable":true,"href":"https:\/\/vieassociative.be\/actualites\/wp-json\/wp\/v2\/media\/5951"}],"wp:attachment":[{"href":"https:\/\/vieassociative.be\/actualites\/wp-json\/wp\/v2\/media?parent=5950"}],"wp:term":[{"taxonomy":"category","embeddable":true,"href":"https:\/\/vieassociative.be\/actualites\/wp-json\/wp\/v2\/categories?post=5950"},{"taxonomy":"post_tag","embeddable":true,"href":"https:\/\/vieassociative.be\/actualites\/wp-json\/wp\/v2\/tags?post=5950"}],"curies":[{"name":"wp","href":"https:\/\/api.w.org\/{rel}","templated":true}]}}