{"id":5929,"date":"2025-03-16T15:17:19","date_gmt":"2025-03-16T14:17:19","guid":{"rendered":"https:\/\/vieassociative.be\/actualites\/trump-ordonne-des-attaques-contre-la-milice-huthi-au-yemen\/"},"modified":"2025-03-16T15:17:19","modified_gmt":"2025-03-16T14:17:19","slug":"trump-ordonne-des-attaques-contre-la-milice-huthi-au-yemen","status":"publish","type":"post","link":"https:\/\/vieassociative.be\/actualites\/trump-ordonne-des-attaques-contre-la-milice-huthi-au-yemen\/","title":{"rendered":"Trump ordonne des attaques contre la milice Huthi au Y\u00e9men"},"content":{"rendered":"<p><strong>Au commandement du pr\u00e9sident Donald Trump, les \u00c9tats-Unis ont commenc\u00e9 avec des raids a\u00e9riens massifs contre la milice Huthi soutenue par l&rsquo;Iran au Y\u00e9men.<\/strong><\/p>\n<p><span id=\"more-411341\"><\/span>Trump a \u00e9crit les attaques contre les bases, la d\u00e9fense antimissile et les dirigeants des terroristes et restaur\u00e9 la libert\u00e9 d&rsquo;exp\u00e9dition, Trump sur sa plate-forme sociale de v\u00e9rit\u00e9. Il y a quelques jours, la milice appliqu\u00e9e avec Isra\u00ebl avait annonc\u00e9 qu&rsquo;elle r\u00e9enregistrerait ses attaques contre des navires qui traversent la mer Rouge et les eaux voisines.<\/p>\n<p>Le Huthi a parl\u00e9 des raids a\u00e9riens am\u00e9ricains-britanniques aux zones r\u00e9sidentielles au nord de la capitale Sanaa. Selon le diffuseur de la BBC, la Grande-Bretagne n&rsquo;\u00e9tait probablement pas impliqu\u00e9e. Le diffuseur t\u00e9l\u00e9vis\u00e9 arabophone Alaraby a signal\u00e9 31 morts et 101 blessures sur la plate-forme X, se r\u00e9f\u00e9rant au minist\u00e8re de la Sant\u00e9 contr\u00f4l\u00e9 par la milice, y compris les femmes et les enfants. Le commandement r\u00e9gional am\u00e9ricain Centcom a parl\u00e9 d&rsquo;un certain nombre de \u00ab\u00a0coups de pr\u00e9cision\u00a0\u00bb dans tout le Y\u00e9men. Les attaques devraient se poursuivre pendant des jours ou peut-\u00eatre m\u00eame des semaines, cit\u00e9es par les m\u00e9dias am\u00e9ricains de l&rsquo;arm\u00e9e.<\/p>\n<div id=\"attachment_411343\" class=\"wp-caption alignleft\" style=\"max-width: 300px\"><img fetchpriority=\"high\" decoding=\"async\" class=\"wp-image-411343 size-medium\" src=\"https:\/\/vieassociative.be\/actualites\/wp-content\/uploads\/2025\/03\/Trump-ordonne-des-attaques-contre-la-milice-Huthi-au-Yemen.jpg\" alt=\"\" width=\"300\" height=\"200\"><\/p>\n<p class=\"wp-caption-text\">14.02.2025, Y\u00e9men, Sanaa: les supporters de Huthi \u00e9l\u00e8vent leurs armes lors d&rsquo;un rassemblement contre les \u00c9tats-Unis et Isra\u00ebl. Photo: Osamah Abdulrahman \/ AP \/ DPA<\/p>\n<\/div>\n<p>Selon le Wall Street Journal, les objectifs \u00e9taient \u00e9galement les maisons des dirigeants de Huthi dans la capitale Sanaa. Les attaques avaient frapp\u00e9 Jeraf, un bastion de Huthi et la capitale provinciale Sadah, qui \u00e9tait la base d&rsquo;attache de la milice.<\/p>\n<p>Selon l&rsquo;agence de presse y\u00e9m\u00e9nite Saba, contr\u00f4l\u00e9e par la milice, une centrale a \u00e9t\u00e9 attaqu\u00e9e \u00e0 Sadah. L&rsquo;\u00e9lectricit\u00e9 a \u00e9chou\u00e9 dans la ville et ses banlieues. Le porte-parole de Huthi, Mohammed Al-Bukhaiti, a menac\u00e9 sur la plate-forme x repr\u00e9sailles: \u00ab\u00a0Nous rencontrerons l&rsquo;escalade avec escalade.\u00a0\u00bb<\/p>\n<p><strong>&#8211; Trump avertit l&rsquo;Iran:<\/strong> Trump a \u00e9crit \u00e0 l&rsquo;adresse de l&rsquo;Iran que le soutien aux terroristes de Huthi devait \u00eatre arr\u00eat\u00e9 imm\u00e9diatement. La direction de la R\u00e9publique islamique peut ne pas menacer le peuple am\u00e9ricain, dont le pr\u00e9sident ou les voies maritimes mondiales. \u00ab\u00a0Soyez averti, car l&rsquo;Am\u00e9rique les prendra en compte et nous ne serons pas gentils avec eux!\u00a0\u00bb, A \u00e9crit Trump. La milice de Huthi, comme le Hamas islamiste dans la bande de Gaza et le Hisbollah au Liban, est soutenu par l&rsquo;Ennemy Iran d&rsquo;Isra\u00ebl.<\/p>\n<p>Le ministre iranien des Affaires \u00e9trang\u00e8res, Abbas Araghtschi, a r\u00e9pondu \u00e0 X que le gouvernement am\u00e9ricain n&rsquo;avait \u00ab\u00a0pas l&rsquo;autorit\u00e9\u00a0\u00bb \u00e0 \u00ab\u00a0dicter\u00a0\u00bb la politique \u00e9trang\u00e8re iranienne. Il a appel\u00e9 le meurtre des gens \u00e0 s&rsquo;arr\u00eater au Y\u00e9men.<\/p>\n<p>Les Huthi dominent de grandes zones, en particulier au Y\u00e9men. Apr\u00e8s le d\u00e9clenchement de la guerre de Gaza entre Isra\u00ebl et le Hamas en octobre 2023, ils ont commenc\u00e9 \u00e0 attaquer l&rsquo;\u00c9tat d&rsquo;Isra\u00ebl par solidarit\u00e9 avec le Hamas avec des roquettes et des drones. Ils ont \u00e9galement commenc\u00e9 \u00e0 tirer sur des navires avec un lien pr\u00e9sum\u00e9 avec Isra\u00ebl. Sur la c\u00f4te du Y\u00e9men, m\u00e8ne l&rsquo;une des voies d&rsquo;exp\u00e9dition les plus importantes pour le commerce mondial, \u00e0 travers les cargos de l&rsquo;oc\u00e9an Indien via le canal de Suez en \u00c9gypte atteignant la M\u00e9diterran\u00e9e. (DPA)<\/p>\n","protected":false},"excerpt":{"rendered":"<p>Au commandement du pr\u00e9sident Donald Trump, les \u00c9tats-Unis ont commenc\u00e9 avec des raids a\u00e9riens massifs contre la milice Huthi soutenue par l&rsquo;Iran au Y\u00e9men. Trump<\/p>\n","protected":false},"author":1,"featured_media":5930,"comment_status":"","ping_status":"","sticky":false,"template":"","format":"standard","meta":{"footnotes":""},"categories":[298],"tags":[2959,796,29,5884,5883,5882,2425,5885],"class_list":["post-5929","post","type-post","status-publish","format-standard","has-post-thumbnail","hentry","category-belgique","tag-attaques","tag-contre","tag-des","tag-huthi","tag-milice","tag-ordonne","tag-trump","tag-yemen","generate-columns","tablet-grid-50","mobile-grid-100","grid-parent","grid-33"],"yoast_head":"<!-- This site is optimized with the Yoast SEO plugin v24.0 - https:\/\/yoast.com\/wordpress\/plugins\/seo\/ -->\n<title>Trump ordonne des attaques contre la milice Huthi au Y\u00e9men | Vie Associative<\/title>\n<meta name=\"robots\" content=\"index, follow, max-snippet:-1, max-image-preview:large, max-video-preview:-1\" \/>\n<link rel=\"canonical\" href=\"https:\/\/vieassociative.be\/actualites\/trump-ordonne-des-attaques-contre-la-milice-huthi-au-yemen\/\" \/>\n<meta property=\"og:locale\" content=\"fr_FR\" \/>\n<meta property=\"og:type\" content=\"article\" \/>\n<meta property=\"og:title\" content=\"Trump ordonne des attaques contre la milice Huthi au Y\u00e9men | Vie Associative\" \/>\n<meta property=\"og:description\" content=\"Au commandement du pr\u00e9sident Donald Trump, les \u00c9tats-Unis ont commenc\u00e9 avec des raids a\u00e9riens massifs contre la milice Huthi soutenue par l&rsquo;Iran au Y\u00e9men. Trump\" \/>\n<meta property=\"og:url\" content=\"https:\/\/vieassociative.be\/actualites\/trump-ordonne-des-attaques-contre-la-milice-huthi-au-yemen\/\" \/>\n<meta property=\"og:site_name\" content=\"Vie Associative\" \/>\n<meta property=\"article:published_time\" content=\"2025-03-16T14:17:19+00:00\" \/>\n<meta property=\"og:image\" content=\"https:\/\/vieassociative.be\/actualites\/wp-content\/uploads\/2024\/09\/header_backgroundk-01-e1726694325946.png\" \/>\n\t<meta property=\"og:image:width\" content=\"279\" \/>\n\t<meta property=\"og:image:height\" content=\"92\" \/>\n\t<meta property=\"og:image:type\" content=\"image\/png\" \/>\n<meta name=\"author\" content=\"Julien\" \/>\n<meta name=\"twitter:card\" content=\"summary_large_image\" \/>\n<meta name=\"twitter:label1\" content=\"\u00c9crit par\" \/>\n\t<meta name=\"twitter:data1\" content=\"Julien\" \/>\n\t<meta name=\"twitter:label2\" content=\"Dur\u00e9e de lecture est.\" \/>\n\t<meta name=\"twitter:data2\" content=\"3 minutes\" \/>\n<script type=\"application\/ld+json\" class=\"yoast-schema-graph\">{\"@context\":\"https:\/\/schema.org\",\"@graph\":[{\"@type\":\"Article\",\"@id\":\"https:\/\/vieassociative.be\/actualites\/trump-ordonne-des-attaques-contre-la-milice-huthi-au-yemen\/#article\",\"isPartOf\":{\"@id\":\"https:\/\/vieassociative.be\/actualites\/trump-ordonne-des-attaques-contre-la-milice-huthi-au-yemen\/\"},\"author\":{\"name\":\"Julien\",\"@id\":\"https:\/\/vieassociative.be\/actualites\/#\/schema\/person\/b87ac4f82f9d4e7b7cec7395b679edc4\"},\"headline\":\"Trump ordonne des attaques contre la milice Huthi au Y\u00e9men\",\"datePublished\":\"2025-03-16T14:17:19+00:00\",\"dateModified\":\"2025-03-16T14:17:19+00:00\",\"mainEntityOfPage\":{\"@id\":\"https:\/\/vieassociative.be\/actualites\/trump-ordonne-des-attaques-contre-la-milice-huthi-au-yemen\/\"},\"wordCount\":594,\"publisher\":{\"@id\":\"https:\/\/vieassociative.be\/actualites\/#organization\"},\"image\":{\"@id\":\"https:\/\/vieassociative.be\/actualites\/trump-ordonne-des-attaques-contre-la-milice-huthi-au-yemen\/#primaryimage\"},\"thumbnailUrl\":\"https:\/\/vieassociative.be\/actualites\/wp-content\/uploads\/2025\/03\/1742134639_Trump-ordonne-des-attaques-contre-la-milice-Huthi-au-Yemen.jpg\",\"keywords\":[\"attaques\",\"contre\",\"Des\",\"Huthi\",\"milice\",\"ordonne\",\"Trump\",\"Y\u00e9men\"],\"articleSection\":[\"Belgique\"],\"inLanguage\":\"fr-BE\"},{\"@type\":\"WebPage\",\"@id\":\"https:\/\/vieassociative.be\/actualites\/trump-ordonne-des-attaques-contre-la-milice-huthi-au-yemen\/\",\"url\":\"https:\/\/vieassociative.be\/actualites\/trump-ordonne-des-attaques-contre-la-milice-huthi-au-yemen\/\",\"name\":\"Trump ordonne des attaques contre la milice Huthi au Y\u00e9men | Vie Associative\",\"isPartOf\":{\"@id\":\"https:\/\/vieassociative.be\/actualites\/#website\"},\"primaryImageOfPage\":{\"@id\":\"https:\/\/vieassociative.be\/actualites\/trump-ordonne-des-attaques-contre-la-milice-huthi-au-yemen\/#primaryimage\"},\"image\":{\"@id\":\"https:\/\/vieassociative.be\/actualites\/trump-ordonne-des-attaques-contre-la-milice-huthi-au-yemen\/#primaryimage\"},\"thumbnailUrl\":\"https:\/\/vieassociative.be\/actualites\/wp-content\/uploads\/2025\/03\/1742134639_Trump-ordonne-des-attaques-contre-la-milice-Huthi-au-Yemen.jpg\",\"datePublished\":\"2025-03-16T14:17:19+00:00\",\"dateModified\":\"2025-03-16T14:17:19+00:00\",\"breadcrumb\":{\"@id\":\"https:\/\/vieassociative.be\/actualites\/trump-ordonne-des-attaques-contre-la-milice-huthi-au-yemen\/#breadcrumb\"},\"inLanguage\":\"fr-BE\",\"potentialAction\":[{\"@type\":\"ReadAction\",\"target\":[\"https:\/\/vieassociative.be\/actualites\/trump-ordonne-des-attaques-contre-la-milice-huthi-au-yemen\/\"]}]},{\"@type\":\"ImageObject\",\"inLanguage\":\"fr-BE\",\"@id\":\"https:\/\/vieassociative.be\/actualites\/trump-ordonne-des-attaques-contre-la-milice-huthi-au-yemen\/#primaryimage\",\"url\":\"https:\/\/vieassociative.be\/actualites\/wp-content\/uploads\/2025\/03\/1742134639_Trump-ordonne-des-attaques-contre-la-milice-Huthi-au-Yemen.jpg\",\"contentUrl\":\"https:\/\/vieassociative.be\/actualites\/wp-content\/uploads\/2025\/03\/1742134639_Trump-ordonne-des-attaques-contre-la-milice-Huthi-au-Yemen.jpg\",\"width\":1200,\"height\":929,\"caption\":\"Trump ordonne des attaques contre la milice Huthi au Y\u00e9men\"},{\"@type\":\"BreadcrumbList\",\"@id\":\"https:\/\/vieassociative.be\/actualites\/trump-ordonne-des-attaques-contre-la-milice-huthi-au-yemen\/#breadcrumb\",\"itemListElement\":[{\"@type\":\"ListItem\",\"position\":1,\"name\":\"Accueil\",\"item\":\"https:\/\/vieassociative.be\/actualites\/\"},{\"@type\":\"ListItem\",\"position\":2,\"name\":\"Trump ordonne des attaques contre la milice Huthi au Y\u00e9men\"}]},{\"@type\":\"WebSite\",\"@id\":\"https:\/\/vieassociative.be\/actualites\/#website\",\"url\":\"https:\/\/vieassociative.be\/actualites\/\",\"name\":\"Vie Associative\",\"description\":\"\",\"publisher\":{\"@id\":\"https:\/\/vieassociative.be\/actualites\/#organization\"},\"potentialAction\":[{\"@type\":\"SearchAction\",\"target\":{\"@type\":\"EntryPoint\",\"urlTemplate\":\"https:\/\/vieassociative.be\/actualites\/?s={search_term_string}\"},\"query-input\":{\"@type\":\"PropertyValueSpecification\",\"valueRequired\":true,\"valueName\":\"search_term_string\"}}],\"inLanguage\":\"fr-BE\"},{\"@type\":\"Organization\",\"@id\":\"https:\/\/vieassociative.be\/actualites\/#organization\",\"name\":\"Vie Associative\",\"url\":\"https:\/\/vieassociative.be\/actualites\/\",\"logo\":{\"@type\":\"ImageObject\",\"inLanguage\":\"fr-BE\",\"@id\":\"https:\/\/vieassociative.be\/actualites\/#\/schema\/logo\/image\/\",\"url\":\"https:\/\/vieassociative.be\/actualites\/wp-content\/uploads\/2024\/09\/cropped-vieassociative_favicon.ico.png\",\"contentUrl\":\"https:\/\/vieassociative.be\/actualites\/wp-content\/uploads\/2024\/09\/cropped-vieassociative_favicon.ico.png\",\"width\":512,\"height\":512,\"caption\":\"Vie Associative\"},\"image\":{\"@id\":\"https:\/\/vieassociative.be\/actualites\/#\/schema\/logo\/image\/\"}},{\"@type\":\"Person\",\"@id\":\"https:\/\/vieassociative.be\/actualites\/#\/schema\/person\/b87ac4f82f9d4e7b7cec7395b679edc4\",\"name\":\"Julien\",\"image\":{\"@type\":\"ImageObject\",\"inLanguage\":\"fr-BE\",\"@id\":\"https:\/\/vieassociative.be\/actualites\/#\/schema\/person\/image\/\",\"url\":\"https:\/\/vieassociative.be\/actualites\/wp-content\/uploads\/2024\/09\/vie-associative-1-150x150.jpg\",\"contentUrl\":\"https:\/\/vieassociative.be\/actualites\/wp-content\/uploads\/2024\/09\/vie-associative-1-150x150.jpg\",\"caption\":\"Julien\"},\"description\":\"Je suis Julien, r\u00e9dacteur pour Vie Associative. Passionn\u00e9 par le monde associatif depuis plus de 10 ans, j'ai \u00e0 c\u0153ur de partager des histoires inspirantes et de mettre en lumi\u00e8re les initiatives locales. Mon objectif est de sensibiliser et d'encourager l'engagement communautaire \u00e0 travers mes articles.\",\"sameAs\":[\"https:\/\/vieassociative.be\/\"]}]}<\/script>\n<!-- \/ Yoast SEO plugin. -->","yoast_head_json":{"title":"Trump ordonne des attaques contre la milice Huthi au Y\u00e9men | Vie Associative","robots":{"index":"index","follow":"follow","max-snippet":"max-snippet:-1","max-image-preview":"max-image-preview:large","max-video-preview":"max-video-preview:-1"},"canonical":"https:\/\/vieassociative.be\/actualites\/trump-ordonne-des-attaques-contre-la-milice-huthi-au-yemen\/","og_locale":"fr_FR","og_type":"article","og_title":"Trump ordonne des attaques contre la milice Huthi au Y\u00e9men | Vie Associative","og_description":"Au commandement du pr\u00e9sident Donald Trump, les \u00c9tats-Unis ont commenc\u00e9 avec des raids a\u00e9riens massifs contre la milice Huthi soutenue par l&rsquo;Iran au Y\u00e9men. Trump","og_url":"https:\/\/vieassociative.be\/actualites\/trump-ordonne-des-attaques-contre-la-milice-huthi-au-yemen\/","og_site_name":"Vie Associative","article_published_time":"2025-03-16T14:17:19+00:00","og_image":[{"width":279,"height":92,"url":"https:\/\/vieassociative.be\/actualites\/wp-content\/uploads\/2024\/09\/header_backgroundk-01-e1726694325946.png","type":"image\/png"}],"author":"Julien","twitter_card":"summary_large_image","twitter_misc":{"\u00c9crit par":"Julien","Dur\u00e9e de lecture est.":"3 minutes"},"schema":{"@context":"https:\/\/schema.org","@graph":[{"@type":"Article","@id":"https:\/\/vieassociative.be\/actualites\/trump-ordonne-des-attaques-contre-la-milice-huthi-au-yemen\/#article","isPartOf":{"@id":"https:\/\/vieassociative.be\/actualites\/trump-ordonne-des-attaques-contre-la-milice-huthi-au-yemen\/"},"author":{"name":"Julien","@id":"https:\/\/vieassociative.be\/actualites\/#\/schema\/person\/b87ac4f82f9d4e7b7cec7395b679edc4"},"headline":"Trump ordonne des attaques contre la milice Huthi au Y\u00e9men","datePublished":"2025-03-16T14:17:19+00:00","dateModified":"2025-03-16T14:17:19+00:00","mainEntityOfPage":{"@id":"https:\/\/vieassociative.be\/actualites\/trump-ordonne-des-attaques-contre-la-milice-huthi-au-yemen\/"},"wordCount":594,"publisher":{"@id":"https:\/\/vieassociative.be\/actualites\/#organization"},"image":{"@id":"https:\/\/vieassociative.be\/actualites\/trump-ordonne-des-attaques-contre-la-milice-huthi-au-yemen\/#primaryimage"},"thumbnailUrl":"https:\/\/vieassociative.be\/actualites\/wp-content\/uploads\/2025\/03\/1742134639_Trump-ordonne-des-attaques-contre-la-milice-Huthi-au-Yemen.jpg","keywords":["attaques","contre","Des","Huthi","milice","ordonne","Trump","Y\u00e9men"],"articleSection":["Belgique"],"inLanguage":"fr-BE"},{"@type":"WebPage","@id":"https:\/\/vieassociative.be\/actualites\/trump-ordonne-des-attaques-contre-la-milice-huthi-au-yemen\/","url":"https:\/\/vieassociative.be\/actualites\/trump-ordonne-des-attaques-contre-la-milice-huthi-au-yemen\/","name":"Trump ordonne des attaques contre la milice Huthi au Y\u00e9men | Vie Associative","isPartOf":{"@id":"https:\/\/vieassociative.be\/actualites\/#website"},"primaryImageOfPage":{"@id":"https:\/\/vieassociative.be\/actualites\/trump-ordonne-des-attaques-contre-la-milice-huthi-au-yemen\/#primaryimage"},"image":{"@id":"https:\/\/vieassociative.be\/actualites\/trump-ordonne-des-attaques-contre-la-milice-huthi-au-yemen\/#primaryimage"},"thumbnailUrl":"https:\/\/vieassociative.be\/actualites\/wp-content\/uploads\/2025\/03\/1742134639_Trump-ordonne-des-attaques-contre-la-milice-Huthi-au-Yemen.jpg","datePublished":"2025-03-16T14:17:19+00:00","dateModified":"2025-03-16T14:17:19+00:00","breadcrumb":{"@id":"https:\/\/vieassociative.be\/actualites\/trump-ordonne-des-attaques-contre-la-milice-huthi-au-yemen\/#breadcrumb"},"inLanguage":"fr-BE","potentialAction":[{"@type":"ReadAction","target":["https:\/\/vieassociative.be\/actualites\/trump-ordonne-des-attaques-contre-la-milice-huthi-au-yemen\/"]}]},{"@type":"ImageObject","inLanguage":"fr-BE","@id":"https:\/\/vieassociative.be\/actualites\/trump-ordonne-des-attaques-contre-la-milice-huthi-au-yemen\/#primaryimage","url":"https:\/\/vieassociative.be\/actualites\/wp-content\/uploads\/2025\/03\/1742134639_Trump-ordonne-des-attaques-contre-la-milice-Huthi-au-Yemen.jpg","contentUrl":"https:\/\/vieassociative.be\/actualites\/wp-content\/uploads\/2025\/03\/1742134639_Trump-ordonne-des-attaques-contre-la-milice-Huthi-au-Yemen.jpg","width":1200,"height":929,"caption":"Trump ordonne des attaques contre la milice Huthi au Y\u00e9men"},{"@type":"BreadcrumbList","@id":"https:\/\/vieassociative.be\/actualites\/trump-ordonne-des-attaques-contre-la-milice-huthi-au-yemen\/#breadcrumb","itemListElement":[{"@type":"ListItem","position":1,"name":"Accueil","item":"https:\/\/vieassociative.be\/actualites\/"},{"@type":"ListItem","position":2,"name":"Trump ordonne des attaques contre la milice Huthi au Y\u00e9men"}]},{"@type":"WebSite","@id":"https:\/\/vieassociative.be\/actualites\/#website","url":"https:\/\/vieassociative.be\/actualites\/","name":"Vie Associative","description":"","publisher":{"@id":"https:\/\/vieassociative.be\/actualites\/#organization"},"potentialAction":[{"@type":"SearchAction","target":{"@type":"EntryPoint","urlTemplate":"https:\/\/vieassociative.be\/actualites\/?s={search_term_string}"},"query-input":{"@type":"PropertyValueSpecification","valueRequired":true,"valueName":"search_term_string"}}],"inLanguage":"fr-BE"},{"@type":"Organization","@id":"https:\/\/vieassociative.be\/actualites\/#organization","name":"Vie Associative","url":"https:\/\/vieassociative.be\/actualites\/","logo":{"@type":"ImageObject","inLanguage":"fr-BE","@id":"https:\/\/vieassociative.be\/actualites\/#\/schema\/logo\/image\/","url":"https:\/\/vieassociative.be\/actualites\/wp-content\/uploads\/2024\/09\/cropped-vieassociative_favicon.ico.png","contentUrl":"https:\/\/vieassociative.be\/actualites\/wp-content\/uploads\/2024\/09\/cropped-vieassociative_favicon.ico.png","width":512,"height":512,"caption":"Vie Associative"},"image":{"@id":"https:\/\/vieassociative.be\/actualites\/#\/schema\/logo\/image\/"}},{"@type":"Person","@id":"https:\/\/vieassociative.be\/actualites\/#\/schema\/person\/b87ac4f82f9d4e7b7cec7395b679edc4","name":"Julien","image":{"@type":"ImageObject","inLanguage":"fr-BE","@id":"https:\/\/vieassociative.be\/actualites\/#\/schema\/person\/image\/","url":"https:\/\/vieassociative.be\/actualites\/wp-content\/uploads\/2024\/09\/vie-associative-1-150x150.jpg","contentUrl":"https:\/\/vieassociative.be\/actualites\/wp-content\/uploads\/2024\/09\/vie-associative-1-150x150.jpg","caption":"Julien"},"description":"Je suis Julien, r\u00e9dacteur pour Vie Associative. Passionn\u00e9 par le monde associatif depuis plus de 10 ans, j'ai \u00e0 c\u0153ur de partager des histoires inspirantes et de mettre en lumi\u00e8re les initiatives locales. Mon objectif est de sensibiliser et d'encourager l'engagement communautaire \u00e0 travers mes articles.","sameAs":["https:\/\/vieassociative.be\/"]}]}},"_links":{"self":[{"href":"https:\/\/vieassociative.be\/actualites\/wp-json\/wp\/v2\/posts\/5929"}],"collection":[{"href":"https:\/\/vieassociative.be\/actualites\/wp-json\/wp\/v2\/posts"}],"about":[{"href":"https:\/\/vieassociative.be\/actualites\/wp-json\/wp\/v2\/types\/post"}],"author":[{"embeddable":true,"href":"https:\/\/vieassociative.be\/actualites\/wp-json\/wp\/v2\/users\/1"}],"replies":[{"embeddable":true,"href":"https:\/\/vieassociative.be\/actualites\/wp-json\/wp\/v2\/comments?post=5929"}],"version-history":[{"count":0,"href":"https:\/\/vieassociative.be\/actualites\/wp-json\/wp\/v2\/posts\/5929\/revisions"}],"wp:featuredmedia":[{"embeddable":true,"href":"https:\/\/vieassociative.be\/actualites\/wp-json\/wp\/v2\/media\/5930"}],"wp:attachment":[{"href":"https:\/\/vieassociative.be\/actualites\/wp-json\/wp\/v2\/media?parent=5929"}],"wp:term":[{"taxonomy":"category","embeddable":true,"href":"https:\/\/vieassociative.be\/actualites\/wp-json\/wp\/v2\/categories?post=5929"},{"taxonomy":"post_tag","embeddable":true,"href":"https:\/\/vieassociative.be\/actualites\/wp-json\/wp\/v2\/tags?post=5929"}],"curies":[{"name":"wp","href":"https:\/\/api.w.org\/{rel}","templated":true}]}}