{"id":5927,"date":"2025-03-16T14:17:19","date_gmt":"2025-03-16T13:17:19","guid":{"rendered":"https:\/\/vieassociative.be\/actualites\/ios-19-pourrait-ajouter-une-traduction-en-direct-pour-airpods\/"},"modified":"2025-03-16T14:17:19","modified_gmt":"2025-03-16T13:17:19","slug":"ios-19-pourrait-ajouter-une-traduction-en-direct-pour-airpods","status":"publish","type":"post","link":"https:\/\/vieassociative.be\/actualites\/ios-19-pourrait-ajouter-une-traduction-en-direct-pour-airpods\/","title":{"rendered":"iOS 19 pourrait ajouter une traduction en direct pour AirPods"},"content":{"rendered":"<div class=\"mt-4 leading-6 md:mb-8\">Les bourgeons de pixels de Google le soutiennent depuis des ann\u00e9es.<\/div>\n<p><\/p>\n<p>Si vous poss\u00e9dez une paire d&rsquo;AirPods, vous pourriez avoir une mise \u00e0 niveau futuriste arrivant plus tard cette ann\u00e9e. Autrement dit, \u00e0 moins que vous ne soyez un ancien client de Google &#8211; autrement cela ressemblera un peu \u00e0 de vieilles nouvelles. <\/p>\n<p>Selon Mark Gurman de Bloomberg, Apple travaille sur une fonction de traduction en direct pour AirPods avec la sortie d&rsquo;iOS 19. Les sources de Gurman semblent rester aussi silencieuses que possible, car la fonctionnalit\u00e9 est encore assez secr\u00e8te, donc il n&rsquo;est pas clair exactement quels mod\u00e8les AirPods seront compatibles avec cette fonctionnalit\u00e9, s&rsquo;il arrivera avec la mise \u00e0 jour. Mais vu que la plupart des nouvelles fonctionnalit\u00e9s AirPods semblent frapper les Airpods Pro de deuxi\u00e8me g\u00e9n\u00e9ration ces jours-ci, je suppose que ce serait ces bourgeons &#8211;<em>peut \u00eatre<\/em> AirPods 4, si Apple se sent g\u00e9n\u00e9reux. (J&rsquo;esp\u00e8re qu&rsquo;AirPods Max aurait tellement de chance.)<\/p>\n<p>Les sources de Gurman ont partag\u00e9 comment la fonctionnalit\u00e9 fonctionnera \u00e0 peu pr\u00e8s: lorsque quelqu&rsquo;un vous parle dans une autre langue, vos AirPod traduisent leurs mots dans votre langue cible. Ensuite, lorsque vous commencez \u00e0 parler en r\u00e9ponse, votre <em>iPhone<\/em> se traduira dans la langue de l&rsquo;autre orateur et lira ces mots \u00e0 haute voix. <\/p>\n<p>Apple n&rsquo;est pas la premi\u00e8re entreprise \u00e0 publier une fonctionnalit\u00e9 comme celle-ci. En fait, les bourgeons de pixels de Google ont une traduction en direct depuis des ann\u00e9es \u00e0 travers le mode \u00ab\u00a0Conversation\u00a0\u00bb dans l&rsquo;application Translate. Si vous avez les bourgeons appropri\u00e9s et un t\u00e9l\u00e9phone Android, vous pouvez ouvrir l&rsquo;application Translate et demander \u00e0 vos bourgeons de pixels de vous aider \u00e0 traduire quelque chose dans une autre langue. Cela apprendra automatiquement le mode de conversation: lorsque l&rsquo;autre partie r\u00e9pondra, vos bourgeons de pixels joueront la traduction dans votre oreille pour vous. <\/p>\n<div class=\"mx-auto mt-8 w-full max-w-4xl\">\n<div id=\"video-container-7ist0_mPSYM\"><\/div>\n<\/div>\n<p>Vous n&rsquo;avez pas besoin des bourgeons de pixels pour que le mode de conversation fonctionne, bien s\u00fbr. Vous pouvez compter sur le haut-parleur de votre t\u00e9l\u00e9phone pour obtenir le m\u00eame r\u00e9sultat. Mais c&rsquo;est cool que vous puissiez \u00eatre celui qui entend la traduction dans votre oreille et comprendre ce que l&rsquo;autre disait. <\/p>\n<p>Il n&rsquo;est pas clair sur les informations limit\u00e9es de Gurman si la fonctionnalit\u00e9 d&rsquo;Apple fonctionnera de cette fa\u00e7on via son application de traduis propri\u00e9taire. Le fait que votre iPhone parle de sa traduction de votre c\u00f4t\u00e9 de la conversation ressemble \u00e0 la fa\u00e7on dont Google g\u00e8re cette fonctionnalit\u00e9, il semble donc probable que vous aurez besoin de l&rsquo;application Translate ouverte pour que vos AirPods traduisent \u00e9galement les mots de l&rsquo;autre partie. L&rsquo;application d&rsquo;Apple a \u00e9galement son propre mode de conversation, donc, comme sur Android, vous pouvez d\u00e9j\u00e0 avoir une exp\u00e9rience de traduction en direct sur iPhone. Essayez-le si vous voulez un avant-go\u00fbt de ce que l&rsquo;exp\u00e9rience pourrait \u00eatre une fois (ou si) elle arrive sur AirPod.<\/p>\n<p>Apple r\u00e9v\u00e9lera probablement iOS 19 et toutes ses nouvelles fonctionnalit\u00e9s en juin \u00e0 la WWDC. L&rsquo;entreprise passera ensuite la version b\u00eata d&rsquo;\u00e9t\u00e9 \u00e0 tester le logiciel, avant de la publier sur des iPhones compatibles \u00e0 l&rsquo;automne. <\/p>\n","protected":false},"excerpt":{"rendered":"<p>Les bourgeons de pixels de Google le soutiennent depuis des ann\u00e9es. Si vous poss\u00e9dez une paire d&rsquo;AirPods, vous pourriez avoir une mise \u00e0 niveau futuriste<\/p>\n","protected":false},"author":1,"featured_media":5928,"comment_status":"","ping_status":"","sticky":false,"template":"","format":"standard","meta":{"footnotes":""},"categories":[13],"tags":[15,670,3308,21,81,1041,5881,110],"class_list":["post-5927","post","type-post","status-publish","format-standard","has-post-thumbnail","hentry","category-technologie","tag-airpods","tag-ajouter","tag-direct","tag-ios","tag-pour","tag-pourrait","tag-traduction","tag-une","generate-columns","tablet-grid-50","mobile-grid-100","grid-parent","grid-33"],"yoast_head":"<!-- This site is optimized with the Yoast SEO plugin v24.0 - https:\/\/yoast.com\/wordpress\/plugins\/seo\/ -->\n<title>iOS 19 pourrait ajouter une traduction en direct pour AirPods | Vie Associative<\/title>\n<meta name=\"robots\" content=\"index, follow, max-snippet:-1, max-image-preview:large, max-video-preview:-1\" \/>\n<link rel=\"canonical\" href=\"https:\/\/vieassociative.be\/actualites\/ios-19-pourrait-ajouter-une-traduction-en-direct-pour-airpods\/\" \/>\n<meta property=\"og:locale\" content=\"fr_FR\" \/>\n<meta property=\"og:type\" content=\"article\" \/>\n<meta property=\"og:title\" content=\"iOS 19 pourrait ajouter une traduction en direct pour AirPods | Vie Associative\" \/>\n<meta property=\"og:description\" content=\"Les bourgeons de pixels de Google le soutiennent depuis des ann\u00e9es. Si vous poss\u00e9dez une paire d&rsquo;AirPods, vous pourriez avoir une mise \u00e0 niveau futuriste\" \/>\n<meta property=\"og:url\" content=\"https:\/\/vieassociative.be\/actualites\/ios-19-pourrait-ajouter-une-traduction-en-direct-pour-airpods\/\" \/>\n<meta property=\"og:site_name\" content=\"Vie Associative\" \/>\n<meta property=\"article:published_time\" content=\"2025-03-16T13:17:19+00:00\" \/>\n<meta property=\"og:image\" content=\"https:\/\/vieassociative.be\/actualites\/wp-content\/uploads\/2024\/09\/header_backgroundk-01-e1726694325946.png\" \/>\n\t<meta property=\"og:image:width\" content=\"279\" \/>\n\t<meta property=\"og:image:height\" content=\"92\" \/>\n\t<meta property=\"og:image:type\" content=\"image\/png\" \/>\n<meta name=\"author\" content=\"Julien\" \/>\n<meta name=\"twitter:card\" content=\"summary_large_image\" \/>\n<meta name=\"twitter:label1\" content=\"\u00c9crit par\" \/>\n\t<meta name=\"twitter:data1\" content=\"Julien\" \/>\n\t<meta name=\"twitter:label2\" content=\"Dur\u00e9e de lecture est.\" \/>\n\t<meta name=\"twitter:data2\" content=\"3 minutes\" \/>\n<script type=\"application\/ld+json\" class=\"yoast-schema-graph\">{\"@context\":\"https:\/\/schema.org\",\"@graph\":[{\"@type\":\"Article\",\"@id\":\"https:\/\/vieassociative.be\/actualites\/ios-19-pourrait-ajouter-une-traduction-en-direct-pour-airpods\/#article\",\"isPartOf\":{\"@id\":\"https:\/\/vieassociative.be\/actualites\/ios-19-pourrait-ajouter-une-traduction-en-direct-pour-airpods\/\"},\"author\":{\"name\":\"Julien\",\"@id\":\"https:\/\/vieassociative.be\/actualites\/#\/schema\/person\/b87ac4f82f9d4e7b7cec7395b679edc4\"},\"headline\":\"iOS 19 pourrait ajouter une traduction en direct pour AirPods\",\"datePublished\":\"2025-03-16T13:17:19+00:00\",\"dateModified\":\"2025-03-16T13:17:19+00:00\",\"mainEntityOfPage\":{\"@id\":\"https:\/\/vieassociative.be\/actualites\/ios-19-pourrait-ajouter-une-traduction-en-direct-pour-airpods\/\"},\"wordCount\":560,\"publisher\":{\"@id\":\"https:\/\/vieassociative.be\/actualites\/#organization\"},\"image\":{\"@id\":\"https:\/\/vieassociative.be\/actualites\/ios-19-pourrait-ajouter-une-traduction-en-direct-pour-airpods\/#primaryimage\"},\"thumbnailUrl\":\"https:\/\/vieassociative.be\/actualites\/wp-content\/uploads\/2025\/03\/iOS-19-pourrait-ajouter-une-traduction-en-direct-pour-AirPods.png\",\"keywords\":[\"AirPods\",\"ajouter\",\"direct\",\"iOS\",\"pour\",\"pourrait\",\"traduction\",\"une\"],\"articleSection\":[\"Technologie\"],\"inLanguage\":\"fr-BE\"},{\"@type\":\"WebPage\",\"@id\":\"https:\/\/vieassociative.be\/actualites\/ios-19-pourrait-ajouter-une-traduction-en-direct-pour-airpods\/\",\"url\":\"https:\/\/vieassociative.be\/actualites\/ios-19-pourrait-ajouter-une-traduction-en-direct-pour-airpods\/\",\"name\":\"iOS 19 pourrait ajouter une traduction en direct pour AirPods | Vie Associative\",\"isPartOf\":{\"@id\":\"https:\/\/vieassociative.be\/actualites\/#website\"},\"primaryImageOfPage\":{\"@id\":\"https:\/\/vieassociative.be\/actualites\/ios-19-pourrait-ajouter-une-traduction-en-direct-pour-airpods\/#primaryimage\"},\"image\":{\"@id\":\"https:\/\/vieassociative.be\/actualites\/ios-19-pourrait-ajouter-une-traduction-en-direct-pour-airpods\/#primaryimage\"},\"thumbnailUrl\":\"https:\/\/vieassociative.be\/actualites\/wp-content\/uploads\/2025\/03\/iOS-19-pourrait-ajouter-une-traduction-en-direct-pour-AirPods.png\",\"datePublished\":\"2025-03-16T13:17:19+00:00\",\"dateModified\":\"2025-03-16T13:17:19+00:00\",\"breadcrumb\":{\"@id\":\"https:\/\/vieassociative.be\/actualites\/ios-19-pourrait-ajouter-une-traduction-en-direct-pour-airpods\/#breadcrumb\"},\"inLanguage\":\"fr-BE\",\"potentialAction\":[{\"@type\":\"ReadAction\",\"target\":[\"https:\/\/vieassociative.be\/actualites\/ios-19-pourrait-ajouter-une-traduction-en-direct-pour-airpods\/\"]}]},{\"@type\":\"ImageObject\",\"inLanguage\":\"fr-BE\",\"@id\":\"https:\/\/vieassociative.be\/actualites\/ios-19-pourrait-ajouter-une-traduction-en-direct-pour-airpods\/#primaryimage\",\"url\":\"https:\/\/vieassociative.be\/actualites\/wp-content\/uploads\/2025\/03\/iOS-19-pourrait-ajouter-une-traduction-en-direct-pour-AirPods.png\",\"contentUrl\":\"https:\/\/vieassociative.be\/actualites\/wp-content\/uploads\/2025\/03\/iOS-19-pourrait-ajouter-une-traduction-en-direct-pour-AirPods.png\",\"width\":1200,\"height\":675,\"caption\":\"iOS 19 pourrait ajouter une traduction en direct pour AirPods\"},{\"@type\":\"BreadcrumbList\",\"@id\":\"https:\/\/vieassociative.be\/actualites\/ios-19-pourrait-ajouter-une-traduction-en-direct-pour-airpods\/#breadcrumb\",\"itemListElement\":[{\"@type\":\"ListItem\",\"position\":1,\"name\":\"Accueil\",\"item\":\"https:\/\/vieassociative.be\/actualites\/\"},{\"@type\":\"ListItem\",\"position\":2,\"name\":\"iOS 19 pourrait ajouter une traduction en direct pour AirPods\"}]},{\"@type\":\"WebSite\",\"@id\":\"https:\/\/vieassociative.be\/actualites\/#website\",\"url\":\"https:\/\/vieassociative.be\/actualites\/\",\"name\":\"Vie Associative\",\"description\":\"\",\"publisher\":{\"@id\":\"https:\/\/vieassociative.be\/actualites\/#organization\"},\"potentialAction\":[{\"@type\":\"SearchAction\",\"target\":{\"@type\":\"EntryPoint\",\"urlTemplate\":\"https:\/\/vieassociative.be\/actualites\/?s={search_term_string}\"},\"query-input\":{\"@type\":\"PropertyValueSpecification\",\"valueRequired\":true,\"valueName\":\"search_term_string\"}}],\"inLanguage\":\"fr-BE\"},{\"@type\":\"Organization\",\"@id\":\"https:\/\/vieassociative.be\/actualites\/#organization\",\"name\":\"Vie Associative\",\"url\":\"https:\/\/vieassociative.be\/actualites\/\",\"logo\":{\"@type\":\"ImageObject\",\"inLanguage\":\"fr-BE\",\"@id\":\"https:\/\/vieassociative.be\/actualites\/#\/schema\/logo\/image\/\",\"url\":\"https:\/\/vieassociative.be\/actualites\/wp-content\/uploads\/2024\/09\/cropped-vieassociative_favicon.ico.png\",\"contentUrl\":\"https:\/\/vieassociative.be\/actualites\/wp-content\/uploads\/2024\/09\/cropped-vieassociative_favicon.ico.png\",\"width\":512,\"height\":512,\"caption\":\"Vie Associative\"},\"image\":{\"@id\":\"https:\/\/vieassociative.be\/actualites\/#\/schema\/logo\/image\/\"}},{\"@type\":\"Person\",\"@id\":\"https:\/\/vieassociative.be\/actualites\/#\/schema\/person\/b87ac4f82f9d4e7b7cec7395b679edc4\",\"name\":\"Julien\",\"image\":{\"@type\":\"ImageObject\",\"inLanguage\":\"fr-BE\",\"@id\":\"https:\/\/vieassociative.be\/actualites\/#\/schema\/person\/image\/\",\"url\":\"https:\/\/vieassociative.be\/actualites\/wp-content\/uploads\/2024\/09\/vie-associative-1-150x150.jpg\",\"contentUrl\":\"https:\/\/vieassociative.be\/actualites\/wp-content\/uploads\/2024\/09\/vie-associative-1-150x150.jpg\",\"caption\":\"Julien\"},\"description\":\"Je suis Julien, r\u00e9dacteur pour Vie Associative. Passionn\u00e9 par le monde associatif depuis plus de 10 ans, j'ai \u00e0 c\u0153ur de partager des histoires inspirantes et de mettre en lumi\u00e8re les initiatives locales. Mon objectif est de sensibiliser et d'encourager l'engagement communautaire \u00e0 travers mes articles.\",\"sameAs\":[\"https:\/\/vieassociative.be\/\"]}]}<\/script>\n<!-- \/ Yoast SEO plugin. -->","yoast_head_json":{"title":"iOS 19 pourrait ajouter une traduction en direct pour AirPods | Vie Associative","robots":{"index":"index","follow":"follow","max-snippet":"max-snippet:-1","max-image-preview":"max-image-preview:large","max-video-preview":"max-video-preview:-1"},"canonical":"https:\/\/vieassociative.be\/actualites\/ios-19-pourrait-ajouter-une-traduction-en-direct-pour-airpods\/","og_locale":"fr_FR","og_type":"article","og_title":"iOS 19 pourrait ajouter une traduction en direct pour AirPods | Vie Associative","og_description":"Les bourgeons de pixels de Google le soutiennent depuis des ann\u00e9es. Si vous poss\u00e9dez une paire d&rsquo;AirPods, vous pourriez avoir une mise \u00e0 niveau futuriste","og_url":"https:\/\/vieassociative.be\/actualites\/ios-19-pourrait-ajouter-une-traduction-en-direct-pour-airpods\/","og_site_name":"Vie Associative","article_published_time":"2025-03-16T13:17:19+00:00","og_image":[{"width":279,"height":92,"url":"https:\/\/vieassociative.be\/actualites\/wp-content\/uploads\/2024\/09\/header_backgroundk-01-e1726694325946.png","type":"image\/png"}],"author":"Julien","twitter_card":"summary_large_image","twitter_misc":{"\u00c9crit par":"Julien","Dur\u00e9e de lecture est.":"3 minutes"},"schema":{"@context":"https:\/\/schema.org","@graph":[{"@type":"Article","@id":"https:\/\/vieassociative.be\/actualites\/ios-19-pourrait-ajouter-une-traduction-en-direct-pour-airpods\/#article","isPartOf":{"@id":"https:\/\/vieassociative.be\/actualites\/ios-19-pourrait-ajouter-une-traduction-en-direct-pour-airpods\/"},"author":{"name":"Julien","@id":"https:\/\/vieassociative.be\/actualites\/#\/schema\/person\/b87ac4f82f9d4e7b7cec7395b679edc4"},"headline":"iOS 19 pourrait ajouter une traduction en direct pour AirPods","datePublished":"2025-03-16T13:17:19+00:00","dateModified":"2025-03-16T13:17:19+00:00","mainEntityOfPage":{"@id":"https:\/\/vieassociative.be\/actualites\/ios-19-pourrait-ajouter-une-traduction-en-direct-pour-airpods\/"},"wordCount":560,"publisher":{"@id":"https:\/\/vieassociative.be\/actualites\/#organization"},"image":{"@id":"https:\/\/vieassociative.be\/actualites\/ios-19-pourrait-ajouter-une-traduction-en-direct-pour-airpods\/#primaryimage"},"thumbnailUrl":"https:\/\/vieassociative.be\/actualites\/wp-content\/uploads\/2025\/03\/iOS-19-pourrait-ajouter-une-traduction-en-direct-pour-AirPods.png","keywords":["AirPods","ajouter","direct","iOS","pour","pourrait","traduction","une"],"articleSection":["Technologie"],"inLanguage":"fr-BE"},{"@type":"WebPage","@id":"https:\/\/vieassociative.be\/actualites\/ios-19-pourrait-ajouter-une-traduction-en-direct-pour-airpods\/","url":"https:\/\/vieassociative.be\/actualites\/ios-19-pourrait-ajouter-une-traduction-en-direct-pour-airpods\/","name":"iOS 19 pourrait ajouter une traduction en direct pour AirPods | Vie Associative","isPartOf":{"@id":"https:\/\/vieassociative.be\/actualites\/#website"},"primaryImageOfPage":{"@id":"https:\/\/vieassociative.be\/actualites\/ios-19-pourrait-ajouter-une-traduction-en-direct-pour-airpods\/#primaryimage"},"image":{"@id":"https:\/\/vieassociative.be\/actualites\/ios-19-pourrait-ajouter-une-traduction-en-direct-pour-airpods\/#primaryimage"},"thumbnailUrl":"https:\/\/vieassociative.be\/actualites\/wp-content\/uploads\/2025\/03\/iOS-19-pourrait-ajouter-une-traduction-en-direct-pour-AirPods.png","datePublished":"2025-03-16T13:17:19+00:00","dateModified":"2025-03-16T13:17:19+00:00","breadcrumb":{"@id":"https:\/\/vieassociative.be\/actualites\/ios-19-pourrait-ajouter-une-traduction-en-direct-pour-airpods\/#breadcrumb"},"inLanguage":"fr-BE","potentialAction":[{"@type":"ReadAction","target":["https:\/\/vieassociative.be\/actualites\/ios-19-pourrait-ajouter-une-traduction-en-direct-pour-airpods\/"]}]},{"@type":"ImageObject","inLanguage":"fr-BE","@id":"https:\/\/vieassociative.be\/actualites\/ios-19-pourrait-ajouter-une-traduction-en-direct-pour-airpods\/#primaryimage","url":"https:\/\/vieassociative.be\/actualites\/wp-content\/uploads\/2025\/03\/iOS-19-pourrait-ajouter-une-traduction-en-direct-pour-AirPods.png","contentUrl":"https:\/\/vieassociative.be\/actualites\/wp-content\/uploads\/2025\/03\/iOS-19-pourrait-ajouter-une-traduction-en-direct-pour-AirPods.png","width":1200,"height":675,"caption":"iOS 19 pourrait ajouter une traduction en direct pour AirPods"},{"@type":"BreadcrumbList","@id":"https:\/\/vieassociative.be\/actualites\/ios-19-pourrait-ajouter-une-traduction-en-direct-pour-airpods\/#breadcrumb","itemListElement":[{"@type":"ListItem","position":1,"name":"Accueil","item":"https:\/\/vieassociative.be\/actualites\/"},{"@type":"ListItem","position":2,"name":"iOS 19 pourrait ajouter une traduction en direct pour AirPods"}]},{"@type":"WebSite","@id":"https:\/\/vieassociative.be\/actualites\/#website","url":"https:\/\/vieassociative.be\/actualites\/","name":"Vie Associative","description":"","publisher":{"@id":"https:\/\/vieassociative.be\/actualites\/#organization"},"potentialAction":[{"@type":"SearchAction","target":{"@type":"EntryPoint","urlTemplate":"https:\/\/vieassociative.be\/actualites\/?s={search_term_string}"},"query-input":{"@type":"PropertyValueSpecification","valueRequired":true,"valueName":"search_term_string"}}],"inLanguage":"fr-BE"},{"@type":"Organization","@id":"https:\/\/vieassociative.be\/actualites\/#organization","name":"Vie Associative","url":"https:\/\/vieassociative.be\/actualites\/","logo":{"@type":"ImageObject","inLanguage":"fr-BE","@id":"https:\/\/vieassociative.be\/actualites\/#\/schema\/logo\/image\/","url":"https:\/\/vieassociative.be\/actualites\/wp-content\/uploads\/2024\/09\/cropped-vieassociative_favicon.ico.png","contentUrl":"https:\/\/vieassociative.be\/actualites\/wp-content\/uploads\/2024\/09\/cropped-vieassociative_favicon.ico.png","width":512,"height":512,"caption":"Vie Associative"},"image":{"@id":"https:\/\/vieassociative.be\/actualites\/#\/schema\/logo\/image\/"}},{"@type":"Person","@id":"https:\/\/vieassociative.be\/actualites\/#\/schema\/person\/b87ac4f82f9d4e7b7cec7395b679edc4","name":"Julien","image":{"@type":"ImageObject","inLanguage":"fr-BE","@id":"https:\/\/vieassociative.be\/actualites\/#\/schema\/person\/image\/","url":"https:\/\/vieassociative.be\/actualites\/wp-content\/uploads\/2024\/09\/vie-associative-1-150x150.jpg","contentUrl":"https:\/\/vieassociative.be\/actualites\/wp-content\/uploads\/2024\/09\/vie-associative-1-150x150.jpg","caption":"Julien"},"description":"Je suis Julien, r\u00e9dacteur pour Vie Associative. Passionn\u00e9 par le monde associatif depuis plus de 10 ans, j'ai \u00e0 c\u0153ur de partager des histoires inspirantes et de mettre en lumi\u00e8re les initiatives locales. Mon objectif est de sensibiliser et d'encourager l'engagement communautaire \u00e0 travers mes articles.","sameAs":["https:\/\/vieassociative.be\/"]}]}},"_links":{"self":[{"href":"https:\/\/vieassociative.be\/actualites\/wp-json\/wp\/v2\/posts\/5927"}],"collection":[{"href":"https:\/\/vieassociative.be\/actualites\/wp-json\/wp\/v2\/posts"}],"about":[{"href":"https:\/\/vieassociative.be\/actualites\/wp-json\/wp\/v2\/types\/post"}],"author":[{"embeddable":true,"href":"https:\/\/vieassociative.be\/actualites\/wp-json\/wp\/v2\/users\/1"}],"replies":[{"embeddable":true,"href":"https:\/\/vieassociative.be\/actualites\/wp-json\/wp\/v2\/comments?post=5927"}],"version-history":[{"count":0,"href":"https:\/\/vieassociative.be\/actualites\/wp-json\/wp\/v2\/posts\/5927\/revisions"}],"wp:featuredmedia":[{"embeddable":true,"href":"https:\/\/vieassociative.be\/actualites\/wp-json\/wp\/v2\/media\/5928"}],"wp:attachment":[{"href":"https:\/\/vieassociative.be\/actualites\/wp-json\/wp\/v2\/media?parent=5927"}],"wp:term":[{"taxonomy":"category","embeddable":true,"href":"https:\/\/vieassociative.be\/actualites\/wp-json\/wp\/v2\/categories?post=5927"},{"taxonomy":"post_tag","embeddable":true,"href":"https:\/\/vieassociative.be\/actualites\/wp-json\/wp\/v2\/tags?post=5927"}],"curies":[{"name":"wp","href":"https:\/\/api.w.org\/{rel}","templated":true}]}}