{"id":5925,"date":"2025-03-16T13:17:28","date_gmt":"2025-03-16T12:17:28","guid":{"rendered":"https:\/\/vieassociative.be\/actualites\/ma-methode-preferee-pour-brouiller-les-oeufs-nest-pas-ce-que-jai-predit\/"},"modified":"2025-03-16T13:17:28","modified_gmt":"2025-03-16T12:17:28","slug":"ma-methode-preferee-pour-brouiller-les-oeufs-nest-pas-ce-que-jai-predit","status":"publish","type":"post","link":"https:\/\/vieassociative.be\/actualites\/ma-methode-preferee-pour-brouiller-les-oeufs-nest-pas-ce-que-jai-predit\/","title":{"rendered":"Ma m\u00e9thode pr\u00e9f\u00e9r\u00e9e pour brouiller les \u0153ufs n&rsquo;est pas ce que j&rsquo;ai pr\u00e9dit"},"content":{"rendered":"<div class=\"mt-4 leading-6 md:mb-8\">Ce n&rsquo;est pas le temps de gaspiller des \u0153ufs sur une ru\u00e9e imparfaite.<\/div>\n<p><\/p>\n<p>Ce n&rsquo;est pas le moment de faire des \u0153ufs brouill\u00e9s inf\u00e9rieurs &#8211; chacun de la coquille doit \u00eatre fissur\u00e9 dans un but et cuit \u00e0 la perfection. Bien que vous ayez probablement brouill\u00e9 quelques bons \u0153ufs dans votre temps, il est important de savoir qu&rsquo;il existe plusieurs fa\u00e7ons de configurer votre brouillage, et chaque sens offre un r\u00e9sultat diff\u00e9rent. D\u00e9couvrez si vous avez r\u00e9ellement brouill\u00e9 l&rsquo;\u0153uf parfait ou si vous devez changer votre m\u00e9thode. <\/p>\n<h2 id=\"heat-and-added-ingredients\">Chauffer et ajouter des ingr\u00e9dients<\/h2>\n<p>Il existe de nombreux ingr\u00e9dients qui peuvent modifier la texture de vos \u0153ufs, donc je voulais garder les composants coh\u00e9rents pour zoomer sur les r\u00e9sultats de la texture de chaque outil de brouillage (fouet, fourche, m\u00e9langeur d&rsquo;immersion et tremblement de pot). <\/p>\n<p>L&rsquo;ajout de m\u00e9langes comme la viande hach\u00e9e, les herbes ou le fromage et l&rsquo;utilisation d&rsquo;eau, de lait, de cr\u00e8me ou rien peuvent changer les choses (certains plus que d&rsquo;autres). Bien s\u00fbr, cela d\u00e9pend de ce que vous avez faim pour cette journ\u00e9e, mais je dirai ceci: trop de liquide peut entra\u00eener des \u0153ufs brouill\u00e9s caoutchouteux. Dans un effort pour \u00e9vaporer l&rsquo;exc\u00e8s d&rsquo;humidit\u00e9, vous pouvez recourir \u00e0 la cuisson des \u0153ufs plus longtemps et les prot\u00e9ines se contracteront jusqu&rsquo;\u00e0 ce qu&rsquo;elles soient serr\u00e9es et moelleuses. Utilisez toujours une petite quantit\u00e9 si vous utilisez du liquide, environ une cuill\u00e8re \u00e0 caf\u00e9 par deux \u0153ufs.<\/p>\n<p>Si vous partez compl\u00e8tement de z\u00e9ro avec la fa\u00e7on dont vous aimez cuisiner des \u0153ufs brouill\u00e9s, vous voudrez peut-\u00eatre en lire un peu plus sur les cuisiner bas et lents ou chauds et rapides. Faible et lent peuvent entra\u00eener des \u0153ufs plus cr\u00e8meaux avec de minuscules caill\u00e9s en forme de bouillie. Hot et rapide vous donnera de plus grands morceaux d&rsquo;oeuf. <\/p>\n<h2 id=\"how-to-scramble-your-favorite-eggs\">Comment brouiller vos \u0153ufs pr\u00e9f\u00e9r\u00e9s<\/h2>\n<p>Lors de ces tests, j&rsquo;ai pr\u00e9par\u00e9 le m\u00e9lange de la m\u00eame mani\u00e8re \u00e0 chaque fois &#8211; deux \u0153ufs avec une demi-piti\u00e9 de cr\u00e8me \u00e9paisse et une pinc\u00e9e de sel &#8211; et je les ai cuites dans une casserole l\u00e9g\u00e8rement beurr\u00e9e \u00e0 feu \u00e0 feu \u00e0 feu \u00e0 feuilles moyennes. J&rsquo;ai \u00e9t\u00e9 surpris de noter les r\u00e9sultats. Il n&rsquo;y a pas <em>faux<\/em> Oeuf brouill\u00e9, au fait. Certaines personnes les aiment s\u00e8ches et d&rsquo;autres les aiment cr\u00e8me. Quoi qu&rsquo;il en soit, voici comment r\u00e9aliser le meilleur pour vous. <\/p>\n<h3>Scramble de fourche r\u00e9guli\u00e8re<\/h3>\n<div class=\"eloquent-imagery-image\">\n<div class=\"flex justify-center\">\n                    <img decoding=\"async\" class=\"border border-gray-100\" src=\"https:\/\/vieassociative.be\/actualites\/wp-content\/uploads\/2025\/03\/Ma-methode-preferee-pour-brouiller-les-oeufs-nest-pas-ce.jpg\" alt=\"Oeufs grill\u00e9s \u00e0 fourche sur une assiette blanche.\" width=\"2000\" height=\"1124\" loading=\"lazy\"  >\n            <\/div>\n<\/p><\/div>\n<p>Je m&rsquo;attendais \u00e0 ce que cela donne l&rsquo;\u0153uf le plus grumeleux et les morceaux fermes. \u00c9tonnamment, une fourche de fourche classique pendant 20 \u00e0 30 secondes donne un caill\u00e9 doux et moyen. Compar\u00e9 au m\u00e9langeur d&rsquo;immersion et au fouet, le brouillage de fourche est en fait un moyen assez doux de g\u00e9rer vos \u0153ufs. Les \u0153ufs se sont retrouv\u00e9s tendres et soyeux. <\/p>\n<h3>M\u00e9langeur d&rsquo;immersion<\/h3>\n<div class=\"eloquent-imagery-image\">\n<div class=\"flex justify-center\">\n                    <img decoding=\"async\" class=\"border border-gray-100\" src=\"https:\/\/vieassociative.be\/actualites\/wp-content\/uploads\/2025\/03\/1742127447_934_Ma-methode-preferee-pour-brouiller-les-oeufs-nest-pas-ce.jpg\" alt=\"\u0152ufs \u00e0 immersion \u00e0 l'immersion sur une assiette blanche.\" width=\"2000\" height=\"1124\" loading=\"lazy\"  >\n            <\/div>\n<\/p><\/div>\n<p> Comme pr\u00e9vu, la gestion du m\u00e9langeur d&rsquo;immersion pendant 30 secondes a cr\u00e9\u00e9 un m\u00e9lange fortement a\u00e9r\u00e9 &#8211; le liquide des \u0153ufs a presque doubl\u00e9 de volume en ce temps de m\u00e9lange court. Cela a entra\u00een\u00e9 des rubans d&rsquo;\u0153ufs \u00e0 cuisson rapide et moelleux. Les belles bulles cuites rapidement le long des c\u00f4t\u00e9s de la casserole et naturellement je glisserais le long des c\u00f4t\u00e9s pour les remuer au centre. Cette course \u00e9tait plus ferme et moelleuse et la texture \u00e9tait l\u00e9g\u00e8re.<\/p>\n<h3>Secouez-les dans un pot <\/h3>\n<div class=\"eloquent-imagery-image\">\n<div class=\"flex justify-center\">\n                    <img decoding=\"async\" class=\"border border-gray-100\" src=\"https:\/\/vieassociative.be\/actualites\/wp-content\/uploads\/2025\/03\/1742127448_12_Ma-methode-preferee-pour-brouiller-les-oeufs-nest-pas-ce.jpg\" alt=\"Des \u0153ufs brouill\u00e9s sur une assiette blanche.\" width=\"2000\" height=\"1124\" loading=\"lazy\"  >\n            <\/div>\n<\/p><\/div>\n<p>Je ne secoue g\u00e9n\u00e9ralement pas mes \u0153ufs, mais je pourrais commencer. Mes \u0153ufs, le sel et la cr\u00e8me sont all\u00e9s dans un petit pot (un vieux pot de cerise Amarena de Trader Joe&rsquo;s. Iykyk.) Et je me suis coup\u00e9 pendant environ 30 secondes (avec le couvercle, bien s\u00fbr). M\u00eame si je l&rsquo;ai secou\u00e9 vigoureusement, cette m\u00e9thode est l&rsquo;une des m\u00e9thodes de brouillage les plus douces. Au lieu d&rsquo;utiliser un outil m\u00e9tallique, qui ajoute de l&rsquo;air au m\u00e9lange, le pot contient les \u0153ufs lorsqu&rsquo;ils se brisent contre les murs.<\/p>\n<p>Cette course \u00e9tait douce et soyeuse, encore plus qu&rsquo;avec l&rsquo;utilisation d&rsquo;une fourchette. Il est plus facile d&rsquo;obtenir de petits caill\u00e9s avec ce style de m\u00e9lange. Je ne suis pas all\u00e9 complet ici, mais si vous <em>faire <\/em>Comme une consistance cr\u00e9meuse et en bouillie, vous devez commencer Jar-Shakin et les faire cuire \u00e0 feu tr\u00e8s doux.<\/p>\n<h3>Fouett\u00e9<\/h3>\n<div class=\"eloquent-imagery-image\">\n<div class=\"flex justify-center\">\n                    <img decoding=\"async\" class=\"border border-gray-100\" src=\"https:\/\/vieassociative.be\/actualites\/wp-content\/uploads\/2025\/03\/1742127448_148_Ma-methode-preferee-pour-brouiller-les-oeufs-nest-pas-ce.jpg\" alt=\"Des \u0153ufs brouill\u00e9s fouett\u00e9s sur une assiette blanche.\" width=\"2000\" height=\"1124\" loading=\"lazy\"  >\n            <\/div>\n<\/p><\/div>\n<p>Je m&rsquo;attendais \u00e0 ce que les \u0153ufs fouett\u00e9s soient similaires \u00e0 la fourchette de fourche, mais les choses se sont encore r\u00e9v\u00e9l\u00e9es diff\u00e9remment. En fouetter rapidement mes \u0153ufs a conduit \u00e0 des r\u00e9sultats similaires \u00e0 l&rsquo;utilisation de l&rsquo;immersion &#8211; des rubans d&rsquo;immeuble et moelleux. Vous pouvez voir que les rubans sont plus courts (plus comme des puces) que ce que le m\u00e9langeur d&rsquo;immersion a produit. Je pourrais dire qu&rsquo;ils \u00e9taient moins fermes que l&rsquo;immersion, mais si je devais faire un test de go\u00fbt aveugle, je confondre probablement les deux. <\/p>\n<p>Le mod\u00e8le de ces quatre tests se r\u00e9sume \u00e0 l&rsquo;a\u00e9ration. Plus vous agitez vos \u0153ufs et y ajoutez des bulles d&rsquo;air, plus ils seront moelleux et plus fermes. De toute \u00e9vidence, le m\u00e9langeur d&rsquo;immersion a beaucoup de pouvoir derri\u00e8re lui, vous obtiendrez donc beaucoup de mousse avec un appareil comme celui-ci. Le fouet est con\u00e7u pour fouetter l&rsquo;air dans des liquides, donc, encore une fois, plus de mousse. <\/p>\n<p>Plus vous \u00eates doux avec votre ru\u00e9e &#8211; une fourche \u00e0 quatre bords ou une simple secoue &#8211; gardait votre m\u00e9lange d&rsquo;oeufs tendre et soyeux, avec moins de bulles incorpor\u00e9es. Je pensais que je serais immersion en m\u00e9langeant ma course \u00e0 partir de maintenant, mais je pourrais tr\u00e8s bien devenir un bott\u00e9. La vie est impr\u00e9visible, non?<\/p>\n","protected":false},"excerpt":{"rendered":"<p>Ce n&rsquo;est pas le temps de gaspiller des \u0153ufs sur une ru\u00e9e imparfaite. Ce n&rsquo;est pas le moment de faire des \u0153ufs brouill\u00e9s inf\u00e9rieurs &#8211;<\/p>\n","protected":false},"author":1,"featured_media":5926,"comment_status":"","ping_status":"","sticky":false,"template":"","format":"standard","meta":{"footnotes":""},"categories":[39],"tags":[5879,823,14,106,1082,1803,126,81,5880,52],"class_list":["post-5925","post","type-post","status-publish","format-standard","has-post-thumbnail","hentry","category-gastronomie","tag-brouiller","tag-jai","tag-les","tag-methode","tag-nest","tag-oeufs","tag-pas","tag-pour","tag-predit","tag-preferee","generate-columns","tablet-grid-50","mobile-grid-100","grid-parent","grid-33"],"yoast_head":"<!-- This site is optimized with the Yoast SEO plugin v24.0 - https:\/\/yoast.com\/wordpress\/plugins\/seo\/ -->\n<title>Ma m\u00e9thode pr\u00e9f\u00e9r\u00e9e pour brouiller les \u0153ufs n&#039;est pas ce que j&#039;ai pr\u00e9dit | Vie Associative<\/title>\n<meta name=\"robots\" content=\"index, follow, max-snippet:-1, max-image-preview:large, max-video-preview:-1\" \/>\n<link rel=\"canonical\" href=\"https:\/\/vieassociative.be\/actualites\/ma-methode-preferee-pour-brouiller-les-oeufs-nest-pas-ce-que-jai-predit\/\" \/>\n<meta property=\"og:locale\" content=\"fr_FR\" \/>\n<meta property=\"og:type\" content=\"article\" \/>\n<meta property=\"og:title\" content=\"Ma m\u00e9thode pr\u00e9f\u00e9r\u00e9e pour brouiller les \u0153ufs n&#039;est pas ce que j&#039;ai pr\u00e9dit | Vie Associative\" \/>\n<meta property=\"og:description\" content=\"Ce n&rsquo;est pas le temps de gaspiller des \u0153ufs sur une ru\u00e9e imparfaite. Ce n&rsquo;est pas le moment de faire des \u0153ufs brouill\u00e9s inf\u00e9rieurs &#8211;\" \/>\n<meta property=\"og:url\" content=\"https:\/\/vieassociative.be\/actualites\/ma-methode-preferee-pour-brouiller-les-oeufs-nest-pas-ce-que-jai-predit\/\" \/>\n<meta property=\"og:site_name\" content=\"Vie Associative\" \/>\n<meta property=\"article:published_time\" content=\"2025-03-16T12:17:28+00:00\" \/>\n<meta property=\"og:image\" content=\"https:\/\/vieassociative.be\/actualites\/wp-content\/uploads\/2025\/03\/Ma-methode-preferee-pour-brouiller-les-oeufs-nest-pas-ce.jpg\" \/>\n<meta name=\"author\" content=\"Julien\" \/>\n<meta name=\"twitter:card\" content=\"summary_large_image\" \/>\n<meta name=\"twitter:label1\" content=\"\u00c9crit par\" \/>\n\t<meta name=\"twitter:data1\" content=\"Julien\" \/>\n\t<meta name=\"twitter:label2\" content=\"Dur\u00e9e de lecture est.\" \/>\n\t<meta name=\"twitter:data2\" content=\"5 minutes\" \/>\n<script type=\"application\/ld+json\" class=\"yoast-schema-graph\">{\"@context\":\"https:\/\/schema.org\",\"@graph\":[{\"@type\":\"Article\",\"@id\":\"https:\/\/vieassociative.be\/actualites\/ma-methode-preferee-pour-brouiller-les-oeufs-nest-pas-ce-que-jai-predit\/#article\",\"isPartOf\":{\"@id\":\"https:\/\/vieassociative.be\/actualites\/ma-methode-preferee-pour-brouiller-les-oeufs-nest-pas-ce-que-jai-predit\/\"},\"author\":{\"name\":\"Julien\",\"@id\":\"https:\/\/vieassociative.be\/actualites\/#\/schema\/person\/b87ac4f82f9d4e7b7cec7395b679edc4\"},\"headline\":\"Ma m\u00e9thode pr\u00e9f\u00e9r\u00e9e pour brouiller les \u0153ufs n&rsquo;est pas ce que j&rsquo;ai pr\u00e9dit\",\"datePublished\":\"2025-03-16T12:17:28+00:00\",\"dateModified\":\"2025-03-16T12:17:28+00:00\",\"mainEntityOfPage\":{\"@id\":\"https:\/\/vieassociative.be\/actualites\/ma-methode-preferee-pour-brouiller-les-oeufs-nest-pas-ce-que-jai-predit\/\"},\"wordCount\":1042,\"publisher\":{\"@id\":\"https:\/\/vieassociative.be\/actualites\/#organization\"},\"image\":{\"@id\":\"https:\/\/vieassociative.be\/actualites\/ma-methode-preferee-pour-brouiller-les-oeufs-nest-pas-ce-que-jai-predit\/#primaryimage\"},\"thumbnailUrl\":\"https:\/\/vieassociative.be\/actualites\/wp-content\/uploads\/2025\/03\/1742127448_Ma-methode-preferee-pour-brouiller-les-oeufs-nest-pas-ce.jpg\",\"keywords\":[\"brouiller\",\"Jai\",\"Les\",\"m\u00e9thode\",\"nest\",\"\u0153ufs\",\"pas\",\"pour\",\"pr\u00e9dit\",\"pr\u00e9f\u00e9r\u00e9e\"],\"articleSection\":[\"Gastronomie\"],\"inLanguage\":\"fr-BE\"},{\"@type\":\"WebPage\",\"@id\":\"https:\/\/vieassociative.be\/actualites\/ma-methode-preferee-pour-brouiller-les-oeufs-nest-pas-ce-que-jai-predit\/\",\"url\":\"https:\/\/vieassociative.be\/actualites\/ma-methode-preferee-pour-brouiller-les-oeufs-nest-pas-ce-que-jai-predit\/\",\"name\":\"Ma m\u00e9thode pr\u00e9f\u00e9r\u00e9e pour brouiller les \u0153ufs n'est pas ce que j'ai pr\u00e9dit | Vie Associative\",\"isPartOf\":{\"@id\":\"https:\/\/vieassociative.be\/actualites\/#website\"},\"primaryImageOfPage\":{\"@id\":\"https:\/\/vieassociative.be\/actualites\/ma-methode-preferee-pour-brouiller-les-oeufs-nest-pas-ce-que-jai-predit\/#primaryimage\"},\"image\":{\"@id\":\"https:\/\/vieassociative.be\/actualites\/ma-methode-preferee-pour-brouiller-les-oeufs-nest-pas-ce-que-jai-predit\/#primaryimage\"},\"thumbnailUrl\":\"https:\/\/vieassociative.be\/actualites\/wp-content\/uploads\/2025\/03\/1742127448_Ma-methode-preferee-pour-brouiller-les-oeufs-nest-pas-ce.jpg\",\"datePublished\":\"2025-03-16T12:17:28+00:00\",\"dateModified\":\"2025-03-16T12:17:28+00:00\",\"breadcrumb\":{\"@id\":\"https:\/\/vieassociative.be\/actualites\/ma-methode-preferee-pour-brouiller-les-oeufs-nest-pas-ce-que-jai-predit\/#breadcrumb\"},\"inLanguage\":\"fr-BE\",\"potentialAction\":[{\"@type\":\"ReadAction\",\"target\":[\"https:\/\/vieassociative.be\/actualites\/ma-methode-preferee-pour-brouiller-les-oeufs-nest-pas-ce-que-jai-predit\/\"]}]},{\"@type\":\"ImageObject\",\"inLanguage\":\"fr-BE\",\"@id\":\"https:\/\/vieassociative.be\/actualites\/ma-methode-preferee-pour-brouiller-les-oeufs-nest-pas-ce-que-jai-predit\/#primaryimage\",\"url\":\"https:\/\/vieassociative.be\/actualites\/wp-content\/uploads\/2025\/03\/1742127448_Ma-methode-preferee-pour-brouiller-les-oeufs-nest-pas-ce.jpg\",\"contentUrl\":\"https:\/\/vieassociative.be\/actualites\/wp-content\/uploads\/2025\/03\/1742127448_Ma-methode-preferee-pour-brouiller-les-oeufs-nest-pas-ce.jpg\",\"width\":1200,\"height\":675,\"caption\":\"Ma m\u00e9thode pr\u00e9f\u00e9r\u00e9e pour brouiller les \u0153ufs n'est pas ce que j'ai pr\u00e9dit\"},{\"@type\":\"BreadcrumbList\",\"@id\":\"https:\/\/vieassociative.be\/actualites\/ma-methode-preferee-pour-brouiller-les-oeufs-nest-pas-ce-que-jai-predit\/#breadcrumb\",\"itemListElement\":[{\"@type\":\"ListItem\",\"position\":1,\"name\":\"Accueil\",\"item\":\"https:\/\/vieassociative.be\/actualites\/\"},{\"@type\":\"ListItem\",\"position\":2,\"name\":\"Ma m\u00e9thode pr\u00e9f\u00e9r\u00e9e pour brouiller les \u0153ufs n&rsquo;est pas ce que j&rsquo;ai pr\u00e9dit\"}]},{\"@type\":\"WebSite\",\"@id\":\"https:\/\/vieassociative.be\/actualites\/#website\",\"url\":\"https:\/\/vieassociative.be\/actualites\/\",\"name\":\"Vie Associative\",\"description\":\"\",\"publisher\":{\"@id\":\"https:\/\/vieassociative.be\/actualites\/#organization\"},\"potentialAction\":[{\"@type\":\"SearchAction\",\"target\":{\"@type\":\"EntryPoint\",\"urlTemplate\":\"https:\/\/vieassociative.be\/actualites\/?s={search_term_string}\"},\"query-input\":{\"@type\":\"PropertyValueSpecification\",\"valueRequired\":true,\"valueName\":\"search_term_string\"}}],\"inLanguage\":\"fr-BE\"},{\"@type\":\"Organization\",\"@id\":\"https:\/\/vieassociative.be\/actualites\/#organization\",\"name\":\"Vie Associative\",\"url\":\"https:\/\/vieassociative.be\/actualites\/\",\"logo\":{\"@type\":\"ImageObject\",\"inLanguage\":\"fr-BE\",\"@id\":\"https:\/\/vieassociative.be\/actualites\/#\/schema\/logo\/image\/\",\"url\":\"https:\/\/vieassociative.be\/actualites\/wp-content\/uploads\/2024\/09\/cropped-vieassociative_favicon.ico.png\",\"contentUrl\":\"https:\/\/vieassociative.be\/actualites\/wp-content\/uploads\/2024\/09\/cropped-vieassociative_favicon.ico.png\",\"width\":512,\"height\":512,\"caption\":\"Vie Associative\"},\"image\":{\"@id\":\"https:\/\/vieassociative.be\/actualites\/#\/schema\/logo\/image\/\"}},{\"@type\":\"Person\",\"@id\":\"https:\/\/vieassociative.be\/actualites\/#\/schema\/person\/b87ac4f82f9d4e7b7cec7395b679edc4\",\"name\":\"Julien\",\"image\":{\"@type\":\"ImageObject\",\"inLanguage\":\"fr-BE\",\"@id\":\"https:\/\/vieassociative.be\/actualites\/#\/schema\/person\/image\/\",\"url\":\"https:\/\/vieassociative.be\/actualites\/wp-content\/uploads\/2024\/09\/vie-associative-1-150x150.jpg\",\"contentUrl\":\"https:\/\/vieassociative.be\/actualites\/wp-content\/uploads\/2024\/09\/vie-associative-1-150x150.jpg\",\"caption\":\"Julien\"},\"description\":\"Je suis Julien, r\u00e9dacteur pour Vie Associative. Passionn\u00e9 par le monde associatif depuis plus de 10 ans, j'ai \u00e0 c\u0153ur de partager des histoires inspirantes et de mettre en lumi\u00e8re les initiatives locales. Mon objectif est de sensibiliser et d'encourager l'engagement communautaire \u00e0 travers mes articles.\",\"sameAs\":[\"https:\/\/vieassociative.be\/\"]}]}<\/script>\n<!-- \/ Yoast SEO plugin. -->","yoast_head_json":{"title":"Ma m\u00e9thode pr\u00e9f\u00e9r\u00e9e pour brouiller les \u0153ufs n'est pas ce que j'ai pr\u00e9dit | Vie Associative","robots":{"index":"index","follow":"follow","max-snippet":"max-snippet:-1","max-image-preview":"max-image-preview:large","max-video-preview":"max-video-preview:-1"},"canonical":"https:\/\/vieassociative.be\/actualites\/ma-methode-preferee-pour-brouiller-les-oeufs-nest-pas-ce-que-jai-predit\/","og_locale":"fr_FR","og_type":"article","og_title":"Ma m\u00e9thode pr\u00e9f\u00e9r\u00e9e pour brouiller les \u0153ufs n'est pas ce que j'ai pr\u00e9dit | Vie Associative","og_description":"Ce n&rsquo;est pas le temps de gaspiller des \u0153ufs sur une ru\u00e9e imparfaite. Ce n&rsquo;est pas le moment de faire des \u0153ufs brouill\u00e9s inf\u00e9rieurs &#8211;","og_url":"https:\/\/vieassociative.be\/actualites\/ma-methode-preferee-pour-brouiller-les-oeufs-nest-pas-ce-que-jai-predit\/","og_site_name":"Vie Associative","article_published_time":"2025-03-16T12:17:28+00:00","og_image":[{"url":"https:\/\/vieassociative.be\/actualites\/wp-content\/uploads\/2025\/03\/Ma-methode-preferee-pour-brouiller-les-oeufs-nest-pas-ce.jpg","type":"","width":"","height":""}],"author":"Julien","twitter_card":"summary_large_image","twitter_misc":{"\u00c9crit par":"Julien","Dur\u00e9e de lecture est.":"5 minutes"},"schema":{"@context":"https:\/\/schema.org","@graph":[{"@type":"Article","@id":"https:\/\/vieassociative.be\/actualites\/ma-methode-preferee-pour-brouiller-les-oeufs-nest-pas-ce-que-jai-predit\/#article","isPartOf":{"@id":"https:\/\/vieassociative.be\/actualites\/ma-methode-preferee-pour-brouiller-les-oeufs-nest-pas-ce-que-jai-predit\/"},"author":{"name":"Julien","@id":"https:\/\/vieassociative.be\/actualites\/#\/schema\/person\/b87ac4f82f9d4e7b7cec7395b679edc4"},"headline":"Ma m\u00e9thode pr\u00e9f\u00e9r\u00e9e pour brouiller les \u0153ufs n&rsquo;est pas ce que j&rsquo;ai pr\u00e9dit","datePublished":"2025-03-16T12:17:28+00:00","dateModified":"2025-03-16T12:17:28+00:00","mainEntityOfPage":{"@id":"https:\/\/vieassociative.be\/actualites\/ma-methode-preferee-pour-brouiller-les-oeufs-nest-pas-ce-que-jai-predit\/"},"wordCount":1042,"publisher":{"@id":"https:\/\/vieassociative.be\/actualites\/#organization"},"image":{"@id":"https:\/\/vieassociative.be\/actualites\/ma-methode-preferee-pour-brouiller-les-oeufs-nest-pas-ce-que-jai-predit\/#primaryimage"},"thumbnailUrl":"https:\/\/vieassociative.be\/actualites\/wp-content\/uploads\/2025\/03\/1742127448_Ma-methode-preferee-pour-brouiller-les-oeufs-nest-pas-ce.jpg","keywords":["brouiller","Jai","Les","m\u00e9thode","nest","\u0153ufs","pas","pour","pr\u00e9dit","pr\u00e9f\u00e9r\u00e9e"],"articleSection":["Gastronomie"],"inLanguage":"fr-BE"},{"@type":"WebPage","@id":"https:\/\/vieassociative.be\/actualites\/ma-methode-preferee-pour-brouiller-les-oeufs-nest-pas-ce-que-jai-predit\/","url":"https:\/\/vieassociative.be\/actualites\/ma-methode-preferee-pour-brouiller-les-oeufs-nest-pas-ce-que-jai-predit\/","name":"Ma m\u00e9thode pr\u00e9f\u00e9r\u00e9e pour brouiller les \u0153ufs n'est pas ce que j'ai pr\u00e9dit | Vie Associative","isPartOf":{"@id":"https:\/\/vieassociative.be\/actualites\/#website"},"primaryImageOfPage":{"@id":"https:\/\/vieassociative.be\/actualites\/ma-methode-preferee-pour-brouiller-les-oeufs-nest-pas-ce-que-jai-predit\/#primaryimage"},"image":{"@id":"https:\/\/vieassociative.be\/actualites\/ma-methode-preferee-pour-brouiller-les-oeufs-nest-pas-ce-que-jai-predit\/#primaryimage"},"thumbnailUrl":"https:\/\/vieassociative.be\/actualites\/wp-content\/uploads\/2025\/03\/1742127448_Ma-methode-preferee-pour-brouiller-les-oeufs-nest-pas-ce.jpg","datePublished":"2025-03-16T12:17:28+00:00","dateModified":"2025-03-16T12:17:28+00:00","breadcrumb":{"@id":"https:\/\/vieassociative.be\/actualites\/ma-methode-preferee-pour-brouiller-les-oeufs-nest-pas-ce-que-jai-predit\/#breadcrumb"},"inLanguage":"fr-BE","potentialAction":[{"@type":"ReadAction","target":["https:\/\/vieassociative.be\/actualites\/ma-methode-preferee-pour-brouiller-les-oeufs-nest-pas-ce-que-jai-predit\/"]}]},{"@type":"ImageObject","inLanguage":"fr-BE","@id":"https:\/\/vieassociative.be\/actualites\/ma-methode-preferee-pour-brouiller-les-oeufs-nest-pas-ce-que-jai-predit\/#primaryimage","url":"https:\/\/vieassociative.be\/actualites\/wp-content\/uploads\/2025\/03\/1742127448_Ma-methode-preferee-pour-brouiller-les-oeufs-nest-pas-ce.jpg","contentUrl":"https:\/\/vieassociative.be\/actualites\/wp-content\/uploads\/2025\/03\/1742127448_Ma-methode-preferee-pour-brouiller-les-oeufs-nest-pas-ce.jpg","width":1200,"height":675,"caption":"Ma m\u00e9thode pr\u00e9f\u00e9r\u00e9e pour brouiller les \u0153ufs n'est pas ce que j'ai pr\u00e9dit"},{"@type":"BreadcrumbList","@id":"https:\/\/vieassociative.be\/actualites\/ma-methode-preferee-pour-brouiller-les-oeufs-nest-pas-ce-que-jai-predit\/#breadcrumb","itemListElement":[{"@type":"ListItem","position":1,"name":"Accueil","item":"https:\/\/vieassociative.be\/actualites\/"},{"@type":"ListItem","position":2,"name":"Ma m\u00e9thode pr\u00e9f\u00e9r\u00e9e pour brouiller les \u0153ufs n&rsquo;est pas ce que j&rsquo;ai pr\u00e9dit"}]},{"@type":"WebSite","@id":"https:\/\/vieassociative.be\/actualites\/#website","url":"https:\/\/vieassociative.be\/actualites\/","name":"Vie Associative","description":"","publisher":{"@id":"https:\/\/vieassociative.be\/actualites\/#organization"},"potentialAction":[{"@type":"SearchAction","target":{"@type":"EntryPoint","urlTemplate":"https:\/\/vieassociative.be\/actualites\/?s={search_term_string}"},"query-input":{"@type":"PropertyValueSpecification","valueRequired":true,"valueName":"search_term_string"}}],"inLanguage":"fr-BE"},{"@type":"Organization","@id":"https:\/\/vieassociative.be\/actualites\/#organization","name":"Vie Associative","url":"https:\/\/vieassociative.be\/actualites\/","logo":{"@type":"ImageObject","inLanguage":"fr-BE","@id":"https:\/\/vieassociative.be\/actualites\/#\/schema\/logo\/image\/","url":"https:\/\/vieassociative.be\/actualites\/wp-content\/uploads\/2024\/09\/cropped-vieassociative_favicon.ico.png","contentUrl":"https:\/\/vieassociative.be\/actualites\/wp-content\/uploads\/2024\/09\/cropped-vieassociative_favicon.ico.png","width":512,"height":512,"caption":"Vie Associative"},"image":{"@id":"https:\/\/vieassociative.be\/actualites\/#\/schema\/logo\/image\/"}},{"@type":"Person","@id":"https:\/\/vieassociative.be\/actualites\/#\/schema\/person\/b87ac4f82f9d4e7b7cec7395b679edc4","name":"Julien","image":{"@type":"ImageObject","inLanguage":"fr-BE","@id":"https:\/\/vieassociative.be\/actualites\/#\/schema\/person\/image\/","url":"https:\/\/vieassociative.be\/actualites\/wp-content\/uploads\/2024\/09\/vie-associative-1-150x150.jpg","contentUrl":"https:\/\/vieassociative.be\/actualites\/wp-content\/uploads\/2024\/09\/vie-associative-1-150x150.jpg","caption":"Julien"},"description":"Je suis Julien, r\u00e9dacteur pour Vie Associative. Passionn\u00e9 par le monde associatif depuis plus de 10 ans, j'ai \u00e0 c\u0153ur de partager des histoires inspirantes et de mettre en lumi\u00e8re les initiatives locales. Mon objectif est de sensibiliser et d'encourager l'engagement communautaire \u00e0 travers mes articles.","sameAs":["https:\/\/vieassociative.be\/"]}]}},"_links":{"self":[{"href":"https:\/\/vieassociative.be\/actualites\/wp-json\/wp\/v2\/posts\/5925"}],"collection":[{"href":"https:\/\/vieassociative.be\/actualites\/wp-json\/wp\/v2\/posts"}],"about":[{"href":"https:\/\/vieassociative.be\/actualites\/wp-json\/wp\/v2\/types\/post"}],"author":[{"embeddable":true,"href":"https:\/\/vieassociative.be\/actualites\/wp-json\/wp\/v2\/users\/1"}],"replies":[{"embeddable":true,"href":"https:\/\/vieassociative.be\/actualites\/wp-json\/wp\/v2\/comments?post=5925"}],"version-history":[{"count":0,"href":"https:\/\/vieassociative.be\/actualites\/wp-json\/wp\/v2\/posts\/5925\/revisions"}],"wp:featuredmedia":[{"embeddable":true,"href":"https:\/\/vieassociative.be\/actualites\/wp-json\/wp\/v2\/media\/5926"}],"wp:attachment":[{"href":"https:\/\/vieassociative.be\/actualites\/wp-json\/wp\/v2\/media?parent=5925"}],"wp:term":[{"taxonomy":"category","embeddable":true,"href":"https:\/\/vieassociative.be\/actualites\/wp-json\/wp\/v2\/categories?post=5925"},{"taxonomy":"post_tag","embeddable":true,"href":"https:\/\/vieassociative.be\/actualites\/wp-json\/wp\/v2\/tags?post=5925"}],"curies":[{"name":"wp","href":"https:\/\/api.w.org\/{rel}","templated":true}]}}