{"id":5918,"date":"2025-03-16T03:18:13","date_gmt":"2025-03-16T02:18:13","guid":{"rendered":"https:\/\/vieassociative.be\/actualites\/seulement-un-1-1-a-union-bavaria-laisse-a-nouveau-des-points\/"},"modified":"2025-03-16T03:18:13","modified_gmt":"2025-03-16T02:18:13","slug":"seulement-un-1-1-a-union-bavaria-laisse-a-nouveau-des-points","status":"publish","type":"post","link":"https:\/\/vieassociative.be\/actualites\/seulement-un-1-1-a-union-bavaria-laisse-a-nouveau-des-points\/","title":{"rendered":"Seulement un 1-1 \u00e0 Union: Bavaria laisse \u00e0 nouveau des points"},"content":{"rendered":"<p><strong>Les dirigeants du Bayern Munich en Bundesliga peu de temps avant la fin ont donn\u00e9 la victoire \u00e0 Union Berlin et ont de nouveau laiss\u00e9 des points. L&rsquo;\u00e9quipe de l&rsquo;entra\u00eeneur Vincent Kompany n&rsquo;a trouv\u00e9 aucune solutions offensantes et n&rsquo;est pas sortie de 1: 1 (0-0) au Strong 1. FC Union Berlin.<\/strong><\/p>\n<p><span id=\"more-411245\"><\/span>Devant 22 012 spectateurs dans le stade vendu sur l&rsquo;ancienne foresterie, le Joker Leroy San\u00e9 a fourni la t\u00eate de Munich (75e minute). Mais quelques minutes plus tard, le rempla\u00e7ant Benedict Hollerbach \u00e9galement \u00e9galis\u00e9 apr\u00e8s une erreur du gardien du Bayern Jonas Urbig (83.).<\/p>\n<p>Le week-end dernier, l&rsquo;\u00e9quipe de Munich a \u00e9tonnamment perdu contre le candidat de la rel\u00e9gation Bochum. Le champion en titre Leverkusen pourrait r\u00e9duire l&rsquo;avance du Bayern \u00e0 six points avec une victoire \u00e0 Stuttgart dimanche.<\/p>\n<div id=\"attachment_411250\" class=\"wp-caption alignleft\" style=\"max-width: 300px\"><img fetchpriority=\"high\" decoding=\"async\" class=\"wp-image-411250 size-medium\" src=\"https:\/\/vieassociative.be\/actualites\/wp-content\/uploads\/2025\/03\/Seulement-un-1-1-a-Union-Bavaria-laisse-a-nouveau-des.jpg\" alt=\"\" width=\"300\" height=\"182\"><\/p>\n<p class=\"wp-caption-text\">15\/03\/2025, Berlin: L&rsquo;entra\u00eeneur Vincent Kompany du Bayern Munich appelle quelque chose son \u00e9quipe. Photo: Andreas Gora \/ DPA<\/p>\n<\/div>\n<p>Ainsi, une semaine de nombreuses bonnes nouvelles s&rsquo;est termin\u00e9e par un petit amortisseur pour le Bayern. Dans la premi\u00e8re classe, l&rsquo;\u00e9quipe s&rsquo;est poursuivie de mani\u00e8re extr\u00eamement en toute confiance avec le concurrent Leverkusen. Apr\u00e8s un long all\u00e9e, le capitaine de la DFB Kimmich a \u00e9tendu son contrat expir\u00e9 \u00e0 Munich de quatre ans.<\/p>\n<p>Goretzka a \u00e9t\u00e9 nomin\u00e9 pour la premi\u00e8re fois en 16 mois par l&rsquo;entra\u00eeneur national Julian Nagelsmann pour la premi\u00e8re fois en 16 mois. Apr\u00e8s la pause internationale, le FCB aura lieu le 29 mars dans son propre stade contre le prochain candidat de rel\u00e9gation, FC St. Pauli.<\/p>\n<p><strong>&#8211; Union avec la prochaine victoire surprenante:<\/strong> Apr\u00e8s la victoire \u00e0 Francfort le week-end dernier, les Berlinois peuvent attendre avec impatience la deuxi\u00e8me victoire de point inattendue cons\u00e9cutive. N\u00e9anmoins, les Berlinois sont \u00e9galement rest\u00e9s dans le douzi\u00e8me match de Bundesliga contre le Bayern sans victoire.<\/p>\n<p>L&rsquo;avance sur le lieu de rel\u00e9gation peut se r\u00e9tr\u00e9cir \u00e0 quatre points dans une victoire de Bochum dimanche. Le programme des semaines \u00e0 venir est difficile. Les K\u00f6penickers iront \u00e0 l&rsquo;encontre de Freiburg, Wolfsburg, Leverkusen et Stuttgart \u00e0 partir de fin mars.<\/p>\n","protected":false},"excerpt":{"rendered":"<p>Les dirigeants du Bayern Munich en Bundesliga peu de temps avant la fin ont donn\u00e9 la victoire \u00e0 Union Berlin et ont de nouveau laiss\u00e9<\/p>\n","protected":false},"author":1,"featured_media":5919,"comment_status":"","ping_status":"","sticky":false,"template":"","format":"standard","meta":{"footnotes":""},"categories":[298],"tags":[5107,29,3225,553,5876,2583,4627],"class_list":["post-5918","post","type-post","status-publish","format-standard","has-post-thumbnail","hentry","category-belgique","tag-bavaria","tag-des","tag-laisse","tag-nouveau","tag-points","tag-seulement","tag-union","generate-columns","tablet-grid-50","mobile-grid-100","grid-parent","grid-33"],"yoast_head":"<!-- This site is optimized with the Yoast SEO plugin v24.0 - https:\/\/yoast.com\/wordpress\/plugins\/seo\/ -->\n<title>Seulement un 1-1 \u00e0 Union: Bavaria laisse \u00e0 nouveau des points | Vie Associative<\/title>\n<meta name=\"robots\" content=\"index, follow, max-snippet:-1, max-image-preview:large, max-video-preview:-1\" \/>\n<link rel=\"canonical\" href=\"https:\/\/vieassociative.be\/actualites\/seulement-un-1-1-a-union-bavaria-laisse-a-nouveau-des-points\/\" \/>\n<meta property=\"og:locale\" content=\"fr_FR\" \/>\n<meta property=\"og:type\" content=\"article\" \/>\n<meta property=\"og:title\" content=\"Seulement un 1-1 \u00e0 Union: Bavaria laisse \u00e0 nouveau des points | Vie Associative\" \/>\n<meta property=\"og:description\" content=\"Les dirigeants du Bayern Munich en Bundesliga peu de temps avant la fin ont donn\u00e9 la victoire \u00e0 Union Berlin et ont de nouveau laiss\u00e9\" \/>\n<meta property=\"og:url\" content=\"https:\/\/vieassociative.be\/actualites\/seulement-un-1-1-a-union-bavaria-laisse-a-nouveau-des-points\/\" \/>\n<meta property=\"og:site_name\" content=\"Vie Associative\" \/>\n<meta property=\"article:published_time\" content=\"2025-03-16T02:18:13+00:00\" \/>\n<meta property=\"og:image\" content=\"https:\/\/vieassociative.be\/actualites\/wp-content\/uploads\/2024\/09\/header_backgroundk-01-e1726694325946.png\" \/>\n\t<meta property=\"og:image:width\" content=\"279\" \/>\n\t<meta property=\"og:image:height\" content=\"92\" \/>\n\t<meta property=\"og:image:type\" content=\"image\/png\" \/>\n<meta name=\"author\" content=\"Julien\" \/>\n<meta name=\"twitter:card\" content=\"summary_large_image\" \/>\n<meta name=\"twitter:label1\" content=\"\u00c9crit par\" \/>\n\t<meta name=\"twitter:data1\" content=\"Julien\" \/>\n\t<meta name=\"twitter:label2\" content=\"Dur\u00e9e de lecture est.\" \/>\n\t<meta name=\"twitter:data2\" content=\"2 minutes\" \/>\n<script type=\"application\/ld+json\" class=\"yoast-schema-graph\">{\"@context\":\"https:\/\/schema.org\",\"@graph\":[{\"@type\":\"Article\",\"@id\":\"https:\/\/vieassociative.be\/actualites\/seulement-un-1-1-a-union-bavaria-laisse-a-nouveau-des-points\/#article\",\"isPartOf\":{\"@id\":\"https:\/\/vieassociative.be\/actualites\/seulement-un-1-1-a-union-bavaria-laisse-a-nouveau-des-points\/\"},\"author\":{\"name\":\"Julien\",\"@id\":\"https:\/\/vieassociative.be\/actualites\/#\/schema\/person\/b87ac4f82f9d4e7b7cec7395b679edc4\"},\"headline\":\"Seulement un 1-1 \u00e0 Union: Bavaria laisse \u00e0 nouveau des points\",\"datePublished\":\"2025-03-16T02:18:13+00:00\",\"dateModified\":\"2025-03-16T02:18:13+00:00\",\"mainEntityOfPage\":{\"@id\":\"https:\/\/vieassociative.be\/actualites\/seulement-un-1-1-a-union-bavaria-laisse-a-nouveau-des-points\/\"},\"wordCount\":366,\"publisher\":{\"@id\":\"https:\/\/vieassociative.be\/actualites\/#organization\"},\"image\":{\"@id\":\"https:\/\/vieassociative.be\/actualites\/seulement-un-1-1-a-union-bavaria-laisse-a-nouveau-des-points\/#primaryimage\"},\"thumbnailUrl\":\"https:\/\/vieassociative.be\/actualites\/wp-content\/uploads\/2025\/03\/1742091493_Seulement-un-1-1-a-Union-Bavaria-laisse-a-nouveau-des.jpg\",\"keywords\":[\"Bavaria\",\"Des\",\"laisse\",\"nouveau\",\"points\",\"seulement\",\"Union\"],\"articleSection\":[\"Belgique\"],\"inLanguage\":\"fr-BE\"},{\"@type\":\"WebPage\",\"@id\":\"https:\/\/vieassociative.be\/actualites\/seulement-un-1-1-a-union-bavaria-laisse-a-nouveau-des-points\/\",\"url\":\"https:\/\/vieassociative.be\/actualites\/seulement-un-1-1-a-union-bavaria-laisse-a-nouveau-des-points\/\",\"name\":\"Seulement un 1-1 \u00e0 Union: Bavaria laisse \u00e0 nouveau des points | Vie Associative\",\"isPartOf\":{\"@id\":\"https:\/\/vieassociative.be\/actualites\/#website\"},\"primaryImageOfPage\":{\"@id\":\"https:\/\/vieassociative.be\/actualites\/seulement-un-1-1-a-union-bavaria-laisse-a-nouveau-des-points\/#primaryimage\"},\"image\":{\"@id\":\"https:\/\/vieassociative.be\/actualites\/seulement-un-1-1-a-union-bavaria-laisse-a-nouveau-des-points\/#primaryimage\"},\"thumbnailUrl\":\"https:\/\/vieassociative.be\/actualites\/wp-content\/uploads\/2025\/03\/1742091493_Seulement-un-1-1-a-Union-Bavaria-laisse-a-nouveau-des.jpg\",\"datePublished\":\"2025-03-16T02:18:13+00:00\",\"dateModified\":\"2025-03-16T02:18:13+00:00\",\"breadcrumb\":{\"@id\":\"https:\/\/vieassociative.be\/actualites\/seulement-un-1-1-a-union-bavaria-laisse-a-nouveau-des-points\/#breadcrumb\"},\"inLanguage\":\"fr-BE\",\"potentialAction\":[{\"@type\":\"ReadAction\",\"target\":[\"https:\/\/vieassociative.be\/actualites\/seulement-un-1-1-a-union-bavaria-laisse-a-nouveau-des-points\/\"]}]},{\"@type\":\"ImageObject\",\"inLanguage\":\"fr-BE\",\"@id\":\"https:\/\/vieassociative.be\/actualites\/seulement-un-1-1-a-union-bavaria-laisse-a-nouveau-des-points\/#primaryimage\",\"url\":\"https:\/\/vieassociative.be\/actualites\/wp-content\/uploads\/2025\/03\/1742091493_Seulement-un-1-1-a-Union-Bavaria-laisse-a-nouveau-des.jpg\",\"contentUrl\":\"https:\/\/vieassociative.be\/actualites\/wp-content\/uploads\/2025\/03\/1742091493_Seulement-un-1-1-a-Union-Bavaria-laisse-a-nouveau-des.jpg\",\"width\":1200,\"height\":756,\"caption\":\"Seulement un 1-1 \u00e0 Union: Bavaria laisse \u00e0 nouveau des points\"},{\"@type\":\"BreadcrumbList\",\"@id\":\"https:\/\/vieassociative.be\/actualites\/seulement-un-1-1-a-union-bavaria-laisse-a-nouveau-des-points\/#breadcrumb\",\"itemListElement\":[{\"@type\":\"ListItem\",\"position\":1,\"name\":\"Accueil\",\"item\":\"https:\/\/vieassociative.be\/actualites\/\"},{\"@type\":\"ListItem\",\"position\":2,\"name\":\"Seulement un 1-1 \u00e0 Union: Bavaria laisse \u00e0 nouveau des points\"}]},{\"@type\":\"WebSite\",\"@id\":\"https:\/\/vieassociative.be\/actualites\/#website\",\"url\":\"https:\/\/vieassociative.be\/actualites\/\",\"name\":\"Vie Associative\",\"description\":\"\",\"publisher\":{\"@id\":\"https:\/\/vieassociative.be\/actualites\/#organization\"},\"potentialAction\":[{\"@type\":\"SearchAction\",\"target\":{\"@type\":\"EntryPoint\",\"urlTemplate\":\"https:\/\/vieassociative.be\/actualites\/?s={search_term_string}\"},\"query-input\":{\"@type\":\"PropertyValueSpecification\",\"valueRequired\":true,\"valueName\":\"search_term_string\"}}],\"inLanguage\":\"fr-BE\"},{\"@type\":\"Organization\",\"@id\":\"https:\/\/vieassociative.be\/actualites\/#organization\",\"name\":\"Vie Associative\",\"url\":\"https:\/\/vieassociative.be\/actualites\/\",\"logo\":{\"@type\":\"ImageObject\",\"inLanguage\":\"fr-BE\",\"@id\":\"https:\/\/vieassociative.be\/actualites\/#\/schema\/logo\/image\/\",\"url\":\"https:\/\/vieassociative.be\/actualites\/wp-content\/uploads\/2024\/09\/cropped-vieassociative_favicon.ico.png\",\"contentUrl\":\"https:\/\/vieassociative.be\/actualites\/wp-content\/uploads\/2024\/09\/cropped-vieassociative_favicon.ico.png\",\"width\":512,\"height\":512,\"caption\":\"Vie Associative\"},\"image\":{\"@id\":\"https:\/\/vieassociative.be\/actualites\/#\/schema\/logo\/image\/\"}},{\"@type\":\"Person\",\"@id\":\"https:\/\/vieassociative.be\/actualites\/#\/schema\/person\/b87ac4f82f9d4e7b7cec7395b679edc4\",\"name\":\"Julien\",\"image\":{\"@type\":\"ImageObject\",\"inLanguage\":\"fr-BE\",\"@id\":\"https:\/\/vieassociative.be\/actualites\/#\/schema\/person\/image\/\",\"url\":\"https:\/\/vieassociative.be\/actualites\/wp-content\/uploads\/2024\/09\/vie-associative-1-150x150.jpg\",\"contentUrl\":\"https:\/\/vieassociative.be\/actualites\/wp-content\/uploads\/2024\/09\/vie-associative-1-150x150.jpg\",\"caption\":\"Julien\"},\"description\":\"Je suis Julien, r\u00e9dacteur pour Vie Associative. Passionn\u00e9 par le monde associatif depuis plus de 10 ans, j'ai \u00e0 c\u0153ur de partager des histoires inspirantes et de mettre en lumi\u00e8re les initiatives locales. Mon objectif est de sensibiliser et d'encourager l'engagement communautaire \u00e0 travers mes articles.\",\"sameAs\":[\"https:\/\/vieassociative.be\/\"]}]}<\/script>\n<!-- \/ Yoast SEO plugin. -->","yoast_head_json":{"title":"Seulement un 1-1 \u00e0 Union: Bavaria laisse \u00e0 nouveau des points | Vie Associative","robots":{"index":"index","follow":"follow","max-snippet":"max-snippet:-1","max-image-preview":"max-image-preview:large","max-video-preview":"max-video-preview:-1"},"canonical":"https:\/\/vieassociative.be\/actualites\/seulement-un-1-1-a-union-bavaria-laisse-a-nouveau-des-points\/","og_locale":"fr_FR","og_type":"article","og_title":"Seulement un 1-1 \u00e0 Union: Bavaria laisse \u00e0 nouveau des points | Vie Associative","og_description":"Les dirigeants du Bayern Munich en Bundesliga peu de temps avant la fin ont donn\u00e9 la victoire \u00e0 Union Berlin et ont de nouveau laiss\u00e9","og_url":"https:\/\/vieassociative.be\/actualites\/seulement-un-1-1-a-union-bavaria-laisse-a-nouveau-des-points\/","og_site_name":"Vie Associative","article_published_time":"2025-03-16T02:18:13+00:00","og_image":[{"width":279,"height":92,"url":"https:\/\/vieassociative.be\/actualites\/wp-content\/uploads\/2024\/09\/header_backgroundk-01-e1726694325946.png","type":"image\/png"}],"author":"Julien","twitter_card":"summary_large_image","twitter_misc":{"\u00c9crit par":"Julien","Dur\u00e9e de lecture est.":"2 minutes"},"schema":{"@context":"https:\/\/schema.org","@graph":[{"@type":"Article","@id":"https:\/\/vieassociative.be\/actualites\/seulement-un-1-1-a-union-bavaria-laisse-a-nouveau-des-points\/#article","isPartOf":{"@id":"https:\/\/vieassociative.be\/actualites\/seulement-un-1-1-a-union-bavaria-laisse-a-nouveau-des-points\/"},"author":{"name":"Julien","@id":"https:\/\/vieassociative.be\/actualites\/#\/schema\/person\/b87ac4f82f9d4e7b7cec7395b679edc4"},"headline":"Seulement un 1-1 \u00e0 Union: Bavaria laisse \u00e0 nouveau des points","datePublished":"2025-03-16T02:18:13+00:00","dateModified":"2025-03-16T02:18:13+00:00","mainEntityOfPage":{"@id":"https:\/\/vieassociative.be\/actualites\/seulement-un-1-1-a-union-bavaria-laisse-a-nouveau-des-points\/"},"wordCount":366,"publisher":{"@id":"https:\/\/vieassociative.be\/actualites\/#organization"},"image":{"@id":"https:\/\/vieassociative.be\/actualites\/seulement-un-1-1-a-union-bavaria-laisse-a-nouveau-des-points\/#primaryimage"},"thumbnailUrl":"https:\/\/vieassociative.be\/actualites\/wp-content\/uploads\/2025\/03\/1742091493_Seulement-un-1-1-a-Union-Bavaria-laisse-a-nouveau-des.jpg","keywords":["Bavaria","Des","laisse","nouveau","points","seulement","Union"],"articleSection":["Belgique"],"inLanguage":"fr-BE"},{"@type":"WebPage","@id":"https:\/\/vieassociative.be\/actualites\/seulement-un-1-1-a-union-bavaria-laisse-a-nouveau-des-points\/","url":"https:\/\/vieassociative.be\/actualites\/seulement-un-1-1-a-union-bavaria-laisse-a-nouveau-des-points\/","name":"Seulement un 1-1 \u00e0 Union: Bavaria laisse \u00e0 nouveau des points | Vie Associative","isPartOf":{"@id":"https:\/\/vieassociative.be\/actualites\/#website"},"primaryImageOfPage":{"@id":"https:\/\/vieassociative.be\/actualites\/seulement-un-1-1-a-union-bavaria-laisse-a-nouveau-des-points\/#primaryimage"},"image":{"@id":"https:\/\/vieassociative.be\/actualites\/seulement-un-1-1-a-union-bavaria-laisse-a-nouveau-des-points\/#primaryimage"},"thumbnailUrl":"https:\/\/vieassociative.be\/actualites\/wp-content\/uploads\/2025\/03\/1742091493_Seulement-un-1-1-a-Union-Bavaria-laisse-a-nouveau-des.jpg","datePublished":"2025-03-16T02:18:13+00:00","dateModified":"2025-03-16T02:18:13+00:00","breadcrumb":{"@id":"https:\/\/vieassociative.be\/actualites\/seulement-un-1-1-a-union-bavaria-laisse-a-nouveau-des-points\/#breadcrumb"},"inLanguage":"fr-BE","potentialAction":[{"@type":"ReadAction","target":["https:\/\/vieassociative.be\/actualites\/seulement-un-1-1-a-union-bavaria-laisse-a-nouveau-des-points\/"]}]},{"@type":"ImageObject","inLanguage":"fr-BE","@id":"https:\/\/vieassociative.be\/actualites\/seulement-un-1-1-a-union-bavaria-laisse-a-nouveau-des-points\/#primaryimage","url":"https:\/\/vieassociative.be\/actualites\/wp-content\/uploads\/2025\/03\/1742091493_Seulement-un-1-1-a-Union-Bavaria-laisse-a-nouveau-des.jpg","contentUrl":"https:\/\/vieassociative.be\/actualites\/wp-content\/uploads\/2025\/03\/1742091493_Seulement-un-1-1-a-Union-Bavaria-laisse-a-nouveau-des.jpg","width":1200,"height":756,"caption":"Seulement un 1-1 \u00e0 Union: Bavaria laisse \u00e0 nouveau des points"},{"@type":"BreadcrumbList","@id":"https:\/\/vieassociative.be\/actualites\/seulement-un-1-1-a-union-bavaria-laisse-a-nouveau-des-points\/#breadcrumb","itemListElement":[{"@type":"ListItem","position":1,"name":"Accueil","item":"https:\/\/vieassociative.be\/actualites\/"},{"@type":"ListItem","position":2,"name":"Seulement un 1-1 \u00e0 Union: Bavaria laisse \u00e0 nouveau des points"}]},{"@type":"WebSite","@id":"https:\/\/vieassociative.be\/actualites\/#website","url":"https:\/\/vieassociative.be\/actualites\/","name":"Vie Associative","description":"","publisher":{"@id":"https:\/\/vieassociative.be\/actualites\/#organization"},"potentialAction":[{"@type":"SearchAction","target":{"@type":"EntryPoint","urlTemplate":"https:\/\/vieassociative.be\/actualites\/?s={search_term_string}"},"query-input":{"@type":"PropertyValueSpecification","valueRequired":true,"valueName":"search_term_string"}}],"inLanguage":"fr-BE"},{"@type":"Organization","@id":"https:\/\/vieassociative.be\/actualites\/#organization","name":"Vie Associative","url":"https:\/\/vieassociative.be\/actualites\/","logo":{"@type":"ImageObject","inLanguage":"fr-BE","@id":"https:\/\/vieassociative.be\/actualites\/#\/schema\/logo\/image\/","url":"https:\/\/vieassociative.be\/actualites\/wp-content\/uploads\/2024\/09\/cropped-vieassociative_favicon.ico.png","contentUrl":"https:\/\/vieassociative.be\/actualites\/wp-content\/uploads\/2024\/09\/cropped-vieassociative_favicon.ico.png","width":512,"height":512,"caption":"Vie Associative"},"image":{"@id":"https:\/\/vieassociative.be\/actualites\/#\/schema\/logo\/image\/"}},{"@type":"Person","@id":"https:\/\/vieassociative.be\/actualites\/#\/schema\/person\/b87ac4f82f9d4e7b7cec7395b679edc4","name":"Julien","image":{"@type":"ImageObject","inLanguage":"fr-BE","@id":"https:\/\/vieassociative.be\/actualites\/#\/schema\/person\/image\/","url":"https:\/\/vieassociative.be\/actualites\/wp-content\/uploads\/2024\/09\/vie-associative-1-150x150.jpg","contentUrl":"https:\/\/vieassociative.be\/actualites\/wp-content\/uploads\/2024\/09\/vie-associative-1-150x150.jpg","caption":"Julien"},"description":"Je suis Julien, r\u00e9dacteur pour Vie Associative. Passionn\u00e9 par le monde associatif depuis plus de 10 ans, j'ai \u00e0 c\u0153ur de partager des histoires inspirantes et de mettre en lumi\u00e8re les initiatives locales. Mon objectif est de sensibiliser et d'encourager l'engagement communautaire \u00e0 travers mes articles.","sameAs":["https:\/\/vieassociative.be\/"]}]}},"_links":{"self":[{"href":"https:\/\/vieassociative.be\/actualites\/wp-json\/wp\/v2\/posts\/5918"}],"collection":[{"href":"https:\/\/vieassociative.be\/actualites\/wp-json\/wp\/v2\/posts"}],"about":[{"href":"https:\/\/vieassociative.be\/actualites\/wp-json\/wp\/v2\/types\/post"}],"author":[{"embeddable":true,"href":"https:\/\/vieassociative.be\/actualites\/wp-json\/wp\/v2\/users\/1"}],"replies":[{"embeddable":true,"href":"https:\/\/vieassociative.be\/actualites\/wp-json\/wp\/v2\/comments?post=5918"}],"version-history":[{"count":0,"href":"https:\/\/vieassociative.be\/actualites\/wp-json\/wp\/v2\/posts\/5918\/revisions"}],"wp:featuredmedia":[{"embeddable":true,"href":"https:\/\/vieassociative.be\/actualites\/wp-json\/wp\/v2\/media\/5919"}],"wp:attachment":[{"href":"https:\/\/vieassociative.be\/actualites\/wp-json\/wp\/v2\/media?parent=5918"}],"wp:term":[{"taxonomy":"category","embeddable":true,"href":"https:\/\/vieassociative.be\/actualites\/wp-json\/wp\/v2\/categories?post=5918"},{"taxonomy":"post_tag","embeddable":true,"href":"https:\/\/vieassociative.be\/actualites\/wp-json\/wp\/v2\/tags?post=5918"}],"curies":[{"name":"wp","href":"https:\/\/api.w.org\/{rel}","templated":true}]}}