{"id":5916,"date":"2025-03-16T02:19:30","date_gmt":"2025-03-16T01:19:30","guid":{"rendered":"https:\/\/vieassociative.be\/actualites\/mon-amazon-de-la-journee-preferee-the-apple-airpods-4\/"},"modified":"2025-03-16T02:19:30","modified_gmt":"2025-03-16T01:19:30","slug":"mon-amazon-de-la-journee-preferee-the-apple-airpods-4","status":"publish","type":"post","link":"https:\/\/vieassociative.be\/actualites\/mon-amazon-de-la-journee-preferee-the-apple-airpods-4\/","title":{"rendered":"Mon Amazon de la journ\u00e9e pr\u00e9f\u00e9r\u00e9e: The Apple Airpods 4"},"content":{"rendered":"<div class=\"mt-4 leading-6 md:mb-8\">Les derniers AirPods sont \u00e0 leurs prix les plus bas \u00e0 ce jour, avec et sans ANC.<\/div>\n<p><\/p>\n<p>Avant septembre 2024, tout utilisateur d&rsquo;Apple int\u00e9ress\u00e9 par les AirPods actifs pour le bruit de bruit (ANC) aurait d\u00fb d\u00e9bourser 250 $ pour l&rsquo;AirPod Pro. Avec la sortie de l&rsquo;ANC Airpods 4, la technologie est beaucoup plus abordable &#8211; et vous pouvez actuellement prendre une paire de ces \u00e9couteurs de 179 $ pour <strong>148,99 $<\/strong>. Apple a \u00e9galement une version plus favorable \u00e0 un budget de l&rsquo;AirPods 4 <em>sans<\/em> ANC; Ce mod\u00e8le est actuellement pour <strong>99,99 $<\/strong>en baisse de 129 $.<\/p>\n<p>Ces deux prix marquent des bas records, selon les outils de suivi des prix. Bien que les remises ne soient pas \u00e9poustouflantes, le fait que nous voyons <em>n&rsquo;importe lequel<\/em> Les r\u00e9ductions de prix sur les AirPods nouvellement publi\u00e9es en font une bonne affaire, relativement parlant, en particulier en dehors de la fen\u00eatre de vente typique du premier jour \/ noir du Black Friday.<\/p>\n<div class=\"shadow-b-2 mb-12 mt-10 rounded-md border-2 border-(#F0F0F0) px-6 py-2 shadow-lg md:px-12\" role=\"region\" aria-label=\"Products List\" x-data=\"{ showMore: false }\">\n<div class=\"flex w-full gap-x-5\">\n<div class=\"flex w-full flex-col flex-nowrap justify-center gap-2 text-black no-underline md:order-2 md:gap-y-6\">\n<div class=\"flex flex-col justify-between gap-y-2 md:w-full md:gap-y-1\">\n<div class=\"block font-sans text-xs font-semibold capitalize leading-3 text-gray-900 md:leading-4\">\u00c9couteurs sans fil, \u00e9couteurs Bluetooth, avec annulation de bruit actif, audio adaptatif, transparence<\/div>\n<div class=\"block w-fit cursor-pointer font-akshar text-lg font-medium leading-5 text-brand-green duration-200 ease-in-out hover:text-brand-green-700 md:text-xl md:leading-6\">\n<p>                            Apple Airpods 4 (avec ANC)\n                        <\/p><\/div>\n<\/p><\/div>\n<div class=\"hidden md:flex md:justify-between md:gap-x-4\">\n<div class=\"w-full mb-0 md:flex md:flex-col md:justify-center font-sans leading-4 text-black\">\n<div class=\"flex flex-wrap items-center justify-center gap-x-1 md:justify-start\">\n        <span class=\"font-bold\"><\/p>\n<p>            148,99 $<br \/>\n                            <span class=\"font-medium\">\u00e0 Walmart<\/span><br \/>\n                    <\/span>\n            <\/div>\n<div class=\"flex items-center justify-center gap-x-1 font-bold md:justify-start\">\n            <span class=\"text-sm line-through\">179,00 $<\/span><br \/>\n            <span class=\"text-sm text-brand-green\">\u00c9conomisez 30,01 $<\/span>\n        <\/div>\n<\/p><\/div>\n<p>                            <button class=\"flex justify-center items-center w-full bg-brand-green text-white text-base font-sans font-medium rounded-md hover:bg-brand-green-700 hover:cursor-pointer md:text-sm hidden self-end h-12 max-w-(10rem) duration-200 ease-in-out hover:bg-brand-green-700 md:flex md:h-10\"><\/p>\n<p>    Conclure un accord<br \/>\n<\/button>\n                        <\/div>\n<\/p><\/div>\n<div class=\"flex aspect-video h-(90px) shrink-0 items-center justify-center self-center md:order-1\">\n                        <img decoding=\"async\" class=\"m-0 max-h-full max-w-full rounded-md\" src=\"https:\/\/vieassociative.be\/actualites\/wp-content\/uploads\/2025\/03\/Mon-Amazon-de-la-journee-preferee-The-Apple-Airpods-4.jpg\" alt=\"Apple AirPods 4 \u00c9couteurs sans fil, \u00e9couteurs Bluetooth, avec annulation active du bruit, audio adaptatif, mode transparence, audio spatial personnalis\u00e9, cas de charge USB-C, charge sans fil, puce H2\" width=\"auto\" height=\"auto\" loading=\"lazy\">\n                    <\/div>\n<\/p><\/div>\n<p>                            <button class=\"flex justify-center items-center w-full bg-brand-green text-white text-base font-sans font-medium rounded-md hover:bg-brand-green-700 hover:cursor-pointer md:text-sm w-full h-12 duration-200 ease-in-out hover:bg-brand-green-700 md:hidden md:h-10\"><\/p>\n<p>    Conclure un accord<br \/>\n<\/button><\/p>\n<div class=\"flex flex-col items-center w-full md:hidden font-sans leading-4 text-black\">\n<div class=\"flex flex-wrap items-center justify-center gap-x-1 md:justify-start\">\n        <span class=\"font-bold\"><\/p>\n<p>            148,99 $<br \/>\n                            <span class=\"font-medium\">\u00e0 Walmart<\/span><br \/>\n                    <\/span>\n            <\/div>\n<div class=\"flex items-center justify-center gap-x-1 font-bold md:justify-start\">\n            <span class=\"text-sm line-through\">179,00 $<\/span><br \/>\n            <span class=\"text-sm text-brand-green\">\u00c9conomisez 30,01 $<\/span>\n        <\/div>\n<\/p><\/div>\n<div class=\"flex w-full gap-x-5\">\n<div class=\"flex w-full flex-col flex-nowrap justify-center gap-2 text-black no-underline md:order-2 md:gap-y-6\">\n<div class=\"flex flex-col justify-between gap-y-2 md:w-full md:gap-y-1\">\n<div class=\"block font-sans text-xs font-semibold capitalize leading-3 text-gray-900 md:leading-4\">\u00c9couteurs sans fil, \u00e9couteurs Bluetooth, audio spatial personnalis\u00e9, sueur et r\u00e9sistante \u00e0 l&rsquo;eau, USB-C<\/div>\n<div class=\"block w-fit cursor-pointer font-akshar text-lg font-medium leading-5 text-brand-green duration-200 ease-in-out hover:text-brand-green-700 md:text-xl md:leading-6\">\n<p>                            Apple Airpods 4 (sans ANC)\n                        <\/p><\/div>\n<\/p><\/div>\n<div class=\"hidden md:flex md:justify-between md:gap-x-4\">\n<div class=\"w-full mb-0 md:flex md:flex-col md:justify-center font-sans leading-4 text-black\">\n<div class=\"flex flex-wrap items-center justify-center gap-x-1 md:justify-start\">\n        <span class=\"font-bold\"><\/p>\n<p>            99,99 $<br \/>\n                            <span class=\"font-medium\">\u00e0 Amazon<\/span><br \/>\n                    <\/span><br \/>\n                    <img decoding=\"async\" class=\"mt-0 h-(15px)\" src=\"https:\/\/vieassociative.be\/actualites\/wp-content\/uploads\/2025\/03\/Mon-Amazon-de-la-journee-preferee-The-Apple-Airpods-4.svg.svg+xml\" title=\"Amazon Prime\" alt=\"Amazon Prime\">\n            <\/div>\n<div class=\"flex items-center justify-center gap-x-1 font-bold md:justify-start\">\n            <span class=\"text-sm line-through\">129,00 $<\/span><br \/>\n            <span class=\"text-sm text-brand-green\">\u00c9conomisez 29,01 $<\/span>\n        <\/div>\n<\/p><\/div>\n<p>                            <button class=\"flex justify-center items-center w-full bg-brand-green text-white text-base font-sans font-medium rounded-md hover:bg-brand-green-700 hover:cursor-pointer md:text-sm hidden self-end h-12 max-w-(10rem) duration-200 ease-in-out hover:bg-brand-green-700 md:flex md:h-10\"><\/p>\n<p>    Conclure un accord<br \/>\n<\/button>\n                        <\/div>\n<\/p><\/div>\n<div class=\"flex aspect-video h-(90px) shrink-0 items-center justify-center self-center md:order-1\">\n                        <img decoding=\"async\" class=\"m-0 max-h-full max-w-full rounded-md\" src=\"https:\/\/vieassociative.be\/actualites\/wp-content\/uploads\/2025\/03\/1742087970_924_Mon-Amazon-de-la-journee-preferee-The-Apple-Airpods-4.jpg\" alt=\"Apple Airpods 4 \u00c9couteurs sans fil, \u00e9couteurs Bluetooth, audio spatial personnalis\u00e9, sueur et r\u00e9sistante \u00e0 l'eau, bo\u00eetier de charge USB-C, puce H2, jusqu'\u00e0 30 heures de dur\u00e9e de vie de la batterie, configuration sans effort pour iPhone\" width=\"auto\" height=\"auto\" loading=\"lazy\">\n                    <\/div>\n<\/p><\/div>\n<p>                            <button class=\"flex justify-center items-center w-full bg-brand-green text-white text-base font-sans font-medium rounded-md hover:bg-brand-green-700 hover:cursor-pointer md:text-sm w-full h-12 duration-200 ease-in-out hover:bg-brand-green-700 md:hidden md:h-10\"><\/p>\n<p>    Conclure un accord<br \/>\n<\/button><\/p>\n<div class=\"flex flex-col items-center w-full md:hidden font-sans leading-4 text-black\">\n<div class=\"flex flex-wrap items-center justify-center gap-x-1 md:justify-start\">\n        <span class=\"font-bold\"><\/p>\n<p>            99,99 $<br \/>\n                            <span class=\"font-medium\">\u00e0 Amazon<\/span><br \/>\n                    <\/span><br \/>\n                    <img decoding=\"async\" class=\"mt-0 h-(15px)\" src=\"https:\/\/vieassociative.be\/actualites\/wp-content\/uploads\/2025\/03\/Mon-Amazon-de-la-journee-preferee-The-Apple-Airpods-4.svg.svg+xml\" title=\"Amazon Prime\" alt=\"Amazon Prime\">\n            <\/div>\n<div class=\"flex items-center justify-center gap-x-1 font-bold md:justify-start\">\n            <span class=\"text-sm line-through\">129,00 $<\/span><br \/>\n            <span class=\"text-sm text-brand-green\">\u00c9conomisez 29,01 $<\/span>\n        <\/div>\n<\/p><\/div>\n<\/div>\n<p>Les AirPods 4 ont mis \u00e0 jour la charge USB-C. Les deux mod\u00e8les sont aliment\u00e9s par la puce H2 d&rsquo;Apple, vous obtiendrez donc un audio spatial personnalis\u00e9 (afin que vous puissiez entendre des sons venant de diff\u00e9rentes directions lorsque vous bougez la t\u00eate) et la possibilit\u00e9 d&rsquo;utiliser les gestes de la t\u00eate pour dire \u00e0 Siri \u00ab\u00a0oui\u00a0\u00bb ou \u00ab\u00a0non\u00a0\u00bb (cela fonctionne \u00e9galement pour r\u00e9pondre ou refuser les appels). Il est \u00e9galement probable qu&rsquo;Apple ajoutera une fonctionnalit\u00e9 de traduction en direct aux deux mod\u00e8les lorsque iOS 19 d\u00e9ploiera plus tard cette ann\u00e9e.<\/p>\n<p>Si vous jaillissez pour l&rsquo;ANC AirPods 4, vous obtiendrez un bo\u00eetier de charge avec un haut-parleur int\u00e9gr\u00e9, que vous pouvez utiliser avec Find My pour le localiser si vous les perdez. Vous obtiendrez \u00e9galement des fonctionnalit\u00e9s telles que la conscience de la conversation, ce qui r\u00e9duit votre volume de musique lorsque vos AirPods d\u00e9tectent que vous parlez \u00e0 quelqu&rsquo;un; Mode de transparence, qui vous permet de mieux entendre votre environnement pendant que vos \u00e9couteurs sont; et audio adaptatif (combine l&rsquo;ANC et le mode de transparence pour ajuster les niveaux d&rsquo;ANC en fonction du bruit autour de vous). Gardez \u00e0 l&rsquo;esprit que comme ce sont des \u00e9couteurs de style ouvert, manquant d&rsquo;une pointe en silicone pour mieux bloquer le bruit, l&rsquo;ANC ne sera pas aussi bonne que ce que vous pouvez obtenir d&rsquo;AirPods Pro ou Beats Fit Pro.<\/p>\n<p>Les deux versions sont not\u00e9es IP54 pour la r\u00e9sistance \u00e0 la poussi\u00e8re et \u00e0 l&rsquo;eau, offrent jusqu&rsquo;\u00e0 cinq heures d&rsquo;\u00e9coute par charge (jusqu&rsquo;\u00e0 30 heures avec le bo\u00eetier de charge) et peuvent g\u00e9rer la commutation automatique avec vos autres appareils Apple. Vous pouvez en savoir plus sur les AirPods non anciens de la critique \u00ab\u00a0Excellente\u00a0\u00bb de PCMAG, et plus sur les ANC AirPods dans la revue \u00ab\u00a0exceptionnelle\u00a0\u00bb de PCMAG.<\/p>\n","protected":false},"excerpt":{"rendered":"<p>Les derniers AirPods sont \u00e0 leurs prix les plus bas \u00e0 ce jour, avec et sans ANC. Avant septembre 2024, tout utilisateur d&rsquo;Apple int\u00e9ress\u00e9 par<\/p>\n","protected":false},"author":1,"featured_media":5917,"comment_status":"","ping_status":"","sticky":false,"template":"","format":"standard","meta":{"footnotes":""},"categories":[13],"tags":[15,51,54,2877,49,52],"class_list":["post-5916","post","type-post","status-publish","format-standard","has-post-thumbnail","hentry","category-technologie","tag-airpods","tag-amazon","tag-apple","tag-journee","tag-mon","tag-preferee","generate-columns","tablet-grid-50","mobile-grid-100","grid-parent","grid-33"],"yoast_head":"<!-- This site is optimized with the Yoast SEO plugin v24.0 - https:\/\/yoast.com\/wordpress\/plugins\/seo\/ -->\n<title>Mon Amazon de la journ\u00e9e pr\u00e9f\u00e9r\u00e9e: The Apple Airpods 4 | Vie Associative<\/title>\n<meta name=\"robots\" content=\"index, follow, max-snippet:-1, max-image-preview:large, max-video-preview:-1\" \/>\n<link rel=\"canonical\" href=\"https:\/\/vieassociative.be\/actualites\/mon-amazon-de-la-journee-preferee-the-apple-airpods-4\/\" \/>\n<meta property=\"og:locale\" content=\"fr_FR\" \/>\n<meta property=\"og:type\" content=\"article\" \/>\n<meta property=\"og:title\" content=\"Mon Amazon de la journ\u00e9e pr\u00e9f\u00e9r\u00e9e: The Apple Airpods 4 | Vie Associative\" \/>\n<meta property=\"og:description\" content=\"Les derniers AirPods sont \u00e0 leurs prix les plus bas \u00e0 ce jour, avec et sans ANC. Avant septembre 2024, tout utilisateur d&rsquo;Apple int\u00e9ress\u00e9 par\" \/>\n<meta property=\"og:url\" content=\"https:\/\/vieassociative.be\/actualites\/mon-amazon-de-la-journee-preferee-the-apple-airpods-4\/\" \/>\n<meta property=\"og:site_name\" content=\"Vie Associative\" \/>\n<meta property=\"article:published_time\" content=\"2025-03-16T01:19:30+00:00\" \/>\n<meta property=\"og:image\" content=\"https:\/\/vieassociative.be\/actualites\/wp-content\/uploads\/2025\/03\/Mon-Amazon-de-la-journee-preferee-The-Apple-Airpods-4.jpg\" \/>\n<meta name=\"author\" content=\"Julien\" \/>\n<meta name=\"twitter:card\" content=\"summary_large_image\" \/>\n<meta name=\"twitter:label1\" content=\"\u00c9crit par\" \/>\n\t<meta name=\"twitter:data1\" content=\"Julien\" \/>\n\t<meta name=\"twitter:label2\" content=\"Dur\u00e9e de lecture est.\" \/>\n\t<meta name=\"twitter:data2\" content=\"3 minutes\" \/>\n<script type=\"application\/ld+json\" class=\"yoast-schema-graph\">{\"@context\":\"https:\/\/schema.org\",\"@graph\":[{\"@type\":\"Article\",\"@id\":\"https:\/\/vieassociative.be\/actualites\/mon-amazon-de-la-journee-preferee-the-apple-airpods-4\/#article\",\"isPartOf\":{\"@id\":\"https:\/\/vieassociative.be\/actualites\/mon-amazon-de-la-journee-preferee-the-apple-airpods-4\/\"},\"author\":{\"name\":\"Julien\",\"@id\":\"https:\/\/vieassociative.be\/actualites\/#\/schema\/person\/b87ac4f82f9d4e7b7cec7395b679edc4\"},\"headline\":\"Mon Amazon de la journ\u00e9e pr\u00e9f\u00e9r\u00e9e: The Apple Airpods 4\",\"datePublished\":\"2025-03-16T01:19:30+00:00\",\"dateModified\":\"2025-03-16T01:19:30+00:00\",\"mainEntityOfPage\":{\"@id\":\"https:\/\/vieassociative.be\/actualites\/mon-amazon-de-la-journee-preferee-the-apple-airpods-4\/\"},\"wordCount\":544,\"publisher\":{\"@id\":\"https:\/\/vieassociative.be\/actualites\/#organization\"},\"image\":{\"@id\":\"https:\/\/vieassociative.be\/actualites\/mon-amazon-de-la-journee-preferee-the-apple-airpods-4\/#primaryimage\"},\"thumbnailUrl\":\"https:\/\/vieassociative.be\/actualites\/wp-content\/uploads\/2025\/03\/Mon-Amazon-de-la-journee-preferee-The-Apple-Airpods-4.png\",\"keywords\":[\"AirPods\",\"Amazon\",\"Apple\",\"journ\u00e9e\",\"Mon\",\"pr\u00e9f\u00e9r\u00e9e\"],\"articleSection\":[\"Technologie\"],\"inLanguage\":\"fr-BE\"},{\"@type\":\"WebPage\",\"@id\":\"https:\/\/vieassociative.be\/actualites\/mon-amazon-de-la-journee-preferee-the-apple-airpods-4\/\",\"url\":\"https:\/\/vieassociative.be\/actualites\/mon-amazon-de-la-journee-preferee-the-apple-airpods-4\/\",\"name\":\"Mon Amazon de la journ\u00e9e pr\u00e9f\u00e9r\u00e9e: The Apple Airpods 4 | Vie Associative\",\"isPartOf\":{\"@id\":\"https:\/\/vieassociative.be\/actualites\/#website\"},\"primaryImageOfPage\":{\"@id\":\"https:\/\/vieassociative.be\/actualites\/mon-amazon-de-la-journee-preferee-the-apple-airpods-4\/#primaryimage\"},\"image\":{\"@id\":\"https:\/\/vieassociative.be\/actualites\/mon-amazon-de-la-journee-preferee-the-apple-airpods-4\/#primaryimage\"},\"thumbnailUrl\":\"https:\/\/vieassociative.be\/actualites\/wp-content\/uploads\/2025\/03\/Mon-Amazon-de-la-journee-preferee-The-Apple-Airpods-4.png\",\"datePublished\":\"2025-03-16T01:19:30+00:00\",\"dateModified\":\"2025-03-16T01:19:30+00:00\",\"breadcrumb\":{\"@id\":\"https:\/\/vieassociative.be\/actualites\/mon-amazon-de-la-journee-preferee-the-apple-airpods-4\/#breadcrumb\"},\"inLanguage\":\"fr-BE\",\"potentialAction\":[{\"@type\":\"ReadAction\",\"target\":[\"https:\/\/vieassociative.be\/actualites\/mon-amazon-de-la-journee-preferee-the-apple-airpods-4\/\"]}]},{\"@type\":\"ImageObject\",\"inLanguage\":\"fr-BE\",\"@id\":\"https:\/\/vieassociative.be\/actualites\/mon-amazon-de-la-journee-preferee-the-apple-airpods-4\/#primaryimage\",\"url\":\"https:\/\/vieassociative.be\/actualites\/wp-content\/uploads\/2025\/03\/Mon-Amazon-de-la-journee-preferee-The-Apple-Airpods-4.png\",\"contentUrl\":\"https:\/\/vieassociative.be\/actualites\/wp-content\/uploads\/2025\/03\/Mon-Amazon-de-la-journee-preferee-The-Apple-Airpods-4.png\",\"width\":1200,\"height\":675,\"caption\":\"Mon Amazon de la journ\u00e9e pr\u00e9f\u00e9r\u00e9e: The Apple Airpods 4\"},{\"@type\":\"BreadcrumbList\",\"@id\":\"https:\/\/vieassociative.be\/actualites\/mon-amazon-de-la-journee-preferee-the-apple-airpods-4\/#breadcrumb\",\"itemListElement\":[{\"@type\":\"ListItem\",\"position\":1,\"name\":\"Accueil\",\"item\":\"https:\/\/vieassociative.be\/actualites\/\"},{\"@type\":\"ListItem\",\"position\":2,\"name\":\"Mon Amazon de la journ\u00e9e pr\u00e9f\u00e9r\u00e9e: The Apple Airpods 4\"}]},{\"@type\":\"WebSite\",\"@id\":\"https:\/\/vieassociative.be\/actualites\/#website\",\"url\":\"https:\/\/vieassociative.be\/actualites\/\",\"name\":\"Vie Associative\",\"description\":\"\",\"publisher\":{\"@id\":\"https:\/\/vieassociative.be\/actualites\/#organization\"},\"potentialAction\":[{\"@type\":\"SearchAction\",\"target\":{\"@type\":\"EntryPoint\",\"urlTemplate\":\"https:\/\/vieassociative.be\/actualites\/?s={search_term_string}\"},\"query-input\":{\"@type\":\"PropertyValueSpecification\",\"valueRequired\":true,\"valueName\":\"search_term_string\"}}],\"inLanguage\":\"fr-BE\"},{\"@type\":\"Organization\",\"@id\":\"https:\/\/vieassociative.be\/actualites\/#organization\",\"name\":\"Vie Associative\",\"url\":\"https:\/\/vieassociative.be\/actualites\/\",\"logo\":{\"@type\":\"ImageObject\",\"inLanguage\":\"fr-BE\",\"@id\":\"https:\/\/vieassociative.be\/actualites\/#\/schema\/logo\/image\/\",\"url\":\"https:\/\/vieassociative.be\/actualites\/wp-content\/uploads\/2024\/09\/cropped-vieassociative_favicon.ico.png\",\"contentUrl\":\"https:\/\/vieassociative.be\/actualites\/wp-content\/uploads\/2024\/09\/cropped-vieassociative_favicon.ico.png\",\"width\":512,\"height\":512,\"caption\":\"Vie Associative\"},\"image\":{\"@id\":\"https:\/\/vieassociative.be\/actualites\/#\/schema\/logo\/image\/\"}},{\"@type\":\"Person\",\"@id\":\"https:\/\/vieassociative.be\/actualites\/#\/schema\/person\/b87ac4f82f9d4e7b7cec7395b679edc4\",\"name\":\"Julien\",\"image\":{\"@type\":\"ImageObject\",\"inLanguage\":\"fr-BE\",\"@id\":\"https:\/\/vieassociative.be\/actualites\/#\/schema\/person\/image\/\",\"url\":\"https:\/\/vieassociative.be\/actualites\/wp-content\/uploads\/2024\/09\/vie-associative-1-150x150.jpg\",\"contentUrl\":\"https:\/\/vieassociative.be\/actualites\/wp-content\/uploads\/2024\/09\/vie-associative-1-150x150.jpg\",\"caption\":\"Julien\"},\"description\":\"Je suis Julien, r\u00e9dacteur pour Vie Associative. Passionn\u00e9 par le monde associatif depuis plus de 10 ans, j'ai \u00e0 c\u0153ur de partager des histoires inspirantes et de mettre en lumi\u00e8re les initiatives locales. Mon objectif est de sensibiliser et d'encourager l'engagement communautaire \u00e0 travers mes articles.\",\"sameAs\":[\"https:\/\/vieassociative.be\/\"]}]}<\/script>\n<!-- \/ Yoast SEO plugin. -->","yoast_head_json":{"title":"Mon Amazon de la journ\u00e9e pr\u00e9f\u00e9r\u00e9e: The Apple Airpods 4 | Vie Associative","robots":{"index":"index","follow":"follow","max-snippet":"max-snippet:-1","max-image-preview":"max-image-preview:large","max-video-preview":"max-video-preview:-1"},"canonical":"https:\/\/vieassociative.be\/actualites\/mon-amazon-de-la-journee-preferee-the-apple-airpods-4\/","og_locale":"fr_FR","og_type":"article","og_title":"Mon Amazon de la journ\u00e9e pr\u00e9f\u00e9r\u00e9e: The Apple Airpods 4 | Vie Associative","og_description":"Les derniers AirPods sont \u00e0 leurs prix les plus bas \u00e0 ce jour, avec et sans ANC. Avant septembre 2024, tout utilisateur d&rsquo;Apple int\u00e9ress\u00e9 par","og_url":"https:\/\/vieassociative.be\/actualites\/mon-amazon-de-la-journee-preferee-the-apple-airpods-4\/","og_site_name":"Vie Associative","article_published_time":"2025-03-16T01:19:30+00:00","og_image":[{"url":"https:\/\/vieassociative.be\/actualites\/wp-content\/uploads\/2025\/03\/Mon-Amazon-de-la-journee-preferee-The-Apple-Airpods-4.jpg","type":"","width":"","height":""}],"author":"Julien","twitter_card":"summary_large_image","twitter_misc":{"\u00c9crit par":"Julien","Dur\u00e9e de lecture est.":"3 minutes"},"schema":{"@context":"https:\/\/schema.org","@graph":[{"@type":"Article","@id":"https:\/\/vieassociative.be\/actualites\/mon-amazon-de-la-journee-preferee-the-apple-airpods-4\/#article","isPartOf":{"@id":"https:\/\/vieassociative.be\/actualites\/mon-amazon-de-la-journee-preferee-the-apple-airpods-4\/"},"author":{"name":"Julien","@id":"https:\/\/vieassociative.be\/actualites\/#\/schema\/person\/b87ac4f82f9d4e7b7cec7395b679edc4"},"headline":"Mon Amazon de la journ\u00e9e pr\u00e9f\u00e9r\u00e9e: The Apple Airpods 4","datePublished":"2025-03-16T01:19:30+00:00","dateModified":"2025-03-16T01:19:30+00:00","mainEntityOfPage":{"@id":"https:\/\/vieassociative.be\/actualites\/mon-amazon-de-la-journee-preferee-the-apple-airpods-4\/"},"wordCount":544,"publisher":{"@id":"https:\/\/vieassociative.be\/actualites\/#organization"},"image":{"@id":"https:\/\/vieassociative.be\/actualites\/mon-amazon-de-la-journee-preferee-the-apple-airpods-4\/#primaryimage"},"thumbnailUrl":"https:\/\/vieassociative.be\/actualites\/wp-content\/uploads\/2025\/03\/Mon-Amazon-de-la-journee-preferee-The-Apple-Airpods-4.png","keywords":["AirPods","Amazon","Apple","journ\u00e9e","Mon","pr\u00e9f\u00e9r\u00e9e"],"articleSection":["Technologie"],"inLanguage":"fr-BE"},{"@type":"WebPage","@id":"https:\/\/vieassociative.be\/actualites\/mon-amazon-de-la-journee-preferee-the-apple-airpods-4\/","url":"https:\/\/vieassociative.be\/actualites\/mon-amazon-de-la-journee-preferee-the-apple-airpods-4\/","name":"Mon Amazon de la journ\u00e9e pr\u00e9f\u00e9r\u00e9e: The Apple Airpods 4 | Vie Associative","isPartOf":{"@id":"https:\/\/vieassociative.be\/actualites\/#website"},"primaryImageOfPage":{"@id":"https:\/\/vieassociative.be\/actualites\/mon-amazon-de-la-journee-preferee-the-apple-airpods-4\/#primaryimage"},"image":{"@id":"https:\/\/vieassociative.be\/actualites\/mon-amazon-de-la-journee-preferee-the-apple-airpods-4\/#primaryimage"},"thumbnailUrl":"https:\/\/vieassociative.be\/actualites\/wp-content\/uploads\/2025\/03\/Mon-Amazon-de-la-journee-preferee-The-Apple-Airpods-4.png","datePublished":"2025-03-16T01:19:30+00:00","dateModified":"2025-03-16T01:19:30+00:00","breadcrumb":{"@id":"https:\/\/vieassociative.be\/actualites\/mon-amazon-de-la-journee-preferee-the-apple-airpods-4\/#breadcrumb"},"inLanguage":"fr-BE","potentialAction":[{"@type":"ReadAction","target":["https:\/\/vieassociative.be\/actualites\/mon-amazon-de-la-journee-preferee-the-apple-airpods-4\/"]}]},{"@type":"ImageObject","inLanguage":"fr-BE","@id":"https:\/\/vieassociative.be\/actualites\/mon-amazon-de-la-journee-preferee-the-apple-airpods-4\/#primaryimage","url":"https:\/\/vieassociative.be\/actualites\/wp-content\/uploads\/2025\/03\/Mon-Amazon-de-la-journee-preferee-The-Apple-Airpods-4.png","contentUrl":"https:\/\/vieassociative.be\/actualites\/wp-content\/uploads\/2025\/03\/Mon-Amazon-de-la-journee-preferee-The-Apple-Airpods-4.png","width":1200,"height":675,"caption":"Mon Amazon de la journ\u00e9e pr\u00e9f\u00e9r\u00e9e: The Apple Airpods 4"},{"@type":"BreadcrumbList","@id":"https:\/\/vieassociative.be\/actualites\/mon-amazon-de-la-journee-preferee-the-apple-airpods-4\/#breadcrumb","itemListElement":[{"@type":"ListItem","position":1,"name":"Accueil","item":"https:\/\/vieassociative.be\/actualites\/"},{"@type":"ListItem","position":2,"name":"Mon Amazon de la journ\u00e9e pr\u00e9f\u00e9r\u00e9e: The Apple Airpods 4"}]},{"@type":"WebSite","@id":"https:\/\/vieassociative.be\/actualites\/#website","url":"https:\/\/vieassociative.be\/actualites\/","name":"Vie Associative","description":"","publisher":{"@id":"https:\/\/vieassociative.be\/actualites\/#organization"},"potentialAction":[{"@type":"SearchAction","target":{"@type":"EntryPoint","urlTemplate":"https:\/\/vieassociative.be\/actualites\/?s={search_term_string}"},"query-input":{"@type":"PropertyValueSpecification","valueRequired":true,"valueName":"search_term_string"}}],"inLanguage":"fr-BE"},{"@type":"Organization","@id":"https:\/\/vieassociative.be\/actualites\/#organization","name":"Vie Associative","url":"https:\/\/vieassociative.be\/actualites\/","logo":{"@type":"ImageObject","inLanguage":"fr-BE","@id":"https:\/\/vieassociative.be\/actualites\/#\/schema\/logo\/image\/","url":"https:\/\/vieassociative.be\/actualites\/wp-content\/uploads\/2024\/09\/cropped-vieassociative_favicon.ico.png","contentUrl":"https:\/\/vieassociative.be\/actualites\/wp-content\/uploads\/2024\/09\/cropped-vieassociative_favicon.ico.png","width":512,"height":512,"caption":"Vie Associative"},"image":{"@id":"https:\/\/vieassociative.be\/actualites\/#\/schema\/logo\/image\/"}},{"@type":"Person","@id":"https:\/\/vieassociative.be\/actualites\/#\/schema\/person\/b87ac4f82f9d4e7b7cec7395b679edc4","name":"Julien","image":{"@type":"ImageObject","inLanguage":"fr-BE","@id":"https:\/\/vieassociative.be\/actualites\/#\/schema\/person\/image\/","url":"https:\/\/vieassociative.be\/actualites\/wp-content\/uploads\/2024\/09\/vie-associative-1-150x150.jpg","contentUrl":"https:\/\/vieassociative.be\/actualites\/wp-content\/uploads\/2024\/09\/vie-associative-1-150x150.jpg","caption":"Julien"},"description":"Je suis Julien, r\u00e9dacteur pour Vie Associative. Passionn\u00e9 par le monde associatif depuis plus de 10 ans, j'ai \u00e0 c\u0153ur de partager des histoires inspirantes et de mettre en lumi\u00e8re les initiatives locales. Mon objectif est de sensibiliser et d'encourager l'engagement communautaire \u00e0 travers mes articles.","sameAs":["https:\/\/vieassociative.be\/"]}]}},"_links":{"self":[{"href":"https:\/\/vieassociative.be\/actualites\/wp-json\/wp\/v2\/posts\/5916"}],"collection":[{"href":"https:\/\/vieassociative.be\/actualites\/wp-json\/wp\/v2\/posts"}],"about":[{"href":"https:\/\/vieassociative.be\/actualites\/wp-json\/wp\/v2\/types\/post"}],"author":[{"embeddable":true,"href":"https:\/\/vieassociative.be\/actualites\/wp-json\/wp\/v2\/users\/1"}],"replies":[{"embeddable":true,"href":"https:\/\/vieassociative.be\/actualites\/wp-json\/wp\/v2\/comments?post=5916"}],"version-history":[{"count":0,"href":"https:\/\/vieassociative.be\/actualites\/wp-json\/wp\/v2\/posts\/5916\/revisions"}],"wp:featuredmedia":[{"embeddable":true,"href":"https:\/\/vieassociative.be\/actualites\/wp-json\/wp\/v2\/media\/5917"}],"wp:attachment":[{"href":"https:\/\/vieassociative.be\/actualites\/wp-json\/wp\/v2\/media?parent=5916"}],"wp:term":[{"taxonomy":"category","embeddable":true,"href":"https:\/\/vieassociative.be\/actualites\/wp-json\/wp\/v2\/categories?post=5916"},{"taxonomy":"post_tag","embeddable":true,"href":"https:\/\/vieassociative.be\/actualites\/wp-json\/wp\/v2\/tags?post=5916"}],"curies":[{"name":"wp","href":"https:\/\/api.w.org\/{rel}","templated":true}]}}