{"id":5913,"date":"2025-03-15T21:17:35","date_gmt":"2025-03-15T20:17:35","guid":{"rendered":"https:\/\/vieassociative.be\/actualites\/allemagne-union-spd-et-les-verts-sont-daccord-sur-un-package-de-dettes-xxl-questions-et-reponses\/"},"modified":"2025-03-15T21:17:35","modified_gmt":"2025-03-15T20:17:35","slug":"allemagne-union-spd-et-les-verts-sont-daccord-sur-un-package-de-dettes-xxl-questions-et-reponses","status":"publish","type":"post","link":"https:\/\/vieassociative.be\/actualites\/allemagne-union-spd-et-les-verts-sont-daccord-sur-un-package-de-dettes-xxl-questions-et-reponses\/","title":{"rendered":"Allemagne: Union, SPD et les Verts sont d&rsquo;accord sur un package de dettes XXL (questions et r\u00e9ponses)"},"content":{"rendered":"<p><strong>En Allemagne, la premi\u00e8re d\u00e9faite du futur chancelier Friedrich Merz (CDU) semble \u00eatre d\u00e9fendue: un accord avec les Verts a \u00e9t\u00e9 conclu &#8211; mais cela pourrait encore causer des probl\u00e8mes.<\/strong><\/p>\n<p><span id=\"more-411242\"><\/span>Le patron de la CDU Friedrich Merz et les n\u00e9gociateurs de l&rsquo;Union et du SPD ont d\u00fb s&rsquo;inqui\u00e9ter depuis longtemps: il semble maintenant que leur ensemble financier multi-illum pour la d\u00e9fense et les infrastructures puisse exister dans le Bundestag. Cependant, les Verts ont n\u00e9goci\u00e9 toute une s\u00e9rie de changements qui pourraient encore \u00eatre douloureux pour l&rsquo;Union et le SPD. Ce que vous devez savoir sur les plans et les compromis:<\/p>\n<p><strong>&#8211; Qu&rsquo;est-ce qui est pr\u00e9vu exactement?<\/strong><\/p>\n<p>La loi fondamentale doit \u00eatre modifi\u00e9e \u00e0 plusieurs endroits pour r\u00e9glementer trois choses: les d\u00e9penses pour la d\u00e9fense et la s\u00e9curit\u00e9 ne devraient retenir que le freinage en dette jusqu&rsquo;\u00e0 un pourcentage d&rsquo;un pour cent du produit int\u00e9rieur brut (PIB) &#8211; environ 44 milliards d&rsquo;euros. Tout au-del\u00e0 de cela devrait \u00eatre financ\u00e9 par le cr\u00e9dit comme vous le souhaitez. Il n&rsquo;y a pas de limite vers le haut. De plus, les pays devraient obtenir plus de possibilit\u00e9s pour leur propre dette: ensemble, ils devraient \u00eatre en mesure de contracter des pr\u00eats de 0,35% du PIB \u00e0 l&rsquo;avenir.<\/p>\n<div id=\"attachment_411253\" class=\"wp-caption alignleft\" style=\"max-width: 300px\"><img fetchpriority=\"high\" decoding=\"async\" class=\"wp-image-411253 size-medium\" src=\"https:\/\/vieassociative.be\/actualites\/wp-content\/uploads\/2025\/03\/Allemagne-Union-SPD-et-les-Verts-sont-daccord-sur-un.jpg\" alt=\"\" width=\"300\" height=\"175\"><\/p>\n<p class=\"wp-caption-text\">13.03.2025, Berlin: Lars Klingbeil (L), chef de groupe parlementaire SPD et pr\u00e9sident f\u00e9d\u00e9ral, s&rsquo;exprime avec Friedrich Merz, CDU \/ CSU Leader du groupe parlementaire et pr\u00e9sident f\u00e9d\u00e9ral de la CDU, dans la s\u00e9rie arri\u00e8re de l&rsquo;Union au cours de la 21e session pl\u00e9ni\u00e8re de la 20e p\u00e9riode l\u00e9gislative allemand. Photo: Michael Kappeler \/ DPA<\/p>\n<\/div>\n<p>Le troisi\u00e8me projet est un fonds sp\u00e9cial pour les investissements dans les infrastructures et la neutralit\u00e9 climatique, qui doit \u00eatre exempt\u00e9 du freinage de la dette et doit \u00eatre nourri avec 500 milliards d&rsquo;euros des pr\u00eats. Le pot sp\u00e9cial devrait \u00eatre disponible pendant douze ans. Tout ensemble serait une \u00e9norme injection financi\u00e8re pour les domaines dans lesquels les experts voient de grands besoins d&rsquo;investissement: les Bundeswehr, mais aussi les autoroutes, les ponts, les rails, les r\u00e9seaux d&rsquo;\u00e9nergie, les garderies et les \u00e9coles.<\/p>\n<p><strong>&#8211; Qu&rsquo;est-ce que les Verts ont \u00e9chang\u00e9 exactement?<\/strong><\/p>\n<p>Union et SPD ont d\u00fb faire des concessions dans les deux grandes zones. Au d\u00e9but, ils ne voulaient exclure que les d\u00e9penses de d\u00e9fense du freinage de la dette. \u00c0 la pression du Green, le rel\u00e2chement s&rsquo;applique d\u00e9sormais \u00e9galement aux d\u00e9penses dans le domaine de la protection civile et de la population, pour la cybers\u00e9curit\u00e9, les services de renseignement et pour le soutien aux \u00c9tats contraires au droit international.<\/p>\n<p>De plus, et cela \u00e9tait particuli\u00e8rement important pour les verts, le pot sp\u00e9cial ne doit pas seulement \u00eatre utilis\u00e9 pour l&rsquo;infrastructure, mais aussi explicitement pour atteindre la neutralit\u00e9 climatique. 100 des 500 milliards de dollars dans les fonds climatiques et de transformation, \u00e0 partir desquels les investissements dans la protection du climat et la r\u00e9novation du climat de l&rsquo;\u00e9conomie sont pay\u00e9s.<\/p>\n<p>Selon les Verts, il est \u00e9galement stipul\u00e9 que les milliards d&rsquo;infrastructures sont l\u00e0 pour des projets suppl\u00e9mentaires. Selon les Greens, ils ne peuvent \u00eatre utilis\u00e9s que si des investissements appropri\u00e9s sont pr\u00e9vus dans le budget de base. Les Verts craignaient que le syndicat et le SPD puissent utiliser l&rsquo;argent pour financer des projets d\u00e9j\u00e0 planifi\u00e9s et ainsi faire de la place pour les cadeaux \u00e9lectoraux dans le budget de base tels que la pension de la m\u00e8re.<\/p>\n<p><strong>&#8211; Comment les trois factions \u00e9valuent-elles le r\u00e9sultat?<\/strong><\/p>\n<p>La pr\u00e9sidente du groupe vert, Katharina Dr\u00f6ge, a d\u00e9clar\u00e9 qu&rsquo;elle et son chef de co-faction Britta Ha\u00dfelmann avaient fait des n\u00e9gociations avec la CDU, la CSU et le SPD \u00ab\u00a0que l&rsquo;argent est dirig\u00e9 dans la bonne direction\u00a0\u00bb. Le chef de la faction syndicale Merz \u00e9tait satisfait des n\u00e9goci\u00e9s. Le chef du groupe parlementaire du SPD, Lars Klingbeil, attend maintenant une \u00ab\u00a0pouss\u00e9e puissante pour l&rsquo;Allemagne\u00a0\u00bb. Le forfait fera avancer le pays pendant des ann\u00e9es, voire des d\u00e9cennies.<\/p>\n<div id=\"attachment_411255\" class=\"wp-caption alignleft\" style=\"max-width: 300px\"><img decoding=\"async\" class=\"wp-image-411255 size-medium\" src=\"https:\/\/vieassociative.be\/actualites\/wp-content\/uploads\/2025\/03\/1742069855_294_Allemagne-Union-SPD-et-les-Verts-sont-daccord-sur-un.jpg\" alt=\"\" width=\"300\" height=\"200\"  ><\/p>\n<p class=\"wp-caption-text\">10.03.2025, Berlin: Felix Banaszak, pr\u00e9sident du parti de B\u00fcndnis 90 \/ Die Gr\u00fcnen, Franziska Brantner, chef du parti de B\u00fcndnis 90 \/ Die Gr\u00fcnen, Katharina Dr\u00f6ge, Group Leader de B\u00fcndnis 90 \/ Die Gr\u00fcnen, et Britta Ha\u00dfelmann, le leader du groupe de B\u00fcnd 90 \/ Britta Ha\u00dfelmann, la CONCEPTENCE DE PRESS Niveau de groupe iAmentaire. Photo: Kay Nietfeld \/ DPA<\/p>\n<\/div>\n<p>Mais les deux partenaires de coalition possibles sont d\u00e9sormais difficiles \u00e0 conversations dans la maison. Parce que le fait que l&rsquo;argent de l&rsquo;infrastructure doit se d\u00e9rouler dans des projets suppl\u00e9mentaires doit \u00eatre trouv\u00e9 pour tout le reste dans le m\u00e9nage normal et probablement \u00e9conomiser \u00e0 certains endroits. N\u00e9gocier ce ne sera pas facile.<\/p>\n<p><strong>&#8211; D&rsquo;o\u00f9 viendrait l&rsquo;argent &#8211; et qui doit payer la mine?<\/strong><\/p>\n<p>L&rsquo;\u00c9tat obtient de l&rsquo;argent frais en \u00e9mettant des obligations sur le march\u00e9 des capitaux. Avec l&rsquo;achat d&rsquo;une obligation d&rsquo;\u00c9tat, un investisseur pr\u00eate de l&rsquo;argent \u00e0 l&rsquo;\u00c9tat et suscite des int\u00e9r\u00eats. \u00c0 long terme, le pr\u00eat doit \u00eatre rembours\u00e9 &#8211; contrairement aux particuliers, cela peut \u00eatre d\u00e9plac\u00e9 loin dans le futur. C&rsquo;est combien de temps l&rsquo;\u00c9tat doit payer les int\u00e9r\u00eats de ses m\u00e9nages.<\/p>\n<p>Les plans pourraient d\u00e9j\u00e0 avoir des cons\u00e9quences pour les constructeurs de maisons, par exemple. Imm\u00e9diatement apr\u00e8s l&rsquo;annonce, les taux d&rsquo;int\u00e9r\u00eat du b\u00e2timent ont augment\u00e9 &#8211; ceci est li\u00e9 au retour des obligations f\u00e9d\u00e9rales. Il n&rsquo;est pas possible de pr\u00e9dire s\u00e9rieusement si l&rsquo;effet se poursuit.<\/p>\n<p><strong>&#8211; Comment \u00e7a va maintenant?<\/strong><\/p>\n<p>Le comit\u00e9 du budget se r\u00e9unit dimanche et fait une recommandation pour le Bundestag. La d\u00e9cision finale est ensuite pr\u00e9vue mardi. Entre autres choses, gauche et AFD avaient tent\u00e9 d&rsquo;arr\u00eater le vote dans l&rsquo;ancien Bundestag avec des demandes urgentes devant la Cour constitutionnelle f\u00e9d\u00e9rale. Le tribunal allemand le plus \u00e9lev\u00e9 les a rejet\u00e9s comme non fond\u00e9s en fin d&rsquo;apr\u00e8s-midi. Cependant, les d\u00e9cisions concernant d&rsquo;autres demandes sont toujours en suspens, y compris les citoyens.<\/p>\n<p><strong>&#8211; Quelque chose peut-il mal maintenant?<\/strong><\/p>\n<p>L&rsquo;Union, le SPD et les verts ont les deux tiers n\u00e9cessaires \u00e0 la majorit\u00e9 &#8211; mais presque tous leurs d\u00e9put\u00e9s doivent \u00e9galement \u00eatre d&rsquo;accord. De nombreux parlementaires de l&rsquo;ancien Bundestag ne sont plus l\u00e0 dans la suivante. Ce sera votre dernier vote &#8211; et il est concevable que vous ne votez pas ou ne vous absente pas comme d&rsquo;habitude le long du groupe parlementaire. Il pourrait donc \u00eatre serr\u00e9 avec la majorit\u00e9 n\u00e9cessaire.<\/p>\n<p>Cependant, Merz \u00e9tait convaincu que le tampon de 31 voix serait suffisant. Dr\u00f6ge a d\u00e9clar\u00e9 que de nombreux commentaires positifs avaient \u00e9t\u00e9 re\u00e7us de leurs propres d\u00e9put\u00e9s pour le r\u00e9sultat de la n\u00e9gociation. Klingbeil a d\u00e9clar\u00e9 qu&rsquo;il \u00e9tait \u00ab\u00a0fermement convaincu\u00a0\u00bb que le SPD approuverait le package mardi.<\/p>\n<p><strong>&#8211; Quel r\u00f4le le Conseil f\u00e9d\u00e9ral joue-t-il?<\/strong><\/p>\n<p>En plus de la d\u00e9cision de Bundestag, un changement dans la loi fondamentale n\u00e9cessite au moins les deux tiers des voix du pays &#8211; et ils ne sont pas certains non plus. Certains \u00c9tats f\u00e9d\u00e9raux exigent que les pays obtiennent plus que les 100 milliards pr\u00e9vus du pot d&rsquo;infrastructure. De plus, les \u00c9tats f\u00e9d\u00e9raux ne peuvent \u00eatre d&rsquo;accord que si leur coalition gouvernementale trouve une ligne uniforme &#8211; donc si n\u00e9cessaire \u00e9galement avec la gauche, le BSW et le FDP. Les \u00e9lecteurs libres de Bavi\u00e8re n&rsquo;\u00e9taient pas non plus convaincus r\u00e9cemment. (DPA)<\/p>\n","protected":false},"excerpt":{"rendered":"<p>En Allemagne, la premi\u00e8re d\u00e9faite du futur chancelier Friedrich Merz (CDU) semble \u00eatre d\u00e9fendue: un accord avec les Verts a \u00e9t\u00e9 conclu &#8211; mais cela<\/p>\n","protected":false},"author":1,"featured_media":5914,"comment_status":"","ping_status":"","sticky":false,"template":"","format":"standard","meta":{"footnotes":""},"categories":[298],"tags":[2864,5195,4460,14,5874,481,1882,18,3248,33,4627,1519,5875],"class_list":["post-5913","post","type-post","status-publish","format-standard","has-post-thumbnail","hentry","category-belgique","tag-allemagne","tag-daccord","tag-dettes","tag-les","tag-package","tag-questions","tag-reponses","tag-sont","tag-spd","tag-sur","tag-union","tag-verts","tag-xxl","generate-columns","tablet-grid-50","mobile-grid-100","grid-parent","grid-33"],"yoast_head":"<!-- This site is optimized with the Yoast SEO plugin v24.0 - https:\/\/yoast.com\/wordpress\/plugins\/seo\/ -->\n<title>Allemagne: Union, SPD et les Verts sont d&#039;accord sur un package de dettes XXL (questions et r\u00e9ponses) | Vie Associative<\/title>\n<meta name=\"robots\" content=\"index, follow, max-snippet:-1, max-image-preview:large, max-video-preview:-1\" \/>\n<link rel=\"canonical\" href=\"https:\/\/vieassociative.be\/actualites\/allemagne-union-spd-et-les-verts-sont-daccord-sur-un-package-de-dettes-xxl-questions-et-reponses\/\" \/>\n<meta property=\"og:locale\" content=\"fr_FR\" \/>\n<meta property=\"og:type\" content=\"article\" \/>\n<meta property=\"og:title\" content=\"Allemagne: Union, SPD et les Verts sont d&#039;accord sur un package de dettes XXL (questions et r\u00e9ponses) | Vie Associative\" \/>\n<meta property=\"og:description\" content=\"En Allemagne, la premi\u00e8re d\u00e9faite du futur chancelier Friedrich Merz (CDU) semble \u00eatre d\u00e9fendue: un accord avec les Verts a \u00e9t\u00e9 conclu &#8211; mais cela\" \/>\n<meta property=\"og:url\" content=\"https:\/\/vieassociative.be\/actualites\/allemagne-union-spd-et-les-verts-sont-daccord-sur-un-package-de-dettes-xxl-questions-et-reponses\/\" \/>\n<meta property=\"og:site_name\" content=\"Vie Associative\" \/>\n<meta property=\"article:published_time\" content=\"2025-03-15T20:17:35+00:00\" \/>\n<meta property=\"og:image\" content=\"https:\/\/vieassociative.be\/actualites\/wp-content\/uploads\/2024\/09\/header_backgroundk-01-e1726694325946.png\" \/>\n\t<meta property=\"og:image:width\" content=\"279\" \/>\n\t<meta property=\"og:image:height\" content=\"92\" \/>\n\t<meta property=\"og:image:type\" content=\"image\/png\" \/>\n<meta name=\"author\" content=\"Julien\" \/>\n<meta name=\"twitter:card\" content=\"summary_large_image\" \/>\n<meta name=\"twitter:label1\" content=\"\u00c9crit par\" \/>\n\t<meta name=\"twitter:data1\" content=\"Julien\" \/>\n\t<meta name=\"twitter:label2\" content=\"Dur\u00e9e de lecture est.\" \/>\n\t<meta name=\"twitter:data2\" content=\"6 minutes\" \/>\n<script type=\"application\/ld+json\" class=\"yoast-schema-graph\">{\"@context\":\"https:\/\/schema.org\",\"@graph\":[{\"@type\":\"Article\",\"@id\":\"https:\/\/vieassociative.be\/actualites\/allemagne-union-spd-et-les-verts-sont-daccord-sur-un-package-de-dettes-xxl-questions-et-reponses\/#article\",\"isPartOf\":{\"@id\":\"https:\/\/vieassociative.be\/actualites\/allemagne-union-spd-et-les-verts-sont-daccord-sur-un-package-de-dettes-xxl-questions-et-reponses\/\"},\"author\":{\"name\":\"Julien\",\"@id\":\"https:\/\/vieassociative.be\/actualites\/#\/schema\/person\/b87ac4f82f9d4e7b7cec7395b679edc4\"},\"headline\":\"Allemagne: Union, SPD et les Verts sont d&rsquo;accord sur un package de dettes XXL (questions et r\u00e9ponses)\",\"datePublished\":\"2025-03-15T20:17:35+00:00\",\"dateModified\":\"2025-03-15T20:17:35+00:00\",\"mainEntityOfPage\":{\"@id\":\"https:\/\/vieassociative.be\/actualites\/allemagne-union-spd-et-les-verts-sont-daccord-sur-un-package-de-dettes-xxl-questions-et-reponses\/\"},\"wordCount\":1348,\"publisher\":{\"@id\":\"https:\/\/vieassociative.be\/actualites\/#organization\"},\"image\":{\"@id\":\"https:\/\/vieassociative.be\/actualites\/allemagne-union-spd-et-les-verts-sont-daccord-sur-un-package-de-dettes-xxl-questions-et-reponses\/#primaryimage\"},\"thumbnailUrl\":\"https:\/\/vieassociative.be\/actualites\/wp-content\/uploads\/2025\/03\/1742069855_Allemagne-Union-SPD-et-les-Verts-sont-daccord-sur-un.jpg\",\"keywords\":[\"Allemagne\",\"daccord\",\"dettes\",\"Les\",\"package\",\"questions\",\"r\u00e9ponses\",\"sont\",\"SPD\",\"sur\",\"Union\",\"verts\",\"XXL\"],\"articleSection\":[\"Belgique\"],\"inLanguage\":\"fr-BE\"},{\"@type\":\"WebPage\",\"@id\":\"https:\/\/vieassociative.be\/actualites\/allemagne-union-spd-et-les-verts-sont-daccord-sur-un-package-de-dettes-xxl-questions-et-reponses\/\",\"url\":\"https:\/\/vieassociative.be\/actualites\/allemagne-union-spd-et-les-verts-sont-daccord-sur-un-package-de-dettes-xxl-questions-et-reponses\/\",\"name\":\"Allemagne: Union, SPD et les Verts sont d'accord sur un package de dettes XXL (questions et r\u00e9ponses) | Vie Associative\",\"isPartOf\":{\"@id\":\"https:\/\/vieassociative.be\/actualites\/#website\"},\"primaryImageOfPage\":{\"@id\":\"https:\/\/vieassociative.be\/actualites\/allemagne-union-spd-et-les-verts-sont-daccord-sur-un-package-de-dettes-xxl-questions-et-reponses\/#primaryimage\"},\"image\":{\"@id\":\"https:\/\/vieassociative.be\/actualites\/allemagne-union-spd-et-les-verts-sont-daccord-sur-un-package-de-dettes-xxl-questions-et-reponses\/#primaryimage\"},\"thumbnailUrl\":\"https:\/\/vieassociative.be\/actualites\/wp-content\/uploads\/2025\/03\/1742069855_Allemagne-Union-SPD-et-les-Verts-sont-daccord-sur-un.jpg\",\"datePublished\":\"2025-03-15T20:17:35+00:00\",\"dateModified\":\"2025-03-15T20:17:35+00:00\",\"breadcrumb\":{\"@id\":\"https:\/\/vieassociative.be\/actualites\/allemagne-union-spd-et-les-verts-sont-daccord-sur-un-package-de-dettes-xxl-questions-et-reponses\/#breadcrumb\"},\"inLanguage\":\"fr-BE\",\"potentialAction\":[{\"@type\":\"ReadAction\",\"target\":[\"https:\/\/vieassociative.be\/actualites\/allemagne-union-spd-et-les-verts-sont-daccord-sur-un-package-de-dettes-xxl-questions-et-reponses\/\"]}]},{\"@type\":\"ImageObject\",\"inLanguage\":\"fr-BE\",\"@id\":\"https:\/\/vieassociative.be\/actualites\/allemagne-union-spd-et-les-verts-sont-daccord-sur-un-package-de-dettes-xxl-questions-et-reponses\/#primaryimage\",\"url\":\"https:\/\/vieassociative.be\/actualites\/wp-content\/uploads\/2025\/03\/1742069855_Allemagne-Union-SPD-et-les-Verts-sont-daccord-sur-un.jpg\",\"contentUrl\":\"https:\/\/vieassociative.be\/actualites\/wp-content\/uploads\/2025\/03\/1742069855_Allemagne-Union-SPD-et-les-Verts-sont-daccord-sur-un.jpg\",\"width\":1200,\"height\":743,\"caption\":\"Allemagne: Union, SPD et les Verts sont d'accord sur un package de dettes XXL (questions et r\u00e9ponses)\"},{\"@type\":\"BreadcrumbList\",\"@id\":\"https:\/\/vieassociative.be\/actualites\/allemagne-union-spd-et-les-verts-sont-daccord-sur-un-package-de-dettes-xxl-questions-et-reponses\/#breadcrumb\",\"itemListElement\":[{\"@type\":\"ListItem\",\"position\":1,\"name\":\"Accueil\",\"item\":\"https:\/\/vieassociative.be\/actualites\/\"},{\"@type\":\"ListItem\",\"position\":2,\"name\":\"Allemagne: Union, SPD et les Verts sont d&rsquo;accord sur un package de dettes XXL (questions et r\u00e9ponses)\"}]},{\"@type\":\"WebSite\",\"@id\":\"https:\/\/vieassociative.be\/actualites\/#website\",\"url\":\"https:\/\/vieassociative.be\/actualites\/\",\"name\":\"Vie Associative\",\"description\":\"\",\"publisher\":{\"@id\":\"https:\/\/vieassociative.be\/actualites\/#organization\"},\"potentialAction\":[{\"@type\":\"SearchAction\",\"target\":{\"@type\":\"EntryPoint\",\"urlTemplate\":\"https:\/\/vieassociative.be\/actualites\/?s={search_term_string}\"},\"query-input\":{\"@type\":\"PropertyValueSpecification\",\"valueRequired\":true,\"valueName\":\"search_term_string\"}}],\"inLanguage\":\"fr-BE\"},{\"@type\":\"Organization\",\"@id\":\"https:\/\/vieassociative.be\/actualites\/#organization\",\"name\":\"Vie Associative\",\"url\":\"https:\/\/vieassociative.be\/actualites\/\",\"logo\":{\"@type\":\"ImageObject\",\"inLanguage\":\"fr-BE\",\"@id\":\"https:\/\/vieassociative.be\/actualites\/#\/schema\/logo\/image\/\",\"url\":\"https:\/\/vieassociative.be\/actualites\/wp-content\/uploads\/2024\/09\/cropped-vieassociative_favicon.ico.png\",\"contentUrl\":\"https:\/\/vieassociative.be\/actualites\/wp-content\/uploads\/2024\/09\/cropped-vieassociative_favicon.ico.png\",\"width\":512,\"height\":512,\"caption\":\"Vie Associative\"},\"image\":{\"@id\":\"https:\/\/vieassociative.be\/actualites\/#\/schema\/logo\/image\/\"}},{\"@type\":\"Person\",\"@id\":\"https:\/\/vieassociative.be\/actualites\/#\/schema\/person\/b87ac4f82f9d4e7b7cec7395b679edc4\",\"name\":\"Julien\",\"image\":{\"@type\":\"ImageObject\",\"inLanguage\":\"fr-BE\",\"@id\":\"https:\/\/vieassociative.be\/actualites\/#\/schema\/person\/image\/\",\"url\":\"https:\/\/vieassociative.be\/actualites\/wp-content\/uploads\/2024\/09\/vie-associative-1-150x150.jpg\",\"contentUrl\":\"https:\/\/vieassociative.be\/actualites\/wp-content\/uploads\/2024\/09\/vie-associative-1-150x150.jpg\",\"caption\":\"Julien\"},\"description\":\"Je suis Julien, r\u00e9dacteur pour Vie Associative. Passionn\u00e9 par le monde associatif depuis plus de 10 ans, j'ai \u00e0 c\u0153ur de partager des histoires inspirantes et de mettre en lumi\u00e8re les initiatives locales. Mon objectif est de sensibiliser et d'encourager l'engagement communautaire \u00e0 travers mes articles.\",\"sameAs\":[\"https:\/\/vieassociative.be\/\"]}]}<\/script>\n<!-- \/ Yoast SEO plugin. -->","yoast_head_json":{"title":"Allemagne: Union, SPD et les Verts sont d'accord sur un package de dettes XXL (questions et r\u00e9ponses) | Vie Associative","robots":{"index":"index","follow":"follow","max-snippet":"max-snippet:-1","max-image-preview":"max-image-preview:large","max-video-preview":"max-video-preview:-1"},"canonical":"https:\/\/vieassociative.be\/actualites\/allemagne-union-spd-et-les-verts-sont-daccord-sur-un-package-de-dettes-xxl-questions-et-reponses\/","og_locale":"fr_FR","og_type":"article","og_title":"Allemagne: Union, SPD et les Verts sont d'accord sur un package de dettes XXL (questions et r\u00e9ponses) | Vie Associative","og_description":"En Allemagne, la premi\u00e8re d\u00e9faite du futur chancelier Friedrich Merz (CDU) semble \u00eatre d\u00e9fendue: un accord avec les Verts a \u00e9t\u00e9 conclu &#8211; mais cela","og_url":"https:\/\/vieassociative.be\/actualites\/allemagne-union-spd-et-les-verts-sont-daccord-sur-un-package-de-dettes-xxl-questions-et-reponses\/","og_site_name":"Vie Associative","article_published_time":"2025-03-15T20:17:35+00:00","og_image":[{"width":279,"height":92,"url":"https:\/\/vieassociative.be\/actualites\/wp-content\/uploads\/2024\/09\/header_backgroundk-01-e1726694325946.png","type":"image\/png"}],"author":"Julien","twitter_card":"summary_large_image","twitter_misc":{"\u00c9crit par":"Julien","Dur\u00e9e de lecture est.":"6 minutes"},"schema":{"@context":"https:\/\/schema.org","@graph":[{"@type":"Article","@id":"https:\/\/vieassociative.be\/actualites\/allemagne-union-spd-et-les-verts-sont-daccord-sur-un-package-de-dettes-xxl-questions-et-reponses\/#article","isPartOf":{"@id":"https:\/\/vieassociative.be\/actualites\/allemagne-union-spd-et-les-verts-sont-daccord-sur-un-package-de-dettes-xxl-questions-et-reponses\/"},"author":{"name":"Julien","@id":"https:\/\/vieassociative.be\/actualites\/#\/schema\/person\/b87ac4f82f9d4e7b7cec7395b679edc4"},"headline":"Allemagne: Union, SPD et les Verts sont d&rsquo;accord sur un package de dettes XXL (questions et r\u00e9ponses)","datePublished":"2025-03-15T20:17:35+00:00","dateModified":"2025-03-15T20:17:35+00:00","mainEntityOfPage":{"@id":"https:\/\/vieassociative.be\/actualites\/allemagne-union-spd-et-les-verts-sont-daccord-sur-un-package-de-dettes-xxl-questions-et-reponses\/"},"wordCount":1348,"publisher":{"@id":"https:\/\/vieassociative.be\/actualites\/#organization"},"image":{"@id":"https:\/\/vieassociative.be\/actualites\/allemagne-union-spd-et-les-verts-sont-daccord-sur-un-package-de-dettes-xxl-questions-et-reponses\/#primaryimage"},"thumbnailUrl":"https:\/\/vieassociative.be\/actualites\/wp-content\/uploads\/2025\/03\/1742069855_Allemagne-Union-SPD-et-les-Verts-sont-daccord-sur-un.jpg","keywords":["Allemagne","daccord","dettes","Les","package","questions","r\u00e9ponses","sont","SPD","sur","Union","verts","XXL"],"articleSection":["Belgique"],"inLanguage":"fr-BE"},{"@type":"WebPage","@id":"https:\/\/vieassociative.be\/actualites\/allemagne-union-spd-et-les-verts-sont-daccord-sur-un-package-de-dettes-xxl-questions-et-reponses\/","url":"https:\/\/vieassociative.be\/actualites\/allemagne-union-spd-et-les-verts-sont-daccord-sur-un-package-de-dettes-xxl-questions-et-reponses\/","name":"Allemagne: Union, SPD et les Verts sont d'accord sur un package de dettes XXL (questions et r\u00e9ponses) | Vie Associative","isPartOf":{"@id":"https:\/\/vieassociative.be\/actualites\/#website"},"primaryImageOfPage":{"@id":"https:\/\/vieassociative.be\/actualites\/allemagne-union-spd-et-les-verts-sont-daccord-sur-un-package-de-dettes-xxl-questions-et-reponses\/#primaryimage"},"image":{"@id":"https:\/\/vieassociative.be\/actualites\/allemagne-union-spd-et-les-verts-sont-daccord-sur-un-package-de-dettes-xxl-questions-et-reponses\/#primaryimage"},"thumbnailUrl":"https:\/\/vieassociative.be\/actualites\/wp-content\/uploads\/2025\/03\/1742069855_Allemagne-Union-SPD-et-les-Verts-sont-daccord-sur-un.jpg","datePublished":"2025-03-15T20:17:35+00:00","dateModified":"2025-03-15T20:17:35+00:00","breadcrumb":{"@id":"https:\/\/vieassociative.be\/actualites\/allemagne-union-spd-et-les-verts-sont-daccord-sur-un-package-de-dettes-xxl-questions-et-reponses\/#breadcrumb"},"inLanguage":"fr-BE","potentialAction":[{"@type":"ReadAction","target":["https:\/\/vieassociative.be\/actualites\/allemagne-union-spd-et-les-verts-sont-daccord-sur-un-package-de-dettes-xxl-questions-et-reponses\/"]}]},{"@type":"ImageObject","inLanguage":"fr-BE","@id":"https:\/\/vieassociative.be\/actualites\/allemagne-union-spd-et-les-verts-sont-daccord-sur-un-package-de-dettes-xxl-questions-et-reponses\/#primaryimage","url":"https:\/\/vieassociative.be\/actualites\/wp-content\/uploads\/2025\/03\/1742069855_Allemagne-Union-SPD-et-les-Verts-sont-daccord-sur-un.jpg","contentUrl":"https:\/\/vieassociative.be\/actualites\/wp-content\/uploads\/2025\/03\/1742069855_Allemagne-Union-SPD-et-les-Verts-sont-daccord-sur-un.jpg","width":1200,"height":743,"caption":"Allemagne: Union, SPD et les Verts sont d'accord sur un package de dettes XXL (questions et r\u00e9ponses)"},{"@type":"BreadcrumbList","@id":"https:\/\/vieassociative.be\/actualites\/allemagne-union-spd-et-les-verts-sont-daccord-sur-un-package-de-dettes-xxl-questions-et-reponses\/#breadcrumb","itemListElement":[{"@type":"ListItem","position":1,"name":"Accueil","item":"https:\/\/vieassociative.be\/actualites\/"},{"@type":"ListItem","position":2,"name":"Allemagne: Union, SPD et les Verts sont d&rsquo;accord sur un package de dettes XXL (questions et r\u00e9ponses)"}]},{"@type":"WebSite","@id":"https:\/\/vieassociative.be\/actualites\/#website","url":"https:\/\/vieassociative.be\/actualites\/","name":"Vie Associative","description":"","publisher":{"@id":"https:\/\/vieassociative.be\/actualites\/#organization"},"potentialAction":[{"@type":"SearchAction","target":{"@type":"EntryPoint","urlTemplate":"https:\/\/vieassociative.be\/actualites\/?s={search_term_string}"},"query-input":{"@type":"PropertyValueSpecification","valueRequired":true,"valueName":"search_term_string"}}],"inLanguage":"fr-BE"},{"@type":"Organization","@id":"https:\/\/vieassociative.be\/actualites\/#organization","name":"Vie Associative","url":"https:\/\/vieassociative.be\/actualites\/","logo":{"@type":"ImageObject","inLanguage":"fr-BE","@id":"https:\/\/vieassociative.be\/actualites\/#\/schema\/logo\/image\/","url":"https:\/\/vieassociative.be\/actualites\/wp-content\/uploads\/2024\/09\/cropped-vieassociative_favicon.ico.png","contentUrl":"https:\/\/vieassociative.be\/actualites\/wp-content\/uploads\/2024\/09\/cropped-vieassociative_favicon.ico.png","width":512,"height":512,"caption":"Vie Associative"},"image":{"@id":"https:\/\/vieassociative.be\/actualites\/#\/schema\/logo\/image\/"}},{"@type":"Person","@id":"https:\/\/vieassociative.be\/actualites\/#\/schema\/person\/b87ac4f82f9d4e7b7cec7395b679edc4","name":"Julien","image":{"@type":"ImageObject","inLanguage":"fr-BE","@id":"https:\/\/vieassociative.be\/actualites\/#\/schema\/person\/image\/","url":"https:\/\/vieassociative.be\/actualites\/wp-content\/uploads\/2024\/09\/vie-associative-1-150x150.jpg","contentUrl":"https:\/\/vieassociative.be\/actualites\/wp-content\/uploads\/2024\/09\/vie-associative-1-150x150.jpg","caption":"Julien"},"description":"Je suis Julien, r\u00e9dacteur pour Vie Associative. Passionn\u00e9 par le monde associatif depuis plus de 10 ans, j'ai \u00e0 c\u0153ur de partager des histoires inspirantes et de mettre en lumi\u00e8re les initiatives locales. Mon objectif est de sensibiliser et d'encourager l'engagement communautaire \u00e0 travers mes articles.","sameAs":["https:\/\/vieassociative.be\/"]}]}},"_links":{"self":[{"href":"https:\/\/vieassociative.be\/actualites\/wp-json\/wp\/v2\/posts\/5913"}],"collection":[{"href":"https:\/\/vieassociative.be\/actualites\/wp-json\/wp\/v2\/posts"}],"about":[{"href":"https:\/\/vieassociative.be\/actualites\/wp-json\/wp\/v2\/types\/post"}],"author":[{"embeddable":true,"href":"https:\/\/vieassociative.be\/actualites\/wp-json\/wp\/v2\/users\/1"}],"replies":[{"embeddable":true,"href":"https:\/\/vieassociative.be\/actualites\/wp-json\/wp\/v2\/comments?post=5913"}],"version-history":[{"count":0,"href":"https:\/\/vieassociative.be\/actualites\/wp-json\/wp\/v2\/posts\/5913\/revisions"}],"wp:featuredmedia":[{"embeddable":true,"href":"https:\/\/vieassociative.be\/actualites\/wp-json\/wp\/v2\/media\/5914"}],"wp:attachment":[{"href":"https:\/\/vieassociative.be\/actualites\/wp-json\/wp\/v2\/media?parent=5913"}],"wp:term":[{"taxonomy":"category","embeddable":true,"href":"https:\/\/vieassociative.be\/actualites\/wp-json\/wp\/v2\/categories?post=5913"},{"taxonomy":"post_tag","embeddable":true,"href":"https:\/\/vieassociative.be\/actualites\/wp-json\/wp\/v2\/tags?post=5913"}],"curies":[{"name":"wp","href":"https:\/\/api.w.org\/{rel}","templated":true}]}}