{"id":5911,"date":"2025-03-15T20:18:39","date_gmt":"2025-03-15T19:18:39","guid":{"rendered":"https:\/\/vieassociative.be\/actualites\/ce-lg-smart-tv-massif-est-plus-de-500\/"},"modified":"2025-03-15T20:18:39","modified_gmt":"2025-03-15T19:18:39","slug":"ce-lg-smart-tv-massif-est-plus-de-500","status":"publish","type":"post","link":"https:\/\/vieassociative.be\/actualites\/ce-lg-smart-tv-massif-est-plus-de-500\/","title":{"rendered":"Ce LG Smart TV massif est plus de 500 $"},"content":{"rendered":"<div class=\"mt-4 leading-6 md:mb-8\">Ce mod\u00e8le de 75 pouces est r\u00e9duit \u00e0 son prix le plus bas de tous les temps.<\/div>\n<p><\/p>\n<p>C&rsquo;est le bon moment pour faire du shopping pour les t\u00e9l\u00e9viseurs, avec de nombreuses options disponibles en ce moment. Le TCL QM7 est un grand t\u00e9l\u00e9viseur \u00e0 petit budget actuellement en vente et son principal concurrent, Hisense&rsquo;s U7, est \u00e9galement \u00e0 son prix le plus bas. Si vous voulez une t\u00e9l\u00e9vision de meilleure qualit\u00e9, cependant, le QNED80T de 75 pouces de LG est <strong>896,99 $<\/strong> (\u00e0 l&rsquo;origine 1 399,99 $), est \u00e9galement au prix le plus bas qu&rsquo;il ait jamais \u00e9t\u00e9, selon les outils de suivi des prix.<\/p>\n<div class=\"shadow-b-2 mb-12 mt-10 rounded-md border-2 border-(#F0F0F0) px-6 py-2 shadow-lg md:px-12\" role=\"region\" aria-label=\"Products List\" x-data=\"{ showMore: false }\">\n<div class=\"flex w-full gap-x-5\">\n<div class=\"flex w-full flex-col flex-nowrap justify-center gap-2 text-black no-underline md:order-2 md:gap-y-6\">\n<div class=\"flex flex-col justify-between gap-y-2 md:w-full md:gap-y-1\">\n<div class=\"block font-sans text-xs font-semibold capitalize leading-3 text-gray-900 md:leading-4\">Taille de l&rsquo;\u00e9cran: 55 pouces, marque: LG, technologie d&rsquo;affichage: LED, R\u00e9solution: 4K, Taux de rafra\u00eechissement: 60 Hz<\/div>\n<div class=\"block w-fit cursor-pointer font-akshar text-lg font-medium leading-5 text-brand-green duration-200 ease-in-out hover:text-brand-green-700 md:text-xl md:leading-6\">\n<p>                            Classe LG 55 pouces QNED80T\n                        <\/p><\/div>\n<\/p><\/div>\n<div class=\"hidden md:flex md:justify-between md:gap-x-4\">\n<div class=\"w-full mb-0 md:flex md:flex-col md:justify-center font-sans leading-4 text-black\">\n<div class=\"flex flex-wrap items-center justify-center gap-x-1 md:justify-start\">\n        <span class=\"font-bold\"><\/p>\n<p>            546,99 $<br \/>\n                            <span class=\"font-medium\">\u00e0 Amazon<\/span><br \/>\n                    <\/span><br \/>\n                    <img decoding=\"async\" class=\"mt-0 h-(15px)\" src=\"https:\/\/vieassociative.be\/actualites\/wp-content\/uploads\/2025\/03\/Ce-LG-Smart-TV-massif-est-plus-de-500.svg.svg+xml\" title=\"Amazon Prime\" alt=\"Amazon Prime\">\n            <\/div>\n<div class=\"flex items-center justify-center gap-x-1 font-bold md:justify-start\">\n            <span class=\"text-sm line-through\">799,99 $<\/span><br \/>\n            <span class=\"text-sm text-brand-green\">\u00c9conomisez 253,00 $<\/span>\n        <\/div>\n<\/p><\/div>\n<p>                            <button class=\"flex justify-center items-center w-full bg-brand-green text-white text-base font-sans font-medium rounded-md hover:bg-brand-green-700 hover:cursor-pointer md:text-sm hidden self-end h-12 max-w-(10rem) duration-200 ease-in-out hover:bg-brand-green-700 md:flex md:h-10\"><\/p>\n<p>    Conclure un accord<br \/>\n<\/button>\n                        <\/div>\n<\/p><\/div>\n<div class=\"flex aspect-video h-(90px) shrink-0 items-center justify-center self-center md:order-1\">\n                        <img decoding=\"async\" class=\"m-0 max-h-full max-w-full rounded-md\" src=\"https:\/\/vieassociative.be\/actualites\/wp-content\/uploads\/2025\/03\/Ce-LG-Smart-TV-massif-est-plus-de-500.jpg\" alt=\"Classe LG 55 pouces QNED80T S\u00e9rie LED Smart TV 4K Processeur Flat Screen avec magique \u00e0 distance aliment\u00e9e par Alexa int\u00e9gr\u00e9e (55Qned80TUC, 2024)\" width=\"auto\" height=\"auto\" loading=\"lazy\">\n                    <\/div>\n<\/p><\/div>\n<p>                            <button class=\"flex justify-center items-center w-full bg-brand-green text-white text-base font-sans font-medium rounded-md hover:bg-brand-green-700 hover:cursor-pointer md:text-sm w-full h-12 duration-200 ease-in-out hover:bg-brand-green-700 md:hidden md:h-10\"><\/p>\n<p>    Conclure un accord<br \/>\n<\/button><\/p>\n<div class=\"flex flex-col items-center w-full md:hidden font-sans leading-4 text-black\">\n<div class=\"flex flex-wrap items-center justify-center gap-x-1 md:justify-start\">\n        <span class=\"font-bold\"><\/p>\n<p>            546,99 $<br \/>\n                            <span class=\"font-medium\">\u00e0 Amazon<\/span><br \/>\n                    <\/span><br \/>\n                    <img decoding=\"async\" class=\"mt-0 h-(15px)\" src=\"https:\/\/vieassociative.be\/actualites\/wp-content\/uploads\/2025\/03\/Ce-LG-Smart-TV-massif-est-plus-de-500.svg.svg+xml\" title=\"Amazon Prime\" alt=\"Amazon Prime\">\n            <\/div>\n<div class=\"flex items-center justify-center gap-x-1 font-bold md:justify-start\">\n            <span class=\"text-sm line-through\">799,99 $<\/span><br \/>\n            <span class=\"text-sm text-brand-green\">\u00c9conomisez 253,00 $<\/span>\n        <\/div>\n<\/p><\/div>\n<div class=\"flex w-full gap-x-5\">\n<div class=\"flex w-full flex-col flex-nowrap justify-center gap-2 text-black no-underline md:order-2 md:gap-y-6\">\n<div class=\"flex flex-col justify-between gap-y-2 md:w-full md:gap-y-1\">\n<div class=\"block font-sans text-xs font-semibold capitalize leading-3 text-gray-900 md:leading-4\">Taille de l&rsquo;\u00e9cran: 75 pouces, marque: LG, technologie d&rsquo;affichage: LED, R\u00e9solution: 4K, Taux de rafra\u00eechissement: 60 Hz<\/div>\n<div class=\"block w-fit cursor-pointer font-akshar text-lg font-medium leading-5 text-brand-green duration-200 ease-in-out hover:text-brand-green-700 md:text-xl md:leading-6\">\n<p>                            Classe LG 75 pouces Qned80t\n                        <\/p><\/div>\n<\/p><\/div>\n<div class=\"hidden md:flex md:justify-between md:gap-x-4\">\n<div class=\"w-full mb-0 md:flex md:flex-col md:justify-center font-sans leading-4 text-black\">\n<div class=\"flex flex-wrap items-center justify-center gap-x-1 md:justify-start\">\n        <span class=\"font-bold\"><\/p>\n<p>            896,99 $<br \/>\n                            <span class=\"font-medium\">\u00e0 Amazon<\/span><br \/>\n                    <\/span><br \/>\n                    <img decoding=\"async\" class=\"mt-0 h-(15px)\" src=\"https:\/\/vieassociative.be\/actualites\/wp-content\/uploads\/2025\/03\/Ce-LG-Smart-TV-massif-est-plus-de-500.svg.svg+xml\" title=\"Amazon Prime\" alt=\"Amazon Prime\">\n            <\/div>\n<div class=\"flex items-center justify-center gap-x-1 font-bold md:justify-start\">\n            <span class=\"text-sm line-through\">1 399,99 $<\/span><br \/>\n            <span class=\"text-sm text-brand-green\">\u00c9conomisez 503,00 $<\/span>\n        <\/div>\n<\/p><\/div>\n<p>                            <button class=\"flex justify-center items-center w-full bg-brand-green text-white text-base font-sans font-medium rounded-md hover:bg-brand-green-700 hover:cursor-pointer md:text-sm hidden self-end h-12 max-w-(10rem) duration-200 ease-in-out hover:bg-brand-green-700 md:flex md:h-10\"><\/p>\n<p>    Conclure un accord<br \/>\n<\/button>\n                        <\/div>\n<\/p><\/div>\n<div class=\"flex aspect-video h-(90px) shrink-0 items-center justify-center self-center md:order-1\">\n                        <img decoding=\"async\" class=\"m-0 max-h-full max-w-full rounded-md\" src=\"https:\/\/vieassociative.be\/actualites\/wp-content\/uploads\/2025\/03\/1742066319_995_Ce-LG-Smart-TV-massif-est-plus-de-500.jpg\" alt=\"75\" lg qned80t qned smart tv model width=\"auto\" height=\"auto\" loading=\"lazy\">\n                    <\/div>\n<\/p><\/div>\n<p>                            <button class=\"flex justify-center items-center w-full bg-brand-green text-white text-base font-sans font-medium rounded-md hover:bg-brand-green-700 hover:cursor-pointer md:text-sm w-full h-12 duration-200 ease-in-out hover:bg-brand-green-700 md:hidden md:h-10\"><\/p>\n<p>    Conclure un accord<br \/>\n<\/button><\/p>\n<div class=\"flex flex-col items-center w-full md:hidden font-sans leading-4 text-black\">\n<div class=\"flex flex-wrap items-center justify-center gap-x-1 md:justify-start\">\n        <span class=\"font-bold\"><\/p>\n<p>            896,99 $<br \/>\n                            <span class=\"font-medium\">\u00e0 Amazon<\/span><br \/>\n                    <\/span><br \/>\n                    <img decoding=\"async\" class=\"mt-0 h-(15px)\" src=\"https:\/\/vieassociative.be\/actualites\/wp-content\/uploads\/2025\/03\/Ce-LG-Smart-TV-massif-est-plus-de-500.svg.svg+xml\" title=\"Amazon Prime\" alt=\"Amazon Prime\">\n            <\/div>\n<div class=\"flex items-center justify-center gap-x-1 font-bold md:justify-start\">\n            <span class=\"text-sm line-through\">1 399,99 $<\/span><br \/>\n            <span class=\"text-sm text-brand-green\">\u00c9conomisez 503,00 $<\/span>\n        <\/div>\n<\/p><\/div>\n<\/div>\n<p>Le syst\u00e8me d&rsquo;exploitation de QNED80T, WebOS 24, est livr\u00e9 avec cinq ans de mises \u00e0 jour garanties, qui maintiendront votre t\u00e9l\u00e9viseur jusqu&rsquo;\u00e0 ce que vous soyez pr\u00eat \u00e0 se rem\u00e9dier \u00e0 nouveau. WebOS 24 est id\u00e9al pour les jeux cloud, avec GeForce Now et Amazon Luna (entre autres services) facilement accessible dans le menu TV. Si vous \u00eates dans le sport, vous pouvez \u00e9galement personnaliser la carte de sport pour montrer les horaires et les scores de votre \u00e9quipe. Parce qu&rsquo;il s&rsquo;agit d&rsquo;un LG, vous obtenez \u00e9galement des canaux LG, qui se compose de plus de 300 canaux live gratuits.<\/p>\n<p>L&rsquo;image est un panneau de 60 Hz \u00e0 bord de bord, ce qui n&rsquo;est pas g\u00e9nial par rapport au QM7 ou U7, mais parce qu&rsquo;il s&rsquo;agit d&rsquo;un QNED au lieu d&rsquo;un QLED, vous obtenez de meilleures couleurs et des niveaux noirs que le QM7 et U7. Donc vraiment, cela revient \u00e0 ce que vous appr\u00e9ciez. Le Qned80T a un angle de vision plus large, ce qui est g\u00e9nial si vous pr\u00e9voyez de l&rsquo;utiliser dans un salon et de regarder la t\u00e9l\u00e9vision avec de nombreuses personnes assises.<\/p>\n<p>Sur le LG, les jeux seront lisses avec Freesync et VRR. Il a \u00e9galement un param\u00e8tre Optimizer de jeu afin que vous puissiez d\u00e9finir l&rsquo;image en fonction du type de jeu \u00e0 votre go\u00fbt. Vous obtenez \u00e9galement quatre ports HDMI 2.1 si vous aimez avoir plusieurs consoles \u00e0 la fois.<\/p>\n","protected":false},"excerpt":{"rendered":"<p>Ce mod\u00e8le de 75 pouces est r\u00e9duit \u00e0 son prix le plus bas de tous les temps. C&rsquo;est le bon moment pour faire du shopping<\/p>\n","protected":false},"author":1,"featured_media":5912,"comment_status":"","ping_status":"","sticky":false,"template":"","format":"standard","meta":{"footnotes":""},"categories":[13],"tags":[76,5873,4246],"class_list":["post-5911","post","type-post","status-publish","format-standard","has-post-thumbnail","hentry","category-technologie","tag-est","tag-massif","tag-smart","generate-columns","tablet-grid-50","mobile-grid-100","grid-parent","grid-33"],"yoast_head":"<!-- This site is optimized with the Yoast SEO plugin v24.0 - https:\/\/yoast.com\/wordpress\/plugins\/seo\/ -->\n<title>Ce LG Smart TV massif est plus de 500 $ | Vie Associative<\/title>\n<meta name=\"robots\" content=\"index, follow, max-snippet:-1, max-image-preview:large, max-video-preview:-1\" \/>\n<link rel=\"canonical\" href=\"https:\/\/vieassociative.be\/actualites\/ce-lg-smart-tv-massif-est-plus-de-500\/\" \/>\n<meta property=\"og:locale\" content=\"fr_FR\" \/>\n<meta property=\"og:type\" content=\"article\" \/>\n<meta property=\"og:title\" content=\"Ce LG Smart TV massif est plus de 500 $ | Vie Associative\" \/>\n<meta property=\"og:description\" content=\"Ce mod\u00e8le de 75 pouces est r\u00e9duit \u00e0 son prix le plus bas de tous les temps. C&rsquo;est le bon moment pour faire du shopping\" \/>\n<meta property=\"og:url\" content=\"https:\/\/vieassociative.be\/actualites\/ce-lg-smart-tv-massif-est-plus-de-500\/\" \/>\n<meta property=\"og:site_name\" content=\"Vie Associative\" \/>\n<meta property=\"article:published_time\" content=\"2025-03-15T19:18:39+00:00\" \/>\n<meta property=\"og:image\" content=\"https:\/\/vieassociative.be\/actualites\/wp-content\/uploads\/2025\/03\/Ce-LG-Smart-TV-massif-est-plus-de-500.svg.svg+xml\" \/>\n<meta name=\"author\" content=\"Julien\" \/>\n<meta name=\"twitter:card\" content=\"summary_large_image\" \/>\n<meta name=\"twitter:label1\" content=\"\u00c9crit par\" \/>\n\t<meta name=\"twitter:data1\" content=\"Julien\" \/>\n\t<meta name=\"twitter:label2\" content=\"Dur\u00e9e de lecture est.\" \/>\n\t<meta name=\"twitter:data2\" content=\"2 minutes\" \/>\n<script type=\"application\/ld+json\" class=\"yoast-schema-graph\">{\"@context\":\"https:\/\/schema.org\",\"@graph\":[{\"@type\":\"Article\",\"@id\":\"https:\/\/vieassociative.be\/actualites\/ce-lg-smart-tv-massif-est-plus-de-500\/#article\",\"isPartOf\":{\"@id\":\"https:\/\/vieassociative.be\/actualites\/ce-lg-smart-tv-massif-est-plus-de-500\/\"},\"author\":{\"name\":\"Julien\",\"@id\":\"https:\/\/vieassociative.be\/actualites\/#\/schema\/person\/b87ac4f82f9d4e7b7cec7395b679edc4\"},\"headline\":\"Ce LG Smart TV massif est plus de 500 $\",\"datePublished\":\"2025-03-15T19:18:39+00:00\",\"dateModified\":\"2025-03-15T19:18:39+00:00\",\"mainEntityOfPage\":{\"@id\":\"https:\/\/vieassociative.be\/actualites\/ce-lg-smart-tv-massif-est-plus-de-500\/\"},\"wordCount\":436,\"publisher\":{\"@id\":\"https:\/\/vieassociative.be\/actualites\/#organization\"},\"image\":{\"@id\":\"https:\/\/vieassociative.be\/actualites\/ce-lg-smart-tv-massif-est-plus-de-500\/#primaryimage\"},\"thumbnailUrl\":\"https:\/\/vieassociative.be\/actualites\/wp-content\/uploads\/2025\/03\/Ce-LG-Smart-TV-massif-est-plus-de-500.png\",\"keywords\":[\"est\",\"massif\",\"Smart\"],\"articleSection\":[\"Technologie\"],\"inLanguage\":\"fr-BE\"},{\"@type\":\"WebPage\",\"@id\":\"https:\/\/vieassociative.be\/actualites\/ce-lg-smart-tv-massif-est-plus-de-500\/\",\"url\":\"https:\/\/vieassociative.be\/actualites\/ce-lg-smart-tv-massif-est-plus-de-500\/\",\"name\":\"Ce LG Smart TV massif est plus de 500 $ | Vie Associative\",\"isPartOf\":{\"@id\":\"https:\/\/vieassociative.be\/actualites\/#website\"},\"primaryImageOfPage\":{\"@id\":\"https:\/\/vieassociative.be\/actualites\/ce-lg-smart-tv-massif-est-plus-de-500\/#primaryimage\"},\"image\":{\"@id\":\"https:\/\/vieassociative.be\/actualites\/ce-lg-smart-tv-massif-est-plus-de-500\/#primaryimage\"},\"thumbnailUrl\":\"https:\/\/vieassociative.be\/actualites\/wp-content\/uploads\/2025\/03\/Ce-LG-Smart-TV-massif-est-plus-de-500.png\",\"datePublished\":\"2025-03-15T19:18:39+00:00\",\"dateModified\":\"2025-03-15T19:18:39+00:00\",\"breadcrumb\":{\"@id\":\"https:\/\/vieassociative.be\/actualites\/ce-lg-smart-tv-massif-est-plus-de-500\/#breadcrumb\"},\"inLanguage\":\"fr-BE\",\"potentialAction\":[{\"@type\":\"ReadAction\",\"target\":[\"https:\/\/vieassociative.be\/actualites\/ce-lg-smart-tv-massif-est-plus-de-500\/\"]}]},{\"@type\":\"ImageObject\",\"inLanguage\":\"fr-BE\",\"@id\":\"https:\/\/vieassociative.be\/actualites\/ce-lg-smart-tv-massif-est-plus-de-500\/#primaryimage\",\"url\":\"https:\/\/vieassociative.be\/actualites\/wp-content\/uploads\/2025\/03\/Ce-LG-Smart-TV-massif-est-plus-de-500.png\",\"contentUrl\":\"https:\/\/vieassociative.be\/actualites\/wp-content\/uploads\/2025\/03\/Ce-LG-Smart-TV-massif-est-plus-de-500.png\",\"width\":1200,\"height\":675,\"caption\":\"Ce LG Smart TV massif est plus de 500 $\"},{\"@type\":\"BreadcrumbList\",\"@id\":\"https:\/\/vieassociative.be\/actualites\/ce-lg-smart-tv-massif-est-plus-de-500\/#breadcrumb\",\"itemListElement\":[{\"@type\":\"ListItem\",\"position\":1,\"name\":\"Accueil\",\"item\":\"https:\/\/vieassociative.be\/actualites\/\"},{\"@type\":\"ListItem\",\"position\":2,\"name\":\"Ce LG Smart TV massif est plus de 500 $\"}]},{\"@type\":\"WebSite\",\"@id\":\"https:\/\/vieassociative.be\/actualites\/#website\",\"url\":\"https:\/\/vieassociative.be\/actualites\/\",\"name\":\"Vie Associative\",\"description\":\"\",\"publisher\":{\"@id\":\"https:\/\/vieassociative.be\/actualites\/#organization\"},\"potentialAction\":[{\"@type\":\"SearchAction\",\"target\":{\"@type\":\"EntryPoint\",\"urlTemplate\":\"https:\/\/vieassociative.be\/actualites\/?s={search_term_string}\"},\"query-input\":{\"@type\":\"PropertyValueSpecification\",\"valueRequired\":true,\"valueName\":\"search_term_string\"}}],\"inLanguage\":\"fr-BE\"},{\"@type\":\"Organization\",\"@id\":\"https:\/\/vieassociative.be\/actualites\/#organization\",\"name\":\"Vie Associative\",\"url\":\"https:\/\/vieassociative.be\/actualites\/\",\"logo\":{\"@type\":\"ImageObject\",\"inLanguage\":\"fr-BE\",\"@id\":\"https:\/\/vieassociative.be\/actualites\/#\/schema\/logo\/image\/\",\"url\":\"https:\/\/vieassociative.be\/actualites\/wp-content\/uploads\/2024\/09\/cropped-vieassociative_favicon.ico.png\",\"contentUrl\":\"https:\/\/vieassociative.be\/actualites\/wp-content\/uploads\/2024\/09\/cropped-vieassociative_favicon.ico.png\",\"width\":512,\"height\":512,\"caption\":\"Vie Associative\"},\"image\":{\"@id\":\"https:\/\/vieassociative.be\/actualites\/#\/schema\/logo\/image\/\"}},{\"@type\":\"Person\",\"@id\":\"https:\/\/vieassociative.be\/actualites\/#\/schema\/person\/b87ac4f82f9d4e7b7cec7395b679edc4\",\"name\":\"Julien\",\"image\":{\"@type\":\"ImageObject\",\"inLanguage\":\"fr-BE\",\"@id\":\"https:\/\/vieassociative.be\/actualites\/#\/schema\/person\/image\/\",\"url\":\"https:\/\/vieassociative.be\/actualites\/wp-content\/uploads\/2024\/09\/vie-associative-1-150x150.jpg\",\"contentUrl\":\"https:\/\/vieassociative.be\/actualites\/wp-content\/uploads\/2024\/09\/vie-associative-1-150x150.jpg\",\"caption\":\"Julien\"},\"description\":\"Je suis Julien, r\u00e9dacteur pour Vie Associative. Passionn\u00e9 par le monde associatif depuis plus de 10 ans, j'ai \u00e0 c\u0153ur de partager des histoires inspirantes et de mettre en lumi\u00e8re les initiatives locales. Mon objectif est de sensibiliser et d'encourager l'engagement communautaire \u00e0 travers mes articles.\",\"sameAs\":[\"https:\/\/vieassociative.be\/\"]}]}<\/script>\n<!-- \/ Yoast SEO plugin. -->","yoast_head_json":{"title":"Ce LG Smart TV massif est plus de 500 $ | Vie Associative","robots":{"index":"index","follow":"follow","max-snippet":"max-snippet:-1","max-image-preview":"max-image-preview:large","max-video-preview":"max-video-preview:-1"},"canonical":"https:\/\/vieassociative.be\/actualites\/ce-lg-smart-tv-massif-est-plus-de-500\/","og_locale":"fr_FR","og_type":"article","og_title":"Ce LG Smart TV massif est plus de 500 $ | Vie Associative","og_description":"Ce mod\u00e8le de 75 pouces est r\u00e9duit \u00e0 son prix le plus bas de tous les temps. C&rsquo;est le bon moment pour faire du shopping","og_url":"https:\/\/vieassociative.be\/actualites\/ce-lg-smart-tv-massif-est-plus-de-500\/","og_site_name":"Vie Associative","article_published_time":"2025-03-15T19:18:39+00:00","og_image":[{"url":"https:\/\/vieassociative.be\/actualites\/wp-content\/uploads\/2025\/03\/Ce-LG-Smart-TV-massif-est-plus-de-500.svg.svg+xml","type":"","width":"","height":""}],"author":"Julien","twitter_card":"summary_large_image","twitter_misc":{"\u00c9crit par":"Julien","Dur\u00e9e de lecture est.":"2 minutes"},"schema":{"@context":"https:\/\/schema.org","@graph":[{"@type":"Article","@id":"https:\/\/vieassociative.be\/actualites\/ce-lg-smart-tv-massif-est-plus-de-500\/#article","isPartOf":{"@id":"https:\/\/vieassociative.be\/actualites\/ce-lg-smart-tv-massif-est-plus-de-500\/"},"author":{"name":"Julien","@id":"https:\/\/vieassociative.be\/actualites\/#\/schema\/person\/b87ac4f82f9d4e7b7cec7395b679edc4"},"headline":"Ce LG Smart TV massif est plus de 500 $","datePublished":"2025-03-15T19:18:39+00:00","dateModified":"2025-03-15T19:18:39+00:00","mainEntityOfPage":{"@id":"https:\/\/vieassociative.be\/actualites\/ce-lg-smart-tv-massif-est-plus-de-500\/"},"wordCount":436,"publisher":{"@id":"https:\/\/vieassociative.be\/actualites\/#organization"},"image":{"@id":"https:\/\/vieassociative.be\/actualites\/ce-lg-smart-tv-massif-est-plus-de-500\/#primaryimage"},"thumbnailUrl":"https:\/\/vieassociative.be\/actualites\/wp-content\/uploads\/2025\/03\/Ce-LG-Smart-TV-massif-est-plus-de-500.png","keywords":["est","massif","Smart"],"articleSection":["Technologie"],"inLanguage":"fr-BE"},{"@type":"WebPage","@id":"https:\/\/vieassociative.be\/actualites\/ce-lg-smart-tv-massif-est-plus-de-500\/","url":"https:\/\/vieassociative.be\/actualites\/ce-lg-smart-tv-massif-est-plus-de-500\/","name":"Ce LG Smart TV massif est plus de 500 $ | Vie Associative","isPartOf":{"@id":"https:\/\/vieassociative.be\/actualites\/#website"},"primaryImageOfPage":{"@id":"https:\/\/vieassociative.be\/actualites\/ce-lg-smart-tv-massif-est-plus-de-500\/#primaryimage"},"image":{"@id":"https:\/\/vieassociative.be\/actualites\/ce-lg-smart-tv-massif-est-plus-de-500\/#primaryimage"},"thumbnailUrl":"https:\/\/vieassociative.be\/actualites\/wp-content\/uploads\/2025\/03\/Ce-LG-Smart-TV-massif-est-plus-de-500.png","datePublished":"2025-03-15T19:18:39+00:00","dateModified":"2025-03-15T19:18:39+00:00","breadcrumb":{"@id":"https:\/\/vieassociative.be\/actualites\/ce-lg-smart-tv-massif-est-plus-de-500\/#breadcrumb"},"inLanguage":"fr-BE","potentialAction":[{"@type":"ReadAction","target":["https:\/\/vieassociative.be\/actualites\/ce-lg-smart-tv-massif-est-plus-de-500\/"]}]},{"@type":"ImageObject","inLanguage":"fr-BE","@id":"https:\/\/vieassociative.be\/actualites\/ce-lg-smart-tv-massif-est-plus-de-500\/#primaryimage","url":"https:\/\/vieassociative.be\/actualites\/wp-content\/uploads\/2025\/03\/Ce-LG-Smart-TV-massif-est-plus-de-500.png","contentUrl":"https:\/\/vieassociative.be\/actualites\/wp-content\/uploads\/2025\/03\/Ce-LG-Smart-TV-massif-est-plus-de-500.png","width":1200,"height":675,"caption":"Ce LG Smart TV massif est plus de 500 $"},{"@type":"BreadcrumbList","@id":"https:\/\/vieassociative.be\/actualites\/ce-lg-smart-tv-massif-est-plus-de-500\/#breadcrumb","itemListElement":[{"@type":"ListItem","position":1,"name":"Accueil","item":"https:\/\/vieassociative.be\/actualites\/"},{"@type":"ListItem","position":2,"name":"Ce LG Smart TV massif est plus de 500 $"}]},{"@type":"WebSite","@id":"https:\/\/vieassociative.be\/actualites\/#website","url":"https:\/\/vieassociative.be\/actualites\/","name":"Vie Associative","description":"","publisher":{"@id":"https:\/\/vieassociative.be\/actualites\/#organization"},"potentialAction":[{"@type":"SearchAction","target":{"@type":"EntryPoint","urlTemplate":"https:\/\/vieassociative.be\/actualites\/?s={search_term_string}"},"query-input":{"@type":"PropertyValueSpecification","valueRequired":true,"valueName":"search_term_string"}}],"inLanguage":"fr-BE"},{"@type":"Organization","@id":"https:\/\/vieassociative.be\/actualites\/#organization","name":"Vie Associative","url":"https:\/\/vieassociative.be\/actualites\/","logo":{"@type":"ImageObject","inLanguage":"fr-BE","@id":"https:\/\/vieassociative.be\/actualites\/#\/schema\/logo\/image\/","url":"https:\/\/vieassociative.be\/actualites\/wp-content\/uploads\/2024\/09\/cropped-vieassociative_favicon.ico.png","contentUrl":"https:\/\/vieassociative.be\/actualites\/wp-content\/uploads\/2024\/09\/cropped-vieassociative_favicon.ico.png","width":512,"height":512,"caption":"Vie Associative"},"image":{"@id":"https:\/\/vieassociative.be\/actualites\/#\/schema\/logo\/image\/"}},{"@type":"Person","@id":"https:\/\/vieassociative.be\/actualites\/#\/schema\/person\/b87ac4f82f9d4e7b7cec7395b679edc4","name":"Julien","image":{"@type":"ImageObject","inLanguage":"fr-BE","@id":"https:\/\/vieassociative.be\/actualites\/#\/schema\/person\/image\/","url":"https:\/\/vieassociative.be\/actualites\/wp-content\/uploads\/2024\/09\/vie-associative-1-150x150.jpg","contentUrl":"https:\/\/vieassociative.be\/actualites\/wp-content\/uploads\/2024\/09\/vie-associative-1-150x150.jpg","caption":"Julien"},"description":"Je suis Julien, r\u00e9dacteur pour Vie Associative. Passionn\u00e9 par le monde associatif depuis plus de 10 ans, j'ai \u00e0 c\u0153ur de partager des histoires inspirantes et de mettre en lumi\u00e8re les initiatives locales. Mon objectif est de sensibiliser et d'encourager l'engagement communautaire \u00e0 travers mes articles.","sameAs":["https:\/\/vieassociative.be\/"]}]}},"_links":{"self":[{"href":"https:\/\/vieassociative.be\/actualites\/wp-json\/wp\/v2\/posts\/5911"}],"collection":[{"href":"https:\/\/vieassociative.be\/actualites\/wp-json\/wp\/v2\/posts"}],"about":[{"href":"https:\/\/vieassociative.be\/actualites\/wp-json\/wp\/v2\/types\/post"}],"author":[{"embeddable":true,"href":"https:\/\/vieassociative.be\/actualites\/wp-json\/wp\/v2\/users\/1"}],"replies":[{"embeddable":true,"href":"https:\/\/vieassociative.be\/actualites\/wp-json\/wp\/v2\/comments?post=5911"}],"version-history":[{"count":0,"href":"https:\/\/vieassociative.be\/actualites\/wp-json\/wp\/v2\/posts\/5911\/revisions"}],"wp:featuredmedia":[{"embeddable":true,"href":"https:\/\/vieassociative.be\/actualites\/wp-json\/wp\/v2\/media\/5912"}],"wp:attachment":[{"href":"https:\/\/vieassociative.be\/actualites\/wp-json\/wp\/v2\/media?parent=5911"}],"wp:term":[{"taxonomy":"category","embeddable":true,"href":"https:\/\/vieassociative.be\/actualites\/wp-json\/wp\/v2\/categories?post=5911"},{"taxonomy":"post_tag","embeddable":true,"href":"https:\/\/vieassociative.be\/actualites\/wp-json\/wp\/v2\/tags?post=5911"}],"curies":[{"name":"wp","href":"https:\/\/api.w.org\/{rel}","templated":true}]}}