{"id":591,"date":"2024-09-28T03:18:14","date_gmt":"2024-09-28T01:18:14","guid":{"rendered":"https:\/\/vieassociative.be\/actualites\/comment-devenir-un-parent-phare\/"},"modified":"2024-09-28T03:18:14","modified_gmt":"2024-09-28T01:18:14","slug":"comment-devenir-un-parent-phare","status":"publish","type":"post","link":"https:\/\/vieassociative.be\/actualites\/comment-devenir-un-parent-phare\/","title":{"rendered":"Comment devenir un \u00ab parent phare \u00bb"},"content":{"rendered":"<div class=\"mt-4 leading-6 md:mb-8\">Il n\u2019y a rien de tendance dans ce style parental \u00e9quilibr\u00e9.<\/div>\n<p><\/p>\n<p>Chaque semaine, il semble y avoir un nouveau style parental avec un nom ou une id\u00e9e astucieuse derri\u00e8re. Peut-\u00eatre avez-vous entendu parler du \u00ab\u00a0sittervising\u00a0\u00bb, o\u00f9 vous vous asseyez et surveillez vos enfants de loin. Cela ressemble exactement \u00e0 ce que font la plupart des parents toute la journ\u00e9e, tous les jours\u00a0: quelqu&rsquo;un vient de lui donner un surnom sympa et de le partager sur Instagram. Il n\u2019y a aucune recherche derri\u00e8re cela pour montrer si cela profite d\u2019une mani\u00e8re ou d\u2019une autre \u00e0 vos enfants.<\/p>\n<p>Et puis, d\u2019un autre c\u00f4t\u00e9, il y a la parentalit\u00e9 phare. Ce qui distingue ce style des autres styles parentaux, c&rsquo;est que l&rsquo;American Academy of Pediatrics approuve ses concepts bien document\u00e9s\u00a0: \u00e9quilibrer le besoin d&rsquo;\u00eatre aimant, chaleureux et r\u00e9actif avec vos enfants tout en les tenant responsables de leurs actes, en les gardant responsables et les prot\u00e9geant du danger.<\/p>\n<p>\u00ab\u00a0En gros, cela dit\u00a0: &lsquo;Soyez comme un phare, une force stable sur le rivage \u00e0 partir de laquelle vos enfants peuvent se mesurer et vers laquelle revenir. Regardez les rochers et assurez-vous que votre enfant ne s&rsquo;\u00e9crase pas contre eux. Mais regardez aussi les vagues et imaginez que votre enfant va devoir apprendre \u00e0 les monter. C&rsquo;est votre travail de le pr\u00e9parer \u00e0 le faire \u00bb, explique Kenneth Ginsburg, MD, MS Ed, FAAP, p\u00e9diatre sp\u00e9cialis\u00e9 en m\u00e9decine de l&rsquo;adolescence \u00e0 l&rsquo;H\u00f4pital pour enfants. de Philadelphie et auteur de <em>\u00c9lever les enfants pour qu\u2019ils s\u2019\u00e9panouissent\u00a0: \u00e9quilibrer l\u2019amour avec les attentes et la protection avec la confiance<\/em>. Il y a de fortes chances que vous mettiez d\u00e9j\u00e0 en pratique certains des principes de cette approche parentale fond\u00e9e sur le bon sens et fond\u00e9e sur la recherche. <\/p>\n<h2 id=\"set-reasonable-limits\">Fixez des limites raisonnables<\/h2>\n<p>En tant que parent, nous aimons nos enfants de mani\u00e8re inconditionnelle, mais cet amour ne signifie pas que vous leur tapotez le dos, que vous les f\u00e9licitez ou que vous leur donnez libre cours sur votre maison. Vous n&rsquo;aimerez peut-\u00eatre pas tout ce qu&rsquo;ils font, mais vous vous attendez \u00e0 ce qu&rsquo;ils deviennent des humains aimants et respectueux qui savent qui ils sont, alors ne les laissez pas \u00eatre impolis ou blesser les autres.<\/p>\n<p>\u00ab\u00a0Votre travail consiste \u00e0 fa\u00e7onner et \u00e0 guider votre enfant\u00a0\u00bb, explique Ginsburg. \u00ab\u00a0Cela fait partie de ce qu&rsquo;est l&rsquo;amour. L&rsquo;amour les pr\u00e9pare. L&rsquo;amour prend soin d&rsquo;eux. L&rsquo;amour attend d&rsquo;eux qu&rsquo;ils donnent le meilleur d&rsquo;eux-m\u00eames.\u00a0\u00bb<\/p>\n<h2 id=\"let-your-kids-fail\">Laissez vos enfants \u00e9chouer<\/h2>\n<p>Les humains font des erreurs tout le temps\u00a0: c&rsquo;est ce qui fait de nous ce que nous sommes, et j&rsquo;esp\u00e8re que nos erreurs nous permettront de mieux comprendre. Si nous ne laissons pas les petits humains faire des erreurs, apprennent-ils quelque chose ? Les enfants ne sauront pas comment se remettre d\u2019un \u00e9chec s\u2019ils n\u2019ont jamais \u00e9t\u00e9 d\u00e9\u00e7us. Au lieu de faire quelque chose pour eux ou de r\u00e9parer leurs erreurs, montrez-leur comment faire mieux et viser encore plus haut.<\/p>\n<p>\u00ab\u00a0Lorsque nous mod\u00e9lisons la mani\u00e8re dont nous modifions un plan pour en proposer un meilleur parce que notre premier plan n&rsquo;a pas fonctionn\u00e9, nous apprenons aux enfants comment se r\u00e9tablir\u00a0\u00bb, explique Ginsburg.<\/p>\n<h2 id=\"maintain-reasonable-expectations\">Maintenir des attentes raisonnables <\/h2>\n<p>Les parents devraient f\u00e9liciter leurs enfants et s\u2019attendre \u00e0 ce qu\u2019ils fassent des efforts vigoureux, mais les pousser \u00e0 obtenir les meilleures notes ou \u00e0 remporter tous les prix se retournera contre eux. Tout ce qu\u2019ils apprennent de ces encouragements d\u00e9plac\u00e9s, c\u2019est qu\u2019ils ne seront jamais satisfaisants \u00e0 vos yeux. Au lieu de cela, renforcez les traits et les attributs pour les aider \u00e0 apporter du bien au monde et \u00e0 mod\u00e9liser ce que vous voulez que votre enfant devienne. <\/p>\n<p>\u00ab\u00a0Si les attentes sont \u00e9lev\u00e9es quant \u00e0 savoir qui est r\u00e9ellement votre enfant, dans sa bont\u00e9 fondamentale, son humilit\u00e9 humaine, sa gentillesse, sa g\u00e9n\u00e9rosit\u00e9 et sa compassion, et que vous l&rsquo;obligez \u00e0 respecter ces normes, alors vous devenez son phare\u00a0\u00bb, d\u00e9clare Ginsburg.<\/p>\n<h2 id=\"dont-hang-over-your-kids\">Ne vous souciez pas de vos enfants<\/h2>\n<p>\u00catre parent phare ne signifie pas que vous compromettez la s\u00e9curit\u00e9 de votre enfant\u00a0; Vous n&rsquo;allez pas les laisser mettre la main sur une cuisini\u00e8re chaude ou monter dans la voiture avec un conducteur ivre. Cependant, si vous survolez vos enfants presque \u00e0 chaque instant de la journ\u00e9e ou si vous faites leurs devoirs, vous envoyez le message qu&rsquo;ils ne peuvent pas faire les choses de mani\u00e8re ind\u00e9pendante. Ginsburg dit que la meilleure fa\u00e7on de prot\u00e9ger votre enfant est de le pr\u00e9parer au monde r\u00e9el. <\/p>\n<p>\u00ab\u00a0S&rsquo;ils obtiennent de meilleures notes aujourd&rsquo;hui, que va-t-il se passer \u00e0 l&rsquo;universit\u00e9\u00a0\u00bb, dit-il. \u00ab\u00a0Allez-vous \u00e9crire leurs dissertations pour eux ? Allez-vous respecter leur emploi du temps ? (La parentalit\u00e9) consiste \u00e0 se pr\u00e9parer au monde r\u00e9el en vue d&rsquo;un succ\u00e8s authentique \u00e0 long terme.\u00a0\u00bb<\/p>\n<h2 id=\"let-them-express-themselves\">Laissez-les s&rsquo;exprimer<\/h2>\n<p>Les enfants apprennent \u00e0 g\u00e9rer leurs sentiments, et une partie du r\u00f4le de parent consiste \u00e0 leur montrer comment y faire face. Cependant, Ginsburg dit que vous ne devriez jamais dire \u00e0 votre enfant qu&rsquo;il est trop sensible ou qu&rsquo;il s&rsquo;inqui\u00e8te trop. <\/p>\n<p>\u00ab\u00a0Ce que vous dites, c&rsquo;est : &lsquo;Votre super pouvoir est \u00e0 quel point vous vous souciez. Cependant, lorsque vous vous souciez autant, cela fait parfois mal. Votre voyage consiste \u00e0 apprendre \u00e0 utiliser vos forces et \u00e0 g\u00e9rer tous ces sentiments. Vous en b\u00e9n\u00e9ficierez. tant d&rsquo;autres personnes quand vous apprenez cela\u00a0\u00bb, ajoute Ginsburg.  <\/p>\n<h2 id=\"let-them-know-youre-there-for-them\">Faites-leur savoir que vous \u00eates l\u00e0 pour eux<\/h2>\n<p>Les parents devraient encourager une communication constructive, mais ils demandent toujours \u00e0 Ginsburg quoi dire \u00e0 leurs enfants pour qu&rsquo;ils sachent qu&rsquo;ils sont l\u00e0 pour eux. Il r\u00e9pond en disant aux parents qu&rsquo;ils n&rsquo;ont pas besoin d&rsquo;avoir les mots parfaits pour leurs enfants.<\/p>\n<p>\u00ab\u00a0Vous devez d\u00e9montrer par votre pr\u00e9sence que vous n&rsquo;allez nulle part\u00a0\u00bb, dit-il. \u00ab\u00a0Vous vous pr\u00e9sentez. Vous soutenez vos enfants. Vous dites : &lsquo;Je n&rsquo;ai pas de r\u00e9ponse imm\u00e9diate. Mais je sais que vous n&rsquo;allez pas traverser \u00e7a seul.'\u00a0\u00bb<\/p>\n","protected":false},"excerpt":{"rendered":"<p>Il n\u2019y a rien de tendance dans ce style parental \u00e9quilibr\u00e9. Chaque semaine, il semble y avoir un nouveau style parental avec un nom ou<\/p>\n","protected":false},"author":1,"featured_media":592,"comment_status":"","ping_status":"","sticky":false,"template":"","format":"standard","meta":{"footnotes":""},"categories":[37],"tags":[44,963,92,964],"class_list":["post-591","post","type-post","status-publish","format-standard","has-post-thumbnail","hentry","category-famille","tag-comment","tag-devenir","tag-parent","tag-phare","generate-columns","tablet-grid-50","mobile-grid-100","grid-parent","grid-33"],"yoast_head":"<!-- This site is optimized with the Yoast SEO plugin v24.0 - https:\/\/yoast.com\/wordpress\/plugins\/seo\/ -->\n<title>Comment devenir un \u00ab parent phare \u00bb | Vie Associative<\/title>\n<meta name=\"robots\" content=\"index, follow, max-snippet:-1, max-image-preview:large, max-video-preview:-1\" \/>\n<link rel=\"canonical\" href=\"https:\/\/vieassociative.be\/actualites\/comment-devenir-un-parent-phare\/\" \/>\n<meta property=\"og:locale\" content=\"fr_FR\" \/>\n<meta property=\"og:type\" content=\"article\" \/>\n<meta property=\"og:title\" content=\"Comment devenir un \u00ab parent phare \u00bb | Vie Associative\" \/>\n<meta property=\"og:description\" content=\"Il n\u2019y a rien de tendance dans ce style parental \u00e9quilibr\u00e9. Chaque semaine, il semble y avoir un nouveau style parental avec un nom ou\" \/>\n<meta property=\"og:url\" content=\"https:\/\/vieassociative.be\/actualites\/comment-devenir-un-parent-phare\/\" \/>\n<meta property=\"og:site_name\" content=\"Vie Associative\" \/>\n<meta property=\"article:published_time\" content=\"2024-09-28T01:18:14+00:00\" \/>\n<meta property=\"og:image\" content=\"https:\/\/vieassociative.be\/actualites\/wp-content\/uploads\/2024\/09\/header_backgroundk-01-e1726694325946.png\" \/>\n\t<meta property=\"og:image:width\" content=\"279\" \/>\n\t<meta property=\"og:image:height\" content=\"92\" \/>\n\t<meta property=\"og:image:type\" content=\"image\/png\" \/>\n<meta name=\"author\" content=\"Julien\" \/>\n<meta name=\"twitter:card\" content=\"summary_large_image\" \/>\n<meta name=\"twitter:label1\" content=\"\u00c9crit par\" \/>\n\t<meta name=\"twitter:data1\" content=\"Julien\" \/>\n\t<meta name=\"twitter:label2\" content=\"Dur\u00e9e de lecture est.\" \/>\n\t<meta name=\"twitter:data2\" content=\"5 minutes\" \/>\n<script type=\"application\/ld+json\" class=\"yoast-schema-graph\">{\"@context\":\"https:\/\/schema.org\",\"@graph\":[{\"@type\":\"Article\",\"@id\":\"https:\/\/vieassociative.be\/actualites\/comment-devenir-un-parent-phare\/#article\",\"isPartOf\":{\"@id\":\"https:\/\/vieassociative.be\/actualites\/comment-devenir-un-parent-phare\/\"},\"author\":{\"name\":\"Julien\",\"@id\":\"https:\/\/vieassociative.be\/actualites\/#\/schema\/person\/b87ac4f82f9d4e7b7cec7395b679edc4\"},\"headline\":\"Comment devenir un \u00ab parent phare \u00bb\",\"datePublished\":\"2024-09-28T01:18:14+00:00\",\"dateModified\":\"2024-09-28T01:18:14+00:00\",\"mainEntityOfPage\":{\"@id\":\"https:\/\/vieassociative.be\/actualites\/comment-devenir-un-parent-phare\/\"},\"wordCount\":1057,\"publisher\":{\"@id\":\"https:\/\/vieassociative.be\/actualites\/#organization\"},\"image\":{\"@id\":\"https:\/\/vieassociative.be\/actualites\/comment-devenir-un-parent-phare\/#primaryimage\"},\"thumbnailUrl\":\"https:\/\/vieassociative.be\/actualites\/wp-content\/uploads\/2024\/09\/Comment-devenir-un-parent-phare.jpg\",\"keywords\":[\"Comment\",\"devenir\",\"parent\",\"phare\"],\"articleSection\":[\"Famille\"],\"inLanguage\":\"fr-BE\"},{\"@type\":\"WebPage\",\"@id\":\"https:\/\/vieassociative.be\/actualites\/comment-devenir-un-parent-phare\/\",\"url\":\"https:\/\/vieassociative.be\/actualites\/comment-devenir-un-parent-phare\/\",\"name\":\"Comment devenir un \u00ab parent phare \u00bb | Vie Associative\",\"isPartOf\":{\"@id\":\"https:\/\/vieassociative.be\/actualites\/#website\"},\"primaryImageOfPage\":{\"@id\":\"https:\/\/vieassociative.be\/actualites\/comment-devenir-un-parent-phare\/#primaryimage\"},\"image\":{\"@id\":\"https:\/\/vieassociative.be\/actualites\/comment-devenir-un-parent-phare\/#primaryimage\"},\"thumbnailUrl\":\"https:\/\/vieassociative.be\/actualites\/wp-content\/uploads\/2024\/09\/Comment-devenir-un-parent-phare.jpg\",\"datePublished\":\"2024-09-28T01:18:14+00:00\",\"dateModified\":\"2024-09-28T01:18:14+00:00\",\"breadcrumb\":{\"@id\":\"https:\/\/vieassociative.be\/actualites\/comment-devenir-un-parent-phare\/#breadcrumb\"},\"inLanguage\":\"fr-BE\",\"potentialAction\":[{\"@type\":\"ReadAction\",\"target\":[\"https:\/\/vieassociative.be\/actualites\/comment-devenir-un-parent-phare\/\"]}]},{\"@type\":\"ImageObject\",\"inLanguage\":\"fr-BE\",\"@id\":\"https:\/\/vieassociative.be\/actualites\/comment-devenir-un-parent-phare\/#primaryimage\",\"url\":\"https:\/\/vieassociative.be\/actualites\/wp-content\/uploads\/2024\/09\/Comment-devenir-un-parent-phare.jpg\",\"contentUrl\":\"https:\/\/vieassociative.be\/actualites\/wp-content\/uploads\/2024\/09\/Comment-devenir-un-parent-phare.jpg\",\"width\":1200,\"height\":675,\"caption\":\"Comment devenir un \u00ab parent phare \u00bb\"},{\"@type\":\"BreadcrumbList\",\"@id\":\"https:\/\/vieassociative.be\/actualites\/comment-devenir-un-parent-phare\/#breadcrumb\",\"itemListElement\":[{\"@type\":\"ListItem\",\"position\":1,\"name\":\"Accueil\",\"item\":\"https:\/\/vieassociative.be\/actualites\/\"},{\"@type\":\"ListItem\",\"position\":2,\"name\":\"Comment devenir un \u00ab parent phare \u00bb\"}]},{\"@type\":\"WebSite\",\"@id\":\"https:\/\/vieassociative.be\/actualites\/#website\",\"url\":\"https:\/\/vieassociative.be\/actualites\/\",\"name\":\"Vie Associative\",\"description\":\"\",\"publisher\":{\"@id\":\"https:\/\/vieassociative.be\/actualites\/#organization\"},\"potentialAction\":[{\"@type\":\"SearchAction\",\"target\":{\"@type\":\"EntryPoint\",\"urlTemplate\":\"https:\/\/vieassociative.be\/actualites\/?s={search_term_string}\"},\"query-input\":{\"@type\":\"PropertyValueSpecification\",\"valueRequired\":true,\"valueName\":\"search_term_string\"}}],\"inLanguage\":\"fr-BE\"},{\"@type\":\"Organization\",\"@id\":\"https:\/\/vieassociative.be\/actualites\/#organization\",\"name\":\"Vie Associative\",\"url\":\"https:\/\/vieassociative.be\/actualites\/\",\"logo\":{\"@type\":\"ImageObject\",\"inLanguage\":\"fr-BE\",\"@id\":\"https:\/\/vieassociative.be\/actualites\/#\/schema\/logo\/image\/\",\"url\":\"https:\/\/vieassociative.be\/actualites\/wp-content\/uploads\/2024\/09\/cropped-vieassociative_favicon.ico.png\",\"contentUrl\":\"https:\/\/vieassociative.be\/actualites\/wp-content\/uploads\/2024\/09\/cropped-vieassociative_favicon.ico.png\",\"width\":512,\"height\":512,\"caption\":\"Vie Associative\"},\"image\":{\"@id\":\"https:\/\/vieassociative.be\/actualites\/#\/schema\/logo\/image\/\"}},{\"@type\":\"Person\",\"@id\":\"https:\/\/vieassociative.be\/actualites\/#\/schema\/person\/b87ac4f82f9d4e7b7cec7395b679edc4\",\"name\":\"Julien\",\"image\":{\"@type\":\"ImageObject\",\"inLanguage\":\"fr-BE\",\"@id\":\"https:\/\/vieassociative.be\/actualites\/#\/schema\/person\/image\/\",\"url\":\"https:\/\/vieassociative.be\/actualites\/wp-content\/uploads\/2024\/09\/vie-associative-1-150x150.jpg\",\"contentUrl\":\"https:\/\/vieassociative.be\/actualites\/wp-content\/uploads\/2024\/09\/vie-associative-1-150x150.jpg\",\"caption\":\"Julien\"},\"description\":\"Je suis Julien, r\u00e9dacteur pour Vie Associative. Passionn\u00e9 par le monde associatif depuis plus de 10 ans, j'ai \u00e0 c\u0153ur de partager des histoires inspirantes et de mettre en lumi\u00e8re les initiatives locales. Mon objectif est de sensibiliser et d'encourager l'engagement communautaire \u00e0 travers mes articles.\",\"sameAs\":[\"https:\/\/vieassociative.be\/\"]}]}<\/script>\n<!-- \/ Yoast SEO plugin. -->","yoast_head_json":{"title":"Comment devenir un \u00ab parent phare \u00bb | Vie Associative","robots":{"index":"index","follow":"follow","max-snippet":"max-snippet:-1","max-image-preview":"max-image-preview:large","max-video-preview":"max-video-preview:-1"},"canonical":"https:\/\/vieassociative.be\/actualites\/comment-devenir-un-parent-phare\/","og_locale":"fr_FR","og_type":"article","og_title":"Comment devenir un \u00ab parent phare \u00bb | Vie Associative","og_description":"Il n\u2019y a rien de tendance dans ce style parental \u00e9quilibr\u00e9. Chaque semaine, il semble y avoir un nouveau style parental avec un nom ou","og_url":"https:\/\/vieassociative.be\/actualites\/comment-devenir-un-parent-phare\/","og_site_name":"Vie Associative","article_published_time":"2024-09-28T01:18:14+00:00","og_image":[{"width":279,"height":92,"url":"https:\/\/vieassociative.be\/actualites\/wp-content\/uploads\/2024\/09\/header_backgroundk-01-e1726694325946.png","type":"image\/png"}],"author":"Julien","twitter_card":"summary_large_image","twitter_misc":{"\u00c9crit par":"Julien","Dur\u00e9e de lecture est.":"5 minutes"},"schema":{"@context":"https:\/\/schema.org","@graph":[{"@type":"Article","@id":"https:\/\/vieassociative.be\/actualites\/comment-devenir-un-parent-phare\/#article","isPartOf":{"@id":"https:\/\/vieassociative.be\/actualites\/comment-devenir-un-parent-phare\/"},"author":{"name":"Julien","@id":"https:\/\/vieassociative.be\/actualites\/#\/schema\/person\/b87ac4f82f9d4e7b7cec7395b679edc4"},"headline":"Comment devenir un \u00ab parent phare \u00bb","datePublished":"2024-09-28T01:18:14+00:00","dateModified":"2024-09-28T01:18:14+00:00","mainEntityOfPage":{"@id":"https:\/\/vieassociative.be\/actualites\/comment-devenir-un-parent-phare\/"},"wordCount":1057,"publisher":{"@id":"https:\/\/vieassociative.be\/actualites\/#organization"},"image":{"@id":"https:\/\/vieassociative.be\/actualites\/comment-devenir-un-parent-phare\/#primaryimage"},"thumbnailUrl":"https:\/\/vieassociative.be\/actualites\/wp-content\/uploads\/2024\/09\/Comment-devenir-un-parent-phare.jpg","keywords":["Comment","devenir","parent","phare"],"articleSection":["Famille"],"inLanguage":"fr-BE"},{"@type":"WebPage","@id":"https:\/\/vieassociative.be\/actualites\/comment-devenir-un-parent-phare\/","url":"https:\/\/vieassociative.be\/actualites\/comment-devenir-un-parent-phare\/","name":"Comment devenir un \u00ab parent phare \u00bb | Vie Associative","isPartOf":{"@id":"https:\/\/vieassociative.be\/actualites\/#website"},"primaryImageOfPage":{"@id":"https:\/\/vieassociative.be\/actualites\/comment-devenir-un-parent-phare\/#primaryimage"},"image":{"@id":"https:\/\/vieassociative.be\/actualites\/comment-devenir-un-parent-phare\/#primaryimage"},"thumbnailUrl":"https:\/\/vieassociative.be\/actualites\/wp-content\/uploads\/2024\/09\/Comment-devenir-un-parent-phare.jpg","datePublished":"2024-09-28T01:18:14+00:00","dateModified":"2024-09-28T01:18:14+00:00","breadcrumb":{"@id":"https:\/\/vieassociative.be\/actualites\/comment-devenir-un-parent-phare\/#breadcrumb"},"inLanguage":"fr-BE","potentialAction":[{"@type":"ReadAction","target":["https:\/\/vieassociative.be\/actualites\/comment-devenir-un-parent-phare\/"]}]},{"@type":"ImageObject","inLanguage":"fr-BE","@id":"https:\/\/vieassociative.be\/actualites\/comment-devenir-un-parent-phare\/#primaryimage","url":"https:\/\/vieassociative.be\/actualites\/wp-content\/uploads\/2024\/09\/Comment-devenir-un-parent-phare.jpg","contentUrl":"https:\/\/vieassociative.be\/actualites\/wp-content\/uploads\/2024\/09\/Comment-devenir-un-parent-phare.jpg","width":1200,"height":675,"caption":"Comment devenir un \u00ab parent phare \u00bb"},{"@type":"BreadcrumbList","@id":"https:\/\/vieassociative.be\/actualites\/comment-devenir-un-parent-phare\/#breadcrumb","itemListElement":[{"@type":"ListItem","position":1,"name":"Accueil","item":"https:\/\/vieassociative.be\/actualites\/"},{"@type":"ListItem","position":2,"name":"Comment devenir un \u00ab parent phare \u00bb"}]},{"@type":"WebSite","@id":"https:\/\/vieassociative.be\/actualites\/#website","url":"https:\/\/vieassociative.be\/actualites\/","name":"Vie Associative","description":"","publisher":{"@id":"https:\/\/vieassociative.be\/actualites\/#organization"},"potentialAction":[{"@type":"SearchAction","target":{"@type":"EntryPoint","urlTemplate":"https:\/\/vieassociative.be\/actualites\/?s={search_term_string}"},"query-input":{"@type":"PropertyValueSpecification","valueRequired":true,"valueName":"search_term_string"}}],"inLanguage":"fr-BE"},{"@type":"Organization","@id":"https:\/\/vieassociative.be\/actualites\/#organization","name":"Vie Associative","url":"https:\/\/vieassociative.be\/actualites\/","logo":{"@type":"ImageObject","inLanguage":"fr-BE","@id":"https:\/\/vieassociative.be\/actualites\/#\/schema\/logo\/image\/","url":"https:\/\/vieassociative.be\/actualites\/wp-content\/uploads\/2024\/09\/cropped-vieassociative_favicon.ico.png","contentUrl":"https:\/\/vieassociative.be\/actualites\/wp-content\/uploads\/2024\/09\/cropped-vieassociative_favicon.ico.png","width":512,"height":512,"caption":"Vie Associative"},"image":{"@id":"https:\/\/vieassociative.be\/actualites\/#\/schema\/logo\/image\/"}},{"@type":"Person","@id":"https:\/\/vieassociative.be\/actualites\/#\/schema\/person\/b87ac4f82f9d4e7b7cec7395b679edc4","name":"Julien","image":{"@type":"ImageObject","inLanguage":"fr-BE","@id":"https:\/\/vieassociative.be\/actualites\/#\/schema\/person\/image\/","url":"https:\/\/vieassociative.be\/actualites\/wp-content\/uploads\/2024\/09\/vie-associative-1-150x150.jpg","contentUrl":"https:\/\/vieassociative.be\/actualites\/wp-content\/uploads\/2024\/09\/vie-associative-1-150x150.jpg","caption":"Julien"},"description":"Je suis Julien, r\u00e9dacteur pour Vie Associative. Passionn\u00e9 par le monde associatif depuis plus de 10 ans, j'ai \u00e0 c\u0153ur de partager des histoires inspirantes et de mettre en lumi\u00e8re les initiatives locales. Mon objectif est de sensibiliser et d'encourager l'engagement communautaire \u00e0 travers mes articles.","sameAs":["https:\/\/vieassociative.be\/"]}]}},"_links":{"self":[{"href":"https:\/\/vieassociative.be\/actualites\/wp-json\/wp\/v2\/posts\/591"}],"collection":[{"href":"https:\/\/vieassociative.be\/actualites\/wp-json\/wp\/v2\/posts"}],"about":[{"href":"https:\/\/vieassociative.be\/actualites\/wp-json\/wp\/v2\/types\/post"}],"author":[{"embeddable":true,"href":"https:\/\/vieassociative.be\/actualites\/wp-json\/wp\/v2\/users\/1"}],"replies":[{"embeddable":true,"href":"https:\/\/vieassociative.be\/actualites\/wp-json\/wp\/v2\/comments?post=591"}],"version-history":[{"count":0,"href":"https:\/\/vieassociative.be\/actualites\/wp-json\/wp\/v2\/posts\/591\/revisions"}],"wp:featuredmedia":[{"embeddable":true,"href":"https:\/\/vieassociative.be\/actualites\/wp-json\/wp\/v2\/media\/592"}],"wp:attachment":[{"href":"https:\/\/vieassociative.be\/actualites\/wp-json\/wp\/v2\/media?parent=591"}],"wp:term":[{"taxonomy":"category","embeddable":true,"href":"https:\/\/vieassociative.be\/actualites\/wp-json\/wp\/v2\/categories?post=591"},{"taxonomy":"post_tag","embeddable":true,"href":"https:\/\/vieassociative.be\/actualites\/wp-json\/wp\/v2\/tags?post=591"}],"curies":[{"name":"wp","href":"https:\/\/api.w.org\/{rel}","templated":true}]}}