{"id":5902,"date":"2025-03-15T09:22:39","date_gmt":"2025-03-15T08:22:39","guid":{"rendered":"https:\/\/vieassociative.be\/actualites\/le-conducteur-de-cyclomoteur-vole-dans-lair-fumee-de-bonnet\/"},"modified":"2025-03-15T09:22:39","modified_gmt":"2025-03-15T08:22:39","slug":"le-conducteur-de-cyclomoteur-vole-dans-lair-fumee-de-bonnet","status":"publish","type":"post","link":"https:\/\/vieassociative.be\/actualites\/le-conducteur-de-cyclomoteur-vole-dans-lair-fumee-de-bonnet\/","title":{"rendered":"Le conducteur de cyclomoteur vole dans l&rsquo;air &#8211; fum\u00e9e de bonnet"},"content":{"rendered":"<p><strong>La zone de police de Weser-G\u00f6hl rapporte deux incidents dans son rapport le vendredi 14\/03.<\/strong><\/p>\n<p><span id=\"more-411169\"><\/span><strong>&#8211; Le conducteur de cyclomoteur vole dans les airs: <\/strong>Le 13\/03, les services de la zone de police de Weser-G\u00f6hl seront appel\u00e9s \u00e0 Eupen au Haassstra\u00dfe \/ Malmedyer Stra\u00dfe \/ Schilsweg \/ Frankendelle Roundabout \u00e0 20 h 44. L\u00e0, un cyclomoteur a d\u00e9pass\u00e9 une voiture \u00e0 l&rsquo;int\u00e9rieur du rond-point, par lequel la collision s&rsquo;est produite.<\/p>\n<p>Le conducteur de cyclomoteur a vol\u00e9 plusieurs m\u00e8tres dans les airs et doit \u00eatre emmen\u00e9 \u00e0 l&rsquo;h\u00f4pital d&rsquo;Eupen par les services d&rsquo;urgence appel\u00e9s. \u00c9tant donn\u00e9 que le cyclomoteur ne r\u00e9pond pas aux dispositions techniques, cela est assur\u00e9.<\/p>\n<p><strong>&#8211; fum\u00e9e de bonnet:<\/strong> Le 14\/03, un homme conduit l&rsquo;autoroute E40 \u00e0 5 h 50, venant d&rsquo;Allemagne quand il remarque que la fum\u00e9e s&rsquo;\u00e9l\u00e8ve de son capot. Il prend la sortie \u00e0 Lontzen, s&rsquo;arr\u00eate sur le lapin Stra\u00dfe et ouvre le capot. Il voit qu&rsquo;il br\u00fble et contacte les services d&rsquo;incendie et de police \u00e0 l&rsquo;int\u00e9rieur.<\/p>\n<p>Afin d&rsquo;assurer les travaux des pompiers, la route doit \u00eatre ferm\u00e9e pendant 10 minutes. Apr\u00e8s les travaux d&rsquo;extinction, la voiture touch\u00e9e a \u00e9t\u00e9 compl\u00e8tement \u00e9puis\u00e9e. La cause de l&rsquo;incendie n&rsquo;est pas encore claire.<\/p>\n","protected":false},"excerpt":{"rendered":"<p>La zone de police de Weser-G\u00f6hl rapporte deux incidents dans son rapport le vendredi 14\/03. &#8211; Le conducteur de cyclomoteur vole dans les airs: Le<\/p>\n","protected":false},"author":1,"featured_media":1939,"comment_status":"","ping_status":"","sticky":false,"template":"","format":"standard","meta":{"footnotes":""},"categories":[298],"tags":[5869,2646,5866,166,5868,748,5867],"class_list":["post-5902","post","type-post","status-publish","format-standard","has-post-thumbnail","hentry","category-belgique","tag-bonnet","tag-conducteur","tag-cyclomoteur","tag-dans","tag-fumee","tag-lair","tag-vole","generate-columns","tablet-grid-50","mobile-grid-100","grid-parent","grid-33"],"yoast_head":"<!-- This site is optimized with the Yoast SEO plugin v24.0 - https:\/\/yoast.com\/wordpress\/plugins\/seo\/ -->\n<title>Le conducteur de cyclomoteur vole dans l&#039;air - fum\u00e9e de bonnet | Vie Associative<\/title>\n<meta name=\"robots\" content=\"index, follow, max-snippet:-1, max-image-preview:large, max-video-preview:-1\" \/>\n<link rel=\"canonical\" href=\"https:\/\/vieassociative.be\/actualites\/le-conducteur-de-cyclomoteur-vole-dans-lair-fumee-de-bonnet\/\" \/>\n<meta property=\"og:locale\" content=\"fr_FR\" \/>\n<meta property=\"og:type\" content=\"article\" \/>\n<meta property=\"og:title\" content=\"Le conducteur de cyclomoteur vole dans l&#039;air - fum\u00e9e de bonnet | Vie Associative\" \/>\n<meta property=\"og:description\" content=\"La zone de police de Weser-G\u00f6hl rapporte deux incidents dans son rapport le vendredi 14\/03. &#8211; Le conducteur de cyclomoteur vole dans les airs: Le\" \/>\n<meta property=\"og:url\" content=\"https:\/\/vieassociative.be\/actualites\/le-conducteur-de-cyclomoteur-vole-dans-lair-fumee-de-bonnet\/\" \/>\n<meta property=\"og:site_name\" content=\"Vie Associative\" \/>\n<meta property=\"article:published_time\" content=\"2025-03-15T08:22:39+00:00\" \/>\n<meta property=\"og:image\" content=\"https:\/\/vieassociative.be\/actualites\/wp-content\/uploads\/2024\/09\/header_backgroundk-01-e1726694325946.png\" \/>\n\t<meta property=\"og:image:width\" content=\"279\" \/>\n\t<meta property=\"og:image:height\" content=\"92\" \/>\n\t<meta property=\"og:image:type\" content=\"image\/png\" \/>\n<meta name=\"author\" content=\"Julien\" \/>\n<meta name=\"twitter:card\" content=\"summary_large_image\" \/>\n<meta name=\"twitter:label1\" content=\"\u00c9crit par\" \/>\n\t<meta name=\"twitter:data1\" content=\"Julien\" \/>\n\t<meta name=\"twitter:label2\" content=\"Dur\u00e9e de lecture est.\" \/>\n\t<meta name=\"twitter:data2\" content=\"1 minute\" \/>\n<script type=\"application\/ld+json\" class=\"yoast-schema-graph\">{\"@context\":\"https:\/\/schema.org\",\"@graph\":[{\"@type\":\"Article\",\"@id\":\"https:\/\/vieassociative.be\/actualites\/le-conducteur-de-cyclomoteur-vole-dans-lair-fumee-de-bonnet\/#article\",\"isPartOf\":{\"@id\":\"https:\/\/vieassociative.be\/actualites\/le-conducteur-de-cyclomoteur-vole-dans-lair-fumee-de-bonnet\/\"},\"author\":{\"name\":\"Julien\",\"@id\":\"https:\/\/vieassociative.be\/actualites\/#\/schema\/person\/b87ac4f82f9d4e7b7cec7395b679edc4\"},\"headline\":\"Le conducteur de cyclomoteur vole dans l&rsquo;air &#8211; fum\u00e9e de bonnet\",\"datePublished\":\"2025-03-15T08:22:39+00:00\",\"dateModified\":\"2025-03-15T08:22:39+00:00\",\"mainEntityOfPage\":{\"@id\":\"https:\/\/vieassociative.be\/actualites\/le-conducteur-de-cyclomoteur-vole-dans-lair-fumee-de-bonnet\/\"},\"wordCount\":230,\"publisher\":{\"@id\":\"https:\/\/vieassociative.be\/actualites\/#organization\"},\"image\":{\"@id\":\"https:\/\/vieassociative.be\/actualites\/le-conducteur-de-cyclomoteur-vole-dans-lair-fumee-de-bonnet\/#primaryimage\"},\"thumbnailUrl\":\"https:\/\/vieassociative.be\/actualites\/wp-content\/uploads\/2024\/11\/Raeren-Le-conducteur-tombe-dans-un-micro-sommeil-a-midi.jpeg\",\"keywords\":[\"bonnet\",\"conducteur\",\"cyclomoteur\",\"dans\",\"fum\u00e9e\",\"lair\",\"vole\"],\"articleSection\":[\"Belgique\"],\"inLanguage\":\"fr-BE\"},{\"@type\":\"WebPage\",\"@id\":\"https:\/\/vieassociative.be\/actualites\/le-conducteur-de-cyclomoteur-vole-dans-lair-fumee-de-bonnet\/\",\"url\":\"https:\/\/vieassociative.be\/actualites\/le-conducteur-de-cyclomoteur-vole-dans-lair-fumee-de-bonnet\/\",\"name\":\"Le conducteur de cyclomoteur vole dans l'air - fum\u00e9e de bonnet | Vie Associative\",\"isPartOf\":{\"@id\":\"https:\/\/vieassociative.be\/actualites\/#website\"},\"primaryImageOfPage\":{\"@id\":\"https:\/\/vieassociative.be\/actualites\/le-conducteur-de-cyclomoteur-vole-dans-lair-fumee-de-bonnet\/#primaryimage\"},\"image\":{\"@id\":\"https:\/\/vieassociative.be\/actualites\/le-conducteur-de-cyclomoteur-vole-dans-lair-fumee-de-bonnet\/#primaryimage\"},\"thumbnailUrl\":\"https:\/\/vieassociative.be\/actualites\/wp-content\/uploads\/2024\/11\/Raeren-Le-conducteur-tombe-dans-un-micro-sommeil-a-midi.jpeg\",\"datePublished\":\"2025-03-15T08:22:39+00:00\",\"dateModified\":\"2025-03-15T08:22:39+00:00\",\"breadcrumb\":{\"@id\":\"https:\/\/vieassociative.be\/actualites\/le-conducteur-de-cyclomoteur-vole-dans-lair-fumee-de-bonnet\/#breadcrumb\"},\"inLanguage\":\"fr-BE\",\"potentialAction\":[{\"@type\":\"ReadAction\",\"target\":[\"https:\/\/vieassociative.be\/actualites\/le-conducteur-de-cyclomoteur-vole-dans-lair-fumee-de-bonnet\/\"]}]},{\"@type\":\"ImageObject\",\"inLanguage\":\"fr-BE\",\"@id\":\"https:\/\/vieassociative.be\/actualites\/le-conducteur-de-cyclomoteur-vole-dans-lair-fumee-de-bonnet\/#primaryimage\",\"url\":\"https:\/\/vieassociative.be\/actualites\/wp-content\/uploads\/2024\/11\/Raeren-Le-conducteur-tombe-dans-un-micro-sommeil-a-midi.jpeg\",\"contentUrl\":\"https:\/\/vieassociative.be\/actualites\/wp-content\/uploads\/2024\/11\/Raeren-Le-conducteur-tombe-dans-un-micro-sommeil-a-midi.jpeg\",\"width\":1200,\"height\":800,\"caption\":\"Raeren : Le conducteur tombe dans un micro-sommeil \u00e0 midi\"},{\"@type\":\"BreadcrumbList\",\"@id\":\"https:\/\/vieassociative.be\/actualites\/le-conducteur-de-cyclomoteur-vole-dans-lair-fumee-de-bonnet\/#breadcrumb\",\"itemListElement\":[{\"@type\":\"ListItem\",\"position\":1,\"name\":\"Accueil\",\"item\":\"https:\/\/vieassociative.be\/actualites\/\"},{\"@type\":\"ListItem\",\"position\":2,\"name\":\"Le conducteur de cyclomoteur vole dans l&rsquo;air &#8211; fum\u00e9e de bonnet\"}]},{\"@type\":\"WebSite\",\"@id\":\"https:\/\/vieassociative.be\/actualites\/#website\",\"url\":\"https:\/\/vieassociative.be\/actualites\/\",\"name\":\"Vie Associative\",\"description\":\"\",\"publisher\":{\"@id\":\"https:\/\/vieassociative.be\/actualites\/#organization\"},\"potentialAction\":[{\"@type\":\"SearchAction\",\"target\":{\"@type\":\"EntryPoint\",\"urlTemplate\":\"https:\/\/vieassociative.be\/actualites\/?s={search_term_string}\"},\"query-input\":{\"@type\":\"PropertyValueSpecification\",\"valueRequired\":true,\"valueName\":\"search_term_string\"}}],\"inLanguage\":\"fr-BE\"},{\"@type\":\"Organization\",\"@id\":\"https:\/\/vieassociative.be\/actualites\/#organization\",\"name\":\"Vie Associative\",\"url\":\"https:\/\/vieassociative.be\/actualites\/\",\"logo\":{\"@type\":\"ImageObject\",\"inLanguage\":\"fr-BE\",\"@id\":\"https:\/\/vieassociative.be\/actualites\/#\/schema\/logo\/image\/\",\"url\":\"https:\/\/vieassociative.be\/actualites\/wp-content\/uploads\/2024\/09\/cropped-vieassociative_favicon.ico.png\",\"contentUrl\":\"https:\/\/vieassociative.be\/actualites\/wp-content\/uploads\/2024\/09\/cropped-vieassociative_favicon.ico.png\",\"width\":512,\"height\":512,\"caption\":\"Vie Associative\"},\"image\":{\"@id\":\"https:\/\/vieassociative.be\/actualites\/#\/schema\/logo\/image\/\"}},{\"@type\":\"Person\",\"@id\":\"https:\/\/vieassociative.be\/actualites\/#\/schema\/person\/b87ac4f82f9d4e7b7cec7395b679edc4\",\"name\":\"Julien\",\"image\":{\"@type\":\"ImageObject\",\"inLanguage\":\"fr-BE\",\"@id\":\"https:\/\/vieassociative.be\/actualites\/#\/schema\/person\/image\/\",\"url\":\"https:\/\/vieassociative.be\/actualites\/wp-content\/uploads\/2024\/09\/vie-associative-1-150x150.jpg\",\"contentUrl\":\"https:\/\/vieassociative.be\/actualites\/wp-content\/uploads\/2024\/09\/vie-associative-1-150x150.jpg\",\"caption\":\"Julien\"},\"description\":\"Je suis Julien, r\u00e9dacteur pour Vie Associative. Passionn\u00e9 par le monde associatif depuis plus de 10 ans, j'ai \u00e0 c\u0153ur de partager des histoires inspirantes et de mettre en lumi\u00e8re les initiatives locales. Mon objectif est de sensibiliser et d'encourager l'engagement communautaire \u00e0 travers mes articles.\",\"sameAs\":[\"https:\/\/vieassociative.be\/\"]}]}<\/script>\n<!-- \/ Yoast SEO plugin. -->","yoast_head_json":{"title":"Le conducteur de cyclomoteur vole dans l'air - fum\u00e9e de bonnet | Vie Associative","robots":{"index":"index","follow":"follow","max-snippet":"max-snippet:-1","max-image-preview":"max-image-preview:large","max-video-preview":"max-video-preview:-1"},"canonical":"https:\/\/vieassociative.be\/actualites\/le-conducteur-de-cyclomoteur-vole-dans-lair-fumee-de-bonnet\/","og_locale":"fr_FR","og_type":"article","og_title":"Le conducteur de cyclomoteur vole dans l'air - fum\u00e9e de bonnet | Vie Associative","og_description":"La zone de police de Weser-G\u00f6hl rapporte deux incidents dans son rapport le vendredi 14\/03. &#8211; Le conducteur de cyclomoteur vole dans les airs: Le","og_url":"https:\/\/vieassociative.be\/actualites\/le-conducteur-de-cyclomoteur-vole-dans-lair-fumee-de-bonnet\/","og_site_name":"Vie Associative","article_published_time":"2025-03-15T08:22:39+00:00","og_image":[{"width":279,"height":92,"url":"https:\/\/vieassociative.be\/actualites\/wp-content\/uploads\/2024\/09\/header_backgroundk-01-e1726694325946.png","type":"image\/png"}],"author":"Julien","twitter_card":"summary_large_image","twitter_misc":{"\u00c9crit par":"Julien","Dur\u00e9e de lecture est.":"1 minute"},"schema":{"@context":"https:\/\/schema.org","@graph":[{"@type":"Article","@id":"https:\/\/vieassociative.be\/actualites\/le-conducteur-de-cyclomoteur-vole-dans-lair-fumee-de-bonnet\/#article","isPartOf":{"@id":"https:\/\/vieassociative.be\/actualites\/le-conducteur-de-cyclomoteur-vole-dans-lair-fumee-de-bonnet\/"},"author":{"name":"Julien","@id":"https:\/\/vieassociative.be\/actualites\/#\/schema\/person\/b87ac4f82f9d4e7b7cec7395b679edc4"},"headline":"Le conducteur de cyclomoteur vole dans l&rsquo;air &#8211; fum\u00e9e de bonnet","datePublished":"2025-03-15T08:22:39+00:00","dateModified":"2025-03-15T08:22:39+00:00","mainEntityOfPage":{"@id":"https:\/\/vieassociative.be\/actualites\/le-conducteur-de-cyclomoteur-vole-dans-lair-fumee-de-bonnet\/"},"wordCount":230,"publisher":{"@id":"https:\/\/vieassociative.be\/actualites\/#organization"},"image":{"@id":"https:\/\/vieassociative.be\/actualites\/le-conducteur-de-cyclomoteur-vole-dans-lair-fumee-de-bonnet\/#primaryimage"},"thumbnailUrl":"https:\/\/vieassociative.be\/actualites\/wp-content\/uploads\/2024\/11\/Raeren-Le-conducteur-tombe-dans-un-micro-sommeil-a-midi.jpeg","keywords":["bonnet","conducteur","cyclomoteur","dans","fum\u00e9e","lair","vole"],"articleSection":["Belgique"],"inLanguage":"fr-BE"},{"@type":"WebPage","@id":"https:\/\/vieassociative.be\/actualites\/le-conducteur-de-cyclomoteur-vole-dans-lair-fumee-de-bonnet\/","url":"https:\/\/vieassociative.be\/actualites\/le-conducteur-de-cyclomoteur-vole-dans-lair-fumee-de-bonnet\/","name":"Le conducteur de cyclomoteur vole dans l'air - fum\u00e9e de bonnet | Vie Associative","isPartOf":{"@id":"https:\/\/vieassociative.be\/actualites\/#website"},"primaryImageOfPage":{"@id":"https:\/\/vieassociative.be\/actualites\/le-conducteur-de-cyclomoteur-vole-dans-lair-fumee-de-bonnet\/#primaryimage"},"image":{"@id":"https:\/\/vieassociative.be\/actualites\/le-conducteur-de-cyclomoteur-vole-dans-lair-fumee-de-bonnet\/#primaryimage"},"thumbnailUrl":"https:\/\/vieassociative.be\/actualites\/wp-content\/uploads\/2024\/11\/Raeren-Le-conducteur-tombe-dans-un-micro-sommeil-a-midi.jpeg","datePublished":"2025-03-15T08:22:39+00:00","dateModified":"2025-03-15T08:22:39+00:00","breadcrumb":{"@id":"https:\/\/vieassociative.be\/actualites\/le-conducteur-de-cyclomoteur-vole-dans-lair-fumee-de-bonnet\/#breadcrumb"},"inLanguage":"fr-BE","potentialAction":[{"@type":"ReadAction","target":["https:\/\/vieassociative.be\/actualites\/le-conducteur-de-cyclomoteur-vole-dans-lair-fumee-de-bonnet\/"]}]},{"@type":"ImageObject","inLanguage":"fr-BE","@id":"https:\/\/vieassociative.be\/actualites\/le-conducteur-de-cyclomoteur-vole-dans-lair-fumee-de-bonnet\/#primaryimage","url":"https:\/\/vieassociative.be\/actualites\/wp-content\/uploads\/2024\/11\/Raeren-Le-conducteur-tombe-dans-un-micro-sommeil-a-midi.jpeg","contentUrl":"https:\/\/vieassociative.be\/actualites\/wp-content\/uploads\/2024\/11\/Raeren-Le-conducteur-tombe-dans-un-micro-sommeil-a-midi.jpeg","width":1200,"height":800,"caption":"Raeren : Le conducteur tombe dans un micro-sommeil \u00e0 midi"},{"@type":"BreadcrumbList","@id":"https:\/\/vieassociative.be\/actualites\/le-conducteur-de-cyclomoteur-vole-dans-lair-fumee-de-bonnet\/#breadcrumb","itemListElement":[{"@type":"ListItem","position":1,"name":"Accueil","item":"https:\/\/vieassociative.be\/actualites\/"},{"@type":"ListItem","position":2,"name":"Le conducteur de cyclomoteur vole dans l&rsquo;air &#8211; fum\u00e9e de bonnet"}]},{"@type":"WebSite","@id":"https:\/\/vieassociative.be\/actualites\/#website","url":"https:\/\/vieassociative.be\/actualites\/","name":"Vie Associative","description":"","publisher":{"@id":"https:\/\/vieassociative.be\/actualites\/#organization"},"potentialAction":[{"@type":"SearchAction","target":{"@type":"EntryPoint","urlTemplate":"https:\/\/vieassociative.be\/actualites\/?s={search_term_string}"},"query-input":{"@type":"PropertyValueSpecification","valueRequired":true,"valueName":"search_term_string"}}],"inLanguage":"fr-BE"},{"@type":"Organization","@id":"https:\/\/vieassociative.be\/actualites\/#organization","name":"Vie Associative","url":"https:\/\/vieassociative.be\/actualites\/","logo":{"@type":"ImageObject","inLanguage":"fr-BE","@id":"https:\/\/vieassociative.be\/actualites\/#\/schema\/logo\/image\/","url":"https:\/\/vieassociative.be\/actualites\/wp-content\/uploads\/2024\/09\/cropped-vieassociative_favicon.ico.png","contentUrl":"https:\/\/vieassociative.be\/actualites\/wp-content\/uploads\/2024\/09\/cropped-vieassociative_favicon.ico.png","width":512,"height":512,"caption":"Vie Associative"},"image":{"@id":"https:\/\/vieassociative.be\/actualites\/#\/schema\/logo\/image\/"}},{"@type":"Person","@id":"https:\/\/vieassociative.be\/actualites\/#\/schema\/person\/b87ac4f82f9d4e7b7cec7395b679edc4","name":"Julien","image":{"@type":"ImageObject","inLanguage":"fr-BE","@id":"https:\/\/vieassociative.be\/actualites\/#\/schema\/person\/image\/","url":"https:\/\/vieassociative.be\/actualites\/wp-content\/uploads\/2024\/09\/vie-associative-1-150x150.jpg","contentUrl":"https:\/\/vieassociative.be\/actualites\/wp-content\/uploads\/2024\/09\/vie-associative-1-150x150.jpg","caption":"Julien"},"description":"Je suis Julien, r\u00e9dacteur pour Vie Associative. Passionn\u00e9 par le monde associatif depuis plus de 10 ans, j'ai \u00e0 c\u0153ur de partager des histoires inspirantes et de mettre en lumi\u00e8re les initiatives locales. Mon objectif est de sensibiliser et d'encourager l'engagement communautaire \u00e0 travers mes articles.","sameAs":["https:\/\/vieassociative.be\/"]}]}},"_links":{"self":[{"href":"https:\/\/vieassociative.be\/actualites\/wp-json\/wp\/v2\/posts\/5902"}],"collection":[{"href":"https:\/\/vieassociative.be\/actualites\/wp-json\/wp\/v2\/posts"}],"about":[{"href":"https:\/\/vieassociative.be\/actualites\/wp-json\/wp\/v2\/types\/post"}],"author":[{"embeddable":true,"href":"https:\/\/vieassociative.be\/actualites\/wp-json\/wp\/v2\/users\/1"}],"replies":[{"embeddable":true,"href":"https:\/\/vieassociative.be\/actualites\/wp-json\/wp\/v2\/comments?post=5902"}],"version-history":[{"count":0,"href":"https:\/\/vieassociative.be\/actualites\/wp-json\/wp\/v2\/posts\/5902\/revisions"}],"wp:featuredmedia":[{"embeddable":true,"href":"https:\/\/vieassociative.be\/actualites\/wp-json\/wp\/v2\/media\/1939"}],"wp:attachment":[{"href":"https:\/\/vieassociative.be\/actualites\/wp-json\/wp\/v2\/media?parent=5902"}],"wp:term":[{"taxonomy":"category","embeddable":true,"href":"https:\/\/vieassociative.be\/actualites\/wp-json\/wp\/v2\/categories?post=5902"},{"taxonomy":"post_tag","embeddable":true,"href":"https:\/\/vieassociative.be\/actualites\/wp-json\/wp\/v2\/tags?post=5902"}],"curies":[{"name":"wp","href":"https:\/\/api.w.org\/{rel}","templated":true}]}}