{"id":5894,"date":"2025-03-15T03:19:12","date_gmt":"2025-03-15T02:19:12","guid":{"rendered":"https:\/\/vieassociative.be\/actualites\/rudi-garcia-respire-une-nouvelle-vie-dans-les-red-devils-son-premier-contingent-donne-de-lespoir\/"},"modified":"2025-03-15T03:19:12","modified_gmt":"2025-03-15T02:19:12","slug":"rudi-garcia-respire-une-nouvelle-vie-dans-les-red-devils-son-premier-contingent-donne-de-lespoir","status":"publish","type":"post","link":"https:\/\/vieassociative.be\/actualites\/rudi-garcia-respire-une-nouvelle-vie-dans-les-red-devils-son-premier-contingent-donne-de-lespoir\/","title":{"rendered":"Rudi Garcia respire une nouvelle vie dans les Red Devils &#8211; son premier contingent donne de l&rsquo;espoir"},"content":{"rendered":"<p><strong>Rudi Garcia a annonc\u00e9 son premier contingent pour les deux matchs de la Ligue nationale contre l&rsquo;Ukraine plus d&rsquo;un mois et demi apr\u00e8s son \u00e9lection en tant qu&rsquo;entra\u00eeneur national du Red Devil vendredi et a montr\u00e9 une conf\u00e9rence de presse, qui est ses plans \u00e0 court et \u00e0 moyen terme.<\/strong><\/p>\n<p><span id=\"more-411200\"><\/span>Sans surprise, Thibaut Courtois revient \u00e0 l&rsquo;\u00e9quipe apr\u00e8s pr\u00e8s de deux ans d&rsquo;absence et de diff\u00e9rences avec le pr\u00e9d\u00e9cesseur controvers\u00e9 de Garcia, Domenico Tedesco. Plusieurs questions dans la conf\u00e9rence de presse ont tourn\u00e9 autour de ce retour, ce qui n&rsquo;est pas une v\u00e9ritable surprise car elle \u00e9tait attendue.<\/p>\n<p>Avec Kevin de Bruyne et Romelu Lukaku, Courtois formera l&rsquo;axe principal de la nouvelle \u00e9quipe nationale. Garcia n&rsquo;a pas envie de traiter avec l&rsquo;affaire Courtois pendant longtemps. \u00ab\u00a0Nous en parlerons une fois, et c&rsquo;est tout aussi\u00a0\u00bb, a d\u00e9clar\u00e9 le Fran\u00e7ais.<\/p>\n<\/p>\n<div id=\"attachment_350882\" class=\"wp-caption alignleft\" style=\"max-width: 300px\"><img fetchpriority=\"high\" decoding=\"async\" class=\"wp-image-350882 size-medium\" src=\"https:\/\/vieassociative.be\/actualites\/wp-content\/uploads\/2025\/03\/Rudi-Garcia-respire-une-nouvelle-vie-dans-les-Red-Devils.jpeg\" alt=\"\" width=\"300\" height=\"200\"  ><\/p>\n<p class=\"wp-caption-text\">Le gardien de but du Real Madrid Thibaut Courtois (photo \u00e0 gauche) et Kevin de Bruyne (photo \u00e0 droite) de Manchester City (photo \u00e0 droite). Avec Romelu Lukaku, ils forment l&rsquo;axe principal du contingent de l&rsquo;entra\u00eeneur national belge Rudi Garcia. Ils devraient cr\u00e9er le lien entre l&rsquo;ancien et la nouvelle g\u00e9n\u00e9ration. Photos: Jose Breton \/ AP \/ DPA &#8211; Rui Vieira \/ AP \/ DPA<\/p>\n<\/div>\n<p>L&rsquo;une des surprises est Jorthy Mokio, le talent d&rsquo;Ajax Amsterdam. Le joueur de 17 ans est diversifi\u00e9 et a \u00e9t\u00e9 nomm\u00e9 par Garcia en tant que milieu de terrain, mais peut \u00e9galement \u00eatre utilis\u00e9 dans la d\u00e9fense centrale et comme arri\u00e8re gauche. Le joueur de Wing Malick Fofana d&rsquo;Olympique Lyon a \u00e9galement \u00e9t\u00e9 rappel\u00e9, tout comme Hans Vanaken et Brandon Mechele du FC Bruges et Bryan Heynen du KRC Genk.<\/p>\n<p>\u00abIl est tr\u00e8s important pour nous et le personnel d&rsquo;entra\u00eeneurs de rencontrer les jeunes joueurs de la premi\u00e8re ligue belge. Bryan est un tr\u00e8s bon joueur et capitaine du chef de la ligue. Apr\u00e8s avoir acquis un aper\u00e7u complet des \u00e9quipes belges, il m&rsquo;a sembl\u00e9 logique de choisir le meilleur de ces clubs pour nous aider \u00e0 choisir \u00bb, a d\u00e9clar\u00e9 Rudi Garcia. C&rsquo;est l&rsquo;une des caract\u00e9ristiques sp\u00e9ciales du nouveau d\u00e9part que les meilleurs joueurs de la Belgian Pro League \u00e9prouvent la reconnaissance de Garcia \u00e0 Garcia.<\/p>\n<p>Les vieilles mains comme Axel Witsel, Christian Benteke ou Dries Mertens ne sont pas l\u00e0, mais Garcia a clairement indiqu\u00e9 qu&rsquo;il \u00e9tait toujours sur ces spieker Z\u00e2hle exp\u00e9riment\u00e9s, car ils pouvaient bien servir l&rsquo;\u00e9quipe nationale en fonction de la forme actuelle. \u00ab\u00a0Mais compte tenu de la comp\u00e9tition pour le moment, ces joueurs ne sont pas dans cette premi\u00e8re liste.\u00a0\u00bb<\/p>\n<p>Quant au style de jeu de l&rsquo;\u00e9quipe, Rudi Garcia a d\u00e9j\u00e0 une id\u00e9e du syst\u00e8me de jeu qu&rsquo;il veut utiliser: \u00abMais je l&rsquo;ai remarqu\u00e9 pour leur dire et leur donner des informations \u00e0 l&rsquo;adversaire. Et je voudrais conserver cette communication sp\u00e9cialement pour mes joueurs lundi \u00e0 leur arriv\u00e9e en tume. Mais j&rsquo;esp\u00e8re que nous sommes en mesure de nous adapter \u00e0 diff\u00e9rents syst\u00e8mes de jeu. (Cre)<\/p>\n<\/p>\n<h3>Le contingent des Red Devils pour les deux matchs contre l&rsquo;Ukraine<\/h3>\n<p><b>Gardien de but: <\/b>Thibaut Courtois (Real Madrid), Senne Lammens (Antwerp), Matz Sels (Forest de Nottingham), Maarten Vandevoordt (RB Leipzig)<\/p>\n<p><b>D\u00e9fense: <\/b>Timothy Castagne (Fulham), Zeno Debast (Sporting Lisbonne), Maxim de Cuyper (FC Bruges), Koni de Winter (Genoa), Wout Faes (Leicester), Brandon Mechele (FC Bruges), Thomas Meunier (OSC Lille), Arthur Theate (Eintracht Frankfurt)<\/p>\n<p><b>Milieu de terrain: <\/b>Kevin de Bruyne (Manchester City) Bryan Heynen (KRC Genk), Jorthy Mokio (Ajax Amsterdam), Nicolas Raskin (Glasgow Rangers), Youri Tielemans (Aston Villa), Hans Vanaken (FC Brugge)<\/p>\n<p><b>Attaque: <\/b>Charles de Ketelaere (Atalanta Bergamo), J\u00e9r\u00e9my Doku (Manchester City), Malick Fofana (Olympique Lyon), Romelu Lukaku (SSC Naples), Dodi Lukebakio (FC Sevilla), Lois Openda (Rb Leipzig), Alexis Saelemaekers (en tant que Romdro Trossard (Arsenal).<\/p>\n","protected":false},"excerpt":{"rendered":"<p>Rudi Garcia a annonc\u00e9 son premier contingent pour les deux matchs de la Ligue nationale contre l&rsquo;Ukraine plus d&rsquo;un mois et demi apr\u00e8s son \u00e9lection<\/p>\n","protected":false},"author":1,"featured_media":5895,"comment_status":"","ping_status":"","sticky":false,"template":"","format":"standard","meta":{"footnotes":""},"categories":[298],"tags":[5864,166,3313,728,4939,14,4259,491,443,3312,5863,4938,800,110,58],"class_list":["post-5894","post","type-post","status-publish","format-standard","has-post-thumbnail","hentry","category-belgique","tag-contingent","tag-dans","tag-devils","tag-donne","tag-garcia","tag-les","tag-lespoir","tag-nouvelle","tag-premier","tag-red","tag-respire","tag-rudi","tag-son","tag-une","tag-vie","generate-columns","tablet-grid-50","mobile-grid-100","grid-parent","grid-33"],"yoast_head":"<!-- This site is optimized with the Yoast SEO plugin v24.0 - https:\/\/yoast.com\/wordpress\/plugins\/seo\/ -->\n<title>Rudi Garcia respire une nouvelle vie dans les Red Devils - son premier contingent donne de l&#039;espoir | Vie Associative<\/title>\n<meta name=\"robots\" content=\"index, follow, max-snippet:-1, max-image-preview:large, max-video-preview:-1\" \/>\n<link rel=\"canonical\" href=\"https:\/\/vieassociative.be\/actualites\/rudi-garcia-respire-une-nouvelle-vie-dans-les-red-devils-son-premier-contingent-donne-de-lespoir\/\" \/>\n<meta property=\"og:locale\" content=\"fr_FR\" \/>\n<meta property=\"og:type\" content=\"article\" \/>\n<meta property=\"og:title\" content=\"Rudi Garcia respire une nouvelle vie dans les Red Devils - son premier contingent donne de l&#039;espoir | Vie Associative\" \/>\n<meta property=\"og:description\" content=\"Rudi Garcia a annonc\u00e9 son premier contingent pour les deux matchs de la Ligue nationale contre l&rsquo;Ukraine plus d&rsquo;un mois et demi apr\u00e8s son \u00e9lection\" \/>\n<meta property=\"og:url\" content=\"https:\/\/vieassociative.be\/actualites\/rudi-garcia-respire-une-nouvelle-vie-dans-les-red-devils-son-premier-contingent-donne-de-lespoir\/\" \/>\n<meta property=\"og:site_name\" content=\"Vie Associative\" \/>\n<meta property=\"article:published_time\" content=\"2025-03-15T02:19:12+00:00\" \/>\n<meta property=\"og:image\" content=\"https:\/\/vieassociative.be\/actualites\/wp-content\/uploads\/2024\/09\/header_backgroundk-01-e1726694325946.png\" \/>\n\t<meta property=\"og:image:width\" content=\"279\" \/>\n\t<meta property=\"og:image:height\" content=\"92\" \/>\n\t<meta property=\"og:image:type\" content=\"image\/png\" \/>\n<meta name=\"author\" content=\"Julien\" \/>\n<meta name=\"twitter:card\" content=\"summary_large_image\" \/>\n<meta name=\"twitter:label1\" content=\"\u00c9crit par\" \/>\n\t<meta name=\"twitter:data1\" content=\"Julien\" \/>\n\t<meta name=\"twitter:label2\" content=\"Dur\u00e9e de lecture est.\" \/>\n\t<meta name=\"twitter:data2\" content=\"3 minutes\" \/>\n<script type=\"application\/ld+json\" class=\"yoast-schema-graph\">{\"@context\":\"https:\/\/schema.org\",\"@graph\":[{\"@type\":\"Article\",\"@id\":\"https:\/\/vieassociative.be\/actualites\/rudi-garcia-respire-une-nouvelle-vie-dans-les-red-devils-son-premier-contingent-donne-de-lespoir\/#article\",\"isPartOf\":{\"@id\":\"https:\/\/vieassociative.be\/actualites\/rudi-garcia-respire-une-nouvelle-vie-dans-les-red-devils-son-premier-contingent-donne-de-lespoir\/\"},\"author\":{\"name\":\"Julien\",\"@id\":\"https:\/\/vieassociative.be\/actualites\/#\/schema\/person\/b87ac4f82f9d4e7b7cec7395b679edc4\"},\"headline\":\"Rudi Garcia respire une nouvelle vie dans les Red Devils &#8211; son premier contingent donne de l&rsquo;espoir\",\"datePublished\":\"2025-03-15T02:19:12+00:00\",\"dateModified\":\"2025-03-15T02:19:12+00:00\",\"mainEntityOfPage\":{\"@id\":\"https:\/\/vieassociative.be\/actualites\/rudi-garcia-respire-une-nouvelle-vie-dans-les-red-devils-son-premier-contingent-donne-de-lespoir\/\"},\"wordCount\":682,\"publisher\":{\"@id\":\"https:\/\/vieassociative.be\/actualites\/#organization\"},\"image\":{\"@id\":\"https:\/\/vieassociative.be\/actualites\/rudi-garcia-respire-une-nouvelle-vie-dans-les-red-devils-son-premier-contingent-donne-de-lespoir\/#primaryimage\"},\"thumbnailUrl\":\"https:\/\/vieassociative.be\/actualites\/wp-content\/uploads\/2025\/03\/Rudi-Garcia-respire-une-nouvelle-vie-dans-les-Red-Devils.jpg\",\"keywords\":[\"contingent\",\"dans\",\"Devils\",\"donne\",\"Garcia\",\"Les\",\"lespoir\",\"nouvelle\",\"premier\",\"Red\",\"respire\",\"Rudi\",\"son\",\"une\",\"vie\"],\"articleSection\":[\"Belgique\"],\"inLanguage\":\"fr-BE\"},{\"@type\":\"WebPage\",\"@id\":\"https:\/\/vieassociative.be\/actualites\/rudi-garcia-respire-une-nouvelle-vie-dans-les-red-devils-son-premier-contingent-donne-de-lespoir\/\",\"url\":\"https:\/\/vieassociative.be\/actualites\/rudi-garcia-respire-une-nouvelle-vie-dans-les-red-devils-son-premier-contingent-donne-de-lespoir\/\",\"name\":\"Rudi Garcia respire une nouvelle vie dans les Red Devils - son premier contingent donne de l'espoir | Vie Associative\",\"isPartOf\":{\"@id\":\"https:\/\/vieassociative.be\/actualites\/#website\"},\"primaryImageOfPage\":{\"@id\":\"https:\/\/vieassociative.be\/actualites\/rudi-garcia-respire-une-nouvelle-vie-dans-les-red-devils-son-premier-contingent-donne-de-lespoir\/#primaryimage\"},\"image\":{\"@id\":\"https:\/\/vieassociative.be\/actualites\/rudi-garcia-respire-une-nouvelle-vie-dans-les-red-devils-son-premier-contingent-donne-de-lespoir\/#primaryimage\"},\"thumbnailUrl\":\"https:\/\/vieassociative.be\/actualites\/wp-content\/uploads\/2025\/03\/Rudi-Garcia-respire-une-nouvelle-vie-dans-les-Red-Devils.jpg\",\"datePublished\":\"2025-03-15T02:19:12+00:00\",\"dateModified\":\"2025-03-15T02:19:12+00:00\",\"breadcrumb\":{\"@id\":\"https:\/\/vieassociative.be\/actualites\/rudi-garcia-respire-une-nouvelle-vie-dans-les-red-devils-son-premier-contingent-donne-de-lespoir\/#breadcrumb\"},\"inLanguage\":\"fr-BE\",\"potentialAction\":[{\"@type\":\"ReadAction\",\"target\":[\"https:\/\/vieassociative.be\/actualites\/rudi-garcia-respire-une-nouvelle-vie-dans-les-red-devils-son-premier-contingent-donne-de-lespoir\/\"]}]},{\"@type\":\"ImageObject\",\"inLanguage\":\"fr-BE\",\"@id\":\"https:\/\/vieassociative.be\/actualites\/rudi-garcia-respire-une-nouvelle-vie-dans-les-red-devils-son-premier-contingent-donne-de-lespoir\/#primaryimage\",\"url\":\"https:\/\/vieassociative.be\/actualites\/wp-content\/uploads\/2025\/03\/Rudi-Garcia-respire-une-nouvelle-vie-dans-les-Red-Devils.jpg\",\"contentUrl\":\"https:\/\/vieassociative.be\/actualites\/wp-content\/uploads\/2025\/03\/Rudi-Garcia-respire-une-nouvelle-vie-dans-les-Red-Devils.jpg\",\"width\":1200,\"height\":800,\"caption\":\"Rudi Garcia respire une nouvelle vie dans les Red Devils - son premier contingent donne de l'espoir\"},{\"@type\":\"BreadcrumbList\",\"@id\":\"https:\/\/vieassociative.be\/actualites\/rudi-garcia-respire-une-nouvelle-vie-dans-les-red-devils-son-premier-contingent-donne-de-lespoir\/#breadcrumb\",\"itemListElement\":[{\"@type\":\"ListItem\",\"position\":1,\"name\":\"Accueil\",\"item\":\"https:\/\/vieassociative.be\/actualites\/\"},{\"@type\":\"ListItem\",\"position\":2,\"name\":\"Rudi Garcia respire une nouvelle vie dans les Red Devils &#8211; son premier contingent donne de l&rsquo;espoir\"}]},{\"@type\":\"WebSite\",\"@id\":\"https:\/\/vieassociative.be\/actualites\/#website\",\"url\":\"https:\/\/vieassociative.be\/actualites\/\",\"name\":\"Vie Associative\",\"description\":\"\",\"publisher\":{\"@id\":\"https:\/\/vieassociative.be\/actualites\/#organization\"},\"potentialAction\":[{\"@type\":\"SearchAction\",\"target\":{\"@type\":\"EntryPoint\",\"urlTemplate\":\"https:\/\/vieassociative.be\/actualites\/?s={search_term_string}\"},\"query-input\":{\"@type\":\"PropertyValueSpecification\",\"valueRequired\":true,\"valueName\":\"search_term_string\"}}],\"inLanguage\":\"fr-BE\"},{\"@type\":\"Organization\",\"@id\":\"https:\/\/vieassociative.be\/actualites\/#organization\",\"name\":\"Vie Associative\",\"url\":\"https:\/\/vieassociative.be\/actualites\/\",\"logo\":{\"@type\":\"ImageObject\",\"inLanguage\":\"fr-BE\",\"@id\":\"https:\/\/vieassociative.be\/actualites\/#\/schema\/logo\/image\/\",\"url\":\"https:\/\/vieassociative.be\/actualites\/wp-content\/uploads\/2024\/09\/cropped-vieassociative_favicon.ico.png\",\"contentUrl\":\"https:\/\/vieassociative.be\/actualites\/wp-content\/uploads\/2024\/09\/cropped-vieassociative_favicon.ico.png\",\"width\":512,\"height\":512,\"caption\":\"Vie Associative\"},\"image\":{\"@id\":\"https:\/\/vieassociative.be\/actualites\/#\/schema\/logo\/image\/\"}},{\"@type\":\"Person\",\"@id\":\"https:\/\/vieassociative.be\/actualites\/#\/schema\/person\/b87ac4f82f9d4e7b7cec7395b679edc4\",\"name\":\"Julien\",\"image\":{\"@type\":\"ImageObject\",\"inLanguage\":\"fr-BE\",\"@id\":\"https:\/\/vieassociative.be\/actualites\/#\/schema\/person\/image\/\",\"url\":\"https:\/\/vieassociative.be\/actualites\/wp-content\/uploads\/2024\/09\/vie-associative-1-150x150.jpg\",\"contentUrl\":\"https:\/\/vieassociative.be\/actualites\/wp-content\/uploads\/2024\/09\/vie-associative-1-150x150.jpg\",\"caption\":\"Julien\"},\"description\":\"Je suis Julien, r\u00e9dacteur pour Vie Associative. Passionn\u00e9 par le monde associatif depuis plus de 10 ans, j'ai \u00e0 c\u0153ur de partager des histoires inspirantes et de mettre en lumi\u00e8re les initiatives locales. Mon objectif est de sensibiliser et d'encourager l'engagement communautaire \u00e0 travers mes articles.\",\"sameAs\":[\"https:\/\/vieassociative.be\/\"]}]}<\/script>\n<!-- \/ Yoast SEO plugin. -->","yoast_head_json":{"title":"Rudi Garcia respire une nouvelle vie dans les Red Devils - son premier contingent donne de l'espoir | Vie Associative","robots":{"index":"index","follow":"follow","max-snippet":"max-snippet:-1","max-image-preview":"max-image-preview:large","max-video-preview":"max-video-preview:-1"},"canonical":"https:\/\/vieassociative.be\/actualites\/rudi-garcia-respire-une-nouvelle-vie-dans-les-red-devils-son-premier-contingent-donne-de-lespoir\/","og_locale":"fr_FR","og_type":"article","og_title":"Rudi Garcia respire une nouvelle vie dans les Red Devils - son premier contingent donne de l'espoir | Vie Associative","og_description":"Rudi Garcia a annonc\u00e9 son premier contingent pour les deux matchs de la Ligue nationale contre l&rsquo;Ukraine plus d&rsquo;un mois et demi apr\u00e8s son \u00e9lection","og_url":"https:\/\/vieassociative.be\/actualites\/rudi-garcia-respire-une-nouvelle-vie-dans-les-red-devils-son-premier-contingent-donne-de-lespoir\/","og_site_name":"Vie Associative","article_published_time":"2025-03-15T02:19:12+00:00","og_image":[{"width":279,"height":92,"url":"https:\/\/vieassociative.be\/actualites\/wp-content\/uploads\/2024\/09\/header_backgroundk-01-e1726694325946.png","type":"image\/png"}],"author":"Julien","twitter_card":"summary_large_image","twitter_misc":{"\u00c9crit par":"Julien","Dur\u00e9e de lecture est.":"3 minutes"},"schema":{"@context":"https:\/\/schema.org","@graph":[{"@type":"Article","@id":"https:\/\/vieassociative.be\/actualites\/rudi-garcia-respire-une-nouvelle-vie-dans-les-red-devils-son-premier-contingent-donne-de-lespoir\/#article","isPartOf":{"@id":"https:\/\/vieassociative.be\/actualites\/rudi-garcia-respire-une-nouvelle-vie-dans-les-red-devils-son-premier-contingent-donne-de-lespoir\/"},"author":{"name":"Julien","@id":"https:\/\/vieassociative.be\/actualites\/#\/schema\/person\/b87ac4f82f9d4e7b7cec7395b679edc4"},"headline":"Rudi Garcia respire une nouvelle vie dans les Red Devils &#8211; son premier contingent donne de l&rsquo;espoir","datePublished":"2025-03-15T02:19:12+00:00","dateModified":"2025-03-15T02:19:12+00:00","mainEntityOfPage":{"@id":"https:\/\/vieassociative.be\/actualites\/rudi-garcia-respire-une-nouvelle-vie-dans-les-red-devils-son-premier-contingent-donne-de-lespoir\/"},"wordCount":682,"publisher":{"@id":"https:\/\/vieassociative.be\/actualites\/#organization"},"image":{"@id":"https:\/\/vieassociative.be\/actualites\/rudi-garcia-respire-une-nouvelle-vie-dans-les-red-devils-son-premier-contingent-donne-de-lespoir\/#primaryimage"},"thumbnailUrl":"https:\/\/vieassociative.be\/actualites\/wp-content\/uploads\/2025\/03\/Rudi-Garcia-respire-une-nouvelle-vie-dans-les-Red-Devils.jpg","keywords":["contingent","dans","Devils","donne","Garcia","Les","lespoir","nouvelle","premier","Red","respire","Rudi","son","une","vie"],"articleSection":["Belgique"],"inLanguage":"fr-BE"},{"@type":"WebPage","@id":"https:\/\/vieassociative.be\/actualites\/rudi-garcia-respire-une-nouvelle-vie-dans-les-red-devils-son-premier-contingent-donne-de-lespoir\/","url":"https:\/\/vieassociative.be\/actualites\/rudi-garcia-respire-une-nouvelle-vie-dans-les-red-devils-son-premier-contingent-donne-de-lespoir\/","name":"Rudi Garcia respire une nouvelle vie dans les Red Devils - son premier contingent donne de l'espoir | Vie Associative","isPartOf":{"@id":"https:\/\/vieassociative.be\/actualites\/#website"},"primaryImageOfPage":{"@id":"https:\/\/vieassociative.be\/actualites\/rudi-garcia-respire-une-nouvelle-vie-dans-les-red-devils-son-premier-contingent-donne-de-lespoir\/#primaryimage"},"image":{"@id":"https:\/\/vieassociative.be\/actualites\/rudi-garcia-respire-une-nouvelle-vie-dans-les-red-devils-son-premier-contingent-donne-de-lespoir\/#primaryimage"},"thumbnailUrl":"https:\/\/vieassociative.be\/actualites\/wp-content\/uploads\/2025\/03\/Rudi-Garcia-respire-une-nouvelle-vie-dans-les-Red-Devils.jpg","datePublished":"2025-03-15T02:19:12+00:00","dateModified":"2025-03-15T02:19:12+00:00","breadcrumb":{"@id":"https:\/\/vieassociative.be\/actualites\/rudi-garcia-respire-une-nouvelle-vie-dans-les-red-devils-son-premier-contingent-donne-de-lespoir\/#breadcrumb"},"inLanguage":"fr-BE","potentialAction":[{"@type":"ReadAction","target":["https:\/\/vieassociative.be\/actualites\/rudi-garcia-respire-une-nouvelle-vie-dans-les-red-devils-son-premier-contingent-donne-de-lespoir\/"]}]},{"@type":"ImageObject","inLanguage":"fr-BE","@id":"https:\/\/vieassociative.be\/actualites\/rudi-garcia-respire-une-nouvelle-vie-dans-les-red-devils-son-premier-contingent-donne-de-lespoir\/#primaryimage","url":"https:\/\/vieassociative.be\/actualites\/wp-content\/uploads\/2025\/03\/Rudi-Garcia-respire-une-nouvelle-vie-dans-les-Red-Devils.jpg","contentUrl":"https:\/\/vieassociative.be\/actualites\/wp-content\/uploads\/2025\/03\/Rudi-Garcia-respire-une-nouvelle-vie-dans-les-Red-Devils.jpg","width":1200,"height":800,"caption":"Rudi Garcia respire une nouvelle vie dans les Red Devils - son premier contingent donne de l'espoir"},{"@type":"BreadcrumbList","@id":"https:\/\/vieassociative.be\/actualites\/rudi-garcia-respire-une-nouvelle-vie-dans-les-red-devils-son-premier-contingent-donne-de-lespoir\/#breadcrumb","itemListElement":[{"@type":"ListItem","position":1,"name":"Accueil","item":"https:\/\/vieassociative.be\/actualites\/"},{"@type":"ListItem","position":2,"name":"Rudi Garcia respire une nouvelle vie dans les Red Devils &#8211; son premier contingent donne de l&rsquo;espoir"}]},{"@type":"WebSite","@id":"https:\/\/vieassociative.be\/actualites\/#website","url":"https:\/\/vieassociative.be\/actualites\/","name":"Vie Associative","description":"","publisher":{"@id":"https:\/\/vieassociative.be\/actualites\/#organization"},"potentialAction":[{"@type":"SearchAction","target":{"@type":"EntryPoint","urlTemplate":"https:\/\/vieassociative.be\/actualites\/?s={search_term_string}"},"query-input":{"@type":"PropertyValueSpecification","valueRequired":true,"valueName":"search_term_string"}}],"inLanguage":"fr-BE"},{"@type":"Organization","@id":"https:\/\/vieassociative.be\/actualites\/#organization","name":"Vie Associative","url":"https:\/\/vieassociative.be\/actualites\/","logo":{"@type":"ImageObject","inLanguage":"fr-BE","@id":"https:\/\/vieassociative.be\/actualites\/#\/schema\/logo\/image\/","url":"https:\/\/vieassociative.be\/actualites\/wp-content\/uploads\/2024\/09\/cropped-vieassociative_favicon.ico.png","contentUrl":"https:\/\/vieassociative.be\/actualites\/wp-content\/uploads\/2024\/09\/cropped-vieassociative_favicon.ico.png","width":512,"height":512,"caption":"Vie Associative"},"image":{"@id":"https:\/\/vieassociative.be\/actualites\/#\/schema\/logo\/image\/"}},{"@type":"Person","@id":"https:\/\/vieassociative.be\/actualites\/#\/schema\/person\/b87ac4f82f9d4e7b7cec7395b679edc4","name":"Julien","image":{"@type":"ImageObject","inLanguage":"fr-BE","@id":"https:\/\/vieassociative.be\/actualites\/#\/schema\/person\/image\/","url":"https:\/\/vieassociative.be\/actualites\/wp-content\/uploads\/2024\/09\/vie-associative-1-150x150.jpg","contentUrl":"https:\/\/vieassociative.be\/actualites\/wp-content\/uploads\/2024\/09\/vie-associative-1-150x150.jpg","caption":"Julien"},"description":"Je suis Julien, r\u00e9dacteur pour Vie Associative. Passionn\u00e9 par le monde associatif depuis plus de 10 ans, j'ai \u00e0 c\u0153ur de partager des histoires inspirantes et de mettre en lumi\u00e8re les initiatives locales. Mon objectif est de sensibiliser et d'encourager l'engagement communautaire \u00e0 travers mes articles.","sameAs":["https:\/\/vieassociative.be\/"]}]}},"_links":{"self":[{"href":"https:\/\/vieassociative.be\/actualites\/wp-json\/wp\/v2\/posts\/5894"}],"collection":[{"href":"https:\/\/vieassociative.be\/actualites\/wp-json\/wp\/v2\/posts"}],"about":[{"href":"https:\/\/vieassociative.be\/actualites\/wp-json\/wp\/v2\/types\/post"}],"author":[{"embeddable":true,"href":"https:\/\/vieassociative.be\/actualites\/wp-json\/wp\/v2\/users\/1"}],"replies":[{"embeddable":true,"href":"https:\/\/vieassociative.be\/actualites\/wp-json\/wp\/v2\/comments?post=5894"}],"version-history":[{"count":0,"href":"https:\/\/vieassociative.be\/actualites\/wp-json\/wp\/v2\/posts\/5894\/revisions"}],"wp:featuredmedia":[{"embeddable":true,"href":"https:\/\/vieassociative.be\/actualites\/wp-json\/wp\/v2\/media\/5895"}],"wp:attachment":[{"href":"https:\/\/vieassociative.be\/actualites\/wp-json\/wp\/v2\/media?parent=5894"}],"wp:term":[{"taxonomy":"category","embeddable":true,"href":"https:\/\/vieassociative.be\/actualites\/wp-json\/wp\/v2\/categories?post=5894"},{"taxonomy":"post_tag","embeddable":true,"href":"https:\/\/vieassociative.be\/actualites\/wp-json\/wp\/v2\/tags?post=5894"}],"curies":[{"name":"wp","href":"https:\/\/api.w.org\/{rel}","templated":true}]}}