{"id":5887,"date":"2025-03-14T21:18:06","date_gmt":"2025-03-14T20:18:06","guid":{"rendered":"https:\/\/vieassociative.be\/actualites\/lettre-au-redacteur-en-chef-au-bureau-du-procureur-eupen-la-protection-des-jeunes-et-le-bien-etre-des-jeunes-nous-avons-tous-peur-pour-nos-vies\/"},"modified":"2025-03-14T21:18:06","modified_gmt":"2025-03-14T20:18:06","slug":"lettre-au-redacteur-en-chef-au-bureau-du-procureur-eupen-la-protection-des-jeunes-et-le-bien-etre-des-jeunes-nous-avons-tous-peur-pour-nos-vies","status":"publish","type":"post","link":"https:\/\/vieassociative.be\/actualites\/lettre-au-redacteur-en-chef-au-bureau-du-procureur-eupen-la-protection-des-jeunes-et-le-bien-etre-des-jeunes-nous-avons-tous-peur-pour-nos-vies\/","title":{"rendered":"Lettre au r\u00e9dacteur en chef &#8211; au bureau du procureur Eupen, la protection des jeunes et le bien-\u00eatre des jeunes: nous avons tous peur pour nos vies!"},"content":{"rendered":"<p><strong>Pr\u00e9occupations: n\u00e9gligence et inactivit\u00e9, m\u00e9pris pour la protection de l&rsquo;enfance de la part du procureur de l&rsquo;EUPEN, la protection des jeunes et le bien-\u00eatre des jeunes du 03.2023 &#8211; 03.2025.<\/strong><\/p>\n<p><span id=\"more-411198\"><\/span>Nous cr\u00e9ons, menac\u00e9s et harcel\u00e9s depuis deux ans maintenant. Le bien-\u00eatre de mon enfant souffre \u00e9norm\u00e9ment, le bien-\u00eatre de l&rsquo;enfant semble \u00eatre sans importance pour les diff\u00e9rents bureaux.<\/p>\n<p>Tout a commenc\u00e9 en mars 2023. J&rsquo;ai \u00e9t\u00e9 menac\u00e9 par un citoyen allemand, vivant dans l&rsquo;Eifel allemand, pour me tuer avec une hache ou me tirer dessus. Ceci est bien remarqu\u00e9 sous les yeux de mon fils de dix ans! La menace est venue d&rsquo;un homme \u00e0 qui je n&rsquo;avais jamais parl\u00e9, \u00e0 qui je n&rsquo;avais jamais envoy\u00e9 de message que je n&rsquo;avais jamais appel\u00e9. Un ancien partenaire de mon ex-femme. \u00c0 ce moment-l\u00e0, c&rsquo;\u00e9tait la violence domestique dans l&rsquo;appartement de mon ex.<\/p>\n<p>D&rsquo;un jour \u00e0 l&rsquo;autre, nous avons compl\u00e8tement chang\u00e9 nos vies pour retirer mon fils de ces circonstances. Il avait peur! Peur pour moi, pour lui-m\u00eame, la peur pour sa m\u00e8re et sa demi-s\u0153ur. Il a souffert tr\u00e8s mentalement \u00e0 ce moment-l\u00e0.<\/p>\n<p>\u00c0 ce stade, j&rsquo;ai suppos\u00e9 que je recevrais l&rsquo;aide de la protection des mineurs. Malheureusement, j&rsquo;avais tort avec cette hypoth\u00e8se.<\/p>\n<p>L\u00e0, j&rsquo;ai \u00e9t\u00e9 expliqu\u00e9 que vous ne prenez soin que des enfants de moins de trois ans. Vous metriez mon fils sur une liste d&rsquo;attente et me contacteriez. Aujourd&rsquo;hui &#8211; deux ans plus tard &#8211; je n&rsquo;en ai toujours pas entendu parler. Si je veux acc\u00e9l\u00e9rer la question, je devrais le faire par le biais du procureur.<\/p>\n<p>Le sujet du procureur: Depuis deux ans maintenant, nous avons \u00e9t\u00e9 menac\u00e9s de vie, nos enfants sont harcel\u00e9s et forc\u00e9s, mon ancien compagnon de vie accus\u00e9 de l&rsquo;\u0153uvre non d\u00e9clar\u00e9e, la rue devant ma maison a \u00e9t\u00e9 orn\u00e9e de lettrage \u00ab\u00a0Hoffmann Teufelswerk\u00a0\u00bb et r\u00e9cemment les pneus de mon ex-vie ont \u00e9t\u00e9 interrog\u00e9s.<\/p>\n<p>Samedi, la voiture de mon ex-Wife a soudainement br\u00fbl\u00e9 (malgr\u00e9 cinq heures) devant son appartement!<\/p>\n<p>D\u00e8s le premier moment, tous ces \u00e9v\u00e9nements ont \u00e9t\u00e9 enregistr\u00e9s par plusieurs publicit\u00e9s et signal\u00e9s \u00e0 mon avocat par le bureau du procureur. \u00c0 ce jour, ceux-ci n&rsquo;ont pas \u00e9t\u00e9 trait\u00e9s dans ce dernier, en tout cas, il n&rsquo;y a pas eu de r\u00e9action productive. Parfois, avec les excuses, ce n&rsquo;est pas suffisant pour une convocation, parfois avec les excuses qu&rsquo;il est trop cher et n&rsquo;en vaut pas la peine, ou simplement l&rsquo;excuse \u00ab\u00a0ce n&rsquo;est pas en danger\u00a0\u00bb.<\/p>\n<p>Quand est une vie humaine en danger? Du point de vue du procureur uniquement uniquement lorsque la chose la plus terrible se produit ou qu&rsquo;une vie est an\u00e9antie? Selon la devise \u00ab\u00a0rien ne se passera\u00a0\u00bb. Il s&rsquo;agit d&rsquo;une personne personnelle et surtout de la protection de l&rsquo;enfance!<\/p>\n<p>L&rsquo;incendie du v\u00e9hicule samedi a montr\u00e9 plusieurs parents, connaissances, voisins et, enfin, mais non le moindre, toutes les fronti\u00e8res ont \u00e9t\u00e9 d\u00e9pass\u00e9es et que nous ne pouvons jamais compter sur le pouvoir judiciaire.<\/p>\n<p>Ici aussi, le procureur a \u00e9t\u00e9 rapidement avec sa r\u00e9ponse: \u00abUne expertise n&rsquo;en vaut pas la peine. L&rsquo;affaire n&rsquo;est pas trait\u00e9e. \u00ab\u00a0<\/p>\n<p>Nous ne comprenons pas pourquoi le procureur ne veut pas enqu\u00eater sur un citoyen allemand, c&rsquo;est tout simplement incompr\u00e9hensible!<\/p>\n<p>N&rsquo;oubliez pas qu&rsquo;\u00e0 l&rsquo;\u00e9poque pour la randonn\u00e9e de Corona \u00e0 St.Vith, Cameramen, beaucoup de policiers, de fonctionnaires et autres ont \u00e9t\u00e9 mis en sc\u00e8ne. Il y avait des vies en danger, des signes bien fond\u00e9s de protection de l&rsquo;enfance &#8230; ou il s&rsquo;agissait simplement de collecter.<\/p>\n<p>Vous devriez peut-\u00eatre r\u00e9fl\u00e9chir au bureau du procureur de l&rsquo;EUPEN comment faire face \u00e0 des cas diff\u00e9rents &#8230; si le profit de l&rsquo;\u00c9tat est sur la vie humaine \/ le bien-\u00eatre de l&rsquo;enfant, et si un randonneur Corona est plus criminel qu&rsquo;un harceleur malade impr\u00e9visible?<\/p>\n<p>Cette question est rapidement r\u00e9pondue pour moi: vous vous tenez impuissante et simplement l\u00e0! Je voudrais dire clairement que la police a toujours \u00e9t\u00e9 utile. Cependant, ses mains sont li\u00e9es par l&rsquo;approche du procureur. Je voudrais \u00e9galement dire clairement que, \u00e0 mes yeux, la protection des mineurs n&rsquo;est pas une protection des mineurs, que ce soit trop peu de personnel ou non, n&rsquo;est pas mon erreur.<\/p>\n<p>Nous avons tous peur pour notre vie! Notre fils n&rsquo;ose plus d&rsquo;aller dans la rue seul, sans parler du bus ou \u00e0 la maison.<\/p>\n<p>C&rsquo;est le r\u00e9sultat de l&rsquo;inactivit\u00e9 du procureur. Elle est responsable du d\u00e9veloppement actuel!<\/p>\n<p>Que viendra \u00e0 c\u00f4t\u00e9 de nous ensuite, \u00e9valuer le procureur public?<\/p>\n<p>J&rsquo;\u00e9cris cette lettre au r\u00e9dacteur en chef de Despair et Lost Trust dans notre \u00c9tat, le syst\u00e8me juridique et ses fonctionnaires.<\/p>\n<p><strong>14.03.2025 Marco Hoffmann, H\u00fcllscheid (B\u00fcllingen)<\/strong><\/p>\n","protected":false},"excerpt":{"rendered":"<p>Pr\u00e9occupations: n\u00e9gligence et inactivit\u00e9, m\u00e9pris pour la protection de l&rsquo;enfance de la part du procureur de l&rsquo;EUPEN, la protection des jeunes et le bien-\u00eatre des<\/p>\n","protected":false},"author":1,"featured_media":2567,"comment_status":"","ping_status":"","sticky":false,"template":"","format":"standard","meta":{"footnotes":""},"categories":[298],"tags":[607,5860,4737,4619,29,2329,5859,2628,3060,393,1923,81,5858,3054,3723,546,5861],"class_list":["post-5887","post","type-post","status-publish","format-standard","has-post-thumbnail","hentry","category-belgique","tag-avons","tag-bienetre","tag-bureau","tag-chef","tag-des","tag-eupen","tag-jeunes","tag-lettre","tag-nos","tag-nous","tag-peur","tag-pour","tag-procureur","tag-protection","tag-redacteur","tag-tous","tag-vies","generate-columns","tablet-grid-50","mobile-grid-100","grid-parent","grid-33"],"yoast_head":"<!-- This site is optimized with the Yoast SEO plugin v24.0 - https:\/\/yoast.com\/wordpress\/plugins\/seo\/ -->\n<title>Lettre au r\u00e9dacteur en chef - au bureau du procureur Eupen, la protection des jeunes et le bien-\u00eatre des jeunes: nous avons tous peur pour nos vies! | Vie Associative<\/title>\n<meta name=\"robots\" content=\"index, follow, max-snippet:-1, max-image-preview:large, max-video-preview:-1\" \/>\n<link rel=\"canonical\" href=\"https:\/\/vieassociative.be\/actualites\/lettre-au-redacteur-en-chef-au-bureau-du-procureur-eupen-la-protection-des-jeunes-et-le-bien-etre-des-jeunes-nous-avons-tous-peur-pour-nos-vies\/\" \/>\n<meta property=\"og:locale\" content=\"fr_FR\" \/>\n<meta property=\"og:type\" content=\"article\" \/>\n<meta property=\"og:title\" content=\"Lettre au r\u00e9dacteur en chef - au bureau du procureur Eupen, la protection des jeunes et le bien-\u00eatre des jeunes: nous avons tous peur pour nos vies! | Vie Associative\" \/>\n<meta property=\"og:description\" content=\"Pr\u00e9occupations: n\u00e9gligence et inactivit\u00e9, m\u00e9pris pour la protection de l&rsquo;enfance de la part du procureur de l&rsquo;EUPEN, la protection des jeunes et le bien-\u00eatre des\" \/>\n<meta property=\"og:url\" content=\"https:\/\/vieassociative.be\/actualites\/lettre-au-redacteur-en-chef-au-bureau-du-procureur-eupen-la-protection-des-jeunes-et-le-bien-etre-des-jeunes-nous-avons-tous-peur-pour-nos-vies\/\" \/>\n<meta property=\"og:site_name\" content=\"Vie Associative\" \/>\n<meta property=\"article:published_time\" content=\"2025-03-14T20:18:06+00:00\" \/>\n<meta property=\"og:image\" content=\"https:\/\/vieassociative.be\/actualites\/wp-content\/uploads\/2024\/09\/header_backgroundk-01-e1726694325946.png\" \/>\n\t<meta property=\"og:image:width\" content=\"279\" \/>\n\t<meta property=\"og:image:height\" content=\"92\" \/>\n\t<meta property=\"og:image:type\" content=\"image\/png\" \/>\n<meta name=\"author\" content=\"Julien\" \/>\n<meta name=\"twitter:card\" content=\"summary_large_image\" \/>\n<meta name=\"twitter:label1\" content=\"\u00c9crit par\" \/>\n\t<meta name=\"twitter:data1\" content=\"Julien\" \/>\n\t<meta name=\"twitter:label2\" content=\"Dur\u00e9e de lecture est.\" \/>\n\t<meta name=\"twitter:data2\" content=\"4 minutes\" \/>\n<script type=\"application\/ld+json\" class=\"yoast-schema-graph\">{\"@context\":\"https:\/\/schema.org\",\"@graph\":[{\"@type\":\"Article\",\"@id\":\"https:\/\/vieassociative.be\/actualites\/lettre-au-redacteur-en-chef-au-bureau-du-procureur-eupen-la-protection-des-jeunes-et-le-bien-etre-des-jeunes-nous-avons-tous-peur-pour-nos-vies\/#article\",\"isPartOf\":{\"@id\":\"https:\/\/vieassociative.be\/actualites\/lettre-au-redacteur-en-chef-au-bureau-du-procureur-eupen-la-protection-des-jeunes-et-le-bien-etre-des-jeunes-nous-avons-tous-peur-pour-nos-vies\/\"},\"author\":{\"name\":\"Julien\",\"@id\":\"https:\/\/vieassociative.be\/actualites\/#\/schema\/person\/b87ac4f82f9d4e7b7cec7395b679edc4\"},\"headline\":\"Lettre au r\u00e9dacteur en chef &#8211; au bureau du procureur Eupen, la protection des jeunes et le bien-\u00eatre des jeunes: nous avons tous peur pour nos vies!\",\"datePublished\":\"2025-03-14T20:18:06+00:00\",\"dateModified\":\"2025-03-14T20:18:06+00:00\",\"mainEntityOfPage\":{\"@id\":\"https:\/\/vieassociative.be\/actualites\/lettre-au-redacteur-en-chef-au-bureau-du-procureur-eupen-la-protection-des-jeunes-et-le-bien-etre-des-jeunes-nous-avons-tous-peur-pour-nos-vies\/\"},\"wordCount\":880,\"publisher\":{\"@id\":\"https:\/\/vieassociative.be\/actualites\/#organization\"},\"image\":{\"@id\":\"https:\/\/vieassociative.be\/actualites\/lettre-au-redacteur-en-chef-au-bureau-du-procureur-eupen-la-protection-des-jeunes-et-le-bien-etre-des-jeunes-nous-avons-tous-peur-pour-nos-vies\/#primaryimage\"},\"thumbnailUrl\":\"https:\/\/vieassociative.be\/actualites\/wp-content\/uploads\/2024\/11\/LETTRE-A-LA-REDACTION-\u2013-Audi-Bruxelles-dernier-avertissement-du.jpeg\",\"keywords\":[\"avons\",\"bien\u00eatre\",\"bureau\",\"chef\",\"Des\",\"Eupen\",\"jeunes\",\"lettre\",\"nos\",\"nous\",\"peur\",\"pour\",\"procureur\",\"protection\",\"r\u00e9dacteur\",\"tous\",\"vies\"],\"articleSection\":[\"Belgique\"],\"inLanguage\":\"fr-BE\"},{\"@type\":\"WebPage\",\"@id\":\"https:\/\/vieassociative.be\/actualites\/lettre-au-redacteur-en-chef-au-bureau-du-procureur-eupen-la-protection-des-jeunes-et-le-bien-etre-des-jeunes-nous-avons-tous-peur-pour-nos-vies\/\",\"url\":\"https:\/\/vieassociative.be\/actualites\/lettre-au-redacteur-en-chef-au-bureau-du-procureur-eupen-la-protection-des-jeunes-et-le-bien-etre-des-jeunes-nous-avons-tous-peur-pour-nos-vies\/\",\"name\":\"Lettre au r\u00e9dacteur en chef - au bureau du procureur Eupen, la protection des jeunes et le bien-\u00eatre des jeunes: nous avons tous peur pour nos vies! | Vie Associative\",\"isPartOf\":{\"@id\":\"https:\/\/vieassociative.be\/actualites\/#website\"},\"primaryImageOfPage\":{\"@id\":\"https:\/\/vieassociative.be\/actualites\/lettre-au-redacteur-en-chef-au-bureau-du-procureur-eupen-la-protection-des-jeunes-et-le-bien-etre-des-jeunes-nous-avons-tous-peur-pour-nos-vies\/#primaryimage\"},\"image\":{\"@id\":\"https:\/\/vieassociative.be\/actualites\/lettre-au-redacteur-en-chef-au-bureau-du-procureur-eupen-la-protection-des-jeunes-et-le-bien-etre-des-jeunes-nous-avons-tous-peur-pour-nos-vies\/#primaryimage\"},\"thumbnailUrl\":\"https:\/\/vieassociative.be\/actualites\/wp-content\/uploads\/2024\/11\/LETTRE-A-LA-REDACTION-\u2013-Audi-Bruxelles-dernier-avertissement-du.jpeg\",\"datePublished\":\"2025-03-14T20:18:06+00:00\",\"dateModified\":\"2025-03-14T20:18:06+00:00\",\"breadcrumb\":{\"@id\":\"https:\/\/vieassociative.be\/actualites\/lettre-au-redacteur-en-chef-au-bureau-du-procureur-eupen-la-protection-des-jeunes-et-le-bien-etre-des-jeunes-nous-avons-tous-peur-pour-nos-vies\/#breadcrumb\"},\"inLanguage\":\"fr-BE\",\"potentialAction\":[{\"@type\":\"ReadAction\",\"target\":[\"https:\/\/vieassociative.be\/actualites\/lettre-au-redacteur-en-chef-au-bureau-du-procureur-eupen-la-protection-des-jeunes-et-le-bien-etre-des-jeunes-nous-avons-tous-peur-pour-nos-vies\/\"]}]},{\"@type\":\"ImageObject\",\"inLanguage\":\"fr-BE\",\"@id\":\"https:\/\/vieassociative.be\/actualites\/lettre-au-redacteur-en-chef-au-bureau-du-procureur-eupen-la-protection-des-jeunes-et-le-bien-etre-des-jeunes-nous-avons-tous-peur-pour-nos-vies\/#primaryimage\",\"url\":\"https:\/\/vieassociative.be\/actualites\/wp-content\/uploads\/2024\/11\/LETTRE-A-LA-REDACTION-\u2013-Audi-Bruxelles-dernier-avertissement-du.jpeg\",\"contentUrl\":\"https:\/\/vieassociative.be\/actualites\/wp-content\/uploads\/2024\/11\/LETTRE-A-LA-REDACTION-\u2013-Audi-Bruxelles-dernier-avertissement-du.jpeg\",\"width\":1024,\"height\":747,\"caption\":\"LETTRE \u00c0 LA R\u00c9DACTION \u2013 Audi Bruxelles, dernier avertissement du gouffre\"},{\"@type\":\"BreadcrumbList\",\"@id\":\"https:\/\/vieassociative.be\/actualites\/lettre-au-redacteur-en-chef-au-bureau-du-procureur-eupen-la-protection-des-jeunes-et-le-bien-etre-des-jeunes-nous-avons-tous-peur-pour-nos-vies\/#breadcrumb\",\"itemListElement\":[{\"@type\":\"ListItem\",\"position\":1,\"name\":\"Accueil\",\"item\":\"https:\/\/vieassociative.be\/actualites\/\"},{\"@type\":\"ListItem\",\"position\":2,\"name\":\"Lettre au r\u00e9dacteur en chef &#8211; au bureau du procureur Eupen, la protection des jeunes et le bien-\u00eatre des jeunes: nous avons tous peur pour nos vies!\"}]},{\"@type\":\"WebSite\",\"@id\":\"https:\/\/vieassociative.be\/actualites\/#website\",\"url\":\"https:\/\/vieassociative.be\/actualites\/\",\"name\":\"Vie Associative\",\"description\":\"\",\"publisher\":{\"@id\":\"https:\/\/vieassociative.be\/actualites\/#organization\"},\"potentialAction\":[{\"@type\":\"SearchAction\",\"target\":{\"@type\":\"EntryPoint\",\"urlTemplate\":\"https:\/\/vieassociative.be\/actualites\/?s={search_term_string}\"},\"query-input\":{\"@type\":\"PropertyValueSpecification\",\"valueRequired\":true,\"valueName\":\"search_term_string\"}}],\"inLanguage\":\"fr-BE\"},{\"@type\":\"Organization\",\"@id\":\"https:\/\/vieassociative.be\/actualites\/#organization\",\"name\":\"Vie Associative\",\"url\":\"https:\/\/vieassociative.be\/actualites\/\",\"logo\":{\"@type\":\"ImageObject\",\"inLanguage\":\"fr-BE\",\"@id\":\"https:\/\/vieassociative.be\/actualites\/#\/schema\/logo\/image\/\",\"url\":\"https:\/\/vieassociative.be\/actualites\/wp-content\/uploads\/2024\/09\/cropped-vieassociative_favicon.ico.png\",\"contentUrl\":\"https:\/\/vieassociative.be\/actualites\/wp-content\/uploads\/2024\/09\/cropped-vieassociative_favicon.ico.png\",\"width\":512,\"height\":512,\"caption\":\"Vie Associative\"},\"image\":{\"@id\":\"https:\/\/vieassociative.be\/actualites\/#\/schema\/logo\/image\/\"}},{\"@type\":\"Person\",\"@id\":\"https:\/\/vieassociative.be\/actualites\/#\/schema\/person\/b87ac4f82f9d4e7b7cec7395b679edc4\",\"name\":\"Julien\",\"image\":{\"@type\":\"ImageObject\",\"inLanguage\":\"fr-BE\",\"@id\":\"https:\/\/vieassociative.be\/actualites\/#\/schema\/person\/image\/\",\"url\":\"https:\/\/vieassociative.be\/actualites\/wp-content\/uploads\/2024\/09\/vie-associative-1-150x150.jpg\",\"contentUrl\":\"https:\/\/vieassociative.be\/actualites\/wp-content\/uploads\/2024\/09\/vie-associative-1-150x150.jpg\",\"caption\":\"Julien\"},\"description\":\"Je suis Julien, r\u00e9dacteur pour Vie Associative. Passionn\u00e9 par le monde associatif depuis plus de 10 ans, j'ai \u00e0 c\u0153ur de partager des histoires inspirantes et de mettre en lumi\u00e8re les initiatives locales. Mon objectif est de sensibiliser et d'encourager l'engagement communautaire \u00e0 travers mes articles.\",\"sameAs\":[\"https:\/\/vieassociative.be\/\"]}]}<\/script>\n<!-- \/ Yoast SEO plugin. -->","yoast_head_json":{"title":"Lettre au r\u00e9dacteur en chef - au bureau du procureur Eupen, la protection des jeunes et le bien-\u00eatre des jeunes: nous avons tous peur pour nos vies! | Vie Associative","robots":{"index":"index","follow":"follow","max-snippet":"max-snippet:-1","max-image-preview":"max-image-preview:large","max-video-preview":"max-video-preview:-1"},"canonical":"https:\/\/vieassociative.be\/actualites\/lettre-au-redacteur-en-chef-au-bureau-du-procureur-eupen-la-protection-des-jeunes-et-le-bien-etre-des-jeunes-nous-avons-tous-peur-pour-nos-vies\/","og_locale":"fr_FR","og_type":"article","og_title":"Lettre au r\u00e9dacteur en chef - au bureau du procureur Eupen, la protection des jeunes et le bien-\u00eatre des jeunes: nous avons tous peur pour nos vies! | Vie Associative","og_description":"Pr\u00e9occupations: n\u00e9gligence et inactivit\u00e9, m\u00e9pris pour la protection de l&rsquo;enfance de la part du procureur de l&rsquo;EUPEN, la protection des jeunes et le bien-\u00eatre des","og_url":"https:\/\/vieassociative.be\/actualites\/lettre-au-redacteur-en-chef-au-bureau-du-procureur-eupen-la-protection-des-jeunes-et-le-bien-etre-des-jeunes-nous-avons-tous-peur-pour-nos-vies\/","og_site_name":"Vie Associative","article_published_time":"2025-03-14T20:18:06+00:00","og_image":[{"width":279,"height":92,"url":"https:\/\/vieassociative.be\/actualites\/wp-content\/uploads\/2024\/09\/header_backgroundk-01-e1726694325946.png","type":"image\/png"}],"author":"Julien","twitter_card":"summary_large_image","twitter_misc":{"\u00c9crit par":"Julien","Dur\u00e9e de lecture est.":"4 minutes"},"schema":{"@context":"https:\/\/schema.org","@graph":[{"@type":"Article","@id":"https:\/\/vieassociative.be\/actualites\/lettre-au-redacteur-en-chef-au-bureau-du-procureur-eupen-la-protection-des-jeunes-et-le-bien-etre-des-jeunes-nous-avons-tous-peur-pour-nos-vies\/#article","isPartOf":{"@id":"https:\/\/vieassociative.be\/actualites\/lettre-au-redacteur-en-chef-au-bureau-du-procureur-eupen-la-protection-des-jeunes-et-le-bien-etre-des-jeunes-nous-avons-tous-peur-pour-nos-vies\/"},"author":{"name":"Julien","@id":"https:\/\/vieassociative.be\/actualites\/#\/schema\/person\/b87ac4f82f9d4e7b7cec7395b679edc4"},"headline":"Lettre au r\u00e9dacteur en chef &#8211; au bureau du procureur Eupen, la protection des jeunes et le bien-\u00eatre des jeunes: nous avons tous peur pour nos vies!","datePublished":"2025-03-14T20:18:06+00:00","dateModified":"2025-03-14T20:18:06+00:00","mainEntityOfPage":{"@id":"https:\/\/vieassociative.be\/actualites\/lettre-au-redacteur-en-chef-au-bureau-du-procureur-eupen-la-protection-des-jeunes-et-le-bien-etre-des-jeunes-nous-avons-tous-peur-pour-nos-vies\/"},"wordCount":880,"publisher":{"@id":"https:\/\/vieassociative.be\/actualites\/#organization"},"image":{"@id":"https:\/\/vieassociative.be\/actualites\/lettre-au-redacteur-en-chef-au-bureau-du-procureur-eupen-la-protection-des-jeunes-et-le-bien-etre-des-jeunes-nous-avons-tous-peur-pour-nos-vies\/#primaryimage"},"thumbnailUrl":"https:\/\/vieassociative.be\/actualites\/wp-content\/uploads\/2024\/11\/LETTRE-A-LA-REDACTION-\u2013-Audi-Bruxelles-dernier-avertissement-du.jpeg","keywords":["avons","bien\u00eatre","bureau","chef","Des","Eupen","jeunes","lettre","nos","nous","peur","pour","procureur","protection","r\u00e9dacteur","tous","vies"],"articleSection":["Belgique"],"inLanguage":"fr-BE"},{"@type":"WebPage","@id":"https:\/\/vieassociative.be\/actualites\/lettre-au-redacteur-en-chef-au-bureau-du-procureur-eupen-la-protection-des-jeunes-et-le-bien-etre-des-jeunes-nous-avons-tous-peur-pour-nos-vies\/","url":"https:\/\/vieassociative.be\/actualites\/lettre-au-redacteur-en-chef-au-bureau-du-procureur-eupen-la-protection-des-jeunes-et-le-bien-etre-des-jeunes-nous-avons-tous-peur-pour-nos-vies\/","name":"Lettre au r\u00e9dacteur en chef - au bureau du procureur Eupen, la protection des jeunes et le bien-\u00eatre des jeunes: nous avons tous peur pour nos vies! | Vie Associative","isPartOf":{"@id":"https:\/\/vieassociative.be\/actualites\/#website"},"primaryImageOfPage":{"@id":"https:\/\/vieassociative.be\/actualites\/lettre-au-redacteur-en-chef-au-bureau-du-procureur-eupen-la-protection-des-jeunes-et-le-bien-etre-des-jeunes-nous-avons-tous-peur-pour-nos-vies\/#primaryimage"},"image":{"@id":"https:\/\/vieassociative.be\/actualites\/lettre-au-redacteur-en-chef-au-bureau-du-procureur-eupen-la-protection-des-jeunes-et-le-bien-etre-des-jeunes-nous-avons-tous-peur-pour-nos-vies\/#primaryimage"},"thumbnailUrl":"https:\/\/vieassociative.be\/actualites\/wp-content\/uploads\/2024\/11\/LETTRE-A-LA-REDACTION-\u2013-Audi-Bruxelles-dernier-avertissement-du.jpeg","datePublished":"2025-03-14T20:18:06+00:00","dateModified":"2025-03-14T20:18:06+00:00","breadcrumb":{"@id":"https:\/\/vieassociative.be\/actualites\/lettre-au-redacteur-en-chef-au-bureau-du-procureur-eupen-la-protection-des-jeunes-et-le-bien-etre-des-jeunes-nous-avons-tous-peur-pour-nos-vies\/#breadcrumb"},"inLanguage":"fr-BE","potentialAction":[{"@type":"ReadAction","target":["https:\/\/vieassociative.be\/actualites\/lettre-au-redacteur-en-chef-au-bureau-du-procureur-eupen-la-protection-des-jeunes-et-le-bien-etre-des-jeunes-nous-avons-tous-peur-pour-nos-vies\/"]}]},{"@type":"ImageObject","inLanguage":"fr-BE","@id":"https:\/\/vieassociative.be\/actualites\/lettre-au-redacteur-en-chef-au-bureau-du-procureur-eupen-la-protection-des-jeunes-et-le-bien-etre-des-jeunes-nous-avons-tous-peur-pour-nos-vies\/#primaryimage","url":"https:\/\/vieassociative.be\/actualites\/wp-content\/uploads\/2024\/11\/LETTRE-A-LA-REDACTION-\u2013-Audi-Bruxelles-dernier-avertissement-du.jpeg","contentUrl":"https:\/\/vieassociative.be\/actualites\/wp-content\/uploads\/2024\/11\/LETTRE-A-LA-REDACTION-\u2013-Audi-Bruxelles-dernier-avertissement-du.jpeg","width":1024,"height":747,"caption":"LETTRE \u00c0 LA R\u00c9DACTION \u2013 Audi Bruxelles, dernier avertissement du gouffre"},{"@type":"BreadcrumbList","@id":"https:\/\/vieassociative.be\/actualites\/lettre-au-redacteur-en-chef-au-bureau-du-procureur-eupen-la-protection-des-jeunes-et-le-bien-etre-des-jeunes-nous-avons-tous-peur-pour-nos-vies\/#breadcrumb","itemListElement":[{"@type":"ListItem","position":1,"name":"Accueil","item":"https:\/\/vieassociative.be\/actualites\/"},{"@type":"ListItem","position":2,"name":"Lettre au r\u00e9dacteur en chef &#8211; au bureau du procureur Eupen, la protection des jeunes et le bien-\u00eatre des jeunes: nous avons tous peur pour nos vies!"}]},{"@type":"WebSite","@id":"https:\/\/vieassociative.be\/actualites\/#website","url":"https:\/\/vieassociative.be\/actualites\/","name":"Vie Associative","description":"","publisher":{"@id":"https:\/\/vieassociative.be\/actualites\/#organization"},"potentialAction":[{"@type":"SearchAction","target":{"@type":"EntryPoint","urlTemplate":"https:\/\/vieassociative.be\/actualites\/?s={search_term_string}"},"query-input":{"@type":"PropertyValueSpecification","valueRequired":true,"valueName":"search_term_string"}}],"inLanguage":"fr-BE"},{"@type":"Organization","@id":"https:\/\/vieassociative.be\/actualites\/#organization","name":"Vie Associative","url":"https:\/\/vieassociative.be\/actualites\/","logo":{"@type":"ImageObject","inLanguage":"fr-BE","@id":"https:\/\/vieassociative.be\/actualites\/#\/schema\/logo\/image\/","url":"https:\/\/vieassociative.be\/actualites\/wp-content\/uploads\/2024\/09\/cropped-vieassociative_favicon.ico.png","contentUrl":"https:\/\/vieassociative.be\/actualites\/wp-content\/uploads\/2024\/09\/cropped-vieassociative_favicon.ico.png","width":512,"height":512,"caption":"Vie Associative"},"image":{"@id":"https:\/\/vieassociative.be\/actualites\/#\/schema\/logo\/image\/"}},{"@type":"Person","@id":"https:\/\/vieassociative.be\/actualites\/#\/schema\/person\/b87ac4f82f9d4e7b7cec7395b679edc4","name":"Julien","image":{"@type":"ImageObject","inLanguage":"fr-BE","@id":"https:\/\/vieassociative.be\/actualites\/#\/schema\/person\/image\/","url":"https:\/\/vieassociative.be\/actualites\/wp-content\/uploads\/2024\/09\/vie-associative-1-150x150.jpg","contentUrl":"https:\/\/vieassociative.be\/actualites\/wp-content\/uploads\/2024\/09\/vie-associative-1-150x150.jpg","caption":"Julien"},"description":"Je suis Julien, r\u00e9dacteur pour Vie Associative. Passionn\u00e9 par le monde associatif depuis plus de 10 ans, j'ai \u00e0 c\u0153ur de partager des histoires inspirantes et de mettre en lumi\u00e8re les initiatives locales. Mon objectif est de sensibiliser et d'encourager l'engagement communautaire \u00e0 travers mes articles.","sameAs":["https:\/\/vieassociative.be\/"]}]}},"_links":{"self":[{"href":"https:\/\/vieassociative.be\/actualites\/wp-json\/wp\/v2\/posts\/5887"}],"collection":[{"href":"https:\/\/vieassociative.be\/actualites\/wp-json\/wp\/v2\/posts"}],"about":[{"href":"https:\/\/vieassociative.be\/actualites\/wp-json\/wp\/v2\/types\/post"}],"author":[{"embeddable":true,"href":"https:\/\/vieassociative.be\/actualites\/wp-json\/wp\/v2\/users\/1"}],"replies":[{"embeddable":true,"href":"https:\/\/vieassociative.be\/actualites\/wp-json\/wp\/v2\/comments?post=5887"}],"version-history":[{"count":0,"href":"https:\/\/vieassociative.be\/actualites\/wp-json\/wp\/v2\/posts\/5887\/revisions"}],"wp:featuredmedia":[{"embeddable":true,"href":"https:\/\/vieassociative.be\/actualites\/wp-json\/wp\/v2\/media\/2567"}],"wp:attachment":[{"href":"https:\/\/vieassociative.be\/actualites\/wp-json\/wp\/v2\/media?parent=5887"}],"wp:term":[{"taxonomy":"category","embeddable":true,"href":"https:\/\/vieassociative.be\/actualites\/wp-json\/wp\/v2\/categories?post=5887"},{"taxonomy":"post_tag","embeddable":true,"href":"https:\/\/vieassociative.be\/actualites\/wp-json\/wp\/v2\/tags?post=5887"}],"curies":[{"name":"wp","href":"https:\/\/api.w.org\/{rel}","templated":true}]}}