{"id":5882,"date":"2025-03-14T15:17:34","date_gmt":"2025-03-14T14:17:34","guid":{"rendered":"https:\/\/vieassociative.be\/actualites\/selon-les-menaces-du-president-americain-donald-trump-le-canada-devrait-il-rejoindre-lunion-europeenne-ue\/"},"modified":"2025-03-14T15:17:34","modified_gmt":"2025-03-14T14:17:34","slug":"selon-les-menaces-du-president-americain-donald-trump-le-canada-devrait-il-rejoindre-lunion-europeenne-ue","status":"publish","type":"post","link":"https:\/\/vieassociative.be\/actualites\/selon-les-menaces-du-president-americain-donald-trump-le-canada-devrait-il-rejoindre-lunion-europeenne-ue\/","title":{"rendered":"Selon les menaces du pr\u00e9sident am\u00e9ricain Donald Trump: le Canada devrait-il rejoindre l&rsquo;Union europ\u00e9enne (UE)?"},"content":{"rendered":"<p><b>Le pr\u00e9sident am\u00e9ricain Donald Trump a exprim\u00e9 \u00e0 plusieurs reprises le souhait de faire du Canada le 51e \u00c9tat des \u00c9tats-Unis. Ces d\u00e9clarations ont d\u00e9clench\u00e9 des troubles au Canada.<\/b><\/p>\n<p><span id=\"more-411173\"><\/span>Parfois, un adversaire commun peut combiner. Un adversaire que beaucoup le voient dans le nouveau pr\u00e9sident am\u00e9ricain Donald Trump. Son r\u00eave d&rsquo;incorporation du Groenland ou du Canada aux \u00c9tats-Unis a d\u00e9clench\u00e9 de nombreuses r\u00e9actions et cr\u00e9e un espace pour de nouvelles id\u00e9es qui auraient \u00e9t\u00e9 rejet\u00e9es r\u00e9cemment comme utopique.<\/p>\n<p>L&rsquo;ancien vice-chancelier allemand et ministre des Affaires \u00e9trang\u00e8res, Sigmar Gabriel (SPD), a d\u00e9j\u00e0 parl\u00e9 du fait que le Canada rejoint l&rsquo;Union europ\u00e9enne.<\/p>\n<div id=\"attachment_411185\" class=\"wp-caption alignleft\" style=\"max-width: 300px\"><img decoding=\"async\" class=\"wp-image-411185 size-medium\" src=\"https:\/\/vieassociative.be\/actualites\/wp-content\/uploads\/2025\/03\/Selon-les-menaces-du-president-americain-Donald-Trump-le-Canada.jpg\" alt=\"\" width=\"300\" height=\"166\"  ><\/p>\n<p class=\"wp-caption-text\">Illustration: YouTube<\/p>\n<\/div>\n<p>\u00abJe vais essayer \u00e7a. Le Canada est un pays extr\u00eamement important. Soit dit en passant, il s&rsquo;agit d&rsquo;un \u00e9tat de vill\u00e9giature strat\u00e9gique sur l&rsquo;Arctique. Nous n&rsquo;en avons pas autant &#8211; sauf le Danemark, la Norv\u00e8ge et la Finlande. Nous devons collecter des partenaires d&rsquo;alliance. Soit dit en passant, cela s&rsquo;applique \u00e9galement \u00e0 nos contrats de libre-\u00e9change \u00bb, a d\u00e9clar\u00e9 Gabriel \u00e0 Gabor Steingart, le pionnier.<\/p>\n<p>Le Canada n&rsquo;est pas g\u00e9ographiquement en Europe, mais les solutions peuvent \u00eatre trouv\u00e9es, a soulign\u00e9 Gabriel. \u00abCe n&rsquo;est pas le cas que cela est impensable. Les moments o\u00f9 les \u00c9tats-Unis maintiennent l&rsquo;ordre mondial tel que nous le connaissons. Pour l&rsquo;Allemagne et l&rsquo;Europe, ce n&rsquo;est pas seulement un d\u00e9fi, mais aussi une opportunit\u00e9. \u00bb Alors que les \u00c9tats-Unis se d\u00e9veloppent dans un pouvoir h\u00e9g\u00e9monique avec des demandes imp\u00e9rialistes, l&rsquo;Europe doit \u00ab\u00a0r\u00e9interpr\u00e9ter l&rsquo;interaction des valeurs et des int\u00e9r\u00eats communs dans des conditions politiques modifi\u00e9es\u00a0\u00bb, a d\u00e9clar\u00e9 Gabriel.<\/p>\n<p>Selon une enqu\u00eate de l&rsquo;Abacus Opinion Research Institute, 46% des Canadiens soutiennent l&rsquo;adh\u00e9sion de leur pays \u00e0 l&rsquo;UE. 29% des r\u00e9pondants sont, en revanche, un trimestre est ind\u00e9cis. Quant \u00e0 la pr\u00e9sentation du pr\u00e9sident am\u00e9ricain, seulement dix pour cent ont d\u00e9clar\u00e9 qu&rsquo;ils devaient faire du Canada dans le 51e \u00c9tat de son pays.<\/p>\n<div id=\"attachment_411190\" class=\"wp-caption alignnone\" style=\"max-width: 300px\"><img fetchpriority=\"high\" decoding=\"async\" class=\"size-medium wp-image-411190\" src=\"https:\/\/vieassociative.be\/actualites\/wp-content\/uploads\/2025\/03\/1741961854_87_Selon-les-menaces-du-president-americain-Donald-Trump-le-Canada.jpg\" alt=\"\" width=\"300\" height=\"200\"><\/p>\n<p class=\"wp-caption-text\">13.03.2025, Canada, La Malbeie: Un peu avec h\u00e9sitation, la ministre canadienne des Affaires \u00e9trang\u00e8res Melanie Joly (L) Le secr\u00e9taire d&rsquo;\u00c9tat am\u00e9ricain Marco Rubio est remis lors d&rsquo;une r\u00e9union des ministres des Affaires \u00e9trang\u00e8res du G7. Photo: Saul Loeb \/ Pool AFP \/ AP \/ DPA<\/p>\n<\/div>\n<p>L&rsquo;UE est le deuxi\u00e8me plus grand partenaire commercial du Canada apr\u00e8s les \u00c9tats-Unis. L&rsquo;accord commercial de l&rsquo;ACE, qui est temporairement entr\u00e9 en vigueur en 2016, apr\u00e8s avoir initialement menac\u00e9 d&rsquo;\u00e9chouer \u00e0 la r\u00e9sistance du Premier ministre wallon Paul Magnette (PS), a consid\u00e9rablement approfondi les relations \u00e9conomiques. Les exportations du Canada vers l&rsquo;Europe comprennent principalement des mati\u00e8res premi\u00e8res telles que le bois, les min\u00e9raux et l&rsquo;huile, tandis que l&rsquo;UE fournit des machines, des m\u00e9dicaments et des produits de luxe. G\u00e9opolitiquement, les deux parties travaillent \u00e9galement en \u00e9troite collaboration, que ce soit dans l&rsquo;OTAN, le G7 ou le G20. Une int\u00e9gration encore plus profonde pourrait favoriser le d\u00e9veloppement d&rsquo;un nouveau bloc de puissance g\u00e9opolitique.<\/p>\n<p>Malgr\u00e9 les nombreux avantages, il existe \u00e9galement des d\u00e9fis consid\u00e9rables. La distance g\u00e9ographique est un probl\u00e8me central. Le Canada est situ\u00e9 \u00e0 des milliers de kilom\u00e8tres d&rsquo;Europe et n&rsquo;a aucune limite physique \u00e0 l&rsquo;UE, ce qui rendrait difficile la coordination \u00e9conomique et politique. De plus, le droit de l&rsquo;UE pr\u00e9voit que seuls les pays europ\u00e9ens peuvent se joindre. Les membres du Canada n\u00e9cessiteraient donc des changements fondamentaux aux contrats.<\/p>\n<p>Une autre raison est l&rsquo;entr\u00e9e \u00e9conomique \u00e9troite du Canada avec les \u00c9tats-Unis. Environ 75% des exportations canadiennes se rendent aux \u00c9tats-Unis. Une accession de l&rsquo;UE pourrait mettre en danger ces relations commerciales et resserrer davantage les tensions avec les \u00c9tats-Unis. La politique de Trump a d\u00e9j\u00e0 montr\u00e9 qu&rsquo;il est pr\u00eat \u00e0 prendre des mesures \u00e9conomiques difficiles pour faire respecter ses int\u00e9r\u00eats. (Cre)<\/p>\n","protected":false},"excerpt":{"rendered":"<p>Le pr\u00e9sident am\u00e9ricain Donald Trump a exprim\u00e9 \u00e0 plusieurs reprises le souhait de faire du Canada le 51e \u00c9tat des \u00c9tats-Unis. Ces d\u00e9clarations ont d\u00e9clench\u00e9<\/p>\n","protected":false},"author":1,"featured_media":5883,"comment_status":"","ping_status":"","sticky":false,"template":"","format":"standard","meta":{"footnotes":""},"categories":[298],"tags":[10,3770,5856,2424,3561,14,1143,5855,3075,1826,507,2425],"class_list":["post-5882","post","type-post","status-publish","format-standard","has-post-thumbnail","hentry","category-belgique","tag-americain","tag-canada","tag-devraitil","tag-donald","tag-europeenne","tag-les","tag-lunion","tag-menaces","tag-president","tag-rejoindre","tag-selon","tag-trump","generate-columns","tablet-grid-50","mobile-grid-100","grid-parent","grid-33"],"yoast_head":"<!-- This site is optimized with the Yoast SEO plugin v24.0 - https:\/\/yoast.com\/wordpress\/plugins\/seo\/ -->\n<title>Selon les menaces du pr\u00e9sident am\u00e9ricain Donald Trump: le Canada devrait-il rejoindre l&#039;Union europ\u00e9enne (UE)? | Vie Associative<\/title>\n<meta name=\"robots\" content=\"index, follow, max-snippet:-1, max-image-preview:large, max-video-preview:-1\" \/>\n<link rel=\"canonical\" href=\"https:\/\/vieassociative.be\/actualites\/selon-les-menaces-du-president-americain-donald-trump-le-canada-devrait-il-rejoindre-lunion-europeenne-ue\/\" \/>\n<meta property=\"og:locale\" content=\"fr_FR\" \/>\n<meta property=\"og:type\" content=\"article\" \/>\n<meta property=\"og:title\" content=\"Selon les menaces du pr\u00e9sident am\u00e9ricain Donald Trump: le Canada devrait-il rejoindre l&#039;Union europ\u00e9enne (UE)? | Vie Associative\" \/>\n<meta property=\"og:description\" content=\"Le pr\u00e9sident am\u00e9ricain Donald Trump a exprim\u00e9 \u00e0 plusieurs reprises le souhait de faire du Canada le 51e \u00c9tat des \u00c9tats-Unis. Ces d\u00e9clarations ont d\u00e9clench\u00e9\" \/>\n<meta property=\"og:url\" content=\"https:\/\/vieassociative.be\/actualites\/selon-les-menaces-du-president-americain-donald-trump-le-canada-devrait-il-rejoindre-lunion-europeenne-ue\/\" \/>\n<meta property=\"og:site_name\" content=\"Vie Associative\" \/>\n<meta property=\"article:published_time\" content=\"2025-03-14T14:17:34+00:00\" \/>\n<meta property=\"og:image\" content=\"https:\/\/vieassociative.be\/actualites\/wp-content\/uploads\/2024\/09\/header_backgroundk-01-e1726694325946.png\" \/>\n\t<meta property=\"og:image:width\" content=\"279\" \/>\n\t<meta property=\"og:image:height\" content=\"92\" \/>\n\t<meta property=\"og:image:type\" content=\"image\/png\" \/>\n<meta name=\"author\" content=\"Julien\" \/>\n<meta name=\"twitter:card\" content=\"summary_large_image\" \/>\n<meta name=\"twitter:label1\" content=\"\u00c9crit par\" \/>\n\t<meta name=\"twitter:data1\" content=\"Julien\" \/>\n\t<meta name=\"twitter:label2\" content=\"Dur\u00e9e de lecture est.\" \/>\n\t<meta name=\"twitter:data2\" content=\"3 minutes\" \/>\n<script type=\"application\/ld+json\" class=\"yoast-schema-graph\">{\"@context\":\"https:\/\/schema.org\",\"@graph\":[{\"@type\":\"Article\",\"@id\":\"https:\/\/vieassociative.be\/actualites\/selon-les-menaces-du-president-americain-donald-trump-le-canada-devrait-il-rejoindre-lunion-europeenne-ue\/#article\",\"isPartOf\":{\"@id\":\"https:\/\/vieassociative.be\/actualites\/selon-les-menaces-du-president-americain-donald-trump-le-canada-devrait-il-rejoindre-lunion-europeenne-ue\/\"},\"author\":{\"name\":\"Julien\",\"@id\":\"https:\/\/vieassociative.be\/actualites\/#\/schema\/person\/b87ac4f82f9d4e7b7cec7395b679edc4\"},\"headline\":\"Selon les menaces du pr\u00e9sident am\u00e9ricain Donald Trump: le Canada devrait-il rejoindre l&rsquo;Union europ\u00e9enne (UE)?\",\"datePublished\":\"2025-03-14T14:17:34+00:00\",\"dateModified\":\"2025-03-14T14:17:34+00:00\",\"mainEntityOfPage\":{\"@id\":\"https:\/\/vieassociative.be\/actualites\/selon-les-menaces-du-president-americain-donald-trump-le-canada-devrait-il-rejoindre-lunion-europeenne-ue\/\"},\"wordCount\":707,\"publisher\":{\"@id\":\"https:\/\/vieassociative.be\/actualites\/#organization\"},\"image\":{\"@id\":\"https:\/\/vieassociative.be\/actualites\/selon-les-menaces-du-president-americain-donald-trump-le-canada-devrait-il-rejoindre-lunion-europeenne-ue\/#primaryimage\"},\"thumbnailUrl\":\"https:\/\/vieassociative.be\/actualites\/wp-content\/uploads\/2025\/03\/1741961854_Selon-les-menaces-du-president-americain-Donald-Trump-le-Canada.jpg\",\"keywords\":[\"am\u00e9ricain\",\"Canada\",\"devraitil\",\"Donald\",\"europ\u00e9enne\",\"Les\",\"lUnion\",\"menaces\",\"pr\u00e9sident\",\"rejoindre\",\"selon\",\"Trump\"],\"articleSection\":[\"Belgique\"],\"inLanguage\":\"fr-BE\"},{\"@type\":\"WebPage\",\"@id\":\"https:\/\/vieassociative.be\/actualites\/selon-les-menaces-du-president-americain-donald-trump-le-canada-devrait-il-rejoindre-lunion-europeenne-ue\/\",\"url\":\"https:\/\/vieassociative.be\/actualites\/selon-les-menaces-du-president-americain-donald-trump-le-canada-devrait-il-rejoindre-lunion-europeenne-ue\/\",\"name\":\"Selon les menaces du pr\u00e9sident am\u00e9ricain Donald Trump: le Canada devrait-il rejoindre l'Union europ\u00e9enne (UE)? | Vie Associative\",\"isPartOf\":{\"@id\":\"https:\/\/vieassociative.be\/actualites\/#website\"},\"primaryImageOfPage\":{\"@id\":\"https:\/\/vieassociative.be\/actualites\/selon-les-menaces-du-president-americain-donald-trump-le-canada-devrait-il-rejoindre-lunion-europeenne-ue\/#primaryimage\"},\"image\":{\"@id\":\"https:\/\/vieassociative.be\/actualites\/selon-les-menaces-du-president-americain-donald-trump-le-canada-devrait-il-rejoindre-lunion-europeenne-ue\/#primaryimage\"},\"thumbnailUrl\":\"https:\/\/vieassociative.be\/actualites\/wp-content\/uploads\/2025\/03\/1741961854_Selon-les-menaces-du-president-americain-Donald-Trump-le-Canada.jpg\",\"datePublished\":\"2025-03-14T14:17:34+00:00\",\"dateModified\":\"2025-03-14T14:17:34+00:00\",\"breadcrumb\":{\"@id\":\"https:\/\/vieassociative.be\/actualites\/selon-les-menaces-du-president-americain-donald-trump-le-canada-devrait-il-rejoindre-lunion-europeenne-ue\/#breadcrumb\"},\"inLanguage\":\"fr-BE\",\"potentialAction\":[{\"@type\":\"ReadAction\",\"target\":[\"https:\/\/vieassociative.be\/actualites\/selon-les-menaces-du-president-americain-donald-trump-le-canada-devrait-il-rejoindre-lunion-europeenne-ue\/\"]}]},{\"@type\":\"ImageObject\",\"inLanguage\":\"fr-BE\",\"@id\":\"https:\/\/vieassociative.be\/actualites\/selon-les-menaces-du-president-americain-donald-trump-le-canada-devrait-il-rejoindre-lunion-europeenne-ue\/#primaryimage\",\"url\":\"https:\/\/vieassociative.be\/actualites\/wp-content\/uploads\/2025\/03\/1741961854_Selon-les-menaces-du-president-americain-Donald-Trump-le-Canada.jpg\",\"contentUrl\":\"https:\/\/vieassociative.be\/actualites\/wp-content\/uploads\/2025\/03\/1741961854_Selon-les-menaces-du-president-americain-Donald-Trump-le-Canada.jpg\",\"width\":1200,\"height\":655,\"caption\":\"Selon les menaces du pr\u00e9sident am\u00e9ricain Donald Trump: le Canada devrait-il rejoindre l'Union europ\u00e9enne (UE)?\"},{\"@type\":\"BreadcrumbList\",\"@id\":\"https:\/\/vieassociative.be\/actualites\/selon-les-menaces-du-president-americain-donald-trump-le-canada-devrait-il-rejoindre-lunion-europeenne-ue\/#breadcrumb\",\"itemListElement\":[{\"@type\":\"ListItem\",\"position\":1,\"name\":\"Accueil\",\"item\":\"https:\/\/vieassociative.be\/actualites\/\"},{\"@type\":\"ListItem\",\"position\":2,\"name\":\"Selon les menaces du pr\u00e9sident am\u00e9ricain Donald Trump: le Canada devrait-il rejoindre l&rsquo;Union europ\u00e9enne (UE)?\"}]},{\"@type\":\"WebSite\",\"@id\":\"https:\/\/vieassociative.be\/actualites\/#website\",\"url\":\"https:\/\/vieassociative.be\/actualites\/\",\"name\":\"Vie Associative\",\"description\":\"\",\"publisher\":{\"@id\":\"https:\/\/vieassociative.be\/actualites\/#organization\"},\"potentialAction\":[{\"@type\":\"SearchAction\",\"target\":{\"@type\":\"EntryPoint\",\"urlTemplate\":\"https:\/\/vieassociative.be\/actualites\/?s={search_term_string}\"},\"query-input\":{\"@type\":\"PropertyValueSpecification\",\"valueRequired\":true,\"valueName\":\"search_term_string\"}}],\"inLanguage\":\"fr-BE\"},{\"@type\":\"Organization\",\"@id\":\"https:\/\/vieassociative.be\/actualites\/#organization\",\"name\":\"Vie Associative\",\"url\":\"https:\/\/vieassociative.be\/actualites\/\",\"logo\":{\"@type\":\"ImageObject\",\"inLanguage\":\"fr-BE\",\"@id\":\"https:\/\/vieassociative.be\/actualites\/#\/schema\/logo\/image\/\",\"url\":\"https:\/\/vieassociative.be\/actualites\/wp-content\/uploads\/2024\/09\/cropped-vieassociative_favicon.ico.png\",\"contentUrl\":\"https:\/\/vieassociative.be\/actualites\/wp-content\/uploads\/2024\/09\/cropped-vieassociative_favicon.ico.png\",\"width\":512,\"height\":512,\"caption\":\"Vie Associative\"},\"image\":{\"@id\":\"https:\/\/vieassociative.be\/actualites\/#\/schema\/logo\/image\/\"}},{\"@type\":\"Person\",\"@id\":\"https:\/\/vieassociative.be\/actualites\/#\/schema\/person\/b87ac4f82f9d4e7b7cec7395b679edc4\",\"name\":\"Julien\",\"image\":{\"@type\":\"ImageObject\",\"inLanguage\":\"fr-BE\",\"@id\":\"https:\/\/vieassociative.be\/actualites\/#\/schema\/person\/image\/\",\"url\":\"https:\/\/vieassociative.be\/actualites\/wp-content\/uploads\/2024\/09\/vie-associative-1-150x150.jpg\",\"contentUrl\":\"https:\/\/vieassociative.be\/actualites\/wp-content\/uploads\/2024\/09\/vie-associative-1-150x150.jpg\",\"caption\":\"Julien\"},\"description\":\"Je suis Julien, r\u00e9dacteur pour Vie Associative. Passionn\u00e9 par le monde associatif depuis plus de 10 ans, j'ai \u00e0 c\u0153ur de partager des histoires inspirantes et de mettre en lumi\u00e8re les initiatives locales. Mon objectif est de sensibiliser et d'encourager l'engagement communautaire \u00e0 travers mes articles.\",\"sameAs\":[\"https:\/\/vieassociative.be\/\"]}]}<\/script>\n<!-- \/ Yoast SEO plugin. -->","yoast_head_json":{"title":"Selon les menaces du pr\u00e9sident am\u00e9ricain Donald Trump: le Canada devrait-il rejoindre l'Union europ\u00e9enne (UE)? | Vie Associative","robots":{"index":"index","follow":"follow","max-snippet":"max-snippet:-1","max-image-preview":"max-image-preview:large","max-video-preview":"max-video-preview:-1"},"canonical":"https:\/\/vieassociative.be\/actualites\/selon-les-menaces-du-president-americain-donald-trump-le-canada-devrait-il-rejoindre-lunion-europeenne-ue\/","og_locale":"fr_FR","og_type":"article","og_title":"Selon les menaces du pr\u00e9sident am\u00e9ricain Donald Trump: le Canada devrait-il rejoindre l'Union europ\u00e9enne (UE)? | Vie Associative","og_description":"Le pr\u00e9sident am\u00e9ricain Donald Trump a exprim\u00e9 \u00e0 plusieurs reprises le souhait de faire du Canada le 51e \u00c9tat des \u00c9tats-Unis. Ces d\u00e9clarations ont d\u00e9clench\u00e9","og_url":"https:\/\/vieassociative.be\/actualites\/selon-les-menaces-du-president-americain-donald-trump-le-canada-devrait-il-rejoindre-lunion-europeenne-ue\/","og_site_name":"Vie Associative","article_published_time":"2025-03-14T14:17:34+00:00","og_image":[{"width":279,"height":92,"url":"https:\/\/vieassociative.be\/actualites\/wp-content\/uploads\/2024\/09\/header_backgroundk-01-e1726694325946.png","type":"image\/png"}],"author":"Julien","twitter_card":"summary_large_image","twitter_misc":{"\u00c9crit par":"Julien","Dur\u00e9e de lecture est.":"3 minutes"},"schema":{"@context":"https:\/\/schema.org","@graph":[{"@type":"Article","@id":"https:\/\/vieassociative.be\/actualites\/selon-les-menaces-du-president-americain-donald-trump-le-canada-devrait-il-rejoindre-lunion-europeenne-ue\/#article","isPartOf":{"@id":"https:\/\/vieassociative.be\/actualites\/selon-les-menaces-du-president-americain-donald-trump-le-canada-devrait-il-rejoindre-lunion-europeenne-ue\/"},"author":{"name":"Julien","@id":"https:\/\/vieassociative.be\/actualites\/#\/schema\/person\/b87ac4f82f9d4e7b7cec7395b679edc4"},"headline":"Selon les menaces du pr\u00e9sident am\u00e9ricain Donald Trump: le Canada devrait-il rejoindre l&rsquo;Union europ\u00e9enne (UE)?","datePublished":"2025-03-14T14:17:34+00:00","dateModified":"2025-03-14T14:17:34+00:00","mainEntityOfPage":{"@id":"https:\/\/vieassociative.be\/actualites\/selon-les-menaces-du-president-americain-donald-trump-le-canada-devrait-il-rejoindre-lunion-europeenne-ue\/"},"wordCount":707,"publisher":{"@id":"https:\/\/vieassociative.be\/actualites\/#organization"},"image":{"@id":"https:\/\/vieassociative.be\/actualites\/selon-les-menaces-du-president-americain-donald-trump-le-canada-devrait-il-rejoindre-lunion-europeenne-ue\/#primaryimage"},"thumbnailUrl":"https:\/\/vieassociative.be\/actualites\/wp-content\/uploads\/2025\/03\/1741961854_Selon-les-menaces-du-president-americain-Donald-Trump-le-Canada.jpg","keywords":["am\u00e9ricain","Canada","devraitil","Donald","europ\u00e9enne","Les","lUnion","menaces","pr\u00e9sident","rejoindre","selon","Trump"],"articleSection":["Belgique"],"inLanguage":"fr-BE"},{"@type":"WebPage","@id":"https:\/\/vieassociative.be\/actualites\/selon-les-menaces-du-president-americain-donald-trump-le-canada-devrait-il-rejoindre-lunion-europeenne-ue\/","url":"https:\/\/vieassociative.be\/actualites\/selon-les-menaces-du-president-americain-donald-trump-le-canada-devrait-il-rejoindre-lunion-europeenne-ue\/","name":"Selon les menaces du pr\u00e9sident am\u00e9ricain Donald Trump: le Canada devrait-il rejoindre l'Union europ\u00e9enne (UE)? | Vie Associative","isPartOf":{"@id":"https:\/\/vieassociative.be\/actualites\/#website"},"primaryImageOfPage":{"@id":"https:\/\/vieassociative.be\/actualites\/selon-les-menaces-du-president-americain-donald-trump-le-canada-devrait-il-rejoindre-lunion-europeenne-ue\/#primaryimage"},"image":{"@id":"https:\/\/vieassociative.be\/actualites\/selon-les-menaces-du-president-americain-donald-trump-le-canada-devrait-il-rejoindre-lunion-europeenne-ue\/#primaryimage"},"thumbnailUrl":"https:\/\/vieassociative.be\/actualites\/wp-content\/uploads\/2025\/03\/1741961854_Selon-les-menaces-du-president-americain-Donald-Trump-le-Canada.jpg","datePublished":"2025-03-14T14:17:34+00:00","dateModified":"2025-03-14T14:17:34+00:00","breadcrumb":{"@id":"https:\/\/vieassociative.be\/actualites\/selon-les-menaces-du-president-americain-donald-trump-le-canada-devrait-il-rejoindre-lunion-europeenne-ue\/#breadcrumb"},"inLanguage":"fr-BE","potentialAction":[{"@type":"ReadAction","target":["https:\/\/vieassociative.be\/actualites\/selon-les-menaces-du-president-americain-donald-trump-le-canada-devrait-il-rejoindre-lunion-europeenne-ue\/"]}]},{"@type":"ImageObject","inLanguage":"fr-BE","@id":"https:\/\/vieassociative.be\/actualites\/selon-les-menaces-du-president-americain-donald-trump-le-canada-devrait-il-rejoindre-lunion-europeenne-ue\/#primaryimage","url":"https:\/\/vieassociative.be\/actualites\/wp-content\/uploads\/2025\/03\/1741961854_Selon-les-menaces-du-president-americain-Donald-Trump-le-Canada.jpg","contentUrl":"https:\/\/vieassociative.be\/actualites\/wp-content\/uploads\/2025\/03\/1741961854_Selon-les-menaces-du-president-americain-Donald-Trump-le-Canada.jpg","width":1200,"height":655,"caption":"Selon les menaces du pr\u00e9sident am\u00e9ricain Donald Trump: le Canada devrait-il rejoindre l'Union europ\u00e9enne (UE)?"},{"@type":"BreadcrumbList","@id":"https:\/\/vieassociative.be\/actualites\/selon-les-menaces-du-president-americain-donald-trump-le-canada-devrait-il-rejoindre-lunion-europeenne-ue\/#breadcrumb","itemListElement":[{"@type":"ListItem","position":1,"name":"Accueil","item":"https:\/\/vieassociative.be\/actualites\/"},{"@type":"ListItem","position":2,"name":"Selon les menaces du pr\u00e9sident am\u00e9ricain Donald Trump: le Canada devrait-il rejoindre l&rsquo;Union europ\u00e9enne (UE)?"}]},{"@type":"WebSite","@id":"https:\/\/vieassociative.be\/actualites\/#website","url":"https:\/\/vieassociative.be\/actualites\/","name":"Vie Associative","description":"","publisher":{"@id":"https:\/\/vieassociative.be\/actualites\/#organization"},"potentialAction":[{"@type":"SearchAction","target":{"@type":"EntryPoint","urlTemplate":"https:\/\/vieassociative.be\/actualites\/?s={search_term_string}"},"query-input":{"@type":"PropertyValueSpecification","valueRequired":true,"valueName":"search_term_string"}}],"inLanguage":"fr-BE"},{"@type":"Organization","@id":"https:\/\/vieassociative.be\/actualites\/#organization","name":"Vie Associative","url":"https:\/\/vieassociative.be\/actualites\/","logo":{"@type":"ImageObject","inLanguage":"fr-BE","@id":"https:\/\/vieassociative.be\/actualites\/#\/schema\/logo\/image\/","url":"https:\/\/vieassociative.be\/actualites\/wp-content\/uploads\/2024\/09\/cropped-vieassociative_favicon.ico.png","contentUrl":"https:\/\/vieassociative.be\/actualites\/wp-content\/uploads\/2024\/09\/cropped-vieassociative_favicon.ico.png","width":512,"height":512,"caption":"Vie Associative"},"image":{"@id":"https:\/\/vieassociative.be\/actualites\/#\/schema\/logo\/image\/"}},{"@type":"Person","@id":"https:\/\/vieassociative.be\/actualites\/#\/schema\/person\/b87ac4f82f9d4e7b7cec7395b679edc4","name":"Julien","image":{"@type":"ImageObject","inLanguage":"fr-BE","@id":"https:\/\/vieassociative.be\/actualites\/#\/schema\/person\/image\/","url":"https:\/\/vieassociative.be\/actualites\/wp-content\/uploads\/2024\/09\/vie-associative-1-150x150.jpg","contentUrl":"https:\/\/vieassociative.be\/actualites\/wp-content\/uploads\/2024\/09\/vie-associative-1-150x150.jpg","caption":"Julien"},"description":"Je suis Julien, r\u00e9dacteur pour Vie Associative. Passionn\u00e9 par le monde associatif depuis plus de 10 ans, j'ai \u00e0 c\u0153ur de partager des histoires inspirantes et de mettre en lumi\u00e8re les initiatives locales. Mon objectif est de sensibiliser et d'encourager l'engagement communautaire \u00e0 travers mes articles.","sameAs":["https:\/\/vieassociative.be\/"]}]}},"_links":{"self":[{"href":"https:\/\/vieassociative.be\/actualites\/wp-json\/wp\/v2\/posts\/5882"}],"collection":[{"href":"https:\/\/vieassociative.be\/actualites\/wp-json\/wp\/v2\/posts"}],"about":[{"href":"https:\/\/vieassociative.be\/actualites\/wp-json\/wp\/v2\/types\/post"}],"author":[{"embeddable":true,"href":"https:\/\/vieassociative.be\/actualites\/wp-json\/wp\/v2\/users\/1"}],"replies":[{"embeddable":true,"href":"https:\/\/vieassociative.be\/actualites\/wp-json\/wp\/v2\/comments?post=5882"}],"version-history":[{"count":0,"href":"https:\/\/vieassociative.be\/actualites\/wp-json\/wp\/v2\/posts\/5882\/revisions"}],"wp:featuredmedia":[{"embeddable":true,"href":"https:\/\/vieassociative.be\/actualites\/wp-json\/wp\/v2\/media\/5883"}],"wp:attachment":[{"href":"https:\/\/vieassociative.be\/actualites\/wp-json\/wp\/v2\/media?parent=5882"}],"wp:term":[{"taxonomy":"category","embeddable":true,"href":"https:\/\/vieassociative.be\/actualites\/wp-json\/wp\/v2\/categories?post=5882"},{"taxonomy":"post_tag","embeddable":true,"href":"https:\/\/vieassociative.be\/actualites\/wp-json\/wp\/v2\/tags?post=5882"}],"curies":[{"name":"wp","href":"https:\/\/api.w.org\/{rel}","templated":true}]}}