{"id":5880,"date":"2025-03-14T14:19:38","date_gmt":"2025-03-14T13:19:38","guid":{"rendered":"https:\/\/vieassociative.be\/actualites\/pourquoi-google-gemini-veut-votre-historique-de-recherche-et-pourquoi-je-ne-partagerai-pas-le-mien\/"},"modified":"2025-03-14T14:19:38","modified_gmt":"2025-03-14T13:19:38","slug":"pourquoi-google-gemini-veut-votre-historique-de-recherche-et-pourquoi-je-ne-partagerai-pas-le-mien","status":"publish","type":"post","link":"https:\/\/vieassociative.be\/actualites\/pourquoi-google-gemini-veut-votre-historique-de-recherche-et-pourquoi-je-ne-partagerai-pas-le-mien\/","title":{"rendered":"Pourquoi Google Gemini veut votre historique de recherche (et pourquoi je ne partagerai pas le mien)"},"content":{"rendered":"<div class=\"mt-4 leading-6 md:mb-8\">Pourquoi voudrais-je que les G\u00e9meaux soient plus \u00ab\u00a0personnels\u00a0\u00bb, de toute fa\u00e7on?<\/div>\n<p><\/p>\n<p>Jeudi, Google a d\u00e9ploy\u00e9 un certain nombre de fonctionnalit\u00e9s Gemini pr\u00e9c\u00e9demment pay\u00e9es aux utilisateurs gratuits. Vous pouvez d\u00e9sormais utiliser des chatbots personnalis\u00e9s Gemini, que la soci\u00e9t\u00e9 appelle \u00ab\u00a0Gems\u00a0\u00bb; Recherche profonde, qui g\u00e8re des mod\u00e8les d&rsquo;IA qui \u00ab\u00a0pensent\u00a0\u00bb \u00e0 chaque \u00e9tape d&rsquo;un probl\u00e8me; et t\u00e9l\u00e9charger des fichiers sur Gemini 2.0 Flash Thinking, que vous payiez ou non les services AI de Google. <\/p>\n<p>Mais ce n&rsquo;est pas tout: l&rsquo;entreprise a \u00e9galement introduit une nouvelle fonctionnalit\u00e9 exp\u00e9rimentale pour les G\u00e9meaux &#8211; Gemini avec personnalisation. Cette fonctionnalit\u00e9, qui fonctionne sur le mod\u00e8le de pens\u00e9e Flash Gemini 2.0 de Google, connecte Gemini \u00e0 vos applications et services Google, dans le but de vous offrir un assistant IA plus personnel. L&rsquo;id\u00e9e est qu&rsquo;en connectant les informations de votre compte Google aux G\u00e9meaux, il en saura plus sur vous et sera en mesure de fournir des r\u00e9sultats plus \u00e9clair\u00e9s adapt\u00e9s \u00e0 vos go\u00fbts personnels. <\/p>\n<p>C&rsquo;est certainement un pas dans la direction que les grandes entreprises technologiques font la publicit\u00e9 de l&rsquo;IA. Mais pour travailler, <strong>Vous devez connecter votre historique de recherche aux G\u00e9meaux<\/strong>. C&rsquo;est beaucoup de confiance \u00e0 mettre dans le service d&rsquo;IA de Google, et j&rsquo;imagine une d\u00e9cision d\u00e9licate pour toute personne pr\u00e9occup\u00e9e par la quantit\u00e9 de donn\u00e9es que nous nourrissons ces outils d&rsquo;IA.<\/p>\n<h2 id=\"what-can-geminis-personalization-model-do\">Que peut faire le mod\u00e8le de personnalisation de Gemini? <\/h2>\n<p>Google propose quelques exemples de la fa\u00e7on dont ce nouveau service pourrait am\u00e9liorer votre exp\u00e9rience avec les G\u00e9meaux. Vous pourriez demander au bot o\u00f9 vous devriez partir en vacances, et plut\u00f4t que de tirer une s\u00e9rie de sources sur l&rsquo;endroit o\u00f9 les autres aiment partir en vacances, le bot pourrait, th\u00e9oriquement, utiliser vos requ\u00eates de recherche pass\u00e9es pour se concentrer sur un voyage qu&rsquo;il pense que vous aimeriez. Peut-\u00eatre que vous avez rassembl\u00e9 un peu de vision sur la direction des Bahamas ou de Saint Lucia, et le bot rassemblerait des recherches li\u00e9es aux vacances tropicales. Ou peut-\u00eatre que vous demanderiez au bot des suggestions pour un nouveau passe-temps et voyez des r\u00e9sultats en fonction des types de choses que vous avez recherch\u00e9es dans le pass\u00e9.<\/p>\n<p>Je comprends la vision que Google va pour ici: plut\u00f4t que d&rsquo;avoir un bot qui r\u00e9pond aux questions de la m\u00eame mani\u00e8re pour tout le monde, pourquoi ne pas avoir le bot de chaque utilisateur fournir des r\u00e9ponses adapt\u00e9es \u00e0 leurs go\u00fbts et \u00e0 leurs aversions? Cela dit, cela me fait me demander: si l&rsquo;utilisateur recherche d\u00e9j\u00e0 des choses comme les lieux de vacances et les nouveaux passe-temps, ne pourraient-ils pas choisir pour eux-m\u00eames o\u00f9 il aimerait aller, ou quelle activit\u00e9 il aimerait assumer? Si je cherche un <em>parcelle<\/em> \u00c0 propos du jogging, et je demande au bot quels passe-temps je devrais prendre, je ne serai pas surpris lorsque les G\u00e9meaux renvoient des r\u00e9sultats sur des baskets et un club de course local.  <\/p>\n<p>Pour la part de Google, ce n&rsquo;est pas n\u00e9cessairement une tactique sournoise. Pour que vous puissiez utiliser la fonctionnalit\u00e9, vous devrez vous opposer \u00e0 la connexion de votre historique de recherche \u00e0 Gemini. C&rsquo;est vraiment surprenant pour moi et l\u00e9g\u00e8rement rafra\u00eechissant. Au moins Google ne fait pas d&rsquo;opt-<em>dehors <\/em>la valeur par d\u00e9faut ici. <\/p>\n<p>Parce que le mod\u00e8le est un mod\u00e8le de \u00ab\u00a0pens\u00e9e\u00a0\u00bb, vous verrez l&rsquo;ensemble du train de la pens\u00e9e comme faisant partie des r\u00e9sultats. En tant que tel, Google dit que vous pourrez voir les informations personnelles que Gemini a utilis\u00e9es pour g\u00e9n\u00e9rer sa r\u00e9ponse, y compris les informations enregistr\u00e9es, les conversations pass\u00e9es ou votre historique de recherche. De plus, Gemini ne examinera pas votre historique de recherche \u00e0 moins que vous n&rsquo;utilisiez sp\u00e9cifiquement cette fonction de personnalisation exp\u00e9rimentale. (Vous devez \u00e9galement faire allumer les param\u00e8tres d&rsquo;activit\u00e9 Web et d&rsquo;applications de Google.) Tout cela pour dire, ce n&rsquo;est pas comme utiliser cette fonctionnalit\u00e9 signifie que Gemini analysera votre historique de recherche chaque fois que vous l&rsquo;utilisez. Si vous utilisez le mod\u00e8le Flash Gemini 2.0 standard, il ne retirera pas ces donn\u00e9es personnelles avec sa r\u00e9ponse &#8211; seulement si vous revenez \u00e0 la \u00abpersonnalisation\u00bb. <\/p>\n<h2 id=\"should-you-connect-your-search-history-to-gemini\">Devriez-vous connecter votre historique de recherche \u00e0 Gemini?<\/h2>\n<p>Voici ce que je vais dire: je ne connecte pas mon historique de recherche aux G\u00e9meaux &#8211; pas encore, de toute fa\u00e7on. Pour le moment, la fonctionnalit\u00e9 est exp\u00e9rimentale, donc ce n&rsquo;est pas la vision compl\u00e8te que Google a en r\u00e9serve. (La soci\u00e9t\u00e9 pr\u00e9voit de connecter des photos et des donn\u00e9es YouTube \u00e0 l&rsquo;avenir, par exemple.) Mais m\u00eame si la fonctionnalit\u00e9 a \u00e9t\u00e9 pleinement r\u00e9alis\u00e9e, je ne suis tout simplement pas \u00e0 l&rsquo;aise avec la connexion de mon historique de recherche personnel \u00e0 l&rsquo;IA de Google. <\/p>\n<p>Ne vous m\u00e9prenez pas: je sais que Google a d\u00e9j\u00e0 acc\u00e8s \u00e0 mon historique de recherche (bien que la d\u00e9sactivation de l&rsquo;activit\u00e9 Web et des applications devrait att\u00e9nuer une partie de cette fuite de donn\u00e9es). Ce n&rsquo;est pas vraiment \u00e0 ce sujet. Pour moi, je ne ressens pas le besoin de former l&rsquo;IA de Google sur mon historique de recherche, ce qui se passe ici. C&rsquo;est une id\u00e9e int\u00e9ressante de donner aux utilisateurs des r\u00e9sultats plus personnalis\u00e9s des bots d&rsquo;IA, mais en optant dans cette fonctionnalit\u00e9, je disquente une formation gratuite Google pour les G\u00e9meaux en utilisant mes informations personnelles. En fait, en exigeant que l&rsquo;activit\u00e9 Web et des applications soit activ\u00e9e, Google vous demande de partager ces donn\u00e9es avec les G\u00e9meaux et Google dans son ensemble. <\/p>\n<p>Google pourrait avoir le meilleur des intentions de confidentialit\u00e9 ici pour tout ce que nous savons, mais m\u00eame encore, je vis par un autre locataire de l&rsquo;IA avec cette d\u00e9cision: ne partagez pas d&rsquo;informations priv\u00e9es avec l&rsquo;IA. Si vous ne vouliez pas d&rsquo;un critique humain chez Google en voyant ce que vous partagez avec les G\u00e9meaux, vous ne devriez probablement pas le partager en premier lieu. Traditionnellement, j&rsquo;ai fait r\u00e9f\u00e9rence \u00e0 cette r\u00e8gle pour des choses comme les informations propri\u00e9taires de l&rsquo;entreprise ou des informations profond\u00e9ment personnelles, mais l&rsquo;historique de recherche peut \u00e9galement \u00eatre profond\u00e9ment priv\u00e9. Avez-vous vraiment besoin de G\u00e9meaux (ou d&rsquo;un critique humain) <em>tout<\/em> Vous avez recherch\u00e9, juste pour essayer de rendre vos r\u00e9sultats G\u00e9meaux un peu plus personnels? Ces r\u00e9sultats pourraient \u00eatre totalement inexacts, de toute fa\u00e7on.   <\/p>\n<h2 id=\"how-to-use-geminis-personalization-model\">Comment utiliser le mod\u00e8le de personnalisation de Gemini<\/h2>\n<p>Si vous pensez que ces compromis valent les avantages potentiels du mod\u00e8le de personnalisation des G\u00e9meaux, voici comment l&rsquo;essayer. Ouvrez les G\u00e9meaux, puis choisissez \u00ab\u00a0Personnalisation (exp\u00e9rimentale)\u00a0\u00bb de la liste d\u00e9roulante. Ici, Google vous pr\u00e9sentera un pop-up, o\u00f9 vous devrez connecter votre historique de recherche aux G\u00e9meaux. Si vous \u00eates bon avec \u00e7a, choisissez <strong>Connectez-vous maintenant<\/strong>. <\/p>\n<div class=\"eloquent-imagery-image\">\n<div class=\"flex justify-center\">\n                    <img decoding=\"async\" class=\"border border-gray-100\" src=\"https:\/\/vieassociative.be\/actualites\/wp-content\/uploads\/2025\/03\/Pourquoi-Google-Gemini-veut-votre-historique-de-recherche-et-pourquoi.png\" alt=\"Mod\u00e8le de personnalisation de Google pour les G\u00e9meaux\" width=\"2000\" height=\"1124\" loading=\"lazy\"  >\n            <\/div>\n<\/p><\/div>\n","protected":false},"excerpt":{"rendered":"<p>Pourquoi voudrais-je que les G\u00e9meaux soient plus \u00ab\u00a0personnels\u00a0\u00bb, de toute fa\u00e7on? Jeudi, Google a d\u00e9ploy\u00e9 un certain nombre de fonctionnalit\u00e9s Gemini pr\u00e9c\u00e9demment pay\u00e9es aux utilisateurs<\/p>\n","protected":false},"author":1,"featured_media":5881,"comment_status":"","ping_status":"","sticky":false,"template":"","format":"standard","meta":{"footnotes":""},"categories":[13],"tags":[3183,968,2840,5854,5853,126,734,718,2635,8],"class_list":["post-5880","post","type-post","status-publish","format-standard","has-post-thumbnail","hentry","category-technologie","tag-gemini","tag-google","tag-historique","tag-mien","tag-partagerai","tag-pas","tag-pourquoi","tag-recherche","tag-veut","tag-votre","generate-columns","tablet-grid-50","mobile-grid-100","grid-parent","grid-33"],"yoast_head":"<!-- This site is optimized with the Yoast SEO plugin v24.0 - https:\/\/yoast.com\/wordpress\/plugins\/seo\/ -->\n<title>Pourquoi Google Gemini veut votre historique de recherche (et pourquoi je ne partagerai pas le mien) | Vie Associative<\/title>\n<meta name=\"robots\" content=\"index, follow, max-snippet:-1, max-image-preview:large, max-video-preview:-1\" \/>\n<link rel=\"canonical\" href=\"https:\/\/vieassociative.be\/actualites\/pourquoi-google-gemini-veut-votre-historique-de-recherche-et-pourquoi-je-ne-partagerai-pas-le-mien\/\" \/>\n<meta property=\"og:locale\" content=\"fr_FR\" \/>\n<meta property=\"og:type\" content=\"article\" \/>\n<meta property=\"og:title\" content=\"Pourquoi Google Gemini veut votre historique de recherche (et pourquoi je ne partagerai pas le mien) | Vie Associative\" \/>\n<meta property=\"og:description\" content=\"Pourquoi voudrais-je que les G\u00e9meaux soient plus \u00ab\u00a0personnels\u00a0\u00bb, de toute fa\u00e7on? Jeudi, Google a d\u00e9ploy\u00e9 un certain nombre de fonctionnalit\u00e9s Gemini pr\u00e9c\u00e9demment pay\u00e9es aux utilisateurs\" \/>\n<meta property=\"og:url\" content=\"https:\/\/vieassociative.be\/actualites\/pourquoi-google-gemini-veut-votre-historique-de-recherche-et-pourquoi-je-ne-partagerai-pas-le-mien\/\" \/>\n<meta property=\"og:site_name\" content=\"Vie Associative\" \/>\n<meta property=\"article:published_time\" content=\"2025-03-14T13:19:38+00:00\" \/>\n<meta property=\"og:image\" content=\"https:\/\/vieassociative.be\/actualites\/wp-content\/uploads\/2025\/03\/Pourquoi-Google-Gemini-veut-votre-historique-de-recherche-et-pourquoi.png\" \/>\n<meta name=\"author\" content=\"Julien\" \/>\n<meta name=\"twitter:card\" content=\"summary_large_image\" \/>\n<meta name=\"twitter:label1\" content=\"\u00c9crit par\" \/>\n\t<meta name=\"twitter:data1\" content=\"Julien\" \/>\n\t<meta name=\"twitter:label2\" content=\"Dur\u00e9e de lecture est.\" \/>\n\t<meta name=\"twitter:data2\" content=\"6 minutes\" \/>\n<script type=\"application\/ld+json\" class=\"yoast-schema-graph\">{\"@context\":\"https:\/\/schema.org\",\"@graph\":[{\"@type\":\"Article\",\"@id\":\"https:\/\/vieassociative.be\/actualites\/pourquoi-google-gemini-veut-votre-historique-de-recherche-et-pourquoi-je-ne-partagerai-pas-le-mien\/#article\",\"isPartOf\":{\"@id\":\"https:\/\/vieassociative.be\/actualites\/pourquoi-google-gemini-veut-votre-historique-de-recherche-et-pourquoi-je-ne-partagerai-pas-le-mien\/\"},\"author\":{\"name\":\"Julien\",\"@id\":\"https:\/\/vieassociative.be\/actualites\/#\/schema\/person\/b87ac4f82f9d4e7b7cec7395b679edc4\"},\"headline\":\"Pourquoi Google Gemini veut votre historique de recherche (et pourquoi je ne partagerai pas le mien)\",\"datePublished\":\"2025-03-14T13:19:38+00:00\",\"dateModified\":\"2025-03-14T13:19:38+00:00\",\"mainEntityOfPage\":{\"@id\":\"https:\/\/vieassociative.be\/actualites\/pourquoi-google-gemini-veut-votre-historique-de-recherche-et-pourquoi-je-ne-partagerai-pas-le-mien\/\"},\"wordCount\":1251,\"publisher\":{\"@id\":\"https:\/\/vieassociative.be\/actualites\/#organization\"},\"image\":{\"@id\":\"https:\/\/vieassociative.be\/actualites\/pourquoi-google-gemini-veut-votre-historique-de-recherche-et-pourquoi-je-ne-partagerai-pas-le-mien\/#primaryimage\"},\"thumbnailUrl\":\"https:\/\/vieassociative.be\/actualites\/wp-content\/uploads\/2025\/03\/Pourquoi-Google-Gemini-veut-votre-historique-de-recherche-et-pourquoi.jpg\",\"keywords\":[\"Gemini\",\"Google\",\"historique\",\"mien\",\"partagerai\",\"pas\",\"Pourquoi\",\"recherche\",\"veut\",\"votre\"],\"articleSection\":[\"Technologie\"],\"inLanguage\":\"fr-BE\"},{\"@type\":\"WebPage\",\"@id\":\"https:\/\/vieassociative.be\/actualites\/pourquoi-google-gemini-veut-votre-historique-de-recherche-et-pourquoi-je-ne-partagerai-pas-le-mien\/\",\"url\":\"https:\/\/vieassociative.be\/actualites\/pourquoi-google-gemini-veut-votre-historique-de-recherche-et-pourquoi-je-ne-partagerai-pas-le-mien\/\",\"name\":\"Pourquoi Google Gemini veut votre historique de recherche (et pourquoi je ne partagerai pas le mien) | Vie Associative\",\"isPartOf\":{\"@id\":\"https:\/\/vieassociative.be\/actualites\/#website\"},\"primaryImageOfPage\":{\"@id\":\"https:\/\/vieassociative.be\/actualites\/pourquoi-google-gemini-veut-votre-historique-de-recherche-et-pourquoi-je-ne-partagerai-pas-le-mien\/#primaryimage\"},\"image\":{\"@id\":\"https:\/\/vieassociative.be\/actualites\/pourquoi-google-gemini-veut-votre-historique-de-recherche-et-pourquoi-je-ne-partagerai-pas-le-mien\/#primaryimage\"},\"thumbnailUrl\":\"https:\/\/vieassociative.be\/actualites\/wp-content\/uploads\/2025\/03\/Pourquoi-Google-Gemini-veut-votre-historique-de-recherche-et-pourquoi.jpg\",\"datePublished\":\"2025-03-14T13:19:38+00:00\",\"dateModified\":\"2025-03-14T13:19:38+00:00\",\"breadcrumb\":{\"@id\":\"https:\/\/vieassociative.be\/actualites\/pourquoi-google-gemini-veut-votre-historique-de-recherche-et-pourquoi-je-ne-partagerai-pas-le-mien\/#breadcrumb\"},\"inLanguage\":\"fr-BE\",\"potentialAction\":[{\"@type\":\"ReadAction\",\"target\":[\"https:\/\/vieassociative.be\/actualites\/pourquoi-google-gemini-veut-votre-historique-de-recherche-et-pourquoi-je-ne-partagerai-pas-le-mien\/\"]}]},{\"@type\":\"ImageObject\",\"inLanguage\":\"fr-BE\",\"@id\":\"https:\/\/vieassociative.be\/actualites\/pourquoi-google-gemini-veut-votre-historique-de-recherche-et-pourquoi-je-ne-partagerai-pas-le-mien\/#primaryimage\",\"url\":\"https:\/\/vieassociative.be\/actualites\/wp-content\/uploads\/2025\/03\/Pourquoi-Google-Gemini-veut-votre-historique-de-recherche-et-pourquoi.jpg\",\"contentUrl\":\"https:\/\/vieassociative.be\/actualites\/wp-content\/uploads\/2025\/03\/Pourquoi-Google-Gemini-veut-votre-historique-de-recherche-et-pourquoi.jpg\",\"width\":1199,\"height\":675,\"caption\":\"Pourquoi Google Gemini veut votre historique de recherche (et pourquoi je ne partagerai pas le mien)\"},{\"@type\":\"BreadcrumbList\",\"@id\":\"https:\/\/vieassociative.be\/actualites\/pourquoi-google-gemini-veut-votre-historique-de-recherche-et-pourquoi-je-ne-partagerai-pas-le-mien\/#breadcrumb\",\"itemListElement\":[{\"@type\":\"ListItem\",\"position\":1,\"name\":\"Accueil\",\"item\":\"https:\/\/vieassociative.be\/actualites\/\"},{\"@type\":\"ListItem\",\"position\":2,\"name\":\"Pourquoi Google Gemini veut votre historique de recherche (et pourquoi je ne partagerai pas le mien)\"}]},{\"@type\":\"WebSite\",\"@id\":\"https:\/\/vieassociative.be\/actualites\/#website\",\"url\":\"https:\/\/vieassociative.be\/actualites\/\",\"name\":\"Vie Associative\",\"description\":\"\",\"publisher\":{\"@id\":\"https:\/\/vieassociative.be\/actualites\/#organization\"},\"potentialAction\":[{\"@type\":\"SearchAction\",\"target\":{\"@type\":\"EntryPoint\",\"urlTemplate\":\"https:\/\/vieassociative.be\/actualites\/?s={search_term_string}\"},\"query-input\":{\"@type\":\"PropertyValueSpecification\",\"valueRequired\":true,\"valueName\":\"search_term_string\"}}],\"inLanguage\":\"fr-BE\"},{\"@type\":\"Organization\",\"@id\":\"https:\/\/vieassociative.be\/actualites\/#organization\",\"name\":\"Vie Associative\",\"url\":\"https:\/\/vieassociative.be\/actualites\/\",\"logo\":{\"@type\":\"ImageObject\",\"inLanguage\":\"fr-BE\",\"@id\":\"https:\/\/vieassociative.be\/actualites\/#\/schema\/logo\/image\/\",\"url\":\"https:\/\/vieassociative.be\/actualites\/wp-content\/uploads\/2024\/09\/cropped-vieassociative_favicon.ico.png\",\"contentUrl\":\"https:\/\/vieassociative.be\/actualites\/wp-content\/uploads\/2024\/09\/cropped-vieassociative_favicon.ico.png\",\"width\":512,\"height\":512,\"caption\":\"Vie Associative\"},\"image\":{\"@id\":\"https:\/\/vieassociative.be\/actualites\/#\/schema\/logo\/image\/\"}},{\"@type\":\"Person\",\"@id\":\"https:\/\/vieassociative.be\/actualites\/#\/schema\/person\/b87ac4f82f9d4e7b7cec7395b679edc4\",\"name\":\"Julien\",\"image\":{\"@type\":\"ImageObject\",\"inLanguage\":\"fr-BE\",\"@id\":\"https:\/\/vieassociative.be\/actualites\/#\/schema\/person\/image\/\",\"url\":\"https:\/\/vieassociative.be\/actualites\/wp-content\/uploads\/2024\/09\/vie-associative-1-150x150.jpg\",\"contentUrl\":\"https:\/\/vieassociative.be\/actualites\/wp-content\/uploads\/2024\/09\/vie-associative-1-150x150.jpg\",\"caption\":\"Julien\"},\"description\":\"Je suis Julien, r\u00e9dacteur pour Vie Associative. Passionn\u00e9 par le monde associatif depuis plus de 10 ans, j'ai \u00e0 c\u0153ur de partager des histoires inspirantes et de mettre en lumi\u00e8re les initiatives locales. Mon objectif est de sensibiliser et d'encourager l'engagement communautaire \u00e0 travers mes articles.\",\"sameAs\":[\"https:\/\/vieassociative.be\/\"]}]}<\/script>\n<!-- \/ Yoast SEO plugin. -->","yoast_head_json":{"title":"Pourquoi Google Gemini veut votre historique de recherche (et pourquoi je ne partagerai pas le mien) | Vie Associative","robots":{"index":"index","follow":"follow","max-snippet":"max-snippet:-1","max-image-preview":"max-image-preview:large","max-video-preview":"max-video-preview:-1"},"canonical":"https:\/\/vieassociative.be\/actualites\/pourquoi-google-gemini-veut-votre-historique-de-recherche-et-pourquoi-je-ne-partagerai-pas-le-mien\/","og_locale":"fr_FR","og_type":"article","og_title":"Pourquoi Google Gemini veut votre historique de recherche (et pourquoi je ne partagerai pas le mien) | Vie Associative","og_description":"Pourquoi voudrais-je que les G\u00e9meaux soient plus \u00ab\u00a0personnels\u00a0\u00bb, de toute fa\u00e7on? Jeudi, Google a d\u00e9ploy\u00e9 un certain nombre de fonctionnalit\u00e9s Gemini pr\u00e9c\u00e9demment pay\u00e9es aux utilisateurs","og_url":"https:\/\/vieassociative.be\/actualites\/pourquoi-google-gemini-veut-votre-historique-de-recherche-et-pourquoi-je-ne-partagerai-pas-le-mien\/","og_site_name":"Vie Associative","article_published_time":"2025-03-14T13:19:38+00:00","og_image":[{"url":"https:\/\/vieassociative.be\/actualites\/wp-content\/uploads\/2025\/03\/Pourquoi-Google-Gemini-veut-votre-historique-de-recherche-et-pourquoi.png","type":"","width":"","height":""}],"author":"Julien","twitter_card":"summary_large_image","twitter_misc":{"\u00c9crit par":"Julien","Dur\u00e9e de lecture est.":"6 minutes"},"schema":{"@context":"https:\/\/schema.org","@graph":[{"@type":"Article","@id":"https:\/\/vieassociative.be\/actualites\/pourquoi-google-gemini-veut-votre-historique-de-recherche-et-pourquoi-je-ne-partagerai-pas-le-mien\/#article","isPartOf":{"@id":"https:\/\/vieassociative.be\/actualites\/pourquoi-google-gemini-veut-votre-historique-de-recherche-et-pourquoi-je-ne-partagerai-pas-le-mien\/"},"author":{"name":"Julien","@id":"https:\/\/vieassociative.be\/actualites\/#\/schema\/person\/b87ac4f82f9d4e7b7cec7395b679edc4"},"headline":"Pourquoi Google Gemini veut votre historique de recherche (et pourquoi je ne partagerai pas le mien)","datePublished":"2025-03-14T13:19:38+00:00","dateModified":"2025-03-14T13:19:38+00:00","mainEntityOfPage":{"@id":"https:\/\/vieassociative.be\/actualites\/pourquoi-google-gemini-veut-votre-historique-de-recherche-et-pourquoi-je-ne-partagerai-pas-le-mien\/"},"wordCount":1251,"publisher":{"@id":"https:\/\/vieassociative.be\/actualites\/#organization"},"image":{"@id":"https:\/\/vieassociative.be\/actualites\/pourquoi-google-gemini-veut-votre-historique-de-recherche-et-pourquoi-je-ne-partagerai-pas-le-mien\/#primaryimage"},"thumbnailUrl":"https:\/\/vieassociative.be\/actualites\/wp-content\/uploads\/2025\/03\/Pourquoi-Google-Gemini-veut-votre-historique-de-recherche-et-pourquoi.jpg","keywords":["Gemini","Google","historique","mien","partagerai","pas","Pourquoi","recherche","veut","votre"],"articleSection":["Technologie"],"inLanguage":"fr-BE"},{"@type":"WebPage","@id":"https:\/\/vieassociative.be\/actualites\/pourquoi-google-gemini-veut-votre-historique-de-recherche-et-pourquoi-je-ne-partagerai-pas-le-mien\/","url":"https:\/\/vieassociative.be\/actualites\/pourquoi-google-gemini-veut-votre-historique-de-recherche-et-pourquoi-je-ne-partagerai-pas-le-mien\/","name":"Pourquoi Google Gemini veut votre historique de recherche (et pourquoi je ne partagerai pas le mien) | Vie Associative","isPartOf":{"@id":"https:\/\/vieassociative.be\/actualites\/#website"},"primaryImageOfPage":{"@id":"https:\/\/vieassociative.be\/actualites\/pourquoi-google-gemini-veut-votre-historique-de-recherche-et-pourquoi-je-ne-partagerai-pas-le-mien\/#primaryimage"},"image":{"@id":"https:\/\/vieassociative.be\/actualites\/pourquoi-google-gemini-veut-votre-historique-de-recherche-et-pourquoi-je-ne-partagerai-pas-le-mien\/#primaryimage"},"thumbnailUrl":"https:\/\/vieassociative.be\/actualites\/wp-content\/uploads\/2025\/03\/Pourquoi-Google-Gemini-veut-votre-historique-de-recherche-et-pourquoi.jpg","datePublished":"2025-03-14T13:19:38+00:00","dateModified":"2025-03-14T13:19:38+00:00","breadcrumb":{"@id":"https:\/\/vieassociative.be\/actualites\/pourquoi-google-gemini-veut-votre-historique-de-recherche-et-pourquoi-je-ne-partagerai-pas-le-mien\/#breadcrumb"},"inLanguage":"fr-BE","potentialAction":[{"@type":"ReadAction","target":["https:\/\/vieassociative.be\/actualites\/pourquoi-google-gemini-veut-votre-historique-de-recherche-et-pourquoi-je-ne-partagerai-pas-le-mien\/"]}]},{"@type":"ImageObject","inLanguage":"fr-BE","@id":"https:\/\/vieassociative.be\/actualites\/pourquoi-google-gemini-veut-votre-historique-de-recherche-et-pourquoi-je-ne-partagerai-pas-le-mien\/#primaryimage","url":"https:\/\/vieassociative.be\/actualites\/wp-content\/uploads\/2025\/03\/Pourquoi-Google-Gemini-veut-votre-historique-de-recherche-et-pourquoi.jpg","contentUrl":"https:\/\/vieassociative.be\/actualites\/wp-content\/uploads\/2025\/03\/Pourquoi-Google-Gemini-veut-votre-historique-de-recherche-et-pourquoi.jpg","width":1199,"height":675,"caption":"Pourquoi Google Gemini veut votre historique de recherche (et pourquoi je ne partagerai pas le mien)"},{"@type":"BreadcrumbList","@id":"https:\/\/vieassociative.be\/actualites\/pourquoi-google-gemini-veut-votre-historique-de-recherche-et-pourquoi-je-ne-partagerai-pas-le-mien\/#breadcrumb","itemListElement":[{"@type":"ListItem","position":1,"name":"Accueil","item":"https:\/\/vieassociative.be\/actualites\/"},{"@type":"ListItem","position":2,"name":"Pourquoi Google Gemini veut votre historique de recherche (et pourquoi je ne partagerai pas le mien)"}]},{"@type":"WebSite","@id":"https:\/\/vieassociative.be\/actualites\/#website","url":"https:\/\/vieassociative.be\/actualites\/","name":"Vie Associative","description":"","publisher":{"@id":"https:\/\/vieassociative.be\/actualites\/#organization"},"potentialAction":[{"@type":"SearchAction","target":{"@type":"EntryPoint","urlTemplate":"https:\/\/vieassociative.be\/actualites\/?s={search_term_string}"},"query-input":{"@type":"PropertyValueSpecification","valueRequired":true,"valueName":"search_term_string"}}],"inLanguage":"fr-BE"},{"@type":"Organization","@id":"https:\/\/vieassociative.be\/actualites\/#organization","name":"Vie Associative","url":"https:\/\/vieassociative.be\/actualites\/","logo":{"@type":"ImageObject","inLanguage":"fr-BE","@id":"https:\/\/vieassociative.be\/actualites\/#\/schema\/logo\/image\/","url":"https:\/\/vieassociative.be\/actualites\/wp-content\/uploads\/2024\/09\/cropped-vieassociative_favicon.ico.png","contentUrl":"https:\/\/vieassociative.be\/actualites\/wp-content\/uploads\/2024\/09\/cropped-vieassociative_favicon.ico.png","width":512,"height":512,"caption":"Vie Associative"},"image":{"@id":"https:\/\/vieassociative.be\/actualites\/#\/schema\/logo\/image\/"}},{"@type":"Person","@id":"https:\/\/vieassociative.be\/actualites\/#\/schema\/person\/b87ac4f82f9d4e7b7cec7395b679edc4","name":"Julien","image":{"@type":"ImageObject","inLanguage":"fr-BE","@id":"https:\/\/vieassociative.be\/actualites\/#\/schema\/person\/image\/","url":"https:\/\/vieassociative.be\/actualites\/wp-content\/uploads\/2024\/09\/vie-associative-1-150x150.jpg","contentUrl":"https:\/\/vieassociative.be\/actualites\/wp-content\/uploads\/2024\/09\/vie-associative-1-150x150.jpg","caption":"Julien"},"description":"Je suis Julien, r\u00e9dacteur pour Vie Associative. Passionn\u00e9 par le monde associatif depuis plus de 10 ans, j'ai \u00e0 c\u0153ur de partager des histoires inspirantes et de mettre en lumi\u00e8re les initiatives locales. Mon objectif est de sensibiliser et d'encourager l'engagement communautaire \u00e0 travers mes articles.","sameAs":["https:\/\/vieassociative.be\/"]}]}},"_links":{"self":[{"href":"https:\/\/vieassociative.be\/actualites\/wp-json\/wp\/v2\/posts\/5880"}],"collection":[{"href":"https:\/\/vieassociative.be\/actualites\/wp-json\/wp\/v2\/posts"}],"about":[{"href":"https:\/\/vieassociative.be\/actualites\/wp-json\/wp\/v2\/types\/post"}],"author":[{"embeddable":true,"href":"https:\/\/vieassociative.be\/actualites\/wp-json\/wp\/v2\/users\/1"}],"replies":[{"embeddable":true,"href":"https:\/\/vieassociative.be\/actualites\/wp-json\/wp\/v2\/comments?post=5880"}],"version-history":[{"count":0,"href":"https:\/\/vieassociative.be\/actualites\/wp-json\/wp\/v2\/posts\/5880\/revisions"}],"wp:featuredmedia":[{"embeddable":true,"href":"https:\/\/vieassociative.be\/actualites\/wp-json\/wp\/v2\/media\/5881"}],"wp:attachment":[{"href":"https:\/\/vieassociative.be\/actualites\/wp-json\/wp\/v2\/media?parent=5880"}],"wp:term":[{"taxonomy":"category","embeddable":true,"href":"https:\/\/vieassociative.be\/actualites\/wp-json\/wp\/v2\/categories?post=5880"},{"taxonomy":"post_tag","embeddable":true,"href":"https:\/\/vieassociative.be\/actualites\/wp-json\/wp\/v2\/tags?post=5880"}],"curies":[{"name":"wp","href":"https:\/\/api.w.org\/{rel}","templated":true}]}}