{"id":5876,"date":"2025-03-14T12:17:51","date_gmt":"2025-03-14T11:17:51","guid":{"rendered":"https:\/\/vieassociative.be\/actualites\/trois-nouvelles-choses-que-nous-savons-sur-le-switch-nintendo-2\/"},"modified":"2025-03-14T12:17:51","modified_gmt":"2025-03-14T11:17:51","slug":"trois-nouvelles-choses-que-nous-savons-sur-le-switch-nintendo-2","status":"publish","type":"post","link":"https:\/\/vieassociative.be\/actualites\/trois-nouvelles-choses-que-nous-savons-sur-le-switch-nintendo-2\/","title":{"rendered":"Trois nouvelles choses que nous savons sur le Switch Nintendo 2"},"content":{"rendered":"<div class=\"mt-4 leading-6 md:mb-8\">Ce que les r\u00e9cents d\u00e9p\u00f4ts de la FCC r\u00e9v\u00e8lent sur la prochaine console de Nintendo.<\/div>\n<p><\/p>\n<p>Apr\u00e8s des ann\u00e9es de rumeurs et de sp\u00e9culations intenses, Nintendo a finalement r\u00e9v\u00e9l\u00e9 le Switch 2 en janvier de cette ann\u00e9e. Bien que l&rsquo;entreprise n&rsquo;ait pas encore annonc\u00e9 chaque nouvelle fonctionnalit\u00e9 que le successeur du commutateur arborera, la soci\u00e9t\u00e9 a confirm\u00e9 qu&rsquo;un certain nombre de d\u00e9tails que les fuites avaient fait allusion \u00e0 un <em>long<\/em> Le temps, y compris un affichage plus grand, des joys magn\u00e9tiques redessin\u00e9s, une nouvelle tenue de pied, une compatibilit\u00e9 en arri\u00e8re et, le moins par cons\u00e9quent, un grand \u00ab\u00a02\u00a0\u00bb en relief sur la console et le quai.<\/p>\n<p>Depuis l&rsquo;annonce initiale, nous avons appris un <em>peu<\/em> En savoir plus sur le Switch 2 avant son d\u00e9voilement complet plus tard cette ann\u00e9e. Nintendo a annonc\u00e9 une tourn\u00e9e mondiale, o\u00f9 les fans peuvent essayer le Switch 2 t\u00f4t. Il semble \u00e9galement que les nouveaux Joy-Cons auront un \u00ab\u00a0mode de souris\u00a0\u00bb qui vous permettra de faire glisser un contr\u00f4leur sur une table &#8230; comme une souris d&rsquo;ordinateur. \u00c0 part cela, les choses ont \u00e9t\u00e9 un peu silencieuses &#8211; jusqu&rsquo;\u00e0 maintenant.<\/p>\n<p>Voici les nouveaux d\u00e9tails de Switch 2, gracieuset\u00e9 des documents FCC &#8211; et ce qu&rsquo;ils pourraient laisser entendre pour l&rsquo;avenir du syst\u00e8me.<\/p>\n<h2 id=\"the-switch-2-will-use-nfc-which-bodes-well-for-amiibo-support\">Le commutateur 2 utilisera NFC, qui augure bien pour le support Amiibo<\/h2>\n<p>Comme rep\u00e9r\u00e9 par le Verge, Nintendo a soumis un certain nombre de documents \u00e0 la FCC. La prise scann\u00e9e \u00e0 travers ces documents et a d\u00e9couvert que le Switch 2 prendra en charge NFC (communication proche du terrain) &#8211; la technologie permet aux produits comme Amiibo de communiquer sans fil avec la console. (C&rsquo;est aussi la technologie derri\u00e8re les fonctionnalit\u00e9s de Tap-to-Pay comme Apple Pay et Google Play.) Si vous avez d\u00e9j\u00e0 utilis\u00e9 Amiibo, vous vous souvenez peut-\u00eatre que la communication NFC se produit via le bon Joy-Con sur le commutateur. Cela semble \u00e9galement \u00eatre le cas pour le commutateur 2. <\/p>\n<h2 id=\"a-second-usb-c-port\">Un deuxi\u00e8me port USB-C<\/h2>\n<p>Une autre confirmation int\u00e9ressante dans ces d\u00e9p\u00f4ts concerne le deuxi\u00e8me port USB-C de la console. Vous pouviez voir ce nouveau port dans la vid\u00e9o officielle de l&rsquo;annonce de Switch 2, mais Nintendo n&rsquo;a pas expliqu\u00e9 ce pour quoi il \u00e9tait destin\u00e9. Maintenant, nous savons: vous pourrez charger votre commutateur 2 via l&rsquo;un ou l&rsquo;autre port USB-C, qui est <em>super<\/em> Nouvelles pour les joueurs portables. Avec la premi\u00e8re g\u00e9n\u00e9ration de Switch, le port USB-C est en bas, ce qui signifie que vous ne pouvez pas charger la console tout en jouant avec le kickstand (sauf si vous \u00eates tr\u00e8s cr\u00e9atif). Un deuxi\u00e8me port sur le c\u00f4t\u00e9 r\u00e9soudre ce probl\u00e8me. Ce n&rsquo;est pas n\u00e9cessairement un <em>raison<\/em> Pour passer \u00e0 un commutateur 2, mais c&rsquo;est un avantage &#8211; peut-\u00eatre celui qui aurait d\u00fb \u00eatre pens\u00e9 il y a une d\u00e9cennie avec le premier interrupteur.<\/p>\n<div class=\"mx-auto mt-8 w-full max-w-4xl\">\n<div id=\"video-container-itpcsQQvgAQ?si=NppsM0msy8BA265p\"><\/div>\n<\/div>\n<h2 id=\"wi-fi-6-support\">Support Wi-Fi 6<\/h2>\n<p>Enfin, les d\u00e9p\u00f4ts montrent que le Switch 2 prend en charge Wi-Fi 6 avec jusqu&rsquo;\u00e0 80 MHz de bande passante. Le commutateur OG prend en charge le Wi-Fi 5, car le Wi-Fi 6 n&rsquo;\u00e9tait m\u00eame pas une chose lorsqu&rsquo;il est sorti en 2017. La mise \u00e0 niveau devrait permettre des vitesses Internet plus rapides pour les t\u00e9l\u00e9chargements de jeux et le jeu en ligne tout en augmentant la dur\u00e9e de vie de la batterie, car les connexions Wi-Fi 6 peuvent ne pas les utiliser. Cela dit, nous ne saurons pas \u00e0 quel point la vitesse et la dur\u00e9e de vie de la batterie du commutateur 2 s&rsquo;am\u00e9liorent par rapport au commutateur d&rsquo;origine jusqu&rsquo;\u00e0 ce que les examinateurs soient en mesure de mettre la console \u00e0 l&rsquo;\u00e9preuve. <\/p>\n<h2 id=\"mark-you-calendar-for-an-april-2-nintendo-direct\">Marquez votre calendrier pour un Nintendo Direct du 2 avril<\/h2>\n<p>Le commutateur 2 n&rsquo;a pas de date de sortie actuelle. Cependant, la soci\u00e9t\u00e9 a d\u00e9clar\u00e9 dans la vid\u00e9o d&rsquo;annonce qu&rsquo;il y aurait un Nintendo directement le mercredi 2 avril \u00e0 6 h PDT, sp\u00e9cifiquement destin\u00e9 \u00e0 offrir \u00ab\u00a0un examen plus approfondi de Nintendo Switch 2.\u00a0\u00bb Nous verrons combien plus d&rsquo;informations sont divulgu\u00e9es avant cette date.<\/p>\n","protected":false},"excerpt":{"rendered":"<p>Ce que les r\u00e9cents d\u00e9p\u00f4ts de la FCC r\u00e9v\u00e8lent sur la prochaine console de Nintendo. Apr\u00e8s des ann\u00e9es de rumeurs et de sp\u00e9culations intenses, Nintendo<\/p>\n","protected":false},"author":1,"featured_media":5877,"comment_status":"","ping_status":"","sticky":false,"template":"","format":"standard","meta":{"footnotes":""},"categories":[36],"tags":[93,1389,393,1215,4320,33,1390,771],"class_list":["post-5876","post","type-post","status-publish","format-standard","has-post-thumbnail","hentry","category-divertissement","tag-choses","tag-nintendo","tag-nous","tag-nouvelles","tag-savons","tag-sur","tag-switch","tag-trois","generate-columns","tablet-grid-50","mobile-grid-100","grid-parent","grid-33"],"yoast_head":"<!-- This site is optimized with the Yoast SEO plugin v24.0 - https:\/\/yoast.com\/wordpress\/plugins\/seo\/ -->\n<title>Trois nouvelles choses que nous savons sur le Switch Nintendo 2 | Vie Associative<\/title>\n<meta name=\"robots\" content=\"index, follow, max-snippet:-1, max-image-preview:large, max-video-preview:-1\" \/>\n<link rel=\"canonical\" href=\"https:\/\/vieassociative.be\/actualites\/trois-nouvelles-choses-que-nous-savons-sur-le-switch-nintendo-2\/\" \/>\n<meta property=\"og:locale\" content=\"fr_FR\" \/>\n<meta property=\"og:type\" content=\"article\" \/>\n<meta property=\"og:title\" content=\"Trois nouvelles choses que nous savons sur le Switch Nintendo 2 | Vie Associative\" \/>\n<meta property=\"og:description\" content=\"Ce que les r\u00e9cents d\u00e9p\u00f4ts de la FCC r\u00e9v\u00e8lent sur la prochaine console de Nintendo. Apr\u00e8s des ann\u00e9es de rumeurs et de sp\u00e9culations intenses, Nintendo\" \/>\n<meta property=\"og:url\" content=\"https:\/\/vieassociative.be\/actualites\/trois-nouvelles-choses-que-nous-savons-sur-le-switch-nintendo-2\/\" \/>\n<meta property=\"og:site_name\" content=\"Vie Associative\" \/>\n<meta property=\"article:published_time\" content=\"2025-03-14T11:17:51+00:00\" \/>\n<meta property=\"og:image\" content=\"https:\/\/vieassociative.be\/actualites\/wp-content\/uploads\/2024\/09\/header_backgroundk-01-e1726694325946.png\" \/>\n\t<meta property=\"og:image:width\" content=\"279\" \/>\n\t<meta property=\"og:image:height\" content=\"92\" \/>\n\t<meta property=\"og:image:type\" content=\"image\/png\" \/>\n<meta name=\"author\" content=\"Julien\" \/>\n<meta name=\"twitter:card\" content=\"summary_large_image\" \/>\n<meta name=\"twitter:label1\" content=\"\u00c9crit par\" \/>\n\t<meta name=\"twitter:data1\" content=\"Julien\" \/>\n\t<meta name=\"twitter:label2\" content=\"Dur\u00e9e de lecture est.\" \/>\n\t<meta name=\"twitter:data2\" content=\"3 minutes\" \/>\n<script type=\"application\/ld+json\" class=\"yoast-schema-graph\">{\"@context\":\"https:\/\/schema.org\",\"@graph\":[{\"@type\":\"Article\",\"@id\":\"https:\/\/vieassociative.be\/actualites\/trois-nouvelles-choses-que-nous-savons-sur-le-switch-nintendo-2\/#article\",\"isPartOf\":{\"@id\":\"https:\/\/vieassociative.be\/actualites\/trois-nouvelles-choses-que-nous-savons-sur-le-switch-nintendo-2\/\"},\"author\":{\"name\":\"Julien\",\"@id\":\"https:\/\/vieassociative.be\/actualites\/#\/schema\/person\/b87ac4f82f9d4e7b7cec7395b679edc4\"},\"headline\":\"Trois nouvelles choses que nous savons sur le Switch Nintendo 2\",\"datePublished\":\"2025-03-14T11:17:51+00:00\",\"dateModified\":\"2025-03-14T11:17:51+00:00\",\"mainEntityOfPage\":{\"@id\":\"https:\/\/vieassociative.be\/actualites\/trois-nouvelles-choses-que-nous-savons-sur-le-switch-nintendo-2\/\"},\"wordCount\":719,\"publisher\":{\"@id\":\"https:\/\/vieassociative.be\/actualites\/#organization\"},\"image\":{\"@id\":\"https:\/\/vieassociative.be\/actualites\/trois-nouvelles-choses-que-nous-savons-sur-le-switch-nintendo-2\/#primaryimage\"},\"thumbnailUrl\":\"https:\/\/vieassociative.be\/actualites\/wp-content\/uploads\/2025\/03\/Trois-nouvelles-choses-que-nous-savons-sur-le-Switch-Nintendo.jpg\",\"keywords\":[\"choses\",\"Nintendo\",\"nous\",\"nouvelles\",\"savons\",\"sur\",\"Switch\",\"trois\"],\"articleSection\":[\"Divertissement\"],\"inLanguage\":\"fr-BE\"},{\"@type\":\"WebPage\",\"@id\":\"https:\/\/vieassociative.be\/actualites\/trois-nouvelles-choses-que-nous-savons-sur-le-switch-nintendo-2\/\",\"url\":\"https:\/\/vieassociative.be\/actualites\/trois-nouvelles-choses-que-nous-savons-sur-le-switch-nintendo-2\/\",\"name\":\"Trois nouvelles choses que nous savons sur le Switch Nintendo 2 | Vie Associative\",\"isPartOf\":{\"@id\":\"https:\/\/vieassociative.be\/actualites\/#website\"},\"primaryImageOfPage\":{\"@id\":\"https:\/\/vieassociative.be\/actualites\/trois-nouvelles-choses-que-nous-savons-sur-le-switch-nintendo-2\/#primaryimage\"},\"image\":{\"@id\":\"https:\/\/vieassociative.be\/actualites\/trois-nouvelles-choses-que-nous-savons-sur-le-switch-nintendo-2\/#primaryimage\"},\"thumbnailUrl\":\"https:\/\/vieassociative.be\/actualites\/wp-content\/uploads\/2025\/03\/Trois-nouvelles-choses-que-nous-savons-sur-le-Switch-Nintendo.jpg\",\"datePublished\":\"2025-03-14T11:17:51+00:00\",\"dateModified\":\"2025-03-14T11:17:51+00:00\",\"breadcrumb\":{\"@id\":\"https:\/\/vieassociative.be\/actualites\/trois-nouvelles-choses-que-nous-savons-sur-le-switch-nintendo-2\/#breadcrumb\"},\"inLanguage\":\"fr-BE\",\"potentialAction\":[{\"@type\":\"ReadAction\",\"target\":[\"https:\/\/vieassociative.be\/actualites\/trois-nouvelles-choses-que-nous-savons-sur-le-switch-nintendo-2\/\"]}]},{\"@type\":\"ImageObject\",\"inLanguage\":\"fr-BE\",\"@id\":\"https:\/\/vieassociative.be\/actualites\/trois-nouvelles-choses-que-nous-savons-sur-le-switch-nintendo-2\/#primaryimage\",\"url\":\"https:\/\/vieassociative.be\/actualites\/wp-content\/uploads\/2025\/03\/Trois-nouvelles-choses-que-nous-savons-sur-le-Switch-Nintendo.jpg\",\"contentUrl\":\"https:\/\/vieassociative.be\/actualites\/wp-content\/uploads\/2025\/03\/Trois-nouvelles-choses-que-nous-savons-sur-le-Switch-Nintendo.jpg\",\"width\":1200,\"height\":675,\"caption\":\"Trois nouvelles choses que nous savons sur le Switch Nintendo 2\"},{\"@type\":\"BreadcrumbList\",\"@id\":\"https:\/\/vieassociative.be\/actualites\/trois-nouvelles-choses-que-nous-savons-sur-le-switch-nintendo-2\/#breadcrumb\",\"itemListElement\":[{\"@type\":\"ListItem\",\"position\":1,\"name\":\"Accueil\",\"item\":\"https:\/\/vieassociative.be\/actualites\/\"},{\"@type\":\"ListItem\",\"position\":2,\"name\":\"Trois nouvelles choses que nous savons sur le Switch Nintendo 2\"}]},{\"@type\":\"WebSite\",\"@id\":\"https:\/\/vieassociative.be\/actualites\/#website\",\"url\":\"https:\/\/vieassociative.be\/actualites\/\",\"name\":\"Vie Associative\",\"description\":\"\",\"publisher\":{\"@id\":\"https:\/\/vieassociative.be\/actualites\/#organization\"},\"potentialAction\":[{\"@type\":\"SearchAction\",\"target\":{\"@type\":\"EntryPoint\",\"urlTemplate\":\"https:\/\/vieassociative.be\/actualites\/?s={search_term_string}\"},\"query-input\":{\"@type\":\"PropertyValueSpecification\",\"valueRequired\":true,\"valueName\":\"search_term_string\"}}],\"inLanguage\":\"fr-BE\"},{\"@type\":\"Organization\",\"@id\":\"https:\/\/vieassociative.be\/actualites\/#organization\",\"name\":\"Vie Associative\",\"url\":\"https:\/\/vieassociative.be\/actualites\/\",\"logo\":{\"@type\":\"ImageObject\",\"inLanguage\":\"fr-BE\",\"@id\":\"https:\/\/vieassociative.be\/actualites\/#\/schema\/logo\/image\/\",\"url\":\"https:\/\/vieassociative.be\/actualites\/wp-content\/uploads\/2024\/09\/cropped-vieassociative_favicon.ico.png\",\"contentUrl\":\"https:\/\/vieassociative.be\/actualites\/wp-content\/uploads\/2024\/09\/cropped-vieassociative_favicon.ico.png\",\"width\":512,\"height\":512,\"caption\":\"Vie Associative\"},\"image\":{\"@id\":\"https:\/\/vieassociative.be\/actualites\/#\/schema\/logo\/image\/\"}},{\"@type\":\"Person\",\"@id\":\"https:\/\/vieassociative.be\/actualites\/#\/schema\/person\/b87ac4f82f9d4e7b7cec7395b679edc4\",\"name\":\"Julien\",\"image\":{\"@type\":\"ImageObject\",\"inLanguage\":\"fr-BE\",\"@id\":\"https:\/\/vieassociative.be\/actualites\/#\/schema\/person\/image\/\",\"url\":\"https:\/\/vieassociative.be\/actualites\/wp-content\/uploads\/2024\/09\/vie-associative-1-150x150.jpg\",\"contentUrl\":\"https:\/\/vieassociative.be\/actualites\/wp-content\/uploads\/2024\/09\/vie-associative-1-150x150.jpg\",\"caption\":\"Julien\"},\"description\":\"Je suis Julien, r\u00e9dacteur pour Vie Associative. Passionn\u00e9 par le monde associatif depuis plus de 10 ans, j'ai \u00e0 c\u0153ur de partager des histoires inspirantes et de mettre en lumi\u00e8re les initiatives locales. Mon objectif est de sensibiliser et d'encourager l'engagement communautaire \u00e0 travers mes articles.\",\"sameAs\":[\"https:\/\/vieassociative.be\/\"]}]}<\/script>\n<!-- \/ Yoast SEO plugin. -->","yoast_head_json":{"title":"Trois nouvelles choses que nous savons sur le Switch Nintendo 2 | Vie Associative","robots":{"index":"index","follow":"follow","max-snippet":"max-snippet:-1","max-image-preview":"max-image-preview:large","max-video-preview":"max-video-preview:-1"},"canonical":"https:\/\/vieassociative.be\/actualites\/trois-nouvelles-choses-que-nous-savons-sur-le-switch-nintendo-2\/","og_locale":"fr_FR","og_type":"article","og_title":"Trois nouvelles choses que nous savons sur le Switch Nintendo 2 | Vie Associative","og_description":"Ce que les r\u00e9cents d\u00e9p\u00f4ts de la FCC r\u00e9v\u00e8lent sur la prochaine console de Nintendo. Apr\u00e8s des ann\u00e9es de rumeurs et de sp\u00e9culations intenses, Nintendo","og_url":"https:\/\/vieassociative.be\/actualites\/trois-nouvelles-choses-que-nous-savons-sur-le-switch-nintendo-2\/","og_site_name":"Vie Associative","article_published_time":"2025-03-14T11:17:51+00:00","og_image":[{"width":279,"height":92,"url":"https:\/\/vieassociative.be\/actualites\/wp-content\/uploads\/2024\/09\/header_backgroundk-01-e1726694325946.png","type":"image\/png"}],"author":"Julien","twitter_card":"summary_large_image","twitter_misc":{"\u00c9crit par":"Julien","Dur\u00e9e de lecture est.":"3 minutes"},"schema":{"@context":"https:\/\/schema.org","@graph":[{"@type":"Article","@id":"https:\/\/vieassociative.be\/actualites\/trois-nouvelles-choses-que-nous-savons-sur-le-switch-nintendo-2\/#article","isPartOf":{"@id":"https:\/\/vieassociative.be\/actualites\/trois-nouvelles-choses-que-nous-savons-sur-le-switch-nintendo-2\/"},"author":{"name":"Julien","@id":"https:\/\/vieassociative.be\/actualites\/#\/schema\/person\/b87ac4f82f9d4e7b7cec7395b679edc4"},"headline":"Trois nouvelles choses que nous savons sur le Switch Nintendo 2","datePublished":"2025-03-14T11:17:51+00:00","dateModified":"2025-03-14T11:17:51+00:00","mainEntityOfPage":{"@id":"https:\/\/vieassociative.be\/actualites\/trois-nouvelles-choses-que-nous-savons-sur-le-switch-nintendo-2\/"},"wordCount":719,"publisher":{"@id":"https:\/\/vieassociative.be\/actualites\/#organization"},"image":{"@id":"https:\/\/vieassociative.be\/actualites\/trois-nouvelles-choses-que-nous-savons-sur-le-switch-nintendo-2\/#primaryimage"},"thumbnailUrl":"https:\/\/vieassociative.be\/actualites\/wp-content\/uploads\/2025\/03\/Trois-nouvelles-choses-que-nous-savons-sur-le-Switch-Nintendo.jpg","keywords":["choses","Nintendo","nous","nouvelles","savons","sur","Switch","trois"],"articleSection":["Divertissement"],"inLanguage":"fr-BE"},{"@type":"WebPage","@id":"https:\/\/vieassociative.be\/actualites\/trois-nouvelles-choses-que-nous-savons-sur-le-switch-nintendo-2\/","url":"https:\/\/vieassociative.be\/actualites\/trois-nouvelles-choses-que-nous-savons-sur-le-switch-nintendo-2\/","name":"Trois nouvelles choses que nous savons sur le Switch Nintendo 2 | Vie Associative","isPartOf":{"@id":"https:\/\/vieassociative.be\/actualites\/#website"},"primaryImageOfPage":{"@id":"https:\/\/vieassociative.be\/actualites\/trois-nouvelles-choses-que-nous-savons-sur-le-switch-nintendo-2\/#primaryimage"},"image":{"@id":"https:\/\/vieassociative.be\/actualites\/trois-nouvelles-choses-que-nous-savons-sur-le-switch-nintendo-2\/#primaryimage"},"thumbnailUrl":"https:\/\/vieassociative.be\/actualites\/wp-content\/uploads\/2025\/03\/Trois-nouvelles-choses-que-nous-savons-sur-le-Switch-Nintendo.jpg","datePublished":"2025-03-14T11:17:51+00:00","dateModified":"2025-03-14T11:17:51+00:00","breadcrumb":{"@id":"https:\/\/vieassociative.be\/actualites\/trois-nouvelles-choses-que-nous-savons-sur-le-switch-nintendo-2\/#breadcrumb"},"inLanguage":"fr-BE","potentialAction":[{"@type":"ReadAction","target":["https:\/\/vieassociative.be\/actualites\/trois-nouvelles-choses-que-nous-savons-sur-le-switch-nintendo-2\/"]}]},{"@type":"ImageObject","inLanguage":"fr-BE","@id":"https:\/\/vieassociative.be\/actualites\/trois-nouvelles-choses-que-nous-savons-sur-le-switch-nintendo-2\/#primaryimage","url":"https:\/\/vieassociative.be\/actualites\/wp-content\/uploads\/2025\/03\/Trois-nouvelles-choses-que-nous-savons-sur-le-Switch-Nintendo.jpg","contentUrl":"https:\/\/vieassociative.be\/actualites\/wp-content\/uploads\/2025\/03\/Trois-nouvelles-choses-que-nous-savons-sur-le-Switch-Nintendo.jpg","width":1200,"height":675,"caption":"Trois nouvelles choses que nous savons sur le Switch Nintendo 2"},{"@type":"BreadcrumbList","@id":"https:\/\/vieassociative.be\/actualites\/trois-nouvelles-choses-que-nous-savons-sur-le-switch-nintendo-2\/#breadcrumb","itemListElement":[{"@type":"ListItem","position":1,"name":"Accueil","item":"https:\/\/vieassociative.be\/actualites\/"},{"@type":"ListItem","position":2,"name":"Trois nouvelles choses que nous savons sur le Switch Nintendo 2"}]},{"@type":"WebSite","@id":"https:\/\/vieassociative.be\/actualites\/#website","url":"https:\/\/vieassociative.be\/actualites\/","name":"Vie Associative","description":"","publisher":{"@id":"https:\/\/vieassociative.be\/actualites\/#organization"},"potentialAction":[{"@type":"SearchAction","target":{"@type":"EntryPoint","urlTemplate":"https:\/\/vieassociative.be\/actualites\/?s={search_term_string}"},"query-input":{"@type":"PropertyValueSpecification","valueRequired":true,"valueName":"search_term_string"}}],"inLanguage":"fr-BE"},{"@type":"Organization","@id":"https:\/\/vieassociative.be\/actualites\/#organization","name":"Vie Associative","url":"https:\/\/vieassociative.be\/actualites\/","logo":{"@type":"ImageObject","inLanguage":"fr-BE","@id":"https:\/\/vieassociative.be\/actualites\/#\/schema\/logo\/image\/","url":"https:\/\/vieassociative.be\/actualites\/wp-content\/uploads\/2024\/09\/cropped-vieassociative_favicon.ico.png","contentUrl":"https:\/\/vieassociative.be\/actualites\/wp-content\/uploads\/2024\/09\/cropped-vieassociative_favicon.ico.png","width":512,"height":512,"caption":"Vie Associative"},"image":{"@id":"https:\/\/vieassociative.be\/actualites\/#\/schema\/logo\/image\/"}},{"@type":"Person","@id":"https:\/\/vieassociative.be\/actualites\/#\/schema\/person\/b87ac4f82f9d4e7b7cec7395b679edc4","name":"Julien","image":{"@type":"ImageObject","inLanguage":"fr-BE","@id":"https:\/\/vieassociative.be\/actualites\/#\/schema\/person\/image\/","url":"https:\/\/vieassociative.be\/actualites\/wp-content\/uploads\/2024\/09\/vie-associative-1-150x150.jpg","contentUrl":"https:\/\/vieassociative.be\/actualites\/wp-content\/uploads\/2024\/09\/vie-associative-1-150x150.jpg","caption":"Julien"},"description":"Je suis Julien, r\u00e9dacteur pour Vie Associative. Passionn\u00e9 par le monde associatif depuis plus de 10 ans, j'ai \u00e0 c\u0153ur de partager des histoires inspirantes et de mettre en lumi\u00e8re les initiatives locales. Mon objectif est de sensibiliser et d'encourager l'engagement communautaire \u00e0 travers mes articles.","sameAs":["https:\/\/vieassociative.be\/"]}]}},"_links":{"self":[{"href":"https:\/\/vieassociative.be\/actualites\/wp-json\/wp\/v2\/posts\/5876"}],"collection":[{"href":"https:\/\/vieassociative.be\/actualites\/wp-json\/wp\/v2\/posts"}],"about":[{"href":"https:\/\/vieassociative.be\/actualites\/wp-json\/wp\/v2\/types\/post"}],"author":[{"embeddable":true,"href":"https:\/\/vieassociative.be\/actualites\/wp-json\/wp\/v2\/users\/1"}],"replies":[{"embeddable":true,"href":"https:\/\/vieassociative.be\/actualites\/wp-json\/wp\/v2\/comments?post=5876"}],"version-history":[{"count":0,"href":"https:\/\/vieassociative.be\/actualites\/wp-json\/wp\/v2\/posts\/5876\/revisions"}],"wp:featuredmedia":[{"embeddable":true,"href":"https:\/\/vieassociative.be\/actualites\/wp-json\/wp\/v2\/media\/5877"}],"wp:attachment":[{"href":"https:\/\/vieassociative.be\/actualites\/wp-json\/wp\/v2\/media?parent=5876"}],"wp:term":[{"taxonomy":"category","embeddable":true,"href":"https:\/\/vieassociative.be\/actualites\/wp-json\/wp\/v2\/categories?post=5876"},{"taxonomy":"post_tag","embeddable":true,"href":"https:\/\/vieassociative.be\/actualites\/wp-json\/wp\/v2\/tags?post=5876"}],"curies":[{"name":"wp","href":"https:\/\/api.w.org\/{rel}","templated":true}]}}