{"id":5867,"date":"2025-03-14T02:18:20","date_gmt":"2025-03-14T01:18:20","guid":{"rendered":"https:\/\/vieassociative.be\/actualites\/le-plus-petit-projecteur-portable-de-nebula-est-de-130-de-reduction-en-ce-moment\/"},"modified":"2025-03-14T02:18:20","modified_gmt":"2025-03-14T01:18:20","slug":"le-plus-petit-projecteur-portable-de-nebula-est-de-130-de-reduction-en-ce-moment","status":"publish","type":"post","link":"https:\/\/vieassociative.be\/actualites\/le-plus-petit-projecteur-portable-de-nebula-est-de-130-de-reduction-en-ce-moment\/","title":{"rendered":"Le plus petit projecteur portable de Nebula est de 130 $ de r\u00e9duction en ce moment"},"content":{"rendered":"<div class=\"mt-4 leading-6 md:mb-8\">Ce projecteur de taille canette peut lancer une grande image, et il est livr\u00e9 avec Google TV et Netflix.<\/div>\n<p><\/p>\n<p>Anker a \u00e9t\u00e9 sur un roll-randonn\u00e9e des prix de leurs projecteurs portables, le puissant Mars 3 Air atteignant son prix le plus bas plus t\u00f4t ce mois-ci, la capsule de n\u00e9buleuse de taille moyenne toujours \u00e0 son prix le plus bas, et maintenant leur plus petit projecteur portable, la capsule n\u00e9buleuse a\u00e9rienne jusqu&rsquo;\u00e0 ce que <strong>269,99 $<\/strong> (\u00e0 l&rsquo;origine 399,99 $) apr\u00e8s une remise de 100 $ et un coupon de 10% sur Amazon. Il s&rsquo;agit du prix le plus bas que ce projecteur portable a \u00e9t\u00e9, selon les outils de suivi des prix.<\/p>\n<div class=\"pogoClear mb-12 mt-10 rounded-md border-2 border-gray-100 py-7 shadow-xl md:py-6\">\n<div class=\"flex flex-wrap justify-between px-7 text-black no-underline md:flex-nowrap md:px-8\">\n<div class=\"order-1 mx-auto flex flex-col justify-center md:order-2 md:ml-4 md:w-full md:grow\">\n<div class=\"block cursor-pointer text-center font-akshar text-2xl font-medium leading-7 text-brand-green duration-200 ease-in-out hover:text-brand-green-700 md:text-left md:text-xl md:leading-6\">Projecteur d&rsquo;air de capsule n\u00e9buleuse\n                <\/div>\n<div class=\"mt-4 hidden md:flex md:justify-between\">\n<div class=\"self-end\">\n<div class=\"mb-0 h-11 md:flex md:flex-col md:justify-center\">\n<div class=\" font-sans leading-4 text-black\">\n<div class=\"flex flex-wrap items-center justify-center gap-x-1 md:justify-start\">\n        <span class=\"font-bold\"><\/p>\n<p>            269,99 $<br \/>\n                            <span class=\"font-medium\">\u00e0 Amazon<\/span><br \/>\n                    <\/span>\n            <\/div>\n<div class=\"flex items-center justify-center gap-x-1 font-bold md:justify-start\">\n            <span class=\"text-sm line-through\">399,99 $<\/span><br \/>\n            <span class=\"text-sm text-brand-green\">\u00c9conomisez 130,00 $<\/span>\n        <\/div>\n<\/p><\/div>\n<\/p><\/div>\n<\/p><\/div>\n<div class=\"w-44 self-end\">\n                            <button class=\"flex justify-center items-center w-full bg-brand-green text-white text-base font-sans font-medium rounded-md hover:bg-brand-green-700 hover:cursor-pointer md:text-sm h-11\"><\/p>\n<p>    Conclure un accord<br \/>\n<\/button>\n                        <\/div>\n<\/p><\/div>\n<\/p><\/div>\n<div class=\"order-2 mt-5 h-auto w-full md:order-1 md:mt-0 md:hidden\">\n<div class=\"flex aspect-video items-center justify-center\">\n                                            <img decoding=\"async\" class=\"m-0 max-h-full max-w-full rounded-md\" src=\"https:\/\/vieassociative.be\/actualites\/wp-content\/uploads\/2025\/03\/Le-plus-petit-projecteur-portable-de-Nebula-est-de-130.jpg\" alt=\"Projecteur d'air de capsule n\u00e9buleuse\" width=\"auto\" height=\"auto\" loading=\"lazy\">\n                                    <\/div>\n<\/p><\/div>\n<div class=\"order-2 ml-2 hidden w-32 shrink-0 items-center md:order-1 md:ml-0 md:flex\">\n<div class=\"flex aspect-video items-center justify-center\">\n                                            <img decoding=\"async\" class=\"m-0 max-h-full max-w-full rounded-md\" src=\"https:\/\/vieassociative.be\/actualites\/wp-content\/uploads\/2025\/03\/Le-plus-petit-projecteur-portable-de-Nebula-est-de-130.jpg\" alt=\"Projecteur d'air de capsule n\u00e9buleuse\" width=\"auto\" height=\"auto\" loading=\"lazy\">\n                                    <\/div>\n<\/p><\/div>\n<div class=\"order-3 flex grow flex-wrap md:hidden md:grow-0\">\n<div class=\"mt-4 w-full\">\n                        <button class=\"flex justify-center items-center w-full bg-brand-green text-white text-base font-sans font-medium rounded-md hover:bg-brand-green-700 hover:cursor-pointer md:text-sm h-11\"><\/p>\n<p>    Conclure un accord<br \/>\n<\/button>\n                    <\/div>\n<div class=\"mx-2 mt-4 w-full\">\n<div class=\" font-sans leading-4 text-black\">\n<div class=\"flex flex-wrap items-center justify-center gap-x-1 md:justify-start\">\n        <span class=\"font-bold\"><\/p>\n<p>            269,99 $<br \/>\n                            <span class=\"font-medium\">\u00e0 Amazon<\/span><br \/>\n                    <\/span>\n            <\/div>\n<div class=\"flex items-center justify-center gap-x-1 font-bold md:justify-start\">\n            <span class=\"text-sm line-through\">399,99 $<\/span><br \/>\n            <span class=\"text-sm text-brand-green\">\u00c9conomisez 130,00 $<\/span>\n        <\/div>\n<\/p><\/div>\n<\/p><\/div>\n<\/p><\/div>\n<\/p><\/div>\n<\/div>\n<p>Les projecteurs portables, \u00e9videmment, doivent travailler ind\u00e9pendamment d&rsquo;un point de vente <em>et<\/em> Soyez facile \u00e0 transporter. L&rsquo;air de la capsule n\u00e9buleuse peut faire les deux, mesurant seulement 5,5 par 2,7 par 2,7 pouces (HWD) &#8211; qui est l\u00e9g\u00e8rement plus grand qu&rsquo;une bo\u00eete de soda ordinaire. La batterie n&rsquo;est pas g\u00e9niale, mais compte tenu de la taille, deux heures sont bien (vous pourrez regarder la plupart des films en un seul coup). L\u00e0 o\u00f9 ce projecteur ne fait pas partie de la luminosit\u00e9, atteignant seulement 150 lumens ANSI. Cela signifie que vous devez faire sombre votre espace si vous voulez voir une bonne image. Si vous avez une lumi\u00e8re ambiante \u00e0 l&rsquo;ext\u00e9rieur et que vous esp\u00e9rez utiliser ce projecteur, il pourrait \u00eatre lav\u00e9. La r\u00e9solution native n&rsquo;est \u00e9galement que 720p, bien qu&rsquo;elle prenne en charge l&rsquo;entr\u00e9e 1080p dans HDR.<\/p>\n<p>PCMAG a donn\u00e9 \u00e0 ce projecteur une note \u00ab\u00a0excellente\u00a0\u00bb sur leur revue, soulignant comment le HDR rend les ombres beaucoup mieux, lui a donn\u00e9 des accessoires pour le Google TV OS (qui est mon pr\u00e9f\u00e9r\u00e9 car il vous permet de jeter votre t\u00e9l\u00e9phone de mani\u00e8re transparente sur le projecteur) et de louer le stand Twist-on qui vous permet de positionner l&rsquo;image facilement sur votre \u00e9cran ou votre mur.<\/p>\n<p>Les projecteurs portables ont besoin d&rsquo;une bonne cl\u00e9, car de par leur nature m\u00eame, ils seront beaucoup d\u00e9plac\u00e9s et l&rsquo;image sera constamment d\u00e9connect\u00e9e. L&rsquo;air de la capsule n\u00e9buleuse a une excellente cl\u00e9 de cl\u00e9, avec autofocus et ajustements horizontaux et verticaux automatiques.<\/p>\n<p>Si vous recherchez le plus petit projecteur fiable \u00e0 un prix avantageux, le projecteur Air Capsule Nebula est un excellent choix.<\/p>\n","protected":false},"excerpt":{"rendered":"<p>Ce projecteur de taille canette peut lancer une grande image, et il est livr\u00e9 avec Google TV et Netflix. Anker a \u00e9t\u00e9 sur un roll-randonn\u00e9e<\/p>\n","protected":false},"author":1,"featured_media":5868,"comment_status":"","ping_status":"","sticky":false,"template":"","format":"standard","meta":{"footnotes":""},"categories":[13],"tags":[76,1429,5846,2490,170,1560,308],"class_list":["post-5867","post","type-post","status-publish","format-standard","has-post-thumbnail","hentry","category-technologie","tag-est","tag-moment","tag-nebula","tag-petit","tag-portable","tag-projecteur","tag-reduction","generate-columns","tablet-grid-50","mobile-grid-100","grid-parent","grid-33"],"yoast_head":"<!-- This site is optimized with the Yoast SEO plugin v24.0 - https:\/\/yoast.com\/wordpress\/plugins\/seo\/ -->\n<title>Le plus petit projecteur portable de Nebula est de 130 $ de r\u00e9duction en ce moment | Vie Associative<\/title>\n<meta name=\"robots\" content=\"index, follow, max-snippet:-1, max-image-preview:large, max-video-preview:-1\" \/>\n<link rel=\"canonical\" href=\"https:\/\/vieassociative.be\/actualites\/le-plus-petit-projecteur-portable-de-nebula-est-de-130-de-reduction-en-ce-moment\/\" \/>\n<meta property=\"og:locale\" content=\"fr_FR\" \/>\n<meta property=\"og:type\" content=\"article\" \/>\n<meta property=\"og:title\" content=\"Le plus petit projecteur portable de Nebula est de 130 $ de r\u00e9duction en ce moment | Vie Associative\" \/>\n<meta property=\"og:description\" content=\"Ce projecteur de taille canette peut lancer une grande image, et il est livr\u00e9 avec Google TV et Netflix. Anker a \u00e9t\u00e9 sur un roll-randonn\u00e9e\" \/>\n<meta property=\"og:url\" content=\"https:\/\/vieassociative.be\/actualites\/le-plus-petit-projecteur-portable-de-nebula-est-de-130-de-reduction-en-ce-moment\/\" \/>\n<meta property=\"og:site_name\" content=\"Vie Associative\" \/>\n<meta property=\"article:published_time\" content=\"2025-03-14T01:18:20+00:00\" \/>\n<meta property=\"og:image\" content=\"https:\/\/vieassociative.be\/actualites\/wp-content\/uploads\/2025\/03\/Le-plus-petit-projecteur-portable-de-Nebula-est-de-130.jpg\" \/>\n<meta name=\"author\" content=\"Julien\" \/>\n<meta name=\"twitter:card\" content=\"summary_large_image\" \/>\n<meta name=\"twitter:label1\" content=\"\u00c9crit par\" \/>\n\t<meta name=\"twitter:data1\" content=\"Julien\" \/>\n\t<meta name=\"twitter:label2\" content=\"Dur\u00e9e de lecture est.\" \/>\n\t<meta name=\"twitter:data2\" content=\"2 minutes\" \/>\n<script type=\"application\/ld+json\" class=\"yoast-schema-graph\">{\"@context\":\"https:\/\/schema.org\",\"@graph\":[{\"@type\":\"Article\",\"@id\":\"https:\/\/vieassociative.be\/actualites\/le-plus-petit-projecteur-portable-de-nebula-est-de-130-de-reduction-en-ce-moment\/#article\",\"isPartOf\":{\"@id\":\"https:\/\/vieassociative.be\/actualites\/le-plus-petit-projecteur-portable-de-nebula-est-de-130-de-reduction-en-ce-moment\/\"},\"author\":{\"name\":\"Julien\",\"@id\":\"https:\/\/vieassociative.be\/actualites\/#\/schema\/person\/b87ac4f82f9d4e7b7cec7395b679edc4\"},\"headline\":\"Le plus petit projecteur portable de Nebula est de 130 $ de r\u00e9duction en ce moment\",\"datePublished\":\"2025-03-14T01:18:20+00:00\",\"dateModified\":\"2025-03-14T01:18:20+00:00\",\"mainEntityOfPage\":{\"@id\":\"https:\/\/vieassociative.be\/actualites\/le-plus-petit-projecteur-portable-de-nebula-est-de-130-de-reduction-en-ce-moment\/\"},\"wordCount\":438,\"publisher\":{\"@id\":\"https:\/\/vieassociative.be\/actualites\/#organization\"},\"image\":{\"@id\":\"https:\/\/vieassociative.be\/actualites\/le-plus-petit-projecteur-portable-de-nebula-est-de-130-de-reduction-en-ce-moment\/#primaryimage\"},\"thumbnailUrl\":\"https:\/\/vieassociative.be\/actualites\/wp-content\/uploads\/2025\/03\/Le-plus-petit-projecteur-portable-de-Nebula-est-de-130.png\",\"keywords\":[\"est\",\"moment\",\"Nebula\",\"petit\",\"portable\",\"projecteur\",\"r\u00e9duction\"],\"articleSection\":[\"Technologie\"],\"inLanguage\":\"fr-BE\"},{\"@type\":\"WebPage\",\"@id\":\"https:\/\/vieassociative.be\/actualites\/le-plus-petit-projecteur-portable-de-nebula-est-de-130-de-reduction-en-ce-moment\/\",\"url\":\"https:\/\/vieassociative.be\/actualites\/le-plus-petit-projecteur-portable-de-nebula-est-de-130-de-reduction-en-ce-moment\/\",\"name\":\"Le plus petit projecteur portable de Nebula est de 130 $ de r\u00e9duction en ce moment | Vie Associative\",\"isPartOf\":{\"@id\":\"https:\/\/vieassociative.be\/actualites\/#website\"},\"primaryImageOfPage\":{\"@id\":\"https:\/\/vieassociative.be\/actualites\/le-plus-petit-projecteur-portable-de-nebula-est-de-130-de-reduction-en-ce-moment\/#primaryimage\"},\"image\":{\"@id\":\"https:\/\/vieassociative.be\/actualites\/le-plus-petit-projecteur-portable-de-nebula-est-de-130-de-reduction-en-ce-moment\/#primaryimage\"},\"thumbnailUrl\":\"https:\/\/vieassociative.be\/actualites\/wp-content\/uploads\/2025\/03\/Le-plus-petit-projecteur-portable-de-Nebula-est-de-130.png\",\"datePublished\":\"2025-03-14T01:18:20+00:00\",\"dateModified\":\"2025-03-14T01:18:20+00:00\",\"breadcrumb\":{\"@id\":\"https:\/\/vieassociative.be\/actualites\/le-plus-petit-projecteur-portable-de-nebula-est-de-130-de-reduction-en-ce-moment\/#breadcrumb\"},\"inLanguage\":\"fr-BE\",\"potentialAction\":[{\"@type\":\"ReadAction\",\"target\":[\"https:\/\/vieassociative.be\/actualites\/le-plus-petit-projecteur-portable-de-nebula-est-de-130-de-reduction-en-ce-moment\/\"]}]},{\"@type\":\"ImageObject\",\"inLanguage\":\"fr-BE\",\"@id\":\"https:\/\/vieassociative.be\/actualites\/le-plus-petit-projecteur-portable-de-nebula-est-de-130-de-reduction-en-ce-moment\/#primaryimage\",\"url\":\"https:\/\/vieassociative.be\/actualites\/wp-content\/uploads\/2025\/03\/Le-plus-petit-projecteur-portable-de-Nebula-est-de-130.png\",\"contentUrl\":\"https:\/\/vieassociative.be\/actualites\/wp-content\/uploads\/2025\/03\/Le-plus-petit-projecteur-portable-de-Nebula-est-de-130.png\",\"width\":1200,\"height\":675,\"caption\":\"Le plus petit projecteur portable de Nebula est de 130 $ de r\u00e9duction en ce moment\"},{\"@type\":\"BreadcrumbList\",\"@id\":\"https:\/\/vieassociative.be\/actualites\/le-plus-petit-projecteur-portable-de-nebula-est-de-130-de-reduction-en-ce-moment\/#breadcrumb\",\"itemListElement\":[{\"@type\":\"ListItem\",\"position\":1,\"name\":\"Accueil\",\"item\":\"https:\/\/vieassociative.be\/actualites\/\"},{\"@type\":\"ListItem\",\"position\":2,\"name\":\"Le plus petit projecteur portable de Nebula est de 130 $ de r\u00e9duction en ce moment\"}]},{\"@type\":\"WebSite\",\"@id\":\"https:\/\/vieassociative.be\/actualites\/#website\",\"url\":\"https:\/\/vieassociative.be\/actualites\/\",\"name\":\"Vie Associative\",\"description\":\"\",\"publisher\":{\"@id\":\"https:\/\/vieassociative.be\/actualites\/#organization\"},\"potentialAction\":[{\"@type\":\"SearchAction\",\"target\":{\"@type\":\"EntryPoint\",\"urlTemplate\":\"https:\/\/vieassociative.be\/actualites\/?s={search_term_string}\"},\"query-input\":{\"@type\":\"PropertyValueSpecification\",\"valueRequired\":true,\"valueName\":\"search_term_string\"}}],\"inLanguage\":\"fr-BE\"},{\"@type\":\"Organization\",\"@id\":\"https:\/\/vieassociative.be\/actualites\/#organization\",\"name\":\"Vie Associative\",\"url\":\"https:\/\/vieassociative.be\/actualites\/\",\"logo\":{\"@type\":\"ImageObject\",\"inLanguage\":\"fr-BE\",\"@id\":\"https:\/\/vieassociative.be\/actualites\/#\/schema\/logo\/image\/\",\"url\":\"https:\/\/vieassociative.be\/actualites\/wp-content\/uploads\/2024\/09\/cropped-vieassociative_favicon.ico.png\",\"contentUrl\":\"https:\/\/vieassociative.be\/actualites\/wp-content\/uploads\/2024\/09\/cropped-vieassociative_favicon.ico.png\",\"width\":512,\"height\":512,\"caption\":\"Vie Associative\"},\"image\":{\"@id\":\"https:\/\/vieassociative.be\/actualites\/#\/schema\/logo\/image\/\"}},{\"@type\":\"Person\",\"@id\":\"https:\/\/vieassociative.be\/actualites\/#\/schema\/person\/b87ac4f82f9d4e7b7cec7395b679edc4\",\"name\":\"Julien\",\"image\":{\"@type\":\"ImageObject\",\"inLanguage\":\"fr-BE\",\"@id\":\"https:\/\/vieassociative.be\/actualites\/#\/schema\/person\/image\/\",\"url\":\"https:\/\/vieassociative.be\/actualites\/wp-content\/uploads\/2024\/09\/vie-associative-1-150x150.jpg\",\"contentUrl\":\"https:\/\/vieassociative.be\/actualites\/wp-content\/uploads\/2024\/09\/vie-associative-1-150x150.jpg\",\"caption\":\"Julien\"},\"description\":\"Je suis Julien, r\u00e9dacteur pour Vie Associative. Passionn\u00e9 par le monde associatif depuis plus de 10 ans, j'ai \u00e0 c\u0153ur de partager des histoires inspirantes et de mettre en lumi\u00e8re les initiatives locales. Mon objectif est de sensibiliser et d'encourager l'engagement communautaire \u00e0 travers mes articles.\",\"sameAs\":[\"https:\/\/vieassociative.be\/\"]}]}<\/script>\n<!-- \/ Yoast SEO plugin. -->","yoast_head_json":{"title":"Le plus petit projecteur portable de Nebula est de 130 $ de r\u00e9duction en ce moment | Vie Associative","robots":{"index":"index","follow":"follow","max-snippet":"max-snippet:-1","max-image-preview":"max-image-preview:large","max-video-preview":"max-video-preview:-1"},"canonical":"https:\/\/vieassociative.be\/actualites\/le-plus-petit-projecteur-portable-de-nebula-est-de-130-de-reduction-en-ce-moment\/","og_locale":"fr_FR","og_type":"article","og_title":"Le plus petit projecteur portable de Nebula est de 130 $ de r\u00e9duction en ce moment | Vie Associative","og_description":"Ce projecteur de taille canette peut lancer une grande image, et il est livr\u00e9 avec Google TV et Netflix. Anker a \u00e9t\u00e9 sur un roll-randonn\u00e9e","og_url":"https:\/\/vieassociative.be\/actualites\/le-plus-petit-projecteur-portable-de-nebula-est-de-130-de-reduction-en-ce-moment\/","og_site_name":"Vie Associative","article_published_time":"2025-03-14T01:18:20+00:00","og_image":[{"url":"https:\/\/vieassociative.be\/actualites\/wp-content\/uploads\/2025\/03\/Le-plus-petit-projecteur-portable-de-Nebula-est-de-130.jpg","type":"","width":"","height":""}],"author":"Julien","twitter_card":"summary_large_image","twitter_misc":{"\u00c9crit par":"Julien","Dur\u00e9e de lecture est.":"2 minutes"},"schema":{"@context":"https:\/\/schema.org","@graph":[{"@type":"Article","@id":"https:\/\/vieassociative.be\/actualites\/le-plus-petit-projecteur-portable-de-nebula-est-de-130-de-reduction-en-ce-moment\/#article","isPartOf":{"@id":"https:\/\/vieassociative.be\/actualites\/le-plus-petit-projecteur-portable-de-nebula-est-de-130-de-reduction-en-ce-moment\/"},"author":{"name":"Julien","@id":"https:\/\/vieassociative.be\/actualites\/#\/schema\/person\/b87ac4f82f9d4e7b7cec7395b679edc4"},"headline":"Le plus petit projecteur portable de Nebula est de 130 $ de r\u00e9duction en ce moment","datePublished":"2025-03-14T01:18:20+00:00","dateModified":"2025-03-14T01:18:20+00:00","mainEntityOfPage":{"@id":"https:\/\/vieassociative.be\/actualites\/le-plus-petit-projecteur-portable-de-nebula-est-de-130-de-reduction-en-ce-moment\/"},"wordCount":438,"publisher":{"@id":"https:\/\/vieassociative.be\/actualites\/#organization"},"image":{"@id":"https:\/\/vieassociative.be\/actualites\/le-plus-petit-projecteur-portable-de-nebula-est-de-130-de-reduction-en-ce-moment\/#primaryimage"},"thumbnailUrl":"https:\/\/vieassociative.be\/actualites\/wp-content\/uploads\/2025\/03\/Le-plus-petit-projecteur-portable-de-Nebula-est-de-130.png","keywords":["est","moment","Nebula","petit","portable","projecteur","r\u00e9duction"],"articleSection":["Technologie"],"inLanguage":"fr-BE"},{"@type":"WebPage","@id":"https:\/\/vieassociative.be\/actualites\/le-plus-petit-projecteur-portable-de-nebula-est-de-130-de-reduction-en-ce-moment\/","url":"https:\/\/vieassociative.be\/actualites\/le-plus-petit-projecteur-portable-de-nebula-est-de-130-de-reduction-en-ce-moment\/","name":"Le plus petit projecteur portable de Nebula est de 130 $ de r\u00e9duction en ce moment | Vie Associative","isPartOf":{"@id":"https:\/\/vieassociative.be\/actualites\/#website"},"primaryImageOfPage":{"@id":"https:\/\/vieassociative.be\/actualites\/le-plus-petit-projecteur-portable-de-nebula-est-de-130-de-reduction-en-ce-moment\/#primaryimage"},"image":{"@id":"https:\/\/vieassociative.be\/actualites\/le-plus-petit-projecteur-portable-de-nebula-est-de-130-de-reduction-en-ce-moment\/#primaryimage"},"thumbnailUrl":"https:\/\/vieassociative.be\/actualites\/wp-content\/uploads\/2025\/03\/Le-plus-petit-projecteur-portable-de-Nebula-est-de-130.png","datePublished":"2025-03-14T01:18:20+00:00","dateModified":"2025-03-14T01:18:20+00:00","breadcrumb":{"@id":"https:\/\/vieassociative.be\/actualites\/le-plus-petit-projecteur-portable-de-nebula-est-de-130-de-reduction-en-ce-moment\/#breadcrumb"},"inLanguage":"fr-BE","potentialAction":[{"@type":"ReadAction","target":["https:\/\/vieassociative.be\/actualites\/le-plus-petit-projecteur-portable-de-nebula-est-de-130-de-reduction-en-ce-moment\/"]}]},{"@type":"ImageObject","inLanguage":"fr-BE","@id":"https:\/\/vieassociative.be\/actualites\/le-plus-petit-projecteur-portable-de-nebula-est-de-130-de-reduction-en-ce-moment\/#primaryimage","url":"https:\/\/vieassociative.be\/actualites\/wp-content\/uploads\/2025\/03\/Le-plus-petit-projecteur-portable-de-Nebula-est-de-130.png","contentUrl":"https:\/\/vieassociative.be\/actualites\/wp-content\/uploads\/2025\/03\/Le-plus-petit-projecteur-portable-de-Nebula-est-de-130.png","width":1200,"height":675,"caption":"Le plus petit projecteur portable de Nebula est de 130 $ de r\u00e9duction en ce moment"},{"@type":"BreadcrumbList","@id":"https:\/\/vieassociative.be\/actualites\/le-plus-petit-projecteur-portable-de-nebula-est-de-130-de-reduction-en-ce-moment\/#breadcrumb","itemListElement":[{"@type":"ListItem","position":1,"name":"Accueil","item":"https:\/\/vieassociative.be\/actualites\/"},{"@type":"ListItem","position":2,"name":"Le plus petit projecteur portable de Nebula est de 130 $ de r\u00e9duction en ce moment"}]},{"@type":"WebSite","@id":"https:\/\/vieassociative.be\/actualites\/#website","url":"https:\/\/vieassociative.be\/actualites\/","name":"Vie Associative","description":"","publisher":{"@id":"https:\/\/vieassociative.be\/actualites\/#organization"},"potentialAction":[{"@type":"SearchAction","target":{"@type":"EntryPoint","urlTemplate":"https:\/\/vieassociative.be\/actualites\/?s={search_term_string}"},"query-input":{"@type":"PropertyValueSpecification","valueRequired":true,"valueName":"search_term_string"}}],"inLanguage":"fr-BE"},{"@type":"Organization","@id":"https:\/\/vieassociative.be\/actualites\/#organization","name":"Vie Associative","url":"https:\/\/vieassociative.be\/actualites\/","logo":{"@type":"ImageObject","inLanguage":"fr-BE","@id":"https:\/\/vieassociative.be\/actualites\/#\/schema\/logo\/image\/","url":"https:\/\/vieassociative.be\/actualites\/wp-content\/uploads\/2024\/09\/cropped-vieassociative_favicon.ico.png","contentUrl":"https:\/\/vieassociative.be\/actualites\/wp-content\/uploads\/2024\/09\/cropped-vieassociative_favicon.ico.png","width":512,"height":512,"caption":"Vie Associative"},"image":{"@id":"https:\/\/vieassociative.be\/actualites\/#\/schema\/logo\/image\/"}},{"@type":"Person","@id":"https:\/\/vieassociative.be\/actualites\/#\/schema\/person\/b87ac4f82f9d4e7b7cec7395b679edc4","name":"Julien","image":{"@type":"ImageObject","inLanguage":"fr-BE","@id":"https:\/\/vieassociative.be\/actualites\/#\/schema\/person\/image\/","url":"https:\/\/vieassociative.be\/actualites\/wp-content\/uploads\/2024\/09\/vie-associative-1-150x150.jpg","contentUrl":"https:\/\/vieassociative.be\/actualites\/wp-content\/uploads\/2024\/09\/vie-associative-1-150x150.jpg","caption":"Julien"},"description":"Je suis Julien, r\u00e9dacteur pour Vie Associative. Passionn\u00e9 par le monde associatif depuis plus de 10 ans, j'ai \u00e0 c\u0153ur de partager des histoires inspirantes et de mettre en lumi\u00e8re les initiatives locales. Mon objectif est de sensibiliser et d'encourager l'engagement communautaire \u00e0 travers mes articles.","sameAs":["https:\/\/vieassociative.be\/"]}]}},"_links":{"self":[{"href":"https:\/\/vieassociative.be\/actualites\/wp-json\/wp\/v2\/posts\/5867"}],"collection":[{"href":"https:\/\/vieassociative.be\/actualites\/wp-json\/wp\/v2\/posts"}],"about":[{"href":"https:\/\/vieassociative.be\/actualites\/wp-json\/wp\/v2\/types\/post"}],"author":[{"embeddable":true,"href":"https:\/\/vieassociative.be\/actualites\/wp-json\/wp\/v2\/users\/1"}],"replies":[{"embeddable":true,"href":"https:\/\/vieassociative.be\/actualites\/wp-json\/wp\/v2\/comments?post=5867"}],"version-history":[{"count":0,"href":"https:\/\/vieassociative.be\/actualites\/wp-json\/wp\/v2\/posts\/5867\/revisions"}],"wp:featuredmedia":[{"embeddable":true,"href":"https:\/\/vieassociative.be\/actualites\/wp-json\/wp\/v2\/media\/5868"}],"wp:attachment":[{"href":"https:\/\/vieassociative.be\/actualites\/wp-json\/wp\/v2\/media?parent=5867"}],"wp:term":[{"taxonomy":"category","embeddable":true,"href":"https:\/\/vieassociative.be\/actualites\/wp-json\/wp\/v2\/categories?post=5867"},{"taxonomy":"post_tag","embeddable":true,"href":"https:\/\/vieassociative.be\/actualites\/wp-json\/wp\/v2\/tags?post=5867"}],"curies":[{"name":"wp","href":"https:\/\/api.w.org\/{rel}","templated":true}]}}