{"id":5859,"date":"2025-03-13T21:17:23","date_gmt":"2025-03-13T20:17:23","guid":{"rendered":"https:\/\/vieassociative.be\/actualites\/le-parlement-europeen-menace-un-nouveau-scandale-de-corruption\/"},"modified":"2025-03-13T21:17:23","modified_gmt":"2025-03-13T20:17:23","slug":"le-parlement-europeen-menace-un-nouveau-scandale-de-corruption","status":"publish","type":"post","link":"https:\/\/vieassociative.be\/actualites\/le-parlement-europeen-menace-un-nouveau-scandale-de-corruption\/","title":{"rendered":"Le Parlement europ\u00e9en menace un nouveau scandale de corruption"},"content":{"rendered":"<p><strong>Au cours des derni\u00e8res ann\u00e9es et mois, des pots-de-vin pr\u00e9sum\u00e9s ont \u00e9t\u00e9 d\u00e9voil\u00e9s par le Gulfmirat Qatar. D\u00e9sormais, les autorit\u00e9s belges enqu\u00eatent une fois de plus en raison de la suspicion de corruption.<\/strong><\/p>\n<p><span id=\"more-411164\"><\/span>Un nouveau scandale de corruption menace le Parlement europ\u00e9en. Au cours des enqu\u00eates sur la corruption active et la falsification, environ 100 policiers ont d\u00e9m\u00e9nag\u00e9 \u00e0 21 perquisitions \u00e0 domicile en Belgique et au Portugal, comme on peut le voir \u00e0 partir d&rsquo;un message du procureur f\u00e9d\u00e9ral \u00e0 Bruxelles.<\/p>\n<p>Plusieurs suspects ont \u00e9t\u00e9 temporairement arr\u00eat\u00e9s et sont maintenant entendus. L&rsquo;objectif de la corruption pr\u00e9sum\u00e9e aurait \u00e9t\u00e9 l&rsquo;influence des d\u00e9cisions politiques pour les int\u00e9r\u00eats commerciaux.<\/p>\n<div id=\"attachment_311021\" class=\"wp-caption alignleft\" style=\"max-width: 300px\"><img fetchpriority=\"high\" decoding=\"async\" class=\"wp-image-311021 size-medium\" src=\"https:\/\/vieassociative.be\/actualites\/wp-content\/uploads\/2025\/03\/Le-Parlement-europeen-menace-un-nouveau-scandale-de-corruption.jpeg\" alt=\"\" width=\"300\" height=\"200\"><\/p>\n<p class=\"wp-caption-text\">14.02.2022, France, Strasbourg: Roberta Metsola, pr\u00e9sidente du Parlement europ\u00e9en, se trouve dans la salle pl\u00e9ni\u00e8re du Parlement europ\u00e9en. Photo: Philipp von Ditfurth \/ DPA<\/p>\n<\/div>\n<p>Le procureur n&rsquo;a pas comment\u00e9 les clients possibles. Plusieurs m\u00e9dias belges ont rapport\u00e9 que les enqu\u00eateurs soup\u00e7onnaient le g\u00e9ant chinois des t\u00e9l\u00e9communications Huawei derri\u00e8re les tentatives d&rsquo;influencer. La technologie chinoise dans les communications mobiles occidentales est vivement d\u00e9battue depuis des ann\u00e9es. Le critique de Huawei craint que la Chine n&rsquo;ait acc\u00e8s aux r\u00e9seaux de t\u00e9l\u00e9phones portables par le biais de l&rsquo;entreprise.<\/p>\n<p>Une porte-parole du Parlement de l&rsquo;UE a d\u00e9clar\u00e9 sur demande qu&rsquo;elle travaillait toujours sans restrictions sur demande des autorit\u00e9s. Selon les informations de l&rsquo;agence de presse allemande, il n&rsquo;y a pas eu de perquisitions au Parlement lui-m\u00eame. Il n&rsquo;y avait aucune preuve que les d\u00e9put\u00e9s ont \u00e9galement \u00e9t\u00e9 arr\u00eat\u00e9s.<\/p>\n<p>Alors que le procureur s&rsquo;est poursuivi, la corruption de 2021 \u00e0 nos jours aurait d\u00fb \u00ab\u00a0\u00eatre pratiqu\u00e9 sous diverses formes sous le couvert du lobbying commercial\u00a0\u00bb. Cela comprenait la r\u00e9mun\u00e9ration des d\u00e9clarations politiques ou des cadeaux inappropri\u00e9s tels que des invitations r\u00e9guli\u00e8res \u00e0 jouer au football ou \u00e0 prendre des frais de restauration et de voyage.<\/p>\n<p>En cas de couverture des frais de conf\u00e9rence, l&rsquo;argent aurait \u00e9galement pu couler vers les interm\u00e9diaires de mani\u00e8re cach\u00e9e. En outre, le procureur a d\u00e9clar\u00e9. \u00ab\u00a0Plusieurs documents et objets ont \u00e9t\u00e9 confisqu\u00e9s et doivent \u00eatre analys\u00e9s davantage.\u00a0\u00bb (DPA)<\/p>\n","protected":false},"excerpt":{"rendered":"<p>Au cours des derni\u00e8res ann\u00e9es et mois, des pots-de-vin pr\u00e9sum\u00e9s ont \u00e9t\u00e9 d\u00e9voil\u00e9s par le Gulfmirat Qatar. D\u00e9sormais, les autorit\u00e9s belges enqu\u00eatent une fois de<\/p>\n","protected":false},"author":1,"featured_media":5860,"comment_status":"","ping_status":"","sticky":false,"template":"","format":"standard","meta":{"footnotes":""},"categories":[298],"tags":[5842,2896,3396,553,2895,3356],"class_list":["post-5859","post","type-post","status-publish","format-standard","has-post-thumbnail","hentry","category-belgique","tag-corruption","tag-europeen","tag-menace","tag-nouveau","tag-parlement","tag-scandale","generate-columns","tablet-grid-50","mobile-grid-100","grid-parent","grid-33"],"yoast_head":"<!-- This site is optimized with the Yoast SEO plugin v24.0 - https:\/\/yoast.com\/wordpress\/plugins\/seo\/ -->\n<title>Le Parlement europ\u00e9en menace un nouveau scandale de corruption | Vie Associative<\/title>\n<meta name=\"robots\" content=\"index, follow, max-snippet:-1, max-image-preview:large, max-video-preview:-1\" \/>\n<link rel=\"canonical\" href=\"https:\/\/vieassociative.be\/actualites\/le-parlement-europeen-menace-un-nouveau-scandale-de-corruption\/\" \/>\n<meta property=\"og:locale\" content=\"fr_FR\" \/>\n<meta property=\"og:type\" content=\"article\" \/>\n<meta property=\"og:title\" content=\"Le Parlement europ\u00e9en menace un nouveau scandale de corruption | Vie Associative\" \/>\n<meta property=\"og:description\" content=\"Au cours des derni\u00e8res ann\u00e9es et mois, des pots-de-vin pr\u00e9sum\u00e9s ont \u00e9t\u00e9 d\u00e9voil\u00e9s par le Gulfmirat Qatar. D\u00e9sormais, les autorit\u00e9s belges enqu\u00eatent une fois de\" \/>\n<meta property=\"og:url\" content=\"https:\/\/vieassociative.be\/actualites\/le-parlement-europeen-menace-un-nouveau-scandale-de-corruption\/\" \/>\n<meta property=\"og:site_name\" content=\"Vie Associative\" \/>\n<meta property=\"article:published_time\" content=\"2025-03-13T20:17:23+00:00\" \/>\n<meta property=\"og:image\" content=\"https:\/\/vieassociative.be\/actualites\/wp-content\/uploads\/2024\/09\/header_backgroundk-01-e1726694325946.png\" \/>\n\t<meta property=\"og:image:width\" content=\"279\" \/>\n\t<meta property=\"og:image:height\" content=\"92\" \/>\n\t<meta property=\"og:image:type\" content=\"image\/png\" \/>\n<meta name=\"author\" content=\"Julien\" \/>\n<meta name=\"twitter:card\" content=\"summary_large_image\" \/>\n<meta name=\"twitter:label1\" content=\"\u00c9crit par\" \/>\n\t<meta name=\"twitter:data1\" content=\"Julien\" \/>\n\t<meta name=\"twitter:label2\" content=\"Dur\u00e9e de lecture est.\" \/>\n\t<meta name=\"twitter:data2\" content=\"2 minutes\" \/>\n<script type=\"application\/ld+json\" class=\"yoast-schema-graph\">{\"@context\":\"https:\/\/schema.org\",\"@graph\":[{\"@type\":\"Article\",\"@id\":\"https:\/\/vieassociative.be\/actualites\/le-parlement-europeen-menace-un-nouveau-scandale-de-corruption\/#article\",\"isPartOf\":{\"@id\":\"https:\/\/vieassociative.be\/actualites\/le-parlement-europeen-menace-un-nouveau-scandale-de-corruption\/\"},\"author\":{\"name\":\"Julien\",\"@id\":\"https:\/\/vieassociative.be\/actualites\/#\/schema\/person\/b87ac4f82f9d4e7b7cec7395b679edc4\"},\"headline\":\"Le Parlement europ\u00e9en menace un nouveau scandale de corruption\",\"datePublished\":\"2025-03-13T20:17:23+00:00\",\"dateModified\":\"2025-03-13T20:17:23+00:00\",\"mainEntityOfPage\":{\"@id\":\"https:\/\/vieassociative.be\/actualites\/le-parlement-europeen-menace-un-nouveau-scandale-de-corruption\/\"},\"wordCount\":407,\"publisher\":{\"@id\":\"https:\/\/vieassociative.be\/actualites\/#organization\"},\"image\":{\"@id\":\"https:\/\/vieassociative.be\/actualites\/le-parlement-europeen-menace-un-nouveau-scandale-de-corruption\/#primaryimage\"},\"thumbnailUrl\":\"https:\/\/vieassociative.be\/actualites\/wp-content\/uploads\/2025\/03\/1741897043_Le-Parlement-europeen-menace-un-nouveau-scandale-de-corruption.jpeg\",\"keywords\":[\"corruption\",\"europ\u00e9en\",\"menac\u00e9\",\"nouveau\",\"Parlement\",\"scandale\"],\"articleSection\":[\"Belgique\"],\"inLanguage\":\"fr-BE\"},{\"@type\":\"WebPage\",\"@id\":\"https:\/\/vieassociative.be\/actualites\/le-parlement-europeen-menace-un-nouveau-scandale-de-corruption\/\",\"url\":\"https:\/\/vieassociative.be\/actualites\/le-parlement-europeen-menace-un-nouveau-scandale-de-corruption\/\",\"name\":\"Le Parlement europ\u00e9en menace un nouveau scandale de corruption | Vie Associative\",\"isPartOf\":{\"@id\":\"https:\/\/vieassociative.be\/actualites\/#website\"},\"primaryImageOfPage\":{\"@id\":\"https:\/\/vieassociative.be\/actualites\/le-parlement-europeen-menace-un-nouveau-scandale-de-corruption\/#primaryimage\"},\"image\":{\"@id\":\"https:\/\/vieassociative.be\/actualites\/le-parlement-europeen-menace-un-nouveau-scandale-de-corruption\/#primaryimage\"},\"thumbnailUrl\":\"https:\/\/vieassociative.be\/actualites\/wp-content\/uploads\/2025\/03\/1741897043_Le-Parlement-europeen-menace-un-nouveau-scandale-de-corruption.jpeg\",\"datePublished\":\"2025-03-13T20:17:23+00:00\",\"dateModified\":\"2025-03-13T20:17:23+00:00\",\"breadcrumb\":{\"@id\":\"https:\/\/vieassociative.be\/actualites\/le-parlement-europeen-menace-un-nouveau-scandale-de-corruption\/#breadcrumb\"},\"inLanguage\":\"fr-BE\",\"potentialAction\":[{\"@type\":\"ReadAction\",\"target\":[\"https:\/\/vieassociative.be\/actualites\/le-parlement-europeen-menace-un-nouveau-scandale-de-corruption\/\"]}]},{\"@type\":\"ImageObject\",\"inLanguage\":\"fr-BE\",\"@id\":\"https:\/\/vieassociative.be\/actualites\/le-parlement-europeen-menace-un-nouveau-scandale-de-corruption\/#primaryimage\",\"url\":\"https:\/\/vieassociative.be\/actualites\/wp-content\/uploads\/2025\/03\/1741897043_Le-Parlement-europeen-menace-un-nouveau-scandale-de-corruption.jpeg\",\"contentUrl\":\"https:\/\/vieassociative.be\/actualites\/wp-content\/uploads\/2025\/03\/1741897043_Le-Parlement-europeen-menace-un-nouveau-scandale-de-corruption.jpeg\",\"width\":1200,\"height\":800,\"caption\":\"Le Parlement europ\u00e9en menace un nouveau scandale de corruption\"},{\"@type\":\"BreadcrumbList\",\"@id\":\"https:\/\/vieassociative.be\/actualites\/le-parlement-europeen-menace-un-nouveau-scandale-de-corruption\/#breadcrumb\",\"itemListElement\":[{\"@type\":\"ListItem\",\"position\":1,\"name\":\"Accueil\",\"item\":\"https:\/\/vieassociative.be\/actualites\/\"},{\"@type\":\"ListItem\",\"position\":2,\"name\":\"Le Parlement europ\u00e9en menace un nouveau scandale de corruption\"}]},{\"@type\":\"WebSite\",\"@id\":\"https:\/\/vieassociative.be\/actualites\/#website\",\"url\":\"https:\/\/vieassociative.be\/actualites\/\",\"name\":\"Vie Associative\",\"description\":\"\",\"publisher\":{\"@id\":\"https:\/\/vieassociative.be\/actualites\/#organization\"},\"potentialAction\":[{\"@type\":\"SearchAction\",\"target\":{\"@type\":\"EntryPoint\",\"urlTemplate\":\"https:\/\/vieassociative.be\/actualites\/?s={search_term_string}\"},\"query-input\":{\"@type\":\"PropertyValueSpecification\",\"valueRequired\":true,\"valueName\":\"search_term_string\"}}],\"inLanguage\":\"fr-BE\"},{\"@type\":\"Organization\",\"@id\":\"https:\/\/vieassociative.be\/actualites\/#organization\",\"name\":\"Vie Associative\",\"url\":\"https:\/\/vieassociative.be\/actualites\/\",\"logo\":{\"@type\":\"ImageObject\",\"inLanguage\":\"fr-BE\",\"@id\":\"https:\/\/vieassociative.be\/actualites\/#\/schema\/logo\/image\/\",\"url\":\"https:\/\/vieassociative.be\/actualites\/wp-content\/uploads\/2024\/09\/cropped-vieassociative_favicon.ico.png\",\"contentUrl\":\"https:\/\/vieassociative.be\/actualites\/wp-content\/uploads\/2024\/09\/cropped-vieassociative_favicon.ico.png\",\"width\":512,\"height\":512,\"caption\":\"Vie Associative\"},\"image\":{\"@id\":\"https:\/\/vieassociative.be\/actualites\/#\/schema\/logo\/image\/\"}},{\"@type\":\"Person\",\"@id\":\"https:\/\/vieassociative.be\/actualites\/#\/schema\/person\/b87ac4f82f9d4e7b7cec7395b679edc4\",\"name\":\"Julien\",\"image\":{\"@type\":\"ImageObject\",\"inLanguage\":\"fr-BE\",\"@id\":\"https:\/\/vieassociative.be\/actualites\/#\/schema\/person\/image\/\",\"url\":\"https:\/\/vieassociative.be\/actualites\/wp-content\/uploads\/2024\/09\/vie-associative-1-150x150.jpg\",\"contentUrl\":\"https:\/\/vieassociative.be\/actualites\/wp-content\/uploads\/2024\/09\/vie-associative-1-150x150.jpg\",\"caption\":\"Julien\"},\"description\":\"Je suis Julien, r\u00e9dacteur pour Vie Associative. Passionn\u00e9 par le monde associatif depuis plus de 10 ans, j'ai \u00e0 c\u0153ur de partager des histoires inspirantes et de mettre en lumi\u00e8re les initiatives locales. Mon objectif est de sensibiliser et d'encourager l'engagement communautaire \u00e0 travers mes articles.\",\"sameAs\":[\"https:\/\/vieassociative.be\/\"]}]}<\/script>\n<!-- \/ Yoast SEO plugin. -->","yoast_head_json":{"title":"Le Parlement europ\u00e9en menace un nouveau scandale de corruption | Vie Associative","robots":{"index":"index","follow":"follow","max-snippet":"max-snippet:-1","max-image-preview":"max-image-preview:large","max-video-preview":"max-video-preview:-1"},"canonical":"https:\/\/vieassociative.be\/actualites\/le-parlement-europeen-menace-un-nouveau-scandale-de-corruption\/","og_locale":"fr_FR","og_type":"article","og_title":"Le Parlement europ\u00e9en menace un nouveau scandale de corruption | Vie Associative","og_description":"Au cours des derni\u00e8res ann\u00e9es et mois, des pots-de-vin pr\u00e9sum\u00e9s ont \u00e9t\u00e9 d\u00e9voil\u00e9s par le Gulfmirat Qatar. D\u00e9sormais, les autorit\u00e9s belges enqu\u00eatent une fois de","og_url":"https:\/\/vieassociative.be\/actualites\/le-parlement-europeen-menace-un-nouveau-scandale-de-corruption\/","og_site_name":"Vie Associative","article_published_time":"2025-03-13T20:17:23+00:00","og_image":[{"width":279,"height":92,"url":"https:\/\/vieassociative.be\/actualites\/wp-content\/uploads\/2024\/09\/header_backgroundk-01-e1726694325946.png","type":"image\/png"}],"author":"Julien","twitter_card":"summary_large_image","twitter_misc":{"\u00c9crit par":"Julien","Dur\u00e9e de lecture est.":"2 minutes"},"schema":{"@context":"https:\/\/schema.org","@graph":[{"@type":"Article","@id":"https:\/\/vieassociative.be\/actualites\/le-parlement-europeen-menace-un-nouveau-scandale-de-corruption\/#article","isPartOf":{"@id":"https:\/\/vieassociative.be\/actualites\/le-parlement-europeen-menace-un-nouveau-scandale-de-corruption\/"},"author":{"name":"Julien","@id":"https:\/\/vieassociative.be\/actualites\/#\/schema\/person\/b87ac4f82f9d4e7b7cec7395b679edc4"},"headline":"Le Parlement europ\u00e9en menace un nouveau scandale de corruption","datePublished":"2025-03-13T20:17:23+00:00","dateModified":"2025-03-13T20:17:23+00:00","mainEntityOfPage":{"@id":"https:\/\/vieassociative.be\/actualites\/le-parlement-europeen-menace-un-nouveau-scandale-de-corruption\/"},"wordCount":407,"publisher":{"@id":"https:\/\/vieassociative.be\/actualites\/#organization"},"image":{"@id":"https:\/\/vieassociative.be\/actualites\/le-parlement-europeen-menace-un-nouveau-scandale-de-corruption\/#primaryimage"},"thumbnailUrl":"https:\/\/vieassociative.be\/actualites\/wp-content\/uploads\/2025\/03\/1741897043_Le-Parlement-europeen-menace-un-nouveau-scandale-de-corruption.jpeg","keywords":["corruption","europ\u00e9en","menac\u00e9","nouveau","Parlement","scandale"],"articleSection":["Belgique"],"inLanguage":"fr-BE"},{"@type":"WebPage","@id":"https:\/\/vieassociative.be\/actualites\/le-parlement-europeen-menace-un-nouveau-scandale-de-corruption\/","url":"https:\/\/vieassociative.be\/actualites\/le-parlement-europeen-menace-un-nouveau-scandale-de-corruption\/","name":"Le Parlement europ\u00e9en menace un nouveau scandale de corruption | Vie Associative","isPartOf":{"@id":"https:\/\/vieassociative.be\/actualites\/#website"},"primaryImageOfPage":{"@id":"https:\/\/vieassociative.be\/actualites\/le-parlement-europeen-menace-un-nouveau-scandale-de-corruption\/#primaryimage"},"image":{"@id":"https:\/\/vieassociative.be\/actualites\/le-parlement-europeen-menace-un-nouveau-scandale-de-corruption\/#primaryimage"},"thumbnailUrl":"https:\/\/vieassociative.be\/actualites\/wp-content\/uploads\/2025\/03\/1741897043_Le-Parlement-europeen-menace-un-nouveau-scandale-de-corruption.jpeg","datePublished":"2025-03-13T20:17:23+00:00","dateModified":"2025-03-13T20:17:23+00:00","breadcrumb":{"@id":"https:\/\/vieassociative.be\/actualites\/le-parlement-europeen-menace-un-nouveau-scandale-de-corruption\/#breadcrumb"},"inLanguage":"fr-BE","potentialAction":[{"@type":"ReadAction","target":["https:\/\/vieassociative.be\/actualites\/le-parlement-europeen-menace-un-nouveau-scandale-de-corruption\/"]}]},{"@type":"ImageObject","inLanguage":"fr-BE","@id":"https:\/\/vieassociative.be\/actualites\/le-parlement-europeen-menace-un-nouveau-scandale-de-corruption\/#primaryimage","url":"https:\/\/vieassociative.be\/actualites\/wp-content\/uploads\/2025\/03\/1741897043_Le-Parlement-europeen-menace-un-nouveau-scandale-de-corruption.jpeg","contentUrl":"https:\/\/vieassociative.be\/actualites\/wp-content\/uploads\/2025\/03\/1741897043_Le-Parlement-europeen-menace-un-nouveau-scandale-de-corruption.jpeg","width":1200,"height":800,"caption":"Le Parlement europ\u00e9en menace un nouveau scandale de corruption"},{"@type":"BreadcrumbList","@id":"https:\/\/vieassociative.be\/actualites\/le-parlement-europeen-menace-un-nouveau-scandale-de-corruption\/#breadcrumb","itemListElement":[{"@type":"ListItem","position":1,"name":"Accueil","item":"https:\/\/vieassociative.be\/actualites\/"},{"@type":"ListItem","position":2,"name":"Le Parlement europ\u00e9en menace un nouveau scandale de corruption"}]},{"@type":"WebSite","@id":"https:\/\/vieassociative.be\/actualites\/#website","url":"https:\/\/vieassociative.be\/actualites\/","name":"Vie Associative","description":"","publisher":{"@id":"https:\/\/vieassociative.be\/actualites\/#organization"},"potentialAction":[{"@type":"SearchAction","target":{"@type":"EntryPoint","urlTemplate":"https:\/\/vieassociative.be\/actualites\/?s={search_term_string}"},"query-input":{"@type":"PropertyValueSpecification","valueRequired":true,"valueName":"search_term_string"}}],"inLanguage":"fr-BE"},{"@type":"Organization","@id":"https:\/\/vieassociative.be\/actualites\/#organization","name":"Vie Associative","url":"https:\/\/vieassociative.be\/actualites\/","logo":{"@type":"ImageObject","inLanguage":"fr-BE","@id":"https:\/\/vieassociative.be\/actualites\/#\/schema\/logo\/image\/","url":"https:\/\/vieassociative.be\/actualites\/wp-content\/uploads\/2024\/09\/cropped-vieassociative_favicon.ico.png","contentUrl":"https:\/\/vieassociative.be\/actualites\/wp-content\/uploads\/2024\/09\/cropped-vieassociative_favicon.ico.png","width":512,"height":512,"caption":"Vie Associative"},"image":{"@id":"https:\/\/vieassociative.be\/actualites\/#\/schema\/logo\/image\/"}},{"@type":"Person","@id":"https:\/\/vieassociative.be\/actualites\/#\/schema\/person\/b87ac4f82f9d4e7b7cec7395b679edc4","name":"Julien","image":{"@type":"ImageObject","inLanguage":"fr-BE","@id":"https:\/\/vieassociative.be\/actualites\/#\/schema\/person\/image\/","url":"https:\/\/vieassociative.be\/actualites\/wp-content\/uploads\/2024\/09\/vie-associative-1-150x150.jpg","contentUrl":"https:\/\/vieassociative.be\/actualites\/wp-content\/uploads\/2024\/09\/vie-associative-1-150x150.jpg","caption":"Julien"},"description":"Je suis Julien, r\u00e9dacteur pour Vie Associative. Passionn\u00e9 par le monde associatif depuis plus de 10 ans, j'ai \u00e0 c\u0153ur de partager des histoires inspirantes et de mettre en lumi\u00e8re les initiatives locales. Mon objectif est de sensibiliser et d'encourager l'engagement communautaire \u00e0 travers mes articles.","sameAs":["https:\/\/vieassociative.be\/"]}]}},"_links":{"self":[{"href":"https:\/\/vieassociative.be\/actualites\/wp-json\/wp\/v2\/posts\/5859"}],"collection":[{"href":"https:\/\/vieassociative.be\/actualites\/wp-json\/wp\/v2\/posts"}],"about":[{"href":"https:\/\/vieassociative.be\/actualites\/wp-json\/wp\/v2\/types\/post"}],"author":[{"embeddable":true,"href":"https:\/\/vieassociative.be\/actualites\/wp-json\/wp\/v2\/users\/1"}],"replies":[{"embeddable":true,"href":"https:\/\/vieassociative.be\/actualites\/wp-json\/wp\/v2\/comments?post=5859"}],"version-history":[{"count":0,"href":"https:\/\/vieassociative.be\/actualites\/wp-json\/wp\/v2\/posts\/5859\/revisions"}],"wp:featuredmedia":[{"embeddable":true,"href":"https:\/\/vieassociative.be\/actualites\/wp-json\/wp\/v2\/media\/5860"}],"wp:attachment":[{"href":"https:\/\/vieassociative.be\/actualites\/wp-json\/wp\/v2\/media?parent=5859"}],"wp:term":[{"taxonomy":"category","embeddable":true,"href":"https:\/\/vieassociative.be\/actualites\/wp-json\/wp\/v2\/categories?post=5859"},{"taxonomy":"post_tag","embeddable":true,"href":"https:\/\/vieassociative.be\/actualites\/wp-json\/wp\/v2\/tags?post=5859"}],"curies":[{"name":"wp","href":"https:\/\/api.w.org\/{rel}","templated":true}]}}