{"id":5846,"date":"2025-03-13T09:17:33","date_gmt":"2025-03-13T08:17:33","guid":{"rendered":"https:\/\/vieassociative.be\/actualites\/le-ministre-cheeky-a-justifie-la-presence-de-la-dg-sur-linternational-tourism-exchange-a-berlin-itb\/"},"modified":"2025-03-13T09:17:33","modified_gmt":"2025-03-13T08:17:33","slug":"le-ministre-cheeky-a-justifie-la-presence-de-la-dg-sur-linternational-tourism-exchange-a-berlin-itb","status":"publish","type":"post","link":"https:\/\/vieassociative.be\/actualites\/le-ministre-cheeky-a-justifie-la-presence-de-la-dg-sur-linternational-tourism-exchange-a-berlin-itb\/","title":{"rendered":"Le ministre Cheeky a justifi\u00e9 la pr\u00e9sence de la DG sur l&rsquo;International Tourism Exchange \u00e0 Berlin (ITB)"},"content":{"rendered":"<p><strong>L&rsquo;\u00e9change international du tourisme \u00e0 Berlin est consid\u00e9r\u00e9 comme le premier salon mondial dans l&rsquo;industrie du voyage. Apr\u00e8s une pause li\u00e9e au pandeme, l&rsquo;est de la Belgique \u00e9tait repr\u00e9sent\u00e9e \u00e0 la foire pour la premi\u00e8re fois cette ann\u00e9e. Le ministre du tourisme Gregor, le chef (PFF), \u00e9tait \u00e9galement pr\u00e9sent \u00e0 l&rsquo;ITB.<\/strong><\/p>\n<p><span id=\"more-411056\"><\/span>Dans le cadre du soi-disant contr\u00f4le du gouvernement, le d\u00e9put\u00e9 du SP Bj\u00f6rn Klinkenberg a demand\u00e9 au ministre Cheeky, quels avantages concr\u00e8tes et mesurables de la comparution commerciale pour l&rsquo;Est de la Belgique avaient apport\u00e9 et comment les ressources financi\u00e8res et du personnel utilis\u00e9es en relation avec le b\u00e9n\u00e9fice attendu du tourisme oriental belge devraient \u00eatre justifi\u00e9es.<\/p>\n<p>Dans sa r\u00e9ponse, le ministre Cheeky a soulign\u00e9 que la pr\u00e9sence de l&rsquo;Est de la Belgique sur l&rsquo;International Tourism Exchange (ITB) \u00e0 Berlin \u00e9tait \u00ab\u00a0d&rsquo;une grande importance pour le d\u00e9veloppement strat\u00e9gique du tourisme dans notre r\u00e9gion\u00a0\u00bb.<\/p>\n<div id=\"attachment_411065\" class=\"wp-caption alignleft\" style=\"max-width: 300px\"><img fetchpriority=\"high\" decoding=\"async\" class=\"wp-image-411065 size-medium\" src=\"https:\/\/vieassociative.be\/actualites\/wp-content\/uploads\/2025\/03\/Le-ministre-Cheeky-a-justifie-la-presence-de-la-DG.jpg\" alt=\"\" width=\"300\" height=\"200\"><\/p>\n<p class=\"wp-caption-text\">03.03.2025, Berlin: les drapeaux soufflent \u00e0 l&rsquo;occasion de l&rsquo;International Tourism Exchange (ITB) \u00e0 Berlin. Photo: Joerg Carstensen \/ DPA<\/p>\n<\/div>\n<p>La foire propose une plate-forme centrale pour maintenir les contacts existants avec des partenaires internes et des r\u00e9gions adjacentes et pour initier une nouvelle coop\u00e9ration. En outre, le vaste programme sp\u00e9cialis\u00e9 de l&rsquo;ITB permet un \u00e9change cibl\u00e9 pour les tendances actuelles de l&rsquo;industrie et fournit des impulsions pr\u00e9cieuses pour le d\u00e9veloppement du tourisme en Belgique de l&rsquo;Est.<\/p>\n<p>Selon effront\u00e9, la valeur ajout\u00e9e en b\u00e9ton de notre participation peut \u00eatre mesur\u00e9e en particulier \u00e0 partir de deux aspects:<\/p>\n<p>\u2022 Tout d&rsquo;abord, les employ\u00e9s de la Tourismus Agency de l&rsquo;Est de la Belgique (TAO) et du minist\u00e8re ont particip\u00e9 \u00e0 des conf\u00e9rences sp\u00e9cialis\u00e9es sur des sujets centraux futurs, notamment des solutions touristiques bas\u00e9es sur l&rsquo;IA, le flux intelligent des visiteurs (contr\u00f4le des invit\u00e9s) et les concepts touristiques durables. Ces r\u00e9sultats coulent dans le d\u00e9veloppement strat\u00e9gique du secteur en Belgique oriental.<\/p>\n<p>\u2022 Deuxi\u00e8mement, de nombreuses discussions techniques avec des partenaires potentiels pourraient avoir lieu. Bien que les collaborations qui en r\u00e9sultent soient d\u00e9velopp\u00e9es, des points de d\u00e9part sp\u00e9cifiques sont d\u00e9j\u00e0 apparus, qui seront poursuivis dans les prochains mois.<\/p>\n<p>Cheeky en outre: \u00abDans le cadre de l&rsquo;ITB, le TAO a men\u00e9 des discussions avec Komoot, la plus grande plate-forme en plein air num\u00e9rique d&rsquo;Europe avec 45 millions d&rsquo;utilisateurs, ainsi qu&rsquo;avec des repr\u00e9sentants de Solutions vertes et Spotar dans le contexte de projets de financement en cours. En outre, le r\u00e9seautage r\u00e9gional avec la Deutsche Eifel a \u00e9t\u00e9 renouvel\u00e9 dans le cadre du marketing Ewiv Eifel-Atten. D&rsquo;autres discussions sur les \u00e9changes ont eu lieu avec des partenaires de la Wallonie, de la Flandre, de Berlin, de la Saxe, du Luxembourg, de la Rh\u00e9nanie-Palatinate et des Pays-Bas.<\/p>\n<\/p>\n<div id=\"attachment_403920\" class=\"wp-caption alignnone\" style=\"max-width: 300px\"><img decoding=\"async\" src=\"https:\/\/vieassociative.be\/actualites\/wp-content\/uploads\/2025\/03\/1741853853_169_Le-ministre-Cheeky-a-justifie-la-presence-de-la-DG.jpg\" alt=\"\" width=\"300\" height=\"200\" class=\"size-medium wp-image-403920\"  ><\/p>\n<p class=\"wp-caption-text\">DG Tourism Fair Gregor Cheeky (PFF). Photo: Patrick von Staufenberg<\/p>\n<\/div>\n<p>\u00ab\u00a0La comparution du salon de la Belgique de l&rsquo;Est a \u00e9t\u00e9 extr\u00eamement efficace\u00a0\u00bb, a d\u00e9clar\u00e9 le ministre. \u00abLe Tao n&rsquo;\u00e9tait pas repr\u00e9sent\u00e9 avec son propre stand, mais s&rsquo;est pr\u00e9sent\u00e9 dans le cadre du stand conjoint de Visitwallonia, qui est rest\u00e9 tr\u00e8s g\u00e9rable \u00e0 2 715 euros (plus de la TVA). Dans le m\u00eame temps, la participation a offert une occasion pr\u00e9cieuse de positionner l&rsquo;Est de la Belgique en tant que destination durable et attrayante et d&rsquo;\u00e9tablir des contacts strat\u00e9giquement pertinents. \u00bb<\/p>\n<p>Cette ann\u00e9e, l&rsquo;ITB \u00e9tait sous la devise \u00ab\u00a0le pouvoir de la transition de la transition ici\u00a0\u00bb, qui met l&rsquo;accent sur les changements et les d\u00e9fis continus du tourisme, a soulign\u00e9 le ministre. \u00abLa foire offre une plate-forme id\u00e9ale pour g\u00e9rer les d\u00e9veloppements mondiaux et<br \/>\npour identifier les tendances pertinentes pour notre destination. De plus, le personnel<br \/>\n\u00c9change avec les acteurs de l&rsquo;industrie essentiels \u00e0 des partenariats stables sur le personnel<br \/>\nPour maintenir le Sel &#8211; un aspect qui est particuli\u00e8rement<br \/>\nLe niveau de gestion de certaines organisations partenaires importantes est soulign\u00e9e. \u00ab\u00a0<\/p>\n<p>Conclusion du ministre effront\u00e9: \u00ab\u00a0Dans l&rsquo;ensemble, la participation de l&rsquo;ITB apporte donc une contribution importante au d\u00e9veloppement durable du tourisme en Belgique de l&rsquo;Est et au positionnement international de notre r\u00e9gion.\u00a0\u00bb (Cre)<\/p>\n","protected":false},"excerpt":{"rendered":"<p>L&rsquo;\u00e9change international du tourisme \u00e0 Berlin est consid\u00e9r\u00e9 comme le premier salon mondial dans l&rsquo;industrie du voyage. Apr\u00e8s une pause li\u00e9e au pandeme, l&rsquo;est de<\/p>\n","protected":false},"author":1,"featured_media":5847,"comment_status":"","ping_status":"","sticky":false,"template":"","format":"standard","meta":{"footnotes":""},"categories":[298],"tags":[5834,5831,2142,5835,5832,985,1245,4582,33,5833],"class_list":["post-5846","post","type-post","status-publish","format-standard","has-post-thumbnail","hentry","category-belgique","tag-berlin","tag-cheeky","tag-exchange","tag-itb","tag-justifie","tag-linternational","tag-ministre","tag-presence","tag-sur","tag-tourism","generate-columns","tablet-grid-50","mobile-grid-100","grid-parent","grid-33"],"yoast_head":"<!-- This site is optimized with the Yoast SEO plugin v24.0 - https:\/\/yoast.com\/wordpress\/plugins\/seo\/ -->\n<title>Le ministre Cheeky a justifi\u00e9 la pr\u00e9sence de la DG sur l&#039;International Tourism Exchange \u00e0 Berlin (ITB) | Vie Associative<\/title>\n<meta name=\"robots\" content=\"index, follow, max-snippet:-1, max-image-preview:large, max-video-preview:-1\" \/>\n<link rel=\"canonical\" href=\"https:\/\/vieassociative.be\/actualites\/le-ministre-cheeky-a-justifie-la-presence-de-la-dg-sur-linternational-tourism-exchange-a-berlin-itb\/\" \/>\n<meta property=\"og:locale\" content=\"fr_FR\" \/>\n<meta property=\"og:type\" content=\"article\" \/>\n<meta property=\"og:title\" content=\"Le ministre Cheeky a justifi\u00e9 la pr\u00e9sence de la DG sur l&#039;International Tourism Exchange \u00e0 Berlin (ITB) | Vie Associative\" \/>\n<meta property=\"og:description\" content=\"L&rsquo;\u00e9change international du tourisme \u00e0 Berlin est consid\u00e9r\u00e9 comme le premier salon mondial dans l&rsquo;industrie du voyage. Apr\u00e8s une pause li\u00e9e au pandeme, l&rsquo;est de\" \/>\n<meta property=\"og:url\" content=\"https:\/\/vieassociative.be\/actualites\/le-ministre-cheeky-a-justifie-la-presence-de-la-dg-sur-linternational-tourism-exchange-a-berlin-itb\/\" \/>\n<meta property=\"og:site_name\" content=\"Vie Associative\" \/>\n<meta property=\"article:published_time\" content=\"2025-03-13T08:17:33+00:00\" \/>\n<meta property=\"og:image\" content=\"https:\/\/vieassociative.be\/actualites\/wp-content\/uploads\/2024\/09\/header_backgroundk-01-e1726694325946.png\" \/>\n\t<meta property=\"og:image:width\" content=\"279\" \/>\n\t<meta property=\"og:image:height\" content=\"92\" \/>\n\t<meta property=\"og:image:type\" content=\"image\/png\" \/>\n<meta name=\"author\" content=\"Julien\" \/>\n<meta name=\"twitter:card\" content=\"summary_large_image\" \/>\n<meta name=\"twitter:label1\" content=\"\u00c9crit par\" \/>\n\t<meta name=\"twitter:data1\" content=\"Julien\" \/>\n\t<meta name=\"twitter:label2\" content=\"Dur\u00e9e de lecture est.\" \/>\n\t<meta name=\"twitter:data2\" content=\"4 minutes\" \/>\n<script type=\"application\/ld+json\" class=\"yoast-schema-graph\">{\"@context\":\"https:\/\/schema.org\",\"@graph\":[{\"@type\":\"Article\",\"@id\":\"https:\/\/vieassociative.be\/actualites\/le-ministre-cheeky-a-justifie-la-presence-de-la-dg-sur-linternational-tourism-exchange-a-berlin-itb\/#article\",\"isPartOf\":{\"@id\":\"https:\/\/vieassociative.be\/actualites\/le-ministre-cheeky-a-justifie-la-presence-de-la-dg-sur-linternational-tourism-exchange-a-berlin-itb\/\"},\"author\":{\"name\":\"Julien\",\"@id\":\"https:\/\/vieassociative.be\/actualites\/#\/schema\/person\/b87ac4f82f9d4e7b7cec7395b679edc4\"},\"headline\":\"Le ministre Cheeky a justifi\u00e9 la pr\u00e9sence de la DG sur l&rsquo;International Tourism Exchange \u00e0 Berlin (ITB)\",\"datePublished\":\"2025-03-13T08:17:33+00:00\",\"dateModified\":\"2025-03-13T08:17:33+00:00\",\"mainEntityOfPage\":{\"@id\":\"https:\/\/vieassociative.be\/actualites\/le-ministre-cheeky-a-justifie-la-presence-de-la-dg-sur-linternational-tourism-exchange-a-berlin-itb\/\"},\"wordCount\":751,\"publisher\":{\"@id\":\"https:\/\/vieassociative.be\/actualites\/#organization\"},\"image\":{\"@id\":\"https:\/\/vieassociative.be\/actualites\/le-ministre-cheeky-a-justifie-la-presence-de-la-dg-sur-linternational-tourism-exchange-a-berlin-itb\/#primaryimage\"},\"thumbnailUrl\":\"https:\/\/vieassociative.be\/actualites\/wp-content\/uploads\/2025\/03\/1741853853_Le-ministre-Cheeky-a-justifie-la-presence-de-la-DG.jpg\",\"keywords\":[\"Berlin\",\"Cheeky\",\"Exchange\",\"ITB\",\"justifi\u00e9\",\"linternational\",\"ministre\",\"pr\u00e9sence\",\"sur\",\"Tourism\"],\"articleSection\":[\"Belgique\"],\"inLanguage\":\"fr-BE\"},{\"@type\":\"WebPage\",\"@id\":\"https:\/\/vieassociative.be\/actualites\/le-ministre-cheeky-a-justifie-la-presence-de-la-dg-sur-linternational-tourism-exchange-a-berlin-itb\/\",\"url\":\"https:\/\/vieassociative.be\/actualites\/le-ministre-cheeky-a-justifie-la-presence-de-la-dg-sur-linternational-tourism-exchange-a-berlin-itb\/\",\"name\":\"Le ministre Cheeky a justifi\u00e9 la pr\u00e9sence de la DG sur l'International Tourism Exchange \u00e0 Berlin (ITB) | Vie Associative\",\"isPartOf\":{\"@id\":\"https:\/\/vieassociative.be\/actualites\/#website\"},\"primaryImageOfPage\":{\"@id\":\"https:\/\/vieassociative.be\/actualites\/le-ministre-cheeky-a-justifie-la-presence-de-la-dg-sur-linternational-tourism-exchange-a-berlin-itb\/#primaryimage\"},\"image\":{\"@id\":\"https:\/\/vieassociative.be\/actualites\/le-ministre-cheeky-a-justifie-la-presence-de-la-dg-sur-linternational-tourism-exchange-a-berlin-itb\/#primaryimage\"},\"thumbnailUrl\":\"https:\/\/vieassociative.be\/actualites\/wp-content\/uploads\/2025\/03\/1741853853_Le-ministre-Cheeky-a-justifie-la-presence-de-la-DG.jpg\",\"datePublished\":\"2025-03-13T08:17:33+00:00\",\"dateModified\":\"2025-03-13T08:17:33+00:00\",\"breadcrumb\":{\"@id\":\"https:\/\/vieassociative.be\/actualites\/le-ministre-cheeky-a-justifie-la-presence-de-la-dg-sur-linternational-tourism-exchange-a-berlin-itb\/#breadcrumb\"},\"inLanguage\":\"fr-BE\",\"potentialAction\":[{\"@type\":\"ReadAction\",\"target\":[\"https:\/\/vieassociative.be\/actualites\/le-ministre-cheeky-a-justifie-la-presence-de-la-dg-sur-linternational-tourism-exchange-a-berlin-itb\/\"]}]},{\"@type\":\"ImageObject\",\"inLanguage\":\"fr-BE\",\"@id\":\"https:\/\/vieassociative.be\/actualites\/le-ministre-cheeky-a-justifie-la-presence-de-la-dg-sur-linternational-tourism-exchange-a-berlin-itb\/#primaryimage\",\"url\":\"https:\/\/vieassociative.be\/actualites\/wp-content\/uploads\/2025\/03\/1741853853_Le-ministre-Cheeky-a-justifie-la-presence-de-la-DG.jpg\",\"contentUrl\":\"https:\/\/vieassociative.be\/actualites\/wp-content\/uploads\/2025\/03\/1741853853_Le-ministre-Cheeky-a-justifie-la-presence-de-la-DG.jpg\",\"width\":1200,\"height\":800,\"caption\":\"Le ministre Cheeky a justifi\u00e9 la pr\u00e9sence de la DG sur l'International Tourism Exchange \u00e0 Berlin (ITB)\"},{\"@type\":\"BreadcrumbList\",\"@id\":\"https:\/\/vieassociative.be\/actualites\/le-ministre-cheeky-a-justifie-la-presence-de-la-dg-sur-linternational-tourism-exchange-a-berlin-itb\/#breadcrumb\",\"itemListElement\":[{\"@type\":\"ListItem\",\"position\":1,\"name\":\"Accueil\",\"item\":\"https:\/\/vieassociative.be\/actualites\/\"},{\"@type\":\"ListItem\",\"position\":2,\"name\":\"Le ministre Cheeky a justifi\u00e9 la pr\u00e9sence de la DG sur l&rsquo;International Tourism Exchange \u00e0 Berlin (ITB)\"}]},{\"@type\":\"WebSite\",\"@id\":\"https:\/\/vieassociative.be\/actualites\/#website\",\"url\":\"https:\/\/vieassociative.be\/actualites\/\",\"name\":\"Vie Associative\",\"description\":\"\",\"publisher\":{\"@id\":\"https:\/\/vieassociative.be\/actualites\/#organization\"},\"potentialAction\":[{\"@type\":\"SearchAction\",\"target\":{\"@type\":\"EntryPoint\",\"urlTemplate\":\"https:\/\/vieassociative.be\/actualites\/?s={search_term_string}\"},\"query-input\":{\"@type\":\"PropertyValueSpecification\",\"valueRequired\":true,\"valueName\":\"search_term_string\"}}],\"inLanguage\":\"fr-BE\"},{\"@type\":\"Organization\",\"@id\":\"https:\/\/vieassociative.be\/actualites\/#organization\",\"name\":\"Vie Associative\",\"url\":\"https:\/\/vieassociative.be\/actualites\/\",\"logo\":{\"@type\":\"ImageObject\",\"inLanguage\":\"fr-BE\",\"@id\":\"https:\/\/vieassociative.be\/actualites\/#\/schema\/logo\/image\/\",\"url\":\"https:\/\/vieassociative.be\/actualites\/wp-content\/uploads\/2024\/09\/cropped-vieassociative_favicon.ico.png\",\"contentUrl\":\"https:\/\/vieassociative.be\/actualites\/wp-content\/uploads\/2024\/09\/cropped-vieassociative_favicon.ico.png\",\"width\":512,\"height\":512,\"caption\":\"Vie Associative\"},\"image\":{\"@id\":\"https:\/\/vieassociative.be\/actualites\/#\/schema\/logo\/image\/\"}},{\"@type\":\"Person\",\"@id\":\"https:\/\/vieassociative.be\/actualites\/#\/schema\/person\/b87ac4f82f9d4e7b7cec7395b679edc4\",\"name\":\"Julien\",\"image\":{\"@type\":\"ImageObject\",\"inLanguage\":\"fr-BE\",\"@id\":\"https:\/\/vieassociative.be\/actualites\/#\/schema\/person\/image\/\",\"url\":\"https:\/\/vieassociative.be\/actualites\/wp-content\/uploads\/2024\/09\/vie-associative-1-150x150.jpg\",\"contentUrl\":\"https:\/\/vieassociative.be\/actualites\/wp-content\/uploads\/2024\/09\/vie-associative-1-150x150.jpg\",\"caption\":\"Julien\"},\"description\":\"Je suis Julien, r\u00e9dacteur pour Vie Associative. Passionn\u00e9 par le monde associatif depuis plus de 10 ans, j'ai \u00e0 c\u0153ur de partager des histoires inspirantes et de mettre en lumi\u00e8re les initiatives locales. Mon objectif est de sensibiliser et d'encourager l'engagement communautaire \u00e0 travers mes articles.\",\"sameAs\":[\"https:\/\/vieassociative.be\/\"]}]}<\/script>\n<!-- \/ Yoast SEO plugin. -->","yoast_head_json":{"title":"Le ministre Cheeky a justifi\u00e9 la pr\u00e9sence de la DG sur l'International Tourism Exchange \u00e0 Berlin (ITB) | Vie Associative","robots":{"index":"index","follow":"follow","max-snippet":"max-snippet:-1","max-image-preview":"max-image-preview:large","max-video-preview":"max-video-preview:-1"},"canonical":"https:\/\/vieassociative.be\/actualites\/le-ministre-cheeky-a-justifie-la-presence-de-la-dg-sur-linternational-tourism-exchange-a-berlin-itb\/","og_locale":"fr_FR","og_type":"article","og_title":"Le ministre Cheeky a justifi\u00e9 la pr\u00e9sence de la DG sur l'International Tourism Exchange \u00e0 Berlin (ITB) | Vie Associative","og_description":"L&rsquo;\u00e9change international du tourisme \u00e0 Berlin est consid\u00e9r\u00e9 comme le premier salon mondial dans l&rsquo;industrie du voyage. Apr\u00e8s une pause li\u00e9e au pandeme, l&rsquo;est de","og_url":"https:\/\/vieassociative.be\/actualites\/le-ministre-cheeky-a-justifie-la-presence-de-la-dg-sur-linternational-tourism-exchange-a-berlin-itb\/","og_site_name":"Vie Associative","article_published_time":"2025-03-13T08:17:33+00:00","og_image":[{"width":279,"height":92,"url":"https:\/\/vieassociative.be\/actualites\/wp-content\/uploads\/2024\/09\/header_backgroundk-01-e1726694325946.png","type":"image\/png"}],"author":"Julien","twitter_card":"summary_large_image","twitter_misc":{"\u00c9crit par":"Julien","Dur\u00e9e de lecture est.":"4 minutes"},"schema":{"@context":"https:\/\/schema.org","@graph":[{"@type":"Article","@id":"https:\/\/vieassociative.be\/actualites\/le-ministre-cheeky-a-justifie-la-presence-de-la-dg-sur-linternational-tourism-exchange-a-berlin-itb\/#article","isPartOf":{"@id":"https:\/\/vieassociative.be\/actualites\/le-ministre-cheeky-a-justifie-la-presence-de-la-dg-sur-linternational-tourism-exchange-a-berlin-itb\/"},"author":{"name":"Julien","@id":"https:\/\/vieassociative.be\/actualites\/#\/schema\/person\/b87ac4f82f9d4e7b7cec7395b679edc4"},"headline":"Le ministre Cheeky a justifi\u00e9 la pr\u00e9sence de la DG sur l&rsquo;International Tourism Exchange \u00e0 Berlin (ITB)","datePublished":"2025-03-13T08:17:33+00:00","dateModified":"2025-03-13T08:17:33+00:00","mainEntityOfPage":{"@id":"https:\/\/vieassociative.be\/actualites\/le-ministre-cheeky-a-justifie-la-presence-de-la-dg-sur-linternational-tourism-exchange-a-berlin-itb\/"},"wordCount":751,"publisher":{"@id":"https:\/\/vieassociative.be\/actualites\/#organization"},"image":{"@id":"https:\/\/vieassociative.be\/actualites\/le-ministre-cheeky-a-justifie-la-presence-de-la-dg-sur-linternational-tourism-exchange-a-berlin-itb\/#primaryimage"},"thumbnailUrl":"https:\/\/vieassociative.be\/actualites\/wp-content\/uploads\/2025\/03\/1741853853_Le-ministre-Cheeky-a-justifie-la-presence-de-la-DG.jpg","keywords":["Berlin","Cheeky","Exchange","ITB","justifi\u00e9","linternational","ministre","pr\u00e9sence","sur","Tourism"],"articleSection":["Belgique"],"inLanguage":"fr-BE"},{"@type":"WebPage","@id":"https:\/\/vieassociative.be\/actualites\/le-ministre-cheeky-a-justifie-la-presence-de-la-dg-sur-linternational-tourism-exchange-a-berlin-itb\/","url":"https:\/\/vieassociative.be\/actualites\/le-ministre-cheeky-a-justifie-la-presence-de-la-dg-sur-linternational-tourism-exchange-a-berlin-itb\/","name":"Le ministre Cheeky a justifi\u00e9 la pr\u00e9sence de la DG sur l'International Tourism Exchange \u00e0 Berlin (ITB) | Vie Associative","isPartOf":{"@id":"https:\/\/vieassociative.be\/actualites\/#website"},"primaryImageOfPage":{"@id":"https:\/\/vieassociative.be\/actualites\/le-ministre-cheeky-a-justifie-la-presence-de-la-dg-sur-linternational-tourism-exchange-a-berlin-itb\/#primaryimage"},"image":{"@id":"https:\/\/vieassociative.be\/actualites\/le-ministre-cheeky-a-justifie-la-presence-de-la-dg-sur-linternational-tourism-exchange-a-berlin-itb\/#primaryimage"},"thumbnailUrl":"https:\/\/vieassociative.be\/actualites\/wp-content\/uploads\/2025\/03\/1741853853_Le-ministre-Cheeky-a-justifie-la-presence-de-la-DG.jpg","datePublished":"2025-03-13T08:17:33+00:00","dateModified":"2025-03-13T08:17:33+00:00","breadcrumb":{"@id":"https:\/\/vieassociative.be\/actualites\/le-ministre-cheeky-a-justifie-la-presence-de-la-dg-sur-linternational-tourism-exchange-a-berlin-itb\/#breadcrumb"},"inLanguage":"fr-BE","potentialAction":[{"@type":"ReadAction","target":["https:\/\/vieassociative.be\/actualites\/le-ministre-cheeky-a-justifie-la-presence-de-la-dg-sur-linternational-tourism-exchange-a-berlin-itb\/"]}]},{"@type":"ImageObject","inLanguage":"fr-BE","@id":"https:\/\/vieassociative.be\/actualites\/le-ministre-cheeky-a-justifie-la-presence-de-la-dg-sur-linternational-tourism-exchange-a-berlin-itb\/#primaryimage","url":"https:\/\/vieassociative.be\/actualites\/wp-content\/uploads\/2025\/03\/1741853853_Le-ministre-Cheeky-a-justifie-la-presence-de-la-DG.jpg","contentUrl":"https:\/\/vieassociative.be\/actualites\/wp-content\/uploads\/2025\/03\/1741853853_Le-ministre-Cheeky-a-justifie-la-presence-de-la-DG.jpg","width":1200,"height":800,"caption":"Le ministre Cheeky a justifi\u00e9 la pr\u00e9sence de la DG sur l'International Tourism Exchange \u00e0 Berlin (ITB)"},{"@type":"BreadcrumbList","@id":"https:\/\/vieassociative.be\/actualites\/le-ministre-cheeky-a-justifie-la-presence-de-la-dg-sur-linternational-tourism-exchange-a-berlin-itb\/#breadcrumb","itemListElement":[{"@type":"ListItem","position":1,"name":"Accueil","item":"https:\/\/vieassociative.be\/actualites\/"},{"@type":"ListItem","position":2,"name":"Le ministre Cheeky a justifi\u00e9 la pr\u00e9sence de la DG sur l&rsquo;International Tourism Exchange \u00e0 Berlin (ITB)"}]},{"@type":"WebSite","@id":"https:\/\/vieassociative.be\/actualites\/#website","url":"https:\/\/vieassociative.be\/actualites\/","name":"Vie Associative","description":"","publisher":{"@id":"https:\/\/vieassociative.be\/actualites\/#organization"},"potentialAction":[{"@type":"SearchAction","target":{"@type":"EntryPoint","urlTemplate":"https:\/\/vieassociative.be\/actualites\/?s={search_term_string}"},"query-input":{"@type":"PropertyValueSpecification","valueRequired":true,"valueName":"search_term_string"}}],"inLanguage":"fr-BE"},{"@type":"Organization","@id":"https:\/\/vieassociative.be\/actualites\/#organization","name":"Vie Associative","url":"https:\/\/vieassociative.be\/actualites\/","logo":{"@type":"ImageObject","inLanguage":"fr-BE","@id":"https:\/\/vieassociative.be\/actualites\/#\/schema\/logo\/image\/","url":"https:\/\/vieassociative.be\/actualites\/wp-content\/uploads\/2024\/09\/cropped-vieassociative_favicon.ico.png","contentUrl":"https:\/\/vieassociative.be\/actualites\/wp-content\/uploads\/2024\/09\/cropped-vieassociative_favicon.ico.png","width":512,"height":512,"caption":"Vie Associative"},"image":{"@id":"https:\/\/vieassociative.be\/actualites\/#\/schema\/logo\/image\/"}},{"@type":"Person","@id":"https:\/\/vieassociative.be\/actualites\/#\/schema\/person\/b87ac4f82f9d4e7b7cec7395b679edc4","name":"Julien","image":{"@type":"ImageObject","inLanguage":"fr-BE","@id":"https:\/\/vieassociative.be\/actualites\/#\/schema\/person\/image\/","url":"https:\/\/vieassociative.be\/actualites\/wp-content\/uploads\/2024\/09\/vie-associative-1-150x150.jpg","contentUrl":"https:\/\/vieassociative.be\/actualites\/wp-content\/uploads\/2024\/09\/vie-associative-1-150x150.jpg","caption":"Julien"},"description":"Je suis Julien, r\u00e9dacteur pour Vie Associative. Passionn\u00e9 par le monde associatif depuis plus de 10 ans, j'ai \u00e0 c\u0153ur de partager des histoires inspirantes et de mettre en lumi\u00e8re les initiatives locales. Mon objectif est de sensibiliser et d'encourager l'engagement communautaire \u00e0 travers mes articles.","sameAs":["https:\/\/vieassociative.be\/"]}]}},"_links":{"self":[{"href":"https:\/\/vieassociative.be\/actualites\/wp-json\/wp\/v2\/posts\/5846"}],"collection":[{"href":"https:\/\/vieassociative.be\/actualites\/wp-json\/wp\/v2\/posts"}],"about":[{"href":"https:\/\/vieassociative.be\/actualites\/wp-json\/wp\/v2\/types\/post"}],"author":[{"embeddable":true,"href":"https:\/\/vieassociative.be\/actualites\/wp-json\/wp\/v2\/users\/1"}],"replies":[{"embeddable":true,"href":"https:\/\/vieassociative.be\/actualites\/wp-json\/wp\/v2\/comments?post=5846"}],"version-history":[{"count":0,"href":"https:\/\/vieassociative.be\/actualites\/wp-json\/wp\/v2\/posts\/5846\/revisions"}],"wp:featuredmedia":[{"embeddable":true,"href":"https:\/\/vieassociative.be\/actualites\/wp-json\/wp\/v2\/media\/5847"}],"wp:attachment":[{"href":"https:\/\/vieassociative.be\/actualites\/wp-json\/wp\/v2\/media?parent=5846"}],"wp:term":[{"taxonomy":"category","embeddable":true,"href":"https:\/\/vieassociative.be\/actualites\/wp-json\/wp\/v2\/categories?post=5846"},{"taxonomy":"post_tag","embeddable":true,"href":"https:\/\/vieassociative.be\/actualites\/wp-json\/wp\/v2\/tags?post=5846"}],"curies":[{"name":"wp","href":"https:\/\/api.w.org\/{rel}","templated":true}]}}