{"id":5844,"date":"2025-03-13T08:20:01","date_gmt":"2025-03-13T07:20:01","guid":{"rendered":"https:\/\/vieassociative.be\/actualites\/les-messages-google-viennent-de-resoudre-des-problemes-serieux-avec-la-reception-de-photos-et-de-videos\/"},"modified":"2025-03-13T08:20:01","modified_gmt":"2025-03-13T07:20:01","slug":"les-messages-google-viennent-de-resoudre-des-problemes-serieux-avec-la-reception-de-photos-et-de-videos","status":"publish","type":"post","link":"https:\/\/vieassociative.be\/actualites\/les-messages-google-viennent-de-resoudre-des-problemes-serieux-avec-la-reception-de-photos-et-de-videos\/","title":{"rendered":"Les messages Google viennent de r\u00e9soudre des probl\u00e8mes s\u00e9rieux avec la r\u00e9ception de photos et de vid\u00e9os"},"content":{"rendered":"<div class=\"mt-4 leading-6 md:mb-8\">Les messages Google devraient fonctionner un peu mieux maintenant.<\/div>\n<p><\/p>\n<p>Si vous avez trait\u00e9 des probl\u00e8mes de messages Google &#8211; en particulier en ce qui concerne l&rsquo;envoi de photos et de vid\u00e9os &#8211; vous n&rsquo;\u00eates pas seul. Messages Les utilisateurs se plaignent d&rsquo;images qui sont lentes \u00e0 charger lorsqu&rsquo;elles sont envoy\u00e9es via RCS. Les m\u00e9dias apparaissent floues pendant des minutes \u00e0 la fois avant que les utilisateurs puissent les ouvrir. Des photos et des vid\u00e9os arrivent \u00e9galement compress\u00e9es, ce qui est quelque chose \u00e0 pr\u00e9voir sur les SMS, pas sur RCS.<\/p>\n<p>Heureusement pour les personnes touch\u00e9es, Google a pris note. Dans un article de mardi sur le site Web d&rsquo;assistance de l&rsquo;entreprise, un responsable communautaire a reconnu les \u00ab\u00a0probl\u00e8mes frustrants\u00a0\u00bb avec l&rsquo;envoi de m\u00e9dias dans Google Messages et a partag\u00e9 de bonnes nouvelles: l&rsquo;\u00e9quipe Google a \u00ab\u00a0travaill\u00e9 activement \u00e0 ce sujet\u00a0\u00bb et a publi\u00e9 des mises \u00e0 jour d\u00e9di\u00e9es \u00e0 \u00ab\u00a0l&rsquo;am\u00e9lioration consid\u00e9rable des performances de r\u00e9ception des m\u00e9dias\u00a0\u00bb.  <\/p>\n<p>Il ne semble pas y avoir de nouvelle mise \u00e0 jour \u00e0 installer pour r\u00e9soudre les probl\u00e8mes du c\u00f4t\u00e9 des utilisateurs, ce qui indique probablement que ces modifications se produisent dans les coulisses du c\u00f4t\u00e9 de Google. Pourtant, cela ne fait pas de mal de maintenir les messages Google lui-m\u00eame. Dirigez-vous vers sa page Play Store pour vous assurer que vous ex\u00e9cutez la derni\u00e8re version de l&rsquo;application. Sinon, vous voudrez frapper <strong>Mise \u00e0 jour<\/strong>. Esp\u00e9rons que, apr\u00e8s toutes ces modifications, vous serez pour de bon ces probl\u00e8mes m\u00e9diatiques. <\/p>\n<p>Malgr\u00e9 l&rsquo;optimisme de l&rsquo;entreprise \u00e0 propos de la mise \u00e0 jour, le Post sugg\u00e8re que les probl\u00e8mes ici pourraient \u00eatre compliqu\u00e9s. Cela n&rsquo;aide pas que Google \u00e9vite d&rsquo;identifier les fonctionnalit\u00e9s sp\u00e9cifiques en question qu&rsquo;ils ont abord\u00e9es, les notant simplement comme des ralentissements et des \u00e9checs avec les m\u00e9dias. En tant que tel, Google encourage les utilisateurs \u00e0 continuer de partager les probl\u00e8mes qu&rsquo;ils rencontrent. Que cela signifie que Google sait que ces probl\u00e8mes particuliers pourraient encore \u00eatre pr\u00e9sents lors de l&rsquo;envoi et de la r\u00e9ception des m\u00e9dias dans Google Messages n&rsquo;est pas clair, mais c&rsquo;est un bon contexte \u00e0 l&rsquo;avenir. <\/p>\n<h2 id=\"how-to-report-google-messages-bugs-to-google\">Comment signaler Google Message Bogs \u00e0 Google<\/h2>\n<p>Si apr\u00e8s aujourd&rsquo;hui, vous rencontrez toujours ces probl\u00e8mes m\u00e9diatiques, ou tout probl\u00e8me avec Google Messages, vous devriez en parler \u00e0 Google. Pour ce faire, ouvrez l&rsquo;application, appuyez sur votre ic\u00f4ne de profil en haut \u00e0 droite, puis choisissez <strong>Aide et commentaires<\/strong>. Robinet <strong>Envoyer des commentaires <\/strong>Au bas de cette page, choisissez si vous souhaitez que Google Play Services d&rsquo;acc\u00e9der \u00e0 vos journaux de l&rsquo;appareil. (Choisir de ne pas \u00eatre bien.) Depuis ici, vous pouvez r\u00e9diger vos commentaires et y compris des captures d&rsquo;\u00e9cran ou des journaux syst\u00e8me si vous le souhaitez, avant d&rsquo;envoyer les commentaires en tant que courriel.<\/p>\n","protected":false},"excerpt":{"rendered":"<p>Les messages Google devraient fonctionner un peu mieux maintenant. Si vous avez trait\u00e9 des probl\u00e8mes de messages Google &#8211; en particulier en ce qui concerne<\/p>\n","protected":false},"author":1,"featured_media":5845,"comment_status":"","ping_status":"","sticky":false,"template":"","format":"standard","meta":{"footnotes":""},"categories":[13],"tags":[61,29,968,14,28,283,977,627,976,1665,1189,1626],"class_list":["post-5844","post","type-post","status-publish","format-standard","has-post-thumbnail","hentry","category-technologie","tag-avec","tag-des","tag-google","tag-les","tag-messages","tag-photos","tag-problemes","tag-reception","tag-resoudre","tag-serieux","tag-videos","tag-viennent","generate-columns","tablet-grid-50","mobile-grid-100","grid-parent","grid-33"],"yoast_head":"<!-- This site is optimized with the Yoast SEO plugin v24.0 - https:\/\/yoast.com\/wordpress\/plugins\/seo\/ -->\n<title>Les messages Google viennent de r\u00e9soudre des probl\u00e8mes s\u00e9rieux avec la r\u00e9ception de photos et de vid\u00e9os | Vie Associative<\/title>\n<meta name=\"robots\" content=\"index, follow, max-snippet:-1, max-image-preview:large, max-video-preview:-1\" \/>\n<link rel=\"canonical\" href=\"https:\/\/vieassociative.be\/actualites\/les-messages-google-viennent-de-resoudre-des-problemes-serieux-avec-la-reception-de-photos-et-de-videos\/\" \/>\n<meta property=\"og:locale\" content=\"fr_FR\" \/>\n<meta property=\"og:type\" content=\"article\" \/>\n<meta property=\"og:title\" content=\"Les messages Google viennent de r\u00e9soudre des probl\u00e8mes s\u00e9rieux avec la r\u00e9ception de photos et de vid\u00e9os | Vie Associative\" \/>\n<meta property=\"og:description\" content=\"Les messages Google devraient fonctionner un peu mieux maintenant. Si vous avez trait\u00e9 des probl\u00e8mes de messages Google &#8211; en particulier en ce qui concerne\" \/>\n<meta property=\"og:url\" content=\"https:\/\/vieassociative.be\/actualites\/les-messages-google-viennent-de-resoudre-des-problemes-serieux-avec-la-reception-de-photos-et-de-videos\/\" \/>\n<meta property=\"og:site_name\" content=\"Vie Associative\" \/>\n<meta property=\"article:published_time\" content=\"2025-03-13T07:20:01+00:00\" \/>\n<meta property=\"og:image\" content=\"https:\/\/vieassociative.be\/actualites\/wp-content\/uploads\/2024\/09\/header_backgroundk-01-e1726694325946.png\" \/>\n\t<meta property=\"og:image:width\" content=\"279\" \/>\n\t<meta property=\"og:image:height\" content=\"92\" \/>\n\t<meta property=\"og:image:type\" content=\"image\/png\" \/>\n<meta name=\"author\" content=\"Julien\" \/>\n<meta name=\"twitter:card\" content=\"summary_large_image\" \/>\n<meta name=\"twitter:label1\" content=\"\u00c9crit par\" \/>\n\t<meta name=\"twitter:data1\" content=\"Julien\" \/>\n\t<meta name=\"twitter:label2\" content=\"Dur\u00e9e de lecture est.\" \/>\n\t<meta name=\"twitter:data2\" content=\"2 minutes\" \/>\n<script type=\"application\/ld+json\" class=\"yoast-schema-graph\">{\"@context\":\"https:\/\/schema.org\",\"@graph\":[{\"@type\":\"Article\",\"@id\":\"https:\/\/vieassociative.be\/actualites\/les-messages-google-viennent-de-resoudre-des-problemes-serieux-avec-la-reception-de-photos-et-de-videos\/#article\",\"isPartOf\":{\"@id\":\"https:\/\/vieassociative.be\/actualites\/les-messages-google-viennent-de-resoudre-des-problemes-serieux-avec-la-reception-de-photos-et-de-videos\/\"},\"author\":{\"name\":\"Julien\",\"@id\":\"https:\/\/vieassociative.be\/actualites\/#\/schema\/person\/b87ac4f82f9d4e7b7cec7395b679edc4\"},\"headline\":\"Les messages Google viennent de r\u00e9soudre des probl\u00e8mes s\u00e9rieux avec la r\u00e9ception de photos et de vid\u00e9os\",\"datePublished\":\"2025-03-13T07:20:01+00:00\",\"dateModified\":\"2025-03-13T07:20:01+00:00\",\"mainEntityOfPage\":{\"@id\":\"https:\/\/vieassociative.be\/actualites\/les-messages-google-viennent-de-resoudre-des-problemes-serieux-avec-la-reception-de-photos-et-de-videos\/\"},\"wordCount\":529,\"publisher\":{\"@id\":\"https:\/\/vieassociative.be\/actualites\/#organization\"},\"image\":{\"@id\":\"https:\/\/vieassociative.be\/actualites\/les-messages-google-viennent-de-resoudre-des-problemes-serieux-avec-la-reception-de-photos-et-de-videos\/#primaryimage\"},\"thumbnailUrl\":\"https:\/\/vieassociative.be\/actualites\/wp-content\/uploads\/2025\/03\/Les-messages-Google-viennent-de-resoudre-des-problemes-serieux-avec.jpg\",\"keywords\":[\"avec\",\"Des\",\"Google\",\"Les\",\"messages\",\"Photos\",\"probl\u00e8mes\",\"r\u00e9ception\",\"r\u00e9soudre\",\"s\u00e9rieux\",\"vid\u00e9os\",\"viennent\"],\"articleSection\":[\"Technologie\"],\"inLanguage\":\"fr-BE\"},{\"@type\":\"WebPage\",\"@id\":\"https:\/\/vieassociative.be\/actualites\/les-messages-google-viennent-de-resoudre-des-problemes-serieux-avec-la-reception-de-photos-et-de-videos\/\",\"url\":\"https:\/\/vieassociative.be\/actualites\/les-messages-google-viennent-de-resoudre-des-problemes-serieux-avec-la-reception-de-photos-et-de-videos\/\",\"name\":\"Les messages Google viennent de r\u00e9soudre des probl\u00e8mes s\u00e9rieux avec la r\u00e9ception de photos et de vid\u00e9os | Vie Associative\",\"isPartOf\":{\"@id\":\"https:\/\/vieassociative.be\/actualites\/#website\"},\"primaryImageOfPage\":{\"@id\":\"https:\/\/vieassociative.be\/actualites\/les-messages-google-viennent-de-resoudre-des-problemes-serieux-avec-la-reception-de-photos-et-de-videos\/#primaryimage\"},\"image\":{\"@id\":\"https:\/\/vieassociative.be\/actualites\/les-messages-google-viennent-de-resoudre-des-problemes-serieux-avec-la-reception-de-photos-et-de-videos\/#primaryimage\"},\"thumbnailUrl\":\"https:\/\/vieassociative.be\/actualites\/wp-content\/uploads\/2025\/03\/Les-messages-Google-viennent-de-resoudre-des-problemes-serieux-avec.jpg\",\"datePublished\":\"2025-03-13T07:20:01+00:00\",\"dateModified\":\"2025-03-13T07:20:01+00:00\",\"breadcrumb\":{\"@id\":\"https:\/\/vieassociative.be\/actualites\/les-messages-google-viennent-de-resoudre-des-problemes-serieux-avec-la-reception-de-photos-et-de-videos\/#breadcrumb\"},\"inLanguage\":\"fr-BE\",\"potentialAction\":[{\"@type\":\"ReadAction\",\"target\":[\"https:\/\/vieassociative.be\/actualites\/les-messages-google-viennent-de-resoudre-des-problemes-serieux-avec-la-reception-de-photos-et-de-videos\/\"]}]},{\"@type\":\"ImageObject\",\"inLanguage\":\"fr-BE\",\"@id\":\"https:\/\/vieassociative.be\/actualites\/les-messages-google-viennent-de-resoudre-des-problemes-serieux-avec-la-reception-de-photos-et-de-videos\/#primaryimage\",\"url\":\"https:\/\/vieassociative.be\/actualites\/wp-content\/uploads\/2025\/03\/Les-messages-Google-viennent-de-resoudre-des-problemes-serieux-avec.jpg\",\"contentUrl\":\"https:\/\/vieassociative.be\/actualites\/wp-content\/uploads\/2025\/03\/Les-messages-Google-viennent-de-resoudre-des-problemes-serieux-avec.jpg\",\"width\":1200,\"height\":675,\"caption\":\"Les messages Google viennent de r\u00e9soudre des probl\u00e8mes s\u00e9rieux avec la r\u00e9ception de photos et de vid\u00e9os\"},{\"@type\":\"BreadcrumbList\",\"@id\":\"https:\/\/vieassociative.be\/actualites\/les-messages-google-viennent-de-resoudre-des-problemes-serieux-avec-la-reception-de-photos-et-de-videos\/#breadcrumb\",\"itemListElement\":[{\"@type\":\"ListItem\",\"position\":1,\"name\":\"Accueil\",\"item\":\"https:\/\/vieassociative.be\/actualites\/\"},{\"@type\":\"ListItem\",\"position\":2,\"name\":\"Les messages Google viennent de r\u00e9soudre des probl\u00e8mes s\u00e9rieux avec la r\u00e9ception de photos et de vid\u00e9os\"}]},{\"@type\":\"WebSite\",\"@id\":\"https:\/\/vieassociative.be\/actualites\/#website\",\"url\":\"https:\/\/vieassociative.be\/actualites\/\",\"name\":\"Vie Associative\",\"description\":\"\",\"publisher\":{\"@id\":\"https:\/\/vieassociative.be\/actualites\/#organization\"},\"potentialAction\":[{\"@type\":\"SearchAction\",\"target\":{\"@type\":\"EntryPoint\",\"urlTemplate\":\"https:\/\/vieassociative.be\/actualites\/?s={search_term_string}\"},\"query-input\":{\"@type\":\"PropertyValueSpecification\",\"valueRequired\":true,\"valueName\":\"search_term_string\"}}],\"inLanguage\":\"fr-BE\"},{\"@type\":\"Organization\",\"@id\":\"https:\/\/vieassociative.be\/actualites\/#organization\",\"name\":\"Vie Associative\",\"url\":\"https:\/\/vieassociative.be\/actualites\/\",\"logo\":{\"@type\":\"ImageObject\",\"inLanguage\":\"fr-BE\",\"@id\":\"https:\/\/vieassociative.be\/actualites\/#\/schema\/logo\/image\/\",\"url\":\"https:\/\/vieassociative.be\/actualites\/wp-content\/uploads\/2024\/09\/cropped-vieassociative_favicon.ico.png\",\"contentUrl\":\"https:\/\/vieassociative.be\/actualites\/wp-content\/uploads\/2024\/09\/cropped-vieassociative_favicon.ico.png\",\"width\":512,\"height\":512,\"caption\":\"Vie Associative\"},\"image\":{\"@id\":\"https:\/\/vieassociative.be\/actualites\/#\/schema\/logo\/image\/\"}},{\"@type\":\"Person\",\"@id\":\"https:\/\/vieassociative.be\/actualites\/#\/schema\/person\/b87ac4f82f9d4e7b7cec7395b679edc4\",\"name\":\"Julien\",\"image\":{\"@type\":\"ImageObject\",\"inLanguage\":\"fr-BE\",\"@id\":\"https:\/\/vieassociative.be\/actualites\/#\/schema\/person\/image\/\",\"url\":\"https:\/\/vieassociative.be\/actualites\/wp-content\/uploads\/2024\/09\/vie-associative-1-150x150.jpg\",\"contentUrl\":\"https:\/\/vieassociative.be\/actualites\/wp-content\/uploads\/2024\/09\/vie-associative-1-150x150.jpg\",\"caption\":\"Julien\"},\"description\":\"Je suis Julien, r\u00e9dacteur pour Vie Associative. Passionn\u00e9 par le monde associatif depuis plus de 10 ans, j'ai \u00e0 c\u0153ur de partager des histoires inspirantes et de mettre en lumi\u00e8re les initiatives locales. Mon objectif est de sensibiliser et d'encourager l'engagement communautaire \u00e0 travers mes articles.\",\"sameAs\":[\"https:\/\/vieassociative.be\/\"]}]}<\/script>\n<!-- \/ Yoast SEO plugin. -->","yoast_head_json":{"title":"Les messages Google viennent de r\u00e9soudre des probl\u00e8mes s\u00e9rieux avec la r\u00e9ception de photos et de vid\u00e9os | Vie Associative","robots":{"index":"index","follow":"follow","max-snippet":"max-snippet:-1","max-image-preview":"max-image-preview:large","max-video-preview":"max-video-preview:-1"},"canonical":"https:\/\/vieassociative.be\/actualites\/les-messages-google-viennent-de-resoudre-des-problemes-serieux-avec-la-reception-de-photos-et-de-videos\/","og_locale":"fr_FR","og_type":"article","og_title":"Les messages Google viennent de r\u00e9soudre des probl\u00e8mes s\u00e9rieux avec la r\u00e9ception de photos et de vid\u00e9os | Vie Associative","og_description":"Les messages Google devraient fonctionner un peu mieux maintenant. Si vous avez trait\u00e9 des probl\u00e8mes de messages Google &#8211; en particulier en ce qui concerne","og_url":"https:\/\/vieassociative.be\/actualites\/les-messages-google-viennent-de-resoudre-des-problemes-serieux-avec-la-reception-de-photos-et-de-videos\/","og_site_name":"Vie Associative","article_published_time":"2025-03-13T07:20:01+00:00","og_image":[{"width":279,"height":92,"url":"https:\/\/vieassociative.be\/actualites\/wp-content\/uploads\/2024\/09\/header_backgroundk-01-e1726694325946.png","type":"image\/png"}],"author":"Julien","twitter_card":"summary_large_image","twitter_misc":{"\u00c9crit par":"Julien","Dur\u00e9e de lecture est.":"2 minutes"},"schema":{"@context":"https:\/\/schema.org","@graph":[{"@type":"Article","@id":"https:\/\/vieassociative.be\/actualites\/les-messages-google-viennent-de-resoudre-des-problemes-serieux-avec-la-reception-de-photos-et-de-videos\/#article","isPartOf":{"@id":"https:\/\/vieassociative.be\/actualites\/les-messages-google-viennent-de-resoudre-des-problemes-serieux-avec-la-reception-de-photos-et-de-videos\/"},"author":{"name":"Julien","@id":"https:\/\/vieassociative.be\/actualites\/#\/schema\/person\/b87ac4f82f9d4e7b7cec7395b679edc4"},"headline":"Les messages Google viennent de r\u00e9soudre des probl\u00e8mes s\u00e9rieux avec la r\u00e9ception de photos et de vid\u00e9os","datePublished":"2025-03-13T07:20:01+00:00","dateModified":"2025-03-13T07:20:01+00:00","mainEntityOfPage":{"@id":"https:\/\/vieassociative.be\/actualites\/les-messages-google-viennent-de-resoudre-des-problemes-serieux-avec-la-reception-de-photos-et-de-videos\/"},"wordCount":529,"publisher":{"@id":"https:\/\/vieassociative.be\/actualites\/#organization"},"image":{"@id":"https:\/\/vieassociative.be\/actualites\/les-messages-google-viennent-de-resoudre-des-problemes-serieux-avec-la-reception-de-photos-et-de-videos\/#primaryimage"},"thumbnailUrl":"https:\/\/vieassociative.be\/actualites\/wp-content\/uploads\/2025\/03\/Les-messages-Google-viennent-de-resoudre-des-problemes-serieux-avec.jpg","keywords":["avec","Des","Google","Les","messages","Photos","probl\u00e8mes","r\u00e9ception","r\u00e9soudre","s\u00e9rieux","vid\u00e9os","viennent"],"articleSection":["Technologie"],"inLanguage":"fr-BE"},{"@type":"WebPage","@id":"https:\/\/vieassociative.be\/actualites\/les-messages-google-viennent-de-resoudre-des-problemes-serieux-avec-la-reception-de-photos-et-de-videos\/","url":"https:\/\/vieassociative.be\/actualites\/les-messages-google-viennent-de-resoudre-des-problemes-serieux-avec-la-reception-de-photos-et-de-videos\/","name":"Les messages Google viennent de r\u00e9soudre des probl\u00e8mes s\u00e9rieux avec la r\u00e9ception de photos et de vid\u00e9os | Vie Associative","isPartOf":{"@id":"https:\/\/vieassociative.be\/actualites\/#website"},"primaryImageOfPage":{"@id":"https:\/\/vieassociative.be\/actualites\/les-messages-google-viennent-de-resoudre-des-problemes-serieux-avec-la-reception-de-photos-et-de-videos\/#primaryimage"},"image":{"@id":"https:\/\/vieassociative.be\/actualites\/les-messages-google-viennent-de-resoudre-des-problemes-serieux-avec-la-reception-de-photos-et-de-videos\/#primaryimage"},"thumbnailUrl":"https:\/\/vieassociative.be\/actualites\/wp-content\/uploads\/2025\/03\/Les-messages-Google-viennent-de-resoudre-des-problemes-serieux-avec.jpg","datePublished":"2025-03-13T07:20:01+00:00","dateModified":"2025-03-13T07:20:01+00:00","breadcrumb":{"@id":"https:\/\/vieassociative.be\/actualites\/les-messages-google-viennent-de-resoudre-des-problemes-serieux-avec-la-reception-de-photos-et-de-videos\/#breadcrumb"},"inLanguage":"fr-BE","potentialAction":[{"@type":"ReadAction","target":["https:\/\/vieassociative.be\/actualites\/les-messages-google-viennent-de-resoudre-des-problemes-serieux-avec-la-reception-de-photos-et-de-videos\/"]}]},{"@type":"ImageObject","inLanguage":"fr-BE","@id":"https:\/\/vieassociative.be\/actualites\/les-messages-google-viennent-de-resoudre-des-problemes-serieux-avec-la-reception-de-photos-et-de-videos\/#primaryimage","url":"https:\/\/vieassociative.be\/actualites\/wp-content\/uploads\/2025\/03\/Les-messages-Google-viennent-de-resoudre-des-problemes-serieux-avec.jpg","contentUrl":"https:\/\/vieassociative.be\/actualites\/wp-content\/uploads\/2025\/03\/Les-messages-Google-viennent-de-resoudre-des-problemes-serieux-avec.jpg","width":1200,"height":675,"caption":"Les messages Google viennent de r\u00e9soudre des probl\u00e8mes s\u00e9rieux avec la r\u00e9ception de photos et de vid\u00e9os"},{"@type":"BreadcrumbList","@id":"https:\/\/vieassociative.be\/actualites\/les-messages-google-viennent-de-resoudre-des-problemes-serieux-avec-la-reception-de-photos-et-de-videos\/#breadcrumb","itemListElement":[{"@type":"ListItem","position":1,"name":"Accueil","item":"https:\/\/vieassociative.be\/actualites\/"},{"@type":"ListItem","position":2,"name":"Les messages Google viennent de r\u00e9soudre des probl\u00e8mes s\u00e9rieux avec la r\u00e9ception de photos et de vid\u00e9os"}]},{"@type":"WebSite","@id":"https:\/\/vieassociative.be\/actualites\/#website","url":"https:\/\/vieassociative.be\/actualites\/","name":"Vie Associative","description":"","publisher":{"@id":"https:\/\/vieassociative.be\/actualites\/#organization"},"potentialAction":[{"@type":"SearchAction","target":{"@type":"EntryPoint","urlTemplate":"https:\/\/vieassociative.be\/actualites\/?s={search_term_string}"},"query-input":{"@type":"PropertyValueSpecification","valueRequired":true,"valueName":"search_term_string"}}],"inLanguage":"fr-BE"},{"@type":"Organization","@id":"https:\/\/vieassociative.be\/actualites\/#organization","name":"Vie Associative","url":"https:\/\/vieassociative.be\/actualites\/","logo":{"@type":"ImageObject","inLanguage":"fr-BE","@id":"https:\/\/vieassociative.be\/actualites\/#\/schema\/logo\/image\/","url":"https:\/\/vieassociative.be\/actualites\/wp-content\/uploads\/2024\/09\/cropped-vieassociative_favicon.ico.png","contentUrl":"https:\/\/vieassociative.be\/actualites\/wp-content\/uploads\/2024\/09\/cropped-vieassociative_favicon.ico.png","width":512,"height":512,"caption":"Vie Associative"},"image":{"@id":"https:\/\/vieassociative.be\/actualites\/#\/schema\/logo\/image\/"}},{"@type":"Person","@id":"https:\/\/vieassociative.be\/actualites\/#\/schema\/person\/b87ac4f82f9d4e7b7cec7395b679edc4","name":"Julien","image":{"@type":"ImageObject","inLanguage":"fr-BE","@id":"https:\/\/vieassociative.be\/actualites\/#\/schema\/person\/image\/","url":"https:\/\/vieassociative.be\/actualites\/wp-content\/uploads\/2024\/09\/vie-associative-1-150x150.jpg","contentUrl":"https:\/\/vieassociative.be\/actualites\/wp-content\/uploads\/2024\/09\/vie-associative-1-150x150.jpg","caption":"Julien"},"description":"Je suis Julien, r\u00e9dacteur pour Vie Associative. Passionn\u00e9 par le monde associatif depuis plus de 10 ans, j'ai \u00e0 c\u0153ur de partager des histoires inspirantes et de mettre en lumi\u00e8re les initiatives locales. Mon objectif est de sensibiliser et d'encourager l'engagement communautaire \u00e0 travers mes articles.","sameAs":["https:\/\/vieassociative.be\/"]}]}},"_links":{"self":[{"href":"https:\/\/vieassociative.be\/actualites\/wp-json\/wp\/v2\/posts\/5844"}],"collection":[{"href":"https:\/\/vieassociative.be\/actualites\/wp-json\/wp\/v2\/posts"}],"about":[{"href":"https:\/\/vieassociative.be\/actualites\/wp-json\/wp\/v2\/types\/post"}],"author":[{"embeddable":true,"href":"https:\/\/vieassociative.be\/actualites\/wp-json\/wp\/v2\/users\/1"}],"replies":[{"embeddable":true,"href":"https:\/\/vieassociative.be\/actualites\/wp-json\/wp\/v2\/comments?post=5844"}],"version-history":[{"count":0,"href":"https:\/\/vieassociative.be\/actualites\/wp-json\/wp\/v2\/posts\/5844\/revisions"}],"wp:featuredmedia":[{"embeddable":true,"href":"https:\/\/vieassociative.be\/actualites\/wp-json\/wp\/v2\/media\/5845"}],"wp:attachment":[{"href":"https:\/\/vieassociative.be\/actualites\/wp-json\/wp\/v2\/media?parent=5844"}],"wp:term":[{"taxonomy":"category","embeddable":true,"href":"https:\/\/vieassociative.be\/actualites\/wp-json\/wp\/v2\/categories?post=5844"},{"taxonomy":"post_tag","embeddable":true,"href":"https:\/\/vieassociative.be\/actualites\/wp-json\/wp\/v2\/tags?post=5844"}],"curies":[{"name":"wp","href":"https:\/\/api.w.org\/{rel}","templated":true}]}}