{"id":5843,"date":"2025-03-13T06:22:19","date_gmt":"2025-03-13T05:22:19","guid":{"rendered":"https:\/\/vieassociative.be\/actualites\/six-facons-de-faire-mieux-refleter-votre-decoration-interieure-pour-refleter-votre-personnalite-2\/"},"modified":"2025-03-13T06:22:19","modified_gmt":"2025-03-13T05:22:19","slug":"six-facons-de-faire-mieux-refleter-votre-decoration-interieure-pour-refleter-votre-personnalite-2","status":"publish","type":"post","link":"https:\/\/vieassociative.be\/actualites\/six-facons-de-faire-mieux-refleter-votre-decoration-interieure-pour-refleter-votre-personnalite-2\/","title":{"rendered":"Six fa\u00e7ons de faire mieux refl\u00e9ter votre d\u00e9coration int\u00e9rieure pour refl\u00e9ter votre personnalit\u00e9"},"content":{"rendered":"<div class=\"mt-4 leading-6 md:mb-8\">Voici le secret pour se sentir vraiment \u00ab\u00e0 la maison\u00bb dans votre maison.<\/div>\n<p><\/p>\n<p>Les Am\u00e9ricains d\u00e9pensent pr\u00e8s de 28 milliards de dollars pour la d\u00e9coration int\u00e9rieure chaque ann\u00e9e, et il y a de bonnes raisons. Nos maisons sont des espaces incroyablement personnels &#8211; ils sont l\u00e0 o\u00f9 nous nous promenons dans nos sous-v\u00eatements, o\u00f9 nous nous parlons, o\u00f9 nous passons des moments intimes avec nos familles. C&rsquo;est pourquoi la d\u00e9coration de nos maisons n&rsquo;est pas frivole &#8211; il est important que l&rsquo;espace dans lequel nous vivons soit confortable, utilisable et, peut-\u00eatre surtout, <em>personnel<\/em>.<\/p>\n<p>Rendre votre maison belle tout en refl\u00e9tant votre personnalit\u00e9 peut sembler intimidante, cependant. Les \u00e9missions de conception \u00e0 la t\u00e9l\u00e9vision offrent une norme impossible de go\u00fbt suppos\u00e9, et il est facile de croire que vous avez besoin d&rsquo;un architecte d&rsquo;int\u00e9rieur professionnel ou que votre maison sera collante ou bon march\u00e9. En r\u00e9alit\u00e9, il n&rsquo;est pas si difficile d&rsquo;infuser votre maison avec votre personnalit\u00e9. La cl\u00e9 est de se rappeler que <em>toi<\/em> vivre l\u00e0-bas, pas les designers d&rsquo;int\u00e9rieur du monde. Voici six approches pratiques pour faire en sorte que votre d\u00e9coration int\u00e9rieure refl\u00e8te votre personnalit\u00e9.<\/p>\n<h2 id=\"space-for-your-stuff\">De l&rsquo;espace pour <em>ton<\/em> truc<\/h2>\n<p>La premi\u00e8re \u00e9tape vers la cr\u00e9ation d&rsquo;une maison comme un espace intime qui refl\u00e8te votre personnalit\u00e9 est de faire de la place pour les choses que vous aimez. Si vous collectez quelque chose, r\u00e9fl\u00e9chissez \u00e0 la fa\u00e7on d&rsquo;afficher cette collection dans un endroit sp\u00e9cifique \u00e0 la maison ou distribu\u00e9 dans tout l&rsquo;espace. Si vous \u00eates un lecteur passionn\u00e9, par exemple, au lieu de concentrer vos livres dans une pi\u00e8ce sp\u00e9cifique, pensez \u00e0 faire int\u00e9grer les livres dans tout l&rsquo;espace. Si vous collectez de l&rsquo;art, mettez-le sur les murs partout sans vous soucier de savoir si vous avez un \u00ab\u0153il\u00bb pour cela, ou si ce n&rsquo;est pas cher &#8211; illustrez cette vente de garage color\u00e9e, des peintures de march\u00e9 aux puces qui vous pr\u00e9sentent la joie.<\/p>\n<p>La cl\u00e9 est de rendre les choses que vous aimez visibles et une partie de l&rsquo;espace. Non seulement il apporte litt\u00e9ralement les aspects visuels de votre personnalit\u00e9 dans chaque pi\u00e8ce, mais vous rendra heureux chaque fois que vous le voyez.<\/p>\n<h2 id=\"be-practical\">\u00catre pratique<\/h2>\n<p>Un moyen facile de faire en sorte que une maison se sente g\u00e9n\u00e9rique est d&rsquo;approcher chaque pi\u00e8ce comme un espace neutre d\u00e8s le d\u00e9but. Les espaces de votre maison peuvent tous avoir des utilisations et des applications sp\u00e9cifiques. Certains sont \u00e9vidents &#8211; les kitchens sont des cuisines, les salles de bains sont des salles de bains &#8211; mais d&rsquo;autres espaces peuvent \u00eatre utilis\u00e9s comme vous le souhaitez. Les chambres peuvent \u00eatre des bureaux, des biblioth\u00e8ques, des salles d&rsquo;artisanat, des studios d&rsquo;enregistrement ou autre chose. Les atterrissages, les couloirs et les placards peuvent \u00e9galement \u00eatre utilis\u00e9s de diverses mani\u00e8res cr\u00e9atives. Lors de la conception de l&rsquo;apparence de ces espaces, commencez par comment <em>toi<\/em> utilisera la salle &#8211; pas comment l&rsquo;agent immobilier l&rsquo;a d\u00e9crit, ni comment les propri\u00e9taires pr\u00e9c\u00e9dents l&rsquo;ont utilis\u00e9. Oubliez les tendances et d\u00e9corez l&rsquo;espace en fonction de la fonction pour laquelle vous l&rsquo;utilisez. Cela facilitera l&rsquo;utilisation de l&rsquo;espace comme vous le souhaitez, ce qui le rendra plus personnel.<\/p>\n<h2 id=\"embrace-chaos\">Embrasser le chaos<\/h2>\n<p>Beaucoup de gens \u00e9prouvent une forme de \u00abparalysie de d\u00e9cision\u00bb lors de la d\u00e9coration de leur maison parce qu&rsquo;ils craignent de bien faire les choses, ou que les gens penseront qu&rsquo;ils ont un mauvais go\u00fbt. Cela se traduit souvent par des d\u00e9cisions de conception tr\u00e8s neutres &#8211; apr\u00e8s tous, les gens pourraient \u00eatre ennuy\u00e9s par une esth\u00e9tique neutre et s\u00fbre, mais ils ne se moqueront pas de vous pour vous.<\/p>\n<p>Cela se traduit par une maison qui ne vous ressemblera jamais, cependant, si vous voulez que votre espace refl\u00e8te votre personnalit\u00e9, vous devez embrasser le chaos et cesser de vous soucier de la perfection. Cela signifie choisir des meubles, des couleurs et des pi\u00e8ces d&rsquo;accentuation que vous aimez, qu&rsquo;ils \u00abfonctionnent\u00bb dans un sens traditionnel. La cl\u00e9 ici est d&#8217;embrasser la \u00abd\u00e9coration lente\u00bb &#8211; se concentrer sur une d\u00e9coration qui durera et fonctionnera, par opposition \u00e0 la gratification instantan\u00e9e et prendra votre temps. Votre espace se r\u00e9unira lorsque vous modifierez et affinez vos choix &#8211; et en attendant, les choses qui vous donnent de l&rsquo;\u00e9nergie seront expos\u00e9es et utilis\u00e9es, ce qui rend votre maison personnalis\u00e9e.<\/p>\n<h2 id=\"go-small\">Aller petit<\/h2>\n<p>Amener votre personnalit\u00e9 dans le d\u00e9cor de votre maison ne doit pas vous donner une attaque de panique. Si vous n&rsquo;\u00eates pas \u00e0 l&rsquo;aise de peindre vos murs, vos couleurs pr\u00e9f\u00e9r\u00e9es ou de vous pencher dans votre go\u00fbt r\u00e9solument bizarre dans les meubles vintage, allez plus neutre avec les gros trucs et utilisez des accents et des d\u00e9tails pour le rendre personnel. Cela pourrait \u00eatre un mur d&rsquo;accent dans une couleur pr\u00e9f\u00e9r\u00e9e, un mur d&rsquo;affichage avec de l&rsquo;art ou d&rsquo;autres articles qui vous apportent de la joie, ou simplement pla\u00e7ant de fa\u00e7on r\u00e9fl\u00e9chie des articles plus petits tout au long de votre go\u00fbt et apportent juste un soup\u00e7on de votre style tout au long. Vous pouvez \u00e9galement continuer \u00e0 augmenter le niveau de d\u00e9tails uniques au fil du temps, en vous d\u00e9pla\u00e7ant \u00e0 un rythme avec lequel vous \u00eates \u00e0 l&rsquo;aise.<\/p>\n<h2 id=\"use-your-history\">Utilisez votre historique<\/h2>\n<p>Nous sommes toutes la somme de nos exp\u00e9riences. Chaque voyage, chaque relation, chaque travail et aventure nous transforme en personnes que nous sommes. Appuyez sur cela lors de la conception de l&rsquo;apparence de votre maison. Les souvenirs et souvenirs, les photos de vos amis et exp\u00e9riences partag\u00e9es, et d&rsquo;autres morceaux de votre pass\u00e9 peuvent \u00eatre ins\u00e9r\u00e9s dans la conception globale de votre maison pour donner \u00e0 chaque pi\u00e8ce une sensation personnelle.<\/p>\n<p>Une astuce facile consiste \u00e0 apporter quelque chose de votre maison pr\u00e9c\u00e9dente que vous aimez. Cela pourrait \u00eatre n&rsquo;importe quoi &#8211; une poign\u00e9e ou une poign\u00e9e de tiroir que vous aimez, un luminaire ou un meuble qui est avec vous depuis des ann\u00e9es. Un exemple de ma propre vie est un bol de c\u00e9r\u00e9ales de mon enfance avec un personnage de dessin anim\u00e9 dessus &#8211; lorsque j&rsquo;ai emm\u00e9nag\u00e9 dans mon premier appartement, je l&rsquo;ai utilis\u00e9 comme bol pour mes cl\u00e9s et mon changement de rechange, et je l&rsquo;ai apport\u00e9 avec moi dans chaque maison suivante. Je n&rsquo;en ai plus besoin, mais le simple fait de l&rsquo;avoir dans l&rsquo;espace me fait me sentir plus \u00e0 l&rsquo;aise. Des trucs comme \u00e7a apporteront un sens de l&rsquo;histoire et de la continuit\u00e9 \u00e0 la conception qui sera tout \u00e0 propos de vous et de votre voyage, m\u00eame si cela n&rsquo;a pas tout \u00e0 fait de sens dans la conception.<\/p>\n<h2 id=\"subtle-not-literal\">Subtil et non litt\u00e9ral<\/h2>\n<p>Il est naturel de se tourner vers des th\u00e8mes \u00e9tablis et des traditions de conception pour un point de d\u00e9part lors de la conception de votre maison. Peut-\u00eatre que vous aimez un th\u00e8me \u00abnautique\u00bb, ou que vous \u00eates dans Cottagecore. Mais si vous allez trop litt\u00e9ral avec ce genre de th\u00e8mes, vous ne faites pas vraiment l&rsquo;endroit refl\u00e9tant votre personnalit\u00e9 &#8211; \u00e0 moins votre personnalit\u00e9 enti\u00e8re <em>est<\/em>en fait, de nature nautique.<\/p>\n<p>Au lieu de terminer votre espace dans les visuels litt\u00e9raux &#8211; les roues du navire! Fond d&rsquo;\u00e9cran du voilier! Les coquillages partout! &#8211; Dirisez-le \u00e0 un plus subtil. Si Nautical est votre truc, utilisez une palette de couleurs inspir\u00e9e de cette approche et utilisez uniquement autant de touches litt\u00e9rales que vous le souhaitez. Le garder subtil avec la couleur vous permet de calibrer le th\u00e8me \u00e0 votre go\u00fbt au lieu de noyer votre personnalit\u00e9 dans un style pr\u00e9fabriqu\u00e9.<\/p>\n<p>Et n&rsquo;ayez pas peur de s&rsquo;\u00e9carter. Ce n&rsquo;est pas parce que vous trouvez une palette de couleurs pour vos r\u00eaves CottageCore que vous ne pouvez pas vous en \u00e9loigner ou ajuster les d\u00e9tails. Choisir une couleur qui vous rend heureux, m\u00eame s&rsquo;il n&rsquo;est pas officiellement consid\u00e9r\u00e9 comme correct pour le th\u00e8me que vous travaillez, est la cl\u00e9 pour que tout cela se sente comme le v\u00f4tre.<\/p>\n","protected":false},"excerpt":{"rendered":"<p>Voici le secret pour se sentir vraiment \u00ab\u00e0 la maison\u00bb dans votre maison. Les Am\u00e9ricains d\u00e9pensent pr\u00e8s de 28 milliards de dollars pour la d\u00e9coration<\/p>\n","protected":false},"author":1,"featured_media":5777,"comment_status":"","ping_status":"","sticky":false,"template":"","format":"standard","meta":{"footnotes":""},"categories":[40],"tags":[5778,119,127,1317,1503,5779,81,5777,8],"class_list":["post-5843","post","type-post","status-publish","format-standard","has-post-thumbnail","hentry","category-maison","tag-decoration","tag-facons","tag-faire","tag-interieure","tag-mieux","tag-personnalite","tag-pour","tag-refleter","tag-votre","generate-columns","tablet-grid-50","mobile-grid-100","grid-parent","grid-33"],"yoast_head":"<!-- This site is optimized with the Yoast SEO plugin v24.0 - https:\/\/yoast.com\/wordpress\/plugins\/seo\/ -->\n<title>Six fa\u00e7ons de faire mieux refl\u00e9ter votre d\u00e9coration int\u00e9rieure pour refl\u00e9ter votre personnalit\u00e9 | Vie Associative<\/title>\n<meta name=\"robots\" content=\"index, follow, max-snippet:-1, max-image-preview:large, max-video-preview:-1\" \/>\n<link rel=\"canonical\" href=\"https:\/\/vieassociative.be\/actualites\/six-facons-de-faire-mieux-refleter-votre-decoration-interieure-pour-refleter-votre-personnalite-2\/\" \/>\n<meta property=\"og:locale\" content=\"fr_FR\" \/>\n<meta property=\"og:type\" content=\"article\" \/>\n<meta property=\"og:title\" content=\"Six fa\u00e7ons de faire mieux refl\u00e9ter votre d\u00e9coration int\u00e9rieure pour refl\u00e9ter votre personnalit\u00e9 | Vie Associative\" \/>\n<meta property=\"og:description\" content=\"Voici le secret pour se sentir vraiment \u00ab\u00e0 la maison\u00bb dans votre maison. Les Am\u00e9ricains d\u00e9pensent pr\u00e8s de 28 milliards de dollars pour la d\u00e9coration\" \/>\n<meta property=\"og:url\" content=\"https:\/\/vieassociative.be\/actualites\/six-facons-de-faire-mieux-refleter-votre-decoration-interieure-pour-refleter-votre-personnalite-2\/\" \/>\n<meta property=\"og:site_name\" content=\"Vie Associative\" \/>\n<meta property=\"article:published_time\" content=\"2025-03-13T05:22:19+00:00\" \/>\n<meta property=\"og:image\" content=\"https:\/\/vieassociative.be\/actualites\/wp-content\/uploads\/2024\/09\/header_backgroundk-01-e1726694325946.png\" \/>\n\t<meta property=\"og:image:width\" content=\"279\" \/>\n\t<meta property=\"og:image:height\" content=\"92\" \/>\n\t<meta property=\"og:image:type\" content=\"image\/png\" \/>\n<meta name=\"author\" content=\"Julien\" \/>\n<meta name=\"twitter:card\" content=\"summary_large_image\" \/>\n<meta name=\"twitter:label1\" content=\"\u00c9crit par\" \/>\n\t<meta name=\"twitter:data1\" content=\"Julien\" \/>\n\t<meta name=\"twitter:label2\" content=\"Dur\u00e9e de lecture est.\" \/>\n\t<meta name=\"twitter:data2\" content=\"7 minutes\" \/>\n<script type=\"application\/ld+json\" class=\"yoast-schema-graph\">{\"@context\":\"https:\/\/schema.org\",\"@graph\":[{\"@type\":\"Article\",\"@id\":\"https:\/\/vieassociative.be\/actualites\/six-facons-de-faire-mieux-refleter-votre-decoration-interieure-pour-refleter-votre-personnalite-2\/#article\",\"isPartOf\":{\"@id\":\"https:\/\/vieassociative.be\/actualites\/six-facons-de-faire-mieux-refleter-votre-decoration-interieure-pour-refleter-votre-personnalite-2\/\"},\"author\":{\"name\":\"Julien\",\"@id\":\"https:\/\/vieassociative.be\/actualites\/#\/schema\/person\/b87ac4f82f9d4e7b7cec7395b679edc4\"},\"headline\":\"Six fa\u00e7ons de faire mieux refl\u00e9ter votre d\u00e9coration int\u00e9rieure pour refl\u00e9ter votre personnalit\u00e9\",\"datePublished\":\"2025-03-13T05:22:19+00:00\",\"dateModified\":\"2025-03-13T05:22:19+00:00\",\"mainEntityOfPage\":{\"@id\":\"https:\/\/vieassociative.be\/actualites\/six-facons-de-faire-mieux-refleter-votre-decoration-interieure-pour-refleter-votre-personnalite-2\/\"},\"wordCount\":1478,\"publisher\":{\"@id\":\"https:\/\/vieassociative.be\/actualites\/#organization\"},\"image\":{\"@id\":\"https:\/\/vieassociative.be\/actualites\/six-facons-de-faire-mieux-refleter-votre-decoration-interieure-pour-refleter-votre-personnalite-2\/#primaryimage\"},\"thumbnailUrl\":\"https:\/\/vieassociative.be\/actualites\/wp-content\/uploads\/2025\/03\/Six-facons-de-faire-mieux-refleter-votre-decoration-interieure-pour.png\",\"keywords\":[\"d\u00e9coration\",\"fa\u00e7ons\",\"faire\",\"int\u00e9rieure\",\"mieux\",\"personnalit\u00e9\",\"pour\",\"refl\u00e9ter\",\"votre\"],\"articleSection\":[\"Maison\"],\"inLanguage\":\"fr-BE\"},{\"@type\":\"WebPage\",\"@id\":\"https:\/\/vieassociative.be\/actualites\/six-facons-de-faire-mieux-refleter-votre-decoration-interieure-pour-refleter-votre-personnalite-2\/\",\"url\":\"https:\/\/vieassociative.be\/actualites\/six-facons-de-faire-mieux-refleter-votre-decoration-interieure-pour-refleter-votre-personnalite-2\/\",\"name\":\"Six fa\u00e7ons de faire mieux refl\u00e9ter votre d\u00e9coration int\u00e9rieure pour refl\u00e9ter votre personnalit\u00e9 | Vie Associative\",\"isPartOf\":{\"@id\":\"https:\/\/vieassociative.be\/actualites\/#website\"},\"primaryImageOfPage\":{\"@id\":\"https:\/\/vieassociative.be\/actualites\/six-facons-de-faire-mieux-refleter-votre-decoration-interieure-pour-refleter-votre-personnalite-2\/#primaryimage\"},\"image\":{\"@id\":\"https:\/\/vieassociative.be\/actualites\/six-facons-de-faire-mieux-refleter-votre-decoration-interieure-pour-refleter-votre-personnalite-2\/#primaryimage\"},\"thumbnailUrl\":\"https:\/\/vieassociative.be\/actualites\/wp-content\/uploads\/2025\/03\/Six-facons-de-faire-mieux-refleter-votre-decoration-interieure-pour.png\",\"datePublished\":\"2025-03-13T05:22:19+00:00\",\"dateModified\":\"2025-03-13T05:22:19+00:00\",\"breadcrumb\":{\"@id\":\"https:\/\/vieassociative.be\/actualites\/six-facons-de-faire-mieux-refleter-votre-decoration-interieure-pour-refleter-votre-personnalite-2\/#breadcrumb\"},\"inLanguage\":\"fr-BE\",\"potentialAction\":[{\"@type\":\"ReadAction\",\"target\":[\"https:\/\/vieassociative.be\/actualites\/six-facons-de-faire-mieux-refleter-votre-decoration-interieure-pour-refleter-votre-personnalite-2\/\"]}]},{\"@type\":\"ImageObject\",\"inLanguage\":\"fr-BE\",\"@id\":\"https:\/\/vieassociative.be\/actualites\/six-facons-de-faire-mieux-refleter-votre-decoration-interieure-pour-refleter-votre-personnalite-2\/#primaryimage\",\"url\":\"https:\/\/vieassociative.be\/actualites\/wp-content\/uploads\/2025\/03\/Six-facons-de-faire-mieux-refleter-votre-decoration-interieure-pour.png\",\"contentUrl\":\"https:\/\/vieassociative.be\/actualites\/wp-content\/uploads\/2025\/03\/Six-facons-de-faire-mieux-refleter-votre-decoration-interieure-pour.png\",\"width\":1200,\"height\":675,\"caption\":\"Six fa\u00e7ons de faire mieux refl\u00e9ter votre d\u00e9coration int\u00e9rieure pour refl\u00e9ter votre personnalit\u00e9\"},{\"@type\":\"BreadcrumbList\",\"@id\":\"https:\/\/vieassociative.be\/actualites\/six-facons-de-faire-mieux-refleter-votre-decoration-interieure-pour-refleter-votre-personnalite-2\/#breadcrumb\",\"itemListElement\":[{\"@type\":\"ListItem\",\"position\":1,\"name\":\"Accueil\",\"item\":\"https:\/\/vieassociative.be\/actualites\/\"},{\"@type\":\"ListItem\",\"position\":2,\"name\":\"Six fa\u00e7ons de faire mieux refl\u00e9ter votre d\u00e9coration int\u00e9rieure pour refl\u00e9ter votre personnalit\u00e9\"}]},{\"@type\":\"WebSite\",\"@id\":\"https:\/\/vieassociative.be\/actualites\/#website\",\"url\":\"https:\/\/vieassociative.be\/actualites\/\",\"name\":\"Vie Associative\",\"description\":\"\",\"publisher\":{\"@id\":\"https:\/\/vieassociative.be\/actualites\/#organization\"},\"potentialAction\":[{\"@type\":\"SearchAction\",\"target\":{\"@type\":\"EntryPoint\",\"urlTemplate\":\"https:\/\/vieassociative.be\/actualites\/?s={search_term_string}\"},\"query-input\":{\"@type\":\"PropertyValueSpecification\",\"valueRequired\":true,\"valueName\":\"search_term_string\"}}],\"inLanguage\":\"fr-BE\"},{\"@type\":\"Organization\",\"@id\":\"https:\/\/vieassociative.be\/actualites\/#organization\",\"name\":\"Vie Associative\",\"url\":\"https:\/\/vieassociative.be\/actualites\/\",\"logo\":{\"@type\":\"ImageObject\",\"inLanguage\":\"fr-BE\",\"@id\":\"https:\/\/vieassociative.be\/actualites\/#\/schema\/logo\/image\/\",\"url\":\"https:\/\/vieassociative.be\/actualites\/wp-content\/uploads\/2024\/09\/cropped-vieassociative_favicon.ico.png\",\"contentUrl\":\"https:\/\/vieassociative.be\/actualites\/wp-content\/uploads\/2024\/09\/cropped-vieassociative_favicon.ico.png\",\"width\":512,\"height\":512,\"caption\":\"Vie Associative\"},\"image\":{\"@id\":\"https:\/\/vieassociative.be\/actualites\/#\/schema\/logo\/image\/\"}},{\"@type\":\"Person\",\"@id\":\"https:\/\/vieassociative.be\/actualites\/#\/schema\/person\/b87ac4f82f9d4e7b7cec7395b679edc4\",\"name\":\"Julien\",\"image\":{\"@type\":\"ImageObject\",\"inLanguage\":\"fr-BE\",\"@id\":\"https:\/\/vieassociative.be\/actualites\/#\/schema\/person\/image\/\",\"url\":\"https:\/\/vieassociative.be\/actualites\/wp-content\/uploads\/2024\/09\/vie-associative-1-150x150.jpg\",\"contentUrl\":\"https:\/\/vieassociative.be\/actualites\/wp-content\/uploads\/2024\/09\/vie-associative-1-150x150.jpg\",\"caption\":\"Julien\"},\"description\":\"Je suis Julien, r\u00e9dacteur pour Vie Associative. Passionn\u00e9 par le monde associatif depuis plus de 10 ans, j'ai \u00e0 c\u0153ur de partager des histoires inspirantes et de mettre en lumi\u00e8re les initiatives locales. Mon objectif est de sensibiliser et d'encourager l'engagement communautaire \u00e0 travers mes articles.\",\"sameAs\":[\"https:\/\/vieassociative.be\/\"]}]}<\/script>\n<!-- \/ Yoast SEO plugin. -->","yoast_head_json":{"title":"Six fa\u00e7ons de faire mieux refl\u00e9ter votre d\u00e9coration int\u00e9rieure pour refl\u00e9ter votre personnalit\u00e9 | Vie Associative","robots":{"index":"index","follow":"follow","max-snippet":"max-snippet:-1","max-image-preview":"max-image-preview:large","max-video-preview":"max-video-preview:-1"},"canonical":"https:\/\/vieassociative.be\/actualites\/six-facons-de-faire-mieux-refleter-votre-decoration-interieure-pour-refleter-votre-personnalite-2\/","og_locale":"fr_FR","og_type":"article","og_title":"Six fa\u00e7ons de faire mieux refl\u00e9ter votre d\u00e9coration int\u00e9rieure pour refl\u00e9ter votre personnalit\u00e9 | Vie Associative","og_description":"Voici le secret pour se sentir vraiment \u00ab\u00e0 la maison\u00bb dans votre maison. Les Am\u00e9ricains d\u00e9pensent pr\u00e8s de 28 milliards de dollars pour la d\u00e9coration","og_url":"https:\/\/vieassociative.be\/actualites\/six-facons-de-faire-mieux-refleter-votre-decoration-interieure-pour-refleter-votre-personnalite-2\/","og_site_name":"Vie Associative","article_published_time":"2025-03-13T05:22:19+00:00","og_image":[{"width":279,"height":92,"url":"https:\/\/vieassociative.be\/actualites\/wp-content\/uploads\/2024\/09\/header_backgroundk-01-e1726694325946.png","type":"image\/png"}],"author":"Julien","twitter_card":"summary_large_image","twitter_misc":{"\u00c9crit par":"Julien","Dur\u00e9e de lecture est.":"7 minutes"},"schema":{"@context":"https:\/\/schema.org","@graph":[{"@type":"Article","@id":"https:\/\/vieassociative.be\/actualites\/six-facons-de-faire-mieux-refleter-votre-decoration-interieure-pour-refleter-votre-personnalite-2\/#article","isPartOf":{"@id":"https:\/\/vieassociative.be\/actualites\/six-facons-de-faire-mieux-refleter-votre-decoration-interieure-pour-refleter-votre-personnalite-2\/"},"author":{"name":"Julien","@id":"https:\/\/vieassociative.be\/actualites\/#\/schema\/person\/b87ac4f82f9d4e7b7cec7395b679edc4"},"headline":"Six fa\u00e7ons de faire mieux refl\u00e9ter votre d\u00e9coration int\u00e9rieure pour refl\u00e9ter votre personnalit\u00e9","datePublished":"2025-03-13T05:22:19+00:00","dateModified":"2025-03-13T05:22:19+00:00","mainEntityOfPage":{"@id":"https:\/\/vieassociative.be\/actualites\/six-facons-de-faire-mieux-refleter-votre-decoration-interieure-pour-refleter-votre-personnalite-2\/"},"wordCount":1478,"publisher":{"@id":"https:\/\/vieassociative.be\/actualites\/#organization"},"image":{"@id":"https:\/\/vieassociative.be\/actualites\/six-facons-de-faire-mieux-refleter-votre-decoration-interieure-pour-refleter-votre-personnalite-2\/#primaryimage"},"thumbnailUrl":"https:\/\/vieassociative.be\/actualites\/wp-content\/uploads\/2025\/03\/Six-facons-de-faire-mieux-refleter-votre-decoration-interieure-pour.png","keywords":["d\u00e9coration","fa\u00e7ons","faire","int\u00e9rieure","mieux","personnalit\u00e9","pour","refl\u00e9ter","votre"],"articleSection":["Maison"],"inLanguage":"fr-BE"},{"@type":"WebPage","@id":"https:\/\/vieassociative.be\/actualites\/six-facons-de-faire-mieux-refleter-votre-decoration-interieure-pour-refleter-votre-personnalite-2\/","url":"https:\/\/vieassociative.be\/actualites\/six-facons-de-faire-mieux-refleter-votre-decoration-interieure-pour-refleter-votre-personnalite-2\/","name":"Six fa\u00e7ons de faire mieux refl\u00e9ter votre d\u00e9coration int\u00e9rieure pour refl\u00e9ter votre personnalit\u00e9 | Vie Associative","isPartOf":{"@id":"https:\/\/vieassociative.be\/actualites\/#website"},"primaryImageOfPage":{"@id":"https:\/\/vieassociative.be\/actualites\/six-facons-de-faire-mieux-refleter-votre-decoration-interieure-pour-refleter-votre-personnalite-2\/#primaryimage"},"image":{"@id":"https:\/\/vieassociative.be\/actualites\/six-facons-de-faire-mieux-refleter-votre-decoration-interieure-pour-refleter-votre-personnalite-2\/#primaryimage"},"thumbnailUrl":"https:\/\/vieassociative.be\/actualites\/wp-content\/uploads\/2025\/03\/Six-facons-de-faire-mieux-refleter-votre-decoration-interieure-pour.png","datePublished":"2025-03-13T05:22:19+00:00","dateModified":"2025-03-13T05:22:19+00:00","breadcrumb":{"@id":"https:\/\/vieassociative.be\/actualites\/six-facons-de-faire-mieux-refleter-votre-decoration-interieure-pour-refleter-votre-personnalite-2\/#breadcrumb"},"inLanguage":"fr-BE","potentialAction":[{"@type":"ReadAction","target":["https:\/\/vieassociative.be\/actualites\/six-facons-de-faire-mieux-refleter-votre-decoration-interieure-pour-refleter-votre-personnalite-2\/"]}]},{"@type":"ImageObject","inLanguage":"fr-BE","@id":"https:\/\/vieassociative.be\/actualites\/six-facons-de-faire-mieux-refleter-votre-decoration-interieure-pour-refleter-votre-personnalite-2\/#primaryimage","url":"https:\/\/vieassociative.be\/actualites\/wp-content\/uploads\/2025\/03\/Six-facons-de-faire-mieux-refleter-votre-decoration-interieure-pour.png","contentUrl":"https:\/\/vieassociative.be\/actualites\/wp-content\/uploads\/2025\/03\/Six-facons-de-faire-mieux-refleter-votre-decoration-interieure-pour.png","width":1200,"height":675,"caption":"Six fa\u00e7ons de faire mieux refl\u00e9ter votre d\u00e9coration int\u00e9rieure pour refl\u00e9ter votre personnalit\u00e9"},{"@type":"BreadcrumbList","@id":"https:\/\/vieassociative.be\/actualites\/six-facons-de-faire-mieux-refleter-votre-decoration-interieure-pour-refleter-votre-personnalite-2\/#breadcrumb","itemListElement":[{"@type":"ListItem","position":1,"name":"Accueil","item":"https:\/\/vieassociative.be\/actualites\/"},{"@type":"ListItem","position":2,"name":"Six fa\u00e7ons de faire mieux refl\u00e9ter votre d\u00e9coration int\u00e9rieure pour refl\u00e9ter votre personnalit\u00e9"}]},{"@type":"WebSite","@id":"https:\/\/vieassociative.be\/actualites\/#website","url":"https:\/\/vieassociative.be\/actualites\/","name":"Vie Associative","description":"","publisher":{"@id":"https:\/\/vieassociative.be\/actualites\/#organization"},"potentialAction":[{"@type":"SearchAction","target":{"@type":"EntryPoint","urlTemplate":"https:\/\/vieassociative.be\/actualites\/?s={search_term_string}"},"query-input":{"@type":"PropertyValueSpecification","valueRequired":true,"valueName":"search_term_string"}}],"inLanguage":"fr-BE"},{"@type":"Organization","@id":"https:\/\/vieassociative.be\/actualites\/#organization","name":"Vie Associative","url":"https:\/\/vieassociative.be\/actualites\/","logo":{"@type":"ImageObject","inLanguage":"fr-BE","@id":"https:\/\/vieassociative.be\/actualites\/#\/schema\/logo\/image\/","url":"https:\/\/vieassociative.be\/actualites\/wp-content\/uploads\/2024\/09\/cropped-vieassociative_favicon.ico.png","contentUrl":"https:\/\/vieassociative.be\/actualites\/wp-content\/uploads\/2024\/09\/cropped-vieassociative_favicon.ico.png","width":512,"height":512,"caption":"Vie Associative"},"image":{"@id":"https:\/\/vieassociative.be\/actualites\/#\/schema\/logo\/image\/"}},{"@type":"Person","@id":"https:\/\/vieassociative.be\/actualites\/#\/schema\/person\/b87ac4f82f9d4e7b7cec7395b679edc4","name":"Julien","image":{"@type":"ImageObject","inLanguage":"fr-BE","@id":"https:\/\/vieassociative.be\/actualites\/#\/schema\/person\/image\/","url":"https:\/\/vieassociative.be\/actualites\/wp-content\/uploads\/2024\/09\/vie-associative-1-150x150.jpg","contentUrl":"https:\/\/vieassociative.be\/actualites\/wp-content\/uploads\/2024\/09\/vie-associative-1-150x150.jpg","caption":"Julien"},"description":"Je suis Julien, r\u00e9dacteur pour Vie Associative. Passionn\u00e9 par le monde associatif depuis plus de 10 ans, j'ai \u00e0 c\u0153ur de partager des histoires inspirantes et de mettre en lumi\u00e8re les initiatives locales. Mon objectif est de sensibiliser et d'encourager l'engagement communautaire \u00e0 travers mes articles.","sameAs":["https:\/\/vieassociative.be\/"]}]}},"_links":{"self":[{"href":"https:\/\/vieassociative.be\/actualites\/wp-json\/wp\/v2\/posts\/5843"}],"collection":[{"href":"https:\/\/vieassociative.be\/actualites\/wp-json\/wp\/v2\/posts"}],"about":[{"href":"https:\/\/vieassociative.be\/actualites\/wp-json\/wp\/v2\/types\/post"}],"author":[{"embeddable":true,"href":"https:\/\/vieassociative.be\/actualites\/wp-json\/wp\/v2\/users\/1"}],"replies":[{"embeddable":true,"href":"https:\/\/vieassociative.be\/actualites\/wp-json\/wp\/v2\/comments?post=5843"}],"version-history":[{"count":0,"href":"https:\/\/vieassociative.be\/actualites\/wp-json\/wp\/v2\/posts\/5843\/revisions"}],"wp:featuredmedia":[{"embeddable":true,"href":"https:\/\/vieassociative.be\/actualites\/wp-json\/wp\/v2\/media\/5777"}],"wp:attachment":[{"href":"https:\/\/vieassociative.be\/actualites\/wp-json\/wp\/v2\/media?parent=5843"}],"wp:term":[{"taxonomy":"category","embeddable":true,"href":"https:\/\/vieassociative.be\/actualites\/wp-json\/wp\/v2\/categories?post=5843"},{"taxonomy":"post_tag","embeddable":true,"href":"https:\/\/vieassociative.be\/actualites\/wp-json\/wp\/v2\/tags?post=5843"}],"curies":[{"name":"wp","href":"https:\/\/api.w.org\/{rel}","templated":true}]}}