{"id":5840,"date":"2025-03-13T03:17:00","date_gmt":"2025-03-13T02:17:00","guid":{"rendered":"https:\/\/vieassociative.be\/actualites\/les-vrais-triomphes-sur-la-fusillade-de-penalite-sur-latletico-fc-bruges-ont-ete-sans-chance-apres-un-licenciement-anticipe\/"},"modified":"2025-03-13T03:17:00","modified_gmt":"2025-03-13T02:17:00","slug":"les-vrais-triomphes-sur-la-fusillade-de-penalite-sur-latletico-fc-bruges-ont-ete-sans-chance-apres-un-licenciement-anticipe","status":"publish","type":"post","link":"https:\/\/vieassociative.be\/actualites\/les-vrais-triomphes-sur-la-fusillade-de-penalite-sur-latletico-fc-bruges-ont-ete-sans-chance-apres-un-licenciement-anticipe\/","title":{"rendered":"Les vrais triomphes sur la fusillade de p\u00e9nalit\u00e9 sur l&rsquo;Atl\u00e9tico &#8211; FC Bruges ont \u00e9t\u00e9 sans chance apr\u00e8s un licenciement anticip\u00e9"},"content":{"rendered":"<p><strong>Beaucoup de lutte, beaucoup de drame: le Real Madrid tremble dans le quart de finales de la premi\u00e8re classe. Le FC Bruges a pu enterrer l&rsquo;espoir d&rsquo;un \u00ab\u00a0miracle de Birmingham\u00a0\u00bb apr\u00e8s 17 minutes. Apr\u00e8s le licenciement du joueur de la d\u00e9fense Kyriani Sabbe, le champion belge \u00e9tait encore plus de chances \u00e0 Aston Villa et a perdu 0: 3. Les Anglais avaient d\u00e9j\u00e0 remport\u00e9 le match aller \u00e0 Bruges 3-1.<\/strong><\/p>\n<p><span id=\"more-411108\"><\/span>Le Real Madrid a atteint les quarts de finale de la Ligue des champions dans le thriller de penalty contre l&rsquo;Atl\u00e9tico Madrid. Le champion en titre a pr\u00e9valu 4-2 apr\u00e8s une fusillade de p\u00e9nalit\u00e9 au rival de la ville, avec un peu de chance, Antonio R\u00fcdiger, avec un peu de chance.<\/p>\n<p>L&rsquo;international allemand \u00e9tait d\u00e9j\u00e0 le dernier v\u00e9ritable tireur du h\u00e9ros acclam\u00e9 en pr\u00e9-saison avec le tir au penalty \u00e0 Manchester City en quart de finale.<\/p>\n<div id=\"attachment_411116\" class=\"wp-caption alignleft\" style=\"max-width: 300px\"><img fetchpriority=\"high\" decoding=\"async\" class=\"wp-image-411116 size-medium\" src=\"https:\/\/vieassociative.be\/actualites\/wp-content\/uploads\/2025\/03\/Les-vrais-triomphes-sur-la-fusillade-de-penalite-sur-lAtletico.jpg\" alt=\"\" width=\"300\" height=\"200\"  ><\/p>\n<p class=\"wp-caption-text\">12.03.2025, Grande-Bretagne, Birmingham: l&rsquo;arbitre Daniel Siebert montre Kyriani Sabbe (R) du FC Bruges le carton rouge. Photo: Jacob King \/ Pa Wire \/ DPA<\/p>\n<\/div>\n<p>L&rsquo;Atl\u00e9tico \u00e9tait ennuy\u00e9 par un coup s\u00fbr lors de la fusillade de p\u00e9nalit\u00e9. La tentative de Julian Alvarez n&rsquo;a pas compt\u00e9 car il a gliss\u00e9 et a touch\u00e9 le ballon deux fois apr\u00e8s que l&rsquo;arbitre a \u00e9t\u00e9 convaincu.<\/p>\n<p>Apr\u00e8s la saison r\u00e9guli\u00e8re et apr\u00e8s l&rsquo;extension, REAL avait \u00e9galement 0: 1 (0: 1, 0: 1, 0: 1) en raison d&rsquo;un d\u00e9ficit de foudre et d&rsquo;une p\u00e9nalit\u00e9 de tir par l&rsquo;attaquant Vin\u00edcius J\u00fanior. La premi\u00e8re \u00e9tape avait gagn\u00e9 2-1.<\/p>\n<p><strong>&#8211; Vin\u00edcius J\u00fanior attribue une \u00e9norme chance:<\/strong> Atl\u00e9tico a \u00e9galis\u00e9 le d\u00e9ficit \u00e0 un but de la premi\u00e8re \u00e9tape apr\u00e8s 27 secondes lorsque Conor Gallagher a marqu\u00e9 pour les h\u00f4tes. Selon le fournisseur de donn\u00e9es Opta, c&rsquo;\u00e9tait l&rsquo;objectif le plus rapide de l&rsquo;histoire du club en Ligue des champions.<\/p>\n<p>\u00c0 la 70e minute, Vin\u00edcius J\u00fanior a eu la chances \u00e9norm\u00e9ment de ramener Madrid en t\u00eate. Mais la star de l&rsquo;offensive br\u00e9silienne \u00e9touffait le ballon sur le but sur une p\u00e9nalit\u00e9.<\/p>\n<div id=\"attachment_411123\" class=\"wp-caption alignleft\" style=\"max-width: 300px\"><img decoding=\"async\" class=\"wp-image-411123 size-medium\" src=\"https:\/\/vieassociative.be\/actualites\/wp-content\/uploads\/2025\/03\/1741832220_142_Les-vrais-triomphes-sur-la-fusillade-de-penalite-sur-lAtletico.jpg\" alt=\"\" width=\"300\" height=\"209\"><\/p>\n<p class=\"wp-caption-text\">12.03.2025, Grande-Bretagne, Birmingham: Marcus Rashford (L) par Aston Villa contre Joel Ordonnez du FC Bruges. Photo: Nick Potts \/ PA Wire \/ DPA<\/p>\n<\/div>\n<p>Real rencontre maintenant Arsenal FC. Apr\u00e8s la victoire du 7-1 au PSV Eindhoven, les Gunners n&rsquo;ont eu pas de jeu aussi facile cette fois, mais ont toujours aim\u00e9 un 2: 2 (2: 1). Aston Villa a quitt\u00e9 le FC Bruges \u00e0 3: 0 (0: 0) dans le tour de 16 secondes, le favori avait d\u00e9j\u00e0 remport\u00e9 le match aller 3-1. Aston Villa rencontre le Paris Saint-Germain en quart de finale, qui aurait pr\u00e9valu contre le FC Liverpool la veille.<\/p>\n<p>Cette fois, le FC Arsenal contre le PSV Eindhoven.<\/p>\n<p>Br\u00fcgges a planifi\u00e9 le capture &#8211; Up a \u00e9t\u00e9 rendu beaucoup plus difficile apr\u00e8s un quart d&rsquo;heure lorsque Sabbe a \u00e9t\u00e9 montr\u00e9 le carton rouge en raison d&rsquo;un frein d&rsquo;urgence de l&rsquo;arbitre allemand Daniel Siebert. Villa a intelligemment jou\u00e9 en seconde p\u00e9riode et a gagn\u00e9 gr\u00e2ce aux buts de Marco Asensio (50.\/61.) Et Ian Maatsen (57e).<\/p>\n<div id=\"attachment_411117\" class=\"wp-caption alignleft\" style=\"max-width: 300px\"><img decoding=\"async\" class=\"wp-image-411117 size-medium\" src=\"https:\/\/vieassociative.be\/actualites\/wp-content\/uploads\/2025\/03\/1741832220_482_Les-vrais-triomphes-sur-la-fusillade-de-penalite-sur-lAtletico.jpg\" alt=\"\" width=\"300\" height=\"200\"><\/p>\n<p class=\"wp-caption-text\">03\/12\/2025, France, Lille: les joueurs de Dortmund c\u00e9l\u00e8brent 1-2 apr\u00e8s le but. Photo: Michel Euler \/ AP \/ DPA<\/p>\n<\/div>\n<p><strong>&#8211; Dortmund en quart de finale contre Barcelone:<\/strong> Le Borussia Dortmund avait maintenu sa derni\u00e8re chance de titre cette saison en d\u00e9but de soir\u00e9e et a atteint le quart de finale de la Ligue des champions. Malgr\u00e9 un d\u00e9ficit pr\u00e9coce, l&rsquo;\u00e9quipe de l&rsquo;entra\u00eeneur Niko Kovac a gagn\u00e9 2-1 (0: 1) \u00e0 l&rsquo;OSC Lille et peut d\u00e9sormais attendre un cracker en quart de finale contre le FC Barcelone.<\/p>\n<p>Apr\u00e8s une grave erreur du gardien Gregor Kobel, BVB avait pris du retard par un but de Jonathan David (5e minute). Mais gr\u00e2ce aux succ\u00e8s d&rsquo;Emre Can (54.\/foulfMeter) et de Maximilian Beier (65e), les invit\u00e9s ont tourn\u00e9 le jeu et ont obtenu les progr\u00e8s.<\/p>\n<p>Lors de la premi\u00e8re \u00e9tape il y a une semaine, BVB n&rsquo;est pas d\u00e9pass\u00e9 un 1-1. Parce que Dortmund est d\u00e9j\u00e0 parti en Coupe DFB et est \u00e0 la dixi\u00e8me de la ligue, le premier cours est le grand espoir du Borussia. Au cours de la saison actuelle de la Ligue des champions, le Bayern du FC est \u00e9galement l\u00e0 en plus de Dortmund. Le Munich se r\u00e9unit en quarts de finale (8e \/ 9e et 15\/16 avril) sur l&rsquo;Inter Milan (voir le rapport ci-dessous). (DPA \/ CRE)<\/p>\n<p><strong><em>Sur le sujet, voir \u00e9galement l&rsquo;article suivant sur OD:<\/em><\/strong><\/p>\n<div class=\"responsive-embed widescreen\">\n<blockquote class=\"wp-embedded-content\" data-secret=\"P1RTJjeadc\">\n<p>\u00ab\u00a0F\u00e9licitations, Vincent!\u00a0\u00bb &#8211; Bavaria marche &#8211; Leverkusen sans chance &#8211; Munich maintenant contre l&rsquo;Inter<\/p>\n<\/blockquote>\n<p><iframe loading=\"lazy\" class=\"wp-embedded-content\" sandbox=\"allow-scripts\" security=\"restricted\" style=\"position: absolute; visibility: hidden;\" title=\"\u201e\u201eGl\u00fcckwunsch, Vincent!\u201c \u2013 Bayern spazieren weiter \u2013 Leverkusen chancenlos \u2013 M\u00fcnchen jetzt gegen Inter\u201c \u2014 Ostbelgien Direkt\" src=\"https:\/\/ostbelgiendirekt.be\/about:blank\" data-secret=\"P1RTJjeadc\" width=\"500\" height=\"282\" frameborder=\"0\" marginwidth=\"0\" marginheight=\"0\" scrolling=\"no\" data-rocket-lazyload=\"fitvidscompatible\" data-lazy-src=\"https:\/\/ostbelgiendirekt.be\/glueckwunsch-vincent-411041\/embed#?secret=3Zwy5izj3N#?secret=P1RTJjeadc\"><\/iframe><noscript><iframe class=\"wp-embedded-content\" sandbox=\"allow-scripts\" security=\"restricted\" style=\"position: absolute; visibility: hidden;\" title=\"\u201e\u201eGl\u00fcckwunsch, Vincent!\u201c \u2013 Bayern spazieren weiter \u2013 Leverkusen chancenlos \u2013 M\u00fcnchen jetzt gegen Inter\u201c \u2014 Ostbelgien Direkt\" src=\"https:\/\/ostbelgiendirekt.be\/glueckwunsch-vincent-411041\/embed#?secret=3Zwy5izj3N#?secret=P1RTJjeadc\" data-secret=\"P1RTJjeadc\" width=\"500\" height=\"282\" frameborder=\"0\" marginwidth=\"0\" marginheight=\"0\" scrolling=\"no\"><\/iframe><\/noscript><\/p>\n<\/div>\n","protected":false},"excerpt":{"rendered":"<p>Beaucoup de lutte, beaucoup de drame: le Real Madrid tremble dans le quart de finales de la premi\u00e8re classe. Le FC Bruges a pu enterrer<\/p>\n","protected":false},"author":1,"featured_media":5841,"comment_status":"","ping_status":"","sticky":false,"template":"","format":"standard","meta":{"footnotes":""},"categories":[298],"tags":[2120,472,2851,5810,217,5828,5829,14,5830,1374,5666,130,33,5827,2059],"class_list":["post-5840","post","type-post","status-publish","format-standard","has-post-thumbnail","hentry","category-belgique","tag-anticipe","tag-apres","tag-bruges","tag-chance","tag-ete","tag-fusillade","tag-latletico","tag-les","tag-licenciement","tag-ont","tag-penalite","tag-sans","tag-sur","tag-triomphes","tag-vrais","generate-columns","tablet-grid-50","mobile-grid-100","grid-parent","grid-33"],"yoast_head":"<!-- This site is optimized with the Yoast SEO plugin v24.0 - https:\/\/yoast.com\/wordpress\/plugins\/seo\/ -->\n<title>Les vrais triomphes sur la fusillade de p\u00e9nalit\u00e9 sur l&#039;Atl\u00e9tico - FC Bruges ont \u00e9t\u00e9 sans chance apr\u00e8s un licenciement anticip\u00e9 | Vie Associative<\/title>\n<meta name=\"robots\" content=\"index, follow, max-snippet:-1, max-image-preview:large, max-video-preview:-1\" \/>\n<link rel=\"canonical\" href=\"https:\/\/vieassociative.be\/actualites\/les-vrais-triomphes-sur-la-fusillade-de-penalite-sur-latletico-fc-bruges-ont-ete-sans-chance-apres-un-licenciement-anticipe\/\" \/>\n<meta property=\"og:locale\" content=\"fr_FR\" \/>\n<meta property=\"og:type\" content=\"article\" \/>\n<meta property=\"og:title\" content=\"Les vrais triomphes sur la fusillade de p\u00e9nalit\u00e9 sur l&#039;Atl\u00e9tico - FC Bruges ont \u00e9t\u00e9 sans chance apr\u00e8s un licenciement anticip\u00e9 | Vie Associative\" \/>\n<meta property=\"og:description\" content=\"Beaucoup de lutte, beaucoup de drame: le Real Madrid tremble dans le quart de finales de la premi\u00e8re classe. Le FC Bruges a pu enterrer\" \/>\n<meta property=\"og:url\" content=\"https:\/\/vieassociative.be\/actualites\/les-vrais-triomphes-sur-la-fusillade-de-penalite-sur-latletico-fc-bruges-ont-ete-sans-chance-apres-un-licenciement-anticipe\/\" \/>\n<meta property=\"og:site_name\" content=\"Vie Associative\" \/>\n<meta property=\"article:published_time\" content=\"2025-03-13T02:17:00+00:00\" \/>\n<meta property=\"og:image\" content=\"https:\/\/vieassociative.be\/actualites\/wp-content\/uploads\/2024\/09\/header_backgroundk-01-e1726694325946.png\" \/>\n\t<meta property=\"og:image:width\" content=\"279\" \/>\n\t<meta property=\"og:image:height\" content=\"92\" \/>\n\t<meta property=\"og:image:type\" content=\"image\/png\" \/>\n<meta name=\"author\" content=\"Julien\" \/>\n<meta name=\"twitter:card\" content=\"summary_large_image\" \/>\n<meta name=\"twitter:label1\" content=\"\u00c9crit par\" \/>\n\t<meta name=\"twitter:data1\" content=\"Julien\" \/>\n\t<meta name=\"twitter:label2\" content=\"Dur\u00e9e de lecture est.\" \/>\n\t<meta name=\"twitter:data2\" content=\"4 minutes\" \/>\n<script type=\"application\/ld+json\" class=\"yoast-schema-graph\">{\"@context\":\"https:\/\/schema.org\",\"@graph\":[{\"@type\":\"Article\",\"@id\":\"https:\/\/vieassociative.be\/actualites\/les-vrais-triomphes-sur-la-fusillade-de-penalite-sur-latletico-fc-bruges-ont-ete-sans-chance-apres-un-licenciement-anticipe\/#article\",\"isPartOf\":{\"@id\":\"https:\/\/vieassociative.be\/actualites\/les-vrais-triomphes-sur-la-fusillade-de-penalite-sur-latletico-fc-bruges-ont-ete-sans-chance-apres-un-licenciement-anticipe\/\"},\"author\":{\"name\":\"Julien\",\"@id\":\"https:\/\/vieassociative.be\/actualites\/#\/schema\/person\/b87ac4f82f9d4e7b7cec7395b679edc4\"},\"headline\":\"Les vrais triomphes sur la fusillade de p\u00e9nalit\u00e9 sur l&rsquo;Atl\u00e9tico &#8211; FC Bruges ont \u00e9t\u00e9 sans chance apr\u00e8s un licenciement anticip\u00e9\",\"datePublished\":\"2025-03-13T02:17:00+00:00\",\"dateModified\":\"2025-03-13T02:17:00+00:00\",\"mainEntityOfPage\":{\"@id\":\"https:\/\/vieassociative.be\/actualites\/les-vrais-triomphes-sur-la-fusillade-de-penalite-sur-latletico-fc-bruges-ont-ete-sans-chance-apres-un-licenciement-anticipe\/\"},\"wordCount\":814,\"publisher\":{\"@id\":\"https:\/\/vieassociative.be\/actualites\/#organization\"},\"image\":{\"@id\":\"https:\/\/vieassociative.be\/actualites\/les-vrais-triomphes-sur-la-fusillade-de-penalite-sur-latletico-fc-bruges-ont-ete-sans-chance-apres-un-licenciement-anticipe\/#primaryimage\"},\"thumbnailUrl\":\"https:\/\/vieassociative.be\/actualites\/wp-content\/uploads\/2025\/03\/1741832221_Les-vrais-triomphes-sur-la-fusillade-de-penalite-sur-lAtletico.jpg\",\"keywords\":[\"anticip\u00e9\",\"Apr\u00e8s\",\"Bruges\",\"chance\",\"\u00e9t\u00e9\",\"fusillade\",\"lAtl\u00e9tico\",\"Les\",\"licenciement\",\"ont\",\"p\u00e9nalit\u00e9\",\"sans\",\"sur\",\"triomphes\",\"vrais\"],\"articleSection\":[\"Belgique\"],\"inLanguage\":\"fr-BE\"},{\"@type\":\"WebPage\",\"@id\":\"https:\/\/vieassociative.be\/actualites\/les-vrais-triomphes-sur-la-fusillade-de-penalite-sur-latletico-fc-bruges-ont-ete-sans-chance-apres-un-licenciement-anticipe\/\",\"url\":\"https:\/\/vieassociative.be\/actualites\/les-vrais-triomphes-sur-la-fusillade-de-penalite-sur-latletico-fc-bruges-ont-ete-sans-chance-apres-un-licenciement-anticipe\/\",\"name\":\"Les vrais triomphes sur la fusillade de p\u00e9nalit\u00e9 sur l'Atl\u00e9tico - FC Bruges ont \u00e9t\u00e9 sans chance apr\u00e8s un licenciement anticip\u00e9 | Vie Associative\",\"isPartOf\":{\"@id\":\"https:\/\/vieassociative.be\/actualites\/#website\"},\"primaryImageOfPage\":{\"@id\":\"https:\/\/vieassociative.be\/actualites\/les-vrais-triomphes-sur-la-fusillade-de-penalite-sur-latletico-fc-bruges-ont-ete-sans-chance-apres-un-licenciement-anticipe\/#primaryimage\"},\"image\":{\"@id\":\"https:\/\/vieassociative.be\/actualites\/les-vrais-triomphes-sur-la-fusillade-de-penalite-sur-latletico-fc-bruges-ont-ete-sans-chance-apres-un-licenciement-anticipe\/#primaryimage\"},\"thumbnailUrl\":\"https:\/\/vieassociative.be\/actualites\/wp-content\/uploads\/2025\/03\/1741832221_Les-vrais-triomphes-sur-la-fusillade-de-penalite-sur-lAtletico.jpg\",\"datePublished\":\"2025-03-13T02:17:00+00:00\",\"dateModified\":\"2025-03-13T02:17:00+00:00\",\"breadcrumb\":{\"@id\":\"https:\/\/vieassociative.be\/actualites\/les-vrais-triomphes-sur-la-fusillade-de-penalite-sur-latletico-fc-bruges-ont-ete-sans-chance-apres-un-licenciement-anticipe\/#breadcrumb\"},\"inLanguage\":\"fr-BE\",\"potentialAction\":[{\"@type\":\"ReadAction\",\"target\":[\"https:\/\/vieassociative.be\/actualites\/les-vrais-triomphes-sur-la-fusillade-de-penalite-sur-latletico-fc-bruges-ont-ete-sans-chance-apres-un-licenciement-anticipe\/\"]}]},{\"@type\":\"ImageObject\",\"inLanguage\":\"fr-BE\",\"@id\":\"https:\/\/vieassociative.be\/actualites\/les-vrais-triomphes-sur-la-fusillade-de-penalite-sur-latletico-fc-bruges-ont-ete-sans-chance-apres-un-licenciement-anticipe\/#primaryimage\",\"url\":\"https:\/\/vieassociative.be\/actualites\/wp-content\/uploads\/2025\/03\/1741832221_Les-vrais-triomphes-sur-la-fusillade-de-penalite-sur-lAtletico.jpg\",\"contentUrl\":\"https:\/\/vieassociative.be\/actualites\/wp-content\/uploads\/2025\/03\/1741832221_Les-vrais-triomphes-sur-la-fusillade-de-penalite-sur-lAtletico.jpg\",\"width\":1200,\"height\":800,\"caption\":\"Les vrais triomphes sur la fusillade de p\u00e9nalit\u00e9 sur l'Atl\u00e9tico - FC Bruges ont \u00e9t\u00e9 sans chance apr\u00e8s un licenciement anticip\u00e9\"},{\"@type\":\"BreadcrumbList\",\"@id\":\"https:\/\/vieassociative.be\/actualites\/les-vrais-triomphes-sur-la-fusillade-de-penalite-sur-latletico-fc-bruges-ont-ete-sans-chance-apres-un-licenciement-anticipe\/#breadcrumb\",\"itemListElement\":[{\"@type\":\"ListItem\",\"position\":1,\"name\":\"Accueil\",\"item\":\"https:\/\/vieassociative.be\/actualites\/\"},{\"@type\":\"ListItem\",\"position\":2,\"name\":\"Les vrais triomphes sur la fusillade de p\u00e9nalit\u00e9 sur l&rsquo;Atl\u00e9tico &#8211; FC Bruges ont \u00e9t\u00e9 sans chance apr\u00e8s un licenciement anticip\u00e9\"}]},{\"@type\":\"WebSite\",\"@id\":\"https:\/\/vieassociative.be\/actualites\/#website\",\"url\":\"https:\/\/vieassociative.be\/actualites\/\",\"name\":\"Vie Associative\",\"description\":\"\",\"publisher\":{\"@id\":\"https:\/\/vieassociative.be\/actualites\/#organization\"},\"potentialAction\":[{\"@type\":\"SearchAction\",\"target\":{\"@type\":\"EntryPoint\",\"urlTemplate\":\"https:\/\/vieassociative.be\/actualites\/?s={search_term_string}\"},\"query-input\":{\"@type\":\"PropertyValueSpecification\",\"valueRequired\":true,\"valueName\":\"search_term_string\"}}],\"inLanguage\":\"fr-BE\"},{\"@type\":\"Organization\",\"@id\":\"https:\/\/vieassociative.be\/actualites\/#organization\",\"name\":\"Vie Associative\",\"url\":\"https:\/\/vieassociative.be\/actualites\/\",\"logo\":{\"@type\":\"ImageObject\",\"inLanguage\":\"fr-BE\",\"@id\":\"https:\/\/vieassociative.be\/actualites\/#\/schema\/logo\/image\/\",\"url\":\"https:\/\/vieassociative.be\/actualites\/wp-content\/uploads\/2024\/09\/cropped-vieassociative_favicon.ico.png\",\"contentUrl\":\"https:\/\/vieassociative.be\/actualites\/wp-content\/uploads\/2024\/09\/cropped-vieassociative_favicon.ico.png\",\"width\":512,\"height\":512,\"caption\":\"Vie Associative\"},\"image\":{\"@id\":\"https:\/\/vieassociative.be\/actualites\/#\/schema\/logo\/image\/\"}},{\"@type\":\"Person\",\"@id\":\"https:\/\/vieassociative.be\/actualites\/#\/schema\/person\/b87ac4f82f9d4e7b7cec7395b679edc4\",\"name\":\"Julien\",\"image\":{\"@type\":\"ImageObject\",\"inLanguage\":\"fr-BE\",\"@id\":\"https:\/\/vieassociative.be\/actualites\/#\/schema\/person\/image\/\",\"url\":\"https:\/\/vieassociative.be\/actualites\/wp-content\/uploads\/2024\/09\/vie-associative-1-150x150.jpg\",\"contentUrl\":\"https:\/\/vieassociative.be\/actualites\/wp-content\/uploads\/2024\/09\/vie-associative-1-150x150.jpg\",\"caption\":\"Julien\"},\"description\":\"Je suis Julien, r\u00e9dacteur pour Vie Associative. Passionn\u00e9 par le monde associatif depuis plus de 10 ans, j'ai \u00e0 c\u0153ur de partager des histoires inspirantes et de mettre en lumi\u00e8re les initiatives locales. Mon objectif est de sensibiliser et d'encourager l'engagement communautaire \u00e0 travers mes articles.\",\"sameAs\":[\"https:\/\/vieassociative.be\/\"]}]}<\/script>\n<!-- \/ Yoast SEO plugin. -->","yoast_head_json":{"title":"Les vrais triomphes sur la fusillade de p\u00e9nalit\u00e9 sur l'Atl\u00e9tico - FC Bruges ont \u00e9t\u00e9 sans chance apr\u00e8s un licenciement anticip\u00e9 | Vie Associative","robots":{"index":"index","follow":"follow","max-snippet":"max-snippet:-1","max-image-preview":"max-image-preview:large","max-video-preview":"max-video-preview:-1"},"canonical":"https:\/\/vieassociative.be\/actualites\/les-vrais-triomphes-sur-la-fusillade-de-penalite-sur-latletico-fc-bruges-ont-ete-sans-chance-apres-un-licenciement-anticipe\/","og_locale":"fr_FR","og_type":"article","og_title":"Les vrais triomphes sur la fusillade de p\u00e9nalit\u00e9 sur l'Atl\u00e9tico - FC Bruges ont \u00e9t\u00e9 sans chance apr\u00e8s un licenciement anticip\u00e9 | Vie Associative","og_description":"Beaucoup de lutte, beaucoup de drame: le Real Madrid tremble dans le quart de finales de la premi\u00e8re classe. Le FC Bruges a pu enterrer","og_url":"https:\/\/vieassociative.be\/actualites\/les-vrais-triomphes-sur-la-fusillade-de-penalite-sur-latletico-fc-bruges-ont-ete-sans-chance-apres-un-licenciement-anticipe\/","og_site_name":"Vie Associative","article_published_time":"2025-03-13T02:17:00+00:00","og_image":[{"width":279,"height":92,"url":"https:\/\/vieassociative.be\/actualites\/wp-content\/uploads\/2024\/09\/header_backgroundk-01-e1726694325946.png","type":"image\/png"}],"author":"Julien","twitter_card":"summary_large_image","twitter_misc":{"\u00c9crit par":"Julien","Dur\u00e9e de lecture est.":"4 minutes"},"schema":{"@context":"https:\/\/schema.org","@graph":[{"@type":"Article","@id":"https:\/\/vieassociative.be\/actualites\/les-vrais-triomphes-sur-la-fusillade-de-penalite-sur-latletico-fc-bruges-ont-ete-sans-chance-apres-un-licenciement-anticipe\/#article","isPartOf":{"@id":"https:\/\/vieassociative.be\/actualites\/les-vrais-triomphes-sur-la-fusillade-de-penalite-sur-latletico-fc-bruges-ont-ete-sans-chance-apres-un-licenciement-anticipe\/"},"author":{"name":"Julien","@id":"https:\/\/vieassociative.be\/actualites\/#\/schema\/person\/b87ac4f82f9d4e7b7cec7395b679edc4"},"headline":"Les vrais triomphes sur la fusillade de p\u00e9nalit\u00e9 sur l&rsquo;Atl\u00e9tico &#8211; FC Bruges ont \u00e9t\u00e9 sans chance apr\u00e8s un licenciement anticip\u00e9","datePublished":"2025-03-13T02:17:00+00:00","dateModified":"2025-03-13T02:17:00+00:00","mainEntityOfPage":{"@id":"https:\/\/vieassociative.be\/actualites\/les-vrais-triomphes-sur-la-fusillade-de-penalite-sur-latletico-fc-bruges-ont-ete-sans-chance-apres-un-licenciement-anticipe\/"},"wordCount":814,"publisher":{"@id":"https:\/\/vieassociative.be\/actualites\/#organization"},"image":{"@id":"https:\/\/vieassociative.be\/actualites\/les-vrais-triomphes-sur-la-fusillade-de-penalite-sur-latletico-fc-bruges-ont-ete-sans-chance-apres-un-licenciement-anticipe\/#primaryimage"},"thumbnailUrl":"https:\/\/vieassociative.be\/actualites\/wp-content\/uploads\/2025\/03\/1741832221_Les-vrais-triomphes-sur-la-fusillade-de-penalite-sur-lAtletico.jpg","keywords":["anticip\u00e9","Apr\u00e8s","Bruges","chance","\u00e9t\u00e9","fusillade","lAtl\u00e9tico","Les","licenciement","ont","p\u00e9nalit\u00e9","sans","sur","triomphes","vrais"],"articleSection":["Belgique"],"inLanguage":"fr-BE"},{"@type":"WebPage","@id":"https:\/\/vieassociative.be\/actualites\/les-vrais-triomphes-sur-la-fusillade-de-penalite-sur-latletico-fc-bruges-ont-ete-sans-chance-apres-un-licenciement-anticipe\/","url":"https:\/\/vieassociative.be\/actualites\/les-vrais-triomphes-sur-la-fusillade-de-penalite-sur-latletico-fc-bruges-ont-ete-sans-chance-apres-un-licenciement-anticipe\/","name":"Les vrais triomphes sur la fusillade de p\u00e9nalit\u00e9 sur l'Atl\u00e9tico - FC Bruges ont \u00e9t\u00e9 sans chance apr\u00e8s un licenciement anticip\u00e9 | Vie Associative","isPartOf":{"@id":"https:\/\/vieassociative.be\/actualites\/#website"},"primaryImageOfPage":{"@id":"https:\/\/vieassociative.be\/actualites\/les-vrais-triomphes-sur-la-fusillade-de-penalite-sur-latletico-fc-bruges-ont-ete-sans-chance-apres-un-licenciement-anticipe\/#primaryimage"},"image":{"@id":"https:\/\/vieassociative.be\/actualites\/les-vrais-triomphes-sur-la-fusillade-de-penalite-sur-latletico-fc-bruges-ont-ete-sans-chance-apres-un-licenciement-anticipe\/#primaryimage"},"thumbnailUrl":"https:\/\/vieassociative.be\/actualites\/wp-content\/uploads\/2025\/03\/1741832221_Les-vrais-triomphes-sur-la-fusillade-de-penalite-sur-lAtletico.jpg","datePublished":"2025-03-13T02:17:00+00:00","dateModified":"2025-03-13T02:17:00+00:00","breadcrumb":{"@id":"https:\/\/vieassociative.be\/actualites\/les-vrais-triomphes-sur-la-fusillade-de-penalite-sur-latletico-fc-bruges-ont-ete-sans-chance-apres-un-licenciement-anticipe\/#breadcrumb"},"inLanguage":"fr-BE","potentialAction":[{"@type":"ReadAction","target":["https:\/\/vieassociative.be\/actualites\/les-vrais-triomphes-sur-la-fusillade-de-penalite-sur-latletico-fc-bruges-ont-ete-sans-chance-apres-un-licenciement-anticipe\/"]}]},{"@type":"ImageObject","inLanguage":"fr-BE","@id":"https:\/\/vieassociative.be\/actualites\/les-vrais-triomphes-sur-la-fusillade-de-penalite-sur-latletico-fc-bruges-ont-ete-sans-chance-apres-un-licenciement-anticipe\/#primaryimage","url":"https:\/\/vieassociative.be\/actualites\/wp-content\/uploads\/2025\/03\/1741832221_Les-vrais-triomphes-sur-la-fusillade-de-penalite-sur-lAtletico.jpg","contentUrl":"https:\/\/vieassociative.be\/actualites\/wp-content\/uploads\/2025\/03\/1741832221_Les-vrais-triomphes-sur-la-fusillade-de-penalite-sur-lAtletico.jpg","width":1200,"height":800,"caption":"Les vrais triomphes sur la fusillade de p\u00e9nalit\u00e9 sur l'Atl\u00e9tico - FC Bruges ont \u00e9t\u00e9 sans chance apr\u00e8s un licenciement anticip\u00e9"},{"@type":"BreadcrumbList","@id":"https:\/\/vieassociative.be\/actualites\/les-vrais-triomphes-sur-la-fusillade-de-penalite-sur-latletico-fc-bruges-ont-ete-sans-chance-apres-un-licenciement-anticipe\/#breadcrumb","itemListElement":[{"@type":"ListItem","position":1,"name":"Accueil","item":"https:\/\/vieassociative.be\/actualites\/"},{"@type":"ListItem","position":2,"name":"Les vrais triomphes sur la fusillade de p\u00e9nalit\u00e9 sur l&rsquo;Atl\u00e9tico &#8211; FC Bruges ont \u00e9t\u00e9 sans chance apr\u00e8s un licenciement anticip\u00e9"}]},{"@type":"WebSite","@id":"https:\/\/vieassociative.be\/actualites\/#website","url":"https:\/\/vieassociative.be\/actualites\/","name":"Vie Associative","description":"","publisher":{"@id":"https:\/\/vieassociative.be\/actualites\/#organization"},"potentialAction":[{"@type":"SearchAction","target":{"@type":"EntryPoint","urlTemplate":"https:\/\/vieassociative.be\/actualites\/?s={search_term_string}"},"query-input":{"@type":"PropertyValueSpecification","valueRequired":true,"valueName":"search_term_string"}}],"inLanguage":"fr-BE"},{"@type":"Organization","@id":"https:\/\/vieassociative.be\/actualites\/#organization","name":"Vie Associative","url":"https:\/\/vieassociative.be\/actualites\/","logo":{"@type":"ImageObject","inLanguage":"fr-BE","@id":"https:\/\/vieassociative.be\/actualites\/#\/schema\/logo\/image\/","url":"https:\/\/vieassociative.be\/actualites\/wp-content\/uploads\/2024\/09\/cropped-vieassociative_favicon.ico.png","contentUrl":"https:\/\/vieassociative.be\/actualites\/wp-content\/uploads\/2024\/09\/cropped-vieassociative_favicon.ico.png","width":512,"height":512,"caption":"Vie Associative"},"image":{"@id":"https:\/\/vieassociative.be\/actualites\/#\/schema\/logo\/image\/"}},{"@type":"Person","@id":"https:\/\/vieassociative.be\/actualites\/#\/schema\/person\/b87ac4f82f9d4e7b7cec7395b679edc4","name":"Julien","image":{"@type":"ImageObject","inLanguage":"fr-BE","@id":"https:\/\/vieassociative.be\/actualites\/#\/schema\/person\/image\/","url":"https:\/\/vieassociative.be\/actualites\/wp-content\/uploads\/2024\/09\/vie-associative-1-150x150.jpg","contentUrl":"https:\/\/vieassociative.be\/actualites\/wp-content\/uploads\/2024\/09\/vie-associative-1-150x150.jpg","caption":"Julien"},"description":"Je suis Julien, r\u00e9dacteur pour Vie Associative. Passionn\u00e9 par le monde associatif depuis plus de 10 ans, j'ai \u00e0 c\u0153ur de partager des histoires inspirantes et de mettre en lumi\u00e8re les initiatives locales. Mon objectif est de sensibiliser et d'encourager l'engagement communautaire \u00e0 travers mes articles.","sameAs":["https:\/\/vieassociative.be\/"]}]}},"_links":{"self":[{"href":"https:\/\/vieassociative.be\/actualites\/wp-json\/wp\/v2\/posts\/5840"}],"collection":[{"href":"https:\/\/vieassociative.be\/actualites\/wp-json\/wp\/v2\/posts"}],"about":[{"href":"https:\/\/vieassociative.be\/actualites\/wp-json\/wp\/v2\/types\/post"}],"author":[{"embeddable":true,"href":"https:\/\/vieassociative.be\/actualites\/wp-json\/wp\/v2\/users\/1"}],"replies":[{"embeddable":true,"href":"https:\/\/vieassociative.be\/actualites\/wp-json\/wp\/v2\/comments?post=5840"}],"version-history":[{"count":0,"href":"https:\/\/vieassociative.be\/actualites\/wp-json\/wp\/v2\/posts\/5840\/revisions"}],"wp:featuredmedia":[{"embeddable":true,"href":"https:\/\/vieassociative.be\/actualites\/wp-json\/wp\/v2\/media\/5841"}],"wp:attachment":[{"href":"https:\/\/vieassociative.be\/actualites\/wp-json\/wp\/v2\/media?parent=5840"}],"wp:term":[{"taxonomy":"category","embeddable":true,"href":"https:\/\/vieassociative.be\/actualites\/wp-json\/wp\/v2\/categories?post=5840"},{"taxonomy":"post_tag","embeddable":true,"href":"https:\/\/vieassociative.be\/actualites\/wp-json\/wp\/v2\/tags?post=5840"}],"curies":[{"name":"wp","href":"https:\/\/api.w.org\/{rel}","templated":true}]}}