{"id":5838,"date":"2025-03-13T02:17:41","date_gmt":"2025-03-13T01:17:41","guid":{"rendered":"https:\/\/vieassociative.be\/actualites\/ce-lg-smart-tv-de-75-pouces-est-en-vente-pour-450\/"},"modified":"2025-03-13T02:17:41","modified_gmt":"2025-03-13T01:17:41","slug":"ce-lg-smart-tv-de-75-pouces-est-en-vente-pour-450","status":"publish","type":"post","link":"https:\/\/vieassociative.be\/actualites\/ce-lg-smart-tv-de-75-pouces-est-en-vente-pour-450\/","title":{"rendered":"Ce LG Smart TV de 75 pouces est en vente pour 450 $"},"content":{"rendered":"<div class=\"mt-4 leading-6 md:mb-8\">\u00c0 59% de r\u00e9duction sur le prix d&rsquo;origine, c&rsquo;est une affaire de tueur.<\/div>\n<p><\/p>\n<p>TV Tech s&rsquo;est beaucoup am\u00e9lior\u00e9 au fil des ans, avec des acheteurs haut de gamme ax\u00e9s sur des diff\u00e9renciateurs subtils comme le nombre de zones de gradation locales. Mais si tout ce que vous recherchez est un grand \u00e9cran avec des fonctionnalit\u00e9s intelligentes d\u00e9centes, de bons visuels et un prix bas, le LG UR9000 de 75 pouces est une excellente option.<\/p>\n<p>Cet ensemble est <strong>449,99 $<\/strong> (\u00e0 l&rsquo;origine 1 099,99 $) sur Woot, une remise de 59% et le prix le plus bas qu&rsquo;il a atteint en fonction des outils de suivi des prix. (N&rsquo;oubliez pas que Woot est exp\u00e9di\u00e9 uniquement aux 48 \u00c9tats contigus aux \u00c9tats-Unis si vous avez Amazon Prime, vous obtenez la livraison gratuite; sinon, ce sera 6 $.)<\/p>\n<div class=\"pogoClear mb-12 mt-10 rounded-md border-2 border-gray-100 py-7 shadow-xl md:py-6\">\n<div class=\"flex flex-wrap justify-between px-7 text-black no-underline md:flex-nowrap md:px-8\">\n<div class=\"order-1 mx-auto flex flex-col justify-center md:order-2 md:ml-4 md:w-full md:grow\">\n<div class=\"block cursor-pointer text-center font-akshar text-2xl font-medium leading-7 text-brand-green duration-200 ease-in-out hover:text-brand-green-700 md:text-left md:text-xl md:leading-6\">LG UR9000\n                <\/div>\n<div class=\"mt-4 hidden md:flex md:justify-between\">\n<div class=\"self-end\">\n<div class=\"mb-0 h-11 md:flex md:flex-col md:justify-center\">\n<div class=\" font-sans leading-4 text-black\">\n<div class=\"flex flex-wrap items-center justify-center gap-x-1 md:justify-start\">\n        <span class=\"font-bold\"><\/p>\n<p>            449,99 $<br \/>\n                            <span class=\"font-medium\">\u00e0 Woot<\/span><br \/>\n                    <\/span>\n            <\/div>\n<div class=\"flex items-center justify-center gap-x-1 font-bold md:justify-start\">\n            <span class=\"text-sm line-through\">1 099,99 $<\/span><br \/>\n            <span class=\"text-sm text-brand-green\">\u00c9conomisez 650,00 $<\/span>\n        <\/div>\n<\/p><\/div>\n<\/p><\/div>\n<\/p><\/div>\n<div class=\"w-44 self-end\">\n                            <button class=\"flex justify-center items-center w-full bg-brand-green text-white text-base font-sans font-medium rounded-md hover:bg-brand-green-700 hover:cursor-pointer md:text-sm h-11\"><\/p>\n<p>    Conclure un accord<br \/>\n<\/button>\n                        <\/div>\n<\/p><\/div>\n<\/p><\/div>\n<div class=\"order-2 mt-5 h-auto w-full md:order-1 md:mt-0 md:hidden\">\n<div class=\"flex aspect-video items-center justify-center\">\n                                            <img decoding=\"async\" class=\"m-0 max-h-full max-w-full rounded-md\" src=\"https:\/\/vieassociative.be\/actualites\/wp-content\/uploads\/2025\/03\/Ce-LG-Smart-TV-de-75-pouces-est-en-vente.jpg\" alt=\"LG UR9000\" width=\"auto\" height=\"auto\" loading=\"lazy\">\n                                    <\/div>\n<\/p><\/div>\n<div class=\"order-2 ml-2 hidden w-32 shrink-0 items-center md:order-1 md:ml-0 md:flex\">\n<div class=\"flex aspect-video items-center justify-center\">\n                                            <img decoding=\"async\" class=\"m-0 max-h-full max-w-full rounded-md\" src=\"https:\/\/vieassociative.be\/actualites\/wp-content\/uploads\/2025\/03\/Ce-LG-Smart-TV-de-75-pouces-est-en-vente.jpg\" alt=\"LG UR9000\" width=\"auto\" height=\"auto\" loading=\"lazy\">\n                                    <\/div>\n<\/p><\/div>\n<div class=\"order-3 flex grow flex-wrap md:hidden md:grow-0\">\n<div class=\"mt-4 w-full\">\n                        <button class=\"flex justify-center items-center w-full bg-brand-green text-white text-base font-sans font-medium rounded-md hover:bg-brand-green-700 hover:cursor-pointer md:text-sm h-11\"><\/p>\n<p>    Conclure un accord<br \/>\n<\/button>\n                    <\/div>\n<div class=\"mx-2 mt-4 w-full\">\n<div class=\" font-sans leading-4 text-black\">\n<div class=\"flex flex-wrap items-center justify-center gap-x-1 md:justify-start\">\n        <span class=\"font-bold\"><\/p>\n<p>            449,99 $<br \/>\n                            <span class=\"font-medium\">\u00e0 Woot<\/span><br \/>\n                    <\/span>\n            <\/div>\n<div class=\"flex items-center justify-center gap-x-1 font-bold md:justify-start\">\n            <span class=\"text-sm line-through\">1 099,99 $<\/span><br \/>\n            <span class=\"text-sm text-brand-green\">\u00c9conomisez 650,00 $<\/span>\n        <\/div>\n<\/p><\/div>\n<\/p><\/div>\n<\/p><\/div>\n<\/p><\/div>\n<\/div>\n<p>Le LG UR9000 n&rsquo;a remport\u00e9 aucun prix lorsqu&rsquo;il a \u00e9t\u00e9 publi\u00e9 en 2023 en tant que budget 4K l\u00e9g\u00e8rement plus \u00e9lev\u00e9. Il ne devient pas tr\u00e8s brillant par rapport aux mod\u00e8les plus chers, avec 516 nits en SDR et 610 en HDR, faisant de regarder des films HDR en plein soleil ou des salles tr\u00e8s brillantes une exp\u00e9rience moindre. LG a \u00e9galement r\u00e9duit les co\u00fbts du contraste et des caract\u00e9ristiques de gradation locales. <\/p>\n<p>Cependant, comme il s&rsquo;agit d&rsquo;un panneau IPS, les angles de vision sont super, ce qui est un plus si vous pr\u00e9voyez de placer ce t\u00e9l\u00e9viseur massif dans votre salon. Il g\u00e9rera \u00e9galement bien les r\u00e9flexions des lampes ou des lumi\u00e8res. C&rsquo;est \u00e9galement une bonne option en tant que t\u00e9l\u00e9viseur de jeu ou en tant que moniteur d&rsquo;ordinateur surdimensionn\u00e9, car il a un faible retard d&rsquo;entr\u00e9e de 10,4 ms \u00e0 1080p avec 60 Hz. <\/p>\n<p>Si la taille n&rsquo;est pas aussi importante pour vous que certaines des sp\u00e9cifications qui manquent \u00e0 ce t\u00e9l\u00e9viseur, vous pouvez d\u00e9penser 50 $ de plus pour la Hisense U6 de 65 pouces, ce qui est un bien meilleur t\u00e9l\u00e9viseur selon la critique de PCMAG. Mais si vous \u00eates quelqu&rsquo;un qui joue avec d\u00e9sinvolture, adore regarder les sports et que vous voulez un \u00e9cran g\u00e9ant de 75 pouces \u00e0 un prix bas, l&rsquo;UR9000 vous servira bien.<\/p>\n","protected":false},"excerpt":{"rendered":"<p>\u00c0 59% de r\u00e9duction sur le prix d&rsquo;origine, c&rsquo;est une affaire de tueur. TV Tech s&rsquo;est beaucoup am\u00e9lior\u00e9 au fil des ans, avec des acheteurs<\/p>\n","protected":false},"author":1,"featured_media":5839,"comment_status":"","ping_status":"","sticky":false,"template":"","format":"standard","meta":{"footnotes":""},"categories":[13],"tags":[76,1980,81,4246,223],"class_list":["post-5838","post","type-post","status-publish","format-standard","has-post-thumbnail","hentry","category-technologie","tag-est","tag-pouces","tag-pour","tag-smart","tag-vente","generate-columns","tablet-grid-50","mobile-grid-100","grid-parent","grid-33"],"yoast_head":"<!-- This site is optimized with the Yoast SEO plugin v24.0 - https:\/\/yoast.com\/wordpress\/plugins\/seo\/ -->\n<title>Ce LG Smart TV de 75 pouces est en vente pour 450 $ | Vie Associative<\/title>\n<meta name=\"robots\" content=\"index, follow, max-snippet:-1, max-image-preview:large, max-video-preview:-1\" \/>\n<link rel=\"canonical\" href=\"https:\/\/vieassociative.be\/actualites\/ce-lg-smart-tv-de-75-pouces-est-en-vente-pour-450\/\" \/>\n<meta property=\"og:locale\" content=\"fr_FR\" \/>\n<meta property=\"og:type\" content=\"article\" \/>\n<meta property=\"og:title\" content=\"Ce LG Smart TV de 75 pouces est en vente pour 450 $ | Vie Associative\" \/>\n<meta property=\"og:description\" content=\"\u00c0 59% de r\u00e9duction sur le prix d&rsquo;origine, c&rsquo;est une affaire de tueur. TV Tech s&rsquo;est beaucoup am\u00e9lior\u00e9 au fil des ans, avec des acheteurs\" \/>\n<meta property=\"og:url\" content=\"https:\/\/vieassociative.be\/actualites\/ce-lg-smart-tv-de-75-pouces-est-en-vente-pour-450\/\" \/>\n<meta property=\"og:site_name\" content=\"Vie Associative\" \/>\n<meta property=\"article:published_time\" content=\"2025-03-13T01:17:41+00:00\" \/>\n<meta property=\"og:image\" content=\"https:\/\/vieassociative.be\/actualites\/wp-content\/uploads\/2025\/03\/Ce-LG-Smart-TV-de-75-pouces-est-en-vente.jpg\" \/>\n<meta name=\"author\" content=\"Julien\" \/>\n<meta name=\"twitter:card\" content=\"summary_large_image\" \/>\n<meta name=\"twitter:label1\" content=\"\u00c9crit par\" \/>\n\t<meta name=\"twitter:data1\" content=\"Julien\" \/>\n\t<meta name=\"twitter:label2\" content=\"Dur\u00e9e de lecture est.\" \/>\n\t<meta name=\"twitter:data2\" content=\"2 minutes\" \/>\n<script type=\"application\/ld+json\" class=\"yoast-schema-graph\">{\"@context\":\"https:\/\/schema.org\",\"@graph\":[{\"@type\":\"Article\",\"@id\":\"https:\/\/vieassociative.be\/actualites\/ce-lg-smart-tv-de-75-pouces-est-en-vente-pour-450\/#article\",\"isPartOf\":{\"@id\":\"https:\/\/vieassociative.be\/actualites\/ce-lg-smart-tv-de-75-pouces-est-en-vente-pour-450\/\"},\"author\":{\"name\":\"Julien\",\"@id\":\"https:\/\/vieassociative.be\/actualites\/#\/schema\/person\/b87ac4f82f9d4e7b7cec7395b679edc4\"},\"headline\":\"Ce LG Smart TV de 75 pouces est en vente pour 450 $\",\"datePublished\":\"2025-03-13T01:17:41+00:00\",\"dateModified\":\"2025-03-13T01:17:41+00:00\",\"mainEntityOfPage\":{\"@id\":\"https:\/\/vieassociative.be\/actualites\/ce-lg-smart-tv-de-75-pouces-est-en-vente-pour-450\/\"},\"wordCount\":402,\"publisher\":{\"@id\":\"https:\/\/vieassociative.be\/actualites\/#organization\"},\"image\":{\"@id\":\"https:\/\/vieassociative.be\/actualites\/ce-lg-smart-tv-de-75-pouces-est-en-vente-pour-450\/#primaryimage\"},\"thumbnailUrl\":\"https:\/\/vieassociative.be\/actualites\/wp-content\/uploads\/2025\/03\/Ce-LG-Smart-TV-de-75-pouces-est-en-vente.png\",\"keywords\":[\"est\",\"pouces\",\"pour\",\"Smart\",\"vente\"],\"articleSection\":[\"Technologie\"],\"inLanguage\":\"fr-BE\"},{\"@type\":\"WebPage\",\"@id\":\"https:\/\/vieassociative.be\/actualites\/ce-lg-smart-tv-de-75-pouces-est-en-vente-pour-450\/\",\"url\":\"https:\/\/vieassociative.be\/actualites\/ce-lg-smart-tv-de-75-pouces-est-en-vente-pour-450\/\",\"name\":\"Ce LG Smart TV de 75 pouces est en vente pour 450 $ | Vie Associative\",\"isPartOf\":{\"@id\":\"https:\/\/vieassociative.be\/actualites\/#website\"},\"primaryImageOfPage\":{\"@id\":\"https:\/\/vieassociative.be\/actualites\/ce-lg-smart-tv-de-75-pouces-est-en-vente-pour-450\/#primaryimage\"},\"image\":{\"@id\":\"https:\/\/vieassociative.be\/actualites\/ce-lg-smart-tv-de-75-pouces-est-en-vente-pour-450\/#primaryimage\"},\"thumbnailUrl\":\"https:\/\/vieassociative.be\/actualites\/wp-content\/uploads\/2025\/03\/Ce-LG-Smart-TV-de-75-pouces-est-en-vente.png\",\"datePublished\":\"2025-03-13T01:17:41+00:00\",\"dateModified\":\"2025-03-13T01:17:41+00:00\",\"breadcrumb\":{\"@id\":\"https:\/\/vieassociative.be\/actualites\/ce-lg-smart-tv-de-75-pouces-est-en-vente-pour-450\/#breadcrumb\"},\"inLanguage\":\"fr-BE\",\"potentialAction\":[{\"@type\":\"ReadAction\",\"target\":[\"https:\/\/vieassociative.be\/actualites\/ce-lg-smart-tv-de-75-pouces-est-en-vente-pour-450\/\"]}]},{\"@type\":\"ImageObject\",\"inLanguage\":\"fr-BE\",\"@id\":\"https:\/\/vieassociative.be\/actualites\/ce-lg-smart-tv-de-75-pouces-est-en-vente-pour-450\/#primaryimage\",\"url\":\"https:\/\/vieassociative.be\/actualites\/wp-content\/uploads\/2025\/03\/Ce-LG-Smart-TV-de-75-pouces-est-en-vente.png\",\"contentUrl\":\"https:\/\/vieassociative.be\/actualites\/wp-content\/uploads\/2025\/03\/Ce-LG-Smart-TV-de-75-pouces-est-en-vente.png\",\"width\":1200,\"height\":675,\"caption\":\"Ce LG Smart TV de 75 pouces est en vente pour 450 $\"},{\"@type\":\"BreadcrumbList\",\"@id\":\"https:\/\/vieassociative.be\/actualites\/ce-lg-smart-tv-de-75-pouces-est-en-vente-pour-450\/#breadcrumb\",\"itemListElement\":[{\"@type\":\"ListItem\",\"position\":1,\"name\":\"Accueil\",\"item\":\"https:\/\/vieassociative.be\/actualites\/\"},{\"@type\":\"ListItem\",\"position\":2,\"name\":\"Ce LG Smart TV de 75 pouces est en vente pour 450 $\"}]},{\"@type\":\"WebSite\",\"@id\":\"https:\/\/vieassociative.be\/actualites\/#website\",\"url\":\"https:\/\/vieassociative.be\/actualites\/\",\"name\":\"Vie Associative\",\"description\":\"\",\"publisher\":{\"@id\":\"https:\/\/vieassociative.be\/actualites\/#organization\"},\"potentialAction\":[{\"@type\":\"SearchAction\",\"target\":{\"@type\":\"EntryPoint\",\"urlTemplate\":\"https:\/\/vieassociative.be\/actualites\/?s={search_term_string}\"},\"query-input\":{\"@type\":\"PropertyValueSpecification\",\"valueRequired\":true,\"valueName\":\"search_term_string\"}}],\"inLanguage\":\"fr-BE\"},{\"@type\":\"Organization\",\"@id\":\"https:\/\/vieassociative.be\/actualites\/#organization\",\"name\":\"Vie Associative\",\"url\":\"https:\/\/vieassociative.be\/actualites\/\",\"logo\":{\"@type\":\"ImageObject\",\"inLanguage\":\"fr-BE\",\"@id\":\"https:\/\/vieassociative.be\/actualites\/#\/schema\/logo\/image\/\",\"url\":\"https:\/\/vieassociative.be\/actualites\/wp-content\/uploads\/2024\/09\/cropped-vieassociative_favicon.ico.png\",\"contentUrl\":\"https:\/\/vieassociative.be\/actualites\/wp-content\/uploads\/2024\/09\/cropped-vieassociative_favicon.ico.png\",\"width\":512,\"height\":512,\"caption\":\"Vie Associative\"},\"image\":{\"@id\":\"https:\/\/vieassociative.be\/actualites\/#\/schema\/logo\/image\/\"}},{\"@type\":\"Person\",\"@id\":\"https:\/\/vieassociative.be\/actualites\/#\/schema\/person\/b87ac4f82f9d4e7b7cec7395b679edc4\",\"name\":\"Julien\",\"image\":{\"@type\":\"ImageObject\",\"inLanguage\":\"fr-BE\",\"@id\":\"https:\/\/vieassociative.be\/actualites\/#\/schema\/person\/image\/\",\"url\":\"https:\/\/vieassociative.be\/actualites\/wp-content\/uploads\/2024\/09\/vie-associative-1-150x150.jpg\",\"contentUrl\":\"https:\/\/vieassociative.be\/actualites\/wp-content\/uploads\/2024\/09\/vie-associative-1-150x150.jpg\",\"caption\":\"Julien\"},\"description\":\"Je suis Julien, r\u00e9dacteur pour Vie Associative. Passionn\u00e9 par le monde associatif depuis plus de 10 ans, j'ai \u00e0 c\u0153ur de partager des histoires inspirantes et de mettre en lumi\u00e8re les initiatives locales. Mon objectif est de sensibiliser et d'encourager l'engagement communautaire \u00e0 travers mes articles.\",\"sameAs\":[\"https:\/\/vieassociative.be\/\"]}]}<\/script>\n<!-- \/ Yoast SEO plugin. -->","yoast_head_json":{"title":"Ce LG Smart TV de 75 pouces est en vente pour 450 $ | Vie Associative","robots":{"index":"index","follow":"follow","max-snippet":"max-snippet:-1","max-image-preview":"max-image-preview:large","max-video-preview":"max-video-preview:-1"},"canonical":"https:\/\/vieassociative.be\/actualites\/ce-lg-smart-tv-de-75-pouces-est-en-vente-pour-450\/","og_locale":"fr_FR","og_type":"article","og_title":"Ce LG Smart TV de 75 pouces est en vente pour 450 $ | Vie Associative","og_description":"\u00c0 59% de r\u00e9duction sur le prix d&rsquo;origine, c&rsquo;est une affaire de tueur. TV Tech s&rsquo;est beaucoup am\u00e9lior\u00e9 au fil des ans, avec des acheteurs","og_url":"https:\/\/vieassociative.be\/actualites\/ce-lg-smart-tv-de-75-pouces-est-en-vente-pour-450\/","og_site_name":"Vie Associative","article_published_time":"2025-03-13T01:17:41+00:00","og_image":[{"url":"https:\/\/vieassociative.be\/actualites\/wp-content\/uploads\/2025\/03\/Ce-LG-Smart-TV-de-75-pouces-est-en-vente.jpg","type":"","width":"","height":""}],"author":"Julien","twitter_card":"summary_large_image","twitter_misc":{"\u00c9crit par":"Julien","Dur\u00e9e de lecture est.":"2 minutes"},"schema":{"@context":"https:\/\/schema.org","@graph":[{"@type":"Article","@id":"https:\/\/vieassociative.be\/actualites\/ce-lg-smart-tv-de-75-pouces-est-en-vente-pour-450\/#article","isPartOf":{"@id":"https:\/\/vieassociative.be\/actualites\/ce-lg-smart-tv-de-75-pouces-est-en-vente-pour-450\/"},"author":{"name":"Julien","@id":"https:\/\/vieassociative.be\/actualites\/#\/schema\/person\/b87ac4f82f9d4e7b7cec7395b679edc4"},"headline":"Ce LG Smart TV de 75 pouces est en vente pour 450 $","datePublished":"2025-03-13T01:17:41+00:00","dateModified":"2025-03-13T01:17:41+00:00","mainEntityOfPage":{"@id":"https:\/\/vieassociative.be\/actualites\/ce-lg-smart-tv-de-75-pouces-est-en-vente-pour-450\/"},"wordCount":402,"publisher":{"@id":"https:\/\/vieassociative.be\/actualites\/#organization"},"image":{"@id":"https:\/\/vieassociative.be\/actualites\/ce-lg-smart-tv-de-75-pouces-est-en-vente-pour-450\/#primaryimage"},"thumbnailUrl":"https:\/\/vieassociative.be\/actualites\/wp-content\/uploads\/2025\/03\/Ce-LG-Smart-TV-de-75-pouces-est-en-vente.png","keywords":["est","pouces","pour","Smart","vente"],"articleSection":["Technologie"],"inLanguage":"fr-BE"},{"@type":"WebPage","@id":"https:\/\/vieassociative.be\/actualites\/ce-lg-smart-tv-de-75-pouces-est-en-vente-pour-450\/","url":"https:\/\/vieassociative.be\/actualites\/ce-lg-smart-tv-de-75-pouces-est-en-vente-pour-450\/","name":"Ce LG Smart TV de 75 pouces est en vente pour 450 $ | Vie Associative","isPartOf":{"@id":"https:\/\/vieassociative.be\/actualites\/#website"},"primaryImageOfPage":{"@id":"https:\/\/vieassociative.be\/actualites\/ce-lg-smart-tv-de-75-pouces-est-en-vente-pour-450\/#primaryimage"},"image":{"@id":"https:\/\/vieassociative.be\/actualites\/ce-lg-smart-tv-de-75-pouces-est-en-vente-pour-450\/#primaryimage"},"thumbnailUrl":"https:\/\/vieassociative.be\/actualites\/wp-content\/uploads\/2025\/03\/Ce-LG-Smart-TV-de-75-pouces-est-en-vente.png","datePublished":"2025-03-13T01:17:41+00:00","dateModified":"2025-03-13T01:17:41+00:00","breadcrumb":{"@id":"https:\/\/vieassociative.be\/actualites\/ce-lg-smart-tv-de-75-pouces-est-en-vente-pour-450\/#breadcrumb"},"inLanguage":"fr-BE","potentialAction":[{"@type":"ReadAction","target":["https:\/\/vieassociative.be\/actualites\/ce-lg-smart-tv-de-75-pouces-est-en-vente-pour-450\/"]}]},{"@type":"ImageObject","inLanguage":"fr-BE","@id":"https:\/\/vieassociative.be\/actualites\/ce-lg-smart-tv-de-75-pouces-est-en-vente-pour-450\/#primaryimage","url":"https:\/\/vieassociative.be\/actualites\/wp-content\/uploads\/2025\/03\/Ce-LG-Smart-TV-de-75-pouces-est-en-vente.png","contentUrl":"https:\/\/vieassociative.be\/actualites\/wp-content\/uploads\/2025\/03\/Ce-LG-Smart-TV-de-75-pouces-est-en-vente.png","width":1200,"height":675,"caption":"Ce LG Smart TV de 75 pouces est en vente pour 450 $"},{"@type":"BreadcrumbList","@id":"https:\/\/vieassociative.be\/actualites\/ce-lg-smart-tv-de-75-pouces-est-en-vente-pour-450\/#breadcrumb","itemListElement":[{"@type":"ListItem","position":1,"name":"Accueil","item":"https:\/\/vieassociative.be\/actualites\/"},{"@type":"ListItem","position":2,"name":"Ce LG Smart TV de 75 pouces est en vente pour 450 $"}]},{"@type":"WebSite","@id":"https:\/\/vieassociative.be\/actualites\/#website","url":"https:\/\/vieassociative.be\/actualites\/","name":"Vie Associative","description":"","publisher":{"@id":"https:\/\/vieassociative.be\/actualites\/#organization"},"potentialAction":[{"@type":"SearchAction","target":{"@type":"EntryPoint","urlTemplate":"https:\/\/vieassociative.be\/actualites\/?s={search_term_string}"},"query-input":{"@type":"PropertyValueSpecification","valueRequired":true,"valueName":"search_term_string"}}],"inLanguage":"fr-BE"},{"@type":"Organization","@id":"https:\/\/vieassociative.be\/actualites\/#organization","name":"Vie Associative","url":"https:\/\/vieassociative.be\/actualites\/","logo":{"@type":"ImageObject","inLanguage":"fr-BE","@id":"https:\/\/vieassociative.be\/actualites\/#\/schema\/logo\/image\/","url":"https:\/\/vieassociative.be\/actualites\/wp-content\/uploads\/2024\/09\/cropped-vieassociative_favicon.ico.png","contentUrl":"https:\/\/vieassociative.be\/actualites\/wp-content\/uploads\/2024\/09\/cropped-vieassociative_favicon.ico.png","width":512,"height":512,"caption":"Vie Associative"},"image":{"@id":"https:\/\/vieassociative.be\/actualites\/#\/schema\/logo\/image\/"}},{"@type":"Person","@id":"https:\/\/vieassociative.be\/actualites\/#\/schema\/person\/b87ac4f82f9d4e7b7cec7395b679edc4","name":"Julien","image":{"@type":"ImageObject","inLanguage":"fr-BE","@id":"https:\/\/vieassociative.be\/actualites\/#\/schema\/person\/image\/","url":"https:\/\/vieassociative.be\/actualites\/wp-content\/uploads\/2024\/09\/vie-associative-1-150x150.jpg","contentUrl":"https:\/\/vieassociative.be\/actualites\/wp-content\/uploads\/2024\/09\/vie-associative-1-150x150.jpg","caption":"Julien"},"description":"Je suis Julien, r\u00e9dacteur pour Vie Associative. Passionn\u00e9 par le monde associatif depuis plus de 10 ans, j'ai \u00e0 c\u0153ur de partager des histoires inspirantes et de mettre en lumi\u00e8re les initiatives locales. Mon objectif est de sensibiliser et d'encourager l'engagement communautaire \u00e0 travers mes articles.","sameAs":["https:\/\/vieassociative.be\/"]}]}},"_links":{"self":[{"href":"https:\/\/vieassociative.be\/actualites\/wp-json\/wp\/v2\/posts\/5838"}],"collection":[{"href":"https:\/\/vieassociative.be\/actualites\/wp-json\/wp\/v2\/posts"}],"about":[{"href":"https:\/\/vieassociative.be\/actualites\/wp-json\/wp\/v2\/types\/post"}],"author":[{"embeddable":true,"href":"https:\/\/vieassociative.be\/actualites\/wp-json\/wp\/v2\/users\/1"}],"replies":[{"embeddable":true,"href":"https:\/\/vieassociative.be\/actualites\/wp-json\/wp\/v2\/comments?post=5838"}],"version-history":[{"count":0,"href":"https:\/\/vieassociative.be\/actualites\/wp-json\/wp\/v2\/posts\/5838\/revisions"}],"wp:featuredmedia":[{"embeddable":true,"href":"https:\/\/vieassociative.be\/actualites\/wp-json\/wp\/v2\/media\/5839"}],"wp:attachment":[{"href":"https:\/\/vieassociative.be\/actualites\/wp-json\/wp\/v2\/media?parent=5838"}],"wp:term":[{"taxonomy":"category","embeddable":true,"href":"https:\/\/vieassociative.be\/actualites\/wp-json\/wp\/v2\/categories?post=5838"},{"taxonomy":"post_tag","embeddable":true,"href":"https:\/\/vieassociative.be\/actualites\/wp-json\/wp\/v2\/tags?post=5838"}],"curies":[{"name":"wp","href":"https:\/\/api.w.org\/{rel}","templated":true}]}}