{"id":5836,"date":"2025-03-13T01:19:45","date_gmt":"2025-03-13T00:19:45","guid":{"rendered":"https:\/\/vieassociative.be\/actualites\/les-10-meilleures-fonctionnalites-cachees-airtags\/"},"modified":"2025-03-13T01:19:45","modified_gmt":"2025-03-13T00:19:45","slug":"les-10-meilleures-fonctionnalites-cachees-airtags","status":"publish","type":"post","link":"https:\/\/vieassociative.be\/actualites\/les-10-meilleures-fonctionnalites-cachees-airtags\/","title":{"rendered":"Les 10 meilleures fonctionnalit\u00e9s cach\u00e9es AirTags"},"content":{"rendered":"<div class=\"mt-4 leading-6 md:mb-8\">Apprenez tout ce qu&rsquo;il y a \u00e0 savoir sur vos AirTags.<\/div>\n<p><\/p>\n<p>Lorsque les AirTags d&rsquo;Apple ont \u00e9t\u00e9 lanc\u00e9s pour la premi\u00e8re fois, j&rsquo;ai pens\u00e9 que les appareils s&rsquo;av\u00e9reraient inutiles une fois que la nouveaut\u00e9 s&rsquo;est dissip\u00e9e, mais apr\u00e8s les avoir utilis\u00e9es pendant environ un an, mon hypoth\u00e8se s&rsquo;est av\u00e9r\u00e9e erron\u00e9e. Les AirTags ont pas mal de fonctionnalit\u00e9s cach\u00e9es utiles qui font que le produit m\u00e9rite d&rsquo;\u00eatre v\u00e9rifi\u00e9 m\u00eame si vous \u00eates quelqu&rsquo;un qui ne perd pas souvent les choses. Voici les meilleures fonctionnalit\u00e9s cach\u00e9es de vos a\u00e9rag\u00e8res Apple.<\/p>\n<h2 id=\"rename-your-airtags\">Renommez vos a\u00e9rag\u00e8res<\/h2>\n<p>Cela semble \u00e9vident, mais vous devriez vraiment renommer vos AirTags pour faciliter l&rsquo;identification de chaque \u00e9l\u00e9ment auquel ils sont attach\u00e9s. Au lieu de les faire nommer \u00ab\u00a0Pranay&rsquo;s Airtags # 1,\u00a0\u00bb Vous pouvez le changer en quelque chose comme \u00ab\u00a0Pranay&rsquo;s Blue Backpack\u00a0\u00bb. Pour ce faire, acc\u00e9dez \u00e0 la recherche de mon application sur votre iPhone et acc\u00e9dez \u00e0 <strong>\u00c9l\u00e9ments> AirTag> Renommer l&rsquo;\u00e9l\u00e9ment<\/strong>. Une fois que vous avez choisi des noms sp\u00e9cifiques et faciles \u00e0 prononcer, vous pouvez essayer le conseil suivant.<\/p>\n<h2 id=\"use-siri-to-locate-your-airtags\">Utilisez Siri pour localiser vos AirTags<\/h2>\n<p>Lorsque vous cherchez un objet perdu avec un a\u00e9rotage dessus, le moyen le plus rapide de le trouver est via Siri. Vous pouvez demander \u00e0 Siri de localiser l&rsquo;\u00e9l\u00e9ment en utilisant une commande vocale comme: \u00ab\u00a0H\u00e9 Siri, trouvez les bagages de Pranay.\u00a0\u00bb Utilisez simplement le nom que vous avez donn\u00e9 \u00e0 AirTag et Siri localisera rapidement l&rsquo;\u00e9l\u00e9ment et vous entendrez un son qui vous permettra de le trouver rapidement. C&rsquo;est beaucoup plus rapide que d&rsquo;aller \u00e0 la recherche de mon application sur votre iPhone et de taper vers <strong>\u00c9l\u00e9ments> AirTags> Play Sound<\/strong>.<\/p>\n<h2 id=\"share-your-airtags-location-with-a-loved-one\">Partagez l&#8217;emplacement de votre Airtag avec un \u00eatre cher<\/h2>\n<p>Si vous faites confiance \u00e0 vos proches pour garder un \u0153il sur vous, envisagez de partager l&#8217;emplacement de votre Airtag avec eux. Cela peut \u00eatre utile pour ceux qui travaillent les quarts de nuit ou qui ont de longs entra\u00eenements au travail, car cela permet \u00e0 des \u00eatres chers de savoir o\u00f9 ils se trouvent en cas d&rsquo;urgence. Tant que l&rsquo;a\u00e9ropagce est dans votre voiture ou attach\u00e9 \u00e0 un article que vous portez toujours (cl\u00e9s de maison, votre t\u00e9l\u00e9phone, etc.), cette fonction fonctionnera tr\u00e8s bien. Activer en ouvrant la recherche de mon application sur votre iPhone et en allant \u00e0 <strong>Articles> AirTags> Partager AirTag> Ajouter une personne<\/strong>.<\/p>\n<h2 id=\"put-your-airtags-in-lost-mode\">Mettez vos AirTags en mode perdu<\/h2>\n<p>Vos AirTags ont deux fonctionnalit\u00e9s utiles qui permettent aux autres de localiser vos articles perdus. L&rsquo;un vous permet de partager les coordonn\u00e9es avec quiconque trouve votre a\u00e9rat \u00e0 air perdu, et l&rsquo;autre vous permet de partager l&#8217;emplacement de votre Airtag avec des personnes de confiance telles que des employ\u00e9s de la compagnie a\u00e9rienne qui essaient de localiser vos bagages. Vous pouvez les d\u00e9finir les deux en allant \u00e0 la recherche de mon application sur votre iPhone et en naviguant vers <strong>Articles> AirTag> Airtag perdu<\/strong>. Robinet <strong>Afficher les coordonn\u00e9es<\/strong> ou <strong>Partager l&#8217;emplacement de l&rsquo;article<\/strong> Et suivez les instructions \u00e0 l&rsquo;\u00e9cran pour configurer ces fonctionnalit\u00e9s.<\/p>\n<h2 id=\"you-can-find-the-owner-of-lost-airtags\">Vous pouvez trouver le propri\u00e9taire de Lost AirTags<\/h2>\n<p>Au cas o\u00f9 vous rencontrez des a\u00e9riens de quelqu&rsquo;un d&rsquo;autre, vous pouvez utiliser votre iPhone pour essayer d&rsquo;identifier leur propri\u00e9taire et de les contacter. Si quelqu&rsquo;un a ajout\u00e9 ses coordonn\u00e9es \u00e0 ses AirTags, comme d\u00e9crit dans l&rsquo;astuce pr\u00e9c\u00e9dente, vous pouvez le localiser rapidement via Find My My App sur votre iPhone. Aller au <strong>Articles<\/strong> onglet et s\u00e9lectionnez <strong>Identifier l&rsquo;article trouv\u00e9<\/strong>. Suivez les invites \u00e0 l&rsquo;\u00e9cran pour identifier le perte perdue et, esp\u00e9rons-le, la r\u00e9unir avec son propri\u00e9taire.<\/p>\n<h2 id=\"turn-off-left-behind-notifications-for-your-home\">\u00c9teignez les notifications \u00e0 gauche pour votre maison<\/h2>\n<p>Si votre maison est incorrectement marqu\u00e9e dans vos AirTags, vous deviendrez ennuyeux \u00ab\u00a0Cet article est laiss\u00e9 derri\u00e8re\u00a0\u00bb Alertes chaque fois que vous sortez. J&rsquo;ai command\u00e9 mes AirTags juste avant un s\u00e9jour d&rsquo;un mois chez un ami, et leur maison \u00e9tait automatiquement marqu\u00e9e comme ma \u00abmaison\u00bb. Quand je suis retourn\u00e9 chez moi, trois de mes quatre a\u00e9rag\u00e8res continueraient de me faire peur en me disant que j&rsquo;avais laiss\u00e9 ma valise ou d&rsquo;autres articles. Vous pouvez r\u00e9parer cela en allant \u00e0 <strong>Trouvez mes> \u00e9l\u00e9ments> AirTags> AVISIRS lorsqu&rsquo;il est laiss\u00e9 pour compte<\/strong>. Robinet <strong>Nouvel emplacement<\/strong> Et marquez votre maison comme exception. Cela devrait prendre soin des alertes ind\u00e9sirables.<\/p>\n<h2 id=\"check-your-airtags-battery-level\">V\u00e9rifiez le niveau de la batterie de votre a\u00e9rat<\/h2>\n<p>La batterie de votre AirTag devrait durer un an, mais il n&rsquo;y a aucun moyen de d\u00e9terminer le niveau actuel de la batterie. Si la batterie est vraiment bas, votre iPhone vous enverra une notification. Vous pouvez \u00e9galement voir l&rsquo;a\u00e9rotage dans la recherche de recherche, qui montrera un indicateur bas de la batterie si votre a\u00e9rat a besoin d&rsquo;une nouvelle batterie.<\/p>\n<h2 id=\"find-your-airtag-easily\">Trouvez votre a\u00e9rotage facilement<\/h2>\n<p>Il s&rsquo;agit de l&rsquo;utilisation la plus populaire pour les airtags. Acc\u00e9dez \u00e0 l&rsquo;onglet Trouver mon application et ouvrez les \u00e9l\u00e9ments. Appuyez sur le nom de votre AirTag et s\u00e9lectionnez <strong>Trouver<\/strong>. L&rsquo;iPhone prendra quelques instants et vous dirigera vers votre a\u00e9rat.<\/p>\n<h2 id=\"look-up-an-airtags-serial-number\">Recherchez le num\u00e9ro de s\u00e9rie d&rsquo;un airtag<\/h2>\n<p>Vous pouvez \u00e9galement afficher le num\u00e9ro de s\u00e9rie et la version firmware de votre AirTag dans votre application de votre iPhone. Pour ce faire, acc\u00e9dez \u00e0 l&rsquo;onglet des \u00e9l\u00e9ments de l&rsquo;application, s\u00e9lectionnez votre AirTag et appuyez sur le nom de l&rsquo;AirTag. Vous verrez maintenant son num\u00e9ro de s\u00e9rie et sa version du micrologiciel. Ces informations peuvent \u00eatre utiles si vos AirTags sont garanties et pour voir si les derni\u00e8res fonctionnalit\u00e9s logicielles sont disponibles pour eux.<\/p>\n<h2 id=\"creative-uses-for-airtags\">Utilisations cr\u00e9atives pour AirTags<\/h2>\n<p>Bien que vous pensiez que les AirTags seraient les meilleurs pour suivre les bagages, les cl\u00e9s ou d&rsquo;autres articles que vous pourriez perdre plus souvent que la plupart, il y a beaucoup plus pour lequel vous pouvez utiliser des a\u00e9rag\u00e8res. Mon pr\u00e9f\u00e9r\u00e9 est le suivi des animaux de compagnie. Si vous avez un chat qui sort souvent \u00e0 l&rsquo;ext\u00e9rieur, mettre un a\u00e9rotage sur son harnais pourrait vous \u00e9viter beaucoup de probl\u00e8mes si l&rsquo;animal dispara\u00eet jamais. De m\u00eame, les habitants de Reddit ont mis en \u00e9vidence de nombreuses utilisations cr\u00e9atives du produit. Cela inclut la formation de votre chien \u00e0 vous revenir lorsque vous jouez un son sur un a\u00e9rotage attach\u00e9 \u00e0 leur col, l&rsquo;utilisant pour suivre les personnes qui souffrent de d\u00e9mence (et se perdent souvent en cons\u00e9quence), et m\u00eame le suivi du sac \u00e0 dos d&rsquo;un enfant. Vous ne devez jamais utiliser AirTags pour traquer les gens, mais le produit peut vous aider \u00e0 garder un \u0153il sur les \u00eatres chers qui ne peuvent pas se prot\u00e9ger.<\/p>\n","protected":false},"excerpt":{"rendered":"<p>Apprenez tout ce qu&rsquo;il y a \u00e0 savoir sur vos AirTags. Lorsque les AirTags d&rsquo;Apple ont \u00e9t\u00e9 lanc\u00e9s pour la premi\u00e8re fois, j&rsquo;ai pens\u00e9 que<\/p>\n","protected":false},"author":1,"featured_media":5837,"comment_status":"","ping_status":"","sticky":false,"template":"","format":"standard","meta":{"footnotes":""},"categories":[13],"tags":[3116,5826,1216,14,79],"class_list":["post-5836","post","type-post","status-publish","format-standard","has-post-thumbnail","hentry","category-technologie","tag-airtags","tag-cachees","tag-fonctionnalites","tag-les","tag-meilleures","generate-columns","tablet-grid-50","mobile-grid-100","grid-parent","grid-33"],"yoast_head":"<!-- This site is optimized with the Yoast SEO plugin v24.0 - https:\/\/yoast.com\/wordpress\/plugins\/seo\/ -->\n<title>Les 10 meilleures fonctionnalit\u00e9s cach\u00e9es AirTags | Vie Associative<\/title>\n<meta name=\"robots\" content=\"index, follow, max-snippet:-1, max-image-preview:large, max-video-preview:-1\" \/>\n<link rel=\"canonical\" href=\"https:\/\/vieassociative.be\/actualites\/les-10-meilleures-fonctionnalites-cachees-airtags\/\" \/>\n<meta property=\"og:locale\" content=\"fr_FR\" \/>\n<meta property=\"og:type\" content=\"article\" \/>\n<meta property=\"og:title\" content=\"Les 10 meilleures fonctionnalit\u00e9s cach\u00e9es AirTags | Vie Associative\" \/>\n<meta property=\"og:description\" content=\"Apprenez tout ce qu&rsquo;il y a \u00e0 savoir sur vos AirTags. Lorsque les AirTags d&rsquo;Apple ont \u00e9t\u00e9 lanc\u00e9s pour la premi\u00e8re fois, j&rsquo;ai pens\u00e9 que\" \/>\n<meta property=\"og:url\" content=\"https:\/\/vieassociative.be\/actualites\/les-10-meilleures-fonctionnalites-cachees-airtags\/\" \/>\n<meta property=\"og:site_name\" content=\"Vie Associative\" \/>\n<meta property=\"article:published_time\" content=\"2025-03-13T00:19:45+00:00\" \/>\n<meta property=\"og:image\" content=\"https:\/\/vieassociative.be\/actualites\/wp-content\/uploads\/2024\/09\/header_backgroundk-01-e1726694325946.png\" \/>\n\t<meta property=\"og:image:width\" content=\"279\" \/>\n\t<meta property=\"og:image:height\" content=\"92\" \/>\n\t<meta property=\"og:image:type\" content=\"image\/png\" \/>\n<meta name=\"author\" content=\"Julien\" \/>\n<meta name=\"twitter:card\" content=\"summary_large_image\" \/>\n<meta name=\"twitter:label1\" content=\"\u00c9crit par\" \/>\n\t<meta name=\"twitter:data1\" content=\"Julien\" \/>\n\t<meta name=\"twitter:label2\" content=\"Dur\u00e9e de lecture est.\" \/>\n\t<meta name=\"twitter:data2\" content=\"6 minutes\" \/>\n<script type=\"application\/ld+json\" class=\"yoast-schema-graph\">{\"@context\":\"https:\/\/schema.org\",\"@graph\":[{\"@type\":\"Article\",\"@id\":\"https:\/\/vieassociative.be\/actualites\/les-10-meilleures-fonctionnalites-cachees-airtags\/#article\",\"isPartOf\":{\"@id\":\"https:\/\/vieassociative.be\/actualites\/les-10-meilleures-fonctionnalites-cachees-airtags\/\"},\"author\":{\"name\":\"Julien\",\"@id\":\"https:\/\/vieassociative.be\/actualites\/#\/schema\/person\/b87ac4f82f9d4e7b7cec7395b679edc4\"},\"headline\":\"Les 10 meilleures fonctionnalit\u00e9s cach\u00e9es AirTags\",\"datePublished\":\"2025-03-13T00:19:45+00:00\",\"dateModified\":\"2025-03-13T00:19:45+00:00\",\"mainEntityOfPage\":{\"@id\":\"https:\/\/vieassociative.be\/actualites\/les-10-meilleures-fonctionnalites-cachees-airtags\/\"},\"wordCount\":1198,\"publisher\":{\"@id\":\"https:\/\/vieassociative.be\/actualites\/#organization\"},\"image\":{\"@id\":\"https:\/\/vieassociative.be\/actualites\/les-10-meilleures-fonctionnalites-cachees-airtags\/#primaryimage\"},\"thumbnailUrl\":\"https:\/\/vieassociative.be\/actualites\/wp-content\/uploads\/2025\/03\/Les-10-meilleures-fonctionnalites-cachees-AirTags.jpg\",\"keywords\":[\"AirTags\",\"cach\u00e9es\",\"fonctionnalit\u00e9s\",\"Les\",\"meilleures\"],\"articleSection\":[\"Technologie\"],\"inLanguage\":\"fr-BE\"},{\"@type\":\"WebPage\",\"@id\":\"https:\/\/vieassociative.be\/actualites\/les-10-meilleures-fonctionnalites-cachees-airtags\/\",\"url\":\"https:\/\/vieassociative.be\/actualites\/les-10-meilleures-fonctionnalites-cachees-airtags\/\",\"name\":\"Les 10 meilleures fonctionnalit\u00e9s cach\u00e9es AirTags | Vie Associative\",\"isPartOf\":{\"@id\":\"https:\/\/vieassociative.be\/actualites\/#website\"},\"primaryImageOfPage\":{\"@id\":\"https:\/\/vieassociative.be\/actualites\/les-10-meilleures-fonctionnalites-cachees-airtags\/#primaryimage\"},\"image\":{\"@id\":\"https:\/\/vieassociative.be\/actualites\/les-10-meilleures-fonctionnalites-cachees-airtags\/#primaryimage\"},\"thumbnailUrl\":\"https:\/\/vieassociative.be\/actualites\/wp-content\/uploads\/2025\/03\/Les-10-meilleures-fonctionnalites-cachees-AirTags.jpg\",\"datePublished\":\"2025-03-13T00:19:45+00:00\",\"dateModified\":\"2025-03-13T00:19:45+00:00\",\"breadcrumb\":{\"@id\":\"https:\/\/vieassociative.be\/actualites\/les-10-meilleures-fonctionnalites-cachees-airtags\/#breadcrumb\"},\"inLanguage\":\"fr-BE\",\"potentialAction\":[{\"@type\":\"ReadAction\",\"target\":[\"https:\/\/vieassociative.be\/actualites\/les-10-meilleures-fonctionnalites-cachees-airtags\/\"]}]},{\"@type\":\"ImageObject\",\"inLanguage\":\"fr-BE\",\"@id\":\"https:\/\/vieassociative.be\/actualites\/les-10-meilleures-fonctionnalites-cachees-airtags\/#primaryimage\",\"url\":\"https:\/\/vieassociative.be\/actualites\/wp-content\/uploads\/2025\/03\/Les-10-meilleures-fonctionnalites-cachees-AirTags.jpg\",\"contentUrl\":\"https:\/\/vieassociative.be\/actualites\/wp-content\/uploads\/2025\/03\/Les-10-meilleures-fonctionnalites-cachees-AirTags.jpg\",\"width\":1200,\"height\":675,\"caption\":\"Les 10 meilleures fonctionnalit\u00e9s cach\u00e9es AirTags\"},{\"@type\":\"BreadcrumbList\",\"@id\":\"https:\/\/vieassociative.be\/actualites\/les-10-meilleures-fonctionnalites-cachees-airtags\/#breadcrumb\",\"itemListElement\":[{\"@type\":\"ListItem\",\"position\":1,\"name\":\"Accueil\",\"item\":\"https:\/\/vieassociative.be\/actualites\/\"},{\"@type\":\"ListItem\",\"position\":2,\"name\":\"Les 10 meilleures fonctionnalit\u00e9s cach\u00e9es AirTags\"}]},{\"@type\":\"WebSite\",\"@id\":\"https:\/\/vieassociative.be\/actualites\/#website\",\"url\":\"https:\/\/vieassociative.be\/actualites\/\",\"name\":\"Vie Associative\",\"description\":\"\",\"publisher\":{\"@id\":\"https:\/\/vieassociative.be\/actualites\/#organization\"},\"potentialAction\":[{\"@type\":\"SearchAction\",\"target\":{\"@type\":\"EntryPoint\",\"urlTemplate\":\"https:\/\/vieassociative.be\/actualites\/?s={search_term_string}\"},\"query-input\":{\"@type\":\"PropertyValueSpecification\",\"valueRequired\":true,\"valueName\":\"search_term_string\"}}],\"inLanguage\":\"fr-BE\"},{\"@type\":\"Organization\",\"@id\":\"https:\/\/vieassociative.be\/actualites\/#organization\",\"name\":\"Vie Associative\",\"url\":\"https:\/\/vieassociative.be\/actualites\/\",\"logo\":{\"@type\":\"ImageObject\",\"inLanguage\":\"fr-BE\",\"@id\":\"https:\/\/vieassociative.be\/actualites\/#\/schema\/logo\/image\/\",\"url\":\"https:\/\/vieassociative.be\/actualites\/wp-content\/uploads\/2024\/09\/cropped-vieassociative_favicon.ico.png\",\"contentUrl\":\"https:\/\/vieassociative.be\/actualites\/wp-content\/uploads\/2024\/09\/cropped-vieassociative_favicon.ico.png\",\"width\":512,\"height\":512,\"caption\":\"Vie Associative\"},\"image\":{\"@id\":\"https:\/\/vieassociative.be\/actualites\/#\/schema\/logo\/image\/\"}},{\"@type\":\"Person\",\"@id\":\"https:\/\/vieassociative.be\/actualites\/#\/schema\/person\/b87ac4f82f9d4e7b7cec7395b679edc4\",\"name\":\"Julien\",\"image\":{\"@type\":\"ImageObject\",\"inLanguage\":\"fr-BE\",\"@id\":\"https:\/\/vieassociative.be\/actualites\/#\/schema\/person\/image\/\",\"url\":\"https:\/\/vieassociative.be\/actualites\/wp-content\/uploads\/2024\/09\/vie-associative-1-150x150.jpg\",\"contentUrl\":\"https:\/\/vieassociative.be\/actualites\/wp-content\/uploads\/2024\/09\/vie-associative-1-150x150.jpg\",\"caption\":\"Julien\"},\"description\":\"Je suis Julien, r\u00e9dacteur pour Vie Associative. Passionn\u00e9 par le monde associatif depuis plus de 10 ans, j'ai \u00e0 c\u0153ur de partager des histoires inspirantes et de mettre en lumi\u00e8re les initiatives locales. Mon objectif est de sensibiliser et d'encourager l'engagement communautaire \u00e0 travers mes articles.\",\"sameAs\":[\"https:\/\/vieassociative.be\/\"]}]}<\/script>\n<!-- \/ Yoast SEO plugin. -->","yoast_head_json":{"title":"Les 10 meilleures fonctionnalit\u00e9s cach\u00e9es AirTags | Vie Associative","robots":{"index":"index","follow":"follow","max-snippet":"max-snippet:-1","max-image-preview":"max-image-preview:large","max-video-preview":"max-video-preview:-1"},"canonical":"https:\/\/vieassociative.be\/actualites\/les-10-meilleures-fonctionnalites-cachees-airtags\/","og_locale":"fr_FR","og_type":"article","og_title":"Les 10 meilleures fonctionnalit\u00e9s cach\u00e9es AirTags | Vie Associative","og_description":"Apprenez tout ce qu&rsquo;il y a \u00e0 savoir sur vos AirTags. Lorsque les AirTags d&rsquo;Apple ont \u00e9t\u00e9 lanc\u00e9s pour la premi\u00e8re fois, j&rsquo;ai pens\u00e9 que","og_url":"https:\/\/vieassociative.be\/actualites\/les-10-meilleures-fonctionnalites-cachees-airtags\/","og_site_name":"Vie Associative","article_published_time":"2025-03-13T00:19:45+00:00","og_image":[{"width":279,"height":92,"url":"https:\/\/vieassociative.be\/actualites\/wp-content\/uploads\/2024\/09\/header_backgroundk-01-e1726694325946.png","type":"image\/png"}],"author":"Julien","twitter_card":"summary_large_image","twitter_misc":{"\u00c9crit par":"Julien","Dur\u00e9e de lecture est.":"6 minutes"},"schema":{"@context":"https:\/\/schema.org","@graph":[{"@type":"Article","@id":"https:\/\/vieassociative.be\/actualites\/les-10-meilleures-fonctionnalites-cachees-airtags\/#article","isPartOf":{"@id":"https:\/\/vieassociative.be\/actualites\/les-10-meilleures-fonctionnalites-cachees-airtags\/"},"author":{"name":"Julien","@id":"https:\/\/vieassociative.be\/actualites\/#\/schema\/person\/b87ac4f82f9d4e7b7cec7395b679edc4"},"headline":"Les 10 meilleures fonctionnalit\u00e9s cach\u00e9es AirTags","datePublished":"2025-03-13T00:19:45+00:00","dateModified":"2025-03-13T00:19:45+00:00","mainEntityOfPage":{"@id":"https:\/\/vieassociative.be\/actualites\/les-10-meilleures-fonctionnalites-cachees-airtags\/"},"wordCount":1198,"publisher":{"@id":"https:\/\/vieassociative.be\/actualites\/#organization"},"image":{"@id":"https:\/\/vieassociative.be\/actualites\/les-10-meilleures-fonctionnalites-cachees-airtags\/#primaryimage"},"thumbnailUrl":"https:\/\/vieassociative.be\/actualites\/wp-content\/uploads\/2025\/03\/Les-10-meilleures-fonctionnalites-cachees-AirTags.jpg","keywords":["AirTags","cach\u00e9es","fonctionnalit\u00e9s","Les","meilleures"],"articleSection":["Technologie"],"inLanguage":"fr-BE"},{"@type":"WebPage","@id":"https:\/\/vieassociative.be\/actualites\/les-10-meilleures-fonctionnalites-cachees-airtags\/","url":"https:\/\/vieassociative.be\/actualites\/les-10-meilleures-fonctionnalites-cachees-airtags\/","name":"Les 10 meilleures fonctionnalit\u00e9s cach\u00e9es AirTags | Vie Associative","isPartOf":{"@id":"https:\/\/vieassociative.be\/actualites\/#website"},"primaryImageOfPage":{"@id":"https:\/\/vieassociative.be\/actualites\/les-10-meilleures-fonctionnalites-cachees-airtags\/#primaryimage"},"image":{"@id":"https:\/\/vieassociative.be\/actualites\/les-10-meilleures-fonctionnalites-cachees-airtags\/#primaryimage"},"thumbnailUrl":"https:\/\/vieassociative.be\/actualites\/wp-content\/uploads\/2025\/03\/Les-10-meilleures-fonctionnalites-cachees-AirTags.jpg","datePublished":"2025-03-13T00:19:45+00:00","dateModified":"2025-03-13T00:19:45+00:00","breadcrumb":{"@id":"https:\/\/vieassociative.be\/actualites\/les-10-meilleures-fonctionnalites-cachees-airtags\/#breadcrumb"},"inLanguage":"fr-BE","potentialAction":[{"@type":"ReadAction","target":["https:\/\/vieassociative.be\/actualites\/les-10-meilleures-fonctionnalites-cachees-airtags\/"]}]},{"@type":"ImageObject","inLanguage":"fr-BE","@id":"https:\/\/vieassociative.be\/actualites\/les-10-meilleures-fonctionnalites-cachees-airtags\/#primaryimage","url":"https:\/\/vieassociative.be\/actualites\/wp-content\/uploads\/2025\/03\/Les-10-meilleures-fonctionnalites-cachees-AirTags.jpg","contentUrl":"https:\/\/vieassociative.be\/actualites\/wp-content\/uploads\/2025\/03\/Les-10-meilleures-fonctionnalites-cachees-AirTags.jpg","width":1200,"height":675,"caption":"Les 10 meilleures fonctionnalit\u00e9s cach\u00e9es AirTags"},{"@type":"BreadcrumbList","@id":"https:\/\/vieassociative.be\/actualites\/les-10-meilleures-fonctionnalites-cachees-airtags\/#breadcrumb","itemListElement":[{"@type":"ListItem","position":1,"name":"Accueil","item":"https:\/\/vieassociative.be\/actualites\/"},{"@type":"ListItem","position":2,"name":"Les 10 meilleures fonctionnalit\u00e9s cach\u00e9es AirTags"}]},{"@type":"WebSite","@id":"https:\/\/vieassociative.be\/actualites\/#website","url":"https:\/\/vieassociative.be\/actualites\/","name":"Vie Associative","description":"","publisher":{"@id":"https:\/\/vieassociative.be\/actualites\/#organization"},"potentialAction":[{"@type":"SearchAction","target":{"@type":"EntryPoint","urlTemplate":"https:\/\/vieassociative.be\/actualites\/?s={search_term_string}"},"query-input":{"@type":"PropertyValueSpecification","valueRequired":true,"valueName":"search_term_string"}}],"inLanguage":"fr-BE"},{"@type":"Organization","@id":"https:\/\/vieassociative.be\/actualites\/#organization","name":"Vie Associative","url":"https:\/\/vieassociative.be\/actualites\/","logo":{"@type":"ImageObject","inLanguage":"fr-BE","@id":"https:\/\/vieassociative.be\/actualites\/#\/schema\/logo\/image\/","url":"https:\/\/vieassociative.be\/actualites\/wp-content\/uploads\/2024\/09\/cropped-vieassociative_favicon.ico.png","contentUrl":"https:\/\/vieassociative.be\/actualites\/wp-content\/uploads\/2024\/09\/cropped-vieassociative_favicon.ico.png","width":512,"height":512,"caption":"Vie Associative"},"image":{"@id":"https:\/\/vieassociative.be\/actualites\/#\/schema\/logo\/image\/"}},{"@type":"Person","@id":"https:\/\/vieassociative.be\/actualites\/#\/schema\/person\/b87ac4f82f9d4e7b7cec7395b679edc4","name":"Julien","image":{"@type":"ImageObject","inLanguage":"fr-BE","@id":"https:\/\/vieassociative.be\/actualites\/#\/schema\/person\/image\/","url":"https:\/\/vieassociative.be\/actualites\/wp-content\/uploads\/2024\/09\/vie-associative-1-150x150.jpg","contentUrl":"https:\/\/vieassociative.be\/actualites\/wp-content\/uploads\/2024\/09\/vie-associative-1-150x150.jpg","caption":"Julien"},"description":"Je suis Julien, r\u00e9dacteur pour Vie Associative. Passionn\u00e9 par le monde associatif depuis plus de 10 ans, j'ai \u00e0 c\u0153ur de partager des histoires inspirantes et de mettre en lumi\u00e8re les initiatives locales. Mon objectif est de sensibiliser et d'encourager l'engagement communautaire \u00e0 travers mes articles.","sameAs":["https:\/\/vieassociative.be\/"]}]}},"_links":{"self":[{"href":"https:\/\/vieassociative.be\/actualites\/wp-json\/wp\/v2\/posts\/5836"}],"collection":[{"href":"https:\/\/vieassociative.be\/actualites\/wp-json\/wp\/v2\/posts"}],"about":[{"href":"https:\/\/vieassociative.be\/actualites\/wp-json\/wp\/v2\/types\/post"}],"author":[{"embeddable":true,"href":"https:\/\/vieassociative.be\/actualites\/wp-json\/wp\/v2\/users\/1"}],"replies":[{"embeddable":true,"href":"https:\/\/vieassociative.be\/actualites\/wp-json\/wp\/v2\/comments?post=5836"}],"version-history":[{"count":0,"href":"https:\/\/vieassociative.be\/actualites\/wp-json\/wp\/v2\/posts\/5836\/revisions"}],"wp:featuredmedia":[{"embeddable":true,"href":"https:\/\/vieassociative.be\/actualites\/wp-json\/wp\/v2\/media\/5837"}],"wp:attachment":[{"href":"https:\/\/vieassociative.be\/actualites\/wp-json\/wp\/v2\/media?parent=5836"}],"wp:term":[{"taxonomy":"category","embeddable":true,"href":"https:\/\/vieassociative.be\/actualites\/wp-json\/wp\/v2\/categories?post=5836"},{"taxonomy":"post_tag","embeddable":true,"href":"https:\/\/vieassociative.be\/actualites\/wp-json\/wp\/v2\/tags?post=5836"}],"curies":[{"name":"wp","href":"https:\/\/api.w.org\/{rel}","templated":true}]}}