{"id":5833,"date":"2025-03-12T21:16:59","date_gmt":"2025-03-12T20:16:59","guid":{"rendered":"https:\/\/vieassociative.be\/actualites\/eupener-paveestrasse-a-ferme-la-circulation-pendant-trois-semaines\/"},"modified":"2025-03-12T21:16:59","modified_gmt":"2025-03-12T20:16:59","slug":"eupener-paveestrasse-a-ferme-la-circulation-pendant-trois-semaines","status":"publish","type":"post","link":"https:\/\/vieassociative.be\/actualites\/eupener-paveestrasse-a-ferme-la-circulation-pendant-trois-semaines\/","title":{"rendered":"Eupener Paveestrasse a ferm\u00e9 la circulation pendant trois semaines"},"content":{"rendered":"<p><strong>Comme le rapporte la ville d&rsquo;Eupen, la Duoflux Company s&rsquo;occupera de Paveestrasse \u00e0 partir du lundi 17 mars 2025.<\/strong><\/p>\n<p><span id=\"more-411088\"><\/span>La dur\u00e9e attendue est de trois semaines, par laquelle les travaux peuvent s&rsquo;\u00e9tendre en raison de la m\u00e9t\u00e9o. Pour cette p\u00e9riode, la route reste ferm\u00e9e \u00e0 la circulation pendant la journ\u00e9e, mais peut \u00eatre accessible apr\u00e8s le travail.<\/p>\n<p>Le parking de Bergstrasse est disponible en tant qu&rsquo;alternative de parking. Le centre-ville reste disponible:<\/p>\n<ul>\n<li>De la direction de la herbesthaler Stra\u00dfe via Latcherweg puis Hufengasse,<\/li>\n<li>De la direction de Kettenis via Gospertsstra\u00dfe.<\/li>\n<\/ul>\n","protected":false},"excerpt":{"rendered":"<p>Comme le rapporte la ville d&rsquo;Eupen, la Duoflux Company s&rsquo;occupera de Paveestrasse \u00e0 partir du lundi 17 mars 2025. La dur\u00e9e attendue est de trois<\/p>\n","protected":false},"author":1,"featured_media":5834,"comment_status":"","ping_status":"","sticky":false,"template":"","format":"standard","meta":{"footnotes":""},"categories":[298],"tags":[3479,5049,5825,5824,198,3098,771],"class_list":["post-5833","post","type-post","status-publish","format-standard","has-post-thumbnail","hentry","category-belgique","tag-circulation","tag-eupener","tag-ferme","tag-paveestrasse","tag-pendant","tag-semaines","tag-trois","generate-columns","tablet-grid-50","mobile-grid-100","grid-parent","grid-33"],"yoast_head":"<!-- This site is optimized with the Yoast SEO plugin v24.0 - https:\/\/yoast.com\/wordpress\/plugins\/seo\/ -->\n<title>Eupener Paveestrasse a ferm\u00e9 la circulation pendant trois semaines | Vie Associative<\/title>\n<meta name=\"robots\" content=\"index, follow, max-snippet:-1, max-image-preview:large, max-video-preview:-1\" \/>\n<link rel=\"canonical\" href=\"https:\/\/vieassociative.be\/actualites\/eupener-paveestrasse-a-ferme-la-circulation-pendant-trois-semaines\/\" \/>\n<meta property=\"og:locale\" content=\"fr_FR\" \/>\n<meta property=\"og:type\" content=\"article\" \/>\n<meta property=\"og:title\" content=\"Eupener Paveestrasse a ferm\u00e9 la circulation pendant trois semaines | Vie Associative\" \/>\n<meta property=\"og:description\" content=\"Comme le rapporte la ville d&rsquo;Eupen, la Duoflux Company s&rsquo;occupera de Paveestrasse \u00e0 partir du lundi 17 mars 2025. La dur\u00e9e attendue est de trois\" \/>\n<meta property=\"og:url\" content=\"https:\/\/vieassociative.be\/actualites\/eupener-paveestrasse-a-ferme-la-circulation-pendant-trois-semaines\/\" \/>\n<meta property=\"og:site_name\" content=\"Vie Associative\" \/>\n<meta property=\"article:published_time\" content=\"2025-03-12T20:16:59+00:00\" \/>\n<meta property=\"og:image\" content=\"https:\/\/vieassociative.be\/actualites\/wp-content\/uploads\/2024\/09\/header_backgroundk-01-e1726694325946.png\" \/>\n\t<meta property=\"og:image:width\" content=\"279\" \/>\n\t<meta property=\"og:image:height\" content=\"92\" \/>\n\t<meta property=\"og:image:type\" content=\"image\/png\" \/>\n<meta name=\"author\" content=\"Julien\" \/>\n<meta name=\"twitter:card\" content=\"summary_large_image\" \/>\n<meta name=\"twitter:label1\" content=\"\u00c9crit par\" \/>\n\t<meta name=\"twitter:data1\" content=\"Julien\" \/>\n<script type=\"application\/ld+json\" class=\"yoast-schema-graph\">{\"@context\":\"https:\/\/schema.org\",\"@graph\":[{\"@type\":\"Article\",\"@id\":\"https:\/\/vieassociative.be\/actualites\/eupener-paveestrasse-a-ferme-la-circulation-pendant-trois-semaines\/#article\",\"isPartOf\":{\"@id\":\"https:\/\/vieassociative.be\/actualites\/eupener-paveestrasse-a-ferme-la-circulation-pendant-trois-semaines\/\"},\"author\":{\"name\":\"Julien\",\"@id\":\"https:\/\/vieassociative.be\/actualites\/#\/schema\/person\/b87ac4f82f9d4e7b7cec7395b679edc4\"},\"headline\":\"Eupener Paveestrasse a ferm\u00e9 la circulation pendant trois semaines\",\"datePublished\":\"2025-03-12T20:16:59+00:00\",\"dateModified\":\"2025-03-12T20:16:59+00:00\",\"mainEntityOfPage\":{\"@id\":\"https:\/\/vieassociative.be\/actualites\/eupener-paveestrasse-a-ferme-la-circulation-pendant-trois-semaines\/\"},\"wordCount\":108,\"publisher\":{\"@id\":\"https:\/\/vieassociative.be\/actualites\/#organization\"},\"image\":{\"@id\":\"https:\/\/vieassociative.be\/actualites\/eupener-paveestrasse-a-ferme-la-circulation-pendant-trois-semaines\/#primaryimage\"},\"thumbnailUrl\":\"https:\/\/vieassociative.be\/actualites\/wp-content\/uploads\/2025\/03\/Eupener-Paveestrasse-a-ferme-la-circulation-pendant-trois-semaines.jpg\",\"keywords\":[\"circulation\",\"Eupener\",\"ferm\u00e9\",\"Paveestrasse\",\"pendant\",\"semaines\",\"trois\"],\"articleSection\":[\"Belgique\"],\"inLanguage\":\"fr-BE\"},{\"@type\":\"WebPage\",\"@id\":\"https:\/\/vieassociative.be\/actualites\/eupener-paveestrasse-a-ferme-la-circulation-pendant-trois-semaines\/\",\"url\":\"https:\/\/vieassociative.be\/actualites\/eupener-paveestrasse-a-ferme-la-circulation-pendant-trois-semaines\/\",\"name\":\"Eupener Paveestrasse a ferm\u00e9 la circulation pendant trois semaines | Vie Associative\",\"isPartOf\":{\"@id\":\"https:\/\/vieassociative.be\/actualites\/#website\"},\"primaryImageOfPage\":{\"@id\":\"https:\/\/vieassociative.be\/actualites\/eupener-paveestrasse-a-ferme-la-circulation-pendant-trois-semaines\/#primaryimage\"},\"image\":{\"@id\":\"https:\/\/vieassociative.be\/actualites\/eupener-paveestrasse-a-ferme-la-circulation-pendant-trois-semaines\/#primaryimage\"},\"thumbnailUrl\":\"https:\/\/vieassociative.be\/actualites\/wp-content\/uploads\/2025\/03\/Eupener-Paveestrasse-a-ferme-la-circulation-pendant-trois-semaines.jpg\",\"datePublished\":\"2025-03-12T20:16:59+00:00\",\"dateModified\":\"2025-03-12T20:16:59+00:00\",\"breadcrumb\":{\"@id\":\"https:\/\/vieassociative.be\/actualites\/eupener-paveestrasse-a-ferme-la-circulation-pendant-trois-semaines\/#breadcrumb\"},\"inLanguage\":\"fr-BE\",\"potentialAction\":[{\"@type\":\"ReadAction\",\"target\":[\"https:\/\/vieassociative.be\/actualites\/eupener-paveestrasse-a-ferme-la-circulation-pendant-trois-semaines\/\"]}]},{\"@type\":\"ImageObject\",\"inLanguage\":\"fr-BE\",\"@id\":\"https:\/\/vieassociative.be\/actualites\/eupener-paveestrasse-a-ferme-la-circulation-pendant-trois-semaines\/#primaryimage\",\"url\":\"https:\/\/vieassociative.be\/actualites\/wp-content\/uploads\/2025\/03\/Eupener-Paveestrasse-a-ferme-la-circulation-pendant-trois-semaines.jpg\",\"contentUrl\":\"https:\/\/vieassociative.be\/actualites\/wp-content\/uploads\/2025\/03\/Eupener-Paveestrasse-a-ferme-la-circulation-pendant-trois-semaines.jpg\",\"width\":1200,\"height\":800,\"caption\":\"Eupener Paveestrasse a ferm\u00e9 la circulation pendant trois semaines\"},{\"@type\":\"BreadcrumbList\",\"@id\":\"https:\/\/vieassociative.be\/actualites\/eupener-paveestrasse-a-ferme-la-circulation-pendant-trois-semaines\/#breadcrumb\",\"itemListElement\":[{\"@type\":\"ListItem\",\"position\":1,\"name\":\"Accueil\",\"item\":\"https:\/\/vieassociative.be\/actualites\/\"},{\"@type\":\"ListItem\",\"position\":2,\"name\":\"Eupener Paveestrasse a ferm\u00e9 la circulation pendant trois semaines\"}]},{\"@type\":\"WebSite\",\"@id\":\"https:\/\/vieassociative.be\/actualites\/#website\",\"url\":\"https:\/\/vieassociative.be\/actualites\/\",\"name\":\"Vie Associative\",\"description\":\"\",\"publisher\":{\"@id\":\"https:\/\/vieassociative.be\/actualites\/#organization\"},\"potentialAction\":[{\"@type\":\"SearchAction\",\"target\":{\"@type\":\"EntryPoint\",\"urlTemplate\":\"https:\/\/vieassociative.be\/actualites\/?s={search_term_string}\"},\"query-input\":{\"@type\":\"PropertyValueSpecification\",\"valueRequired\":true,\"valueName\":\"search_term_string\"}}],\"inLanguage\":\"fr-BE\"},{\"@type\":\"Organization\",\"@id\":\"https:\/\/vieassociative.be\/actualites\/#organization\",\"name\":\"Vie Associative\",\"url\":\"https:\/\/vieassociative.be\/actualites\/\",\"logo\":{\"@type\":\"ImageObject\",\"inLanguage\":\"fr-BE\",\"@id\":\"https:\/\/vieassociative.be\/actualites\/#\/schema\/logo\/image\/\",\"url\":\"https:\/\/vieassociative.be\/actualites\/wp-content\/uploads\/2024\/09\/cropped-vieassociative_favicon.ico.png\",\"contentUrl\":\"https:\/\/vieassociative.be\/actualites\/wp-content\/uploads\/2024\/09\/cropped-vieassociative_favicon.ico.png\",\"width\":512,\"height\":512,\"caption\":\"Vie Associative\"},\"image\":{\"@id\":\"https:\/\/vieassociative.be\/actualites\/#\/schema\/logo\/image\/\"}},{\"@type\":\"Person\",\"@id\":\"https:\/\/vieassociative.be\/actualites\/#\/schema\/person\/b87ac4f82f9d4e7b7cec7395b679edc4\",\"name\":\"Julien\",\"image\":{\"@type\":\"ImageObject\",\"inLanguage\":\"fr-BE\",\"@id\":\"https:\/\/vieassociative.be\/actualites\/#\/schema\/person\/image\/\",\"url\":\"https:\/\/vieassociative.be\/actualites\/wp-content\/uploads\/2024\/09\/vie-associative-1-150x150.jpg\",\"contentUrl\":\"https:\/\/vieassociative.be\/actualites\/wp-content\/uploads\/2024\/09\/vie-associative-1-150x150.jpg\",\"caption\":\"Julien\"},\"description\":\"Je suis Julien, r\u00e9dacteur pour Vie Associative. Passionn\u00e9 par le monde associatif depuis plus de 10 ans, j'ai \u00e0 c\u0153ur de partager des histoires inspirantes et de mettre en lumi\u00e8re les initiatives locales. Mon objectif est de sensibiliser et d'encourager l'engagement communautaire \u00e0 travers mes articles.\",\"sameAs\":[\"https:\/\/vieassociative.be\/\"]}]}<\/script>\n<!-- \/ Yoast SEO plugin. -->","yoast_head_json":{"title":"Eupener Paveestrasse a ferm\u00e9 la circulation pendant trois semaines | Vie Associative","robots":{"index":"index","follow":"follow","max-snippet":"max-snippet:-1","max-image-preview":"max-image-preview:large","max-video-preview":"max-video-preview:-1"},"canonical":"https:\/\/vieassociative.be\/actualites\/eupener-paveestrasse-a-ferme-la-circulation-pendant-trois-semaines\/","og_locale":"fr_FR","og_type":"article","og_title":"Eupener Paveestrasse a ferm\u00e9 la circulation pendant trois semaines | Vie Associative","og_description":"Comme le rapporte la ville d&rsquo;Eupen, la Duoflux Company s&rsquo;occupera de Paveestrasse \u00e0 partir du lundi 17 mars 2025. La dur\u00e9e attendue est de trois","og_url":"https:\/\/vieassociative.be\/actualites\/eupener-paveestrasse-a-ferme-la-circulation-pendant-trois-semaines\/","og_site_name":"Vie Associative","article_published_time":"2025-03-12T20:16:59+00:00","og_image":[{"width":279,"height":92,"url":"https:\/\/vieassociative.be\/actualites\/wp-content\/uploads\/2024\/09\/header_backgroundk-01-e1726694325946.png","type":"image\/png"}],"author":"Julien","twitter_card":"summary_large_image","twitter_misc":{"\u00c9crit par":"Julien"},"schema":{"@context":"https:\/\/schema.org","@graph":[{"@type":"Article","@id":"https:\/\/vieassociative.be\/actualites\/eupener-paveestrasse-a-ferme-la-circulation-pendant-trois-semaines\/#article","isPartOf":{"@id":"https:\/\/vieassociative.be\/actualites\/eupener-paveestrasse-a-ferme-la-circulation-pendant-trois-semaines\/"},"author":{"name":"Julien","@id":"https:\/\/vieassociative.be\/actualites\/#\/schema\/person\/b87ac4f82f9d4e7b7cec7395b679edc4"},"headline":"Eupener Paveestrasse a ferm\u00e9 la circulation pendant trois semaines","datePublished":"2025-03-12T20:16:59+00:00","dateModified":"2025-03-12T20:16:59+00:00","mainEntityOfPage":{"@id":"https:\/\/vieassociative.be\/actualites\/eupener-paveestrasse-a-ferme-la-circulation-pendant-trois-semaines\/"},"wordCount":108,"publisher":{"@id":"https:\/\/vieassociative.be\/actualites\/#organization"},"image":{"@id":"https:\/\/vieassociative.be\/actualites\/eupener-paveestrasse-a-ferme-la-circulation-pendant-trois-semaines\/#primaryimage"},"thumbnailUrl":"https:\/\/vieassociative.be\/actualites\/wp-content\/uploads\/2025\/03\/Eupener-Paveestrasse-a-ferme-la-circulation-pendant-trois-semaines.jpg","keywords":["circulation","Eupener","ferm\u00e9","Paveestrasse","pendant","semaines","trois"],"articleSection":["Belgique"],"inLanguage":"fr-BE"},{"@type":"WebPage","@id":"https:\/\/vieassociative.be\/actualites\/eupener-paveestrasse-a-ferme-la-circulation-pendant-trois-semaines\/","url":"https:\/\/vieassociative.be\/actualites\/eupener-paveestrasse-a-ferme-la-circulation-pendant-trois-semaines\/","name":"Eupener Paveestrasse a ferm\u00e9 la circulation pendant trois semaines | Vie Associative","isPartOf":{"@id":"https:\/\/vieassociative.be\/actualites\/#website"},"primaryImageOfPage":{"@id":"https:\/\/vieassociative.be\/actualites\/eupener-paveestrasse-a-ferme-la-circulation-pendant-trois-semaines\/#primaryimage"},"image":{"@id":"https:\/\/vieassociative.be\/actualites\/eupener-paveestrasse-a-ferme-la-circulation-pendant-trois-semaines\/#primaryimage"},"thumbnailUrl":"https:\/\/vieassociative.be\/actualites\/wp-content\/uploads\/2025\/03\/Eupener-Paveestrasse-a-ferme-la-circulation-pendant-trois-semaines.jpg","datePublished":"2025-03-12T20:16:59+00:00","dateModified":"2025-03-12T20:16:59+00:00","breadcrumb":{"@id":"https:\/\/vieassociative.be\/actualites\/eupener-paveestrasse-a-ferme-la-circulation-pendant-trois-semaines\/#breadcrumb"},"inLanguage":"fr-BE","potentialAction":[{"@type":"ReadAction","target":["https:\/\/vieassociative.be\/actualites\/eupener-paveestrasse-a-ferme-la-circulation-pendant-trois-semaines\/"]}]},{"@type":"ImageObject","inLanguage":"fr-BE","@id":"https:\/\/vieassociative.be\/actualites\/eupener-paveestrasse-a-ferme-la-circulation-pendant-trois-semaines\/#primaryimage","url":"https:\/\/vieassociative.be\/actualites\/wp-content\/uploads\/2025\/03\/Eupener-Paveestrasse-a-ferme-la-circulation-pendant-trois-semaines.jpg","contentUrl":"https:\/\/vieassociative.be\/actualites\/wp-content\/uploads\/2025\/03\/Eupener-Paveestrasse-a-ferme-la-circulation-pendant-trois-semaines.jpg","width":1200,"height":800,"caption":"Eupener Paveestrasse a ferm\u00e9 la circulation pendant trois semaines"},{"@type":"BreadcrumbList","@id":"https:\/\/vieassociative.be\/actualites\/eupener-paveestrasse-a-ferme-la-circulation-pendant-trois-semaines\/#breadcrumb","itemListElement":[{"@type":"ListItem","position":1,"name":"Accueil","item":"https:\/\/vieassociative.be\/actualites\/"},{"@type":"ListItem","position":2,"name":"Eupener Paveestrasse a ferm\u00e9 la circulation pendant trois semaines"}]},{"@type":"WebSite","@id":"https:\/\/vieassociative.be\/actualites\/#website","url":"https:\/\/vieassociative.be\/actualites\/","name":"Vie Associative","description":"","publisher":{"@id":"https:\/\/vieassociative.be\/actualites\/#organization"},"potentialAction":[{"@type":"SearchAction","target":{"@type":"EntryPoint","urlTemplate":"https:\/\/vieassociative.be\/actualites\/?s={search_term_string}"},"query-input":{"@type":"PropertyValueSpecification","valueRequired":true,"valueName":"search_term_string"}}],"inLanguage":"fr-BE"},{"@type":"Organization","@id":"https:\/\/vieassociative.be\/actualites\/#organization","name":"Vie Associative","url":"https:\/\/vieassociative.be\/actualites\/","logo":{"@type":"ImageObject","inLanguage":"fr-BE","@id":"https:\/\/vieassociative.be\/actualites\/#\/schema\/logo\/image\/","url":"https:\/\/vieassociative.be\/actualites\/wp-content\/uploads\/2024\/09\/cropped-vieassociative_favicon.ico.png","contentUrl":"https:\/\/vieassociative.be\/actualites\/wp-content\/uploads\/2024\/09\/cropped-vieassociative_favicon.ico.png","width":512,"height":512,"caption":"Vie Associative"},"image":{"@id":"https:\/\/vieassociative.be\/actualites\/#\/schema\/logo\/image\/"}},{"@type":"Person","@id":"https:\/\/vieassociative.be\/actualites\/#\/schema\/person\/b87ac4f82f9d4e7b7cec7395b679edc4","name":"Julien","image":{"@type":"ImageObject","inLanguage":"fr-BE","@id":"https:\/\/vieassociative.be\/actualites\/#\/schema\/person\/image\/","url":"https:\/\/vieassociative.be\/actualites\/wp-content\/uploads\/2024\/09\/vie-associative-1-150x150.jpg","contentUrl":"https:\/\/vieassociative.be\/actualites\/wp-content\/uploads\/2024\/09\/vie-associative-1-150x150.jpg","caption":"Julien"},"description":"Je suis Julien, r\u00e9dacteur pour Vie Associative. Passionn\u00e9 par le monde associatif depuis plus de 10 ans, j'ai \u00e0 c\u0153ur de partager des histoires inspirantes et de mettre en lumi\u00e8re les initiatives locales. Mon objectif est de sensibiliser et d'encourager l'engagement communautaire \u00e0 travers mes articles.","sameAs":["https:\/\/vieassociative.be\/"]}]}},"_links":{"self":[{"href":"https:\/\/vieassociative.be\/actualites\/wp-json\/wp\/v2\/posts\/5833"}],"collection":[{"href":"https:\/\/vieassociative.be\/actualites\/wp-json\/wp\/v2\/posts"}],"about":[{"href":"https:\/\/vieassociative.be\/actualites\/wp-json\/wp\/v2\/types\/post"}],"author":[{"embeddable":true,"href":"https:\/\/vieassociative.be\/actualites\/wp-json\/wp\/v2\/users\/1"}],"replies":[{"embeddable":true,"href":"https:\/\/vieassociative.be\/actualites\/wp-json\/wp\/v2\/comments?post=5833"}],"version-history":[{"count":0,"href":"https:\/\/vieassociative.be\/actualites\/wp-json\/wp\/v2\/posts\/5833\/revisions"}],"wp:featuredmedia":[{"embeddable":true,"href":"https:\/\/vieassociative.be\/actualites\/wp-json\/wp\/v2\/media\/5834"}],"wp:attachment":[{"href":"https:\/\/vieassociative.be\/actualites\/wp-json\/wp\/v2\/media?parent=5833"}],"wp:term":[{"taxonomy":"category","embeddable":true,"href":"https:\/\/vieassociative.be\/actualites\/wp-json\/wp\/v2\/categories?post=5833"},{"taxonomy":"post_tag","embeddable":true,"href":"https:\/\/vieassociative.be\/actualites\/wp-json\/wp\/v2\/tags?post=5833"}],"curies":[{"name":"wp","href":"https:\/\/api.w.org\/{rel}","templated":true}]}}