{"id":5831,"date":"2025-03-12T20:17:54","date_gmt":"2025-03-12T19:17:54","guid":{"rendered":"https:\/\/vieassociative.be\/actualites\/comment-ce-changement-de-politique-chrome-affectera-vos-extensions-dachat\/"},"modified":"2025-03-12T20:17:54","modified_gmt":"2025-03-12T19:17:54","slug":"comment-ce-changement-de-politique-chrome-affectera-vos-extensions-dachat","status":"publish","type":"post","link":"https:\/\/vieassociative.be\/actualites\/comment-ce-changement-de-politique-chrome-affectera-vos-extensions-dachat\/","title":{"rendered":"Comment ce changement de politique chrom\u00e9 affectera vos extensions d&rsquo;achat"},"content":{"rendered":"<div class=\"mt-4 leading-6 md:mb-8\">La controverse de l&rsquo;influence des miels a eu quelques cons\u00e9quences.<\/div>\n<p><\/p>\n<p>Dans le sillage de la controverse entourant l&rsquo;extension du navigateur de miel de PayPal, Google Chrome a mis \u00e0 jour ses politiques pour interdire les pratiques dans lesquelles l&rsquo;extension a \u00e9t\u00e9 observ\u00e9e. \u00c9tant donn\u00e9 que Chrome alimente la plupart des navigateurs disponibles maintenant, attendez-vous \u00e0 ce que cela ait des ramifications majeures sur les extensions d&rsquo;achat \u00e0 l&rsquo;avenir.<\/p>\n<p>Si vous \u00eates hors de la boucle sur la controverse au miel, une enqu\u00eate pluriannuelle du m\u00e9galage YouTuber a r\u00e9cemment r\u00e9v\u00e9l\u00e9 des preuves de comportement inattendu. Honey a \u00e9t\u00e9 accus\u00e9 d&rsquo;avoir permis aux d\u00e9taillants de contr\u00f4ler les codes de r\u00e9duction auxquels vous pouviez acc\u00e9der et, par cons\u00e9quent, ne vous permettant pas de d\u00e9couvrir les meilleures offres disponibles, malgr\u00e9 la publicit\u00e9 contraire. Il a \u00e9galement \u00e9t\u00e9 observ\u00e9 que l&rsquo;extension ins\u00e9rait ses propres codes d&rsquo;affiliation dans chaque site Web de magasinage que vous visitez, et a \u00e9t\u00e9 vu en remplacement d&rsquo;autres codes d&rsquo;affiliation par le sien, ce qui signifie qu&rsquo;il empochait effectivement les commissions des autres. De plus, Honey a en fait confirm\u00e9 \u00e0 Megalag qu&rsquo;il s&rsquo;engage d\u00e9lib\u00e9r\u00e9ment dans certaines de ces pratiques.<\/p>\n<p>Selon la strat\u00e9gie des annonces d&rsquo;affiliation mise \u00e0 jour de Chrome, les extensions ne peuvent d\u00e9sormais pas ajouter de liens d&rsquo;affiliation, de codes ou de cookies sans fournir un avantage tangible aux utilisateurs. Les extensions devront \u00e9galement d\u00e9crire en \u00e9vidence leur politique d&rsquo;affiliation avant l&rsquo;installation, dans l&rsquo;interface utilisateur et sur la page Chrome Web Store. Google a d\u00e9crit certaines violations courantes de cette politique pour le rendre plus clair pour les d\u00e9veloppeurs, o\u00f9 la soci\u00e9t\u00e9 a d\u00e9clar\u00e9 que les extensions ne pouvaient pas ins\u00e9rer des liens d&rsquo;affiliation sans offrir de remises ou d&rsquo;offres de cashback. Il a \u00e9galement interdit les extensions de l&rsquo;insertion de liens d&rsquo;affiliation en arri\u00e8re-plan sans \u00ab\u00a0action utilisateur associ\u00e9e\u00a0\u00bb.<\/p>\n<p>Selon Google, cela signifie que les extensions ne peuvent pas ins\u00e9rer des cookies li\u00e9s au shopping pendant que vous parcourez sans vous le faire savoir. Ils ne peuvent pas non plus ins\u00e9rer ou remplacer les codes d&rsquo;affiliation ou les codes promotionnels \u00e0 l&rsquo;insu de l&rsquo;utilisateur. Le miel et d&rsquo;autres extensions qui vous permettent de trouver les meilleures offres, devront changer leur fa\u00e7on de fonctionner afin de se conformer \u00e0 ces politiques.<\/p>\n<p>Dans le cas o\u00f9 votre extension de navigateur li\u00e9e au shopping pr\u00e9f\u00e9r\u00e9e est affect\u00e9e par les nouvelles politiques de Google, vous pouvez toujours utiliser d&rsquo;autres outils pour la comparaison des prix. L&rsquo;expert en interne de Vie Associative, l&rsquo;expert, Daniel Oropeza, a une liste compl\u00e8te de ses outils de suivi des prix pr\u00e9f\u00e9r\u00e9s \u00e0 consulter. Il comprend quelques extensions de navigateur et m\u00eame un outil de suivi des prix de Honey lui-m\u00eame (ne vous inqui\u00e9tez pas, celui-ci n&rsquo;est pas une extension de navigateur), qui sont tous tr\u00e8s utiles pour les chasseurs de transactions. Mon pr\u00e9f\u00e9r\u00e9 est Slickdeals, un site sur lequel je comptons depuis plus d&rsquo;une d\u00e9cennie pour trouver de bonnes affaires. Plus que son suivi des prix, j&rsquo;appr\u00e9cie beaucoup la communaut\u00e9 de Slickdeals. Les meilleures offres sont fortement vot\u00e9es et les commentaires ci-dessous chaque transaction m&rsquo;aident rapidement \u00e0 d\u00e9terminer si un accord est en fait un vol. <\/p>\n","protected":false},"excerpt":{"rendered":"<p>La controverse de l&rsquo;influence des miels a eu quelques cons\u00e9quences. Dans le sillage de la controverse entourant l&rsquo;extension du navigateur de miel de PayPal, Google<\/p>\n","protected":false},"author":1,"featured_media":5832,"comment_status":"","ping_status":"","sticky":false,"template":"","format":"standard","meta":{"footnotes":""},"categories":[13],"tags":[5822,2590,2499,44,5823,1361,1513,27],"class_list":["post-5831","post","type-post","status-publish","format-standard","has-post-thumbnail","hentry","category-technologie","tag-affectera","tag-changement","tag-chrome","tag-comment","tag-dachat","tag-extensions","tag-politique","tag-vos","generate-columns","tablet-grid-50","mobile-grid-100","grid-parent","grid-33"],"yoast_head":"<!-- This site is optimized with the Yoast SEO plugin v24.0 - https:\/\/yoast.com\/wordpress\/plugins\/seo\/ -->\n<title>Comment ce changement de politique chrom\u00e9 affectera vos extensions d&#039;achat | Vie Associative<\/title>\n<meta name=\"robots\" content=\"index, follow, max-snippet:-1, max-image-preview:large, max-video-preview:-1\" \/>\n<link rel=\"canonical\" href=\"https:\/\/vieassociative.be\/actualites\/comment-ce-changement-de-politique-chrome-affectera-vos-extensions-dachat\/\" \/>\n<meta property=\"og:locale\" content=\"fr_FR\" \/>\n<meta property=\"og:type\" content=\"article\" \/>\n<meta property=\"og:title\" content=\"Comment ce changement de politique chrom\u00e9 affectera vos extensions d&#039;achat | Vie Associative\" \/>\n<meta property=\"og:description\" content=\"La controverse de l&rsquo;influence des miels a eu quelques cons\u00e9quences. Dans le sillage de la controverse entourant l&rsquo;extension du navigateur de miel de PayPal, Google\" \/>\n<meta property=\"og:url\" content=\"https:\/\/vieassociative.be\/actualites\/comment-ce-changement-de-politique-chrome-affectera-vos-extensions-dachat\/\" \/>\n<meta property=\"og:site_name\" content=\"Vie Associative\" \/>\n<meta property=\"article:published_time\" content=\"2025-03-12T19:17:54+00:00\" \/>\n<meta property=\"og:image\" content=\"https:\/\/vieassociative.be\/actualites\/wp-content\/uploads\/2024\/09\/header_backgroundk-01-e1726694325946.png\" \/>\n\t<meta property=\"og:image:width\" content=\"279\" \/>\n\t<meta property=\"og:image:height\" content=\"92\" \/>\n\t<meta property=\"og:image:type\" content=\"image\/png\" \/>\n<meta name=\"author\" content=\"Julien\" \/>\n<meta name=\"twitter:card\" content=\"summary_large_image\" \/>\n<meta name=\"twitter:label1\" content=\"\u00c9crit par\" \/>\n\t<meta name=\"twitter:data1\" content=\"Julien\" \/>\n\t<meta name=\"twitter:label2\" content=\"Dur\u00e9e de lecture est.\" \/>\n\t<meta name=\"twitter:data2\" content=\"3 minutes\" \/>\n<script type=\"application\/ld+json\" class=\"yoast-schema-graph\">{\"@context\":\"https:\/\/schema.org\",\"@graph\":[{\"@type\":\"Article\",\"@id\":\"https:\/\/vieassociative.be\/actualites\/comment-ce-changement-de-politique-chrome-affectera-vos-extensions-dachat\/#article\",\"isPartOf\":{\"@id\":\"https:\/\/vieassociative.be\/actualites\/comment-ce-changement-de-politique-chrome-affectera-vos-extensions-dachat\/\"},\"author\":{\"name\":\"Julien\",\"@id\":\"https:\/\/vieassociative.be\/actualites\/#\/schema\/person\/b87ac4f82f9d4e7b7cec7395b679edc4\"},\"headline\":\"Comment ce changement de politique chrom\u00e9 affectera vos extensions d&rsquo;achat\",\"datePublished\":\"2025-03-12T19:17:54+00:00\",\"dateModified\":\"2025-03-12T19:17:54+00:00\",\"mainEntityOfPage\":{\"@id\":\"https:\/\/vieassociative.be\/actualites\/comment-ce-changement-de-politique-chrome-affectera-vos-extensions-dachat\/\"},\"wordCount\":604,\"publisher\":{\"@id\":\"https:\/\/vieassociative.be\/actualites\/#organization\"},\"image\":{\"@id\":\"https:\/\/vieassociative.be\/actualites\/comment-ce-changement-de-politique-chrome-affectera-vos-extensions-dachat\/#primaryimage\"},\"thumbnailUrl\":\"https:\/\/vieassociative.be\/actualites\/wp-content\/uploads\/2025\/03\/Comment-ce-changement-de-politique-chrome-affectera-vos-extensions-dachat.jpg\",\"keywords\":[\"affectera\",\"Changement\",\"Chrome\",\"Comment\",\"dachat\",\"extensions\",\"politique\",\"vos\"],\"articleSection\":[\"Technologie\"],\"inLanguage\":\"fr-BE\"},{\"@type\":\"WebPage\",\"@id\":\"https:\/\/vieassociative.be\/actualites\/comment-ce-changement-de-politique-chrome-affectera-vos-extensions-dachat\/\",\"url\":\"https:\/\/vieassociative.be\/actualites\/comment-ce-changement-de-politique-chrome-affectera-vos-extensions-dachat\/\",\"name\":\"Comment ce changement de politique chrom\u00e9 affectera vos extensions d'achat | Vie Associative\",\"isPartOf\":{\"@id\":\"https:\/\/vieassociative.be\/actualites\/#website\"},\"primaryImageOfPage\":{\"@id\":\"https:\/\/vieassociative.be\/actualites\/comment-ce-changement-de-politique-chrome-affectera-vos-extensions-dachat\/#primaryimage\"},\"image\":{\"@id\":\"https:\/\/vieassociative.be\/actualites\/comment-ce-changement-de-politique-chrome-affectera-vos-extensions-dachat\/#primaryimage\"},\"thumbnailUrl\":\"https:\/\/vieassociative.be\/actualites\/wp-content\/uploads\/2025\/03\/Comment-ce-changement-de-politique-chrome-affectera-vos-extensions-dachat.jpg\",\"datePublished\":\"2025-03-12T19:17:54+00:00\",\"dateModified\":\"2025-03-12T19:17:54+00:00\",\"breadcrumb\":{\"@id\":\"https:\/\/vieassociative.be\/actualites\/comment-ce-changement-de-politique-chrome-affectera-vos-extensions-dachat\/#breadcrumb\"},\"inLanguage\":\"fr-BE\",\"potentialAction\":[{\"@type\":\"ReadAction\",\"target\":[\"https:\/\/vieassociative.be\/actualites\/comment-ce-changement-de-politique-chrome-affectera-vos-extensions-dachat\/\"]}]},{\"@type\":\"ImageObject\",\"inLanguage\":\"fr-BE\",\"@id\":\"https:\/\/vieassociative.be\/actualites\/comment-ce-changement-de-politique-chrome-affectera-vos-extensions-dachat\/#primaryimage\",\"url\":\"https:\/\/vieassociative.be\/actualites\/wp-content\/uploads\/2025\/03\/Comment-ce-changement-de-politique-chrome-affectera-vos-extensions-dachat.jpg\",\"contentUrl\":\"https:\/\/vieassociative.be\/actualites\/wp-content\/uploads\/2025\/03\/Comment-ce-changement-de-politique-chrome-affectera-vos-extensions-dachat.jpg\",\"width\":1200,\"height\":675,\"caption\":\"Comment ce changement de politique chrom\u00e9 affectera vos extensions d'achat\"},{\"@type\":\"BreadcrumbList\",\"@id\":\"https:\/\/vieassociative.be\/actualites\/comment-ce-changement-de-politique-chrome-affectera-vos-extensions-dachat\/#breadcrumb\",\"itemListElement\":[{\"@type\":\"ListItem\",\"position\":1,\"name\":\"Accueil\",\"item\":\"https:\/\/vieassociative.be\/actualites\/\"},{\"@type\":\"ListItem\",\"position\":2,\"name\":\"Comment ce changement de politique chrom\u00e9 affectera vos extensions d&rsquo;achat\"}]},{\"@type\":\"WebSite\",\"@id\":\"https:\/\/vieassociative.be\/actualites\/#website\",\"url\":\"https:\/\/vieassociative.be\/actualites\/\",\"name\":\"Vie Associative\",\"description\":\"\",\"publisher\":{\"@id\":\"https:\/\/vieassociative.be\/actualites\/#organization\"},\"potentialAction\":[{\"@type\":\"SearchAction\",\"target\":{\"@type\":\"EntryPoint\",\"urlTemplate\":\"https:\/\/vieassociative.be\/actualites\/?s={search_term_string}\"},\"query-input\":{\"@type\":\"PropertyValueSpecification\",\"valueRequired\":true,\"valueName\":\"search_term_string\"}}],\"inLanguage\":\"fr-BE\"},{\"@type\":\"Organization\",\"@id\":\"https:\/\/vieassociative.be\/actualites\/#organization\",\"name\":\"Vie Associative\",\"url\":\"https:\/\/vieassociative.be\/actualites\/\",\"logo\":{\"@type\":\"ImageObject\",\"inLanguage\":\"fr-BE\",\"@id\":\"https:\/\/vieassociative.be\/actualites\/#\/schema\/logo\/image\/\",\"url\":\"https:\/\/vieassociative.be\/actualites\/wp-content\/uploads\/2024\/09\/cropped-vieassociative_favicon.ico.png\",\"contentUrl\":\"https:\/\/vieassociative.be\/actualites\/wp-content\/uploads\/2024\/09\/cropped-vieassociative_favicon.ico.png\",\"width\":512,\"height\":512,\"caption\":\"Vie Associative\"},\"image\":{\"@id\":\"https:\/\/vieassociative.be\/actualites\/#\/schema\/logo\/image\/\"}},{\"@type\":\"Person\",\"@id\":\"https:\/\/vieassociative.be\/actualites\/#\/schema\/person\/b87ac4f82f9d4e7b7cec7395b679edc4\",\"name\":\"Julien\",\"image\":{\"@type\":\"ImageObject\",\"inLanguage\":\"fr-BE\",\"@id\":\"https:\/\/vieassociative.be\/actualites\/#\/schema\/person\/image\/\",\"url\":\"https:\/\/vieassociative.be\/actualites\/wp-content\/uploads\/2024\/09\/vie-associative-1-150x150.jpg\",\"contentUrl\":\"https:\/\/vieassociative.be\/actualites\/wp-content\/uploads\/2024\/09\/vie-associative-1-150x150.jpg\",\"caption\":\"Julien\"},\"description\":\"Je suis Julien, r\u00e9dacteur pour Vie Associative. Passionn\u00e9 par le monde associatif depuis plus de 10 ans, j'ai \u00e0 c\u0153ur de partager des histoires inspirantes et de mettre en lumi\u00e8re les initiatives locales. Mon objectif est de sensibiliser et d'encourager l'engagement communautaire \u00e0 travers mes articles.\",\"sameAs\":[\"https:\/\/vieassociative.be\/\"]}]}<\/script>\n<!-- \/ Yoast SEO plugin. -->","yoast_head_json":{"title":"Comment ce changement de politique chrom\u00e9 affectera vos extensions d'achat | Vie Associative","robots":{"index":"index","follow":"follow","max-snippet":"max-snippet:-1","max-image-preview":"max-image-preview:large","max-video-preview":"max-video-preview:-1"},"canonical":"https:\/\/vieassociative.be\/actualites\/comment-ce-changement-de-politique-chrome-affectera-vos-extensions-dachat\/","og_locale":"fr_FR","og_type":"article","og_title":"Comment ce changement de politique chrom\u00e9 affectera vos extensions d'achat | Vie Associative","og_description":"La controverse de l&rsquo;influence des miels a eu quelques cons\u00e9quences. Dans le sillage de la controverse entourant l&rsquo;extension du navigateur de miel de PayPal, Google","og_url":"https:\/\/vieassociative.be\/actualites\/comment-ce-changement-de-politique-chrome-affectera-vos-extensions-dachat\/","og_site_name":"Vie Associative","article_published_time":"2025-03-12T19:17:54+00:00","og_image":[{"width":279,"height":92,"url":"https:\/\/vieassociative.be\/actualites\/wp-content\/uploads\/2024\/09\/header_backgroundk-01-e1726694325946.png","type":"image\/png"}],"author":"Julien","twitter_card":"summary_large_image","twitter_misc":{"\u00c9crit par":"Julien","Dur\u00e9e de lecture est.":"3 minutes"},"schema":{"@context":"https:\/\/schema.org","@graph":[{"@type":"Article","@id":"https:\/\/vieassociative.be\/actualites\/comment-ce-changement-de-politique-chrome-affectera-vos-extensions-dachat\/#article","isPartOf":{"@id":"https:\/\/vieassociative.be\/actualites\/comment-ce-changement-de-politique-chrome-affectera-vos-extensions-dachat\/"},"author":{"name":"Julien","@id":"https:\/\/vieassociative.be\/actualites\/#\/schema\/person\/b87ac4f82f9d4e7b7cec7395b679edc4"},"headline":"Comment ce changement de politique chrom\u00e9 affectera vos extensions d&rsquo;achat","datePublished":"2025-03-12T19:17:54+00:00","dateModified":"2025-03-12T19:17:54+00:00","mainEntityOfPage":{"@id":"https:\/\/vieassociative.be\/actualites\/comment-ce-changement-de-politique-chrome-affectera-vos-extensions-dachat\/"},"wordCount":604,"publisher":{"@id":"https:\/\/vieassociative.be\/actualites\/#organization"},"image":{"@id":"https:\/\/vieassociative.be\/actualites\/comment-ce-changement-de-politique-chrome-affectera-vos-extensions-dachat\/#primaryimage"},"thumbnailUrl":"https:\/\/vieassociative.be\/actualites\/wp-content\/uploads\/2025\/03\/Comment-ce-changement-de-politique-chrome-affectera-vos-extensions-dachat.jpg","keywords":["affectera","Changement","Chrome","Comment","dachat","extensions","politique","vos"],"articleSection":["Technologie"],"inLanguage":"fr-BE"},{"@type":"WebPage","@id":"https:\/\/vieassociative.be\/actualites\/comment-ce-changement-de-politique-chrome-affectera-vos-extensions-dachat\/","url":"https:\/\/vieassociative.be\/actualites\/comment-ce-changement-de-politique-chrome-affectera-vos-extensions-dachat\/","name":"Comment ce changement de politique chrom\u00e9 affectera vos extensions d'achat | Vie Associative","isPartOf":{"@id":"https:\/\/vieassociative.be\/actualites\/#website"},"primaryImageOfPage":{"@id":"https:\/\/vieassociative.be\/actualites\/comment-ce-changement-de-politique-chrome-affectera-vos-extensions-dachat\/#primaryimage"},"image":{"@id":"https:\/\/vieassociative.be\/actualites\/comment-ce-changement-de-politique-chrome-affectera-vos-extensions-dachat\/#primaryimage"},"thumbnailUrl":"https:\/\/vieassociative.be\/actualites\/wp-content\/uploads\/2025\/03\/Comment-ce-changement-de-politique-chrome-affectera-vos-extensions-dachat.jpg","datePublished":"2025-03-12T19:17:54+00:00","dateModified":"2025-03-12T19:17:54+00:00","breadcrumb":{"@id":"https:\/\/vieassociative.be\/actualites\/comment-ce-changement-de-politique-chrome-affectera-vos-extensions-dachat\/#breadcrumb"},"inLanguage":"fr-BE","potentialAction":[{"@type":"ReadAction","target":["https:\/\/vieassociative.be\/actualites\/comment-ce-changement-de-politique-chrome-affectera-vos-extensions-dachat\/"]}]},{"@type":"ImageObject","inLanguage":"fr-BE","@id":"https:\/\/vieassociative.be\/actualites\/comment-ce-changement-de-politique-chrome-affectera-vos-extensions-dachat\/#primaryimage","url":"https:\/\/vieassociative.be\/actualites\/wp-content\/uploads\/2025\/03\/Comment-ce-changement-de-politique-chrome-affectera-vos-extensions-dachat.jpg","contentUrl":"https:\/\/vieassociative.be\/actualites\/wp-content\/uploads\/2025\/03\/Comment-ce-changement-de-politique-chrome-affectera-vos-extensions-dachat.jpg","width":1200,"height":675,"caption":"Comment ce changement de politique chrom\u00e9 affectera vos extensions d'achat"},{"@type":"BreadcrumbList","@id":"https:\/\/vieassociative.be\/actualites\/comment-ce-changement-de-politique-chrome-affectera-vos-extensions-dachat\/#breadcrumb","itemListElement":[{"@type":"ListItem","position":1,"name":"Accueil","item":"https:\/\/vieassociative.be\/actualites\/"},{"@type":"ListItem","position":2,"name":"Comment ce changement de politique chrom\u00e9 affectera vos extensions d&rsquo;achat"}]},{"@type":"WebSite","@id":"https:\/\/vieassociative.be\/actualites\/#website","url":"https:\/\/vieassociative.be\/actualites\/","name":"Vie Associative","description":"","publisher":{"@id":"https:\/\/vieassociative.be\/actualites\/#organization"},"potentialAction":[{"@type":"SearchAction","target":{"@type":"EntryPoint","urlTemplate":"https:\/\/vieassociative.be\/actualites\/?s={search_term_string}"},"query-input":{"@type":"PropertyValueSpecification","valueRequired":true,"valueName":"search_term_string"}}],"inLanguage":"fr-BE"},{"@type":"Organization","@id":"https:\/\/vieassociative.be\/actualites\/#organization","name":"Vie Associative","url":"https:\/\/vieassociative.be\/actualites\/","logo":{"@type":"ImageObject","inLanguage":"fr-BE","@id":"https:\/\/vieassociative.be\/actualites\/#\/schema\/logo\/image\/","url":"https:\/\/vieassociative.be\/actualites\/wp-content\/uploads\/2024\/09\/cropped-vieassociative_favicon.ico.png","contentUrl":"https:\/\/vieassociative.be\/actualites\/wp-content\/uploads\/2024\/09\/cropped-vieassociative_favicon.ico.png","width":512,"height":512,"caption":"Vie Associative"},"image":{"@id":"https:\/\/vieassociative.be\/actualites\/#\/schema\/logo\/image\/"}},{"@type":"Person","@id":"https:\/\/vieassociative.be\/actualites\/#\/schema\/person\/b87ac4f82f9d4e7b7cec7395b679edc4","name":"Julien","image":{"@type":"ImageObject","inLanguage":"fr-BE","@id":"https:\/\/vieassociative.be\/actualites\/#\/schema\/person\/image\/","url":"https:\/\/vieassociative.be\/actualites\/wp-content\/uploads\/2024\/09\/vie-associative-1-150x150.jpg","contentUrl":"https:\/\/vieassociative.be\/actualites\/wp-content\/uploads\/2024\/09\/vie-associative-1-150x150.jpg","caption":"Julien"},"description":"Je suis Julien, r\u00e9dacteur pour Vie Associative. Passionn\u00e9 par le monde associatif depuis plus de 10 ans, j'ai \u00e0 c\u0153ur de partager des histoires inspirantes et de mettre en lumi\u00e8re les initiatives locales. Mon objectif est de sensibiliser et d'encourager l'engagement communautaire \u00e0 travers mes articles.","sameAs":["https:\/\/vieassociative.be\/"]}]}},"_links":{"self":[{"href":"https:\/\/vieassociative.be\/actualites\/wp-json\/wp\/v2\/posts\/5831"}],"collection":[{"href":"https:\/\/vieassociative.be\/actualites\/wp-json\/wp\/v2\/posts"}],"about":[{"href":"https:\/\/vieassociative.be\/actualites\/wp-json\/wp\/v2\/types\/post"}],"author":[{"embeddable":true,"href":"https:\/\/vieassociative.be\/actualites\/wp-json\/wp\/v2\/users\/1"}],"replies":[{"embeddable":true,"href":"https:\/\/vieassociative.be\/actualites\/wp-json\/wp\/v2\/comments?post=5831"}],"version-history":[{"count":0,"href":"https:\/\/vieassociative.be\/actualites\/wp-json\/wp\/v2\/posts\/5831\/revisions"}],"wp:featuredmedia":[{"embeddable":true,"href":"https:\/\/vieassociative.be\/actualites\/wp-json\/wp\/v2\/media\/5832"}],"wp:attachment":[{"href":"https:\/\/vieassociative.be\/actualites\/wp-json\/wp\/v2\/media?parent=5831"}],"wp:term":[{"taxonomy":"category","embeddable":true,"href":"https:\/\/vieassociative.be\/actualites\/wp-json\/wp\/v2\/categories?post=5831"},{"taxonomy":"post_tag","embeddable":true,"href":"https:\/\/vieassociative.be\/actualites\/wp-json\/wp\/v2\/tags?post=5831"}],"curies":[{"name":"wp","href":"https:\/\/api.w.org\/{rel}","templated":true}]}}