{"id":5827,"date":"2025-03-12T15:17:27","date_gmt":"2025-03-12T14:17:27","guid":{"rendered":"https:\/\/vieassociative.be\/actualites\/lue-annonce-des-represailles-pour-les-nouveaux-tarifs-americains-une-guerre-commerciale-commence-t-elle-maintenant-questions-et-reponses\/"},"modified":"2025-03-12T15:17:27","modified_gmt":"2025-03-12T14:17:27","slug":"lue-annonce-des-represailles-pour-les-nouveaux-tarifs-americains-une-guerre-commerciale-commence-t-elle-maintenant-questions-et-reponses","status":"publish","type":"post","link":"https:\/\/vieassociative.be\/actualites\/lue-annonce-des-represailles-pour-les-nouveaux-tarifs-americains-une-guerre-commerciale-commence-t-elle-maintenant-questions-et-reponses\/","title":{"rendered":"L&rsquo;UE annonce des repr\u00e9sailles pour les nouveaux tarifs am\u00e9ricains: une guerre commerciale commence-t-elle maintenant? (Questions et r\u00e9ponses)"},"content":{"rendered":"<p><strong>Les espoirs europ\u00e9ens pour la direction de Donald Trump \u00e0 la derni\u00e8re minute ne se sont pas r\u00e9alis\u00e9s. Depuis ce mercredi, les nouveaux tarifs am\u00e9ricains ont \u00e9galement rencontr\u00e9 l&rsquo;UE. Il cible les produits am\u00e9ricains.<\/strong><\/p>\n<p><span id=\"more-411071\"><\/span>Ind\u00e9pendamment des avertissements de l&rsquo;UE, le pr\u00e9sident am\u00e9ricain Donald Trump a eu de nouveaux droits d&rsquo;importation introduits aux produits en acier et en aluminium. La r\u00e9ponse \u00e0 Bruxelles suit rapidement. Est-ce le d\u00e9but de la guerre commerciale redout\u00e9e entre l&rsquo;Europe et les \u00c9tats-Unis? Questions et r\u00e9ponses en un coup d&rsquo;\u0153il:<\/p>\n<p><strong>&#8211; Que s&rsquo;est-il pass\u00e9 exactement mercredi matin?<\/strong><\/p>\n<p>\u00c0 5 h 01, CET Trump a laiss\u00e9 de nouveaux tarifs de 25% de l&rsquo;importation de produits d&rsquo;acier et d&rsquo;aluminium entrer en vigueur aux \u00c9tats-Unis. L&rsquo;UE a annonc\u00e9 des contre-mesures environ une heure plus tard. \u00c0 partir du 1er avril, l&rsquo;UE Extrac\u00f6lle sera \u00e0 nouveau due \u00e0 l&rsquo;importation de produits am\u00e9ricains tels que le whisky de bourbon, les consoles de jeux vid\u00e9o, les bateaux et le beurre d&rsquo;arachide. L&rsquo;ensemble des douanes serait \u00e0 50% pour l&rsquo;exemple pour les motos que le fabricant bien connu Harley-Davidson construit aux \u00c9tats-Unis.<\/p>\n<div id=\"attachment_411076\" class=\"wp-caption alignleft\" style=\"max-width: 300px\"><img fetchpriority=\"high\" decoding=\"async\" class=\"wp-image-411076 size-medium\" src=\"https:\/\/vieassociative.be\/actualites\/wp-content\/uploads\/2025\/03\/LUE-annonce-des-represailles-pour-les-nouveaux-tarifs-americains-une.jpg\" alt=\"\" width=\"300\" height=\"200\"><\/p>\n<p class=\"wp-caption-text\">07.03.2025, \u00c9tats-Unis, Washington: le pr\u00e9sident am\u00e9ricain Donald Trump d\u00e9tient un r\u00e8glement de mise en \u0153uvre sign\u00e9 dans le bureau ovale de la Maison Blanche.<\/p>\n<\/div>\n<p>Les plans de la Commission europ\u00e9enne responsable de la politique commerciale de l&rsquo;UE pr\u00e9voient \u00e9galement de prouver de nombreuses autres importations avec des contre-mesures de la mi-avril en coordination avec les \u00c9tats membres. Ils sont cens\u00e9s rencontrer des entreprises qui vendent des produits agricoles am\u00e9ricains tels que la volaille, le b\u0153uf, certains fruits de mer, les noix, les \u0153ufs, les produits laitiers, le sucre et les l\u00e9gumes. De plus, il devrait \u00e9galement y avoir des extracelles de l&rsquo;UE sur d&rsquo;autres produits industriels tels que les textiles, les articles en cuir, les appareils \u00e9lectrom\u00e9nagers, les outils, les plastiques et les produits en bois. Le taux de droits pourrait \u00eatre de 25%.<\/p>\n<p><strong>&#8211; Que signifie le diff\u00e9rend sur les douanes pour l&rsquo;\u00e9conomie et les emplois?<\/strong><\/p>\n<p>Le pr\u00e9sident de la Commission de l&rsquo;UE, Ursula von der Leyen, voit des dangers consid\u00e9rables. Plus pr\u00e9cis\u00e9ment, il pr\u00e9dit la hausse des prix, les probl\u00e8mes de cha\u00eenes d&rsquo;approvisionnement et le risque de pertes d&#8217;emplois. \u00abLes coutumes sont des taxes. Ils sont mauvais pour les entreprises et pire encore pour les consommateurs \u00bb, dit-elle.<\/p>\n<p>Les \u00e9conomistes partagent ce point de vue. L&rsquo;incertitude qui en r\u00e9sulte a un impact n\u00e9gatif sur les investissements des entreprises et l&rsquo;\u00e9conomie en g\u00e9n\u00e9ral, analyse Samina Sultan de l&rsquo;Institut de l&rsquo;\u00e9conomie allemande (IW). \u00ab\u00a0Cela devrait \u00e9galement mettre en danger des emplois des deux c\u00f4t\u00e9s de l&rsquo;Atlantique.\u00a0\u00bb<\/p>\n<p><strong>&#8211; Quels produits pourraient \u00eatre le plus cher?<\/strong><\/p>\n<p>Fondamentalement, tous ceux qui sont touch\u00e9s par les tarifs. \u00ab\u00a0Le beaucoup de cher d\u00e9pend de la hauteur de la demande ou si les produits peuvent facilement remplacer, par des produits \u00e9quivalents d&rsquo;Europe\u00a0\u00bb, explique l&rsquo;\u00e9conomiste Sultan. Pour les jeans, les experts consid\u00e8rent que les effets, par exemple, sont g\u00e9rables. Les produits qui viennent directement des \u00c9tats-Unis ont jou\u00e9 un r\u00f4le majeur sur le march\u00e9 en Allemagne. Les pays des fabricants les plus importants sont la Chine, le Bangladesh et la Turquie.<\/p>\n<p><strong>-Est-ce le d\u00e9but d&rsquo;une grande guerre commerciale europ\u00e9enne-am\u00e9ricaine?<\/strong><\/p>\n<\/p>\n<div id=\"attachment_411084\" class=\"wp-caption alignleft\" style=\"max-width: 300px\"><img decoding=\"async\" class=\"wp-image-411084 size-medium\" src=\"https:\/\/vieassociative.be\/actualites\/wp-content\/uploads\/2025\/03\/1741789047_86_LUE-annonce-des-represailles-pour-les-nouveaux-tarifs-americains-une.jpg\" alt=\"\" width=\"300\" height=\"189\"  ><\/p>\n<p class=\"wp-caption-text\">Le beurre d&rsquo;arachide des \u00c9tats-Unis est sur l&rsquo;\u00e9tag\u00e8re d&rsquo;un supermarch\u00e9. Photo: Christian Charisius \/ DPA<\/p>\n<\/div>\n<p>Cela d\u00e9pend surtout de Donald Trump. Thomas Gitzel, \u00e9conomiste en chef de la banque VP \u00e0 Liechtenstein, voit le risque d&rsquo;une spirale d&rsquo;escalade. Contrairement au conflit commercial entre l&rsquo;UE et les \u00c9tats-Unis au premier mandat de Trump, les mesures criminelles am\u00e9ricaines ne pourraient \u00eatre que le d\u00e9but d&rsquo;une s\u00e9rie de tarifs. \u00ab\u00a0Ainsi, une guerre commerciale mondiale absorbe lentement la vitesse\u00a0\u00bb, dit-il. Trump a d\u00e9j\u00e0 annonc\u00e9 qu&rsquo;ils voulaient imposer de nouveaux tarifs aux voitures et autres marchandises de l&rsquo;UE.<\/p>\n<p>En raison de l&rsquo;augmentation des tarifs am\u00e9ricains contre la Chine, les marchandises en Extr\u00eame-Orient pourraient \u00e9galement affluer davantage en Europe, explique Rolf Langhammer, \u00e9conomiste au Kiel Institute for the World Economy (IFW). \u00ab\u00a0La crainte est un jeu n\u00e9gatif dans lequel tout le monde perd.\u00a0\u00bb<\/p>\n<p><strong>&#8211; Comment \u00e7a va maintenant?<\/strong><\/p>\n<p>Le pr\u00e9sident de la Commission de Leyen souligne que l&rsquo;UE est pr\u00eate \u00e0 n\u00e9gocier. \u00ab\u00a0Nous sommes fermement convaincus que dans un monde plein d&rsquo;incertitudes g\u00e9o-\u00e9conomiques et politiques, il n&rsquo;est pas dans notre int\u00e9r\u00eat commun de charger nos \u00e9conomies avec de tels tarifs\u00a0\u00bb, dit-elle.<\/p>\n<p><strong>&#8211; Que pourrait offrir \u00e0 l&rsquo;UE Trump?<\/strong><\/p>\n<p>Selon la Commission europ\u00e9enne, l&rsquo;Union europ\u00e9enne et Trump pourraient conclure un nouvel accord pour \u00e9tendre les exportations am\u00e9ricaines de GPL (GNL). \u00ab\u00a0Nous obtenons encore beaucoup de GNL de la Russie, alors pourquoi ne pas utiliser le GNL am\u00e9ricain \u00e0 la place, ce qui est moins cher pour nous et r\u00e9duit nos prix de l&rsquo;\u00e9nergie\u00a0\u00bb, a d\u00e9clar\u00e9 Von Der Leyen apr\u00e8s un appel t\u00e9l\u00e9phonique \u00e0 Trump apr\u00e8s son choix. En outre, il serait possible d&rsquo;importer plus de technologies militaires et de biens agricoles des \u00c9tats-Unis et de r\u00e9duire les droits d&rsquo;importation pour les voitures am\u00e9ricaines. \u00c0 dix pour cent, ceux-ci \u00e9taient significativement sup\u00e9rieurs \u00e0 2,5%.<\/p>\n<div id=\"attachment_411079\" class=\"wp-caption alignleft\" style=\"max-width: 300px\"><img decoding=\"async\" class=\"wp-image-411079 size-medium\" src=\"https:\/\/vieassociative.be\/actualites\/wp-content\/uploads\/2025\/03\/1741789047_413_LUE-annonce-des-represailles-pour-les-nouveaux-tarifs-americains-une.jpg\" alt=\"\" width=\"300\" height=\"200\"><\/p>\n<p class=\"wp-caption-text\">08.03.2025, \u00c9tats-Unis, Louisville: Dans la distillerie Brown Brothers \u00e0 Louisville, Kentucky, \u00c9tats-Unis, Burbon Barrels dans lequel le produit est situ\u00e9. Photo: Jon Cherry \/ FR171965 AP \/ DPA<\/p>\n<\/div>\n<p><strong>&#8211; Quels sont les outils de pression de l&rsquo;UE?<\/strong><\/p>\n<p>Les tarifs suppl\u00e9mentaires de l&rsquo;UE pourraient \u00eatre sensibles \u00e0 certaines entreprises am\u00e9ricaines. Trump avait d\u00e9j\u00e0 introduit des tarifs sp\u00e9ciaux sur l&rsquo;importation de produits d&rsquo;acier et d&rsquo;aluminium de 2017 \u00e0 2021 et a justifi\u00e9 cela \u00ab\u00a0avec des int\u00e9r\u00eats de la s\u00e9curit\u00e9 nationale\u00a0\u00bb. \u00c0 cette \u00e9poque, l&rsquo;UE a d\u00e9j\u00e0 r\u00e9agi avec des tarifs de repr\u00e9sailles \u00e0 des produits am\u00e9ricains tels que le whisky de bourbon et les motos et les fabricants comme Harley-Davidson se plaignaient d&rsquo;effets n\u00e9gatifs.<\/p>\n<p>Essayez de rencontrer les \u00c9tats-Unis o\u00f9 cela faisait mal, a d\u00e9clar\u00e9 mercredi un responsable de l&rsquo;UE \u00e0 Bruxelles. Cela signifie que vous avez une liste de produits qui ont une valeur embl\u00e9matique \u00e9lev\u00e9e et symbolique. Afin de se d\u00e9velopper en tant que grande pression politique, les produits sont \u00e9galement cibl\u00e9s qui viennent de la maison des amis du parti influents de Trump. Par exemple, il devrait y avoir de nouveaux tarifs de l&rsquo;UE sur le soja, qui sont produits, entre autres, en Louisiane, la maison du porte-parole repr\u00e9sentatif Mike Johnson.<\/p>\n<p><strong>&#8211; Pourquoi Trump pr\u00e9sente-t-il les tarifs?<\/strong><\/p>\n<p>Trump veut renforcer les \u00c9tats-Unis en tant que lieu de production et r\u00e9duire les d\u00e9ficits commerciaux. Par exemple, c&rsquo;est une \u00e9pine dans le c\u00f4t\u00e9 que les entreprises europ\u00e9ennes vendent beaucoup plus de marchandises aux \u00c9tats-Unis que les entreprises am\u00e9ricaines de l&rsquo;UE.<\/p>\n<p>La Commission de l&rsquo;UE fait valoir que les \u00c9tats-Unis vendent plus de services \u00e0 l&rsquo;UE que l&rsquo;inverse. Si vous prenez en compte les biens et les services, il n&rsquo;y a eu qu&rsquo;un petit exc\u00e9dent de 48 milliards d&rsquo;euros vers 2023. Cela correspond \u00e0 trois pour cent du commerce total entre les \u00c9tats-Unis et l&rsquo;UE. (DPA)<\/p>\n<p><em><strong>Sur le sujet, voir \u00e9galement l&rsquo;article suivant sur OD:<\/strong><\/em><\/p>\n<div class=\"responsive-embed widescreen\">\n<blockquote class=\"wp-embedded-content\" data-secret=\"H97HQrhEAe\">\n<p>Les craintes \u00e9conomiques Laissent que les cours am\u00e9ricains se posent la part du fabricant de voitures de musc, Tesla, perd plus de 15%<\/p>\n<\/blockquote>\n<p><iframe loading=\"lazy\" class=\"wp-embedded-content\" sandbox=\"allow-scripts\" security=\"restricted\" style=\"position: absolute; visibility: hidden;\" title=\"\u201eKonjunktur\u00e4ngste lassen die US-Kurse absacken \u2013 Aktie von Musks Autobauer Tesla verliert \u00fcber 15%\u201c \u2014 Ostbelgien Direkt\" src=\"https:\/\/ostbelgiendirekt.be\/about:blank\" data-secret=\"H97HQrhEAe\" width=\"500\" height=\"282\" frameborder=\"0\" marginwidth=\"0\" marginheight=\"0\" scrolling=\"no\" data-rocket-lazyload=\"fitvidscompatible\" data-lazy-src=\"https:\/\/ostbelgiendirekt.be\/konjunkturaengste-in-usa-410991\/embed#?secret=zZ0hrQ6ZXx#?secret=H97HQrhEAe\"><\/iframe><noscript><iframe class=\"wp-embedded-content\" sandbox=\"allow-scripts\" security=\"restricted\" style=\"position: absolute; visibility: hidden;\" title=\"\u201eKonjunktur\u00e4ngste lassen die US-Kurse absacken \u2013 Aktie von Musks Autobauer Tesla verliert \u00fcber 15%\u201c \u2014 Ostbelgien Direkt\" src=\"https:\/\/ostbelgiendirekt.be\/konjunkturaengste-in-usa-410991\/embed#?secret=zZ0hrQ6ZXx#?secret=H97HQrhEAe\" data-secret=\"H97HQrhEAe\" width=\"500\" height=\"282\" frameborder=\"0\" marginwidth=\"0\" marginheight=\"0\" scrolling=\"no\"><\/iframe><\/noscript><\/p>\n<\/div>\n","protected":false},"excerpt":{"rendered":"<p>Les espoirs europ\u00e9ens pour la direction de Donald Trump \u00e0 la derni\u00e8re minute ne se sont pas r\u00e9alis\u00e9s. Depuis ce mercredi, les nouveaux tarifs am\u00e9ricains<\/p>\n","protected":false},"author":1,"featured_media":5828,"comment_status":"","ping_status":"","sticky":false,"template":"","format":"standard","meta":{"footnotes":""},"categories":[298],"tags":[2061,1987,5821,5820,29,2637,14,3578,233,2052,81,481,1882,5818,5819,110],"class_list":["post-5827","post","type-post","status-publish","format-standard","has-post-thumbnail","hentry","category-belgique","tag-americains","tag-annonce","tag-commencetelle","tag-commerciale","tag-des","tag-guerre","tag-les","tag-lue","tag-maintenant","tag-nouveaux","tag-pour","tag-questions","tag-reponses","tag-represailles","tag-tarifs","tag-une","generate-columns","tablet-grid-50","mobile-grid-100","grid-parent","grid-33"],"yoast_head":"<!-- This site is optimized with the Yoast SEO plugin v24.0 - https:\/\/yoast.com\/wordpress\/plugins\/seo\/ -->\n<title>L&#039;UE annonce des repr\u00e9sailles pour les nouveaux tarifs am\u00e9ricains: une guerre commerciale commence-t-elle maintenant? (Questions et r\u00e9ponses) | Vie Associative<\/title>\n<meta name=\"robots\" content=\"index, follow, max-snippet:-1, max-image-preview:large, max-video-preview:-1\" \/>\n<link rel=\"canonical\" href=\"https:\/\/vieassociative.be\/actualites\/lue-annonce-des-represailles-pour-les-nouveaux-tarifs-americains-une-guerre-commerciale-commence-t-elle-maintenant-questions-et-reponses\/\" \/>\n<meta property=\"og:locale\" content=\"fr_FR\" \/>\n<meta property=\"og:type\" content=\"article\" \/>\n<meta property=\"og:title\" content=\"L&#039;UE annonce des repr\u00e9sailles pour les nouveaux tarifs am\u00e9ricains: une guerre commerciale commence-t-elle maintenant? (Questions et r\u00e9ponses) | Vie Associative\" \/>\n<meta property=\"og:description\" content=\"Les espoirs europ\u00e9ens pour la direction de Donald Trump \u00e0 la derni\u00e8re minute ne se sont pas r\u00e9alis\u00e9s. Depuis ce mercredi, les nouveaux tarifs am\u00e9ricains\" \/>\n<meta property=\"og:url\" content=\"https:\/\/vieassociative.be\/actualites\/lue-annonce-des-represailles-pour-les-nouveaux-tarifs-americains-une-guerre-commerciale-commence-t-elle-maintenant-questions-et-reponses\/\" \/>\n<meta property=\"og:site_name\" content=\"Vie Associative\" \/>\n<meta property=\"article:published_time\" content=\"2025-03-12T14:17:27+00:00\" \/>\n<meta property=\"og:image\" content=\"https:\/\/vieassociative.be\/actualites\/wp-content\/uploads\/2024\/09\/header_backgroundk-01-e1726694325946.png\" \/>\n\t<meta property=\"og:image:width\" content=\"279\" \/>\n\t<meta property=\"og:image:height\" content=\"92\" \/>\n\t<meta property=\"og:image:type\" content=\"image\/png\" \/>\n<meta name=\"author\" content=\"Julien\" \/>\n<meta name=\"twitter:card\" content=\"summary_large_image\" \/>\n<meta name=\"twitter:label1\" content=\"\u00c9crit par\" \/>\n\t<meta name=\"twitter:data1\" content=\"Julien\" \/>\n\t<meta name=\"twitter:label2\" content=\"Dur\u00e9e de lecture est.\" \/>\n\t<meta name=\"twitter:data2\" content=\"6 minutes\" \/>\n<script type=\"application\/ld+json\" class=\"yoast-schema-graph\">{\"@context\":\"https:\/\/schema.org\",\"@graph\":[{\"@type\":\"Article\",\"@id\":\"https:\/\/vieassociative.be\/actualites\/lue-annonce-des-represailles-pour-les-nouveaux-tarifs-americains-une-guerre-commerciale-commence-t-elle-maintenant-questions-et-reponses\/#article\",\"isPartOf\":{\"@id\":\"https:\/\/vieassociative.be\/actualites\/lue-annonce-des-represailles-pour-les-nouveaux-tarifs-americains-une-guerre-commerciale-commence-t-elle-maintenant-questions-et-reponses\/\"},\"author\":{\"name\":\"Julien\",\"@id\":\"https:\/\/vieassociative.be\/actualites\/#\/schema\/person\/b87ac4f82f9d4e7b7cec7395b679edc4\"},\"headline\":\"L&rsquo;UE annonce des repr\u00e9sailles pour les nouveaux tarifs am\u00e9ricains: une guerre commerciale commence-t-elle maintenant? (Questions et r\u00e9ponses)\",\"datePublished\":\"2025-03-12T14:17:27+00:00\",\"dateModified\":\"2025-03-12T14:17:27+00:00\",\"mainEntityOfPage\":{\"@id\":\"https:\/\/vieassociative.be\/actualites\/lue-annonce-des-represailles-pour-les-nouveaux-tarifs-americains-une-guerre-commerciale-commence-t-elle-maintenant-questions-et-reponses\/\"},\"wordCount\":1306,\"publisher\":{\"@id\":\"https:\/\/vieassociative.be\/actualites\/#organization\"},\"image\":{\"@id\":\"https:\/\/vieassociative.be\/actualites\/lue-annonce-des-represailles-pour-les-nouveaux-tarifs-americains-une-guerre-commerciale-commence-t-elle-maintenant-questions-et-reponses\/#primaryimage\"},\"thumbnailUrl\":\"https:\/\/vieassociative.be\/actualites\/wp-content\/uploads\/2025\/03\/1741789048_LUE-annonce-des-represailles-pour-les-nouveaux-tarifs-americains-une.jpg\",\"keywords\":[\"am\u00e9ricains\",\"annonce\",\"commencetelle\",\"commerciale\",\"Des\",\"guerre\",\"Les\",\"LUE\",\"maintenant\",\"nouveaux\",\"pour\",\"questions\",\"r\u00e9ponses\",\"repr\u00e9sailles\",\"tarifs\",\"une\"],\"articleSection\":[\"Belgique\"],\"inLanguage\":\"fr-BE\"},{\"@type\":\"WebPage\",\"@id\":\"https:\/\/vieassociative.be\/actualites\/lue-annonce-des-represailles-pour-les-nouveaux-tarifs-americains-une-guerre-commerciale-commence-t-elle-maintenant-questions-et-reponses\/\",\"url\":\"https:\/\/vieassociative.be\/actualites\/lue-annonce-des-represailles-pour-les-nouveaux-tarifs-americains-une-guerre-commerciale-commence-t-elle-maintenant-questions-et-reponses\/\",\"name\":\"L'UE annonce des repr\u00e9sailles pour les nouveaux tarifs am\u00e9ricains: une guerre commerciale commence-t-elle maintenant? (Questions et r\u00e9ponses) | Vie Associative\",\"isPartOf\":{\"@id\":\"https:\/\/vieassociative.be\/actualites\/#website\"},\"primaryImageOfPage\":{\"@id\":\"https:\/\/vieassociative.be\/actualites\/lue-annonce-des-represailles-pour-les-nouveaux-tarifs-americains-une-guerre-commerciale-commence-t-elle-maintenant-questions-et-reponses\/#primaryimage\"},\"image\":{\"@id\":\"https:\/\/vieassociative.be\/actualites\/lue-annonce-des-represailles-pour-les-nouveaux-tarifs-americains-une-guerre-commerciale-commence-t-elle-maintenant-questions-et-reponses\/#primaryimage\"},\"thumbnailUrl\":\"https:\/\/vieassociative.be\/actualites\/wp-content\/uploads\/2025\/03\/1741789048_LUE-annonce-des-represailles-pour-les-nouveaux-tarifs-americains-une.jpg\",\"datePublished\":\"2025-03-12T14:17:27+00:00\",\"dateModified\":\"2025-03-12T14:17:27+00:00\",\"breadcrumb\":{\"@id\":\"https:\/\/vieassociative.be\/actualites\/lue-annonce-des-represailles-pour-les-nouveaux-tarifs-americains-une-guerre-commerciale-commence-t-elle-maintenant-questions-et-reponses\/#breadcrumb\"},\"inLanguage\":\"fr-BE\",\"potentialAction\":[{\"@type\":\"ReadAction\",\"target\":[\"https:\/\/vieassociative.be\/actualites\/lue-annonce-des-represailles-pour-les-nouveaux-tarifs-americains-une-guerre-commerciale-commence-t-elle-maintenant-questions-et-reponses\/\"]}]},{\"@type\":\"ImageObject\",\"inLanguage\":\"fr-BE\",\"@id\":\"https:\/\/vieassociative.be\/actualites\/lue-annonce-des-represailles-pour-les-nouveaux-tarifs-americains-une-guerre-commerciale-commence-t-elle-maintenant-questions-et-reponses\/#primaryimage\",\"url\":\"https:\/\/vieassociative.be\/actualites\/wp-content\/uploads\/2025\/03\/1741789048_LUE-annonce-des-represailles-pour-les-nouveaux-tarifs-americains-une.jpg\",\"contentUrl\":\"https:\/\/vieassociative.be\/actualites\/wp-content\/uploads\/2025\/03\/1741789048_LUE-annonce-des-represailles-pour-les-nouveaux-tarifs-americains-une.jpg\",\"width\":1200,\"height\":802,\"caption\":\"L'UE annonce des repr\u00e9sailles pour les nouveaux tarifs am\u00e9ricains: une guerre commerciale commence-t-elle maintenant? (Questions et r\u00e9ponses)\"},{\"@type\":\"BreadcrumbList\",\"@id\":\"https:\/\/vieassociative.be\/actualites\/lue-annonce-des-represailles-pour-les-nouveaux-tarifs-americains-une-guerre-commerciale-commence-t-elle-maintenant-questions-et-reponses\/#breadcrumb\",\"itemListElement\":[{\"@type\":\"ListItem\",\"position\":1,\"name\":\"Accueil\",\"item\":\"https:\/\/vieassociative.be\/actualites\/\"},{\"@type\":\"ListItem\",\"position\":2,\"name\":\"L&rsquo;UE annonce des repr\u00e9sailles pour les nouveaux tarifs am\u00e9ricains: une guerre commerciale commence-t-elle maintenant? (Questions et r\u00e9ponses)\"}]},{\"@type\":\"WebSite\",\"@id\":\"https:\/\/vieassociative.be\/actualites\/#website\",\"url\":\"https:\/\/vieassociative.be\/actualites\/\",\"name\":\"Vie Associative\",\"description\":\"\",\"publisher\":{\"@id\":\"https:\/\/vieassociative.be\/actualites\/#organization\"},\"potentialAction\":[{\"@type\":\"SearchAction\",\"target\":{\"@type\":\"EntryPoint\",\"urlTemplate\":\"https:\/\/vieassociative.be\/actualites\/?s={search_term_string}\"},\"query-input\":{\"@type\":\"PropertyValueSpecification\",\"valueRequired\":true,\"valueName\":\"search_term_string\"}}],\"inLanguage\":\"fr-BE\"},{\"@type\":\"Organization\",\"@id\":\"https:\/\/vieassociative.be\/actualites\/#organization\",\"name\":\"Vie Associative\",\"url\":\"https:\/\/vieassociative.be\/actualites\/\",\"logo\":{\"@type\":\"ImageObject\",\"inLanguage\":\"fr-BE\",\"@id\":\"https:\/\/vieassociative.be\/actualites\/#\/schema\/logo\/image\/\",\"url\":\"https:\/\/vieassociative.be\/actualites\/wp-content\/uploads\/2024\/09\/cropped-vieassociative_favicon.ico.png\",\"contentUrl\":\"https:\/\/vieassociative.be\/actualites\/wp-content\/uploads\/2024\/09\/cropped-vieassociative_favicon.ico.png\",\"width\":512,\"height\":512,\"caption\":\"Vie Associative\"},\"image\":{\"@id\":\"https:\/\/vieassociative.be\/actualites\/#\/schema\/logo\/image\/\"}},{\"@type\":\"Person\",\"@id\":\"https:\/\/vieassociative.be\/actualites\/#\/schema\/person\/b87ac4f82f9d4e7b7cec7395b679edc4\",\"name\":\"Julien\",\"image\":{\"@type\":\"ImageObject\",\"inLanguage\":\"fr-BE\",\"@id\":\"https:\/\/vieassociative.be\/actualites\/#\/schema\/person\/image\/\",\"url\":\"https:\/\/vieassociative.be\/actualites\/wp-content\/uploads\/2024\/09\/vie-associative-1-150x150.jpg\",\"contentUrl\":\"https:\/\/vieassociative.be\/actualites\/wp-content\/uploads\/2024\/09\/vie-associative-1-150x150.jpg\",\"caption\":\"Julien\"},\"description\":\"Je suis Julien, r\u00e9dacteur pour Vie Associative. Passionn\u00e9 par le monde associatif depuis plus de 10 ans, j'ai \u00e0 c\u0153ur de partager des histoires inspirantes et de mettre en lumi\u00e8re les initiatives locales. Mon objectif est de sensibiliser et d'encourager l'engagement communautaire \u00e0 travers mes articles.\",\"sameAs\":[\"https:\/\/vieassociative.be\/\"]}]}<\/script>\n<!-- \/ Yoast SEO plugin. -->","yoast_head_json":{"title":"L'UE annonce des repr\u00e9sailles pour les nouveaux tarifs am\u00e9ricains: une guerre commerciale commence-t-elle maintenant? (Questions et r\u00e9ponses) | Vie Associative","robots":{"index":"index","follow":"follow","max-snippet":"max-snippet:-1","max-image-preview":"max-image-preview:large","max-video-preview":"max-video-preview:-1"},"canonical":"https:\/\/vieassociative.be\/actualites\/lue-annonce-des-represailles-pour-les-nouveaux-tarifs-americains-une-guerre-commerciale-commence-t-elle-maintenant-questions-et-reponses\/","og_locale":"fr_FR","og_type":"article","og_title":"L'UE annonce des repr\u00e9sailles pour les nouveaux tarifs am\u00e9ricains: une guerre commerciale commence-t-elle maintenant? (Questions et r\u00e9ponses) | Vie Associative","og_description":"Les espoirs europ\u00e9ens pour la direction de Donald Trump \u00e0 la derni\u00e8re minute ne se sont pas r\u00e9alis\u00e9s. Depuis ce mercredi, les nouveaux tarifs am\u00e9ricains","og_url":"https:\/\/vieassociative.be\/actualites\/lue-annonce-des-represailles-pour-les-nouveaux-tarifs-americains-une-guerre-commerciale-commence-t-elle-maintenant-questions-et-reponses\/","og_site_name":"Vie Associative","article_published_time":"2025-03-12T14:17:27+00:00","og_image":[{"width":279,"height":92,"url":"https:\/\/vieassociative.be\/actualites\/wp-content\/uploads\/2024\/09\/header_backgroundk-01-e1726694325946.png","type":"image\/png"}],"author":"Julien","twitter_card":"summary_large_image","twitter_misc":{"\u00c9crit par":"Julien","Dur\u00e9e de lecture est.":"6 minutes"},"schema":{"@context":"https:\/\/schema.org","@graph":[{"@type":"Article","@id":"https:\/\/vieassociative.be\/actualites\/lue-annonce-des-represailles-pour-les-nouveaux-tarifs-americains-une-guerre-commerciale-commence-t-elle-maintenant-questions-et-reponses\/#article","isPartOf":{"@id":"https:\/\/vieassociative.be\/actualites\/lue-annonce-des-represailles-pour-les-nouveaux-tarifs-americains-une-guerre-commerciale-commence-t-elle-maintenant-questions-et-reponses\/"},"author":{"name":"Julien","@id":"https:\/\/vieassociative.be\/actualites\/#\/schema\/person\/b87ac4f82f9d4e7b7cec7395b679edc4"},"headline":"L&rsquo;UE annonce des repr\u00e9sailles pour les nouveaux tarifs am\u00e9ricains: une guerre commerciale commence-t-elle maintenant? (Questions et r\u00e9ponses)","datePublished":"2025-03-12T14:17:27+00:00","dateModified":"2025-03-12T14:17:27+00:00","mainEntityOfPage":{"@id":"https:\/\/vieassociative.be\/actualites\/lue-annonce-des-represailles-pour-les-nouveaux-tarifs-americains-une-guerre-commerciale-commence-t-elle-maintenant-questions-et-reponses\/"},"wordCount":1306,"publisher":{"@id":"https:\/\/vieassociative.be\/actualites\/#organization"},"image":{"@id":"https:\/\/vieassociative.be\/actualites\/lue-annonce-des-represailles-pour-les-nouveaux-tarifs-americains-une-guerre-commerciale-commence-t-elle-maintenant-questions-et-reponses\/#primaryimage"},"thumbnailUrl":"https:\/\/vieassociative.be\/actualites\/wp-content\/uploads\/2025\/03\/1741789048_LUE-annonce-des-represailles-pour-les-nouveaux-tarifs-americains-une.jpg","keywords":["am\u00e9ricains","annonce","commencetelle","commerciale","Des","guerre","Les","LUE","maintenant","nouveaux","pour","questions","r\u00e9ponses","repr\u00e9sailles","tarifs","une"],"articleSection":["Belgique"],"inLanguage":"fr-BE"},{"@type":"WebPage","@id":"https:\/\/vieassociative.be\/actualites\/lue-annonce-des-represailles-pour-les-nouveaux-tarifs-americains-une-guerre-commerciale-commence-t-elle-maintenant-questions-et-reponses\/","url":"https:\/\/vieassociative.be\/actualites\/lue-annonce-des-represailles-pour-les-nouveaux-tarifs-americains-une-guerre-commerciale-commence-t-elle-maintenant-questions-et-reponses\/","name":"L'UE annonce des repr\u00e9sailles pour les nouveaux tarifs am\u00e9ricains: une guerre commerciale commence-t-elle maintenant? (Questions et r\u00e9ponses) | Vie Associative","isPartOf":{"@id":"https:\/\/vieassociative.be\/actualites\/#website"},"primaryImageOfPage":{"@id":"https:\/\/vieassociative.be\/actualites\/lue-annonce-des-represailles-pour-les-nouveaux-tarifs-americains-une-guerre-commerciale-commence-t-elle-maintenant-questions-et-reponses\/#primaryimage"},"image":{"@id":"https:\/\/vieassociative.be\/actualites\/lue-annonce-des-represailles-pour-les-nouveaux-tarifs-americains-une-guerre-commerciale-commence-t-elle-maintenant-questions-et-reponses\/#primaryimage"},"thumbnailUrl":"https:\/\/vieassociative.be\/actualites\/wp-content\/uploads\/2025\/03\/1741789048_LUE-annonce-des-represailles-pour-les-nouveaux-tarifs-americains-une.jpg","datePublished":"2025-03-12T14:17:27+00:00","dateModified":"2025-03-12T14:17:27+00:00","breadcrumb":{"@id":"https:\/\/vieassociative.be\/actualites\/lue-annonce-des-represailles-pour-les-nouveaux-tarifs-americains-une-guerre-commerciale-commence-t-elle-maintenant-questions-et-reponses\/#breadcrumb"},"inLanguage":"fr-BE","potentialAction":[{"@type":"ReadAction","target":["https:\/\/vieassociative.be\/actualites\/lue-annonce-des-represailles-pour-les-nouveaux-tarifs-americains-une-guerre-commerciale-commence-t-elle-maintenant-questions-et-reponses\/"]}]},{"@type":"ImageObject","inLanguage":"fr-BE","@id":"https:\/\/vieassociative.be\/actualites\/lue-annonce-des-represailles-pour-les-nouveaux-tarifs-americains-une-guerre-commerciale-commence-t-elle-maintenant-questions-et-reponses\/#primaryimage","url":"https:\/\/vieassociative.be\/actualites\/wp-content\/uploads\/2025\/03\/1741789048_LUE-annonce-des-represailles-pour-les-nouveaux-tarifs-americains-une.jpg","contentUrl":"https:\/\/vieassociative.be\/actualites\/wp-content\/uploads\/2025\/03\/1741789048_LUE-annonce-des-represailles-pour-les-nouveaux-tarifs-americains-une.jpg","width":1200,"height":802,"caption":"L'UE annonce des repr\u00e9sailles pour les nouveaux tarifs am\u00e9ricains: une guerre commerciale commence-t-elle maintenant? (Questions et r\u00e9ponses)"},{"@type":"BreadcrumbList","@id":"https:\/\/vieassociative.be\/actualites\/lue-annonce-des-represailles-pour-les-nouveaux-tarifs-americains-une-guerre-commerciale-commence-t-elle-maintenant-questions-et-reponses\/#breadcrumb","itemListElement":[{"@type":"ListItem","position":1,"name":"Accueil","item":"https:\/\/vieassociative.be\/actualites\/"},{"@type":"ListItem","position":2,"name":"L&rsquo;UE annonce des repr\u00e9sailles pour les nouveaux tarifs am\u00e9ricains: une guerre commerciale commence-t-elle maintenant? (Questions et r\u00e9ponses)"}]},{"@type":"WebSite","@id":"https:\/\/vieassociative.be\/actualites\/#website","url":"https:\/\/vieassociative.be\/actualites\/","name":"Vie Associative","description":"","publisher":{"@id":"https:\/\/vieassociative.be\/actualites\/#organization"},"potentialAction":[{"@type":"SearchAction","target":{"@type":"EntryPoint","urlTemplate":"https:\/\/vieassociative.be\/actualites\/?s={search_term_string}"},"query-input":{"@type":"PropertyValueSpecification","valueRequired":true,"valueName":"search_term_string"}}],"inLanguage":"fr-BE"},{"@type":"Organization","@id":"https:\/\/vieassociative.be\/actualites\/#organization","name":"Vie Associative","url":"https:\/\/vieassociative.be\/actualites\/","logo":{"@type":"ImageObject","inLanguage":"fr-BE","@id":"https:\/\/vieassociative.be\/actualites\/#\/schema\/logo\/image\/","url":"https:\/\/vieassociative.be\/actualites\/wp-content\/uploads\/2024\/09\/cropped-vieassociative_favicon.ico.png","contentUrl":"https:\/\/vieassociative.be\/actualites\/wp-content\/uploads\/2024\/09\/cropped-vieassociative_favicon.ico.png","width":512,"height":512,"caption":"Vie Associative"},"image":{"@id":"https:\/\/vieassociative.be\/actualites\/#\/schema\/logo\/image\/"}},{"@type":"Person","@id":"https:\/\/vieassociative.be\/actualites\/#\/schema\/person\/b87ac4f82f9d4e7b7cec7395b679edc4","name":"Julien","image":{"@type":"ImageObject","inLanguage":"fr-BE","@id":"https:\/\/vieassociative.be\/actualites\/#\/schema\/person\/image\/","url":"https:\/\/vieassociative.be\/actualites\/wp-content\/uploads\/2024\/09\/vie-associative-1-150x150.jpg","contentUrl":"https:\/\/vieassociative.be\/actualites\/wp-content\/uploads\/2024\/09\/vie-associative-1-150x150.jpg","caption":"Julien"},"description":"Je suis Julien, r\u00e9dacteur pour Vie Associative. Passionn\u00e9 par le monde associatif depuis plus de 10 ans, j'ai \u00e0 c\u0153ur de partager des histoires inspirantes et de mettre en lumi\u00e8re les initiatives locales. Mon objectif est de sensibiliser et d'encourager l'engagement communautaire \u00e0 travers mes articles.","sameAs":["https:\/\/vieassociative.be\/"]}]}},"_links":{"self":[{"href":"https:\/\/vieassociative.be\/actualites\/wp-json\/wp\/v2\/posts\/5827"}],"collection":[{"href":"https:\/\/vieassociative.be\/actualites\/wp-json\/wp\/v2\/posts"}],"about":[{"href":"https:\/\/vieassociative.be\/actualites\/wp-json\/wp\/v2\/types\/post"}],"author":[{"embeddable":true,"href":"https:\/\/vieassociative.be\/actualites\/wp-json\/wp\/v2\/users\/1"}],"replies":[{"embeddable":true,"href":"https:\/\/vieassociative.be\/actualites\/wp-json\/wp\/v2\/comments?post=5827"}],"version-history":[{"count":0,"href":"https:\/\/vieassociative.be\/actualites\/wp-json\/wp\/v2\/posts\/5827\/revisions"}],"wp:featuredmedia":[{"embeddable":true,"href":"https:\/\/vieassociative.be\/actualites\/wp-json\/wp\/v2\/media\/5828"}],"wp:attachment":[{"href":"https:\/\/vieassociative.be\/actualites\/wp-json\/wp\/v2\/media?parent=5827"}],"wp:term":[{"taxonomy":"category","embeddable":true,"href":"https:\/\/vieassociative.be\/actualites\/wp-json\/wp\/v2\/categories?post=5827"},{"taxonomy":"post_tag","embeddable":true,"href":"https:\/\/vieassociative.be\/actualites\/wp-json\/wp\/v2\/tags?post=5827"}],"curies":[{"name":"wp","href":"https:\/\/api.w.org\/{rel}","templated":true}]}}