{"id":5820,"date":"2025-03-12T09:17:04","date_gmt":"2025-03-12T08:17:04","guid":{"rendered":"https:\/\/vieassociative.be\/actualites\/alemannia-aachen-de-la-promotion-du-club-de-crise-kraft-les-derniers-mois-ont-ete-un-desastre\/"},"modified":"2025-03-12T09:17:04","modified_gmt":"2025-03-12T08:17:04","slug":"alemannia-aachen-de-la-promotion-du-club-de-crise-kraft-les-derniers-mois-ont-ete-un-desastre","status":"publish","type":"post","link":"https:\/\/vieassociative.be\/actualites\/alemannia-aachen-de-la-promotion-du-club-de-crise-kraft-les-derniers-mois-ont-ete-un-desastre\/","title":{"rendered":"Alemannia Aachen de la promotion du club de crise &#8211; Kraft: \u00ab\u00a0Les derniers mois ont \u00e9t\u00e9 un d\u00e9sastre\u00a0\u00bb"},"content":{"rendered":"<p><strong>Pour Alemannia Aachen, la promotion de la 3e ligue n&rsquo;a pas \u00e9t\u00e9 jusqu&rsquo;\u00e0 pr\u00e9sent la fa\u00e7on dont le noir et le jaune l&rsquo;esp\u00e9raient. Mardi soir, ils ont remport\u00e9 une surprenante victoire 3-0 \u00e0 l&rsquo;ext\u00e9rieur dans le cinqui\u00e8me de la table \u00e0 Ingolstadt, mais le risque de rel\u00e9gation est loin d&rsquo;\u00eatre interdit. Et il y avait aussi beaucoup de probl\u00e8mes au sein du club.<\/strong><\/p>\n<p><span id=\"more-411013\"><\/span>La saison de la 3e division n&rsquo;avait pas mal commenc\u00e9. Il semblait initialement que l&rsquo;Alemannia jouait une saison tranquille et les terminait avec une place au milieu du terrain.<\/p>\n<p>Qu&rsquo;est-ce qui ne va pas? \u00ab\u00a0East Belgium directement\u00a0\u00bb voulait d\u00e9couvrir l&rsquo;un des plus grands fans d&rsquo;Alemannia de l&rsquo;Est de l&rsquo;Alemannia.<\/p>\n<div id=\"attachment_411018\" class=\"wp-caption alignleft\" style=\"max-width: 300px\"><img decoding=\"async\" class=\"wp-image-411018 size-medium\" src=\"https:\/\/vieassociative.be\/actualites\/wp-content\/uploads\/2025\/03\/Alemannia-Aachen-de-la-promotion-du-club-de-crise.jpg\" alt=\"\" width=\"300\" height=\"150\"  ><\/p>\n<p class=\"wp-caption-text\">Malgr\u00e9 de nombreux probl\u00e8mes, Alemannia Aachen reste un tir de foule: environ 31 000 spectateurs sont venus au stade Tivoli contre le Dynamo Dresde. Photo: Colin Kraft<\/p>\n<\/div>\n<p>L&rsquo;Eupener Colin Kraft se rend \u00e0 Tivoli depuis le d\u00e9but des ann\u00e9es 1990 et est \u00e9troitement li\u00e9 au club en tant que fan et en tant qu&rsquo;ancien employ\u00e9. Apr\u00e8s un engagement envers la t\u00e9l\u00e9vision sportive allemande (DSF), la force a travaill\u00e9 dans le bureau de presse d&rsquo;Alemannia. Apr\u00e8s avoir grav\u00e9 la Bundesliga en 2006, il a dirig\u00e9 l&rsquo;un des d\u00e9partements marketing. Aujourd&rsquo;hui, le membre du conseil municipal d&rsquo;Eupen travaille comme enseignant du secondaire et consultant en gestion.<\/p>\n<p><strong>OD: Colin Kraft, qu&rsquo;est-ce qui ne va pas avec Alemannia? Pourquoi Aachen n&rsquo;a-t-il pas pu r\u00e9pondre aux attentes jusqu&rsquo;\u00e0 pr\u00e9sent?<\/strong><\/p>\n<p><strong>Colin Kraft:<\/strong> En tant que grimpeur, bien s\u00fbr, vous ne savez jamais comment cela fonctionne. Le fait que vous puissiez vous retrouver au tiers inf\u00e9rieur a d\u00fb \u00eatre clair pour tout le monde \u00e0 l&rsquo;avance. La 3e ligue est tr\u00e8s occup\u00e9e avec de nombreux clubs traditionnels et la densit\u00e9 de puissance est \u00e9norme. Vous devez livrer chaque match jusqu&rsquo;au coup de sifflet final, qui a malheureusement souvent couru contre Alemannia. Une preuve est qu&rsquo;Alemannia a d\u00e9j\u00e0 jou\u00e9 de nombreux points apr\u00e8s la 85e minute. N\u00e9anmoins, je d\u00e9clare que nous verrons \u00e9galement le football de troisi\u00e8me division dans la ville imp\u00e9riale la saison prochaine.<\/p>\n<p><strong>OD: Apr\u00e8s la mont\u00e9e, Aachen n&rsquo;a pas \u00e9t\u00e9 \u00e9chang\u00e9 en tant que candidat \u00e0 la rel\u00e9gation. Qu&rsquo;est-ce qui ne va pas?<\/strong><\/p>\n<div id=\"attachment_395385\" class=\"wp-caption alignleft\" style=\"max-width: 300px\"><img fetchpriority=\"high\" decoding=\"async\" class=\"wp-image-395385 size-medium\" src=\"https:\/\/vieassociative.be\/actualites\/wp-content\/uploads\/2025\/03\/1741767424_971_Alemannia-Aachen-de-la-promotion-du-club-de-crise.jpg\" alt=\"\" width=\"300\" height=\"200\"  ><\/p>\n<p class=\"wp-caption-text\">17.08.2024, Rhin-Westphalie du Nord, Aachen: Patrick Erras (L) par Holstein Kiel et Mika Hanraths par Amannia Aachen se battent pour le ballon dans la Coupe DFB. Photo: Roberto Pfeil \/ DPA<\/p>\n<\/div>\n<p><strong>Pouvoir:<\/strong> Beaucoup se r\u00e9unissent. Certains joueurs qui ont jusqu&rsquo;\u00e0 pr\u00e9sent n&rsquo;en ont pas marre de leur affirmation &#8211; en particulier sur l&rsquo;offensive. Malheureusement, bien s\u00fbr, vous devez soutenir la question de savoir si vous avez suffisamment bien planifi\u00e9 l&rsquo;\u00e9quipe. D&rsquo;une part, il \u00e9tait difficile de se s\u00e9parer de nombreux joueurs qui \u00e9taient trop faibles pour la 3e ligue, et d&rsquo;autre part, le club n&rsquo;a pas r\u00e9ussi \u00e0 combler l&rsquo;\u00e9quipe extr\u00eamement grande avec une qualit\u00e9 suffisante parfois. Puis a ajout\u00e9 que l&rsquo;\u00e9quipe avait laiss\u00e9 de nombreux points qu&rsquo;ils auraient d\u00fb r\u00e9cup\u00e9rer.<\/p>\n<p><strong>OD: Il y avait aussi beaucoup de probl\u00e8mes sur la direction. Que s&rsquo;est-il pass\u00e9 l\u00e0-bas?<\/strong><\/p>\n<p><strong>Pouvoir:<\/strong> Les derniers mois ont \u00e9t\u00e9 un d\u00e9sastre qui a caus\u00e9 beaucoup de d\u00e9g\u00e2ts \u00e0 Alemannia dans toute l&rsquo;Allemagne. Surtout, c&rsquo;\u00e9tait des liens malsains entre les membres de la supervision et le conseil d&rsquo;administration \u00e0 l&rsquo;ext\u00e9rieur du club. Les m\u00e9dias r\u00e9gionaux pouvaient en \u00eatre trouv\u00e9s assez. Cela a \u00e9t\u00e9 suivi d&rsquo;une d\u00e9mission n\u00e9cessaire urgente des comit\u00e9s correspondants. Pas si facile parce que ces personnes telles que le pr\u00e9sident du conseil d&rsquo;administration de l&rsquo;ancien ex-superviseur Marcel Moberz ont \u00e9galement connu une part importante dans le succ\u00e8s des derni\u00e8res ann\u00e9es.<\/p>\n<p><strong>OD: Ces cas individuels sont-ils ou un probl\u00e8me g\u00e9n\u00e9ral dans le club?<\/strong><\/p>\n<p><strong>Pouvoir:<\/strong> J&rsquo;ai conseill\u00e9 \u00e0 la direction du club de mieux me positionner l&rsquo;ann\u00e9e derni\u00e8re en termes de communication politiquement externe. \u00c0 mes yeux, les dirigeants sont souvent venus trop h\u00e9sitants, ind\u00e9cis et diffus\u00e9s tels que l&rsquo;extr\u00e9misme et la violence \u00e0 droite. Malheureusement, il n&rsquo;a jamais \u00e9t\u00e9 clair pour le monde ext\u00e9rieur qui dirige le club et ce que le club repr\u00e9sente. Alemannia \u00e9tait et est un acteur fort de notre r\u00e9gion. En cons\u00e9quence, l&rsquo;association a \u00e9galement des responsabilit\u00e9s et devrait donc \u00e9galement communiquer et agir professionnellement. Malheureusement, Alemannia se d\u00e9monte au cours des derniers mois et est \u00e0 la hauteur de son image douteuse en tant que \u00ab\u00a0Kl\u00f6mpchensklub\u00a0\u00bb.<\/p>\n<p><strong>OD: Malgr\u00e9 les litiges dans la gestion des clubs et malgr\u00e9 les \u00e9checs sportifs, Aix-un, reste un extracteur de foule.<\/strong><\/p>\n<div id=\"attachment_382652\" class=\"wp-caption alignnone\" style=\"max-width: 300px\"><img decoding=\"async\" class=\"size-medium wp-image-382652\" src=\"https:\/\/vieassociative.be\/actualites\/wp-content\/uploads\/2025\/03\/1741767424_817_Alemannia-Aachen-de-la-promotion-du-club-de-crise.jpg\" alt=\"\" width=\"300\" height=\"200\"><\/p>\n<p class=\"wp-caption-text\">L&rsquo;entra\u00eeneur d&rsquo;Aix-de-fa\u00e7on Heiner Backhaus. \u00ab\u00a0Un gars encore jeune et m\u00eame g\u00e9nial qui correspond tr\u00e8s bien au club &#8211; un vrai coup de chance\u00a0\u00bb, explique Colin Kraft. Photo: Picture Alliance \/ DPA<\/p>\n<\/div>\n<p><strong>Pouvoir:<\/strong> Oui, pourquoi pas ?! Il y a eu des moments nettement pires \u00e0 Tivoli qu&rsquo;aujourd&rsquo;hui. Tu ne devrais pas oublier \u00e7a. Le week-end dernier, il y avait pr\u00e8s de 31 000 spectateurs sur le Tivoli contre Dynamo Dresde, dont certains de Dresde. Super ambiance! Alemannia reste un grand club et appartient \u00e0 l&rsquo;entreprise professionnelle! Demandez aux fans de Cologne, Schalke ou de Hambourg en Belgique orientale ce qu&rsquo;ils ont d\u00fb participer ces derni\u00e8res ann\u00e9es! Est-ce pour cela que l&rsquo;attitude envers le club change?<\/p>\n<p><strong>OD: Qu&rsquo;est-ce qui doit changer pour qu&rsquo;un jour un jour joue dans le 2e ou 1. Bundesliga?<\/strong><\/p>\n<p><strong>Pouvoir:<\/strong> L&rsquo;\u00e9quipe se d\u00e9veloppera sur la place &#8211; j&rsquo;en suis s\u00fbr. L&rsquo;entra\u00eeneur Heiner Backhaus est un gars encore jeune et m\u00eame g\u00e9nial qui correspond tr\u00e8s bien au club &#8211; un vrai coup de chance qui, esp\u00e9rons-le, fonctionne longtemps. Ce qui doit changer rapidement et fondamentalement, c&rsquo;est la structure d&rsquo;exploitation.<\/p>\n<p><strong>OD: Qu&rsquo;est-ce que cela signifie?<\/strong><\/p>\n<p><strong>Pouvoir:<\/strong> Beaucoup de potentiel n\u00e9cessite beaucoup de travail. Alemannia a un stade qui r\u00e9pond aux normes internationales de marketing &#8211; vous devez donc \u00e9galement travailler professionnellement. IE domaine de travaux tels que le marketing, la communication externe, la fr\u00e9quence et le soutien du parrainage, le marchandisage ou dans les ventes g\u00e9n\u00e9rales, en plus du sport, cr\u00e9ent une image de l&rsquo;association qui cr\u00e9e l&rsquo;attractivit\u00e9 pour les entreprises r\u00e9gionales et nationales. Le club doit maintenant se d\u00e9velopper davantage.<\/p>\n<div id=\"attachment_392936\" class=\"wp-caption alignleft\" style=\"max-width: 300px\"><img loading=\"lazy\" decoding=\"async\" class=\"wp-image-392936 size-medium\" src=\"https:\/\/vieassociative.be\/actualites\/wp-content\/uploads\/2025\/03\/1741767424_637_Alemannia-Aachen-de-la-promotion-du-club-de-crise.jpg\" alt=\"\" width=\"300\" height=\"200\"  ><\/p>\n<p class=\"wp-caption-text\">Colin Kraft avec le maire Sybille Keupen lors de la c\u00e9r\u00e9monie de promotion d&rsquo;Alemannia Aachen \u00e0 l&rsquo;h\u00f4tel de ville d&rsquo;Aix-un. Photo: priv\u00e9<\/p>\n<\/div>\n<p>Dans le m\u00eame temps, le marketing est c\u00e9l\u00e9br\u00e9 dans le marketing qui peut difficilement \u00eatre expliqu\u00e9. Comme on pouvait \u00e9galement le voir dans la presse, l&rsquo;association a r\u00e9cemment licenci\u00e9 de nombreux contrats de parrainage pour la nouvelle saison. Un moment plus que malheureux pour un licenciement non pr\u00e9par\u00e9 lorsque l&rsquo;on consid\u00e8re que l&rsquo;\u00e9quipe joue contre la rel\u00e9gation \u00e0 l&rsquo;heure et que certains des anciens comit\u00e9s doivent r\u00e9pondre au tribunal.<\/p>\n<p><strong>OD: Le club doit donc faire plus que l&rsquo;\u00e9quipe?<\/strong><\/p>\n<p><strong>Pouvoir:<\/strong> Ce n&rsquo;est que lorsque tous les niveaux de club font leur travail que vous pouvez r\u00e9ussir dans le football professionnel aujourd&rsquo;hui. Les corps doivent maintenant \u00eatre remplis de forces nouvelles ou exp\u00e9riment\u00e9es qui sont bonnes pour le club. De plus, il doit \u00eatre urgent pour \u00eatre clair qui m\u00e8ne le club et o\u00f9 vous voulez aller. Le bien-\u00eatre de l&rsquo;association devrait \u00eatre au-dessus de tout. Il est bien s\u00fbr clair que tout peut fonctionner directement avec la professionnalisation, mais du c\u00f4t\u00e9 commercial, je vois toujours beaucoup de potentiel. Si le club peut le faire, il jouera \u00e9galement dans la 2e ligue \u00e0 moyen terme. J&rsquo;en suis s\u00fbr. (Cre)<\/p>\n","protected":false},"excerpt":{"rendered":"<p>Pour Alemannia Aachen, la promotion de la 3e ligue n&rsquo;a pas \u00e9t\u00e9 jusqu&rsquo;\u00e0 pr\u00e9sent la fa\u00e7on dont le noir et le jaune l&rsquo;esp\u00e9raient. Mardi soir,<\/p>\n","protected":false},"author":1,"featured_media":5821,"comment_status":"","ping_status":"","sticky":false,"template":"","format":"standard","meta":{"footnotes":""},"categories":[298],"tags":[3446,5813,269,644,5815,5816,217,5814,14,232,1374,270],"class_list":["post-5820","post","type-post","status-publish","format-standard","has-post-thumbnail","hentry","category-belgique","tag-aachen","tag-alemannia","tag-club","tag-crise","tag-derniers","tag-desastre","tag-ete","tag-kraft","tag-les","tag-mois","tag-ont","tag-promotion","generate-columns","tablet-grid-50","mobile-grid-100","grid-parent","grid-33"],"yoast_head":"<!-- This site is optimized with the Yoast SEO plugin v24.0 - https:\/\/yoast.com\/wordpress\/plugins\/seo\/ -->\n<title>Alemannia Aachen de la promotion du club de crise - Kraft: &quot;Les derniers mois ont \u00e9t\u00e9 un d\u00e9sastre&quot; | Vie Associative<\/title>\n<meta name=\"robots\" content=\"index, follow, max-snippet:-1, max-image-preview:large, max-video-preview:-1\" \/>\n<link rel=\"canonical\" href=\"https:\/\/vieassociative.be\/actualites\/alemannia-aachen-de-la-promotion-du-club-de-crise-kraft-les-derniers-mois-ont-ete-un-desastre\/\" \/>\n<meta property=\"og:locale\" content=\"fr_FR\" \/>\n<meta property=\"og:type\" content=\"article\" \/>\n<meta property=\"og:title\" content=\"Alemannia Aachen de la promotion du club de crise - Kraft: &quot;Les derniers mois ont \u00e9t\u00e9 un d\u00e9sastre&quot; | Vie Associative\" \/>\n<meta property=\"og:description\" content=\"Pour Alemannia Aachen, la promotion de la 3e ligue n&rsquo;a pas \u00e9t\u00e9 jusqu&rsquo;\u00e0 pr\u00e9sent la fa\u00e7on dont le noir et le jaune l&rsquo;esp\u00e9raient. Mardi soir,\" \/>\n<meta property=\"og:url\" content=\"https:\/\/vieassociative.be\/actualites\/alemannia-aachen-de-la-promotion-du-club-de-crise-kraft-les-derniers-mois-ont-ete-un-desastre\/\" \/>\n<meta property=\"og:site_name\" content=\"Vie Associative\" \/>\n<meta property=\"article:published_time\" content=\"2025-03-12T08:17:04+00:00\" \/>\n<meta property=\"og:image\" content=\"https:\/\/vieassociative.be\/actualites\/wp-content\/uploads\/2024\/09\/header_backgroundk-01-e1726694325946.png\" \/>\n\t<meta property=\"og:image:width\" content=\"279\" \/>\n\t<meta property=\"og:image:height\" content=\"92\" \/>\n\t<meta property=\"og:image:type\" content=\"image\/png\" \/>\n<meta name=\"author\" content=\"Julien\" \/>\n<meta name=\"twitter:card\" content=\"summary_large_image\" \/>\n<meta name=\"twitter:label1\" content=\"\u00c9crit par\" \/>\n\t<meta name=\"twitter:data1\" content=\"Julien\" \/>\n\t<meta name=\"twitter:label2\" content=\"Dur\u00e9e de lecture est.\" \/>\n\t<meta name=\"twitter:data2\" content=\"6 minutes\" \/>\n<script type=\"application\/ld+json\" class=\"yoast-schema-graph\">{\"@context\":\"https:\/\/schema.org\",\"@graph\":[{\"@type\":\"Article\",\"@id\":\"https:\/\/vieassociative.be\/actualites\/alemannia-aachen-de-la-promotion-du-club-de-crise-kraft-les-derniers-mois-ont-ete-un-desastre\/#article\",\"isPartOf\":{\"@id\":\"https:\/\/vieassociative.be\/actualites\/alemannia-aachen-de-la-promotion-du-club-de-crise-kraft-les-derniers-mois-ont-ete-un-desastre\/\"},\"author\":{\"name\":\"Julien\",\"@id\":\"https:\/\/vieassociative.be\/actualites\/#\/schema\/person\/b87ac4f82f9d4e7b7cec7395b679edc4\"},\"headline\":\"Alemannia Aachen de la promotion du club de crise &#8211; Kraft: \u00ab\u00a0Les derniers mois ont \u00e9t\u00e9 un d\u00e9sastre\u00a0\u00bb\",\"datePublished\":\"2025-03-12T08:17:04+00:00\",\"dateModified\":\"2025-03-12T08:17:04+00:00\",\"mainEntityOfPage\":{\"@id\":\"https:\/\/vieassociative.be\/actualites\/alemannia-aachen-de-la-promotion-du-club-de-crise-kraft-les-derniers-mois-ont-ete-un-desastre\/\"},\"wordCount\":1376,\"publisher\":{\"@id\":\"https:\/\/vieassociative.be\/actualites\/#organization\"},\"image\":{\"@id\":\"https:\/\/vieassociative.be\/actualites\/alemannia-aachen-de-la-promotion-du-club-de-crise-kraft-les-derniers-mois-ont-ete-un-desastre\/#primaryimage\"},\"thumbnailUrl\":\"https:\/\/vieassociative.be\/actualites\/wp-content\/uploads\/2025\/03\/1741767424_Alemannia-Aachen-de-la-promotion-du-club-de-crise.jpg\",\"keywords\":[\"Aachen\",\"Alemannia\",\"Club\",\"Crise\",\"derniers\",\"d\u00e9sastre\",\"\u00e9t\u00e9\",\"Kraft\",\"Les\",\"mois\",\"ont\",\"promotion\"],\"articleSection\":[\"Belgique\"],\"inLanguage\":\"fr-BE\"},{\"@type\":\"WebPage\",\"@id\":\"https:\/\/vieassociative.be\/actualites\/alemannia-aachen-de-la-promotion-du-club-de-crise-kraft-les-derniers-mois-ont-ete-un-desastre\/\",\"url\":\"https:\/\/vieassociative.be\/actualites\/alemannia-aachen-de-la-promotion-du-club-de-crise-kraft-les-derniers-mois-ont-ete-un-desastre\/\",\"name\":\"Alemannia Aachen de la promotion du club de crise - Kraft: \\\"Les derniers mois ont \u00e9t\u00e9 un d\u00e9sastre\\\" | Vie Associative\",\"isPartOf\":{\"@id\":\"https:\/\/vieassociative.be\/actualites\/#website\"},\"primaryImageOfPage\":{\"@id\":\"https:\/\/vieassociative.be\/actualites\/alemannia-aachen-de-la-promotion-du-club-de-crise-kraft-les-derniers-mois-ont-ete-un-desastre\/#primaryimage\"},\"image\":{\"@id\":\"https:\/\/vieassociative.be\/actualites\/alemannia-aachen-de-la-promotion-du-club-de-crise-kraft-les-derniers-mois-ont-ete-un-desastre\/#primaryimage\"},\"thumbnailUrl\":\"https:\/\/vieassociative.be\/actualites\/wp-content\/uploads\/2025\/03\/1741767424_Alemannia-Aachen-de-la-promotion-du-club-de-crise.jpg\",\"datePublished\":\"2025-03-12T08:17:04+00:00\",\"dateModified\":\"2025-03-12T08:17:04+00:00\",\"breadcrumb\":{\"@id\":\"https:\/\/vieassociative.be\/actualites\/alemannia-aachen-de-la-promotion-du-club-de-crise-kraft-les-derniers-mois-ont-ete-un-desastre\/#breadcrumb\"},\"inLanguage\":\"fr-BE\",\"potentialAction\":[{\"@type\":\"ReadAction\",\"target\":[\"https:\/\/vieassociative.be\/actualites\/alemannia-aachen-de-la-promotion-du-club-de-crise-kraft-les-derniers-mois-ont-ete-un-desastre\/\"]}]},{\"@type\":\"ImageObject\",\"inLanguage\":\"fr-BE\",\"@id\":\"https:\/\/vieassociative.be\/actualites\/alemannia-aachen-de-la-promotion-du-club-de-crise-kraft-les-derniers-mois-ont-ete-un-desastre\/#primaryimage\",\"url\":\"https:\/\/vieassociative.be\/actualites\/wp-content\/uploads\/2025\/03\/1741767424_Alemannia-Aachen-de-la-promotion-du-club-de-crise.jpg\",\"contentUrl\":\"https:\/\/vieassociative.be\/actualites\/wp-content\/uploads\/2025\/03\/1741767424_Alemannia-Aachen-de-la-promotion-du-club-de-crise.jpg\",\"width\":2048,\"height\":946,\"caption\":\"Alemannia Aachen de la promotion du club de crise - Kraft: \\\"Les derniers mois ont \u00e9t\u00e9 un d\u00e9sastre\\\"\"},{\"@type\":\"BreadcrumbList\",\"@id\":\"https:\/\/vieassociative.be\/actualites\/alemannia-aachen-de-la-promotion-du-club-de-crise-kraft-les-derniers-mois-ont-ete-un-desastre\/#breadcrumb\",\"itemListElement\":[{\"@type\":\"ListItem\",\"position\":1,\"name\":\"Accueil\",\"item\":\"https:\/\/vieassociative.be\/actualites\/\"},{\"@type\":\"ListItem\",\"position\":2,\"name\":\"Alemannia Aachen de la promotion du club de crise &#8211; Kraft: \u00ab\u00a0Les derniers mois ont \u00e9t\u00e9 un d\u00e9sastre\u00a0\u00bb\"}]},{\"@type\":\"WebSite\",\"@id\":\"https:\/\/vieassociative.be\/actualites\/#website\",\"url\":\"https:\/\/vieassociative.be\/actualites\/\",\"name\":\"Vie Associative\",\"description\":\"\",\"publisher\":{\"@id\":\"https:\/\/vieassociative.be\/actualites\/#organization\"},\"potentialAction\":[{\"@type\":\"SearchAction\",\"target\":{\"@type\":\"EntryPoint\",\"urlTemplate\":\"https:\/\/vieassociative.be\/actualites\/?s={search_term_string}\"},\"query-input\":{\"@type\":\"PropertyValueSpecification\",\"valueRequired\":true,\"valueName\":\"search_term_string\"}}],\"inLanguage\":\"fr-BE\"},{\"@type\":\"Organization\",\"@id\":\"https:\/\/vieassociative.be\/actualites\/#organization\",\"name\":\"Vie Associative\",\"url\":\"https:\/\/vieassociative.be\/actualites\/\",\"logo\":{\"@type\":\"ImageObject\",\"inLanguage\":\"fr-BE\",\"@id\":\"https:\/\/vieassociative.be\/actualites\/#\/schema\/logo\/image\/\",\"url\":\"https:\/\/vieassociative.be\/actualites\/wp-content\/uploads\/2024\/09\/cropped-vieassociative_favicon.ico.png\",\"contentUrl\":\"https:\/\/vieassociative.be\/actualites\/wp-content\/uploads\/2024\/09\/cropped-vieassociative_favicon.ico.png\",\"width\":512,\"height\":512,\"caption\":\"Vie Associative\"},\"image\":{\"@id\":\"https:\/\/vieassociative.be\/actualites\/#\/schema\/logo\/image\/\"}},{\"@type\":\"Person\",\"@id\":\"https:\/\/vieassociative.be\/actualites\/#\/schema\/person\/b87ac4f82f9d4e7b7cec7395b679edc4\",\"name\":\"Julien\",\"image\":{\"@type\":\"ImageObject\",\"inLanguage\":\"fr-BE\",\"@id\":\"https:\/\/vieassociative.be\/actualites\/#\/schema\/person\/image\/\",\"url\":\"https:\/\/vieassociative.be\/actualites\/wp-content\/uploads\/2024\/09\/vie-associative-1-150x150.jpg\",\"contentUrl\":\"https:\/\/vieassociative.be\/actualites\/wp-content\/uploads\/2024\/09\/vie-associative-1-150x150.jpg\",\"caption\":\"Julien\"},\"description\":\"Je suis Julien, r\u00e9dacteur pour Vie Associative. Passionn\u00e9 par le monde associatif depuis plus de 10 ans, j'ai \u00e0 c\u0153ur de partager des histoires inspirantes et de mettre en lumi\u00e8re les initiatives locales. Mon objectif est de sensibiliser et d'encourager l'engagement communautaire \u00e0 travers mes articles.\",\"sameAs\":[\"https:\/\/vieassociative.be\/\"]}]}<\/script>\n<!-- \/ Yoast SEO plugin. -->","yoast_head_json":{"title":"Alemannia Aachen de la promotion du club de crise - Kraft: \"Les derniers mois ont \u00e9t\u00e9 un d\u00e9sastre\" | Vie Associative","robots":{"index":"index","follow":"follow","max-snippet":"max-snippet:-1","max-image-preview":"max-image-preview:large","max-video-preview":"max-video-preview:-1"},"canonical":"https:\/\/vieassociative.be\/actualites\/alemannia-aachen-de-la-promotion-du-club-de-crise-kraft-les-derniers-mois-ont-ete-un-desastre\/","og_locale":"fr_FR","og_type":"article","og_title":"Alemannia Aachen de la promotion du club de crise - Kraft: \"Les derniers mois ont \u00e9t\u00e9 un d\u00e9sastre\" | Vie Associative","og_description":"Pour Alemannia Aachen, la promotion de la 3e ligue n&rsquo;a pas \u00e9t\u00e9 jusqu&rsquo;\u00e0 pr\u00e9sent la fa\u00e7on dont le noir et le jaune l&rsquo;esp\u00e9raient. Mardi soir,","og_url":"https:\/\/vieassociative.be\/actualites\/alemannia-aachen-de-la-promotion-du-club-de-crise-kraft-les-derniers-mois-ont-ete-un-desastre\/","og_site_name":"Vie Associative","article_published_time":"2025-03-12T08:17:04+00:00","og_image":[{"width":279,"height":92,"url":"https:\/\/vieassociative.be\/actualites\/wp-content\/uploads\/2024\/09\/header_backgroundk-01-e1726694325946.png","type":"image\/png"}],"author":"Julien","twitter_card":"summary_large_image","twitter_misc":{"\u00c9crit par":"Julien","Dur\u00e9e de lecture est.":"6 minutes"},"schema":{"@context":"https:\/\/schema.org","@graph":[{"@type":"Article","@id":"https:\/\/vieassociative.be\/actualites\/alemannia-aachen-de-la-promotion-du-club-de-crise-kraft-les-derniers-mois-ont-ete-un-desastre\/#article","isPartOf":{"@id":"https:\/\/vieassociative.be\/actualites\/alemannia-aachen-de-la-promotion-du-club-de-crise-kraft-les-derniers-mois-ont-ete-un-desastre\/"},"author":{"name":"Julien","@id":"https:\/\/vieassociative.be\/actualites\/#\/schema\/person\/b87ac4f82f9d4e7b7cec7395b679edc4"},"headline":"Alemannia Aachen de la promotion du club de crise &#8211; Kraft: \u00ab\u00a0Les derniers mois ont \u00e9t\u00e9 un d\u00e9sastre\u00a0\u00bb","datePublished":"2025-03-12T08:17:04+00:00","dateModified":"2025-03-12T08:17:04+00:00","mainEntityOfPage":{"@id":"https:\/\/vieassociative.be\/actualites\/alemannia-aachen-de-la-promotion-du-club-de-crise-kraft-les-derniers-mois-ont-ete-un-desastre\/"},"wordCount":1376,"publisher":{"@id":"https:\/\/vieassociative.be\/actualites\/#organization"},"image":{"@id":"https:\/\/vieassociative.be\/actualites\/alemannia-aachen-de-la-promotion-du-club-de-crise-kraft-les-derniers-mois-ont-ete-un-desastre\/#primaryimage"},"thumbnailUrl":"https:\/\/vieassociative.be\/actualites\/wp-content\/uploads\/2025\/03\/1741767424_Alemannia-Aachen-de-la-promotion-du-club-de-crise.jpg","keywords":["Aachen","Alemannia","Club","Crise","derniers","d\u00e9sastre","\u00e9t\u00e9","Kraft","Les","mois","ont","promotion"],"articleSection":["Belgique"],"inLanguage":"fr-BE"},{"@type":"WebPage","@id":"https:\/\/vieassociative.be\/actualites\/alemannia-aachen-de-la-promotion-du-club-de-crise-kraft-les-derniers-mois-ont-ete-un-desastre\/","url":"https:\/\/vieassociative.be\/actualites\/alemannia-aachen-de-la-promotion-du-club-de-crise-kraft-les-derniers-mois-ont-ete-un-desastre\/","name":"Alemannia Aachen de la promotion du club de crise - Kraft: \"Les derniers mois ont \u00e9t\u00e9 un d\u00e9sastre\" | Vie Associative","isPartOf":{"@id":"https:\/\/vieassociative.be\/actualites\/#website"},"primaryImageOfPage":{"@id":"https:\/\/vieassociative.be\/actualites\/alemannia-aachen-de-la-promotion-du-club-de-crise-kraft-les-derniers-mois-ont-ete-un-desastre\/#primaryimage"},"image":{"@id":"https:\/\/vieassociative.be\/actualites\/alemannia-aachen-de-la-promotion-du-club-de-crise-kraft-les-derniers-mois-ont-ete-un-desastre\/#primaryimage"},"thumbnailUrl":"https:\/\/vieassociative.be\/actualites\/wp-content\/uploads\/2025\/03\/1741767424_Alemannia-Aachen-de-la-promotion-du-club-de-crise.jpg","datePublished":"2025-03-12T08:17:04+00:00","dateModified":"2025-03-12T08:17:04+00:00","breadcrumb":{"@id":"https:\/\/vieassociative.be\/actualites\/alemannia-aachen-de-la-promotion-du-club-de-crise-kraft-les-derniers-mois-ont-ete-un-desastre\/#breadcrumb"},"inLanguage":"fr-BE","potentialAction":[{"@type":"ReadAction","target":["https:\/\/vieassociative.be\/actualites\/alemannia-aachen-de-la-promotion-du-club-de-crise-kraft-les-derniers-mois-ont-ete-un-desastre\/"]}]},{"@type":"ImageObject","inLanguage":"fr-BE","@id":"https:\/\/vieassociative.be\/actualites\/alemannia-aachen-de-la-promotion-du-club-de-crise-kraft-les-derniers-mois-ont-ete-un-desastre\/#primaryimage","url":"https:\/\/vieassociative.be\/actualites\/wp-content\/uploads\/2025\/03\/1741767424_Alemannia-Aachen-de-la-promotion-du-club-de-crise.jpg","contentUrl":"https:\/\/vieassociative.be\/actualites\/wp-content\/uploads\/2025\/03\/1741767424_Alemannia-Aachen-de-la-promotion-du-club-de-crise.jpg","width":2048,"height":946,"caption":"Alemannia Aachen de la promotion du club de crise - Kraft: \"Les derniers mois ont \u00e9t\u00e9 un d\u00e9sastre\""},{"@type":"BreadcrumbList","@id":"https:\/\/vieassociative.be\/actualites\/alemannia-aachen-de-la-promotion-du-club-de-crise-kraft-les-derniers-mois-ont-ete-un-desastre\/#breadcrumb","itemListElement":[{"@type":"ListItem","position":1,"name":"Accueil","item":"https:\/\/vieassociative.be\/actualites\/"},{"@type":"ListItem","position":2,"name":"Alemannia Aachen de la promotion du club de crise &#8211; Kraft: \u00ab\u00a0Les derniers mois ont \u00e9t\u00e9 un d\u00e9sastre\u00a0\u00bb"}]},{"@type":"WebSite","@id":"https:\/\/vieassociative.be\/actualites\/#website","url":"https:\/\/vieassociative.be\/actualites\/","name":"Vie Associative","description":"","publisher":{"@id":"https:\/\/vieassociative.be\/actualites\/#organization"},"potentialAction":[{"@type":"SearchAction","target":{"@type":"EntryPoint","urlTemplate":"https:\/\/vieassociative.be\/actualites\/?s={search_term_string}"},"query-input":{"@type":"PropertyValueSpecification","valueRequired":true,"valueName":"search_term_string"}}],"inLanguage":"fr-BE"},{"@type":"Organization","@id":"https:\/\/vieassociative.be\/actualites\/#organization","name":"Vie Associative","url":"https:\/\/vieassociative.be\/actualites\/","logo":{"@type":"ImageObject","inLanguage":"fr-BE","@id":"https:\/\/vieassociative.be\/actualites\/#\/schema\/logo\/image\/","url":"https:\/\/vieassociative.be\/actualites\/wp-content\/uploads\/2024\/09\/cropped-vieassociative_favicon.ico.png","contentUrl":"https:\/\/vieassociative.be\/actualites\/wp-content\/uploads\/2024\/09\/cropped-vieassociative_favicon.ico.png","width":512,"height":512,"caption":"Vie Associative"},"image":{"@id":"https:\/\/vieassociative.be\/actualites\/#\/schema\/logo\/image\/"}},{"@type":"Person","@id":"https:\/\/vieassociative.be\/actualites\/#\/schema\/person\/b87ac4f82f9d4e7b7cec7395b679edc4","name":"Julien","image":{"@type":"ImageObject","inLanguage":"fr-BE","@id":"https:\/\/vieassociative.be\/actualites\/#\/schema\/person\/image\/","url":"https:\/\/vieassociative.be\/actualites\/wp-content\/uploads\/2024\/09\/vie-associative-1-150x150.jpg","contentUrl":"https:\/\/vieassociative.be\/actualites\/wp-content\/uploads\/2024\/09\/vie-associative-1-150x150.jpg","caption":"Julien"},"description":"Je suis Julien, r\u00e9dacteur pour Vie Associative. Passionn\u00e9 par le monde associatif depuis plus de 10 ans, j'ai \u00e0 c\u0153ur de partager des histoires inspirantes et de mettre en lumi\u00e8re les initiatives locales. Mon objectif est de sensibiliser et d'encourager l'engagement communautaire \u00e0 travers mes articles.","sameAs":["https:\/\/vieassociative.be\/"]}]}},"_links":{"self":[{"href":"https:\/\/vieassociative.be\/actualites\/wp-json\/wp\/v2\/posts\/5820"}],"collection":[{"href":"https:\/\/vieassociative.be\/actualites\/wp-json\/wp\/v2\/posts"}],"about":[{"href":"https:\/\/vieassociative.be\/actualites\/wp-json\/wp\/v2\/types\/post"}],"author":[{"embeddable":true,"href":"https:\/\/vieassociative.be\/actualites\/wp-json\/wp\/v2\/users\/1"}],"replies":[{"embeddable":true,"href":"https:\/\/vieassociative.be\/actualites\/wp-json\/wp\/v2\/comments?post=5820"}],"version-history":[{"count":0,"href":"https:\/\/vieassociative.be\/actualites\/wp-json\/wp\/v2\/posts\/5820\/revisions"}],"wp:featuredmedia":[{"embeddable":true,"href":"https:\/\/vieassociative.be\/actualites\/wp-json\/wp\/v2\/media\/5821"}],"wp:attachment":[{"href":"https:\/\/vieassociative.be\/actualites\/wp-json\/wp\/v2\/media?parent=5820"}],"wp:term":[{"taxonomy":"category","embeddable":true,"href":"https:\/\/vieassociative.be\/actualites\/wp-json\/wp\/v2\/categories?post=5820"},{"taxonomy":"post_tag","embeddable":true,"href":"https:\/\/vieassociative.be\/actualites\/wp-json\/wp\/v2\/tags?post=5820"}],"curies":[{"name":"wp","href":"https:\/\/api.w.org\/{rel}","templated":true}]}}