{"id":5814,"date":"2025-03-12T03:17:33","date_gmt":"2025-03-12T02:17:33","guid":{"rendered":"https:\/\/vieassociative.be\/actualites\/felicitations-vincent-bavaria-marche-leverkusen-sans-chance-munich-maintenant-contre-linter\/"},"modified":"2025-03-12T03:17:33","modified_gmt":"2025-03-12T02:17:33","slug":"felicitations-vincent-bavaria-marche-leverkusen-sans-chance-munich-maintenant-contre-linter","status":"publish","type":"post","link":"https:\/\/vieassociative.be\/actualites\/felicitations-vincent-bavaria-marche-leverkusen-sans-chance-munich-maintenant-contre-linter\/","title":{"rendered":"\u00ab\u00a0F\u00e9licitations, Vincent!\u00a0\u00bb &#8211; Bavaria marche &#8211; Leverkusen sans chance &#8211; Munich maintenant contre l&rsquo;Inter"},"content":{"rendered":"<p><strong>Presque personne ne s&rsquo;attendait \u00e0 la progression de Bavaria en Ligue des champions avec la confiance en toute confiance. Le gagnant en double Leverkusen montre clairement les limites. Ce n&rsquo;est pas suffisant sans le Wirtz bless\u00e9.<\/strong><\/p>\n<p><span id=\"more-411041\"><\/span>Apr\u00e8s l&rsquo;impressionnante manifestation du pouvoir en Ligue des champions allemande contre Bayer Leverkusen, les footballeurs du Bayern Munich ont dans\u00e9 devant la courbe des fans invit\u00e9s. Avec le 2-0 (0-0) au vainqueur du double allemand, le leader de Bundesliga a fait les quarts de finale de fa\u00e7on inattendue mardi.<\/p>\n<p>Les professionnels de Leverkusen ont coul\u00e9 au sol apr\u00e8s la deuxi\u00e8me d\u00e9faite contre le Bayern en une semaine. Sans son artiste de football bless\u00e9e Florian Wirtz, la championne allemande \u00e9tait compl\u00e8tement sans chance, comme avec le 0: 3 en premi\u00e8re \u00e9tape. Le miracle de football tant attendu n&rsquo;a pas r\u00e9ussi \u00e0 se mat\u00e9rialiser.<\/p>\n<div id=\"attachment_411047\" class=\"wp-caption alignleft\" style=\"max-width: 300px\"><img fetchpriority=\"high\" decoding=\"async\" class=\"wp-image-411047 size-medium\" src=\"https:\/\/vieassociative.be\/actualites\/wp-content\/uploads\/2025\/03\/Felicitations-Vincent-Bavaria-marche-Leverkusen-sans-chance.jpg\" alt=\"\" width=\"300\" height=\"200\"><\/p>\n<p class=\"wp-caption-text\">11.03.2025, Rhin-Westphalie du Nord, Leverkusen: Thomas M\u00fcller (R) de Munich, applaudit apr\u00e8s la victoire. Photo: Fabian Strauch \/ DPA<\/p>\n<\/div>\n<p>\u00abNous savions que nous devions \u00eatre \u00e0 un niveau sup\u00e9rieur pour les battre. Nous avons jou\u00e9 deux tr\u00e8s bons jeux. Nous devons prendre cela dans les autres jeux \u00bb, a d\u00e9clar\u00e9 le Jamal Musiala international du Bayern \u00e0 Amazon Prime.<\/p>\n<p>&#8211; Hypoth\u00e8que de la premi\u00e8re \u00e9tape trop grande: l&rsquo;hypoth\u00e8que du 0: 3 de la premi\u00e8re \u00e9tape et l&rsquo;\u00e9chec li\u00e9 \u00e0 la blessure de son meilleur joueur Wirtz a fait un signe trop lourd pour le travail de l&rsquo;entra\u00eeneur Xabi Alonso. Le buteur Harry Kane (52e minute) et Alphonso Davies (71e) ont rendu la victoire souverain de Bavi\u00e8re.<\/p>\n<p>En avril pour le Bayern sur le chemin veng\u00e9 vers le Dahoam final contre l&rsquo;Inter Milan. \u00abNous voulons tous venir en finale, mais maintenant nous avons franchi cette \u00e9tape. L&rsquo;\u00e9tape suivante est l&rsquo;Inter Milan \u00bb, a d\u00e9clar\u00e9 Musiala.<\/p>\n<p>Le duel de Saisond de cette ann\u00e9e est ainsi d\u00e9cid\u00e9 avec Leverkusen en faveur du Bayern. L&rsquo;\u00e9quipe de l&rsquo;entra\u00eeneur Vincent Kompany n&rsquo;\u00e9tait pas seulement \u00e9tonnamment claire dans le duel de la Ligue des champions allemands. Dans la ligue aussi, l&rsquo;\u00e9quipe de Munich marche avec huit points d&rsquo;avance sur Bayer lors de neuf matchs exceptionnels vers le 34e championnat.<\/p>\n<p><strong>&#8211; Inter, Bar\u00e7a et PSG:<\/strong> L&rsquo;Inter Milan a atteint en toute confiance les quarts de finale de la Ligue des champions et demande maintenant le FC Bayern Munich. Les Italiens ont pr\u00e9valu 2-1 (1: 1) contre Feyenoord Rotterdam en 16 ans.<\/p>\n<div id=\"attachment_411049\" class=\"wp-caption alignleft\" style=\"max-width: 300px\"><img decoding=\"async\" class=\"wp-image-411049 size-medium\" src=\"https:\/\/vieassociative.be\/actualites\/wp-content\/uploads\/2025\/03\/1741745853_606_Felicitations-Vincent-Bavaria-marche-Leverkusen-sans-chance.jpg\" alt=\"\" width=\"300\" height=\"200\"><\/p>\n<p class=\"wp-caption-text\">11.03.2025, Grande-Bretagne, Liverpool: le gardien de but du PSG, Gianluigi Donnarumma, a parl\u00e9 \u00e0 Liverpools Curtis Jones lors de la fusillade de p\u00e9nalit\u00e9. Photo: Dave Thompson \/ AP \/ DPA<\/p>\n<\/div>\n<p>L&rsquo;Inter avait d\u00e9j\u00e0 remport\u00e9 le premier \u00e9tage 2-0 aux Pays-Bas. Cette fois, les anciens professionnels de Bundesliga Marcus Thuram (12e minute) et Hakan Calhanoglu (51.\/foulfMeter) se sont rencontr\u00e9s pour les h\u00f4tes. Jakub Moder (42nd \/ Elfe Foul) a atteint l&rsquo;\u00e9galiseur interm\u00e9diaire de Feyenoord.<\/p>\n<p>Le Paris Saint-Germain est \u00e9galement en quart de finale de la premi\u00e8re classe apr\u00e8s un thriller nerveux. Ce n&rsquo;est qu&rsquo;avec une fusillade de 4: 1 en penalty que les Fran\u00e7ais ont finalement pr\u00e9val\u00e9 au Liverpool FC. Apr\u00e8s une saison r\u00e9guli\u00e8re et une extension, il avait repr\u00e9sent\u00e9 le PSG gr\u00e2ce \u00e0 un succ\u00e8s par l&rsquo;ex-Dortmund Ousmane Demb\u00e9l\u00e9 1: 0 (1: 0, 1: 0). Dans le trimestre-finale, le PSG rencontre Aston Villa ou FC Bruges. Aston Villa a remport\u00e9 le match aller 3: 1.<\/p>\n<p>Auparavant, le FC Barcelone avait \u00e9galement r\u00e9solu le billet avec confiance pour le prochain tour. Les Catalans ont gagn\u00e9 3: 1 (3: 1) contre Benfica Lisbonne sans beaucoup de difficult\u00e9. Le Bar\u00e7a avait d\u00e9j\u00e0 remport\u00e9 la premi\u00e8re \u00e9tape de la capitale portugaise 1-0. Raphinha (11\/42.) Et Lamine Yamal (27e minute) a marqu\u00e9 les buts pour les Catalans, qui rencontreront d\u00e9sormais le Borussia Dortmund ou la OSC Lille en quart de finale. (DPA)<\/p>\n","protected":false},"excerpt":{"rendered":"<p>Presque personne ne s&rsquo;attendait \u00e0 la progression de Bavaria en Ligue des champions avec la confiance en toute confiance. Le gagnant en double Leverkusen montre<\/p>\n","protected":false},"author":1,"featured_media":5815,"comment_status":"","ping_status":"","sticky":false,"template":"","format":"standard","meta":{"footnotes":""},"categories":[298],"tags":[5107,5810,796,5809,2822,5811,233,1523,3449,130,4513],"class_list":["post-5814","post","type-post","status-publish","format-standard","has-post-thumbnail","hentry","category-belgique","tag-bavaria","tag-chance","tag-contre","tag-felicitations","tag-leverkusen","tag-linter","tag-maintenant","tag-marche","tag-munich","tag-sans","tag-vincent","generate-columns","tablet-grid-50","mobile-grid-100","grid-parent","grid-33"],"yoast_head":"<!-- This site is optimized with the Yoast SEO plugin v24.0 - https:\/\/yoast.com\/wordpress\/plugins\/seo\/ -->\n<title>&quot;F\u00e9licitations, Vincent!&quot; - Bavaria marche - Leverkusen sans chance - Munich maintenant contre l&#039;Inter | Vie Associative<\/title>\n<meta name=\"robots\" content=\"index, follow, max-snippet:-1, max-image-preview:large, max-video-preview:-1\" \/>\n<link rel=\"canonical\" href=\"https:\/\/vieassociative.be\/actualites\/felicitations-vincent-bavaria-marche-leverkusen-sans-chance-munich-maintenant-contre-linter\/\" \/>\n<meta property=\"og:locale\" content=\"fr_FR\" \/>\n<meta property=\"og:type\" content=\"article\" \/>\n<meta property=\"og:title\" content=\"&quot;F\u00e9licitations, Vincent!&quot; - Bavaria marche - Leverkusen sans chance - Munich maintenant contre l&#039;Inter | Vie Associative\" \/>\n<meta property=\"og:description\" content=\"Presque personne ne s&rsquo;attendait \u00e0 la progression de Bavaria en Ligue des champions avec la confiance en toute confiance. Le gagnant en double Leverkusen montre\" \/>\n<meta property=\"og:url\" content=\"https:\/\/vieassociative.be\/actualites\/felicitations-vincent-bavaria-marche-leverkusen-sans-chance-munich-maintenant-contre-linter\/\" \/>\n<meta property=\"og:site_name\" content=\"Vie Associative\" \/>\n<meta property=\"article:published_time\" content=\"2025-03-12T02:17:33+00:00\" \/>\n<meta property=\"og:image\" content=\"https:\/\/vieassociative.be\/actualites\/wp-content\/uploads\/2024\/09\/header_backgroundk-01-e1726694325946.png\" \/>\n\t<meta property=\"og:image:width\" content=\"279\" \/>\n\t<meta property=\"og:image:height\" content=\"92\" \/>\n\t<meta property=\"og:image:type\" content=\"image\/png\" \/>\n<meta name=\"author\" content=\"Julien\" \/>\n<meta name=\"twitter:card\" content=\"summary_large_image\" \/>\n<meta name=\"twitter:label1\" content=\"\u00c9crit par\" \/>\n\t<meta name=\"twitter:data1\" content=\"Julien\" \/>\n\t<meta name=\"twitter:label2\" content=\"Dur\u00e9e de lecture est.\" \/>\n\t<meta name=\"twitter:data2\" content=\"3 minutes\" \/>\n<script type=\"application\/ld+json\" class=\"yoast-schema-graph\">{\"@context\":\"https:\/\/schema.org\",\"@graph\":[{\"@type\":\"Article\",\"@id\":\"https:\/\/vieassociative.be\/actualites\/felicitations-vincent-bavaria-marche-leverkusen-sans-chance-munich-maintenant-contre-linter\/#article\",\"isPartOf\":{\"@id\":\"https:\/\/vieassociative.be\/actualites\/felicitations-vincent-bavaria-marche-leverkusen-sans-chance-munich-maintenant-contre-linter\/\"},\"author\":{\"name\":\"Julien\",\"@id\":\"https:\/\/vieassociative.be\/actualites\/#\/schema\/person\/b87ac4f82f9d4e7b7cec7395b679edc4\"},\"headline\":\"\u00ab\u00a0F\u00e9licitations, Vincent!\u00a0\u00bb &#8211; Bavaria marche &#8211; Leverkusen sans chance &#8211; Munich maintenant contre l&rsquo;Inter\",\"datePublished\":\"2025-03-12T02:17:33+00:00\",\"dateModified\":\"2025-03-12T02:17:33+00:00\",\"mainEntityOfPage\":{\"@id\":\"https:\/\/vieassociative.be\/actualites\/felicitations-vincent-bavaria-marche-leverkusen-sans-chance-munich-maintenant-contre-linter\/\"},\"wordCount\":667,\"publisher\":{\"@id\":\"https:\/\/vieassociative.be\/actualites\/#organization\"},\"image\":{\"@id\":\"https:\/\/vieassociative.be\/actualites\/felicitations-vincent-bavaria-marche-leverkusen-sans-chance-munich-maintenant-contre-linter\/#primaryimage\"},\"thumbnailUrl\":\"https:\/\/vieassociative.be\/actualites\/wp-content\/uploads\/2025\/03\/1741745853_Felicitations-Vincent-Bavaria-marche-Leverkusen-sans-chance.jpg\",\"keywords\":[\"Bavaria\",\"chance\",\"contre\",\"F\u00e9licitations\",\"Leverkusen\",\"lInter\",\"maintenant\",\"march\u00e9\",\"Munich\",\"sans\",\"Vincent\"],\"articleSection\":[\"Belgique\"],\"inLanguage\":\"fr-BE\"},{\"@type\":\"WebPage\",\"@id\":\"https:\/\/vieassociative.be\/actualites\/felicitations-vincent-bavaria-marche-leverkusen-sans-chance-munich-maintenant-contre-linter\/\",\"url\":\"https:\/\/vieassociative.be\/actualites\/felicitations-vincent-bavaria-marche-leverkusen-sans-chance-munich-maintenant-contre-linter\/\",\"name\":\"\\\"F\u00e9licitations, Vincent!\\\" - Bavaria marche - Leverkusen sans chance - Munich maintenant contre l'Inter | Vie Associative\",\"isPartOf\":{\"@id\":\"https:\/\/vieassociative.be\/actualites\/#website\"},\"primaryImageOfPage\":{\"@id\":\"https:\/\/vieassociative.be\/actualites\/felicitations-vincent-bavaria-marche-leverkusen-sans-chance-munich-maintenant-contre-linter\/#primaryimage\"},\"image\":{\"@id\":\"https:\/\/vieassociative.be\/actualites\/felicitations-vincent-bavaria-marche-leverkusen-sans-chance-munich-maintenant-contre-linter\/#primaryimage\"},\"thumbnailUrl\":\"https:\/\/vieassociative.be\/actualites\/wp-content\/uploads\/2025\/03\/1741745853_Felicitations-Vincent-Bavaria-marche-Leverkusen-sans-chance.jpg\",\"datePublished\":\"2025-03-12T02:17:33+00:00\",\"dateModified\":\"2025-03-12T02:17:33+00:00\",\"breadcrumb\":{\"@id\":\"https:\/\/vieassociative.be\/actualites\/felicitations-vincent-bavaria-marche-leverkusen-sans-chance-munich-maintenant-contre-linter\/#breadcrumb\"},\"inLanguage\":\"fr-BE\",\"potentialAction\":[{\"@type\":\"ReadAction\",\"target\":[\"https:\/\/vieassociative.be\/actualites\/felicitations-vincent-bavaria-marche-leverkusen-sans-chance-munich-maintenant-contre-linter\/\"]}]},{\"@type\":\"ImageObject\",\"inLanguage\":\"fr-BE\",\"@id\":\"https:\/\/vieassociative.be\/actualites\/felicitations-vincent-bavaria-marche-leverkusen-sans-chance-munich-maintenant-contre-linter\/#primaryimage\",\"url\":\"https:\/\/vieassociative.be\/actualites\/wp-content\/uploads\/2025\/03\/1741745853_Felicitations-Vincent-Bavaria-marche-Leverkusen-sans-chance.jpg\",\"contentUrl\":\"https:\/\/vieassociative.be\/actualites\/wp-content\/uploads\/2025\/03\/1741745853_Felicitations-Vincent-Bavaria-marche-Leverkusen-sans-chance.jpg\",\"width\":1200,\"height\":800,\"caption\":\"\\\"F\u00e9licitations, Vincent!\\\" - Bavaria marche - Leverkusen sans chance - Munich maintenant contre l'Inter\"},{\"@type\":\"BreadcrumbList\",\"@id\":\"https:\/\/vieassociative.be\/actualites\/felicitations-vincent-bavaria-marche-leverkusen-sans-chance-munich-maintenant-contre-linter\/#breadcrumb\",\"itemListElement\":[{\"@type\":\"ListItem\",\"position\":1,\"name\":\"Accueil\",\"item\":\"https:\/\/vieassociative.be\/actualites\/\"},{\"@type\":\"ListItem\",\"position\":2,\"name\":\"\u00ab\u00a0F\u00e9licitations, Vincent!\u00a0\u00bb &#8211; Bavaria marche &#8211; Leverkusen sans chance &#8211; Munich maintenant contre l&rsquo;Inter\"}]},{\"@type\":\"WebSite\",\"@id\":\"https:\/\/vieassociative.be\/actualites\/#website\",\"url\":\"https:\/\/vieassociative.be\/actualites\/\",\"name\":\"Vie Associative\",\"description\":\"\",\"publisher\":{\"@id\":\"https:\/\/vieassociative.be\/actualites\/#organization\"},\"potentialAction\":[{\"@type\":\"SearchAction\",\"target\":{\"@type\":\"EntryPoint\",\"urlTemplate\":\"https:\/\/vieassociative.be\/actualites\/?s={search_term_string}\"},\"query-input\":{\"@type\":\"PropertyValueSpecification\",\"valueRequired\":true,\"valueName\":\"search_term_string\"}}],\"inLanguage\":\"fr-BE\"},{\"@type\":\"Organization\",\"@id\":\"https:\/\/vieassociative.be\/actualites\/#organization\",\"name\":\"Vie Associative\",\"url\":\"https:\/\/vieassociative.be\/actualites\/\",\"logo\":{\"@type\":\"ImageObject\",\"inLanguage\":\"fr-BE\",\"@id\":\"https:\/\/vieassociative.be\/actualites\/#\/schema\/logo\/image\/\",\"url\":\"https:\/\/vieassociative.be\/actualites\/wp-content\/uploads\/2024\/09\/cropped-vieassociative_favicon.ico.png\",\"contentUrl\":\"https:\/\/vieassociative.be\/actualites\/wp-content\/uploads\/2024\/09\/cropped-vieassociative_favicon.ico.png\",\"width\":512,\"height\":512,\"caption\":\"Vie Associative\"},\"image\":{\"@id\":\"https:\/\/vieassociative.be\/actualites\/#\/schema\/logo\/image\/\"}},{\"@type\":\"Person\",\"@id\":\"https:\/\/vieassociative.be\/actualites\/#\/schema\/person\/b87ac4f82f9d4e7b7cec7395b679edc4\",\"name\":\"Julien\",\"image\":{\"@type\":\"ImageObject\",\"inLanguage\":\"fr-BE\",\"@id\":\"https:\/\/vieassociative.be\/actualites\/#\/schema\/person\/image\/\",\"url\":\"https:\/\/vieassociative.be\/actualites\/wp-content\/uploads\/2024\/09\/vie-associative-1-150x150.jpg\",\"contentUrl\":\"https:\/\/vieassociative.be\/actualites\/wp-content\/uploads\/2024\/09\/vie-associative-1-150x150.jpg\",\"caption\":\"Julien\"},\"description\":\"Je suis Julien, r\u00e9dacteur pour Vie Associative. Passionn\u00e9 par le monde associatif depuis plus de 10 ans, j'ai \u00e0 c\u0153ur de partager des histoires inspirantes et de mettre en lumi\u00e8re les initiatives locales. Mon objectif est de sensibiliser et d'encourager l'engagement communautaire \u00e0 travers mes articles.\",\"sameAs\":[\"https:\/\/vieassociative.be\/\"]}]}<\/script>\n<!-- \/ Yoast SEO plugin. -->","yoast_head_json":{"title":"\"F\u00e9licitations, Vincent!\" - Bavaria marche - Leverkusen sans chance - Munich maintenant contre l'Inter | Vie Associative","robots":{"index":"index","follow":"follow","max-snippet":"max-snippet:-1","max-image-preview":"max-image-preview:large","max-video-preview":"max-video-preview:-1"},"canonical":"https:\/\/vieassociative.be\/actualites\/felicitations-vincent-bavaria-marche-leverkusen-sans-chance-munich-maintenant-contre-linter\/","og_locale":"fr_FR","og_type":"article","og_title":"\"F\u00e9licitations, Vincent!\" - Bavaria marche - Leverkusen sans chance - Munich maintenant contre l'Inter | Vie Associative","og_description":"Presque personne ne s&rsquo;attendait \u00e0 la progression de Bavaria en Ligue des champions avec la confiance en toute confiance. Le gagnant en double Leverkusen montre","og_url":"https:\/\/vieassociative.be\/actualites\/felicitations-vincent-bavaria-marche-leverkusen-sans-chance-munich-maintenant-contre-linter\/","og_site_name":"Vie Associative","article_published_time":"2025-03-12T02:17:33+00:00","og_image":[{"width":279,"height":92,"url":"https:\/\/vieassociative.be\/actualites\/wp-content\/uploads\/2024\/09\/header_backgroundk-01-e1726694325946.png","type":"image\/png"}],"author":"Julien","twitter_card":"summary_large_image","twitter_misc":{"\u00c9crit par":"Julien","Dur\u00e9e de lecture est.":"3 minutes"},"schema":{"@context":"https:\/\/schema.org","@graph":[{"@type":"Article","@id":"https:\/\/vieassociative.be\/actualites\/felicitations-vincent-bavaria-marche-leverkusen-sans-chance-munich-maintenant-contre-linter\/#article","isPartOf":{"@id":"https:\/\/vieassociative.be\/actualites\/felicitations-vincent-bavaria-marche-leverkusen-sans-chance-munich-maintenant-contre-linter\/"},"author":{"name":"Julien","@id":"https:\/\/vieassociative.be\/actualites\/#\/schema\/person\/b87ac4f82f9d4e7b7cec7395b679edc4"},"headline":"\u00ab\u00a0F\u00e9licitations, Vincent!\u00a0\u00bb &#8211; Bavaria marche &#8211; Leverkusen sans chance &#8211; Munich maintenant contre l&rsquo;Inter","datePublished":"2025-03-12T02:17:33+00:00","dateModified":"2025-03-12T02:17:33+00:00","mainEntityOfPage":{"@id":"https:\/\/vieassociative.be\/actualites\/felicitations-vincent-bavaria-marche-leverkusen-sans-chance-munich-maintenant-contre-linter\/"},"wordCount":667,"publisher":{"@id":"https:\/\/vieassociative.be\/actualites\/#organization"},"image":{"@id":"https:\/\/vieassociative.be\/actualites\/felicitations-vincent-bavaria-marche-leverkusen-sans-chance-munich-maintenant-contre-linter\/#primaryimage"},"thumbnailUrl":"https:\/\/vieassociative.be\/actualites\/wp-content\/uploads\/2025\/03\/1741745853_Felicitations-Vincent-Bavaria-marche-Leverkusen-sans-chance.jpg","keywords":["Bavaria","chance","contre","F\u00e9licitations","Leverkusen","lInter","maintenant","march\u00e9","Munich","sans","Vincent"],"articleSection":["Belgique"],"inLanguage":"fr-BE"},{"@type":"WebPage","@id":"https:\/\/vieassociative.be\/actualites\/felicitations-vincent-bavaria-marche-leverkusen-sans-chance-munich-maintenant-contre-linter\/","url":"https:\/\/vieassociative.be\/actualites\/felicitations-vincent-bavaria-marche-leverkusen-sans-chance-munich-maintenant-contre-linter\/","name":"\"F\u00e9licitations, Vincent!\" - Bavaria marche - Leverkusen sans chance - Munich maintenant contre l'Inter | Vie Associative","isPartOf":{"@id":"https:\/\/vieassociative.be\/actualites\/#website"},"primaryImageOfPage":{"@id":"https:\/\/vieassociative.be\/actualites\/felicitations-vincent-bavaria-marche-leverkusen-sans-chance-munich-maintenant-contre-linter\/#primaryimage"},"image":{"@id":"https:\/\/vieassociative.be\/actualites\/felicitations-vincent-bavaria-marche-leverkusen-sans-chance-munich-maintenant-contre-linter\/#primaryimage"},"thumbnailUrl":"https:\/\/vieassociative.be\/actualites\/wp-content\/uploads\/2025\/03\/1741745853_Felicitations-Vincent-Bavaria-marche-Leverkusen-sans-chance.jpg","datePublished":"2025-03-12T02:17:33+00:00","dateModified":"2025-03-12T02:17:33+00:00","breadcrumb":{"@id":"https:\/\/vieassociative.be\/actualites\/felicitations-vincent-bavaria-marche-leverkusen-sans-chance-munich-maintenant-contre-linter\/#breadcrumb"},"inLanguage":"fr-BE","potentialAction":[{"@type":"ReadAction","target":["https:\/\/vieassociative.be\/actualites\/felicitations-vincent-bavaria-marche-leverkusen-sans-chance-munich-maintenant-contre-linter\/"]}]},{"@type":"ImageObject","inLanguage":"fr-BE","@id":"https:\/\/vieassociative.be\/actualites\/felicitations-vincent-bavaria-marche-leverkusen-sans-chance-munich-maintenant-contre-linter\/#primaryimage","url":"https:\/\/vieassociative.be\/actualites\/wp-content\/uploads\/2025\/03\/1741745853_Felicitations-Vincent-Bavaria-marche-Leverkusen-sans-chance.jpg","contentUrl":"https:\/\/vieassociative.be\/actualites\/wp-content\/uploads\/2025\/03\/1741745853_Felicitations-Vincent-Bavaria-marche-Leverkusen-sans-chance.jpg","width":1200,"height":800,"caption":"\"F\u00e9licitations, Vincent!\" - Bavaria marche - Leverkusen sans chance - Munich maintenant contre l'Inter"},{"@type":"BreadcrumbList","@id":"https:\/\/vieassociative.be\/actualites\/felicitations-vincent-bavaria-marche-leverkusen-sans-chance-munich-maintenant-contre-linter\/#breadcrumb","itemListElement":[{"@type":"ListItem","position":1,"name":"Accueil","item":"https:\/\/vieassociative.be\/actualites\/"},{"@type":"ListItem","position":2,"name":"\u00ab\u00a0F\u00e9licitations, Vincent!\u00a0\u00bb &#8211; Bavaria marche &#8211; Leverkusen sans chance &#8211; Munich maintenant contre l&rsquo;Inter"}]},{"@type":"WebSite","@id":"https:\/\/vieassociative.be\/actualites\/#website","url":"https:\/\/vieassociative.be\/actualites\/","name":"Vie Associative","description":"","publisher":{"@id":"https:\/\/vieassociative.be\/actualites\/#organization"},"potentialAction":[{"@type":"SearchAction","target":{"@type":"EntryPoint","urlTemplate":"https:\/\/vieassociative.be\/actualites\/?s={search_term_string}"},"query-input":{"@type":"PropertyValueSpecification","valueRequired":true,"valueName":"search_term_string"}}],"inLanguage":"fr-BE"},{"@type":"Organization","@id":"https:\/\/vieassociative.be\/actualites\/#organization","name":"Vie Associative","url":"https:\/\/vieassociative.be\/actualites\/","logo":{"@type":"ImageObject","inLanguage":"fr-BE","@id":"https:\/\/vieassociative.be\/actualites\/#\/schema\/logo\/image\/","url":"https:\/\/vieassociative.be\/actualites\/wp-content\/uploads\/2024\/09\/cropped-vieassociative_favicon.ico.png","contentUrl":"https:\/\/vieassociative.be\/actualites\/wp-content\/uploads\/2024\/09\/cropped-vieassociative_favicon.ico.png","width":512,"height":512,"caption":"Vie Associative"},"image":{"@id":"https:\/\/vieassociative.be\/actualites\/#\/schema\/logo\/image\/"}},{"@type":"Person","@id":"https:\/\/vieassociative.be\/actualites\/#\/schema\/person\/b87ac4f82f9d4e7b7cec7395b679edc4","name":"Julien","image":{"@type":"ImageObject","inLanguage":"fr-BE","@id":"https:\/\/vieassociative.be\/actualites\/#\/schema\/person\/image\/","url":"https:\/\/vieassociative.be\/actualites\/wp-content\/uploads\/2024\/09\/vie-associative-1-150x150.jpg","contentUrl":"https:\/\/vieassociative.be\/actualites\/wp-content\/uploads\/2024\/09\/vie-associative-1-150x150.jpg","caption":"Julien"},"description":"Je suis Julien, r\u00e9dacteur pour Vie Associative. Passionn\u00e9 par le monde associatif depuis plus de 10 ans, j'ai \u00e0 c\u0153ur de partager des histoires inspirantes et de mettre en lumi\u00e8re les initiatives locales. Mon objectif est de sensibiliser et d'encourager l'engagement communautaire \u00e0 travers mes articles.","sameAs":["https:\/\/vieassociative.be\/"]}]}},"_links":{"self":[{"href":"https:\/\/vieassociative.be\/actualites\/wp-json\/wp\/v2\/posts\/5814"}],"collection":[{"href":"https:\/\/vieassociative.be\/actualites\/wp-json\/wp\/v2\/posts"}],"about":[{"href":"https:\/\/vieassociative.be\/actualites\/wp-json\/wp\/v2\/types\/post"}],"author":[{"embeddable":true,"href":"https:\/\/vieassociative.be\/actualites\/wp-json\/wp\/v2\/users\/1"}],"replies":[{"embeddable":true,"href":"https:\/\/vieassociative.be\/actualites\/wp-json\/wp\/v2\/comments?post=5814"}],"version-history":[{"count":0,"href":"https:\/\/vieassociative.be\/actualites\/wp-json\/wp\/v2\/posts\/5814\/revisions"}],"wp:featuredmedia":[{"embeddable":true,"href":"https:\/\/vieassociative.be\/actualites\/wp-json\/wp\/v2\/media\/5815"}],"wp:attachment":[{"href":"https:\/\/vieassociative.be\/actualites\/wp-json\/wp\/v2\/media?parent=5814"}],"wp:term":[{"taxonomy":"category","embeddable":true,"href":"https:\/\/vieassociative.be\/actualites\/wp-json\/wp\/v2\/categories?post=5814"},{"taxonomy":"post_tag","embeddable":true,"href":"https:\/\/vieassociative.be\/actualites\/wp-json\/wp\/v2\/tags?post=5814"}],"curies":[{"name":"wp","href":"https:\/\/api.w.org\/{rel}","templated":true}]}}