{"id":5812,"date":"2025-03-12T02:28:08","date_gmt":"2025-03-12T01:28:08","guid":{"rendered":"https:\/\/vieassociative.be\/actualites\/apple-a-publie-un-correctif-de-securite-en-reponse-a-une-attaque-extremement-sophistiquee\/"},"modified":"2025-03-12T02:28:08","modified_gmt":"2025-03-12T01:28:08","slug":"apple-a-publie-un-correctif-de-securite-en-reponse-a-une-attaque-extremement-sophistiquee","status":"publish","type":"post","link":"https:\/\/vieassociative.be\/actualites\/apple-a-publie-un-correctif-de-securite-en-reponse-a-une-attaque-extremement-sophistiquee\/","title":{"rendered":"Apple a publi\u00e9 un correctif de s\u00e9curit\u00e9 en r\u00e9ponse \u00e0 une \u00ab\u00a0 attaque extr\u00eamement sophistiqu\u00e9e \u00a0\u00bb"},"content":{"rendered":"<div class=\"mt-4 leading-6 md:mb-8\">Mettez \u00e0 jour vos appareils Apple d\u00e8s que possible.<\/div>\n<p><\/p>\n<p>Derni\u00e8res nouvelles: Apple a publi\u00e9 une autre mise \u00e0 jour de la s\u00e9curit\u00e9 et vous devriez l&rsquo;installer imm\u00e9diatement. Bien qu&rsquo;il semble qu&rsquo;il y ait <em>toujours<\/em> Une nouvelle mise \u00e0 jour pour nous, les utilisateurs d&rsquo;Apple \u00e0 installer sur nos appareils, celle-ci est un peu plus excitante que d&rsquo;habitude, ciblant ce que l&rsquo;entreprise a d\u00e9crit comme \u00ab\u00a0une attaque extr\u00eamement sophistiqu\u00e9e\u00a0\u00bb.<\/p>\n<h2 id=\"apples-latest-security-patch\">Le dernier correctif de s\u00e9curit\u00e9 d&rsquo;Apple<\/h2>\n<p>Le mardi 11 mars, Apple a abandonn\u00e9 une s\u00e9rie de mises \u00e0 jour pour ses appareils. Cela comprend iOS 18.3.2 pour les iPhones; iPados 18.3.2 pour iPads, macOS Sequoia 15.3.2 pour Mac, Safari 18.3.1, TVOS 18.3.1 et VisionOS 2.3.2 pour Apple Vision Pro.<\/p>\n<p>\u00c0 l&rsquo;exception de TVOS, qui ne contient pas de notes de publication pour le moment, toutes ces mises \u00e0 jour semblent corriger la m\u00eame vuln\u00e9rabilit\u00e9 singuli\u00e8re: \u00ab\u00a0Impact: un contenu Web \u00e9labor\u00e9 avec malveillance peut \u00eatre en mesure de sortir du contenu Web Sandbox. Il s&rsquo;agit d&rsquo;une solution suppl\u00e9mentaire pour une attaque qui a \u00e9t\u00e9 bloqu\u00e9e dans iOS 17.2. 17.2.) \u00a0\u00bb <\/p>\n<p>Il semble qu&rsquo;un probl\u00e8me d&rsquo;\u00e9criture hors limites (qui se produit lorsqu&rsquo;un programme \u00e9crit des donn\u00e9es qui ne lui appartiennent pas) ont permis aux mauvais acteurs d&rsquo;attaquer les utilisateurs ex\u00e9cutant des versions d&rsquo;iOS de plus de 17.2. La langue d&rsquo;Apple implique que ce sont des acteurs capables avec des cibles sp\u00e9cifiques, et bien qu&rsquo;Apple ne dise pas, il est possible qui implique des personnalit\u00e9s de haut niveau telles que les politiciens ou les journalistes. La soci\u00e9t\u00e9 affirme que le probl\u00e8me a \u00e9t\u00e9 bloqu\u00e9 dans iOS 17.2, mais comme il y a des utilisateurs qui ont \u00e9t\u00e9 attaqu\u00e9s en train de diriger des versions ant\u00e9rieures d&rsquo;iOS, il semble que cette mise \u00e0 jour soit n\u00e9cessaire.<\/p>\n<p>Comme pour la plupart des mises \u00e0 jour de s\u00e9curit\u00e9, nous n&rsquo;avons pas tous les d\u00e9tails ici. Des entreprises comme Apple gardent une partie de l&rsquo;histoire pour elles-m\u00eames, donc les mauvais acteurs ne savent pas exactement ce que les entreprises savent. M\u00eame si vous ex\u00e9cutez iOS 18.3.1, vous voudrez installer le dernier correctif de s\u00e9curit\u00e9 sur tous vos appareils Apple \u00e9ligibles en ce moment pour vous prot\u00e9ger.<\/p>\n<h2 id=\"security-patches-vs-software-updates\">Patchs de s\u00e9curit\u00e9 par rapport aux mises \u00e0 jour logicielles<\/h2>\n<p>Certaines plates-formes s\u00e9parent les correctifs de s\u00e9curit\u00e9 et les mises \u00e0 jour logicielles comme deux processus distincts. Pas Apple. Habituellement, l&rsquo;entreprise associe des correctifs de s\u00e9curit\u00e9 et des mises \u00e0 jour logicielles, ce qui cr\u00e9e des situations int\u00e9ressantes. Vous pouvez avoir une mise \u00e0 jour logicielle remplie de fonctionnalit\u00e9s qui est \u00e9galement pleine de correctifs de s\u00e9curit\u00e9, une mise \u00e0 jour logicielle remplie de fonctionnalit\u00e9s avec quelques (ou non) de correctifs de s\u00e9curit\u00e9, ou une mise \u00e0 jour logicielle avec quelques (ou non) de fonctionnalit\u00e9s, et n&rsquo;importe quel nombre de correctifs de s\u00e9curit\u00e9. <\/p>\n<p>C&rsquo;est cette derni\u00e8re cat\u00e9gorie sur laquelle ce post se concentrera exclusivement. Voir, de temps en temps, Apple d\u00e9couvrira une vuln\u00e9rabilit\u00e9 de s\u00e9curit\u00e9 critique sur ses plateformes. Ce n&rsquo;est pas n\u00e9cessairement la faute d&rsquo;Apple: le logiciel contient intrins\u00e8quement des vuln\u00e9rabilit\u00e9s de s\u00e9curit\u00e9, et l&rsquo;objectif est de les d\u00e9couvrir avant que les mauvais acteurs ne le fassent. Cependant, chaque fois que ces d\u00e9fauts de s\u00e9curit\u00e9 se r\u00e9v\u00e8lent, il est imp\u00e9ratif de les pousser aux utilisateurs aussi rapidement que possible, surtout si ce d\u00e9faut a d\u00e9j\u00e0 \u00e9t\u00e9 utilis\u00e9 par de mauvais acteurs.<\/p>\n<p>Ce sont les moments o\u00f9 vous voyez des mises \u00e0 jour logicielles sur votre iPhone ou Mac qui ressemblent \u00e0 une cha\u00eene de nombres \u00e9trangement longue &#8211; IOS 18.3.2, par exemple. iOS 18 est la grande mise \u00e0 jour, avec toutes les fonctionnalit\u00e9s d&rsquo;ouverture; 0.3 est la mise \u00e0 jour mineure, qui est livr\u00e9e avec de nouvelles fonctionnalit\u00e9s; Et bien qu&rsquo;il soit possible qu&rsquo;une mise \u00e0 jour de 0.0.2 puisse \u00eatre livr\u00e9e avec de nouvelles fonctionnalit\u00e9s, elle indique g\u00e9n\u00e9ralement des correctifs de s\u00e9curit\u00e9 et des corrections de bogues. <\/p>\n<p>Il y a une exception \u00e0 cette r\u00e8gle: les r\u00e9ponses rapides d&rsquo;Apple. Ces <em>sont<\/em> Des correctifs strictement de s\u00e9curit\u00e9 &#8211; pas des mises \u00e0 jour de fonctionnalit\u00e9s &#8211; et sont d\u00e9ploy\u00e9s lorsqu&rsquo;il est absolument essentiel de corriger un d\u00e9faut de s\u00e9curit\u00e9 sur les appareils des clients. Vous saurez quand l&rsquo;un d&rsquo;eux frappe votre appareil, car il dit non seulement la \u00abr\u00e9ponse de s\u00e9curit\u00e9\u00bb, mais comprend \u00e9galement un (a) pour indiquer que ce n&rsquo;est pas une mise \u00e0 jour standard.<\/p>\n<p>Ce n&rsquo;est pas une r\u00e9ponse de s\u00e9curit\u00e9, cependant: il s&rsquo;agit d&rsquo;une mise \u00e0 jour, qui se trouve \u00eatre un correctif de s\u00e9curit\u00e9. Je sais &#8211; pas du tout d\u00e9routant.<\/p>\n<h2 id=\"how-to-install-a-security-patch-on-your-apple-device\">Comment installer un correctif de s\u00e9curit\u00e9 sur votre appareil Apple<\/h2>\n<p>Encore une fois, les correctifs de s\u00e9curit\u00e9 comme 18.3.2 ne sont que des mises \u00e0 jour logicielles. En tant que tel, vous pouvez installer ces correctifs comme vous le feriez pour n&rsquo;importe quelle autre mise \u00e0 jour Apple. Sur la plupart des appareils Apple, vous pouvez vous diriger vers <strong>Param\u00e8tres (param\u00e8tres syst\u00e8me pour macOS)> G\u00e9n\u00e9ral> Mise \u00e0 jour logicielle<\/strong>Suivez ensuite les instructions \u00e0 l&rsquo;\u00e9cran pour t\u00e9l\u00e9charger et installer la derni\u00e8re mise \u00e0 jour.<\/p>\n","protected":false},"excerpt":{"rendered":"<p>Mettez \u00e0 jour vos appareils Apple d\u00e8s que possible. Derni\u00e8res nouvelles: Apple a publi\u00e9 une autre mise \u00e0 jour de la s\u00e9curit\u00e9 et vous devriez<\/p>\n","protected":false},"author":1,"featured_media":5813,"comment_status":"","ping_status":"","sticky":false,"template":"","format":"standard","meta":{"footnotes":""},"categories":[13],"tags":[54,4163,894,3890,5807,135,151,5808,110],"class_list":["post-5812","post","type-post","status-publish","format-standard","has-post-thumbnail","hentry","category-technologie","tag-apple","tag-attaque","tag-correctif","tag-extremement","tag-publie","tag-reponse","tag-securite","tag-sophistiquee","tag-une","generate-columns","tablet-grid-50","mobile-grid-100","grid-parent","grid-33"],"yoast_head":"<!-- This site is optimized with the Yoast SEO plugin v24.0 - https:\/\/yoast.com\/wordpress\/plugins\/seo\/ -->\n<title>Apple a publi\u00e9 un correctif de s\u00e9curit\u00e9 en r\u00e9ponse \u00e0 une `` attaque extr\u00eamement sophistiqu\u00e9e &#039;&#039; | Vie Associative<\/title>\n<meta name=\"robots\" content=\"index, follow, max-snippet:-1, max-image-preview:large, max-video-preview:-1\" \/>\n<link rel=\"canonical\" href=\"https:\/\/vieassociative.be\/actualites\/apple-a-publie-un-correctif-de-securite-en-reponse-a-une-attaque-extremement-sophistiquee\/\" \/>\n<meta property=\"og:locale\" content=\"fr_FR\" \/>\n<meta property=\"og:type\" content=\"article\" \/>\n<meta property=\"og:title\" content=\"Apple a publi\u00e9 un correctif de s\u00e9curit\u00e9 en r\u00e9ponse \u00e0 une `` attaque extr\u00eamement sophistiqu\u00e9e &#039;&#039; | Vie Associative\" \/>\n<meta property=\"og:description\" content=\"Mettez \u00e0 jour vos appareils Apple d\u00e8s que possible. Derni\u00e8res nouvelles: Apple a publi\u00e9 une autre mise \u00e0 jour de la s\u00e9curit\u00e9 et vous devriez\" \/>\n<meta property=\"og:url\" content=\"https:\/\/vieassociative.be\/actualites\/apple-a-publie-un-correctif-de-securite-en-reponse-a-une-attaque-extremement-sophistiquee\/\" \/>\n<meta property=\"og:site_name\" content=\"Vie Associative\" \/>\n<meta property=\"article:published_time\" content=\"2025-03-12T01:28:08+00:00\" \/>\n<meta property=\"og:image\" content=\"https:\/\/vieassociative.be\/actualites\/wp-content\/uploads\/2024\/09\/header_backgroundk-01-e1726694325946.png\" \/>\n\t<meta property=\"og:image:width\" content=\"279\" \/>\n\t<meta property=\"og:image:height\" content=\"92\" \/>\n\t<meta property=\"og:image:type\" content=\"image\/png\" \/>\n<meta name=\"author\" content=\"Julien\" \/>\n<meta name=\"twitter:card\" content=\"summary_large_image\" \/>\n<meta name=\"twitter:label1\" content=\"\u00c9crit par\" \/>\n\t<meta name=\"twitter:data1\" content=\"Julien\" \/>\n\t<meta name=\"twitter:label2\" content=\"Dur\u00e9e de lecture est.\" \/>\n\t<meta name=\"twitter:data2\" content=\"4 minutes\" \/>\n<script type=\"application\/ld+json\" class=\"yoast-schema-graph\">{\"@context\":\"https:\/\/schema.org\",\"@graph\":[{\"@type\":\"Article\",\"@id\":\"https:\/\/vieassociative.be\/actualites\/apple-a-publie-un-correctif-de-securite-en-reponse-a-une-attaque-extremement-sophistiquee\/#article\",\"isPartOf\":{\"@id\":\"https:\/\/vieassociative.be\/actualites\/apple-a-publie-un-correctif-de-securite-en-reponse-a-une-attaque-extremement-sophistiquee\/\"},\"author\":{\"name\":\"Julien\",\"@id\":\"https:\/\/vieassociative.be\/actualites\/#\/schema\/person\/b87ac4f82f9d4e7b7cec7395b679edc4\"},\"headline\":\"Apple a publi\u00e9 un correctif de s\u00e9curit\u00e9 en r\u00e9ponse \u00e0 une \u00ab\u00a0 attaque extr\u00eamement sophistiqu\u00e9e \u00a0\u00bb\",\"datePublished\":\"2025-03-12T01:28:08+00:00\",\"dateModified\":\"2025-03-12T01:28:08+00:00\",\"mainEntityOfPage\":{\"@id\":\"https:\/\/vieassociative.be\/actualites\/apple-a-publie-un-correctif-de-securite-en-reponse-a-une-attaque-extremement-sophistiquee\/\"},\"wordCount\":931,\"publisher\":{\"@id\":\"https:\/\/vieassociative.be\/actualites\/#organization\"},\"image\":{\"@id\":\"https:\/\/vieassociative.be\/actualites\/apple-a-publie-un-correctif-de-securite-en-reponse-a-une-attaque-extremement-sophistiquee\/#primaryimage\"},\"thumbnailUrl\":\"https:\/\/vieassociative.be\/actualites\/wp-content\/uploads\/2025\/03\/Apple-a-publie-un-correctif-de-securite-en-reponse-a.jpg\",\"keywords\":[\"Apple\",\"Attaque\",\"correctif\",\"extr\u00eamement\",\"publi\u00e9\",\"r\u00e9ponse\",\"s\u00e9curit\u00e9\",\"sophistiqu\u00e9e\",\"une\"],\"articleSection\":[\"Technologie\"],\"inLanguage\":\"fr-BE\"},{\"@type\":\"WebPage\",\"@id\":\"https:\/\/vieassociative.be\/actualites\/apple-a-publie-un-correctif-de-securite-en-reponse-a-une-attaque-extremement-sophistiquee\/\",\"url\":\"https:\/\/vieassociative.be\/actualites\/apple-a-publie-un-correctif-de-securite-en-reponse-a-une-attaque-extremement-sophistiquee\/\",\"name\":\"Apple a publi\u00e9 un correctif de s\u00e9curit\u00e9 en r\u00e9ponse \u00e0 une `` attaque extr\u00eamement sophistiqu\u00e9e '' | Vie Associative\",\"isPartOf\":{\"@id\":\"https:\/\/vieassociative.be\/actualites\/#website\"},\"primaryImageOfPage\":{\"@id\":\"https:\/\/vieassociative.be\/actualites\/apple-a-publie-un-correctif-de-securite-en-reponse-a-une-attaque-extremement-sophistiquee\/#primaryimage\"},\"image\":{\"@id\":\"https:\/\/vieassociative.be\/actualites\/apple-a-publie-un-correctif-de-securite-en-reponse-a-une-attaque-extremement-sophistiquee\/#primaryimage\"},\"thumbnailUrl\":\"https:\/\/vieassociative.be\/actualites\/wp-content\/uploads\/2025\/03\/Apple-a-publie-un-correctif-de-securite-en-reponse-a.jpg\",\"datePublished\":\"2025-03-12T01:28:08+00:00\",\"dateModified\":\"2025-03-12T01:28:08+00:00\",\"breadcrumb\":{\"@id\":\"https:\/\/vieassociative.be\/actualites\/apple-a-publie-un-correctif-de-securite-en-reponse-a-une-attaque-extremement-sophistiquee\/#breadcrumb\"},\"inLanguage\":\"fr-BE\",\"potentialAction\":[{\"@type\":\"ReadAction\",\"target\":[\"https:\/\/vieassociative.be\/actualites\/apple-a-publie-un-correctif-de-securite-en-reponse-a-une-attaque-extremement-sophistiquee\/\"]}]},{\"@type\":\"ImageObject\",\"inLanguage\":\"fr-BE\",\"@id\":\"https:\/\/vieassociative.be\/actualites\/apple-a-publie-un-correctif-de-securite-en-reponse-a-une-attaque-extremement-sophistiquee\/#primaryimage\",\"url\":\"https:\/\/vieassociative.be\/actualites\/wp-content\/uploads\/2025\/03\/Apple-a-publie-un-correctif-de-securite-en-reponse-a.jpg\",\"contentUrl\":\"https:\/\/vieassociative.be\/actualites\/wp-content\/uploads\/2025\/03\/Apple-a-publie-un-correctif-de-securite-en-reponse-a.jpg\",\"width\":1200,\"height\":675,\"caption\":\"Apple a publi\u00e9 un correctif de s\u00e9curit\u00e9 en r\u00e9ponse \u00e0 une `` attaque extr\u00eamement sophistiqu\u00e9e ''\"},{\"@type\":\"BreadcrumbList\",\"@id\":\"https:\/\/vieassociative.be\/actualites\/apple-a-publie-un-correctif-de-securite-en-reponse-a-une-attaque-extremement-sophistiquee\/#breadcrumb\",\"itemListElement\":[{\"@type\":\"ListItem\",\"position\":1,\"name\":\"Accueil\",\"item\":\"https:\/\/vieassociative.be\/actualites\/\"},{\"@type\":\"ListItem\",\"position\":2,\"name\":\"Apple a publi\u00e9 un correctif de s\u00e9curit\u00e9 en r\u00e9ponse \u00e0 une \u00ab\u00a0 attaque extr\u00eamement sophistiqu\u00e9e \u00a0\u00bb\"}]},{\"@type\":\"WebSite\",\"@id\":\"https:\/\/vieassociative.be\/actualites\/#website\",\"url\":\"https:\/\/vieassociative.be\/actualites\/\",\"name\":\"Vie Associative\",\"description\":\"\",\"publisher\":{\"@id\":\"https:\/\/vieassociative.be\/actualites\/#organization\"},\"potentialAction\":[{\"@type\":\"SearchAction\",\"target\":{\"@type\":\"EntryPoint\",\"urlTemplate\":\"https:\/\/vieassociative.be\/actualites\/?s={search_term_string}\"},\"query-input\":{\"@type\":\"PropertyValueSpecification\",\"valueRequired\":true,\"valueName\":\"search_term_string\"}}],\"inLanguage\":\"fr-BE\"},{\"@type\":\"Organization\",\"@id\":\"https:\/\/vieassociative.be\/actualites\/#organization\",\"name\":\"Vie Associative\",\"url\":\"https:\/\/vieassociative.be\/actualites\/\",\"logo\":{\"@type\":\"ImageObject\",\"inLanguage\":\"fr-BE\",\"@id\":\"https:\/\/vieassociative.be\/actualites\/#\/schema\/logo\/image\/\",\"url\":\"https:\/\/vieassociative.be\/actualites\/wp-content\/uploads\/2024\/09\/cropped-vieassociative_favicon.ico.png\",\"contentUrl\":\"https:\/\/vieassociative.be\/actualites\/wp-content\/uploads\/2024\/09\/cropped-vieassociative_favicon.ico.png\",\"width\":512,\"height\":512,\"caption\":\"Vie Associative\"},\"image\":{\"@id\":\"https:\/\/vieassociative.be\/actualites\/#\/schema\/logo\/image\/\"}},{\"@type\":\"Person\",\"@id\":\"https:\/\/vieassociative.be\/actualites\/#\/schema\/person\/b87ac4f82f9d4e7b7cec7395b679edc4\",\"name\":\"Julien\",\"image\":{\"@type\":\"ImageObject\",\"inLanguage\":\"fr-BE\",\"@id\":\"https:\/\/vieassociative.be\/actualites\/#\/schema\/person\/image\/\",\"url\":\"https:\/\/vieassociative.be\/actualites\/wp-content\/uploads\/2024\/09\/vie-associative-1-150x150.jpg\",\"contentUrl\":\"https:\/\/vieassociative.be\/actualites\/wp-content\/uploads\/2024\/09\/vie-associative-1-150x150.jpg\",\"caption\":\"Julien\"},\"description\":\"Je suis Julien, r\u00e9dacteur pour Vie Associative. Passionn\u00e9 par le monde associatif depuis plus de 10 ans, j'ai \u00e0 c\u0153ur de partager des histoires inspirantes et de mettre en lumi\u00e8re les initiatives locales. Mon objectif est de sensibiliser et d'encourager l'engagement communautaire \u00e0 travers mes articles.\",\"sameAs\":[\"https:\/\/vieassociative.be\/\"]}]}<\/script>\n<!-- \/ Yoast SEO plugin. -->","yoast_head_json":{"title":"Apple a publi\u00e9 un correctif de s\u00e9curit\u00e9 en r\u00e9ponse \u00e0 une `` attaque extr\u00eamement sophistiqu\u00e9e '' | Vie Associative","robots":{"index":"index","follow":"follow","max-snippet":"max-snippet:-1","max-image-preview":"max-image-preview:large","max-video-preview":"max-video-preview:-1"},"canonical":"https:\/\/vieassociative.be\/actualites\/apple-a-publie-un-correctif-de-securite-en-reponse-a-une-attaque-extremement-sophistiquee\/","og_locale":"fr_FR","og_type":"article","og_title":"Apple a publi\u00e9 un correctif de s\u00e9curit\u00e9 en r\u00e9ponse \u00e0 une `` attaque extr\u00eamement sophistiqu\u00e9e '' | Vie Associative","og_description":"Mettez \u00e0 jour vos appareils Apple d\u00e8s que possible. Derni\u00e8res nouvelles: Apple a publi\u00e9 une autre mise \u00e0 jour de la s\u00e9curit\u00e9 et vous devriez","og_url":"https:\/\/vieassociative.be\/actualites\/apple-a-publie-un-correctif-de-securite-en-reponse-a-une-attaque-extremement-sophistiquee\/","og_site_name":"Vie Associative","article_published_time":"2025-03-12T01:28:08+00:00","og_image":[{"width":279,"height":92,"url":"https:\/\/vieassociative.be\/actualites\/wp-content\/uploads\/2024\/09\/header_backgroundk-01-e1726694325946.png","type":"image\/png"}],"author":"Julien","twitter_card":"summary_large_image","twitter_misc":{"\u00c9crit par":"Julien","Dur\u00e9e de lecture est.":"4 minutes"},"schema":{"@context":"https:\/\/schema.org","@graph":[{"@type":"Article","@id":"https:\/\/vieassociative.be\/actualites\/apple-a-publie-un-correctif-de-securite-en-reponse-a-une-attaque-extremement-sophistiquee\/#article","isPartOf":{"@id":"https:\/\/vieassociative.be\/actualites\/apple-a-publie-un-correctif-de-securite-en-reponse-a-une-attaque-extremement-sophistiquee\/"},"author":{"name":"Julien","@id":"https:\/\/vieassociative.be\/actualites\/#\/schema\/person\/b87ac4f82f9d4e7b7cec7395b679edc4"},"headline":"Apple a publi\u00e9 un correctif de s\u00e9curit\u00e9 en r\u00e9ponse \u00e0 une \u00ab\u00a0 attaque extr\u00eamement sophistiqu\u00e9e \u00a0\u00bb","datePublished":"2025-03-12T01:28:08+00:00","dateModified":"2025-03-12T01:28:08+00:00","mainEntityOfPage":{"@id":"https:\/\/vieassociative.be\/actualites\/apple-a-publie-un-correctif-de-securite-en-reponse-a-une-attaque-extremement-sophistiquee\/"},"wordCount":931,"publisher":{"@id":"https:\/\/vieassociative.be\/actualites\/#organization"},"image":{"@id":"https:\/\/vieassociative.be\/actualites\/apple-a-publie-un-correctif-de-securite-en-reponse-a-une-attaque-extremement-sophistiquee\/#primaryimage"},"thumbnailUrl":"https:\/\/vieassociative.be\/actualites\/wp-content\/uploads\/2025\/03\/Apple-a-publie-un-correctif-de-securite-en-reponse-a.jpg","keywords":["Apple","Attaque","correctif","extr\u00eamement","publi\u00e9","r\u00e9ponse","s\u00e9curit\u00e9","sophistiqu\u00e9e","une"],"articleSection":["Technologie"],"inLanguage":"fr-BE"},{"@type":"WebPage","@id":"https:\/\/vieassociative.be\/actualites\/apple-a-publie-un-correctif-de-securite-en-reponse-a-une-attaque-extremement-sophistiquee\/","url":"https:\/\/vieassociative.be\/actualites\/apple-a-publie-un-correctif-de-securite-en-reponse-a-une-attaque-extremement-sophistiquee\/","name":"Apple a publi\u00e9 un correctif de s\u00e9curit\u00e9 en r\u00e9ponse \u00e0 une `` attaque extr\u00eamement sophistiqu\u00e9e '' | Vie Associative","isPartOf":{"@id":"https:\/\/vieassociative.be\/actualites\/#website"},"primaryImageOfPage":{"@id":"https:\/\/vieassociative.be\/actualites\/apple-a-publie-un-correctif-de-securite-en-reponse-a-une-attaque-extremement-sophistiquee\/#primaryimage"},"image":{"@id":"https:\/\/vieassociative.be\/actualites\/apple-a-publie-un-correctif-de-securite-en-reponse-a-une-attaque-extremement-sophistiquee\/#primaryimage"},"thumbnailUrl":"https:\/\/vieassociative.be\/actualites\/wp-content\/uploads\/2025\/03\/Apple-a-publie-un-correctif-de-securite-en-reponse-a.jpg","datePublished":"2025-03-12T01:28:08+00:00","dateModified":"2025-03-12T01:28:08+00:00","breadcrumb":{"@id":"https:\/\/vieassociative.be\/actualites\/apple-a-publie-un-correctif-de-securite-en-reponse-a-une-attaque-extremement-sophistiquee\/#breadcrumb"},"inLanguage":"fr-BE","potentialAction":[{"@type":"ReadAction","target":["https:\/\/vieassociative.be\/actualites\/apple-a-publie-un-correctif-de-securite-en-reponse-a-une-attaque-extremement-sophistiquee\/"]}]},{"@type":"ImageObject","inLanguage":"fr-BE","@id":"https:\/\/vieassociative.be\/actualites\/apple-a-publie-un-correctif-de-securite-en-reponse-a-une-attaque-extremement-sophistiquee\/#primaryimage","url":"https:\/\/vieassociative.be\/actualites\/wp-content\/uploads\/2025\/03\/Apple-a-publie-un-correctif-de-securite-en-reponse-a.jpg","contentUrl":"https:\/\/vieassociative.be\/actualites\/wp-content\/uploads\/2025\/03\/Apple-a-publie-un-correctif-de-securite-en-reponse-a.jpg","width":1200,"height":675,"caption":"Apple a publi\u00e9 un correctif de s\u00e9curit\u00e9 en r\u00e9ponse \u00e0 une `` attaque extr\u00eamement sophistiqu\u00e9e ''"},{"@type":"BreadcrumbList","@id":"https:\/\/vieassociative.be\/actualites\/apple-a-publie-un-correctif-de-securite-en-reponse-a-une-attaque-extremement-sophistiquee\/#breadcrumb","itemListElement":[{"@type":"ListItem","position":1,"name":"Accueil","item":"https:\/\/vieassociative.be\/actualites\/"},{"@type":"ListItem","position":2,"name":"Apple a publi\u00e9 un correctif de s\u00e9curit\u00e9 en r\u00e9ponse \u00e0 une \u00ab\u00a0 attaque extr\u00eamement sophistiqu\u00e9e \u00a0\u00bb"}]},{"@type":"WebSite","@id":"https:\/\/vieassociative.be\/actualites\/#website","url":"https:\/\/vieassociative.be\/actualites\/","name":"Vie Associative","description":"","publisher":{"@id":"https:\/\/vieassociative.be\/actualites\/#organization"},"potentialAction":[{"@type":"SearchAction","target":{"@type":"EntryPoint","urlTemplate":"https:\/\/vieassociative.be\/actualites\/?s={search_term_string}"},"query-input":{"@type":"PropertyValueSpecification","valueRequired":true,"valueName":"search_term_string"}}],"inLanguage":"fr-BE"},{"@type":"Organization","@id":"https:\/\/vieassociative.be\/actualites\/#organization","name":"Vie Associative","url":"https:\/\/vieassociative.be\/actualites\/","logo":{"@type":"ImageObject","inLanguage":"fr-BE","@id":"https:\/\/vieassociative.be\/actualites\/#\/schema\/logo\/image\/","url":"https:\/\/vieassociative.be\/actualites\/wp-content\/uploads\/2024\/09\/cropped-vieassociative_favicon.ico.png","contentUrl":"https:\/\/vieassociative.be\/actualites\/wp-content\/uploads\/2024\/09\/cropped-vieassociative_favicon.ico.png","width":512,"height":512,"caption":"Vie Associative"},"image":{"@id":"https:\/\/vieassociative.be\/actualites\/#\/schema\/logo\/image\/"}},{"@type":"Person","@id":"https:\/\/vieassociative.be\/actualites\/#\/schema\/person\/b87ac4f82f9d4e7b7cec7395b679edc4","name":"Julien","image":{"@type":"ImageObject","inLanguage":"fr-BE","@id":"https:\/\/vieassociative.be\/actualites\/#\/schema\/person\/image\/","url":"https:\/\/vieassociative.be\/actualites\/wp-content\/uploads\/2024\/09\/vie-associative-1-150x150.jpg","contentUrl":"https:\/\/vieassociative.be\/actualites\/wp-content\/uploads\/2024\/09\/vie-associative-1-150x150.jpg","caption":"Julien"},"description":"Je suis Julien, r\u00e9dacteur pour Vie Associative. Passionn\u00e9 par le monde associatif depuis plus de 10 ans, j'ai \u00e0 c\u0153ur de partager des histoires inspirantes et de mettre en lumi\u00e8re les initiatives locales. Mon objectif est de sensibiliser et d'encourager l'engagement communautaire \u00e0 travers mes articles.","sameAs":["https:\/\/vieassociative.be\/"]}]}},"_links":{"self":[{"href":"https:\/\/vieassociative.be\/actualites\/wp-json\/wp\/v2\/posts\/5812"}],"collection":[{"href":"https:\/\/vieassociative.be\/actualites\/wp-json\/wp\/v2\/posts"}],"about":[{"href":"https:\/\/vieassociative.be\/actualites\/wp-json\/wp\/v2\/types\/post"}],"author":[{"embeddable":true,"href":"https:\/\/vieassociative.be\/actualites\/wp-json\/wp\/v2\/users\/1"}],"replies":[{"embeddable":true,"href":"https:\/\/vieassociative.be\/actualites\/wp-json\/wp\/v2\/comments?post=5812"}],"version-history":[{"count":0,"href":"https:\/\/vieassociative.be\/actualites\/wp-json\/wp\/v2\/posts\/5812\/revisions"}],"wp:featuredmedia":[{"embeddable":true,"href":"https:\/\/vieassociative.be\/actualites\/wp-json\/wp\/v2\/media\/5813"}],"wp:attachment":[{"href":"https:\/\/vieassociative.be\/actualites\/wp-json\/wp\/v2\/media?parent=5812"}],"wp:term":[{"taxonomy":"category","embeddable":true,"href":"https:\/\/vieassociative.be\/actualites\/wp-json\/wp\/v2\/categories?post=5812"},{"taxonomy":"post_tag","embeddable":true,"href":"https:\/\/vieassociative.be\/actualites\/wp-json\/wp\/v2\/tags?post=5812"}],"curies":[{"name":"wp","href":"https:\/\/api.w.org\/{rel}","templated":true}]}}