{"id":5810,"date":"2025-03-12T01:18:07","date_gmt":"2025-03-12T00:18:07","guid":{"rendered":"https:\/\/vieassociative.be\/actualites\/le-nouvel-ipad-et-lipad-air-sont-deja-reduits-avant-leur-sortie-2\/"},"modified":"2025-03-12T01:18:07","modified_gmt":"2025-03-12T00:18:07","slug":"le-nouvel-ipad-et-lipad-air-sont-deja-reduits-avant-leur-sortie-2","status":"publish","type":"post","link":"https:\/\/vieassociative.be\/actualites\/le-nouvel-ipad-et-lipad-air-sont-deja-reduits-avant-leur-sortie-2\/","title":{"rendered":"Le nouvel iPad et l&rsquo;iPad Air sont d\u00e9j\u00e0 r\u00e9duits avant leur sortie"},"content":{"rendered":"<div class=\"mt-4 leading-6 md:mb-8\">Les nouveaux iPads sont excellents, mais la derni\u00e8re g\u00e9n\u00e9ration d&rsquo;iPads pourrait \u00eatre la meilleure affaire.<\/div>\n<p><\/p>\n<p>Demain Apple publiera de nouveaux MacBooks et iPads, c&rsquo;est pourquoi vous voyez des r\u00e9ductions sur les plus anciens MacBooks et iPads. Il y a deux iPads qui sont sortis demain, l&rsquo;iPad Air M3, que vous pouvez pr\u00e9commander d\u00e8s maintenant pour <strong>559 $<\/strong> (\u00e0 l&rsquo;origine 599 $) pour la version de 11 pouces, ou l&rsquo;iPad de 11e g\u00e9n\u00e9ration pour <strong>329 $<\/strong> (\u00e0 l&rsquo;origine 349 $) pour la version de 11 pouces, ou <strong>749 $<\/strong> (\u00e0 l&rsquo;origine 799 $) pour la plus grande version de 13 pouces. Impressionnant par rapport aux normes d&rsquo;Apple \u00e9tant donn\u00e9 qu&rsquo;ils ne sont m\u00eame pas encore sortis. Cependant, cela pourrait \u00eatre d\u00fb au fait que les versions plus anciennes <em>pourrait<\/em> \u00eatre une meilleure affaire pour vous.<\/p>\n<div class=\"shadow-b-2 mb-12 mt-10 rounded-md border-2 border-(#F0F0F0) px-6 py-2 shadow-lg md:px-12\" role=\"region\" aria-label=\"Products List\" x-data=\"{ showMore: false }\">\n<div class=\"flex w-full gap-x-5\">\n<div class=\"flex w-full flex-col flex-nowrap justify-center gap-2 text-black no-underline md:order-2 md:gap-y-6\">\n<div class=\"flex flex-col justify-between gap-y-2 md:w-full md:gap-y-1\">\n<div class=\"block font-sans text-xs font-semibold capitalize leading-3 text-gray-900 md:leading-4\">Marque: Apple, Nom du mod\u00e8le: iPad, Capacit\u00e9 de stockage de la m\u00e9moire: 128 Go, taille de l&rsquo;\u00e9cran: 11 pouces.<\/div>\n<div class=\"block w-fit cursor-pointer font-akshar text-lg font-medium leading-5 text-brand-green duration-200 ease-in-out hover:text-brand-green-700 md:text-xl md:leading-6\">\n<p>                            Apple iPad 11 pouces (puce A16)\n                        <\/p><\/div>\n<\/p><\/div>\n<div class=\"hidden md:flex md:justify-between md:gap-x-4\">\n<div class=\"w-full mb-0 md:flex md:flex-col md:justify-center font-sans leading-4 text-black\">\n<div class=\"flex flex-wrap items-center justify-center gap-x-1 md:justify-start\">\n        <span class=\"font-bold\"><\/p>\n<p>            329,00 $<br \/>\n                            <span class=\"font-medium\">\u00e0 Amazon<\/span><br \/>\n                    <\/span><br \/>\n                    <img decoding=\"async\" class=\"mt-0 h-(15px)\" src=\"https:\/\/vieassociative.be\/actualites\/wp-content\/uploads\/2025\/03\/1741738687_627_Le-nouvel-iPad-et-liPad-Air-sont-deja-reduits-avant.svg.svg+xml\" title=\"Amazon Prime\" alt=\"Amazon Prime\">\n            <\/div>\n<div class=\"flex items-center justify-center gap-x-1 font-bold md:justify-start\">\n            <span class=\"text-sm line-through\">349,00 $<\/span><br \/>\n            <span class=\"text-sm text-brand-green\">\u00c9conomisez 20,00 $<\/span>\n        <\/div>\n<\/p><\/div>\n<p>                            <button class=\"flex justify-center items-center w-full bg-brand-green text-white text-base font-sans font-medium rounded-md hover:bg-brand-green-700 hover:cursor-pointer md:text-sm hidden self-end h-12 max-w-(10rem) duration-200 ease-in-out hover:bg-brand-green-700 md:flex md:h-10\"><\/p>\n<p>    Pr\u00e9commande ici<br \/>\n<\/button>\n                        <\/div>\n<\/p><\/div>\n<div class=\"flex aspect-video h-(90px) shrink-0 items-center justify-center self-center md:order-1\">\n                        <img decoding=\"async\" class=\"m-0 max-h-full max-w-full rounded-md\" src=\"https:\/\/vieassociative.be\/actualites\/wp-content\/uploads\/2025\/03\/1741738687_261_Le-nouvel-iPad-et-liPad-Air-sont-deja-reduits-avant.jpg\" alt=\"IPad Apple 11\" a16 chip wi-fi retina tablet release width=\"auto\" height=\"auto\" loading=\"lazy\">\n                    <\/div>\n<\/p><\/div>\n<p>                            <button class=\"flex justify-center items-center w-full bg-brand-green text-white text-base font-sans font-medium rounded-md hover:bg-brand-green-700 hover:cursor-pointer md:text-sm w-full h-12 duration-200 ease-in-out hover:bg-brand-green-700 md:hidden md:h-10\"><\/p>\n<p>    Pr\u00e9commande ici<br \/>\n<\/button><\/p>\n<div class=\"flex flex-col items-center w-full md:hidden font-sans leading-4 text-black\">\n<div class=\"flex flex-wrap items-center justify-center gap-x-1 md:justify-start\">\n        <span class=\"font-bold\"><\/p>\n<p>            329,00 $<br \/>\n                            <span class=\"font-medium\">\u00e0 Amazon<\/span><br \/>\n                    <\/span><br \/>\n                    <img decoding=\"async\" class=\"mt-0 h-(15px)\" src=\"https:\/\/vieassociative.be\/actualites\/wp-content\/uploads\/2025\/03\/1741738687_627_Le-nouvel-iPad-et-liPad-Air-sont-deja-reduits-avant.svg.svg+xml\" title=\"Amazon Prime\" alt=\"Amazon Prime\">\n            <\/div>\n<div class=\"flex items-center justify-center gap-x-1 font-bold md:justify-start\">\n            <span class=\"text-sm line-through\">349,00 $<\/span><br \/>\n            <span class=\"text-sm text-brand-green\">\u00c9conomisez 20,00 $<\/span>\n        <\/div>\n<\/p><\/div>\n<div class=\"flex w-full gap-x-5\">\n<div class=\"flex w-full flex-col flex-nowrap justify-center gap-2 text-black no-underline md:order-2 md:gap-y-6\">\n<div class=\"flex flex-col justify-between gap-y-2 md:w-full md:gap-y-1\">\n<div class=\"block font-sans text-xs font-semibold capitalize leading-3 text-gray-900 md:leading-4\">Marque: Apple, Nom du mod\u00e8le: iPad Air, Capacit\u00e9 de stockage de la m\u00e9moire: 128 Go, Taille de l&rsquo;\u00e9cran: 11 pouces.<\/div>\n<div class=\"block w-fit cursor-pointer font-akshar text-lg font-medium leading-5 text-brand-green duration-200 ease-in-out hover:text-brand-green-700 md:text-xl md:leading-6\">\n<p>                            Apple iPad Air 11 pouces (puce M3)\n                        <\/p><\/div>\n<\/p><\/div>\n<div class=\"hidden md:flex md:justify-between md:gap-x-4\">\n<div class=\"w-full mb-0 md:flex md:flex-col md:justify-center font-sans leading-4 text-black\">\n<div class=\"flex flex-wrap items-center justify-center gap-x-1 md:justify-start\">\n        <span class=\"font-bold\"><\/p>\n<p>            559,00 $<br \/>\n                            <span class=\"font-medium\">\u00e0 Amazon<\/span><br \/>\n                    <\/span><br \/>\n                    <img decoding=\"async\" class=\"mt-0 h-(15px)\" src=\"https:\/\/vieassociative.be\/actualites\/wp-content\/uploads\/2025\/03\/1741738687_627_Le-nouvel-iPad-et-liPad-Air-sont-deja-reduits-avant.svg.svg+xml\" title=\"Amazon Prime\" alt=\"Amazon Prime\">\n            <\/div>\n<div class=\"flex items-center justify-center gap-x-1 font-bold md:justify-start\">\n            <span class=\"text-sm line-through\">599,00 $<\/span><br \/>\n            <span class=\"text-sm text-brand-green\">\u00c9conomisez 40 $<\/span>\n        <\/div>\n<\/p><\/div>\n<p>                            <button class=\"flex justify-center items-center w-full bg-brand-green text-white text-base font-sans font-medium rounded-md hover:bg-brand-green-700 hover:cursor-pointer md:text-sm hidden self-end h-12 max-w-(10rem) duration-200 ease-in-out hover:bg-brand-green-700 md:flex md:h-10\"><\/p>\n<p>    Pr\u00e9commande ici<br \/>\n<\/button>\n                        <\/div>\n<\/p><\/div>\n<div class=\"flex aspect-video h-(90px) shrink-0 items-center justify-center self-center md:order-1\">\n                        <img decoding=\"async\" class=\"m-0 max-h-full max-w-full rounded-md\" src=\"https:\/\/vieassociative.be\/actualites\/wp-content\/uploads\/2025\/03\/1741738687_212_Le-nouvel-iPad-et-liPad-Air-sont-deja-reduits-avant.jpg\" alt=\"Apple iPad Air 11 pouces avec puce M3 construite pour Apple Intelligence, Affichage Liquid Retina, 128 Go, Camera avant \/ arri\u00e8re 12MP, Wi-Fi 6E, Touch ID, autonomie toute la journ\u00e9e - Starlight\" width=\"auto\" height=\"auto\" loading=\"lazy\">\n                    <\/div>\n<\/p><\/div>\n<p>                            <button class=\"flex justify-center items-center w-full bg-brand-green text-white text-base font-sans font-medium rounded-md hover:bg-brand-green-700 hover:cursor-pointer md:text-sm w-full h-12 duration-200 ease-in-out hover:bg-brand-green-700 md:hidden md:h-10\"><\/p>\n<p>    Pr\u00e9commande ici<br \/>\n<\/button><\/p>\n<div class=\"flex flex-col items-center w-full md:hidden font-sans leading-4 text-black\">\n<div class=\"flex flex-wrap items-center justify-center gap-x-1 md:justify-start\">\n        <span class=\"font-bold\"><\/p>\n<p>            559,00 $<br \/>\n                            <span class=\"font-medium\">\u00e0 Amazon<\/span><br \/>\n                    <\/span><br \/>\n                    <img decoding=\"async\" class=\"mt-0 h-(15px)\" src=\"https:\/\/vieassociative.be\/actualites\/wp-content\/uploads\/2025\/03\/1741738687_627_Le-nouvel-iPad-et-liPad-Air-sont-deja-reduits-avant.svg.svg+xml\" title=\"Amazon Prime\" alt=\"Amazon Prime\">\n            <\/div>\n<div class=\"flex items-center justify-center gap-x-1 font-bold md:justify-start\">\n            <span class=\"text-sm line-through\">599,00 $<\/span><br \/>\n            <span class=\"text-sm text-brand-green\">\u00c9conomisez 40 $<\/span>\n        <\/div>\n<\/p><\/div>\n<div class=\"flex w-full gap-x-5\">\n<div class=\"flex w-full flex-col flex-nowrap justify-center gap-2 text-black no-underline md:order-2 md:gap-y-6\">\n<div class=\"flex flex-col justify-between gap-y-2 md:w-full md:gap-y-1\">\n<div class=\"block font-sans text-xs font-semibold capitalize leading-3 text-gray-900 md:leading-4\">Marque: Apple, Nom du mod\u00e8le: iPad Air, Capacit\u00e9 de stockage de la m\u00e9moire: 128 Go, Taille de l&rsquo;\u00e9cran: 13 pouces.<\/div>\n<div class=\"block w-fit cursor-pointer font-akshar text-lg font-medium leading-5 text-brand-green duration-200 ease-in-out hover:text-brand-green-700 md:text-xl md:leading-6\">\n<p>                            Apple iPad Air 13 pouces (puce M3)\n                        <\/p><\/div>\n<\/p><\/div>\n<div class=\"hidden md:flex md:justify-between md:gap-x-4\">\n<div class=\"w-full mb-0 md:flex md:flex-col md:justify-center font-sans leading-4 text-black\">\n<div class=\"flex flex-wrap items-center justify-center gap-x-1 md:justify-start\">\n        <span class=\"font-bold\"><\/p>\n<p>            749,00 $<br \/>\n                            <span class=\"font-medium\">\u00e0 Amazon<\/span><br \/>\n                    <\/span><br \/>\n                    <img decoding=\"async\" class=\"mt-0 h-(15px)\" src=\"https:\/\/vieassociative.be\/actualites\/wp-content\/uploads\/2025\/03\/1741738687_627_Le-nouvel-iPad-et-liPad-Air-sont-deja-reduits-avant.svg.svg+xml\" title=\"Amazon Prime\" alt=\"Amazon Prime\">\n            <\/div>\n<div class=\"flex items-center justify-center gap-x-1 font-bold md:justify-start\">\n            <span class=\"text-sm line-through\">799,00 $<\/span><br \/>\n            <span class=\"text-sm text-brand-green\">\u00c9conomisez 50,00 $<\/span>\n        <\/div>\n<\/p><\/div>\n<p>                            <button class=\"flex justify-center items-center w-full bg-brand-green text-white text-base font-sans font-medium rounded-md hover:bg-brand-green-700 hover:cursor-pointer md:text-sm hidden self-end h-12 max-w-(10rem) duration-200 ease-in-out hover:bg-brand-green-700 md:flex md:h-10\"><\/p>\n<p>    Pr\u00e9commande ici<br \/>\n<\/button>\n                        <\/div>\n<\/p><\/div>\n<div class=\"flex aspect-video h-(90px) shrink-0 items-center justify-center self-center md:order-1\">\n                        <img decoding=\"async\" class=\"m-0 max-h-full max-w-full rounded-md\" src=\"https:\/\/vieassociative.be\/actualites\/wp-content\/uploads\/2025\/03\/1741738687_97_Le-nouvel-iPad-et-liPad-Air-sont-deja-reduits-avant.jpg\" alt=\"Apple iPad Air 13 pouces avec puce M3 construite pour l'intelligence Apple, affichage Liquid Retina, 128 Go, appareil photo avant \/ arri\u00e8re 12MP, Wi-Fi 6E, Touch ID, dur\u00e9e de vie de la batterie toute la journ\u00e9e - Purple\" width=\"auto\" height=\"auto\" loading=\"lazy\">\n                    <\/div>\n<\/p><\/div>\n<p>                            <button class=\"flex justify-center items-center w-full bg-brand-green text-white text-base font-sans font-medium rounded-md hover:bg-brand-green-700 hover:cursor-pointer md:text-sm w-full h-12 duration-200 ease-in-out hover:bg-brand-green-700 md:hidden md:h-10\"><\/p>\n<p>    Pr\u00e9commande ici<br \/>\n<\/button><\/p>\n<div class=\"flex flex-col items-center w-full md:hidden font-sans leading-4 text-black\">\n<div class=\"flex flex-wrap items-center justify-center gap-x-1 md:justify-start\">\n        <span class=\"font-bold\"><\/p>\n<p>            749,00 $<br \/>\n                            <span class=\"font-medium\">\u00e0 Amazon<\/span><br \/>\n                    <\/span><br \/>\n                    <img decoding=\"async\" class=\"mt-0 h-(15px)\" src=\"https:\/\/vieassociative.be\/actualites\/wp-content\/uploads\/2025\/03\/1741738687_627_Le-nouvel-iPad-et-liPad-Air-sont-deja-reduits-avant.svg.svg+xml\" title=\"Amazon Prime\" alt=\"Amazon Prime\">\n            <\/div>\n<div class=\"flex items-center justify-center gap-x-1 font-bold md:justify-start\">\n            <span class=\"text-sm line-through\">799,00 $<\/span><br \/>\n            <span class=\"text-sm text-brand-green\">\u00c9conomisez 50,00 $<\/span>\n        <\/div>\n<\/p><\/div>\n<div class=\"flex w-full gap-x-5\">\n<div class=\"flex w-full flex-col flex-nowrap justify-center gap-2 text-black no-underline md:order-2 md:gap-y-6\">\n<div class=\"flex flex-col justify-between gap-y-2 md:w-full md:gap-y-1\">\n<div class=\"block font-sans text-xs font-semibold capitalize leading-3 text-gray-900 md:leading-4\">Marque: Apple, nom du mod\u00e8le: iPad Air, Capacit\u00e9 de stockage de la m\u00e9moire: 256 Go, taille de l&rsquo;\u00e9cran: 11 pouces.<\/div>\n<div class=\"block w-fit cursor-pointer font-akshar text-lg font-medium leading-5 text-brand-green duration-200 ease-in-out hover:text-brand-green-700 md:text-xl md:leading-6\">\n<p>                            Apple iPad Air 11 pouces (M2)\n                        <\/p><\/div>\n<\/p><\/div>\n<div class=\"hidden md:flex md:justify-between md:gap-x-4\">\n<div class=\"w-full mb-0 md:flex md:flex-col md:justify-center font-sans leading-4 text-black\">\n<div class=\"flex flex-wrap items-center justify-center gap-x-1 md:justify-start\">\n        <span class=\"font-bold\"><\/p>\n<p>            699,00 $<br \/>\n                            <span class=\"font-medium\">\u00e0 Amazon<\/span><br \/>\n                    <\/span><br \/>\n                    <img decoding=\"async\" class=\"mt-0 h-(15px)\" src=\"https:\/\/vieassociative.be\/actualites\/wp-content\/uploads\/2025\/03\/1741738687_627_Le-nouvel-iPad-et-liPad-Air-sont-deja-reduits-avant.svg.svg+xml\" title=\"Amazon Prime\" alt=\"Amazon Prime\">\n            <\/div>\n<\/p><\/div>\n<p>                            <button class=\"flex justify-center items-center w-full bg-brand-green text-white text-base font-sans font-medium rounded-md hover:bg-brand-green-700 hover:cursor-pointer md:text-sm hidden self-end h-12 max-w-(10rem) duration-200 ease-in-out hover:bg-brand-green-700 md:flex md:h-10\"><\/p>\n<p>    Conclure un accord<br \/>\n<\/button>\n                        <\/div>\n<\/p><\/div>\n<div class=\"flex aspect-video h-(90px) shrink-0 items-center justify-center self-center md:order-1\">\n                        <img decoding=\"async\" class=\"m-0 max-h-full max-w-full rounded-md\" src=\"https:\/\/vieassociative.be\/actualites\/wp-content\/uploads\/2025\/03\/1741738687_178_Le-nouvel-iPad-et-liPad-Air-sont-deja-reduits-avant.jpg\" alt=\"Apple iPad Air 11 pouces (M2): Construit pour l'intelligence Apple, affichage Liquid Retina, 256 Go, appareil photo avant \/ arri\u00e8re 12MP, Wi-Fi 6E, Touch ID, dur\u00e9e de vie de la batterie toute la journ\u00e9e - Purple\" width=\"auto\" height=\"auto\" loading=\"lazy\">\n                    <\/div>\n<\/p><\/div>\n<p>                            <button class=\"flex justify-center items-center w-full bg-brand-green text-white text-base font-sans font-medium rounded-md hover:bg-brand-green-700 hover:cursor-pointer md:text-sm w-full h-12 duration-200 ease-in-out hover:bg-brand-green-700 md:hidden md:h-10\"><\/p>\n<p>    Conclure un accord<br \/>\n<\/button><\/p>\n<div class=\"flex flex-col items-center w-full md:hidden font-sans leading-4 text-black\">\n<div class=\"flex flex-wrap items-center justify-center gap-x-1 md:justify-start\">\n        <span class=\"font-bold\"><\/p>\n<p>            699,00 $<br \/>\n                            <span class=\"font-medium\">\u00e0 Amazon<\/span><br \/>\n                    <\/span><br \/>\n                    <img decoding=\"async\" class=\"mt-0 h-(15px)\" src=\"https:\/\/vieassociative.be\/actualites\/wp-content\/uploads\/2025\/03\/1741738687_627_Le-nouvel-iPad-et-liPad-Air-sont-deja-reduits-avant.svg.svg+xml\" title=\"Amazon Prime\" alt=\"Amazon Prime\">\n            <\/div>\n<\/p><\/div>\n<\/div>\n<p>Oui, c&rsquo;est toujours agr\u00e9able d&rsquo;obtenir le nouveau jouet brillant, mais comme l&rsquo;explique Jake Peterson, le r\u00e9dacteur technologique senior de Vie Associative, le nouvel iPad Air ne vaut peut-\u00eatre pas la peine lorsque vous pouvez obtenir le tr\u00e8s capable d&rsquo;iPad Air M2 pour moins cher. La plupart des gens peuvent justifier une puce M3 sur une puce M2 sur un ordinateur portable, o\u00f9 il y a plus de multit\u00e2che, des applications plus lourdes en cours d&rsquo;ex\u00e9cution et la vitesse est plus importante. Mais \u00e0 moins que vous ne cherchez \u00e0 faire ces choses sur une tablette, la diff\u00e9rence entre la vitesse de la puce M2 et M3 ne vaut peut-\u00eatre pas l&rsquo;argent pour vous.<\/p>\n<p>Si vous pouvez attendre apr\u00e8s la sortie des nouveaux iPads le 12 mars pour effectuer votre achat, ce sera la d\u00e9cision la plus judicieuse, car les iPad M2 baisseront probablement et seront une meilleure valeur que le nouvel iPad Air (si vous pouvez trouver les iPads M2 en stock). Bien qu&rsquo;Apple puisse ne pas vendre les iPads plus anciens dans de nouvelles conditions, Amazon et Best Buy.<\/p>\n<p>Cependant, si l&rsquo;argent n&rsquo;est pas un probl\u00e8me et que vous voulez les meilleurs iPad disponibles, l&rsquo;iPad 11e g\u00e9n\u00e9ration et le M3 iPad Air seront vos meilleures options.<\/p>\n","protected":false},"excerpt":{"rendered":"<p>Les nouveaux iPads sont excellents, mais la derni\u00e8re g\u00e9n\u00e9ration d&rsquo;iPads pourrait \u00eatre la meilleure affaire. Demain Apple publiera de nouveaux MacBooks et iPads, c&rsquo;est pourquoi<\/p>\n","protected":false},"author":1,"featured_media":5811,"comment_status":"","ping_status":"","sticky":false,"template":"","format":"standard","meta":{"footnotes":""},"categories":[13],"tags":[1327,142,1936,1915,958,2327,929,5805,18,2471],"class_list":["post-5810","post","type-post","status-publish","format-standard","has-post-thumbnail","hentry","category-technologie","tag-air","tag-avant","tag-deja","tag-ipad","tag-leur","tag-lipad","tag-nouvel","tag-reduits","tag-sont","tag-sortie","generate-columns","tablet-grid-50","mobile-grid-100","grid-parent","grid-33"],"yoast_head":"<!-- This site is optimized with the Yoast SEO plugin v24.0 - https:\/\/yoast.com\/wordpress\/plugins\/seo\/ -->\n<title>Le nouvel iPad et l&#039;iPad Air sont d\u00e9j\u00e0 r\u00e9duits avant leur sortie | Vie Associative<\/title>\n<meta name=\"robots\" content=\"index, follow, max-snippet:-1, max-image-preview:large, max-video-preview:-1\" \/>\n<link rel=\"canonical\" href=\"https:\/\/vieassociative.be\/actualites\/le-nouvel-ipad-et-lipad-air-sont-deja-reduits-avant-leur-sortie-2\/\" \/>\n<meta property=\"og:locale\" content=\"fr_FR\" \/>\n<meta property=\"og:type\" content=\"article\" \/>\n<meta property=\"og:title\" content=\"Le nouvel iPad et l&#039;iPad Air sont d\u00e9j\u00e0 r\u00e9duits avant leur sortie | Vie Associative\" \/>\n<meta property=\"og:description\" content=\"Les nouveaux iPads sont excellents, mais la derni\u00e8re g\u00e9n\u00e9ration d&rsquo;iPads pourrait \u00eatre la meilleure affaire. Demain Apple publiera de nouveaux MacBooks et iPads, c&rsquo;est pourquoi\" \/>\n<meta property=\"og:url\" content=\"https:\/\/vieassociative.be\/actualites\/le-nouvel-ipad-et-lipad-air-sont-deja-reduits-avant-leur-sortie-2\/\" \/>\n<meta property=\"og:site_name\" content=\"Vie Associative\" \/>\n<meta property=\"article:published_time\" content=\"2025-03-12T00:18:07+00:00\" \/>\n<meta property=\"og:image\" content=\"https:\/\/vieassociative.be\/actualites\/wp-content\/uploads\/2025\/03\/1741738687_627_Le-nouvel-iPad-et-liPad-Air-sont-deja-reduits-avant.svg.svg+xml\" \/>\n<meta name=\"author\" content=\"Julien\" \/>\n<meta name=\"twitter:card\" content=\"summary_large_image\" \/>\n<meta name=\"twitter:label1\" content=\"\u00c9crit par\" \/>\n\t<meta name=\"twitter:data1\" content=\"Julien\" \/>\n\t<meta name=\"twitter:label2\" content=\"Dur\u00e9e de lecture est.\" \/>\n\t<meta name=\"twitter:data2\" content=\"2 minutes\" \/>\n<script type=\"application\/ld+json\" class=\"yoast-schema-graph\">{\"@context\":\"https:\/\/schema.org\",\"@graph\":[{\"@type\":\"Article\",\"@id\":\"https:\/\/vieassociative.be\/actualites\/le-nouvel-ipad-et-lipad-air-sont-deja-reduits-avant-leur-sortie-2\/#article\",\"isPartOf\":{\"@id\":\"https:\/\/vieassociative.be\/actualites\/le-nouvel-ipad-et-lipad-air-sont-deja-reduits-avant-leur-sortie-2\/\"},\"author\":{\"name\":\"Julien\",\"@id\":\"https:\/\/vieassociative.be\/actualites\/#\/schema\/person\/b87ac4f82f9d4e7b7cec7395b679edc4\"},\"headline\":\"Le nouvel iPad et l&rsquo;iPad Air sont d\u00e9j\u00e0 r\u00e9duits avant leur sortie\",\"datePublished\":\"2025-03-12T00:18:07+00:00\",\"dateModified\":\"2025-03-12T00:18:07+00:00\",\"mainEntityOfPage\":{\"@id\":\"https:\/\/vieassociative.be\/actualites\/le-nouvel-ipad-et-lipad-air-sont-deja-reduits-avant-leur-sortie-2\/\"},\"wordCount\":519,\"publisher\":{\"@id\":\"https:\/\/vieassociative.be\/actualites\/#organization\"},\"image\":{\"@id\":\"https:\/\/vieassociative.be\/actualites\/le-nouvel-ipad-et-lipad-air-sont-deja-reduits-avant-leur-sortie-2\/#primaryimage\"},\"thumbnailUrl\":\"https:\/\/vieassociative.be\/actualites\/wp-content\/uploads\/2025\/03\/1741738688_Le-nouvel-iPad-et-liPad-Air-sont-deja-reduits-avant.png\",\"keywords\":[\"air\",\"avant\",\"d\u00e9j\u00e0\",\"iPad\",\"leur\",\"liPad\",\"nouvel\",\"r\u00e9duits\",\"sont\",\"Sortie\"],\"articleSection\":[\"Technologie\"],\"inLanguage\":\"fr-BE\"},{\"@type\":\"WebPage\",\"@id\":\"https:\/\/vieassociative.be\/actualites\/le-nouvel-ipad-et-lipad-air-sont-deja-reduits-avant-leur-sortie-2\/\",\"url\":\"https:\/\/vieassociative.be\/actualites\/le-nouvel-ipad-et-lipad-air-sont-deja-reduits-avant-leur-sortie-2\/\",\"name\":\"Le nouvel iPad et l'iPad Air sont d\u00e9j\u00e0 r\u00e9duits avant leur sortie | Vie Associative\",\"isPartOf\":{\"@id\":\"https:\/\/vieassociative.be\/actualites\/#website\"},\"primaryImageOfPage\":{\"@id\":\"https:\/\/vieassociative.be\/actualites\/le-nouvel-ipad-et-lipad-air-sont-deja-reduits-avant-leur-sortie-2\/#primaryimage\"},\"image\":{\"@id\":\"https:\/\/vieassociative.be\/actualites\/le-nouvel-ipad-et-lipad-air-sont-deja-reduits-avant-leur-sortie-2\/#primaryimage\"},\"thumbnailUrl\":\"https:\/\/vieassociative.be\/actualites\/wp-content\/uploads\/2025\/03\/1741738688_Le-nouvel-iPad-et-liPad-Air-sont-deja-reduits-avant.png\",\"datePublished\":\"2025-03-12T00:18:07+00:00\",\"dateModified\":\"2025-03-12T00:18:07+00:00\",\"breadcrumb\":{\"@id\":\"https:\/\/vieassociative.be\/actualites\/le-nouvel-ipad-et-lipad-air-sont-deja-reduits-avant-leur-sortie-2\/#breadcrumb\"},\"inLanguage\":\"fr-BE\",\"potentialAction\":[{\"@type\":\"ReadAction\",\"target\":[\"https:\/\/vieassociative.be\/actualites\/le-nouvel-ipad-et-lipad-air-sont-deja-reduits-avant-leur-sortie-2\/\"]}]},{\"@type\":\"ImageObject\",\"inLanguage\":\"fr-BE\",\"@id\":\"https:\/\/vieassociative.be\/actualites\/le-nouvel-ipad-et-lipad-air-sont-deja-reduits-avant-leur-sortie-2\/#primaryimage\",\"url\":\"https:\/\/vieassociative.be\/actualites\/wp-content\/uploads\/2025\/03\/1741738688_Le-nouvel-iPad-et-liPad-Air-sont-deja-reduits-avant.png\",\"contentUrl\":\"https:\/\/vieassociative.be\/actualites\/wp-content\/uploads\/2025\/03\/1741738688_Le-nouvel-iPad-et-liPad-Air-sont-deja-reduits-avant.png\",\"width\":1200,\"height\":675,\"caption\":\"Le nouvel iPad et l'iPad Air sont d\u00e9j\u00e0 r\u00e9duits avant leur sortie\"},{\"@type\":\"BreadcrumbList\",\"@id\":\"https:\/\/vieassociative.be\/actualites\/le-nouvel-ipad-et-lipad-air-sont-deja-reduits-avant-leur-sortie-2\/#breadcrumb\",\"itemListElement\":[{\"@type\":\"ListItem\",\"position\":1,\"name\":\"Accueil\",\"item\":\"https:\/\/vieassociative.be\/actualites\/\"},{\"@type\":\"ListItem\",\"position\":2,\"name\":\"Le nouvel iPad et l&rsquo;iPad Air sont d\u00e9j\u00e0 r\u00e9duits avant leur sortie\"}]},{\"@type\":\"WebSite\",\"@id\":\"https:\/\/vieassociative.be\/actualites\/#website\",\"url\":\"https:\/\/vieassociative.be\/actualites\/\",\"name\":\"Vie Associative\",\"description\":\"\",\"publisher\":{\"@id\":\"https:\/\/vieassociative.be\/actualites\/#organization\"},\"potentialAction\":[{\"@type\":\"SearchAction\",\"target\":{\"@type\":\"EntryPoint\",\"urlTemplate\":\"https:\/\/vieassociative.be\/actualites\/?s={search_term_string}\"},\"query-input\":{\"@type\":\"PropertyValueSpecification\",\"valueRequired\":true,\"valueName\":\"search_term_string\"}}],\"inLanguage\":\"fr-BE\"},{\"@type\":\"Organization\",\"@id\":\"https:\/\/vieassociative.be\/actualites\/#organization\",\"name\":\"Vie Associative\",\"url\":\"https:\/\/vieassociative.be\/actualites\/\",\"logo\":{\"@type\":\"ImageObject\",\"inLanguage\":\"fr-BE\",\"@id\":\"https:\/\/vieassociative.be\/actualites\/#\/schema\/logo\/image\/\",\"url\":\"https:\/\/vieassociative.be\/actualites\/wp-content\/uploads\/2024\/09\/cropped-vieassociative_favicon.ico.png\",\"contentUrl\":\"https:\/\/vieassociative.be\/actualites\/wp-content\/uploads\/2024\/09\/cropped-vieassociative_favicon.ico.png\",\"width\":512,\"height\":512,\"caption\":\"Vie Associative\"},\"image\":{\"@id\":\"https:\/\/vieassociative.be\/actualites\/#\/schema\/logo\/image\/\"}},{\"@type\":\"Person\",\"@id\":\"https:\/\/vieassociative.be\/actualites\/#\/schema\/person\/b87ac4f82f9d4e7b7cec7395b679edc4\",\"name\":\"Julien\",\"image\":{\"@type\":\"ImageObject\",\"inLanguage\":\"fr-BE\",\"@id\":\"https:\/\/vieassociative.be\/actualites\/#\/schema\/person\/image\/\",\"url\":\"https:\/\/vieassociative.be\/actualites\/wp-content\/uploads\/2024\/09\/vie-associative-1-150x150.jpg\",\"contentUrl\":\"https:\/\/vieassociative.be\/actualites\/wp-content\/uploads\/2024\/09\/vie-associative-1-150x150.jpg\",\"caption\":\"Julien\"},\"description\":\"Je suis Julien, r\u00e9dacteur pour Vie Associative. Passionn\u00e9 par le monde associatif depuis plus de 10 ans, j'ai \u00e0 c\u0153ur de partager des histoires inspirantes et de mettre en lumi\u00e8re les initiatives locales. Mon objectif est de sensibiliser et d'encourager l'engagement communautaire \u00e0 travers mes articles.\",\"sameAs\":[\"https:\/\/vieassociative.be\/\"]}]}<\/script>\n<!-- \/ Yoast SEO plugin. -->","yoast_head_json":{"title":"Le nouvel iPad et l'iPad Air sont d\u00e9j\u00e0 r\u00e9duits avant leur sortie | Vie Associative","robots":{"index":"index","follow":"follow","max-snippet":"max-snippet:-1","max-image-preview":"max-image-preview:large","max-video-preview":"max-video-preview:-1"},"canonical":"https:\/\/vieassociative.be\/actualites\/le-nouvel-ipad-et-lipad-air-sont-deja-reduits-avant-leur-sortie-2\/","og_locale":"fr_FR","og_type":"article","og_title":"Le nouvel iPad et l'iPad Air sont d\u00e9j\u00e0 r\u00e9duits avant leur sortie | Vie Associative","og_description":"Les nouveaux iPads sont excellents, mais la derni\u00e8re g\u00e9n\u00e9ration d&rsquo;iPads pourrait \u00eatre la meilleure affaire. Demain Apple publiera de nouveaux MacBooks et iPads, c&rsquo;est pourquoi","og_url":"https:\/\/vieassociative.be\/actualites\/le-nouvel-ipad-et-lipad-air-sont-deja-reduits-avant-leur-sortie-2\/","og_site_name":"Vie Associative","article_published_time":"2025-03-12T00:18:07+00:00","og_image":[{"url":"https:\/\/vieassociative.be\/actualites\/wp-content\/uploads\/2025\/03\/1741738687_627_Le-nouvel-iPad-et-liPad-Air-sont-deja-reduits-avant.svg.svg+xml","type":"","width":"","height":""}],"author":"Julien","twitter_card":"summary_large_image","twitter_misc":{"\u00c9crit par":"Julien","Dur\u00e9e de lecture est.":"2 minutes"},"schema":{"@context":"https:\/\/schema.org","@graph":[{"@type":"Article","@id":"https:\/\/vieassociative.be\/actualites\/le-nouvel-ipad-et-lipad-air-sont-deja-reduits-avant-leur-sortie-2\/#article","isPartOf":{"@id":"https:\/\/vieassociative.be\/actualites\/le-nouvel-ipad-et-lipad-air-sont-deja-reduits-avant-leur-sortie-2\/"},"author":{"name":"Julien","@id":"https:\/\/vieassociative.be\/actualites\/#\/schema\/person\/b87ac4f82f9d4e7b7cec7395b679edc4"},"headline":"Le nouvel iPad et l&rsquo;iPad Air sont d\u00e9j\u00e0 r\u00e9duits avant leur sortie","datePublished":"2025-03-12T00:18:07+00:00","dateModified":"2025-03-12T00:18:07+00:00","mainEntityOfPage":{"@id":"https:\/\/vieassociative.be\/actualites\/le-nouvel-ipad-et-lipad-air-sont-deja-reduits-avant-leur-sortie-2\/"},"wordCount":519,"publisher":{"@id":"https:\/\/vieassociative.be\/actualites\/#organization"},"image":{"@id":"https:\/\/vieassociative.be\/actualites\/le-nouvel-ipad-et-lipad-air-sont-deja-reduits-avant-leur-sortie-2\/#primaryimage"},"thumbnailUrl":"https:\/\/vieassociative.be\/actualites\/wp-content\/uploads\/2025\/03\/1741738688_Le-nouvel-iPad-et-liPad-Air-sont-deja-reduits-avant.png","keywords":["air","avant","d\u00e9j\u00e0","iPad","leur","liPad","nouvel","r\u00e9duits","sont","Sortie"],"articleSection":["Technologie"],"inLanguage":"fr-BE"},{"@type":"WebPage","@id":"https:\/\/vieassociative.be\/actualites\/le-nouvel-ipad-et-lipad-air-sont-deja-reduits-avant-leur-sortie-2\/","url":"https:\/\/vieassociative.be\/actualites\/le-nouvel-ipad-et-lipad-air-sont-deja-reduits-avant-leur-sortie-2\/","name":"Le nouvel iPad et l'iPad Air sont d\u00e9j\u00e0 r\u00e9duits avant leur sortie | Vie Associative","isPartOf":{"@id":"https:\/\/vieassociative.be\/actualites\/#website"},"primaryImageOfPage":{"@id":"https:\/\/vieassociative.be\/actualites\/le-nouvel-ipad-et-lipad-air-sont-deja-reduits-avant-leur-sortie-2\/#primaryimage"},"image":{"@id":"https:\/\/vieassociative.be\/actualites\/le-nouvel-ipad-et-lipad-air-sont-deja-reduits-avant-leur-sortie-2\/#primaryimage"},"thumbnailUrl":"https:\/\/vieassociative.be\/actualites\/wp-content\/uploads\/2025\/03\/1741738688_Le-nouvel-iPad-et-liPad-Air-sont-deja-reduits-avant.png","datePublished":"2025-03-12T00:18:07+00:00","dateModified":"2025-03-12T00:18:07+00:00","breadcrumb":{"@id":"https:\/\/vieassociative.be\/actualites\/le-nouvel-ipad-et-lipad-air-sont-deja-reduits-avant-leur-sortie-2\/#breadcrumb"},"inLanguage":"fr-BE","potentialAction":[{"@type":"ReadAction","target":["https:\/\/vieassociative.be\/actualites\/le-nouvel-ipad-et-lipad-air-sont-deja-reduits-avant-leur-sortie-2\/"]}]},{"@type":"ImageObject","inLanguage":"fr-BE","@id":"https:\/\/vieassociative.be\/actualites\/le-nouvel-ipad-et-lipad-air-sont-deja-reduits-avant-leur-sortie-2\/#primaryimage","url":"https:\/\/vieassociative.be\/actualites\/wp-content\/uploads\/2025\/03\/1741738688_Le-nouvel-iPad-et-liPad-Air-sont-deja-reduits-avant.png","contentUrl":"https:\/\/vieassociative.be\/actualites\/wp-content\/uploads\/2025\/03\/1741738688_Le-nouvel-iPad-et-liPad-Air-sont-deja-reduits-avant.png","width":1200,"height":675,"caption":"Le nouvel iPad et l'iPad Air sont d\u00e9j\u00e0 r\u00e9duits avant leur sortie"},{"@type":"BreadcrumbList","@id":"https:\/\/vieassociative.be\/actualites\/le-nouvel-ipad-et-lipad-air-sont-deja-reduits-avant-leur-sortie-2\/#breadcrumb","itemListElement":[{"@type":"ListItem","position":1,"name":"Accueil","item":"https:\/\/vieassociative.be\/actualites\/"},{"@type":"ListItem","position":2,"name":"Le nouvel iPad et l&rsquo;iPad Air sont d\u00e9j\u00e0 r\u00e9duits avant leur sortie"}]},{"@type":"WebSite","@id":"https:\/\/vieassociative.be\/actualites\/#website","url":"https:\/\/vieassociative.be\/actualites\/","name":"Vie Associative","description":"","publisher":{"@id":"https:\/\/vieassociative.be\/actualites\/#organization"},"potentialAction":[{"@type":"SearchAction","target":{"@type":"EntryPoint","urlTemplate":"https:\/\/vieassociative.be\/actualites\/?s={search_term_string}"},"query-input":{"@type":"PropertyValueSpecification","valueRequired":true,"valueName":"search_term_string"}}],"inLanguage":"fr-BE"},{"@type":"Organization","@id":"https:\/\/vieassociative.be\/actualites\/#organization","name":"Vie Associative","url":"https:\/\/vieassociative.be\/actualites\/","logo":{"@type":"ImageObject","inLanguage":"fr-BE","@id":"https:\/\/vieassociative.be\/actualites\/#\/schema\/logo\/image\/","url":"https:\/\/vieassociative.be\/actualites\/wp-content\/uploads\/2024\/09\/cropped-vieassociative_favicon.ico.png","contentUrl":"https:\/\/vieassociative.be\/actualites\/wp-content\/uploads\/2024\/09\/cropped-vieassociative_favicon.ico.png","width":512,"height":512,"caption":"Vie Associative"},"image":{"@id":"https:\/\/vieassociative.be\/actualites\/#\/schema\/logo\/image\/"}},{"@type":"Person","@id":"https:\/\/vieassociative.be\/actualites\/#\/schema\/person\/b87ac4f82f9d4e7b7cec7395b679edc4","name":"Julien","image":{"@type":"ImageObject","inLanguage":"fr-BE","@id":"https:\/\/vieassociative.be\/actualites\/#\/schema\/person\/image\/","url":"https:\/\/vieassociative.be\/actualites\/wp-content\/uploads\/2024\/09\/vie-associative-1-150x150.jpg","contentUrl":"https:\/\/vieassociative.be\/actualites\/wp-content\/uploads\/2024\/09\/vie-associative-1-150x150.jpg","caption":"Julien"},"description":"Je suis Julien, r\u00e9dacteur pour Vie Associative. Passionn\u00e9 par le monde associatif depuis plus de 10 ans, j'ai \u00e0 c\u0153ur de partager des histoires inspirantes et de mettre en lumi\u00e8re les initiatives locales. Mon objectif est de sensibiliser et d'encourager l'engagement communautaire \u00e0 travers mes articles.","sameAs":["https:\/\/vieassociative.be\/"]}]}},"_links":{"self":[{"href":"https:\/\/vieassociative.be\/actualites\/wp-json\/wp\/v2\/posts\/5810"}],"collection":[{"href":"https:\/\/vieassociative.be\/actualites\/wp-json\/wp\/v2\/posts"}],"about":[{"href":"https:\/\/vieassociative.be\/actualites\/wp-json\/wp\/v2\/types\/post"}],"author":[{"embeddable":true,"href":"https:\/\/vieassociative.be\/actualites\/wp-json\/wp\/v2\/users\/1"}],"replies":[{"embeddable":true,"href":"https:\/\/vieassociative.be\/actualites\/wp-json\/wp\/v2\/comments?post=5810"}],"version-history":[{"count":0,"href":"https:\/\/vieassociative.be\/actualites\/wp-json\/wp\/v2\/posts\/5810\/revisions"}],"wp:featuredmedia":[{"embeddable":true,"href":"https:\/\/vieassociative.be\/actualites\/wp-json\/wp\/v2\/media\/5811"}],"wp:attachment":[{"href":"https:\/\/vieassociative.be\/actualites\/wp-json\/wp\/v2\/media?parent=5810"}],"wp:term":[{"taxonomy":"category","embeddable":true,"href":"https:\/\/vieassociative.be\/actualites\/wp-json\/wp\/v2\/categories?post=5810"},{"taxonomy":"post_tag","embeddable":true,"href":"https:\/\/vieassociative.be\/actualites\/wp-json\/wp\/v2\/tags?post=5810"}],"curies":[{"name":"wp","href":"https:\/\/api.w.org\/{rel}","templated":true}]}}