{"id":5805,"date":"2025-03-11T21:17:14","date_gmt":"2025-03-11T20:17:14","guid":{"rendered":"https:\/\/vieassociative.be\/actualites\/controles-de-la-circulation-sur-le-sujet-du-devoir-de-ceinture\/"},"modified":"2025-03-11T21:17:14","modified_gmt":"2025-03-11T20:17:14","slug":"controles-de-la-circulation-sur-le-sujet-du-devoir-de-ceinture","status":"publish","type":"post","link":"https:\/\/vieassociative.be\/actualites\/controles-de-la-circulation-sur-le-sujet-du-devoir-de-ceinture\/","title":{"rendered":"Contr\u00f4les de la circulation sur le sujet du \u00ab\u00a0devoir de ceinture\u00a0\u00bb"},"content":{"rendered":"<p><strong>Le 10\/03 dans toute la zone de la zone de police de Weser-G\u00f6hl en coop\u00e9ration avec le Nebedeagpol, le groupe de travail de la police de l&rsquo;Euregio Maas-Rhein, contr\u00f4le en mettant l&rsquo;accent sur le \u00ab\u00a0service de ceinture\u00a0\u00bb.<\/strong><\/p>\n<p><span id=\"more-411036\"><\/span>Au total, 68 v\u00e9hicules ont \u00e9t\u00e9 v\u00e9rifi\u00e9s aux 4 points de contr\u00f4le (un dans chaque municipalit\u00e9 de la r\u00e9gion) et diverses violations ont \u00e9t\u00e9 trouv\u00e9es:<\/p>\n<ul>\n<li>16x conduite sans ceinture de s\u00e9curit\u00e9 dans les voitures et 3x dans des camions<\/li>\n<li>1x utilisation non appropri\u00e9e d&rsquo;un dispositif de r\u00e9tention d&rsquo;enfant<\/li>\n<li>T\u00e9l\u00e9phone portable 16x au volant<\/li>\n<\/ul>\n<p>De plus, 5 violations dans le domaine de la conformit\u00e9 technique des v\u00e9hicules ont \u00e9t\u00e9 trouv\u00e9es (manque de certificat d&rsquo;assurance, T\u00fcv expir\u00e9, pneus fous) et violations isol\u00e9es dans le domaine des r\u00e9glementations sur la circulation routi\u00e8re (par exemple, d\u00e9passer les man\u0153uvres).<\/p>\n","protected":false},"excerpt":{"rendered":"<p>Le 10\/03 dans toute la zone de la zone de police de Weser-G\u00f6hl en coop\u00e9ration avec le Nebedeagpol, le groupe de travail de la police<\/p>\n","protected":false},"author":1,"featured_media":5806,"comment_status":"","ping_status":"","sticky":false,"template":"","format":"standard","meta":{"footnotes":""},"categories":[298],"tags":[4288,3479,5806,4449,526,33],"class_list":["post-5805","post","type-post","status-publish","format-standard","has-post-thumbnail","hentry","category-belgique","tag-ceinture","tag-circulation","tag-controles","tag-devoir","tag-sujet","tag-sur","generate-columns","tablet-grid-50","mobile-grid-100","grid-parent","grid-33"],"yoast_head":"<!-- This site is optimized with the Yoast SEO plugin v24.0 - https:\/\/yoast.com\/wordpress\/plugins\/seo\/ -->\n<title>Contr\u00f4les de la circulation sur le sujet du &quot;devoir de ceinture&quot; | Vie Associative<\/title>\n<meta name=\"robots\" content=\"index, follow, max-snippet:-1, max-image-preview:large, max-video-preview:-1\" \/>\n<link rel=\"canonical\" href=\"https:\/\/vieassociative.be\/actualites\/controles-de-la-circulation-sur-le-sujet-du-devoir-de-ceinture\/\" \/>\n<meta property=\"og:locale\" content=\"fr_FR\" \/>\n<meta property=\"og:type\" content=\"article\" \/>\n<meta property=\"og:title\" content=\"Contr\u00f4les de la circulation sur le sujet du &quot;devoir de ceinture&quot; | Vie Associative\" \/>\n<meta property=\"og:description\" content=\"Le 10\/03 dans toute la zone de la zone de police de Weser-G\u00f6hl en coop\u00e9ration avec le Nebedeagpol, le groupe de travail de la police\" \/>\n<meta property=\"og:url\" content=\"https:\/\/vieassociative.be\/actualites\/controles-de-la-circulation-sur-le-sujet-du-devoir-de-ceinture\/\" \/>\n<meta property=\"og:site_name\" content=\"Vie Associative\" \/>\n<meta property=\"article:published_time\" content=\"2025-03-11T20:17:14+00:00\" \/>\n<meta property=\"og:image\" content=\"https:\/\/vieassociative.be\/actualites\/wp-content\/uploads\/2024\/09\/header_backgroundk-01-e1726694325946.png\" \/>\n\t<meta property=\"og:image:width\" content=\"279\" \/>\n\t<meta property=\"og:image:height\" content=\"92\" \/>\n\t<meta property=\"og:image:type\" content=\"image\/png\" \/>\n<meta name=\"author\" content=\"Julien\" \/>\n<meta name=\"twitter:card\" content=\"summary_large_image\" \/>\n<meta name=\"twitter:label1\" content=\"\u00c9crit par\" \/>\n\t<meta name=\"twitter:data1\" content=\"Julien\" \/>\n\t<meta name=\"twitter:label2\" content=\"Dur\u00e9e de lecture est.\" \/>\n\t<meta name=\"twitter:data2\" content=\"1 minute\" \/>\n<script type=\"application\/ld+json\" class=\"yoast-schema-graph\">{\"@context\":\"https:\/\/schema.org\",\"@graph\":[{\"@type\":\"Article\",\"@id\":\"https:\/\/vieassociative.be\/actualites\/controles-de-la-circulation-sur-le-sujet-du-devoir-de-ceinture\/#article\",\"isPartOf\":{\"@id\":\"https:\/\/vieassociative.be\/actualites\/controles-de-la-circulation-sur-le-sujet-du-devoir-de-ceinture\/\"},\"author\":{\"name\":\"Julien\",\"@id\":\"https:\/\/vieassociative.be\/actualites\/#\/schema\/person\/b87ac4f82f9d4e7b7cec7395b679edc4\"},\"headline\":\"Contr\u00f4les de la circulation sur le sujet du \u00ab\u00a0devoir de ceinture\u00a0\u00bb\",\"datePublished\":\"2025-03-11T20:17:14+00:00\",\"dateModified\":\"2025-03-11T20:17:14+00:00\",\"mainEntityOfPage\":{\"@id\":\"https:\/\/vieassociative.be\/actualites\/controles-de-la-circulation-sur-le-sujet-du-devoir-de-ceinture\/\"},\"wordCount\":166,\"publisher\":{\"@id\":\"https:\/\/vieassociative.be\/actualites\/#organization\"},\"image\":{\"@id\":\"https:\/\/vieassociative.be\/actualites\/controles-de-la-circulation-sur-le-sujet-du-devoir-de-ceinture\/#primaryimage\"},\"thumbnailUrl\":\"https:\/\/vieassociative.be\/actualites\/wp-content\/uploads\/2025\/03\/Controles-de-la-circulation-sur-le-sujet-du-devoir-de.jpg\",\"keywords\":[\"ceinture\",\"circulation\",\"Contr\u00f4les\",\"devoir\",\"sujet\",\"sur\"],\"articleSection\":[\"Belgique\"],\"inLanguage\":\"fr-BE\"},{\"@type\":\"WebPage\",\"@id\":\"https:\/\/vieassociative.be\/actualites\/controles-de-la-circulation-sur-le-sujet-du-devoir-de-ceinture\/\",\"url\":\"https:\/\/vieassociative.be\/actualites\/controles-de-la-circulation-sur-le-sujet-du-devoir-de-ceinture\/\",\"name\":\"Contr\u00f4les de la circulation sur le sujet du \\\"devoir de ceinture\\\" | Vie Associative\",\"isPartOf\":{\"@id\":\"https:\/\/vieassociative.be\/actualites\/#website\"},\"primaryImageOfPage\":{\"@id\":\"https:\/\/vieassociative.be\/actualites\/controles-de-la-circulation-sur-le-sujet-du-devoir-de-ceinture\/#primaryimage\"},\"image\":{\"@id\":\"https:\/\/vieassociative.be\/actualites\/controles-de-la-circulation-sur-le-sujet-du-devoir-de-ceinture\/#primaryimage\"},\"thumbnailUrl\":\"https:\/\/vieassociative.be\/actualites\/wp-content\/uploads\/2025\/03\/Controles-de-la-circulation-sur-le-sujet-du-devoir-de.jpg\",\"datePublished\":\"2025-03-11T20:17:14+00:00\",\"dateModified\":\"2025-03-11T20:17:14+00:00\",\"breadcrumb\":{\"@id\":\"https:\/\/vieassociative.be\/actualites\/controles-de-la-circulation-sur-le-sujet-du-devoir-de-ceinture\/#breadcrumb\"},\"inLanguage\":\"fr-BE\",\"potentialAction\":[{\"@type\":\"ReadAction\",\"target\":[\"https:\/\/vieassociative.be\/actualites\/controles-de-la-circulation-sur-le-sujet-du-devoir-de-ceinture\/\"]}]},{\"@type\":\"ImageObject\",\"inLanguage\":\"fr-BE\",\"@id\":\"https:\/\/vieassociative.be\/actualites\/controles-de-la-circulation-sur-le-sujet-du-devoir-de-ceinture\/#primaryimage\",\"url\":\"https:\/\/vieassociative.be\/actualites\/wp-content\/uploads\/2025\/03\/Controles-de-la-circulation-sur-le-sujet-du-devoir-de.jpg\",\"contentUrl\":\"https:\/\/vieassociative.be\/actualites\/wp-content\/uploads\/2025\/03\/Controles-de-la-circulation-sur-le-sujet-du-devoir-de.jpg\",\"width\":1200,\"height\":800,\"caption\":\"Contr\u00f4les de la circulation sur le sujet du \\\"devoir de ceinture\\\"\"},{\"@type\":\"BreadcrumbList\",\"@id\":\"https:\/\/vieassociative.be\/actualites\/controles-de-la-circulation-sur-le-sujet-du-devoir-de-ceinture\/#breadcrumb\",\"itemListElement\":[{\"@type\":\"ListItem\",\"position\":1,\"name\":\"Accueil\",\"item\":\"https:\/\/vieassociative.be\/actualites\/\"},{\"@type\":\"ListItem\",\"position\":2,\"name\":\"Contr\u00f4les de la circulation sur le sujet du \u00ab\u00a0devoir de ceinture\u00a0\u00bb\"}]},{\"@type\":\"WebSite\",\"@id\":\"https:\/\/vieassociative.be\/actualites\/#website\",\"url\":\"https:\/\/vieassociative.be\/actualites\/\",\"name\":\"Vie Associative\",\"description\":\"\",\"publisher\":{\"@id\":\"https:\/\/vieassociative.be\/actualites\/#organization\"},\"potentialAction\":[{\"@type\":\"SearchAction\",\"target\":{\"@type\":\"EntryPoint\",\"urlTemplate\":\"https:\/\/vieassociative.be\/actualites\/?s={search_term_string}\"},\"query-input\":{\"@type\":\"PropertyValueSpecification\",\"valueRequired\":true,\"valueName\":\"search_term_string\"}}],\"inLanguage\":\"fr-BE\"},{\"@type\":\"Organization\",\"@id\":\"https:\/\/vieassociative.be\/actualites\/#organization\",\"name\":\"Vie Associative\",\"url\":\"https:\/\/vieassociative.be\/actualites\/\",\"logo\":{\"@type\":\"ImageObject\",\"inLanguage\":\"fr-BE\",\"@id\":\"https:\/\/vieassociative.be\/actualites\/#\/schema\/logo\/image\/\",\"url\":\"https:\/\/vieassociative.be\/actualites\/wp-content\/uploads\/2024\/09\/cropped-vieassociative_favicon.ico.png\",\"contentUrl\":\"https:\/\/vieassociative.be\/actualites\/wp-content\/uploads\/2024\/09\/cropped-vieassociative_favicon.ico.png\",\"width\":512,\"height\":512,\"caption\":\"Vie Associative\"},\"image\":{\"@id\":\"https:\/\/vieassociative.be\/actualites\/#\/schema\/logo\/image\/\"}},{\"@type\":\"Person\",\"@id\":\"https:\/\/vieassociative.be\/actualites\/#\/schema\/person\/b87ac4f82f9d4e7b7cec7395b679edc4\",\"name\":\"Julien\",\"image\":{\"@type\":\"ImageObject\",\"inLanguage\":\"fr-BE\",\"@id\":\"https:\/\/vieassociative.be\/actualites\/#\/schema\/person\/image\/\",\"url\":\"https:\/\/vieassociative.be\/actualites\/wp-content\/uploads\/2024\/09\/vie-associative-1-150x150.jpg\",\"contentUrl\":\"https:\/\/vieassociative.be\/actualites\/wp-content\/uploads\/2024\/09\/vie-associative-1-150x150.jpg\",\"caption\":\"Julien\"},\"description\":\"Je suis Julien, r\u00e9dacteur pour Vie Associative. Passionn\u00e9 par le monde associatif depuis plus de 10 ans, j'ai \u00e0 c\u0153ur de partager des histoires inspirantes et de mettre en lumi\u00e8re les initiatives locales. Mon objectif est de sensibiliser et d'encourager l'engagement communautaire \u00e0 travers mes articles.\",\"sameAs\":[\"https:\/\/vieassociative.be\/\"]}]}<\/script>\n<!-- \/ Yoast SEO plugin. -->","yoast_head_json":{"title":"Contr\u00f4les de la circulation sur le sujet du \"devoir de ceinture\" | Vie Associative","robots":{"index":"index","follow":"follow","max-snippet":"max-snippet:-1","max-image-preview":"max-image-preview:large","max-video-preview":"max-video-preview:-1"},"canonical":"https:\/\/vieassociative.be\/actualites\/controles-de-la-circulation-sur-le-sujet-du-devoir-de-ceinture\/","og_locale":"fr_FR","og_type":"article","og_title":"Contr\u00f4les de la circulation sur le sujet du \"devoir de ceinture\" | Vie Associative","og_description":"Le 10\/03 dans toute la zone de la zone de police de Weser-G\u00f6hl en coop\u00e9ration avec le Nebedeagpol, le groupe de travail de la police","og_url":"https:\/\/vieassociative.be\/actualites\/controles-de-la-circulation-sur-le-sujet-du-devoir-de-ceinture\/","og_site_name":"Vie Associative","article_published_time":"2025-03-11T20:17:14+00:00","og_image":[{"width":279,"height":92,"url":"https:\/\/vieassociative.be\/actualites\/wp-content\/uploads\/2024\/09\/header_backgroundk-01-e1726694325946.png","type":"image\/png"}],"author":"Julien","twitter_card":"summary_large_image","twitter_misc":{"\u00c9crit par":"Julien","Dur\u00e9e de lecture est.":"1 minute"},"schema":{"@context":"https:\/\/schema.org","@graph":[{"@type":"Article","@id":"https:\/\/vieassociative.be\/actualites\/controles-de-la-circulation-sur-le-sujet-du-devoir-de-ceinture\/#article","isPartOf":{"@id":"https:\/\/vieassociative.be\/actualites\/controles-de-la-circulation-sur-le-sujet-du-devoir-de-ceinture\/"},"author":{"name":"Julien","@id":"https:\/\/vieassociative.be\/actualites\/#\/schema\/person\/b87ac4f82f9d4e7b7cec7395b679edc4"},"headline":"Contr\u00f4les de la circulation sur le sujet du \u00ab\u00a0devoir de ceinture\u00a0\u00bb","datePublished":"2025-03-11T20:17:14+00:00","dateModified":"2025-03-11T20:17:14+00:00","mainEntityOfPage":{"@id":"https:\/\/vieassociative.be\/actualites\/controles-de-la-circulation-sur-le-sujet-du-devoir-de-ceinture\/"},"wordCount":166,"publisher":{"@id":"https:\/\/vieassociative.be\/actualites\/#organization"},"image":{"@id":"https:\/\/vieassociative.be\/actualites\/controles-de-la-circulation-sur-le-sujet-du-devoir-de-ceinture\/#primaryimage"},"thumbnailUrl":"https:\/\/vieassociative.be\/actualites\/wp-content\/uploads\/2025\/03\/Controles-de-la-circulation-sur-le-sujet-du-devoir-de.jpg","keywords":["ceinture","circulation","Contr\u00f4les","devoir","sujet","sur"],"articleSection":["Belgique"],"inLanguage":"fr-BE"},{"@type":"WebPage","@id":"https:\/\/vieassociative.be\/actualites\/controles-de-la-circulation-sur-le-sujet-du-devoir-de-ceinture\/","url":"https:\/\/vieassociative.be\/actualites\/controles-de-la-circulation-sur-le-sujet-du-devoir-de-ceinture\/","name":"Contr\u00f4les de la circulation sur le sujet du \"devoir de ceinture\" | Vie Associative","isPartOf":{"@id":"https:\/\/vieassociative.be\/actualites\/#website"},"primaryImageOfPage":{"@id":"https:\/\/vieassociative.be\/actualites\/controles-de-la-circulation-sur-le-sujet-du-devoir-de-ceinture\/#primaryimage"},"image":{"@id":"https:\/\/vieassociative.be\/actualites\/controles-de-la-circulation-sur-le-sujet-du-devoir-de-ceinture\/#primaryimage"},"thumbnailUrl":"https:\/\/vieassociative.be\/actualites\/wp-content\/uploads\/2025\/03\/Controles-de-la-circulation-sur-le-sujet-du-devoir-de.jpg","datePublished":"2025-03-11T20:17:14+00:00","dateModified":"2025-03-11T20:17:14+00:00","breadcrumb":{"@id":"https:\/\/vieassociative.be\/actualites\/controles-de-la-circulation-sur-le-sujet-du-devoir-de-ceinture\/#breadcrumb"},"inLanguage":"fr-BE","potentialAction":[{"@type":"ReadAction","target":["https:\/\/vieassociative.be\/actualites\/controles-de-la-circulation-sur-le-sujet-du-devoir-de-ceinture\/"]}]},{"@type":"ImageObject","inLanguage":"fr-BE","@id":"https:\/\/vieassociative.be\/actualites\/controles-de-la-circulation-sur-le-sujet-du-devoir-de-ceinture\/#primaryimage","url":"https:\/\/vieassociative.be\/actualites\/wp-content\/uploads\/2025\/03\/Controles-de-la-circulation-sur-le-sujet-du-devoir-de.jpg","contentUrl":"https:\/\/vieassociative.be\/actualites\/wp-content\/uploads\/2025\/03\/Controles-de-la-circulation-sur-le-sujet-du-devoir-de.jpg","width":1200,"height":800,"caption":"Contr\u00f4les de la circulation sur le sujet du \"devoir de ceinture\""},{"@type":"BreadcrumbList","@id":"https:\/\/vieassociative.be\/actualites\/controles-de-la-circulation-sur-le-sujet-du-devoir-de-ceinture\/#breadcrumb","itemListElement":[{"@type":"ListItem","position":1,"name":"Accueil","item":"https:\/\/vieassociative.be\/actualites\/"},{"@type":"ListItem","position":2,"name":"Contr\u00f4les de la circulation sur le sujet du \u00ab\u00a0devoir de ceinture\u00a0\u00bb"}]},{"@type":"WebSite","@id":"https:\/\/vieassociative.be\/actualites\/#website","url":"https:\/\/vieassociative.be\/actualites\/","name":"Vie Associative","description":"","publisher":{"@id":"https:\/\/vieassociative.be\/actualites\/#organization"},"potentialAction":[{"@type":"SearchAction","target":{"@type":"EntryPoint","urlTemplate":"https:\/\/vieassociative.be\/actualites\/?s={search_term_string}"},"query-input":{"@type":"PropertyValueSpecification","valueRequired":true,"valueName":"search_term_string"}}],"inLanguage":"fr-BE"},{"@type":"Organization","@id":"https:\/\/vieassociative.be\/actualites\/#organization","name":"Vie Associative","url":"https:\/\/vieassociative.be\/actualites\/","logo":{"@type":"ImageObject","inLanguage":"fr-BE","@id":"https:\/\/vieassociative.be\/actualites\/#\/schema\/logo\/image\/","url":"https:\/\/vieassociative.be\/actualites\/wp-content\/uploads\/2024\/09\/cropped-vieassociative_favicon.ico.png","contentUrl":"https:\/\/vieassociative.be\/actualites\/wp-content\/uploads\/2024\/09\/cropped-vieassociative_favicon.ico.png","width":512,"height":512,"caption":"Vie Associative"},"image":{"@id":"https:\/\/vieassociative.be\/actualites\/#\/schema\/logo\/image\/"}},{"@type":"Person","@id":"https:\/\/vieassociative.be\/actualites\/#\/schema\/person\/b87ac4f82f9d4e7b7cec7395b679edc4","name":"Julien","image":{"@type":"ImageObject","inLanguage":"fr-BE","@id":"https:\/\/vieassociative.be\/actualites\/#\/schema\/person\/image\/","url":"https:\/\/vieassociative.be\/actualites\/wp-content\/uploads\/2024\/09\/vie-associative-1-150x150.jpg","contentUrl":"https:\/\/vieassociative.be\/actualites\/wp-content\/uploads\/2024\/09\/vie-associative-1-150x150.jpg","caption":"Julien"},"description":"Je suis Julien, r\u00e9dacteur pour Vie Associative. Passionn\u00e9 par le monde associatif depuis plus de 10 ans, j'ai \u00e0 c\u0153ur de partager des histoires inspirantes et de mettre en lumi\u00e8re les initiatives locales. Mon objectif est de sensibiliser et d'encourager l'engagement communautaire \u00e0 travers mes articles.","sameAs":["https:\/\/vieassociative.be\/"]}]}},"_links":{"self":[{"href":"https:\/\/vieassociative.be\/actualites\/wp-json\/wp\/v2\/posts\/5805"}],"collection":[{"href":"https:\/\/vieassociative.be\/actualites\/wp-json\/wp\/v2\/posts"}],"about":[{"href":"https:\/\/vieassociative.be\/actualites\/wp-json\/wp\/v2\/types\/post"}],"author":[{"embeddable":true,"href":"https:\/\/vieassociative.be\/actualites\/wp-json\/wp\/v2\/users\/1"}],"replies":[{"embeddable":true,"href":"https:\/\/vieassociative.be\/actualites\/wp-json\/wp\/v2\/comments?post=5805"}],"version-history":[{"count":0,"href":"https:\/\/vieassociative.be\/actualites\/wp-json\/wp\/v2\/posts\/5805\/revisions"}],"wp:featuredmedia":[{"embeddable":true,"href":"https:\/\/vieassociative.be\/actualites\/wp-json\/wp\/v2\/media\/5806"}],"wp:attachment":[{"href":"https:\/\/vieassociative.be\/actualites\/wp-json\/wp\/v2\/media?parent=5805"}],"wp:term":[{"taxonomy":"category","embeddable":true,"href":"https:\/\/vieassociative.be\/actualites\/wp-json\/wp\/v2\/categories?post=5805"},{"taxonomy":"post_tag","embeddable":true,"href":"https:\/\/vieassociative.be\/actualites\/wp-json\/wp\/v2\/tags?post=5805"}],"curies":[{"name":"wp","href":"https:\/\/api.w.org\/{rel}","templated":true}]}}