{"id":5801,"date":"2025-03-11T18:20:34","date_gmt":"2025-03-11T17:20:34","guid":{"rendered":"https:\/\/vieassociative.be\/actualites\/windows-a-un-gestionnaire-de-packages-cache\/"},"modified":"2025-03-11T18:20:34","modified_gmt":"2025-03-11T17:20:34","slug":"windows-a-un-gestionnaire-de-packages-cache","status":"publish","type":"post","link":"https:\/\/vieassociative.be\/actualites\/windows-a-un-gestionnaire-de-packages-cache\/","title":{"rendered":"Windows a un gestionnaire de packages cach\u00e9"},"content":{"rendered":"<div class=\"mt-4 leading-6 md:mb-8\">Installez presque toutes les applications avec quelques touches.<\/div>\n<p><\/p>\n<p>L&rsquo;installation d&rsquo;un tas d&rsquo;applications \u00e0 la fois sur Windows peut \u00eatre ennuyeuse. Vous devez trouver les packages d&rsquo;installation, les t\u00e9l\u00e9charger, puis les ex\u00e9cuter tous, les uns apr\u00e8s les autres. Il faut passer un tas de temps \u00e0 cliquer sur les menus et \u00e0 cocher les cases. Mais vous n&rsquo;avez pas \u00e0 vivre de cette fa\u00e7on. <\/p>\n<p>Les utilisateurs de Linux ont longtemps utilis\u00e9 des gestionnaires de packages pour y parvenir avec beaucoup plus de facilit\u00e9 &#8211; comme certains utilisateurs de Mac. \u00c0 l&rsquo;aide d&rsquo;un gestionnaire de packages, vous pouvez taper une seule commande pour installer autant d&rsquo;applications diff\u00e9rentes que vous le souhaitez. Et, il s&rsquo;av\u00e8re que Windows est livr\u00e9 avec un gestionnaire de packages. \u00c7a s&rsquo;appelle Winget. <\/p>\n<p>Vous pouvez l&rsquo;essayer d\u00e8s maintenant &#8211; ouvrir PowerShell, que vous pouvez trouver dans le menu D\u00e9marrer ou en cliquant avec le bouton droit sur le logo Windows et en cliquant sur \u00ab\u00a0Terminal\u00a0\u00bb. Taper <code>winget search<\/code> suivi de l&rsquo;application que vous souhaitez installer. Dans la plupart des cas, vous devez recevoir une liste d&rsquo;options.<\/p>\n<div class=\"eloquent-imagery-image\">\n<div class=\"flex justify-center\">\n                    <img decoding=\"async\" class=\"border border-gray-100\" src=\"https:\/\/vieassociative.be\/actualites\/wp-content\/uploads\/2025\/03\/Windows-a-un-gestionnaire-de-packages-cache.png\" alt=\"La commande \" winget search steam results in many orgainzed a table. the relevant bit of information is id column. width=\"2000\" height=\"643\" loading=\"lazy\"  >\n            <\/div>\n<\/p><\/div>\n<p>Dans l&rsquo;exemple ci-dessus, je voulais installer de la vapeur, alors j&rsquo;ai dirig\u00e9 la commande <code>winget search steam<\/code>. J&rsquo;ai obtenu une longue liste de r\u00e9sultats, principalement parce qu&rsquo;il existe un tas d&rsquo;applications qui incluent le mot \u00abvapeur\u00bb. La deuxi\u00e8me colonne, \u00e9tiquet\u00e9e, me dit le nom exact dont j&rsquo;ai besoin pour installer le package en question. Apr\u00e8s avoir trouv\u00e9 l&rsquo;application que je veux, je peux l&rsquo;installer avec une commande. Dans ce cas, je tape <code>winget install Valve.Steam<\/code> Et appuyez sur Entr\u00e9e, et Winget le prendra \u00e0 partir de l\u00e0.<\/p>\n<div class=\"eloquent-imagery-image\">\n<div class=\"flex justify-center\">\n                    <img decoding=\"async\" class=\"border border-gray-100\" src=\"https:\/\/vieassociative.be\/actualites\/wp-content\/uploads\/2025\/03\/1741713634_163_Windows-a-un-gestionnaire-de-packages-cache.png\" alt=\"Une capture d'\u00e9cran de Winget Installe la vapeur apr\u00e8s la commande \" winget install valve.steam is run. width=\"2000\" height=\"575\" loading=\"lazy\"  >\n            <\/div>\n<\/p><\/div>\n<p>Apr\u00e8s avoir tap\u00e9 cette commande, Winget t\u00e9l\u00e9charge Steam et ex\u00e9cute automatiquement l&rsquo;installateur pour moi. Notez que si vous n&rsquo;utilisez pas un administrateur PowerShell, vous serez invit\u00e9 \u00e0 donner des autorisations d&rsquo;installation. Vous pouvez lancer PowerShell en tant qu&rsquo;administrateur en cliquant avec le bouton droit sur le logo Windows dans la barre des t\u00e2ches et en cliquant sur \u00ab\u00a0Terminal (Admin)\u00a0\u00bb. Alternativement, vous pouvez utiliser Sudo pour Windows.<\/p>\n<p>Cette mise en garde \u00e0 part, vous pouvez utiliser ces commandes pour installer l&rsquo;une des pr\u00e8s de 8 000 applications. Et cela s&rsquo;am\u00e9liore encore, car vous n&rsquo;\u00eates pas limit\u00e9 \u00e0 l&rsquo;installation d&rsquo;une application \u00e0 la fois &#8211; votre commande peut inclure autant d&rsquo;applications que vous le souhaitez, et Winget les installera tous.<\/p>\n<div class=\"eloquent-imagery-image\">\n<div class=\"flex justify-center\">\n                    <img decoding=\"async\" class=\"border border-gray-100\" src=\"https:\/\/vieassociative.be\/actualites\/wp-content\/uploads\/2025\/03\/1741713634_22_Windows-a-un-gestionnaire-de-packages-cache.png\" alt=\"Une capture d'\u00e9cran du site Web Winstall.App offrant plusieurs applications populaires, notamment Zoom, OBDIO, Notion et Firefoxt\" width=\"2000\" height=\"906\" loading=\"lazy\"  >\n            <\/div>\n<\/p><\/div>\n<h2 id=\"bulk-install-a-bunch-of-programs-with-hep-from-winstallapp\">Bulk Installez un tas de programmes avec HEP de Winstall.App<\/h2>\n<p>Vous pouvez consulter le nom d&rsquo;identification de chaque application que vous souhaitez installer comme d\u00e9crit ci-dessus, mais il y a un site Web qui vous facilite le processus: winstall.app. Il s&rsquo;agit essentiellement d&rsquo;un r\u00e9pertoire pour Winget qui vous permet de s\u00e9lectionner autant d&rsquo;applications que vous le souhaitez et de copier une seule commande que vous pouvez utiliser pour les installer toutes en une seule fois.<\/p>\n<div class=\"eloquent-imagery-image\">\n<div class=\"flex justify-center\">\n                    <img decoding=\"async\" class=\"border border-gray-100\" src=\"https:\/\/vieassociative.be\/actualites\/wp-content\/uploads\/2025\/03\/1741713634_567_Windows-a-un-gestionnaire-de-packages-cache.png\" alt=\"Winget Listing ce qui a besoin de mises \u00e0 jour, puis de l'installation de ces mises \u00e0 jour.\" width=\"2000\" height=\"1141\" loading=\"lazy\"  >\n            <\/div>\n<\/p><\/div>\n<h2 id=\"winget-can-also-run-updates-delete-programs-and-more\">Winget peut \u00e9galement ex\u00e9cuter des mises \u00e0 jour, supprimer des programmes et plus<\/h2>\n<p>Winget peut faire plus que simplement installer des applications. Vous pouvez \u00e9galement l&rsquo;utiliser pour mettre \u00e0 jour tous les logiciels que vous avez install\u00e9s \u00e0 l&rsquo;aide. Tout d&rsquo;abord, tapez <code>winget update<\/code> Pour voir une liste de toutes les applications qui ont besoin de mises \u00e0 jour. Ensuite, tapez <code>winget update --all<\/code> Pour installer toutes les mises \u00e0 jour r\u00e9pertori\u00e9es.<\/p>\n<p>Vous pouvez \u00e9galement supprimer les applications \u00e0 l&rsquo;aide de Winget: Type <code>winget remove<\/code> suivi du nom du package de l&rsquo;application que vous souhaitez supprimer &#8211; par exemple, <code>winget remove Valve.Steam<\/code>.<\/p>\n<p>Il y a un peu plus Winget peut faire, y compris le t\u00e9l\u00e9chargement des installateurs sans les ex\u00e9cuter (<code>winget download<\/code>) et exporter votre liste actuelle de packages afin que vous puissiez le r\u00e9utiliser sur un autre appareil (<code>winget export<\/code>). En savoir plus en consultant la documentation officielle Winget de Microsoft.<\/p>\n","protected":false},"excerpt":{"rendered":"<p>Installez presque toutes les applications avec quelques touches. L&rsquo;installation d&rsquo;un tas d&rsquo;applications \u00e0 la fois sur Windows peut \u00eatre ennuyeuse. Vous devez trouver les packages<\/p>\n","protected":false},"author":1,"featured_media":5802,"comment_status":"","ping_status":"","sticky":false,"template":"","format":"standard","meta":{"footnotes":""},"categories":[13],"tags":[2227,5803,5804,171],"class_list":["post-5801","post","type-post","status-publish","format-standard","has-post-thumbnail","hentry","category-technologie","tag-cache","tag-gestionnaire","tag-packages","tag-windows","generate-columns","tablet-grid-50","mobile-grid-100","grid-parent","grid-33"],"yoast_head":"<!-- This site is optimized with the Yoast SEO plugin v24.0 - https:\/\/yoast.com\/wordpress\/plugins\/seo\/ -->\n<title>Windows a un gestionnaire de packages cach\u00e9 | Vie Associative<\/title>\n<meta name=\"robots\" content=\"index, follow, max-snippet:-1, max-image-preview:large, max-video-preview:-1\" \/>\n<link rel=\"canonical\" href=\"https:\/\/vieassociative.be\/actualites\/windows-a-un-gestionnaire-de-packages-cache\/\" \/>\n<meta property=\"og:locale\" content=\"fr_FR\" \/>\n<meta property=\"og:type\" content=\"article\" \/>\n<meta property=\"og:title\" content=\"Windows a un gestionnaire de packages cach\u00e9 | Vie Associative\" \/>\n<meta property=\"og:description\" content=\"Installez presque toutes les applications avec quelques touches. L&rsquo;installation d&rsquo;un tas d&rsquo;applications \u00e0 la fois sur Windows peut \u00eatre ennuyeuse. Vous devez trouver les packages\" \/>\n<meta property=\"og:url\" content=\"https:\/\/vieassociative.be\/actualites\/windows-a-un-gestionnaire-de-packages-cache\/\" \/>\n<meta property=\"og:site_name\" content=\"Vie Associative\" \/>\n<meta property=\"article:published_time\" content=\"2025-03-11T17:20:34+00:00\" \/>\n<meta property=\"og:image\" content=\"https:\/\/vieassociative.be\/actualites\/wp-content\/uploads\/2025\/03\/Windows-a-un-gestionnaire-de-packages-cache.png\" \/>\n<meta name=\"author\" content=\"Julien\" \/>\n<meta name=\"twitter:card\" content=\"summary_large_image\" \/>\n<meta name=\"twitter:label1\" content=\"\u00c9crit par\" \/>\n\t<meta name=\"twitter:data1\" content=\"Julien\" \/>\n\t<meta name=\"twitter:label2\" content=\"Dur\u00e9e de lecture est.\" \/>\n\t<meta name=\"twitter:data2\" content=\"3 minutes\" \/>\n<script type=\"application\/ld+json\" class=\"yoast-schema-graph\">{\"@context\":\"https:\/\/schema.org\",\"@graph\":[{\"@type\":\"Article\",\"@id\":\"https:\/\/vieassociative.be\/actualites\/windows-a-un-gestionnaire-de-packages-cache\/#article\",\"isPartOf\":{\"@id\":\"https:\/\/vieassociative.be\/actualites\/windows-a-un-gestionnaire-de-packages-cache\/\"},\"author\":{\"name\":\"Julien\",\"@id\":\"https:\/\/vieassociative.be\/actualites\/#\/schema\/person\/b87ac4f82f9d4e7b7cec7395b679edc4\"},\"headline\":\"Windows a un gestionnaire de packages cach\u00e9\",\"datePublished\":\"2025-03-11T17:20:34+00:00\",\"dateModified\":\"2025-03-11T17:20:34+00:00\",\"mainEntityOfPage\":{\"@id\":\"https:\/\/vieassociative.be\/actualites\/windows-a-un-gestionnaire-de-packages-cache\/\"},\"wordCount\":650,\"publisher\":{\"@id\":\"https:\/\/vieassociative.be\/actualites\/#organization\"},\"image\":{\"@id\":\"https:\/\/vieassociative.be\/actualites\/windows-a-un-gestionnaire-de-packages-cache\/#primaryimage\"},\"thumbnailUrl\":\"https:\/\/vieassociative.be\/actualites\/wp-content\/uploads\/2025\/03\/1741713635_Windows-a-un-gestionnaire-de-packages-cache.png\",\"keywords\":[\"cach\u00e9\",\"gestionnaire\",\"packages\",\"Windows\"],\"articleSection\":[\"Technologie\"],\"inLanguage\":\"fr-BE\"},{\"@type\":\"WebPage\",\"@id\":\"https:\/\/vieassociative.be\/actualites\/windows-a-un-gestionnaire-de-packages-cache\/\",\"url\":\"https:\/\/vieassociative.be\/actualites\/windows-a-un-gestionnaire-de-packages-cache\/\",\"name\":\"Windows a un gestionnaire de packages cach\u00e9 | Vie Associative\",\"isPartOf\":{\"@id\":\"https:\/\/vieassociative.be\/actualites\/#website\"},\"primaryImageOfPage\":{\"@id\":\"https:\/\/vieassociative.be\/actualites\/windows-a-un-gestionnaire-de-packages-cache\/#primaryimage\"},\"image\":{\"@id\":\"https:\/\/vieassociative.be\/actualites\/windows-a-un-gestionnaire-de-packages-cache\/#primaryimage\"},\"thumbnailUrl\":\"https:\/\/vieassociative.be\/actualites\/wp-content\/uploads\/2025\/03\/1741713635_Windows-a-un-gestionnaire-de-packages-cache.png\",\"datePublished\":\"2025-03-11T17:20:34+00:00\",\"dateModified\":\"2025-03-11T17:20:34+00:00\",\"breadcrumb\":{\"@id\":\"https:\/\/vieassociative.be\/actualites\/windows-a-un-gestionnaire-de-packages-cache\/#breadcrumb\"},\"inLanguage\":\"fr-BE\",\"potentialAction\":[{\"@type\":\"ReadAction\",\"target\":[\"https:\/\/vieassociative.be\/actualites\/windows-a-un-gestionnaire-de-packages-cache\/\"]}]},{\"@type\":\"ImageObject\",\"inLanguage\":\"fr-BE\",\"@id\":\"https:\/\/vieassociative.be\/actualites\/windows-a-un-gestionnaire-de-packages-cache\/#primaryimage\",\"url\":\"https:\/\/vieassociative.be\/actualites\/wp-content\/uploads\/2025\/03\/1741713635_Windows-a-un-gestionnaire-de-packages-cache.png\",\"contentUrl\":\"https:\/\/vieassociative.be\/actualites\/wp-content\/uploads\/2025\/03\/1741713635_Windows-a-un-gestionnaire-de-packages-cache.png\",\"width\":1200,\"height\":675,\"caption\":\"Windows a un gestionnaire de packages cach\u00e9\"},{\"@type\":\"BreadcrumbList\",\"@id\":\"https:\/\/vieassociative.be\/actualites\/windows-a-un-gestionnaire-de-packages-cache\/#breadcrumb\",\"itemListElement\":[{\"@type\":\"ListItem\",\"position\":1,\"name\":\"Accueil\",\"item\":\"https:\/\/vieassociative.be\/actualites\/\"},{\"@type\":\"ListItem\",\"position\":2,\"name\":\"Windows a un gestionnaire de packages cach\u00e9\"}]},{\"@type\":\"WebSite\",\"@id\":\"https:\/\/vieassociative.be\/actualites\/#website\",\"url\":\"https:\/\/vieassociative.be\/actualites\/\",\"name\":\"Vie Associative\",\"description\":\"\",\"publisher\":{\"@id\":\"https:\/\/vieassociative.be\/actualites\/#organization\"},\"potentialAction\":[{\"@type\":\"SearchAction\",\"target\":{\"@type\":\"EntryPoint\",\"urlTemplate\":\"https:\/\/vieassociative.be\/actualites\/?s={search_term_string}\"},\"query-input\":{\"@type\":\"PropertyValueSpecification\",\"valueRequired\":true,\"valueName\":\"search_term_string\"}}],\"inLanguage\":\"fr-BE\"},{\"@type\":\"Organization\",\"@id\":\"https:\/\/vieassociative.be\/actualites\/#organization\",\"name\":\"Vie Associative\",\"url\":\"https:\/\/vieassociative.be\/actualites\/\",\"logo\":{\"@type\":\"ImageObject\",\"inLanguage\":\"fr-BE\",\"@id\":\"https:\/\/vieassociative.be\/actualites\/#\/schema\/logo\/image\/\",\"url\":\"https:\/\/vieassociative.be\/actualites\/wp-content\/uploads\/2024\/09\/cropped-vieassociative_favicon.ico.png\",\"contentUrl\":\"https:\/\/vieassociative.be\/actualites\/wp-content\/uploads\/2024\/09\/cropped-vieassociative_favicon.ico.png\",\"width\":512,\"height\":512,\"caption\":\"Vie Associative\"},\"image\":{\"@id\":\"https:\/\/vieassociative.be\/actualites\/#\/schema\/logo\/image\/\"}},{\"@type\":\"Person\",\"@id\":\"https:\/\/vieassociative.be\/actualites\/#\/schema\/person\/b87ac4f82f9d4e7b7cec7395b679edc4\",\"name\":\"Julien\",\"image\":{\"@type\":\"ImageObject\",\"inLanguage\":\"fr-BE\",\"@id\":\"https:\/\/vieassociative.be\/actualites\/#\/schema\/person\/image\/\",\"url\":\"https:\/\/vieassociative.be\/actualites\/wp-content\/uploads\/2024\/09\/vie-associative-1-150x150.jpg\",\"contentUrl\":\"https:\/\/vieassociative.be\/actualites\/wp-content\/uploads\/2024\/09\/vie-associative-1-150x150.jpg\",\"caption\":\"Julien\"},\"description\":\"Je suis Julien, r\u00e9dacteur pour Vie Associative. Passionn\u00e9 par le monde associatif depuis plus de 10 ans, j'ai \u00e0 c\u0153ur de partager des histoires inspirantes et de mettre en lumi\u00e8re les initiatives locales. Mon objectif est de sensibiliser et d'encourager l'engagement communautaire \u00e0 travers mes articles.\",\"sameAs\":[\"https:\/\/vieassociative.be\/\"]}]}<\/script>\n<!-- \/ Yoast SEO plugin. -->","yoast_head_json":{"title":"Windows a un gestionnaire de packages cach\u00e9 | Vie Associative","robots":{"index":"index","follow":"follow","max-snippet":"max-snippet:-1","max-image-preview":"max-image-preview:large","max-video-preview":"max-video-preview:-1"},"canonical":"https:\/\/vieassociative.be\/actualites\/windows-a-un-gestionnaire-de-packages-cache\/","og_locale":"fr_FR","og_type":"article","og_title":"Windows a un gestionnaire de packages cach\u00e9 | Vie Associative","og_description":"Installez presque toutes les applications avec quelques touches. L&rsquo;installation d&rsquo;un tas d&rsquo;applications \u00e0 la fois sur Windows peut \u00eatre ennuyeuse. Vous devez trouver les packages","og_url":"https:\/\/vieassociative.be\/actualites\/windows-a-un-gestionnaire-de-packages-cache\/","og_site_name":"Vie Associative","article_published_time":"2025-03-11T17:20:34+00:00","og_image":[{"url":"https:\/\/vieassociative.be\/actualites\/wp-content\/uploads\/2025\/03\/Windows-a-un-gestionnaire-de-packages-cache.png","type":"","width":"","height":""}],"author":"Julien","twitter_card":"summary_large_image","twitter_misc":{"\u00c9crit par":"Julien","Dur\u00e9e de lecture est.":"3 minutes"},"schema":{"@context":"https:\/\/schema.org","@graph":[{"@type":"Article","@id":"https:\/\/vieassociative.be\/actualites\/windows-a-un-gestionnaire-de-packages-cache\/#article","isPartOf":{"@id":"https:\/\/vieassociative.be\/actualites\/windows-a-un-gestionnaire-de-packages-cache\/"},"author":{"name":"Julien","@id":"https:\/\/vieassociative.be\/actualites\/#\/schema\/person\/b87ac4f82f9d4e7b7cec7395b679edc4"},"headline":"Windows a un gestionnaire de packages cach\u00e9","datePublished":"2025-03-11T17:20:34+00:00","dateModified":"2025-03-11T17:20:34+00:00","mainEntityOfPage":{"@id":"https:\/\/vieassociative.be\/actualites\/windows-a-un-gestionnaire-de-packages-cache\/"},"wordCount":650,"publisher":{"@id":"https:\/\/vieassociative.be\/actualites\/#organization"},"image":{"@id":"https:\/\/vieassociative.be\/actualites\/windows-a-un-gestionnaire-de-packages-cache\/#primaryimage"},"thumbnailUrl":"https:\/\/vieassociative.be\/actualites\/wp-content\/uploads\/2025\/03\/1741713635_Windows-a-un-gestionnaire-de-packages-cache.png","keywords":["cach\u00e9","gestionnaire","packages","Windows"],"articleSection":["Technologie"],"inLanguage":"fr-BE"},{"@type":"WebPage","@id":"https:\/\/vieassociative.be\/actualites\/windows-a-un-gestionnaire-de-packages-cache\/","url":"https:\/\/vieassociative.be\/actualites\/windows-a-un-gestionnaire-de-packages-cache\/","name":"Windows a un gestionnaire de packages cach\u00e9 | Vie Associative","isPartOf":{"@id":"https:\/\/vieassociative.be\/actualites\/#website"},"primaryImageOfPage":{"@id":"https:\/\/vieassociative.be\/actualites\/windows-a-un-gestionnaire-de-packages-cache\/#primaryimage"},"image":{"@id":"https:\/\/vieassociative.be\/actualites\/windows-a-un-gestionnaire-de-packages-cache\/#primaryimage"},"thumbnailUrl":"https:\/\/vieassociative.be\/actualites\/wp-content\/uploads\/2025\/03\/1741713635_Windows-a-un-gestionnaire-de-packages-cache.png","datePublished":"2025-03-11T17:20:34+00:00","dateModified":"2025-03-11T17:20:34+00:00","breadcrumb":{"@id":"https:\/\/vieassociative.be\/actualites\/windows-a-un-gestionnaire-de-packages-cache\/#breadcrumb"},"inLanguage":"fr-BE","potentialAction":[{"@type":"ReadAction","target":["https:\/\/vieassociative.be\/actualites\/windows-a-un-gestionnaire-de-packages-cache\/"]}]},{"@type":"ImageObject","inLanguage":"fr-BE","@id":"https:\/\/vieassociative.be\/actualites\/windows-a-un-gestionnaire-de-packages-cache\/#primaryimage","url":"https:\/\/vieassociative.be\/actualites\/wp-content\/uploads\/2025\/03\/1741713635_Windows-a-un-gestionnaire-de-packages-cache.png","contentUrl":"https:\/\/vieassociative.be\/actualites\/wp-content\/uploads\/2025\/03\/1741713635_Windows-a-un-gestionnaire-de-packages-cache.png","width":1200,"height":675,"caption":"Windows a un gestionnaire de packages cach\u00e9"},{"@type":"BreadcrumbList","@id":"https:\/\/vieassociative.be\/actualites\/windows-a-un-gestionnaire-de-packages-cache\/#breadcrumb","itemListElement":[{"@type":"ListItem","position":1,"name":"Accueil","item":"https:\/\/vieassociative.be\/actualites\/"},{"@type":"ListItem","position":2,"name":"Windows a un gestionnaire de packages cach\u00e9"}]},{"@type":"WebSite","@id":"https:\/\/vieassociative.be\/actualites\/#website","url":"https:\/\/vieassociative.be\/actualites\/","name":"Vie Associative","description":"","publisher":{"@id":"https:\/\/vieassociative.be\/actualites\/#organization"},"potentialAction":[{"@type":"SearchAction","target":{"@type":"EntryPoint","urlTemplate":"https:\/\/vieassociative.be\/actualites\/?s={search_term_string}"},"query-input":{"@type":"PropertyValueSpecification","valueRequired":true,"valueName":"search_term_string"}}],"inLanguage":"fr-BE"},{"@type":"Organization","@id":"https:\/\/vieassociative.be\/actualites\/#organization","name":"Vie Associative","url":"https:\/\/vieassociative.be\/actualites\/","logo":{"@type":"ImageObject","inLanguage":"fr-BE","@id":"https:\/\/vieassociative.be\/actualites\/#\/schema\/logo\/image\/","url":"https:\/\/vieassociative.be\/actualites\/wp-content\/uploads\/2024\/09\/cropped-vieassociative_favicon.ico.png","contentUrl":"https:\/\/vieassociative.be\/actualites\/wp-content\/uploads\/2024\/09\/cropped-vieassociative_favicon.ico.png","width":512,"height":512,"caption":"Vie Associative"},"image":{"@id":"https:\/\/vieassociative.be\/actualites\/#\/schema\/logo\/image\/"}},{"@type":"Person","@id":"https:\/\/vieassociative.be\/actualites\/#\/schema\/person\/b87ac4f82f9d4e7b7cec7395b679edc4","name":"Julien","image":{"@type":"ImageObject","inLanguage":"fr-BE","@id":"https:\/\/vieassociative.be\/actualites\/#\/schema\/person\/image\/","url":"https:\/\/vieassociative.be\/actualites\/wp-content\/uploads\/2024\/09\/vie-associative-1-150x150.jpg","contentUrl":"https:\/\/vieassociative.be\/actualites\/wp-content\/uploads\/2024\/09\/vie-associative-1-150x150.jpg","caption":"Julien"},"description":"Je suis Julien, r\u00e9dacteur pour Vie Associative. Passionn\u00e9 par le monde associatif depuis plus de 10 ans, j'ai \u00e0 c\u0153ur de partager des histoires inspirantes et de mettre en lumi\u00e8re les initiatives locales. Mon objectif est de sensibiliser et d'encourager l'engagement communautaire \u00e0 travers mes articles.","sameAs":["https:\/\/vieassociative.be\/"]}]}},"_links":{"self":[{"href":"https:\/\/vieassociative.be\/actualites\/wp-json\/wp\/v2\/posts\/5801"}],"collection":[{"href":"https:\/\/vieassociative.be\/actualites\/wp-json\/wp\/v2\/posts"}],"about":[{"href":"https:\/\/vieassociative.be\/actualites\/wp-json\/wp\/v2\/types\/post"}],"author":[{"embeddable":true,"href":"https:\/\/vieassociative.be\/actualites\/wp-json\/wp\/v2\/users\/1"}],"replies":[{"embeddable":true,"href":"https:\/\/vieassociative.be\/actualites\/wp-json\/wp\/v2\/comments?post=5801"}],"version-history":[{"count":0,"href":"https:\/\/vieassociative.be\/actualites\/wp-json\/wp\/v2\/posts\/5801\/revisions"}],"wp:featuredmedia":[{"embeddable":true,"href":"https:\/\/vieassociative.be\/actualites\/wp-json\/wp\/v2\/media\/5802"}],"wp:attachment":[{"href":"https:\/\/vieassociative.be\/actualites\/wp-json\/wp\/v2\/media?parent=5801"}],"wp:term":[{"taxonomy":"category","embeddable":true,"href":"https:\/\/vieassociative.be\/actualites\/wp-json\/wp\/v2\/categories?post=5801"},{"taxonomy":"post_tag","embeddable":true,"href":"https:\/\/vieassociative.be\/actualites\/wp-json\/wp\/v2\/tags?post=5801"}],"curies":[{"name":"wp","href":"https:\/\/api.w.org\/{rel}","templated":true}]}}