{"id":5798,"date":"2025-03-11T15:18:52","date_gmt":"2025-03-11T14:18:52","guid":{"rendered":"https:\/\/vieassociative.be\/actualites\/les-craintes-economiques-laissent-que-les-cours-americains-se-posent-la-part-du-fabricant-de-voitures-de-musc-tesla-perd-plus-de-15\/"},"modified":"2025-03-11T15:18:52","modified_gmt":"2025-03-11T14:18:52","slug":"les-craintes-economiques-laissent-que-les-cours-americains-se-posent-la-part-du-fabricant-de-voitures-de-musc-tesla-perd-plus-de-15","status":"publish","type":"post","link":"https:\/\/vieassociative.be\/actualites\/les-craintes-economiques-laissent-que-les-cours-americains-se-posent-la-part-du-fabricant-de-voitures-de-musc-tesla-perd-plus-de-15\/","title":{"rendered":"Les craintes \u00e9conomiques Laissent que les cours am\u00e9ricains se posent la part du fabricant de voitures de musc, Tesla, perd plus de 15%"},"content":{"rendered":"<p><strong>Sur l&rsquo;\u00e9change am\u00e9ricain, la peur \u00e9conomique de l&rsquo;\u00e9conomie se propage. Entre autres choses, la politique de douane erratique du pr\u00e9sident am\u00e9ricain Donald Trump et la compensation de l&rsquo;appareil de l&rsquo;\u00c9tat craignent de plus en plus des effets n\u00e9gatifs sur l&rsquo;\u00e9conomie.<\/strong><\/p>\n<p><span id=\"more-410991\"><\/span>Cela a \u00e9t\u00e9 refl\u00e9t\u00e9 lundi, en particulier dans une vente d&rsquo;actions technologiques. L&rsquo;indice technologique NASDAQ 100 a subi la plus grande perte de jour depuis 2022. La part du constructeur automobile \u00e9lectrique Elon Musk Tesla a perdu plus de 15%.<\/p>\n<p>Aujourd&rsquo;hui, la tendance sur les bourses asiatiques s&rsquo;est poursuivie: au Japon, l&rsquo;indice leader Nikkei-225 a chut\u00e9 de 0,9% peu avant la fin du commerce. Le Hang Seng \u00e0 Hong Kong a chut\u00e9 d&rsquo;environ 1% et le CSI 300 avec les actions du continent chinois les plus importantes a perdu 0,4%<\/p>\n<div id=\"attachment_410999\" class=\"wp-caption alignleft\" style=\"max-width: 300px\"><img fetchpriority=\"high\" decoding=\"async\" class=\"wp-image-410999 size-medium\" src=\"https:\/\/vieassociative.be\/actualites\/wp-content\/uploads\/2025\/03\/Les-craintes-economiques-Laissent-que-les-cours-americains-se-posent.jpg\" alt=\"\" width=\"300\" height=\"219\"><\/p>\n<p class=\"wp-caption-text\">09.12.2024, Brandenburg, Gr\u00fcnheide: les transporteurs de voitures sont charg\u00e9s sur les locaux de l&rsquo;usine Tesla Gigafactory Berlin-Brandenburg avec de nouveaux v\u00e9hicules \u00e9lectriques Tesla Model Y. Photo: Patrick Pleul \/ DPA<\/p>\n<\/div>\n<p>Entre-temps, il a m\u00eame peur que les \u00c9tats-Unis se glissent dans une r\u00e9cession en tant que plus grande \u00e9conomie du monde. Les d\u00e9clarations r\u00e9centes de Trump n&rsquo;ont pas non plus aid\u00e9 \u00e0 dissiper les craintes.<\/p>\n<p>Dans une interview le week-end, il ne voulait pas exclure une r\u00e9cession sur demande. Il a seulement dit: \u00ab\u00a0Je d\u00e9teste pr\u00e9dire de telles choses.\u00a0\u00bb Il y aura une phase de transition, a d\u00e9clar\u00e9 Trump en vue des effets de ses plans de politique \u00e9conomique.<\/p>\n<p>Le NASDAQ 100 a chut\u00e9 de 3,81% \u00e0 19 430,95 points. Le barom\u00e8tre du march\u00e9 boursier se d\u00e9place au niveau de septembre. Le composite Nasdaq le plus complet a m\u00eame pli\u00e9 de 4%.<\/p>\n<p>Pour le S&#038;P 500 \u00e0 l&rsquo;\u00e9chelle du march\u00e9, il a baiss\u00e9 de 2,70% \u00e0 5 614,56 points. L&rsquo;indice leader Dow Jones Industrial a perdu 2,08% \u00e0 41 911,71 points. En retour, les obligations de l&rsquo;\u00c9tat am\u00e9ricain consid\u00e9r\u00e9es comme s\u00fbres.<\/p>\n<p>Apr\u00e8s la victoire \u00e9lectorale de Trump en novembre, le Wall Street a augment\u00e9. Les experts du march\u00e9 ont peint une flottabilit\u00e9 par des r\u00e9ductions d&rsquo;imp\u00f4ts et une r\u00e9glementation moins stricte. Mais au cours des derni\u00e8res semaines, davantage d&rsquo;annonces chaotiques ont domin\u00e9 les gros titres de l&rsquo;appareil de l&rsquo;\u00c9tat am\u00e9ricain dans l&rsquo;appareil de l&rsquo;\u00c9tat am\u00e9ricain.<\/p>\n<\/p>\n<div id=\"attachment_411000\" class=\"wp-caption alignleft\" style=\"max-width: 300px\"><img decoding=\"async\" class=\"wp-image-411000 size-medium\" src=\"https:\/\/vieassociative.be\/actualites\/wp-content\/uploads\/2025\/03\/1741702732_960_Les-craintes-economiques-Laissent-que-les-cours-americains-se-posent.jpg\" alt=\"\" width=\"300\" height=\"200\"><\/p>\n<p class=\"wp-caption-text\">01.03.2025, \u00c9tats-Unis, Boston: les manifestants protestent devant une entreprise Tesla \u00e0 Boston contre Musk, le pr\u00e9sident de la soci\u00e9t\u00e9, qui s&rsquo;est engag\u00e9 \u00e0 r\u00e9duire les emplois au sein du gouvernement au nom du pr\u00e9sident am\u00e9ricain Trump. Photo: Rodrique Ngowi \/ AP \/ DPA<\/p>\n<\/div>\n<p>Trump avait r\u00e9cemment publi\u00e9 les tarifs des marchandises des pays voisins, le Mexique et le Canada pour le moment, \u00e0 condition que les marchandises rel\u00e8vent de l&rsquo;accord de libre-\u00e9change de l&rsquo;USMCA. Cependant, le Canada r\u00e9publicain a menac\u00e9 de faire d&rsquo;autres tarifs &#8211; en particulier dans le domaine de l&rsquo;agriculture.<\/p>\n<p>Dans le m\u00eame temps, la sp\u00e9culation a condens\u00e9 que Trump est dispos\u00e9 \u00e0 accepter des difficult\u00e9s dans les affaires et sur les march\u00e9s afin d&rsquo;atteindre des objectifs \u00e0 long terme tels que l&rsquo;enqu\u00eate sur les droits d&rsquo;importation et un gouvernement plus petit.<\/p>\n<p>La part du fabricant de voitures \u00e9lectriques Elon Musk, Tesla, a chut\u00e9 de plus de 15% lundi et a donc \u00e9galement perdu les derniers gains de prix apr\u00e8s l&rsquo;\u00e9lection pr\u00e9sidentielle am\u00e9ricaine. Avant les pertes de prix acc\u00e9l\u00e9r\u00e9es, un autre analyste avait r\u00e9duit les pr\u00e9visions de Tesla. Dans le commerce apr\u00e8s le march\u00e9, il y avait un autre moins de plus de trois pour cent.<\/p>\n<p>Musk \u00e9tait devenu un proche alli\u00e9 du r\u00e9publicain finalement victorieux Donald Trump lors de la campagne \u00e9lectorale am\u00e9ricaine. Apr\u00e8s son triomphe lors de l&rsquo;\u00e9lection pr\u00e9sidentielle, la part de Tesla a augment\u00e9 fortement. \u00c0 l&rsquo;apog\u00e9e \u00e0 la mi-d\u00e9cembre, c&rsquo;\u00e9tait environ deux fois plus que le jour du scrutin le 4 novembre. Apr\u00e8s cela, une descente a commenc\u00e9, qui est r\u00e9cemment devenue plus raide.<\/p>\n<p>Dertesla a termin\u00e9 l&rsquo;ann\u00e9e 2024 avec la premi\u00e8re baisse des livraisons pendant plus d&rsquo;une d\u00e9cennie, bien que Musk ait d\u00e9j\u00e0 promis un plus. Le milliardaire technologique attire les investisseurs en vue de grands magasins avec des voitures autonomes et des robots humano\u00efdes.<\/p>\n<p>Bien qu&rsquo;il n&rsquo;ait pas \u00e9t\u00e9 identifi\u00e9 dans les deux domaines que Tesla puisse r\u00e9ussir, les investisseurs ont jusqu&rsquo;\u00e0 pr\u00e9sent ignor\u00e9 les activit\u00e9s actuelles et \u00e9valuer l&rsquo;entreprise beaucoup plus \u00e9lev\u00e9e que les autres constructeurs automobiles.<\/p>\n<\/p>\n<div id=\"attachment_411001\" class=\"wp-caption alignleft\" style=\"max-width: 300px\"><img decoding=\"async\" class=\"wp-image-411001 size-medium\" src=\"https:\/\/vieassociative.be\/actualites\/wp-content\/uploads\/2025\/03\/1741702732_481_Les-craintes-economiques-Laissent-que-les-cours-americains-se-posent.jpg\" alt=\"\" width=\"300\" height=\"200\"><\/p>\n<p class=\"wp-caption-text\">11.02.2025, \u00c9tats-Unis, Washington: Elon Musk (L) \u00e9coute tandis que le pr\u00e9sident am\u00e9ricain Donald Trump parle aux journalistes du bureau ovale de la Maison Blanche. Photo: Alex Brandon \/ AP \/ DPA<\/p>\n<\/div>\n<p>Au milieu de d\u00e9cembre, Tesla valait plus de 1,5 billion de dollars avec un prix d&rsquo;environ 480 $. D\u00e9sormais, la valeur boursi\u00e8re au cours d&rsquo;un bon 222 $ est tomb\u00e9e \u00e0 environ 715 milliards de dollars. \u00c0 titre de comparaison: la porte de l&rsquo;auteur am\u00e9ricaine Ford rapporte pr\u00e8s de 40 milliards de dollars \u00e0 l&rsquo;\u00e9chelle de bourse, le Rival General Motors pour Musk pourrait personnellement devenir une baisse significative du cours de l&rsquo;action Tesla. Le milliardaire technologique est connu pour garantir des pr\u00eats avec ses actions Tesla, qui le font au moins la personne la plus riche du monde.<\/p>\n<p>Dans de telles transactions, vous devez souvent envoyer des garanties si le cours rel\u00e8ve de certaines valeurs limites. Le service financier de Bloomberg est actuellement estim\u00e9<\/p>\n<p>Apr\u00e8s les \u00e9lections, certains observateurs du march\u00e9 ont suppos\u00e9 que les muscs pouvaient apporter des avantages \u00e0 Tesla proximit\u00e9 avec le pr\u00e9sident am\u00e9ricain. Plus r\u00e9cemment, il y a eu des baisses significatives des chiffres des ventes de Teslas en Europe et en Chine. On ne sait pas dans quelle mesure cela pourrait \u00eatre attribu\u00e9 dans la mesure dans laquelle cela pourrait \u00eatre d\u00fb \u00e0 une pause de livraison en rafra\u00eechissant la pr\u00e9c\u00e9dente mod\u00e8le du best-seller et au d\u00e9part des consommateurs de Tesla en raison de Musks Allianz avec Trump.<\/p>\n<p>Apr\u00e8s l&rsquo;accident, Trump a affirm\u00e9 que \u00able radical est rest\u00e9 fou: boycott\u00e9 Tesla pour nuire \u00e0 Musk. Il ach\u00e8tera mardi une voiture Tesla, en signe de soutien au \u00abGreat American Musk, le pr\u00e9sident am\u00e9ricain a \u00e9crit sur la plate-forme Social en ligne Truth. (DPA)<\/p>\n","protected":false},"excerpt":{"rendered":"<p>Sur l&rsquo;\u00e9change am\u00e9ricain, la peur \u00e9conomique de l&rsquo;\u00e9conomie se propage. Entre autres choses, la politique de douane erratique du pr\u00e9sident am\u00e9ricain Donald Trump et la<\/p>\n","protected":false},"author":1,"featured_media":5799,"comment_status":"","ping_status":"","sticky":false,"template":"","format":"standard","meta":{"footnotes":""},"categories":[298],"tags":[2061,335,5798,4084,5800,5799,14,5801,1553,3021,2518,5802,1623],"class_list":["post-5798","post","type-post","status-publish","format-standard","has-post-thumbnail","hentry","category-belgique","tag-americains","tag-cours","tag-craintes","tag-economiques","tag-fabricant","tag-laissent","tag-les","tag-musc","tag-part","tag-perd","tag-posent","tag-tesla","tag-voitures","generate-columns","tablet-grid-50","mobile-grid-100","grid-parent","grid-33"],"yoast_head":"<!-- This site is optimized with the Yoast SEO plugin v24.0 - https:\/\/yoast.com\/wordpress\/plugins\/seo\/ -->\n<title>Les craintes \u00e9conomiques Laissent que les cours am\u00e9ricains se posent la part du fabricant de voitures de musc, Tesla, perd plus de 15% | Vie Associative<\/title>\n<meta name=\"robots\" content=\"index, follow, max-snippet:-1, max-image-preview:large, max-video-preview:-1\" \/>\n<link rel=\"canonical\" href=\"https:\/\/vieassociative.be\/actualites\/les-craintes-economiques-laissent-que-les-cours-americains-se-posent-la-part-du-fabricant-de-voitures-de-musc-tesla-perd-plus-de-15\/\" \/>\n<meta property=\"og:locale\" content=\"fr_FR\" \/>\n<meta property=\"og:type\" content=\"article\" \/>\n<meta property=\"og:title\" content=\"Les craintes \u00e9conomiques Laissent que les cours am\u00e9ricains se posent la part du fabricant de voitures de musc, Tesla, perd plus de 15% | Vie Associative\" \/>\n<meta property=\"og:description\" content=\"Sur l&rsquo;\u00e9change am\u00e9ricain, la peur \u00e9conomique de l&rsquo;\u00e9conomie se propage. Entre autres choses, la politique de douane erratique du pr\u00e9sident am\u00e9ricain Donald Trump et la\" \/>\n<meta property=\"og:url\" content=\"https:\/\/vieassociative.be\/actualites\/les-craintes-economiques-laissent-que-les-cours-americains-se-posent-la-part-du-fabricant-de-voitures-de-musc-tesla-perd-plus-de-15\/\" \/>\n<meta property=\"og:site_name\" content=\"Vie Associative\" \/>\n<meta property=\"article:published_time\" content=\"2025-03-11T14:18:52+00:00\" \/>\n<meta property=\"og:image\" content=\"https:\/\/vieassociative.be\/actualites\/wp-content\/uploads\/2024\/09\/header_backgroundk-01-e1726694325946.png\" \/>\n\t<meta property=\"og:image:width\" content=\"279\" \/>\n\t<meta property=\"og:image:height\" content=\"92\" \/>\n\t<meta property=\"og:image:type\" content=\"image\/png\" \/>\n<meta name=\"author\" content=\"Julien\" \/>\n<meta name=\"twitter:card\" content=\"summary_large_image\" \/>\n<meta name=\"twitter:label1\" content=\"\u00c9crit par\" \/>\n\t<meta name=\"twitter:data1\" content=\"Julien\" \/>\n\t<meta name=\"twitter:label2\" content=\"Dur\u00e9e de lecture est.\" \/>\n\t<meta name=\"twitter:data2\" content=\"5 minutes\" \/>\n<script type=\"application\/ld+json\" class=\"yoast-schema-graph\">{\"@context\":\"https:\/\/schema.org\",\"@graph\":[{\"@type\":\"Article\",\"@id\":\"https:\/\/vieassociative.be\/actualites\/les-craintes-economiques-laissent-que-les-cours-americains-se-posent-la-part-du-fabricant-de-voitures-de-musc-tesla-perd-plus-de-15\/#article\",\"isPartOf\":{\"@id\":\"https:\/\/vieassociative.be\/actualites\/les-craintes-economiques-laissent-que-les-cours-americains-se-posent-la-part-du-fabricant-de-voitures-de-musc-tesla-perd-plus-de-15\/\"},\"author\":{\"name\":\"Julien\",\"@id\":\"https:\/\/vieassociative.be\/actualites\/#\/schema\/person\/b87ac4f82f9d4e7b7cec7395b679edc4\"},\"headline\":\"Les craintes \u00e9conomiques Laissent que les cours am\u00e9ricains se posent la part du fabricant de voitures de musc, Tesla, perd plus de 15%\",\"datePublished\":\"2025-03-11T14:18:52+00:00\",\"dateModified\":\"2025-03-11T14:18:52+00:00\",\"mainEntityOfPage\":{\"@id\":\"https:\/\/vieassociative.be\/actualites\/les-craintes-economiques-laissent-que-les-cours-americains-se-posent-la-part-du-fabricant-de-voitures-de-musc-tesla-perd-plus-de-15\/\"},\"wordCount\":1096,\"publisher\":{\"@id\":\"https:\/\/vieassociative.be\/actualites\/#organization\"},\"image\":{\"@id\":\"https:\/\/vieassociative.be\/actualites\/les-craintes-economiques-laissent-que-les-cours-americains-se-posent-la-part-du-fabricant-de-voitures-de-musc-tesla-perd-plus-de-15\/#primaryimage\"},\"thumbnailUrl\":\"https:\/\/vieassociative.be\/actualites\/wp-content\/uploads\/2025\/03\/1741702732_Les-craintes-economiques-Laissent-que-les-cours-americains-se-posent.jpg\",\"keywords\":[\"am\u00e9ricains\",\"cours\",\"craintes\",\"\u00e9conomiques\",\"fabricant\",\"Laissent\",\"Les\",\"musc\",\"part\",\"perd\",\"posent\",\"Tesla\",\"voitures\"],\"articleSection\":[\"Belgique\"],\"inLanguage\":\"fr-BE\"},{\"@type\":\"WebPage\",\"@id\":\"https:\/\/vieassociative.be\/actualites\/les-craintes-economiques-laissent-que-les-cours-americains-se-posent-la-part-du-fabricant-de-voitures-de-musc-tesla-perd-plus-de-15\/\",\"url\":\"https:\/\/vieassociative.be\/actualites\/les-craintes-economiques-laissent-que-les-cours-americains-se-posent-la-part-du-fabricant-de-voitures-de-musc-tesla-perd-plus-de-15\/\",\"name\":\"Les craintes \u00e9conomiques Laissent que les cours am\u00e9ricains se posent la part du fabricant de voitures de musc, Tesla, perd plus de 15% | Vie Associative\",\"isPartOf\":{\"@id\":\"https:\/\/vieassociative.be\/actualites\/#website\"},\"primaryImageOfPage\":{\"@id\":\"https:\/\/vieassociative.be\/actualites\/les-craintes-economiques-laissent-que-les-cours-americains-se-posent-la-part-du-fabricant-de-voitures-de-musc-tesla-perd-plus-de-15\/#primaryimage\"},\"image\":{\"@id\":\"https:\/\/vieassociative.be\/actualites\/les-craintes-economiques-laissent-que-les-cours-americains-se-posent-la-part-du-fabricant-de-voitures-de-musc-tesla-perd-plus-de-15\/#primaryimage\"},\"thumbnailUrl\":\"https:\/\/vieassociative.be\/actualites\/wp-content\/uploads\/2025\/03\/1741702732_Les-craintes-economiques-Laissent-que-les-cours-americains-se-posent.jpg\",\"datePublished\":\"2025-03-11T14:18:52+00:00\",\"dateModified\":\"2025-03-11T14:18:52+00:00\",\"breadcrumb\":{\"@id\":\"https:\/\/vieassociative.be\/actualites\/les-craintes-economiques-laissent-que-les-cours-americains-se-posent-la-part-du-fabricant-de-voitures-de-musc-tesla-perd-plus-de-15\/#breadcrumb\"},\"inLanguage\":\"fr-BE\",\"potentialAction\":[{\"@type\":\"ReadAction\",\"target\":[\"https:\/\/vieassociative.be\/actualites\/les-craintes-economiques-laissent-que-les-cours-americains-se-posent-la-part-du-fabricant-de-voitures-de-musc-tesla-perd-plus-de-15\/\"]}]},{\"@type\":\"ImageObject\",\"inLanguage\":\"fr-BE\",\"@id\":\"https:\/\/vieassociative.be\/actualites\/les-craintes-economiques-laissent-que-les-cours-americains-se-posent-la-part-du-fabricant-de-voitures-de-musc-tesla-perd-plus-de-15\/#primaryimage\",\"url\":\"https:\/\/vieassociative.be\/actualites\/wp-content\/uploads\/2025\/03\/1741702732_Les-craintes-economiques-Laissent-que-les-cours-americains-se-posent.jpg\",\"contentUrl\":\"https:\/\/vieassociative.be\/actualites\/wp-content\/uploads\/2025\/03\/1741702732_Les-craintes-economiques-Laissent-que-les-cours-americains-se-posent.jpg\",\"width\":1200,\"height\":800,\"caption\":\"Les craintes \u00e9conomiques Laissent que les cours am\u00e9ricains se posent la part du fabricant de voitures de musc, Tesla, perd plus de 15%\"},{\"@type\":\"BreadcrumbList\",\"@id\":\"https:\/\/vieassociative.be\/actualites\/les-craintes-economiques-laissent-que-les-cours-americains-se-posent-la-part-du-fabricant-de-voitures-de-musc-tesla-perd-plus-de-15\/#breadcrumb\",\"itemListElement\":[{\"@type\":\"ListItem\",\"position\":1,\"name\":\"Accueil\",\"item\":\"https:\/\/vieassociative.be\/actualites\/\"},{\"@type\":\"ListItem\",\"position\":2,\"name\":\"Les craintes \u00e9conomiques Laissent que les cours am\u00e9ricains se posent la part du fabricant de voitures de musc, Tesla, perd plus de 15%\"}]},{\"@type\":\"WebSite\",\"@id\":\"https:\/\/vieassociative.be\/actualites\/#website\",\"url\":\"https:\/\/vieassociative.be\/actualites\/\",\"name\":\"Vie Associative\",\"description\":\"\",\"publisher\":{\"@id\":\"https:\/\/vieassociative.be\/actualites\/#organization\"},\"potentialAction\":[{\"@type\":\"SearchAction\",\"target\":{\"@type\":\"EntryPoint\",\"urlTemplate\":\"https:\/\/vieassociative.be\/actualites\/?s={search_term_string}\"},\"query-input\":{\"@type\":\"PropertyValueSpecification\",\"valueRequired\":true,\"valueName\":\"search_term_string\"}}],\"inLanguage\":\"fr-BE\"},{\"@type\":\"Organization\",\"@id\":\"https:\/\/vieassociative.be\/actualites\/#organization\",\"name\":\"Vie Associative\",\"url\":\"https:\/\/vieassociative.be\/actualites\/\",\"logo\":{\"@type\":\"ImageObject\",\"inLanguage\":\"fr-BE\",\"@id\":\"https:\/\/vieassociative.be\/actualites\/#\/schema\/logo\/image\/\",\"url\":\"https:\/\/vieassociative.be\/actualites\/wp-content\/uploads\/2024\/09\/cropped-vieassociative_favicon.ico.png\",\"contentUrl\":\"https:\/\/vieassociative.be\/actualites\/wp-content\/uploads\/2024\/09\/cropped-vieassociative_favicon.ico.png\",\"width\":512,\"height\":512,\"caption\":\"Vie Associative\"},\"image\":{\"@id\":\"https:\/\/vieassociative.be\/actualites\/#\/schema\/logo\/image\/\"}},{\"@type\":\"Person\",\"@id\":\"https:\/\/vieassociative.be\/actualites\/#\/schema\/person\/b87ac4f82f9d4e7b7cec7395b679edc4\",\"name\":\"Julien\",\"image\":{\"@type\":\"ImageObject\",\"inLanguage\":\"fr-BE\",\"@id\":\"https:\/\/vieassociative.be\/actualites\/#\/schema\/person\/image\/\",\"url\":\"https:\/\/vieassociative.be\/actualites\/wp-content\/uploads\/2024\/09\/vie-associative-1-150x150.jpg\",\"contentUrl\":\"https:\/\/vieassociative.be\/actualites\/wp-content\/uploads\/2024\/09\/vie-associative-1-150x150.jpg\",\"caption\":\"Julien\"},\"description\":\"Je suis Julien, r\u00e9dacteur pour Vie Associative. Passionn\u00e9 par le monde associatif depuis plus de 10 ans, j'ai \u00e0 c\u0153ur de partager des histoires inspirantes et de mettre en lumi\u00e8re les initiatives locales. Mon objectif est de sensibiliser et d'encourager l'engagement communautaire \u00e0 travers mes articles.\",\"sameAs\":[\"https:\/\/vieassociative.be\/\"]}]}<\/script>\n<!-- \/ Yoast SEO plugin. -->","yoast_head_json":{"title":"Les craintes \u00e9conomiques Laissent que les cours am\u00e9ricains se posent la part du fabricant de voitures de musc, Tesla, perd plus de 15% | Vie Associative","robots":{"index":"index","follow":"follow","max-snippet":"max-snippet:-1","max-image-preview":"max-image-preview:large","max-video-preview":"max-video-preview:-1"},"canonical":"https:\/\/vieassociative.be\/actualites\/les-craintes-economiques-laissent-que-les-cours-americains-se-posent-la-part-du-fabricant-de-voitures-de-musc-tesla-perd-plus-de-15\/","og_locale":"fr_FR","og_type":"article","og_title":"Les craintes \u00e9conomiques Laissent que les cours am\u00e9ricains se posent la part du fabricant de voitures de musc, Tesla, perd plus de 15% | Vie Associative","og_description":"Sur l&rsquo;\u00e9change am\u00e9ricain, la peur \u00e9conomique de l&rsquo;\u00e9conomie se propage. Entre autres choses, la politique de douane erratique du pr\u00e9sident am\u00e9ricain Donald Trump et la","og_url":"https:\/\/vieassociative.be\/actualites\/les-craintes-economiques-laissent-que-les-cours-americains-se-posent-la-part-du-fabricant-de-voitures-de-musc-tesla-perd-plus-de-15\/","og_site_name":"Vie Associative","article_published_time":"2025-03-11T14:18:52+00:00","og_image":[{"width":279,"height":92,"url":"https:\/\/vieassociative.be\/actualites\/wp-content\/uploads\/2024\/09\/header_backgroundk-01-e1726694325946.png","type":"image\/png"}],"author":"Julien","twitter_card":"summary_large_image","twitter_misc":{"\u00c9crit par":"Julien","Dur\u00e9e de lecture est.":"5 minutes"},"schema":{"@context":"https:\/\/schema.org","@graph":[{"@type":"Article","@id":"https:\/\/vieassociative.be\/actualites\/les-craintes-economiques-laissent-que-les-cours-americains-se-posent-la-part-du-fabricant-de-voitures-de-musc-tesla-perd-plus-de-15\/#article","isPartOf":{"@id":"https:\/\/vieassociative.be\/actualites\/les-craintes-economiques-laissent-que-les-cours-americains-se-posent-la-part-du-fabricant-de-voitures-de-musc-tesla-perd-plus-de-15\/"},"author":{"name":"Julien","@id":"https:\/\/vieassociative.be\/actualites\/#\/schema\/person\/b87ac4f82f9d4e7b7cec7395b679edc4"},"headline":"Les craintes \u00e9conomiques Laissent que les cours am\u00e9ricains se posent la part du fabricant de voitures de musc, Tesla, perd plus de 15%","datePublished":"2025-03-11T14:18:52+00:00","dateModified":"2025-03-11T14:18:52+00:00","mainEntityOfPage":{"@id":"https:\/\/vieassociative.be\/actualites\/les-craintes-economiques-laissent-que-les-cours-americains-se-posent-la-part-du-fabricant-de-voitures-de-musc-tesla-perd-plus-de-15\/"},"wordCount":1096,"publisher":{"@id":"https:\/\/vieassociative.be\/actualites\/#organization"},"image":{"@id":"https:\/\/vieassociative.be\/actualites\/les-craintes-economiques-laissent-que-les-cours-americains-se-posent-la-part-du-fabricant-de-voitures-de-musc-tesla-perd-plus-de-15\/#primaryimage"},"thumbnailUrl":"https:\/\/vieassociative.be\/actualites\/wp-content\/uploads\/2025\/03\/1741702732_Les-craintes-economiques-Laissent-que-les-cours-americains-se-posent.jpg","keywords":["am\u00e9ricains","cours","craintes","\u00e9conomiques","fabricant","Laissent","Les","musc","part","perd","posent","Tesla","voitures"],"articleSection":["Belgique"],"inLanguage":"fr-BE"},{"@type":"WebPage","@id":"https:\/\/vieassociative.be\/actualites\/les-craintes-economiques-laissent-que-les-cours-americains-se-posent-la-part-du-fabricant-de-voitures-de-musc-tesla-perd-plus-de-15\/","url":"https:\/\/vieassociative.be\/actualites\/les-craintes-economiques-laissent-que-les-cours-americains-se-posent-la-part-du-fabricant-de-voitures-de-musc-tesla-perd-plus-de-15\/","name":"Les craintes \u00e9conomiques Laissent que les cours am\u00e9ricains se posent la part du fabricant de voitures de musc, Tesla, perd plus de 15% | Vie Associative","isPartOf":{"@id":"https:\/\/vieassociative.be\/actualites\/#website"},"primaryImageOfPage":{"@id":"https:\/\/vieassociative.be\/actualites\/les-craintes-economiques-laissent-que-les-cours-americains-se-posent-la-part-du-fabricant-de-voitures-de-musc-tesla-perd-plus-de-15\/#primaryimage"},"image":{"@id":"https:\/\/vieassociative.be\/actualites\/les-craintes-economiques-laissent-que-les-cours-americains-se-posent-la-part-du-fabricant-de-voitures-de-musc-tesla-perd-plus-de-15\/#primaryimage"},"thumbnailUrl":"https:\/\/vieassociative.be\/actualites\/wp-content\/uploads\/2025\/03\/1741702732_Les-craintes-economiques-Laissent-que-les-cours-americains-se-posent.jpg","datePublished":"2025-03-11T14:18:52+00:00","dateModified":"2025-03-11T14:18:52+00:00","breadcrumb":{"@id":"https:\/\/vieassociative.be\/actualites\/les-craintes-economiques-laissent-que-les-cours-americains-se-posent-la-part-du-fabricant-de-voitures-de-musc-tesla-perd-plus-de-15\/#breadcrumb"},"inLanguage":"fr-BE","potentialAction":[{"@type":"ReadAction","target":["https:\/\/vieassociative.be\/actualites\/les-craintes-economiques-laissent-que-les-cours-americains-se-posent-la-part-du-fabricant-de-voitures-de-musc-tesla-perd-plus-de-15\/"]}]},{"@type":"ImageObject","inLanguage":"fr-BE","@id":"https:\/\/vieassociative.be\/actualites\/les-craintes-economiques-laissent-que-les-cours-americains-se-posent-la-part-du-fabricant-de-voitures-de-musc-tesla-perd-plus-de-15\/#primaryimage","url":"https:\/\/vieassociative.be\/actualites\/wp-content\/uploads\/2025\/03\/1741702732_Les-craintes-economiques-Laissent-que-les-cours-americains-se-posent.jpg","contentUrl":"https:\/\/vieassociative.be\/actualites\/wp-content\/uploads\/2025\/03\/1741702732_Les-craintes-economiques-Laissent-que-les-cours-americains-se-posent.jpg","width":1200,"height":800,"caption":"Les craintes \u00e9conomiques Laissent que les cours am\u00e9ricains se posent la part du fabricant de voitures de musc, Tesla, perd plus de 15%"},{"@type":"BreadcrumbList","@id":"https:\/\/vieassociative.be\/actualites\/les-craintes-economiques-laissent-que-les-cours-americains-se-posent-la-part-du-fabricant-de-voitures-de-musc-tesla-perd-plus-de-15\/#breadcrumb","itemListElement":[{"@type":"ListItem","position":1,"name":"Accueil","item":"https:\/\/vieassociative.be\/actualites\/"},{"@type":"ListItem","position":2,"name":"Les craintes \u00e9conomiques Laissent que les cours am\u00e9ricains se posent la part du fabricant de voitures de musc, Tesla, perd plus de 15%"}]},{"@type":"WebSite","@id":"https:\/\/vieassociative.be\/actualites\/#website","url":"https:\/\/vieassociative.be\/actualites\/","name":"Vie Associative","description":"","publisher":{"@id":"https:\/\/vieassociative.be\/actualites\/#organization"},"potentialAction":[{"@type":"SearchAction","target":{"@type":"EntryPoint","urlTemplate":"https:\/\/vieassociative.be\/actualites\/?s={search_term_string}"},"query-input":{"@type":"PropertyValueSpecification","valueRequired":true,"valueName":"search_term_string"}}],"inLanguage":"fr-BE"},{"@type":"Organization","@id":"https:\/\/vieassociative.be\/actualites\/#organization","name":"Vie Associative","url":"https:\/\/vieassociative.be\/actualites\/","logo":{"@type":"ImageObject","inLanguage":"fr-BE","@id":"https:\/\/vieassociative.be\/actualites\/#\/schema\/logo\/image\/","url":"https:\/\/vieassociative.be\/actualites\/wp-content\/uploads\/2024\/09\/cropped-vieassociative_favicon.ico.png","contentUrl":"https:\/\/vieassociative.be\/actualites\/wp-content\/uploads\/2024\/09\/cropped-vieassociative_favicon.ico.png","width":512,"height":512,"caption":"Vie Associative"},"image":{"@id":"https:\/\/vieassociative.be\/actualites\/#\/schema\/logo\/image\/"}},{"@type":"Person","@id":"https:\/\/vieassociative.be\/actualites\/#\/schema\/person\/b87ac4f82f9d4e7b7cec7395b679edc4","name":"Julien","image":{"@type":"ImageObject","inLanguage":"fr-BE","@id":"https:\/\/vieassociative.be\/actualites\/#\/schema\/person\/image\/","url":"https:\/\/vieassociative.be\/actualites\/wp-content\/uploads\/2024\/09\/vie-associative-1-150x150.jpg","contentUrl":"https:\/\/vieassociative.be\/actualites\/wp-content\/uploads\/2024\/09\/vie-associative-1-150x150.jpg","caption":"Julien"},"description":"Je suis Julien, r\u00e9dacteur pour Vie Associative. Passionn\u00e9 par le monde associatif depuis plus de 10 ans, j'ai \u00e0 c\u0153ur de partager des histoires inspirantes et de mettre en lumi\u00e8re les initiatives locales. Mon objectif est de sensibiliser et d'encourager l'engagement communautaire \u00e0 travers mes articles.","sameAs":["https:\/\/vieassociative.be\/"]}]}},"_links":{"self":[{"href":"https:\/\/vieassociative.be\/actualites\/wp-json\/wp\/v2\/posts\/5798"}],"collection":[{"href":"https:\/\/vieassociative.be\/actualites\/wp-json\/wp\/v2\/posts"}],"about":[{"href":"https:\/\/vieassociative.be\/actualites\/wp-json\/wp\/v2\/types\/post"}],"author":[{"embeddable":true,"href":"https:\/\/vieassociative.be\/actualites\/wp-json\/wp\/v2\/users\/1"}],"replies":[{"embeddable":true,"href":"https:\/\/vieassociative.be\/actualites\/wp-json\/wp\/v2\/comments?post=5798"}],"version-history":[{"count":0,"href":"https:\/\/vieassociative.be\/actualites\/wp-json\/wp\/v2\/posts\/5798\/revisions"}],"wp:featuredmedia":[{"embeddable":true,"href":"https:\/\/vieassociative.be\/actualites\/wp-json\/wp\/v2\/media\/5799"}],"wp:attachment":[{"href":"https:\/\/vieassociative.be\/actualites\/wp-json\/wp\/v2\/media?parent=5798"}],"wp:term":[{"taxonomy":"category","embeddable":true,"href":"https:\/\/vieassociative.be\/actualites\/wp-json\/wp\/v2\/categories?post=5798"},{"taxonomy":"post_tag","embeddable":true,"href":"https:\/\/vieassociative.be\/actualites\/wp-json\/wp\/v2\/tags?post=5798"}],"curies":[{"name":"wp","href":"https:\/\/api.w.org\/{rel}","templated":true}]}}