{"id":5796,"date":"2025-03-11T14:17:55","date_gmt":"2025-03-11T13:17:55","guid":{"rendered":"https:\/\/vieassociative.be\/actualites\/ce-haut-parleur-sony-tres-cote-est-a-son-prix-le-plus-bas-en-ce-moment\/"},"modified":"2025-03-11T14:17:55","modified_gmt":"2025-03-11T13:17:55","slug":"ce-haut-parleur-sony-tres-cote-est-a-son-prix-le-plus-bas-en-ce-moment","status":"publish","type":"post","link":"https:\/\/vieassociative.be\/actualites\/ce-haut-parleur-sony-tres-cote-est-a-son-prix-le-plus-bas-en-ce-moment\/","title":{"rendered":"Ce haut-parleur Sony tr\u00e8s cot\u00e9 est \u00e0 son prix le plus bas en ce moment"},"content":{"rendered":"<div class=\"mt-4 leading-6 md:mb-8\">Cet haut-parleur bruyant et lourd peut g\u00e9rer les \u00e9l\u00e9ments.<\/div>\n<p><\/p>\n<p>\u00c0 144,95 $, en baisse de 349,99 $, le Sony SRS-XG300 est \u00e0 son prix le plus bas de tous les temps, selon les pompiers. C&rsquo;est une baisse massive pour un haut-parleur qui a mis en sac le meilleur orateur de l&rsquo;ann\u00e9e 2022 de PCMAG et le prix de son \u00e9diteur. De plus, la livraison gratuite est incluse pour tout le monde, et si vous \u00eates un membre privil\u00e9gi\u00e9, ce sera \u00e0 votre porte en une journ\u00e9e. Sony a emball\u00e9 celui-ci avec de nombreuses fonctionnalit\u00e9s, en commen\u00e7ant par sa cote IP67, ce qui le rend enti\u00e8rement \u00e9tanche et r\u00e9sistant \u00e0 la poussi\u00e8re. Les \u00e9claboussures au bord de la piscine, un peu de poussi\u00e8re \u00e0 la plage, ou simplement une configuration de f\u00eate tapageuse &#8211; ce haut-parleur en plein air est \u00e9quip\u00e9 pour tout g\u00e9rer. Il dispose \u00e9galement d&rsquo;un port USB-A int\u00e9gr\u00e9 qui vous permet de charger votre t\u00e9l\u00e9phone dans une pinc\u00e9e et une entr\u00e9e AUX (vous n&rsquo;\u00eates donc pas coinc\u00e9 avec juste Bluetooth). On pr\u00e9tend avoir 25 heures d&rsquo;autonomie, mais comme tous les haut-parleurs, cela d\u00e9pend de la force que vous allez.<\/p>\n<div class=\"pogoClear mb-12 mt-10 rounded-md border-2 border-gray-100 py-7 shadow-xl md:py-6\">\n<div class=\"flex flex-wrap justify-between px-7 text-black no-underline md:flex-nowrap md:px-8\">\n<div class=\"order-1 mx-auto flex flex-col justify-center md:order-2 md:ml-4 md:w-full md:grow\">\n<div class=\"block cursor-pointer text-center font-akshar text-2xl font-medium leading-7 text-brand-green duration-200 ease-in-out hover:text-brand-green-700 md:text-left md:text-xl md:leading-6\">Sony SRS-XG300\n                <\/div>\n<div class=\"mt-4 hidden md:flex md:justify-between\">\n<div class=\"self-end\">\n<div class=\"mb-0 h-11 md:flex md:flex-col md:justify-center\">\n<div class=\" font-sans leading-4 text-black\">\n<div class=\"flex flex-wrap items-center justify-center gap-x-1 md:justify-start\">\n        <span class=\"font-bold\"><\/p>\n<p>            144,95 $<br \/>\n                            <span class=\"font-medium\">\u00e0 Amazon<\/span><br \/>\n                    <\/span><br \/>\n                    <img decoding=\"async\" class=\"mt-0 h-(15px)\" src=\"https:\/\/vieassociative.be\/actualites\/wp-content\/uploads\/2025\/03\/Ce-haut-parleur-Sony-tres-cote-est-a-son-prix-le.svg.svg+xml\" title=\"Amazon Prime\" alt=\"Amazon Prime\">\n            <\/div>\n<div class=\"flex items-center justify-center gap-x-1 font-bold md:justify-start\">\n            <span class=\"text-sm line-through\">349,99 $<\/span><br \/>\n            <span class=\"text-sm text-brand-green\">\u00c9conomisez 205,04 $<\/span>\n        <\/div>\n<\/p><\/div>\n<\/p><\/div>\n<\/p><\/div>\n<div class=\"w-44 self-end\">\n                            <button class=\"flex justify-center items-center w-full bg-brand-green text-white text-base font-sans font-medium rounded-md hover:bg-brand-green-700 hover:cursor-pointer md:text-sm h-11\"><\/p>\n<p>    Conclure un accord<br \/>\n<\/button>\n                        <\/div>\n<\/p><\/div>\n<\/p><\/div>\n<div class=\"order-2 mt-5 h-auto w-full md:order-1 md:mt-0 md:hidden\">\n<div class=\"flex aspect-video items-center justify-center\">\n                                            <img decoding=\"async\" class=\"m-0 max-h-full max-w-full rounded-md\" src=\"https:\/\/vieassociative.be\/actualites\/wp-content\/uploads\/2025\/03\/Ce-haut-parleur-Sony-tres-cote-est-a-son-prix-le.jpg\" alt=\"Sony SRS-XG300\" width=\"auto\" height=\"auto\" loading=\"lazy\">\n                                    <\/div>\n<\/p><\/div>\n<div class=\"order-2 ml-2 hidden w-32 shrink-0 items-center md:order-1 md:ml-0 md:flex\">\n<div class=\"flex aspect-video items-center justify-center\">\n                                            <img decoding=\"async\" class=\"m-0 max-h-full max-w-full rounded-md\" src=\"https:\/\/vieassociative.be\/actualites\/wp-content\/uploads\/2025\/03\/Ce-haut-parleur-Sony-tres-cote-est-a-son-prix-le.jpg\" alt=\"Sony SRS-XG300\" width=\"auto\" height=\"auto\" loading=\"lazy\">\n                                    <\/div>\n<\/p><\/div>\n<div class=\"order-3 flex grow flex-wrap md:hidden md:grow-0\">\n<div class=\"mt-4 w-full\">\n                        <button class=\"flex justify-center items-center w-full bg-brand-green text-white text-base font-sans font-medium rounded-md hover:bg-brand-green-700 hover:cursor-pointer md:text-sm h-11\"><\/p>\n<p>    Conclure un accord<br \/>\n<\/button>\n                    <\/div>\n<div class=\"mx-2 mt-4 w-full\">\n<div class=\" font-sans leading-4 text-black\">\n<div class=\"flex flex-wrap items-center justify-center gap-x-1 md:justify-start\">\n        <span class=\"font-bold\"><\/p>\n<p>            144,95 $<br \/>\n                            <span class=\"font-medium\">\u00e0 Amazon<\/span><br \/>\n                    <\/span><br \/>\n                    <img decoding=\"async\" class=\"mt-0 h-(15px)\" src=\"https:\/\/vieassociative.be\/actualites\/wp-content\/uploads\/2025\/03\/Ce-haut-parleur-Sony-tres-cote-est-a-son-prix-le.svg.svg+xml\" title=\"Amazon Prime\" alt=\"Amazon Prime\">\n            <\/div>\n<div class=\"flex items-center justify-center gap-x-1 font-bold md:justify-start\">\n            <span class=\"text-sm line-through\">349,99 $<\/span><br \/>\n            <span class=\"text-sm text-brand-green\">\u00c9conomisez 205,04 $<\/span>\n        <\/div>\n<\/p><\/div>\n<\/p><\/div>\n<\/p><\/div>\n<\/p><\/div>\n<\/div>\n<p>En ce qui concerne le son, vous obtenez deux woofers et tweeters orient\u00e9s vers l&rsquo;avant qui poussent une plage de fr\u00e9quences de 20 Hz \u00e0 20 kHz, avec des radiateurs passifs (avec des LED autour d&rsquo;eux pour un peu plus de flair), ajoutant un bas de gamme profond. Si vous voulez composer encore plus le coup, un bouton de m\u00e9ga basse vous permet de faire exactement cela sans d\u00e9former, m\u00eame \u00e0 des volumes plus \u00e9lev\u00e9s. Cependant, alors que les hauts restent nets, les m\u00e9diums auraient pris un peu de si\u00e8ge arri\u00e8re (quelque chose \u00e0 consid\u00e9rer si vous \u00eates dans une clart\u00e9 vocale d\u00e9taill\u00e9e). Son support Bluetooth 5.2 maintient la connexion stable et avec la prise en charge des codecs AAC, LDAC et SBC, la qualit\u00e9 de streaming est solide. Les utilisateurs d&rsquo;Android obtiennent \u00e9galement Google Fast la paire pour une configuration rapide, mais il n&rsquo;y a pas de support APTX, qui pourrait \u00eatre une d\u00e9ception pour ceux qui recherchent un son sans fil de haut niveau. Du c\u00f4t\u00e9 positif, si vous avez d&rsquo;autres haut-parleurs Sony, vous pouvez les synchroniser pour une configuration multi-parole via l&rsquo;application. En parlant d&rsquo;applications, l&rsquo;application compagnon du SRS-XG300 vous donne un peu de contr\u00f4le EQ, bien qu&rsquo;elle soit assez basique, et vous ne pouvez pas enregistrer des pr\u00e9r\u00e9glages personnalis\u00e9s (mais au moins il se souvient de vos param\u00e8tres), note cette revue PCMAG.<\/p>\n<p>Si vous envisagez des alternatives, vous voudrez peut-\u00eatre consulter la charge JBL 5 (119,95 $, en baisse par rapport \u00e0 179,95 $).<\/p>\n","protected":false},"excerpt":{"rendered":"<p>Cet haut-parleur bruyant et lourd peut g\u00e9rer les \u00e9l\u00e9ments. \u00c0 144,95 $, en baisse de 349,99 $, le Sony SRS-XG300 est \u00e0 son prix le<\/p>\n","protected":false},"author":1,"featured_media":5797,"comment_status":"","ping_status":"","sticky":false,"template":"","format":"standard","meta":{"footnotes":""},"categories":[13],"tags":[700,511,76,3545,1429,1399,800,2243,2493],"class_list":["post-5796","post","type-post","status-publish","format-standard","has-post-thumbnail","hentry","category-technologie","tag-bas","tag-cote","tag-est","tag-hautparleur","tag-moment","tag-prix","tag-son","tag-sony","tag-tres","generate-columns","tablet-grid-50","mobile-grid-100","grid-parent","grid-33"],"yoast_head":"<!-- This site is optimized with the Yoast SEO plugin v24.0 - https:\/\/yoast.com\/wordpress\/plugins\/seo\/ -->\n<title>Ce haut-parleur Sony tr\u00e8s cot\u00e9 est \u00e0 son prix le plus bas en ce moment | Vie Associative<\/title>\n<meta name=\"robots\" content=\"index, follow, max-snippet:-1, max-image-preview:large, max-video-preview:-1\" \/>\n<link rel=\"canonical\" href=\"https:\/\/vieassociative.be\/actualites\/ce-haut-parleur-sony-tres-cote-est-a-son-prix-le-plus-bas-en-ce-moment\/\" \/>\n<meta property=\"og:locale\" content=\"fr_FR\" \/>\n<meta property=\"og:type\" content=\"article\" \/>\n<meta property=\"og:title\" content=\"Ce haut-parleur Sony tr\u00e8s cot\u00e9 est \u00e0 son prix le plus bas en ce moment | Vie Associative\" \/>\n<meta property=\"og:description\" content=\"Cet haut-parleur bruyant et lourd peut g\u00e9rer les \u00e9l\u00e9ments. \u00c0 144,95 $, en baisse de 349,99 $, le Sony SRS-XG300 est \u00e0 son prix le\" \/>\n<meta property=\"og:url\" content=\"https:\/\/vieassociative.be\/actualites\/ce-haut-parleur-sony-tres-cote-est-a-son-prix-le-plus-bas-en-ce-moment\/\" \/>\n<meta property=\"og:site_name\" content=\"Vie Associative\" \/>\n<meta property=\"article:published_time\" content=\"2025-03-11T13:17:55+00:00\" \/>\n<meta property=\"og:image\" content=\"https:\/\/vieassociative.be\/actualites\/wp-content\/uploads\/2025\/03\/Ce-haut-parleur-Sony-tres-cote-est-a-son-prix-le.svg.svg+xml\" \/>\n<meta name=\"author\" content=\"Julien\" \/>\n<meta name=\"twitter:card\" content=\"summary_large_image\" \/>\n<meta name=\"twitter:label1\" content=\"\u00c9crit par\" \/>\n\t<meta name=\"twitter:data1\" content=\"Julien\" \/>\n\t<meta name=\"twitter:label2\" content=\"Dur\u00e9e de lecture est.\" \/>\n\t<meta name=\"twitter:data2\" content=\"2 minutes\" \/>\n<script type=\"application\/ld+json\" class=\"yoast-schema-graph\">{\"@context\":\"https:\/\/schema.org\",\"@graph\":[{\"@type\":\"Article\",\"@id\":\"https:\/\/vieassociative.be\/actualites\/ce-haut-parleur-sony-tres-cote-est-a-son-prix-le-plus-bas-en-ce-moment\/#article\",\"isPartOf\":{\"@id\":\"https:\/\/vieassociative.be\/actualites\/ce-haut-parleur-sony-tres-cote-est-a-son-prix-le-plus-bas-en-ce-moment\/\"},\"author\":{\"name\":\"Julien\",\"@id\":\"https:\/\/vieassociative.be\/actualites\/#\/schema\/person\/b87ac4f82f9d4e7b7cec7395b679edc4\"},\"headline\":\"Ce haut-parleur Sony tr\u00e8s cot\u00e9 est \u00e0 son prix le plus bas en ce moment\",\"datePublished\":\"2025-03-11T13:17:55+00:00\",\"dateModified\":\"2025-03-11T13:17:55+00:00\",\"mainEntityOfPage\":{\"@id\":\"https:\/\/vieassociative.be\/actualites\/ce-haut-parleur-sony-tres-cote-est-a-son-prix-le-plus-bas-en-ce-moment\/\"},\"wordCount\":497,\"publisher\":{\"@id\":\"https:\/\/vieassociative.be\/actualites\/#organization\"},\"image\":{\"@id\":\"https:\/\/vieassociative.be\/actualites\/ce-haut-parleur-sony-tres-cote-est-a-son-prix-le-plus-bas-en-ce-moment\/#primaryimage\"},\"thumbnailUrl\":\"https:\/\/vieassociative.be\/actualites\/wp-content\/uploads\/2025\/03\/Ce-haut-parleur-Sony-tres-cote-est-a-son-prix-le.png\",\"keywords\":[\"bas\",\"cote\",\"est\",\"hautparleur\",\"moment\",\"prix\",\"son\",\"Sony\",\"tr\u00e8s\"],\"articleSection\":[\"Technologie\"],\"inLanguage\":\"fr-BE\"},{\"@type\":\"WebPage\",\"@id\":\"https:\/\/vieassociative.be\/actualites\/ce-haut-parleur-sony-tres-cote-est-a-son-prix-le-plus-bas-en-ce-moment\/\",\"url\":\"https:\/\/vieassociative.be\/actualites\/ce-haut-parleur-sony-tres-cote-est-a-son-prix-le-plus-bas-en-ce-moment\/\",\"name\":\"Ce haut-parleur Sony tr\u00e8s cot\u00e9 est \u00e0 son prix le plus bas en ce moment | Vie Associative\",\"isPartOf\":{\"@id\":\"https:\/\/vieassociative.be\/actualites\/#website\"},\"primaryImageOfPage\":{\"@id\":\"https:\/\/vieassociative.be\/actualites\/ce-haut-parleur-sony-tres-cote-est-a-son-prix-le-plus-bas-en-ce-moment\/#primaryimage\"},\"image\":{\"@id\":\"https:\/\/vieassociative.be\/actualites\/ce-haut-parleur-sony-tres-cote-est-a-son-prix-le-plus-bas-en-ce-moment\/#primaryimage\"},\"thumbnailUrl\":\"https:\/\/vieassociative.be\/actualites\/wp-content\/uploads\/2025\/03\/Ce-haut-parleur-Sony-tres-cote-est-a-son-prix-le.png\",\"datePublished\":\"2025-03-11T13:17:55+00:00\",\"dateModified\":\"2025-03-11T13:17:55+00:00\",\"breadcrumb\":{\"@id\":\"https:\/\/vieassociative.be\/actualites\/ce-haut-parleur-sony-tres-cote-est-a-son-prix-le-plus-bas-en-ce-moment\/#breadcrumb\"},\"inLanguage\":\"fr-BE\",\"potentialAction\":[{\"@type\":\"ReadAction\",\"target\":[\"https:\/\/vieassociative.be\/actualites\/ce-haut-parleur-sony-tres-cote-est-a-son-prix-le-plus-bas-en-ce-moment\/\"]}]},{\"@type\":\"ImageObject\",\"inLanguage\":\"fr-BE\",\"@id\":\"https:\/\/vieassociative.be\/actualites\/ce-haut-parleur-sony-tres-cote-est-a-son-prix-le-plus-bas-en-ce-moment\/#primaryimage\",\"url\":\"https:\/\/vieassociative.be\/actualites\/wp-content\/uploads\/2025\/03\/Ce-haut-parleur-Sony-tres-cote-est-a-son-prix-le.png\",\"contentUrl\":\"https:\/\/vieassociative.be\/actualites\/wp-content\/uploads\/2025\/03\/Ce-haut-parleur-Sony-tres-cote-est-a-son-prix-le.png\",\"width\":1200,\"height\":675,\"caption\":\"Ce haut-parleur Sony tr\u00e8s cot\u00e9 est \u00e0 son prix le plus bas en ce moment\"},{\"@type\":\"BreadcrumbList\",\"@id\":\"https:\/\/vieassociative.be\/actualites\/ce-haut-parleur-sony-tres-cote-est-a-son-prix-le-plus-bas-en-ce-moment\/#breadcrumb\",\"itemListElement\":[{\"@type\":\"ListItem\",\"position\":1,\"name\":\"Accueil\",\"item\":\"https:\/\/vieassociative.be\/actualites\/\"},{\"@type\":\"ListItem\",\"position\":2,\"name\":\"Ce haut-parleur Sony tr\u00e8s cot\u00e9 est \u00e0 son prix le plus bas en ce moment\"}]},{\"@type\":\"WebSite\",\"@id\":\"https:\/\/vieassociative.be\/actualites\/#website\",\"url\":\"https:\/\/vieassociative.be\/actualites\/\",\"name\":\"Vie Associative\",\"description\":\"\",\"publisher\":{\"@id\":\"https:\/\/vieassociative.be\/actualites\/#organization\"},\"potentialAction\":[{\"@type\":\"SearchAction\",\"target\":{\"@type\":\"EntryPoint\",\"urlTemplate\":\"https:\/\/vieassociative.be\/actualites\/?s={search_term_string}\"},\"query-input\":{\"@type\":\"PropertyValueSpecification\",\"valueRequired\":true,\"valueName\":\"search_term_string\"}}],\"inLanguage\":\"fr-BE\"},{\"@type\":\"Organization\",\"@id\":\"https:\/\/vieassociative.be\/actualites\/#organization\",\"name\":\"Vie Associative\",\"url\":\"https:\/\/vieassociative.be\/actualites\/\",\"logo\":{\"@type\":\"ImageObject\",\"inLanguage\":\"fr-BE\",\"@id\":\"https:\/\/vieassociative.be\/actualites\/#\/schema\/logo\/image\/\",\"url\":\"https:\/\/vieassociative.be\/actualites\/wp-content\/uploads\/2024\/09\/cropped-vieassociative_favicon.ico.png\",\"contentUrl\":\"https:\/\/vieassociative.be\/actualites\/wp-content\/uploads\/2024\/09\/cropped-vieassociative_favicon.ico.png\",\"width\":512,\"height\":512,\"caption\":\"Vie Associative\"},\"image\":{\"@id\":\"https:\/\/vieassociative.be\/actualites\/#\/schema\/logo\/image\/\"}},{\"@type\":\"Person\",\"@id\":\"https:\/\/vieassociative.be\/actualites\/#\/schema\/person\/b87ac4f82f9d4e7b7cec7395b679edc4\",\"name\":\"Julien\",\"image\":{\"@type\":\"ImageObject\",\"inLanguage\":\"fr-BE\",\"@id\":\"https:\/\/vieassociative.be\/actualites\/#\/schema\/person\/image\/\",\"url\":\"https:\/\/vieassociative.be\/actualites\/wp-content\/uploads\/2024\/09\/vie-associative-1-150x150.jpg\",\"contentUrl\":\"https:\/\/vieassociative.be\/actualites\/wp-content\/uploads\/2024\/09\/vie-associative-1-150x150.jpg\",\"caption\":\"Julien\"},\"description\":\"Je suis Julien, r\u00e9dacteur pour Vie Associative. Passionn\u00e9 par le monde associatif depuis plus de 10 ans, j'ai \u00e0 c\u0153ur de partager des histoires inspirantes et de mettre en lumi\u00e8re les initiatives locales. Mon objectif est de sensibiliser et d'encourager l'engagement communautaire \u00e0 travers mes articles.\",\"sameAs\":[\"https:\/\/vieassociative.be\/\"]}]}<\/script>\n<!-- \/ Yoast SEO plugin. -->","yoast_head_json":{"title":"Ce haut-parleur Sony tr\u00e8s cot\u00e9 est \u00e0 son prix le plus bas en ce moment | Vie Associative","robots":{"index":"index","follow":"follow","max-snippet":"max-snippet:-1","max-image-preview":"max-image-preview:large","max-video-preview":"max-video-preview:-1"},"canonical":"https:\/\/vieassociative.be\/actualites\/ce-haut-parleur-sony-tres-cote-est-a-son-prix-le-plus-bas-en-ce-moment\/","og_locale":"fr_FR","og_type":"article","og_title":"Ce haut-parleur Sony tr\u00e8s cot\u00e9 est \u00e0 son prix le plus bas en ce moment | Vie Associative","og_description":"Cet haut-parleur bruyant et lourd peut g\u00e9rer les \u00e9l\u00e9ments. \u00c0 144,95 $, en baisse de 349,99 $, le Sony SRS-XG300 est \u00e0 son prix le","og_url":"https:\/\/vieassociative.be\/actualites\/ce-haut-parleur-sony-tres-cote-est-a-son-prix-le-plus-bas-en-ce-moment\/","og_site_name":"Vie Associative","article_published_time":"2025-03-11T13:17:55+00:00","og_image":[{"url":"https:\/\/vieassociative.be\/actualites\/wp-content\/uploads\/2025\/03\/Ce-haut-parleur-Sony-tres-cote-est-a-son-prix-le.svg.svg+xml","type":"","width":"","height":""}],"author":"Julien","twitter_card":"summary_large_image","twitter_misc":{"\u00c9crit par":"Julien","Dur\u00e9e de lecture est.":"2 minutes"},"schema":{"@context":"https:\/\/schema.org","@graph":[{"@type":"Article","@id":"https:\/\/vieassociative.be\/actualites\/ce-haut-parleur-sony-tres-cote-est-a-son-prix-le-plus-bas-en-ce-moment\/#article","isPartOf":{"@id":"https:\/\/vieassociative.be\/actualites\/ce-haut-parleur-sony-tres-cote-est-a-son-prix-le-plus-bas-en-ce-moment\/"},"author":{"name":"Julien","@id":"https:\/\/vieassociative.be\/actualites\/#\/schema\/person\/b87ac4f82f9d4e7b7cec7395b679edc4"},"headline":"Ce haut-parleur Sony tr\u00e8s cot\u00e9 est \u00e0 son prix le plus bas en ce moment","datePublished":"2025-03-11T13:17:55+00:00","dateModified":"2025-03-11T13:17:55+00:00","mainEntityOfPage":{"@id":"https:\/\/vieassociative.be\/actualites\/ce-haut-parleur-sony-tres-cote-est-a-son-prix-le-plus-bas-en-ce-moment\/"},"wordCount":497,"publisher":{"@id":"https:\/\/vieassociative.be\/actualites\/#organization"},"image":{"@id":"https:\/\/vieassociative.be\/actualites\/ce-haut-parleur-sony-tres-cote-est-a-son-prix-le-plus-bas-en-ce-moment\/#primaryimage"},"thumbnailUrl":"https:\/\/vieassociative.be\/actualites\/wp-content\/uploads\/2025\/03\/Ce-haut-parleur-Sony-tres-cote-est-a-son-prix-le.png","keywords":["bas","cote","est","hautparleur","moment","prix","son","Sony","tr\u00e8s"],"articleSection":["Technologie"],"inLanguage":"fr-BE"},{"@type":"WebPage","@id":"https:\/\/vieassociative.be\/actualites\/ce-haut-parleur-sony-tres-cote-est-a-son-prix-le-plus-bas-en-ce-moment\/","url":"https:\/\/vieassociative.be\/actualites\/ce-haut-parleur-sony-tres-cote-est-a-son-prix-le-plus-bas-en-ce-moment\/","name":"Ce haut-parleur Sony tr\u00e8s cot\u00e9 est \u00e0 son prix le plus bas en ce moment | Vie Associative","isPartOf":{"@id":"https:\/\/vieassociative.be\/actualites\/#website"},"primaryImageOfPage":{"@id":"https:\/\/vieassociative.be\/actualites\/ce-haut-parleur-sony-tres-cote-est-a-son-prix-le-plus-bas-en-ce-moment\/#primaryimage"},"image":{"@id":"https:\/\/vieassociative.be\/actualites\/ce-haut-parleur-sony-tres-cote-est-a-son-prix-le-plus-bas-en-ce-moment\/#primaryimage"},"thumbnailUrl":"https:\/\/vieassociative.be\/actualites\/wp-content\/uploads\/2025\/03\/Ce-haut-parleur-Sony-tres-cote-est-a-son-prix-le.png","datePublished":"2025-03-11T13:17:55+00:00","dateModified":"2025-03-11T13:17:55+00:00","breadcrumb":{"@id":"https:\/\/vieassociative.be\/actualites\/ce-haut-parleur-sony-tres-cote-est-a-son-prix-le-plus-bas-en-ce-moment\/#breadcrumb"},"inLanguage":"fr-BE","potentialAction":[{"@type":"ReadAction","target":["https:\/\/vieassociative.be\/actualites\/ce-haut-parleur-sony-tres-cote-est-a-son-prix-le-plus-bas-en-ce-moment\/"]}]},{"@type":"ImageObject","inLanguage":"fr-BE","@id":"https:\/\/vieassociative.be\/actualites\/ce-haut-parleur-sony-tres-cote-est-a-son-prix-le-plus-bas-en-ce-moment\/#primaryimage","url":"https:\/\/vieassociative.be\/actualites\/wp-content\/uploads\/2025\/03\/Ce-haut-parleur-Sony-tres-cote-est-a-son-prix-le.png","contentUrl":"https:\/\/vieassociative.be\/actualites\/wp-content\/uploads\/2025\/03\/Ce-haut-parleur-Sony-tres-cote-est-a-son-prix-le.png","width":1200,"height":675,"caption":"Ce haut-parleur Sony tr\u00e8s cot\u00e9 est \u00e0 son prix le plus bas en ce moment"},{"@type":"BreadcrumbList","@id":"https:\/\/vieassociative.be\/actualites\/ce-haut-parleur-sony-tres-cote-est-a-son-prix-le-plus-bas-en-ce-moment\/#breadcrumb","itemListElement":[{"@type":"ListItem","position":1,"name":"Accueil","item":"https:\/\/vieassociative.be\/actualites\/"},{"@type":"ListItem","position":2,"name":"Ce haut-parleur Sony tr\u00e8s cot\u00e9 est \u00e0 son prix le plus bas en ce moment"}]},{"@type":"WebSite","@id":"https:\/\/vieassociative.be\/actualites\/#website","url":"https:\/\/vieassociative.be\/actualites\/","name":"Vie Associative","description":"","publisher":{"@id":"https:\/\/vieassociative.be\/actualites\/#organization"},"potentialAction":[{"@type":"SearchAction","target":{"@type":"EntryPoint","urlTemplate":"https:\/\/vieassociative.be\/actualites\/?s={search_term_string}"},"query-input":{"@type":"PropertyValueSpecification","valueRequired":true,"valueName":"search_term_string"}}],"inLanguage":"fr-BE"},{"@type":"Organization","@id":"https:\/\/vieassociative.be\/actualites\/#organization","name":"Vie Associative","url":"https:\/\/vieassociative.be\/actualites\/","logo":{"@type":"ImageObject","inLanguage":"fr-BE","@id":"https:\/\/vieassociative.be\/actualites\/#\/schema\/logo\/image\/","url":"https:\/\/vieassociative.be\/actualites\/wp-content\/uploads\/2024\/09\/cropped-vieassociative_favicon.ico.png","contentUrl":"https:\/\/vieassociative.be\/actualites\/wp-content\/uploads\/2024\/09\/cropped-vieassociative_favicon.ico.png","width":512,"height":512,"caption":"Vie Associative"},"image":{"@id":"https:\/\/vieassociative.be\/actualites\/#\/schema\/logo\/image\/"}},{"@type":"Person","@id":"https:\/\/vieassociative.be\/actualites\/#\/schema\/person\/b87ac4f82f9d4e7b7cec7395b679edc4","name":"Julien","image":{"@type":"ImageObject","inLanguage":"fr-BE","@id":"https:\/\/vieassociative.be\/actualites\/#\/schema\/person\/image\/","url":"https:\/\/vieassociative.be\/actualites\/wp-content\/uploads\/2024\/09\/vie-associative-1-150x150.jpg","contentUrl":"https:\/\/vieassociative.be\/actualites\/wp-content\/uploads\/2024\/09\/vie-associative-1-150x150.jpg","caption":"Julien"},"description":"Je suis Julien, r\u00e9dacteur pour Vie Associative. Passionn\u00e9 par le monde associatif depuis plus de 10 ans, j'ai \u00e0 c\u0153ur de partager des histoires inspirantes et de mettre en lumi\u00e8re les initiatives locales. Mon objectif est de sensibiliser et d'encourager l'engagement communautaire \u00e0 travers mes articles.","sameAs":["https:\/\/vieassociative.be\/"]}]}},"_links":{"self":[{"href":"https:\/\/vieassociative.be\/actualites\/wp-json\/wp\/v2\/posts\/5796"}],"collection":[{"href":"https:\/\/vieassociative.be\/actualites\/wp-json\/wp\/v2\/posts"}],"about":[{"href":"https:\/\/vieassociative.be\/actualites\/wp-json\/wp\/v2\/types\/post"}],"author":[{"embeddable":true,"href":"https:\/\/vieassociative.be\/actualites\/wp-json\/wp\/v2\/users\/1"}],"replies":[{"embeddable":true,"href":"https:\/\/vieassociative.be\/actualites\/wp-json\/wp\/v2\/comments?post=5796"}],"version-history":[{"count":0,"href":"https:\/\/vieassociative.be\/actualites\/wp-json\/wp\/v2\/posts\/5796\/revisions"}],"wp:featuredmedia":[{"embeddable":true,"href":"https:\/\/vieassociative.be\/actualites\/wp-json\/wp\/v2\/media\/5797"}],"wp:attachment":[{"href":"https:\/\/vieassociative.be\/actualites\/wp-json\/wp\/v2\/media?parent=5796"}],"wp:term":[{"taxonomy":"category","embeddable":true,"href":"https:\/\/vieassociative.be\/actualites\/wp-json\/wp\/v2\/categories?post=5796"},{"taxonomy":"post_tag","embeddable":true,"href":"https:\/\/vieassociative.be\/actualites\/wp-json\/wp\/v2\/tags?post=5796"}],"curies":[{"name":"wp","href":"https:\/\/api.w.org\/{rel}","templated":true}]}}