{"id":5791,"date":"2025-03-11T09:17:58","date_gmt":"2025-03-11T08:17:58","guid":{"rendered":"https:\/\/vieassociative.be\/actualites\/la-formule-1-celebre-votre-homme-de-75-ans-le-tout-contre-max-verstappen\/"},"modified":"2025-03-11T09:17:58","modified_gmt":"2025-03-11T08:17:58","slug":"la-formule-1-celebre-votre-homme-de-75-ans-le-tout-contre-max-verstappen","status":"publish","type":"post","link":"https:\/\/vieassociative.be\/actualites\/la-formule-1-celebre-votre-homme-de-75-ans-le-tout-contre-max-verstappen\/","title":{"rendered":"La Formule 1 c\u00e9l\u00e8bre votre homme de 75 ans: le tout contre Max Verstappen?"},"content":{"rendered":"<p><strong>75 ans de formule 1. Qui sera le shampion anniversaire? Max Verstappen doit \u00eatre pr\u00e9par\u00e9 pour une attaque majeure de la comp\u00e9tition. Dirig\u00e9es par le champion record Lewis Hamilton, r\u00e9cemment \u00e0 Ferrari-Rot, les adversaires veulent mettre fin \u00e0 l&rsquo;\u00e8re du titre du N\u00e9erlandais.<\/strong><\/p>\n<p><span id=\"more-410927\"><\/span>De nouveaux couples de pilotes dans trois des quatre meilleures \u00e9quipes \u00e9galement avec un potentiel pour l&rsquo;\u00e9curie. Six nouveaux visages qui n&rsquo;ont jamais commenc\u00e9 comme pilote r\u00e9gulier dans une saison dans la classe King Motorsport. 24 Grand Prix de l&rsquo;Australie \u00e0 Abu Dhabi avec six d\u00e9cisions suppl\u00e9mentaires de sprint.<\/p>\n<p>Et un champion en titre qui, sur le chemin du cinqui\u00e8me triomphe de la Coupe du monde souhait\u00e9, les moments priv\u00e9s \u00e9motionnels cette ann\u00e9e sont imminents avec la naissance du premier enfant.<\/p>\n<div id=\"attachment_410931\" class=\"wp-caption alignleft\" style=\"max-width: 300px\"><img fetchpriority=\"high\" decoding=\"async\" class=\"wp-image-410931 size-medium\" src=\"https:\/\/vieassociative.be\/actualites\/wp-content\/uploads\/2025\/03\/La-Formule-1-celebre-votre-homme-de-75-ans-le.jpg\" alt=\"\" width=\"300\" height=\"205\"><\/p>\n<p class=\"wp-caption-text\">18\/02\/2025, Grande-Bretagne, Londres: Formule 1: Pr\u00e9sentation de toutes les voitures neuves pour la nouvelle saison: Ferrari Driver Lewis Hamilton lors de l&rsquo;\u00e9v\u00e9nement d&rsquo;ouverture en direct F1 75 \u00e0 l&rsquo;O2, Londres. Photo: Bradley Collyer \/ PA Wire \/ DPA<\/p>\n<\/div>\n<p><b>&#8211; Les pilotes: <\/b>Il y a 20 pilotes au d\u00e9but, mais six d&rsquo;entre eux n&rsquo;ont pas couru ou du moins pas encore enti\u00e8rement contest\u00e9. Dans les recrues so-appel\u00e9es, la seule Andrea Kimi Antonelli de 18 ans est particuli\u00e8rement importante. L&rsquo;Italien a repris le cockpit de Mercedes du champion du monde de sept heures Hamilton, qui se dirigera vers Ferrari \u00e0 partir de cette ann\u00e9e.<\/p>\n<p>Pour pas mal, c&rsquo;est le jumelage de r\u00eave ultime: la superstar et la seule \u00e9quipe de course qui existe depuis la premi\u00e8re ann\u00e9e de la Coupe du monde 1950. Si Hamilton a \u00e9galement mis fin \u00e0 la Scuderia, qui a maintenant presque depuis deux d\u00e9cennies, et s&rsquo;est couronn\u00e9e pour la huiti\u00e8me fois de devenir champion du monde et donc champion de disques &#8211; qui se d\u00e9roulerait en Italie, est \u00e0 peine imaginable.<\/p>\n<p>Le Britannique de 40 ans ne veut pas laisser de doutes sur son nouveau titre \u00e0 cause de son \u00e2ge. \u00ab\u00a0Vous ne pouvez pas me comparer avec un autre pilote de Formule 1 de 40 ans dans l&rsquo;histoire, ni dans le pass\u00e9 ni dans le pr\u00e9sent\u00a0\u00bb, a-t-il dit: \u00ab\u00a0Parce qu&rsquo;ils ne sont pas comme moi.\u00a0\u00bb<\/p>\n<div id=\"attachment_410938\" class=\"wp-caption alignleft\" style=\"max-width: 300px\"><img decoding=\"async\" class=\"wp-image-410938 size-medium\" src=\"https:\/\/vieassociative.be\/actualites\/wp-content\/uploads\/2025\/03\/1741681078_571_La-Formule-1-celebre-votre-homme-de-75-ans-le.jpg\" alt=\"\" width=\"300\" height=\"200\"><\/p>\n<p class=\"wp-caption-text\">28\/02\/2025, Bahre\u00efn, Sakhir: Max Verstappen des Pays-Bas par Team Red Bull en action lors d&rsquo;un test de vorsaison de Formule 1 sur le circuit international de Bahre\u00efn. Photo: Darko Bandic \/ AP \/ DPA<\/p>\n<\/div>\n<p>Mais il doit l&#8217;emporter en interne: Charles Leclerc est pr\u00eat \u00e0 gagner la Coupe du monde. La mongasse ne sera m\u00eame pas battue et il conna\u00eet l&rsquo;\u00e9quipe depuis six ans.<\/p>\n<p>Chez Mercedes, George Russell est le leader, logiquement, a continu\u00e9 \u00e0 d\u00e9m\u00e9nager \u00e0 Red Bull, qui avait \u00e9t\u00e9 re\u00e7u avec Boot lors du Big Presentation Show de Londres.<\/p>\n<p>Cela ne l&rsquo;affectera certainement pas. Il croit \u00e9galement que la naissance \u00e0 venir du premier enfant. \u00ab\u00a0Pour \u00eatre honn\u00eate, il ne changera pas grand-chose\u00a0\u00bb, a-t-il d\u00e9clar\u00e9. \u00abEn ce qui concerne la conduite, cela ne devrait rien changer. Mais c&rsquo;est excitant et il est difficile de mettre des mots jusqu&rsquo;\u00e0 ce que le b\u00e9b\u00e9 soit l\u00e0. \u00ab\u00a0<\/p>\n<p>Dans tous les cas, dans les essais entra\u00een\u00e9s \u00e0 Bahre\u00efn Verstappen, une impression assez \u00e9quilibr\u00e9e et souveraine n&rsquo;a laiss\u00e9 pas de gros probl\u00e8mes de voiture. Cependant, selon les \u00e9valuations, la McLaren pourrait \u00eatre la voiture la plus forte. Et dans l&rsquo;\u00e9quipe britannique traditionnelle, ils comptent sur un duo \u00e9prouv\u00e9 avec le vice-champion du monde Lando Norris et Oscar Piatri, contrairement \u00e0 Red Bull, Mercedes et Ferrari.<\/p>\n<p><b>&#8211; Les voitures: <\/b>Les diff\u00e9rences par rapport aux mod\u00e8les de l&rsquo;ann\u00e9e pr\u00e9c\u00e9dente ne sont g\u00e9n\u00e9ralement que dans les d\u00e9tails. La grande r\u00e9forme standard ne suit qu&rsquo;en 2026. Apr\u00e8s tout, le rouge de la nouvelle Ferrari est un peu plus sombre, la Mercedes \u00e0 nouveau en argent et en noir. La nouvelle peinture la plus frappante est le nouveau taureau de course: il est largement blanc.<\/p>\n<\/p>\n<div id=\"attachment_364986\" class=\"wp-caption alignleft\" style=\"max-width: 300px\"><img decoding=\"async\" class=\"wp-image-364986 size-medium\" src=\"https:\/\/vieassociative.be\/actualites\/wp-content\/uploads\/2025\/03\/1741681078_993_La-Formule-1-celebre-votre-homme-de-75-ans-le.jpg\" alt=\"\" width=\"300\" height=\"200\"><\/p>\n<p class=\"wp-caption-text\">09\/01\/2019, Belgique, Spa-Francorchamps: l&rsquo;itin\u00e9raire en spa-francorchamps avec \u00ab\u00a0Eau Rouge\u00a0\u00bb et Railillon. Photo: Nicolas Lambert \/ Belga \/ DPA<\/p>\n<\/div>\n<p><b>&#8211; Le d\u00e9fi sp\u00e9cial: <\/b><br \/>\nLa rupture du grand contr\u00f4le dans le but d&rsquo;une Formule 1 plus durable sera disponible l&rsquo;ann\u00e9e prochaine. Travaillant sur les nouveaux moteurs et les nouvelles voitures en plus de la saison en cours, les fabricants et les \u00e9quipes pr\u00e9senteront un d\u00e9fi tr\u00e8s sp\u00e9cial cette ann\u00e9e. Plus le combat de la Coupe du monde se rapproche, plus les meilleures \u00e9quipes voudront d\u00e9velopper leur mod\u00e8le actuel. Personne ne sait comment la hi\u00e9rarchie va changer avec les nouvelles r\u00e8gles de 2026.<\/p>\n<p><b>&#8211; Le calendrier des courses: <\/b>24 Grand Prix comme l&rsquo;ann\u00e9e derni\u00e8re est pr\u00e9vu. Il commence le dimanche prochain 16 mars, dans l&rsquo;Australien Melbourne. Les nouveaux cours ne sont pas l\u00e0 cette ann\u00e9e, trois fois dans Miami, Austin et Las Vegas-sont conduits au domicile des propri\u00e9taires am\u00e9ricains de Formule 1. Le grand prix de la Belgique \u00e0 Spa-Francorchamps aura lieu le 27 juillet. La s\u00e9rie Racing \u00e9vite \u00e0 nouveau l&rsquo;Allemagne. La finale augmentera \u00e0 Abu Dhabi le 7 d\u00e9cembre. (DPA \/ CRE)<\/p>\n<h3>Le calendrier des courses 2025 de la formule 1<\/h3>\n<ul>\n<li>16 mars: Melbourne Grand Prix d&rsquo;Australie<\/li>\n<li>23 mars: Grand Prix de Shanghai de Chine<\/li>\n<li>6 avril: Grand Prix de Suzuka du Japon<\/li>\n<li>13 avril: Grand Prix Sakhir de Bahre\u00efn<\/li>\n<li>20 avril: Grand Prix de Dschidda d&rsquo;Arabie saoudite<\/li>\n<li>4 mai Miami Grand Prix de Miami<\/li>\n<li>18 mai Imola Grand Prix de l&rsquo;Emilia Romagne<\/li>\n<li>25 mai Monte Carlo Grand Prix de Monaco<\/li>\n<li>1er juin Barcelone Grand Prix d&rsquo;Espagne<\/li>\n<li>15 juin Grand Prix de Montr\u00e9al du Canada<\/li>\n<li>29 juin Spielberg Grand Prix d&rsquo;Autriche<\/li>\n<li>6 juillet Grand Prix de Silverstone de Grande-Bretagne<\/li>\n<li><strong>27 juillet Grand Prix Spa-Francorchamps de Belgique<\/strong><\/li>\n<li>3 ao\u00fbt Budapest Grand Prix de Hongrie<\/li>\n<li>31 ao\u00fbt Grand prix Zandvoort aux Pays-Bas<\/li>\n<li>7 septembre Monza Grand Prix d&rsquo;Italie<\/li>\n<li>21 septembre Grand Prix de Bakou d&rsquo;Azerba\u00efdjan<\/li>\n<li>5 octobre Grand Prix de Singapour de Singapour<\/li>\n<li>19 octobre Grand Prix d&rsquo;Austin aux \u00c9tats-Unis<\/li>\n<li>26 octobre Grand prix de Mexico de Mexico<\/li>\n<li>9 novembre Grand Prix de S\u00e3o Paulo par S\u00e3o Paulo<\/li>\n<li>22 novembre Lire le Grand Prix de Vega de Las Vegas<\/li>\n<li>30 novembre Lusail Grand Prix du Qatar<\/li>\n<li>7 d\u00e9cembre<\/li>\n<\/ul>\n","protected":false},"excerpt":{"rendered":"<p>75 ans de formule 1. Qui sera le shampion anniversaire? Max Verstappen doit \u00eatre pr\u00e9par\u00e9 pour une attaque majeure de la comp\u00e9tition. Dirig\u00e9es par le<\/p>\n","protected":false},"author":1,"featured_media":5792,"comment_status":"","ping_status":"","sticky":false,"template":"","format":"standard","meta":{"footnotes":""},"categories":[298],"tags":[584,3843,796,4614,4555,16,236,5797,8],"class_list":["post-5791","post","type-post","status-publish","format-standard","has-post-thumbnail","hentry","category-belgique","tag-ans","tag-celebre","tag-contre","tag-formule","tag-homme","tag-max","tag-tout","tag-verstappen","tag-votre","generate-columns","tablet-grid-50","mobile-grid-100","grid-parent","grid-33"],"yoast_head":"<!-- This site is optimized with the Yoast SEO plugin v24.0 - https:\/\/yoast.com\/wordpress\/plugins\/seo\/ -->\n<title>La Formule 1 c\u00e9l\u00e8bre votre homme de 75 ans: le tout contre Max Verstappen? | Vie Associative<\/title>\n<meta name=\"robots\" content=\"index, follow, max-snippet:-1, max-image-preview:large, max-video-preview:-1\" \/>\n<link rel=\"canonical\" href=\"https:\/\/vieassociative.be\/actualites\/la-formule-1-celebre-votre-homme-de-75-ans-le-tout-contre-max-verstappen\/\" \/>\n<meta property=\"og:locale\" content=\"fr_FR\" \/>\n<meta property=\"og:type\" content=\"article\" \/>\n<meta property=\"og:title\" content=\"La Formule 1 c\u00e9l\u00e8bre votre homme de 75 ans: le tout contre Max Verstappen? | Vie Associative\" \/>\n<meta property=\"og:description\" content=\"75 ans de formule 1. Qui sera le shampion anniversaire? Max Verstappen doit \u00eatre pr\u00e9par\u00e9 pour une attaque majeure de la comp\u00e9tition. Dirig\u00e9es par le\" \/>\n<meta property=\"og:url\" content=\"https:\/\/vieassociative.be\/actualites\/la-formule-1-celebre-votre-homme-de-75-ans-le-tout-contre-max-verstappen\/\" \/>\n<meta property=\"og:site_name\" content=\"Vie Associative\" \/>\n<meta property=\"article:published_time\" content=\"2025-03-11T08:17:58+00:00\" \/>\n<meta property=\"og:image\" content=\"https:\/\/vieassociative.be\/actualites\/wp-content\/uploads\/2024\/09\/header_backgroundk-01-e1726694325946.png\" \/>\n\t<meta property=\"og:image:width\" content=\"279\" \/>\n\t<meta property=\"og:image:height\" content=\"92\" \/>\n\t<meta property=\"og:image:type\" content=\"image\/png\" \/>\n<meta name=\"author\" content=\"Julien\" \/>\n<meta name=\"twitter:card\" content=\"summary_large_image\" \/>\n<meta name=\"twitter:label1\" content=\"\u00c9crit par\" \/>\n\t<meta name=\"twitter:data1\" content=\"Julien\" \/>\n\t<meta name=\"twitter:label2\" content=\"Dur\u00e9e de lecture est.\" \/>\n\t<meta name=\"twitter:data2\" content=\"5 minutes\" \/>\n<script type=\"application\/ld+json\" class=\"yoast-schema-graph\">{\"@context\":\"https:\/\/schema.org\",\"@graph\":[{\"@type\":\"Article\",\"@id\":\"https:\/\/vieassociative.be\/actualites\/la-formule-1-celebre-votre-homme-de-75-ans-le-tout-contre-max-verstappen\/#article\",\"isPartOf\":{\"@id\":\"https:\/\/vieassociative.be\/actualites\/la-formule-1-celebre-votre-homme-de-75-ans-le-tout-contre-max-verstappen\/\"},\"author\":{\"name\":\"Julien\",\"@id\":\"https:\/\/vieassociative.be\/actualites\/#\/schema\/person\/b87ac4f82f9d4e7b7cec7395b679edc4\"},\"headline\":\"La Formule 1 c\u00e9l\u00e8bre votre homme de 75 ans: le tout contre Max Verstappen?\",\"datePublished\":\"2025-03-11T08:17:58+00:00\",\"dateModified\":\"2025-03-11T08:17:58+00:00\",\"mainEntityOfPage\":{\"@id\":\"https:\/\/vieassociative.be\/actualites\/la-formule-1-celebre-votre-homme-de-75-ans-le-tout-contre-max-verstappen\/\"},\"wordCount\":1056,\"publisher\":{\"@id\":\"https:\/\/vieassociative.be\/actualites\/#organization\"},\"image\":{\"@id\":\"https:\/\/vieassociative.be\/actualites\/la-formule-1-celebre-votre-homme-de-75-ans-le-tout-contre-max-verstappen\/#primaryimage\"},\"thumbnailUrl\":\"https:\/\/vieassociative.be\/actualites\/wp-content\/uploads\/2025\/03\/1741681078_La-Formule-1-celebre-votre-homme-de-75-ans-le.jpg\",\"keywords\":[\"ans\",\"c\u00e9l\u00e8bre\",\"contre\",\"Formule\",\"homme\",\"Max\",\"tout\",\"Verstappen\",\"votre\"],\"articleSection\":[\"Belgique\"],\"inLanguage\":\"fr-BE\"},{\"@type\":\"WebPage\",\"@id\":\"https:\/\/vieassociative.be\/actualites\/la-formule-1-celebre-votre-homme-de-75-ans-le-tout-contre-max-verstappen\/\",\"url\":\"https:\/\/vieassociative.be\/actualites\/la-formule-1-celebre-votre-homme-de-75-ans-le-tout-contre-max-verstappen\/\",\"name\":\"La Formule 1 c\u00e9l\u00e8bre votre homme de 75 ans: le tout contre Max Verstappen? | Vie Associative\",\"isPartOf\":{\"@id\":\"https:\/\/vieassociative.be\/actualites\/#website\"},\"primaryImageOfPage\":{\"@id\":\"https:\/\/vieassociative.be\/actualites\/la-formule-1-celebre-votre-homme-de-75-ans-le-tout-contre-max-verstappen\/#primaryimage\"},\"image\":{\"@id\":\"https:\/\/vieassociative.be\/actualites\/la-formule-1-celebre-votre-homme-de-75-ans-le-tout-contre-max-verstappen\/#primaryimage\"},\"thumbnailUrl\":\"https:\/\/vieassociative.be\/actualites\/wp-content\/uploads\/2025\/03\/1741681078_La-Formule-1-celebre-votre-homme-de-75-ans-le.jpg\",\"datePublished\":\"2025-03-11T08:17:58+00:00\",\"dateModified\":\"2025-03-11T08:17:58+00:00\",\"breadcrumb\":{\"@id\":\"https:\/\/vieassociative.be\/actualites\/la-formule-1-celebre-votre-homme-de-75-ans-le-tout-contre-max-verstappen\/#breadcrumb\"},\"inLanguage\":\"fr-BE\",\"potentialAction\":[{\"@type\":\"ReadAction\",\"target\":[\"https:\/\/vieassociative.be\/actualites\/la-formule-1-celebre-votre-homme-de-75-ans-le-tout-contre-max-verstappen\/\"]}]},{\"@type\":\"ImageObject\",\"inLanguage\":\"fr-BE\",\"@id\":\"https:\/\/vieassociative.be\/actualites\/la-formule-1-celebre-votre-homme-de-75-ans-le-tout-contre-max-verstappen\/#primaryimage\",\"url\":\"https:\/\/vieassociative.be\/actualites\/wp-content\/uploads\/2025\/03\/1741681078_La-Formule-1-celebre-votre-homme-de-75-ans-le.jpg\",\"contentUrl\":\"https:\/\/vieassociative.be\/actualites\/wp-content\/uploads\/2025\/03\/1741681078_La-Formule-1-celebre-votre-homme-de-75-ans-le.jpg\",\"width\":1200,\"height\":675,\"caption\":\"La Formule 1 c\u00e9l\u00e8bre votre homme de 75 ans: le tout contre Max Verstappen?\"},{\"@type\":\"BreadcrumbList\",\"@id\":\"https:\/\/vieassociative.be\/actualites\/la-formule-1-celebre-votre-homme-de-75-ans-le-tout-contre-max-verstappen\/#breadcrumb\",\"itemListElement\":[{\"@type\":\"ListItem\",\"position\":1,\"name\":\"Accueil\",\"item\":\"https:\/\/vieassociative.be\/actualites\/\"},{\"@type\":\"ListItem\",\"position\":2,\"name\":\"La Formule 1 c\u00e9l\u00e8bre votre homme de 75 ans: le tout contre Max Verstappen?\"}]},{\"@type\":\"WebSite\",\"@id\":\"https:\/\/vieassociative.be\/actualites\/#website\",\"url\":\"https:\/\/vieassociative.be\/actualites\/\",\"name\":\"Vie Associative\",\"description\":\"\",\"publisher\":{\"@id\":\"https:\/\/vieassociative.be\/actualites\/#organization\"},\"potentialAction\":[{\"@type\":\"SearchAction\",\"target\":{\"@type\":\"EntryPoint\",\"urlTemplate\":\"https:\/\/vieassociative.be\/actualites\/?s={search_term_string}\"},\"query-input\":{\"@type\":\"PropertyValueSpecification\",\"valueRequired\":true,\"valueName\":\"search_term_string\"}}],\"inLanguage\":\"fr-BE\"},{\"@type\":\"Organization\",\"@id\":\"https:\/\/vieassociative.be\/actualites\/#organization\",\"name\":\"Vie Associative\",\"url\":\"https:\/\/vieassociative.be\/actualites\/\",\"logo\":{\"@type\":\"ImageObject\",\"inLanguage\":\"fr-BE\",\"@id\":\"https:\/\/vieassociative.be\/actualites\/#\/schema\/logo\/image\/\",\"url\":\"https:\/\/vieassociative.be\/actualites\/wp-content\/uploads\/2024\/09\/cropped-vieassociative_favicon.ico.png\",\"contentUrl\":\"https:\/\/vieassociative.be\/actualites\/wp-content\/uploads\/2024\/09\/cropped-vieassociative_favicon.ico.png\",\"width\":512,\"height\":512,\"caption\":\"Vie Associative\"},\"image\":{\"@id\":\"https:\/\/vieassociative.be\/actualites\/#\/schema\/logo\/image\/\"}},{\"@type\":\"Person\",\"@id\":\"https:\/\/vieassociative.be\/actualites\/#\/schema\/person\/b87ac4f82f9d4e7b7cec7395b679edc4\",\"name\":\"Julien\",\"image\":{\"@type\":\"ImageObject\",\"inLanguage\":\"fr-BE\",\"@id\":\"https:\/\/vieassociative.be\/actualites\/#\/schema\/person\/image\/\",\"url\":\"https:\/\/vieassociative.be\/actualites\/wp-content\/uploads\/2024\/09\/vie-associative-1-150x150.jpg\",\"contentUrl\":\"https:\/\/vieassociative.be\/actualites\/wp-content\/uploads\/2024\/09\/vie-associative-1-150x150.jpg\",\"caption\":\"Julien\"},\"description\":\"Je suis Julien, r\u00e9dacteur pour Vie Associative. Passionn\u00e9 par le monde associatif depuis plus de 10 ans, j'ai \u00e0 c\u0153ur de partager des histoires inspirantes et de mettre en lumi\u00e8re les initiatives locales. Mon objectif est de sensibiliser et d'encourager l'engagement communautaire \u00e0 travers mes articles.\",\"sameAs\":[\"https:\/\/vieassociative.be\/\"]}]}<\/script>\n<!-- \/ Yoast SEO plugin. -->","yoast_head_json":{"title":"La Formule 1 c\u00e9l\u00e8bre votre homme de 75 ans: le tout contre Max Verstappen? | Vie Associative","robots":{"index":"index","follow":"follow","max-snippet":"max-snippet:-1","max-image-preview":"max-image-preview:large","max-video-preview":"max-video-preview:-1"},"canonical":"https:\/\/vieassociative.be\/actualites\/la-formule-1-celebre-votre-homme-de-75-ans-le-tout-contre-max-verstappen\/","og_locale":"fr_FR","og_type":"article","og_title":"La Formule 1 c\u00e9l\u00e8bre votre homme de 75 ans: le tout contre Max Verstappen? | Vie Associative","og_description":"75 ans de formule 1. Qui sera le shampion anniversaire? Max Verstappen doit \u00eatre pr\u00e9par\u00e9 pour une attaque majeure de la comp\u00e9tition. Dirig\u00e9es par le","og_url":"https:\/\/vieassociative.be\/actualites\/la-formule-1-celebre-votre-homme-de-75-ans-le-tout-contre-max-verstappen\/","og_site_name":"Vie Associative","article_published_time":"2025-03-11T08:17:58+00:00","og_image":[{"width":279,"height":92,"url":"https:\/\/vieassociative.be\/actualites\/wp-content\/uploads\/2024\/09\/header_backgroundk-01-e1726694325946.png","type":"image\/png"}],"author":"Julien","twitter_card":"summary_large_image","twitter_misc":{"\u00c9crit par":"Julien","Dur\u00e9e de lecture est.":"5 minutes"},"schema":{"@context":"https:\/\/schema.org","@graph":[{"@type":"Article","@id":"https:\/\/vieassociative.be\/actualites\/la-formule-1-celebre-votre-homme-de-75-ans-le-tout-contre-max-verstappen\/#article","isPartOf":{"@id":"https:\/\/vieassociative.be\/actualites\/la-formule-1-celebre-votre-homme-de-75-ans-le-tout-contre-max-verstappen\/"},"author":{"name":"Julien","@id":"https:\/\/vieassociative.be\/actualites\/#\/schema\/person\/b87ac4f82f9d4e7b7cec7395b679edc4"},"headline":"La Formule 1 c\u00e9l\u00e8bre votre homme de 75 ans: le tout contre Max Verstappen?","datePublished":"2025-03-11T08:17:58+00:00","dateModified":"2025-03-11T08:17:58+00:00","mainEntityOfPage":{"@id":"https:\/\/vieassociative.be\/actualites\/la-formule-1-celebre-votre-homme-de-75-ans-le-tout-contre-max-verstappen\/"},"wordCount":1056,"publisher":{"@id":"https:\/\/vieassociative.be\/actualites\/#organization"},"image":{"@id":"https:\/\/vieassociative.be\/actualites\/la-formule-1-celebre-votre-homme-de-75-ans-le-tout-contre-max-verstappen\/#primaryimage"},"thumbnailUrl":"https:\/\/vieassociative.be\/actualites\/wp-content\/uploads\/2025\/03\/1741681078_La-Formule-1-celebre-votre-homme-de-75-ans-le.jpg","keywords":["ans","c\u00e9l\u00e8bre","contre","Formule","homme","Max","tout","Verstappen","votre"],"articleSection":["Belgique"],"inLanguage":"fr-BE"},{"@type":"WebPage","@id":"https:\/\/vieassociative.be\/actualites\/la-formule-1-celebre-votre-homme-de-75-ans-le-tout-contre-max-verstappen\/","url":"https:\/\/vieassociative.be\/actualites\/la-formule-1-celebre-votre-homme-de-75-ans-le-tout-contre-max-verstappen\/","name":"La Formule 1 c\u00e9l\u00e8bre votre homme de 75 ans: le tout contre Max Verstappen? | Vie Associative","isPartOf":{"@id":"https:\/\/vieassociative.be\/actualites\/#website"},"primaryImageOfPage":{"@id":"https:\/\/vieassociative.be\/actualites\/la-formule-1-celebre-votre-homme-de-75-ans-le-tout-contre-max-verstappen\/#primaryimage"},"image":{"@id":"https:\/\/vieassociative.be\/actualites\/la-formule-1-celebre-votre-homme-de-75-ans-le-tout-contre-max-verstappen\/#primaryimage"},"thumbnailUrl":"https:\/\/vieassociative.be\/actualites\/wp-content\/uploads\/2025\/03\/1741681078_La-Formule-1-celebre-votre-homme-de-75-ans-le.jpg","datePublished":"2025-03-11T08:17:58+00:00","dateModified":"2025-03-11T08:17:58+00:00","breadcrumb":{"@id":"https:\/\/vieassociative.be\/actualites\/la-formule-1-celebre-votre-homme-de-75-ans-le-tout-contre-max-verstappen\/#breadcrumb"},"inLanguage":"fr-BE","potentialAction":[{"@type":"ReadAction","target":["https:\/\/vieassociative.be\/actualites\/la-formule-1-celebre-votre-homme-de-75-ans-le-tout-contre-max-verstappen\/"]}]},{"@type":"ImageObject","inLanguage":"fr-BE","@id":"https:\/\/vieassociative.be\/actualites\/la-formule-1-celebre-votre-homme-de-75-ans-le-tout-contre-max-verstappen\/#primaryimage","url":"https:\/\/vieassociative.be\/actualites\/wp-content\/uploads\/2025\/03\/1741681078_La-Formule-1-celebre-votre-homme-de-75-ans-le.jpg","contentUrl":"https:\/\/vieassociative.be\/actualites\/wp-content\/uploads\/2025\/03\/1741681078_La-Formule-1-celebre-votre-homme-de-75-ans-le.jpg","width":1200,"height":675,"caption":"La Formule 1 c\u00e9l\u00e8bre votre homme de 75 ans: le tout contre Max Verstappen?"},{"@type":"BreadcrumbList","@id":"https:\/\/vieassociative.be\/actualites\/la-formule-1-celebre-votre-homme-de-75-ans-le-tout-contre-max-verstappen\/#breadcrumb","itemListElement":[{"@type":"ListItem","position":1,"name":"Accueil","item":"https:\/\/vieassociative.be\/actualites\/"},{"@type":"ListItem","position":2,"name":"La Formule 1 c\u00e9l\u00e8bre votre homme de 75 ans: le tout contre Max Verstappen?"}]},{"@type":"WebSite","@id":"https:\/\/vieassociative.be\/actualites\/#website","url":"https:\/\/vieassociative.be\/actualites\/","name":"Vie Associative","description":"","publisher":{"@id":"https:\/\/vieassociative.be\/actualites\/#organization"},"potentialAction":[{"@type":"SearchAction","target":{"@type":"EntryPoint","urlTemplate":"https:\/\/vieassociative.be\/actualites\/?s={search_term_string}"},"query-input":{"@type":"PropertyValueSpecification","valueRequired":true,"valueName":"search_term_string"}}],"inLanguage":"fr-BE"},{"@type":"Organization","@id":"https:\/\/vieassociative.be\/actualites\/#organization","name":"Vie Associative","url":"https:\/\/vieassociative.be\/actualites\/","logo":{"@type":"ImageObject","inLanguage":"fr-BE","@id":"https:\/\/vieassociative.be\/actualites\/#\/schema\/logo\/image\/","url":"https:\/\/vieassociative.be\/actualites\/wp-content\/uploads\/2024\/09\/cropped-vieassociative_favicon.ico.png","contentUrl":"https:\/\/vieassociative.be\/actualites\/wp-content\/uploads\/2024\/09\/cropped-vieassociative_favicon.ico.png","width":512,"height":512,"caption":"Vie Associative"},"image":{"@id":"https:\/\/vieassociative.be\/actualites\/#\/schema\/logo\/image\/"}},{"@type":"Person","@id":"https:\/\/vieassociative.be\/actualites\/#\/schema\/person\/b87ac4f82f9d4e7b7cec7395b679edc4","name":"Julien","image":{"@type":"ImageObject","inLanguage":"fr-BE","@id":"https:\/\/vieassociative.be\/actualites\/#\/schema\/person\/image\/","url":"https:\/\/vieassociative.be\/actualites\/wp-content\/uploads\/2024\/09\/vie-associative-1-150x150.jpg","contentUrl":"https:\/\/vieassociative.be\/actualites\/wp-content\/uploads\/2024\/09\/vie-associative-1-150x150.jpg","caption":"Julien"},"description":"Je suis Julien, r\u00e9dacteur pour Vie Associative. Passionn\u00e9 par le monde associatif depuis plus de 10 ans, j'ai \u00e0 c\u0153ur de partager des histoires inspirantes et de mettre en lumi\u00e8re les initiatives locales. Mon objectif est de sensibiliser et d'encourager l'engagement communautaire \u00e0 travers mes articles.","sameAs":["https:\/\/vieassociative.be\/"]}]}},"_links":{"self":[{"href":"https:\/\/vieassociative.be\/actualites\/wp-json\/wp\/v2\/posts\/5791"}],"collection":[{"href":"https:\/\/vieassociative.be\/actualites\/wp-json\/wp\/v2\/posts"}],"about":[{"href":"https:\/\/vieassociative.be\/actualites\/wp-json\/wp\/v2\/types\/post"}],"author":[{"embeddable":true,"href":"https:\/\/vieassociative.be\/actualites\/wp-json\/wp\/v2\/users\/1"}],"replies":[{"embeddable":true,"href":"https:\/\/vieassociative.be\/actualites\/wp-json\/wp\/v2\/comments?post=5791"}],"version-history":[{"count":0,"href":"https:\/\/vieassociative.be\/actualites\/wp-json\/wp\/v2\/posts\/5791\/revisions"}],"wp:featuredmedia":[{"embeddable":true,"href":"https:\/\/vieassociative.be\/actualites\/wp-json\/wp\/v2\/media\/5792"}],"wp:attachment":[{"href":"https:\/\/vieassociative.be\/actualites\/wp-json\/wp\/v2\/media?parent=5791"}],"wp:term":[{"taxonomy":"category","embeddable":true,"href":"https:\/\/vieassociative.be\/actualites\/wp-json\/wp\/v2\/categories?post=5791"},{"taxonomy":"post_tag","embeddable":true,"href":"https:\/\/vieassociative.be\/actualites\/wp-json\/wp\/v2\/tags?post=5791"}],"curies":[{"name":"wp","href":"https:\/\/api.w.org\/{rel}","templated":true}]}}