{"id":5789,"date":"2025-03-11T08:22:42","date_gmt":"2025-03-11T07:22:42","guid":{"rendered":"https:\/\/vieassociative.be\/actualites\/lhorloge-sonore-nintendo-alarmo-me-met-en-fait-le-matin\/"},"modified":"2025-03-11T08:22:42","modified_gmt":"2025-03-11T07:22:42","slug":"lhorloge-sonore-nintendo-alarmo-me-met-en-fait-le-matin","status":"publish","type":"post","link":"https:\/\/vieassociative.be\/actualites\/lhorloge-sonore-nintendo-alarmo-me-met-en-fait-le-matin\/","title":{"rendered":"L&rsquo;horloge sonore Nintendo Alarmo me met en fait le matin"},"content":{"rendered":"<div class=\"mt-4 leading-6 md:mb-8\">Et il est maintenant disponible chez Target et Walmart.<\/div>\n<p><\/p>\n<p>Pendant de nombreuses ann\u00e9es, je d\u00e9pend de mon t\u00e9l\u00e9phone pour me sortir du lit le matin, et je d\u00e9testais \u00e7a. Je m&rsquo;\u00e9panouais facilement ou m&rsquo;attraperais de faire d\u00e9filer au lieu de commencer ma routine matinale. Tout cela a chang\u00e9 apr\u00e8s que mon fr\u00e8re m&rsquo;a fait peut-\u00eatre le meilleur cadeau de No\u00ebl que j&rsquo;ai re\u00e7u au cours des derni\u00e8res ann\u00e9es: une horloge sonore Nintendo: Alarmo, que vous pouvez maintenant obtenir sur Walmart ou Target pour 99,99 $. Il n&rsquo;\u00e9tait auparavant disponible que sur le magasin Nintendo. <\/p>\n<div class=\"shadow-b-2 mb-12 mt-10 rounded-md border-2 border-(#F0F0F0) px-6 py-2 shadow-lg md:px-12\" role=\"region\" aria-label=\"Products List\" x-data=\"{ showMore: false }\">\n<div class=\"flex w-full gap-x-5\">\n<div class=\"flex w-full flex-col flex-nowrap justify-center gap-2 text-black no-underline md:order-2 md:gap-y-6\">\n<div class=\"flex flex-col justify-between gap-y-2 md:w-full md:gap-y-1\">\n<div class=\"block font-sans text-xs font-semibold capitalize leading-3 text-gray-900 md:leading-4\">Affichage: Digital, Type d&rsquo;alimentation: Cord\u00e9 Electric, Type de r\u00e9veil: R\u00e9cipients d&rsquo;alarme de projection.<\/div>\n<div class=\"block w-fit cursor-pointer font-akshar text-lg font-medium leading-5 text-brand-green duration-200 ease-in-out hover:text-brand-green-700 md:text-xl md:leading-6\">\n<p>                            Horloge sonore de Nintendo: Alarmo (Walmart)\n                        <\/p><\/div>\n<\/p><\/div>\n<div class=\"hidden md:flex md:justify-between md:gap-x-4\">\n<div class=\"w-full mb-0 md:flex md:flex-col md:justify-center font-sans leading-4 text-black\">\n<div class=\"flex flex-wrap items-center justify-center gap-x-1 md:justify-start\">\n        <span class=\"font-bold\"><\/p>\n<p>            99,00 $<br \/>\n                            <span class=\"font-medium\">\u00e0 Walmart<\/span><br \/>\n                    <\/span>\n            <\/div>\n<div class=\"flex items-center justify-center gap-x-1 font-bold md:justify-start\">\n            <span class=\"text-sm line-through\">317,50 $<\/span><br \/>\n            <span class=\"text-sm text-brand-green\">\u00c9conomisez 218,50 $<\/span>\n        <\/div>\n<\/p><\/div>\n<p>                            <button class=\"flex justify-center items-center w-full bg-brand-green text-white text-base font-sans font-medium rounded-md hover:bg-brand-green-700 hover:cursor-pointer md:text-sm hidden self-end h-12 max-w-(10rem) duration-200 ease-in-out hover:bg-brand-green-700 md:flex md:h-10\"><\/p>\n<p>    Faire un magasin maintenant<br \/>\n<\/button>\n                        <\/div>\n<\/p><\/div>\n<div class=\"flex aspect-video h-(90px) shrink-0 items-center justify-center self-center md:order-1\">\n                        <img decoding=\"async\" class=\"m-0 max-h-full max-w-full rounded-md\" src=\"https:\/\/vieassociative.be\/actualites\/wp-content\/uploads\/2025\/03\/Lhorloge-sonore-Nintendo-Alarmo-me-met-en-fait-le-matin.jpg\" alt=\"Horloge sonore de Nintendo: Alarmo - Rouge\" width=\"auto\" height=\"auto\" loading=\"lazy\">\n                    <\/div>\n<\/p><\/div>\n<p>                            <button class=\"flex justify-center items-center w-full bg-brand-green text-white text-base font-sans font-medium rounded-md hover:bg-brand-green-700 hover:cursor-pointer md:text-sm w-full h-12 duration-200 ease-in-out hover:bg-brand-green-700 md:hidden md:h-10\"><\/p>\n<p>    Faire un magasin maintenant<br \/>\n<\/button><\/p>\n<div class=\"flex flex-col items-center w-full md:hidden font-sans leading-4 text-black\">\n<div class=\"flex flex-wrap items-center justify-center gap-x-1 md:justify-start\">\n        <span class=\"font-bold\"><\/p>\n<p>            99,00 $<br \/>\n                            <span class=\"font-medium\">\u00e0 Walmart<\/span><br \/>\n                    <\/span>\n            <\/div>\n<div class=\"flex items-center justify-center gap-x-1 font-bold md:justify-start\">\n            <span class=\"text-sm line-through\">317,50 $<\/span><br \/>\n            <span class=\"text-sm text-brand-green\">\u00c9conomisez 218,50 $<\/span>\n        <\/div>\n<\/p><\/div>\n<div class=\"flex w-full gap-x-5\">\n<div class=\"flex w-full flex-col flex-nowrap justify-center gap-2 text-black no-underline md:order-2 md:gap-y-6\">\n<div class=\"flex flex-col justify-between gap-y-2 md:w-full md:gap-y-1\">\n<div class=\"block font-sans text-xs font-semibold capitalize leading-3 text-gray-900 md:leading-4\">Affichage: Digital, Type d&rsquo;alimentation: Cord\u00e9 Electric, Type de r\u00e9veil: R\u00e9cipients d&rsquo;alarme de projection.<\/div>\n<div class=\"block w-fit cursor-pointer font-akshar text-lg font-medium leading-5 text-brand-green duration-200 ease-in-out hover:text-brand-green-700 md:text-xl md:leading-6\">\n<p>                            Horloge sonore Nintendo: Alarmo\n                        <\/p><\/div>\n<\/p><\/div>\n<div class=\"hidden md:flex md:justify-between md:gap-x-4\">\n<div class=\"w-full mb-0 md:flex md:flex-col md:justify-center font-sans leading-4 text-black\">\n<div class=\"flex flex-wrap items-center justify-center gap-x-1 md:justify-start\">\n        <span class=\"font-bold\"><\/p>\n<p>            99,98 $<br \/>\n                            <span class=\"font-medium\">\u00e0 la cible<\/span><br \/>\n                    <\/span>\n            <\/div>\n<\/p><\/div>\n<p>                            <button class=\"flex justify-center items-center w-full bg-brand-green text-white text-base font-sans font-medium rounded-md hover:bg-brand-green-700 hover:cursor-pointer md:text-sm hidden self-end h-12 max-w-(10rem) duration-200 ease-in-out hover:bg-brand-green-700 md:flex md:h-10\"><\/p>\n<p>    Faire un magasin maintenant<br \/>\n<\/button>\n                        <\/div>\n<\/p><\/div>\n<div class=\"flex aspect-video h-(90px) shrink-0 items-center justify-center self-center md:order-1\">\n                        <img decoding=\"async\" class=\"m-0 max-h-full max-w-full rounded-md\" src=\"https:\/\/vieassociative.be\/actualites\/wp-content\/uploads\/2025\/03\/Lhorloge-sonore-Nintendo-Alarmo-me-met-en-fait-le-matin.webp.webp\" alt=\"Nintendo Horloge sonore Alarmo\" width=\"auto\" height=\"auto\" loading=\"lazy\">\n                    <\/div>\n<\/p><\/div>\n<p>                            <button class=\"flex justify-center items-center w-full bg-brand-green text-white text-base font-sans font-medium rounded-md hover:bg-brand-green-700 hover:cursor-pointer md:text-sm w-full h-12 duration-200 ease-in-out hover:bg-brand-green-700 md:hidden md:h-10\"><\/p>\n<p>    Faire un magasin maintenant<br \/>\n<\/button><\/p>\n<div class=\"flex flex-col items-center w-full md:hidden font-sans leading-4 text-black\">\n<div class=\"flex flex-wrap items-center justify-center gap-x-1 md:justify-start\">\n        <span class=\"font-bold\"><\/p>\n<p>            99,98 $<br \/>\n                            <span class=\"font-medium\">\u00e0 la cible<\/span><br \/>\n                    <\/span>\n            <\/div>\n<\/p><\/div>\n<\/div>\n<p>L&rsquo;Alarmo est un r\u00e9veil num\u00e9rique qui doit \u00eatre connect\u00e9 \u00e0 une prise avec un c\u00e2ble USB sur lequel \u00eatre mis en marche. Vous n&rsquo;avez plus besoin d&rsquo;un abonnement Switch Online pour l&rsquo;acheter (ou l&rsquo;utiliser). Il est livr\u00e9 avec de nombreux th\u00e8mes int\u00e9gr\u00e9s que vous pouvez choisir, y compris <em>Super Mario Odyssey<\/em>, <em>La l\u00e9gende de Zelda: Breath of the Wild<\/em>, <em>Splatoon 3<\/em>,<em> Pikmin 4, <\/em>et<em> Aventure en forme de sonnerie<\/em>. Nintendo dit que vous pouvez vous attendre \u00e0 t\u00e9l\u00e9charger plus \u00e0 l&rsquo;avenir gratuitement, notamment <em>Mario Kart 8 Deluxe <\/em>et <em>Traverse animal: New Horizons<\/em>. L&rsquo;Alarmo utilise un capteur de mouvement pour d\u00e9tecter que vous sortez du lit pour emp\u00eacher l&rsquo;alarme de partir.<\/p>\n<div class=\"mx-auto mt-8 w-full max-w-4xl\">\n<div id=\"video-container-dMqWTkgDt6A\"><\/div>\n<\/div>\n<p>J&rsquo;ai utilis\u00e9 le <em>La l\u00e9gende de Zelda: Breath of the Wild <\/em>Th\u00e8me depuis que je l&rsquo;ai configur\u00e9 et que je l&rsquo;utilise depuis des mois avec d&rsquo;excellents r\u00e9sultats. Parce que j&rsquo;ai besoin de me lever pour arr\u00eater l&rsquo;alarme, et je ne veux pas que l&rsquo;alarme se r\u00e9veille ma fianc\u00e9e, cela a \u00e9t\u00e9 efficace. Je n&rsquo;ai jamais pens\u00e9 que Nintendo serait le seul \u00e0 r\u00e9soudre mes probl\u00e8mes du matin et \u00e0 trop d\u00e9pendance sur mon t\u00e9l\u00e9phone.<\/p>\n<p>Quelque chose \u00e0 noter est que bien qu&rsquo;il n&rsquo;y ait pas de fonctionnalit\u00e9 de r\u00e9p\u00e9tition, il est con\u00e7u pour arr\u00eater temporairement la musique lorsque vous vous d\u00e9placez, essentiellement somnolent. Mais ce n&rsquo;est pas une sieste agr\u00e9able car la musique continuera de jouer, devenant progressivement plus forte. Vous pouvez \u00e9galement le d\u00e9brancher facilement pour le d\u00e9sactiver compl\u00e8tement car il n&rsquo;y a pas de batterie, mais cela fonctionne tr\u00e8s bien pour moi.<\/p>\n","protected":false},"excerpt":{"rendered":"<p>Et il est maintenant disponible chez Target et Walmart. Pendant de nombreuses ann\u00e9es, je d\u00e9pend de mon t\u00e9l\u00e9phone pour me sortir du lit le matin,<\/p>\n","protected":false},"author":1,"featured_media":5790,"comment_status":"","ping_status":"","sticky":false,"template":"","format":"standard","meta":{"footnotes":""},"categories":[38],"tags":[5796,635,5794,2005,3593,1389,5795],"class_list":["post-5789","post","type-post","status-publish","format-standard","has-post-thumbnail","hentry","category-sante","tag-alarmo","tag-fait","tag-lhorloge","tag-matin","tag-met","tag-nintendo","tag-sonore","generate-columns","tablet-grid-50","mobile-grid-100","grid-parent","grid-33"],"yoast_head":"<!-- This site is optimized with the Yoast SEO plugin v24.0 - https:\/\/yoast.com\/wordpress\/plugins\/seo\/ -->\n<title>L&#039;horloge sonore Nintendo Alarmo me met en fait le matin | Vie Associative<\/title>\n<meta name=\"robots\" content=\"index, follow, max-snippet:-1, max-image-preview:large, max-video-preview:-1\" \/>\n<link rel=\"canonical\" href=\"https:\/\/vieassociative.be\/actualites\/lhorloge-sonore-nintendo-alarmo-me-met-en-fait-le-matin\/\" \/>\n<meta property=\"og:locale\" content=\"fr_FR\" \/>\n<meta property=\"og:type\" content=\"article\" \/>\n<meta property=\"og:title\" content=\"L&#039;horloge sonore Nintendo Alarmo me met en fait le matin | Vie Associative\" \/>\n<meta property=\"og:description\" content=\"Et il est maintenant disponible chez Target et Walmart. Pendant de nombreuses ann\u00e9es, je d\u00e9pend de mon t\u00e9l\u00e9phone pour me sortir du lit le matin,\" \/>\n<meta property=\"og:url\" content=\"https:\/\/vieassociative.be\/actualites\/lhorloge-sonore-nintendo-alarmo-me-met-en-fait-le-matin\/\" \/>\n<meta property=\"og:site_name\" content=\"Vie Associative\" \/>\n<meta property=\"article:published_time\" content=\"2025-03-11T07:22:42+00:00\" \/>\n<meta property=\"og:image\" content=\"https:\/\/vieassociative.be\/actualites\/wp-content\/uploads\/2025\/03\/Lhorloge-sonore-Nintendo-Alarmo-me-met-en-fait-le-matin.jpg\" \/>\n<meta name=\"author\" content=\"Julien\" \/>\n<meta name=\"twitter:card\" content=\"summary_large_image\" \/>\n<meta name=\"twitter:label1\" content=\"\u00c9crit par\" \/>\n\t<meta name=\"twitter:data1\" content=\"Julien\" \/>\n\t<meta name=\"twitter:label2\" content=\"Dur\u00e9e de lecture est.\" \/>\n\t<meta name=\"twitter:data2\" content=\"2 minutes\" \/>\n<script type=\"application\/ld+json\" class=\"yoast-schema-graph\">{\"@context\":\"https:\/\/schema.org\",\"@graph\":[{\"@type\":\"Article\",\"@id\":\"https:\/\/vieassociative.be\/actualites\/lhorloge-sonore-nintendo-alarmo-me-met-en-fait-le-matin\/#article\",\"isPartOf\":{\"@id\":\"https:\/\/vieassociative.be\/actualites\/lhorloge-sonore-nintendo-alarmo-me-met-en-fait-le-matin\/\"},\"author\":{\"name\":\"Julien\",\"@id\":\"https:\/\/vieassociative.be\/actualites\/#\/schema\/person\/b87ac4f82f9d4e7b7cec7395b679edc4\"},\"headline\":\"L&rsquo;horloge sonore Nintendo Alarmo me met en fait le matin\",\"datePublished\":\"2025-03-11T07:22:42+00:00\",\"dateModified\":\"2025-03-11T07:22:42+00:00\",\"mainEntityOfPage\":{\"@id\":\"https:\/\/vieassociative.be\/actualites\/lhorloge-sonore-nintendo-alarmo-me-met-en-fait-le-matin\/\"},\"wordCount\":486,\"publisher\":{\"@id\":\"https:\/\/vieassociative.be\/actualites\/#organization\"},\"image\":{\"@id\":\"https:\/\/vieassociative.be\/actualites\/lhorloge-sonore-nintendo-alarmo-me-met-en-fait-le-matin\/#primaryimage\"},\"thumbnailUrl\":\"https:\/\/vieassociative.be\/actualites\/wp-content\/uploads\/2025\/03\/Lhorloge-sonore-Nintendo-Alarmo-me-met-en-fait-le-matin.png\",\"keywords\":[\"Alarmo\",\"fait\",\"Lhorloge\",\"matin\",\"met\",\"Nintendo\",\"sonore\"],\"articleSection\":[\"Sant\u00e9\"],\"inLanguage\":\"fr-BE\"},{\"@type\":\"WebPage\",\"@id\":\"https:\/\/vieassociative.be\/actualites\/lhorloge-sonore-nintendo-alarmo-me-met-en-fait-le-matin\/\",\"url\":\"https:\/\/vieassociative.be\/actualites\/lhorloge-sonore-nintendo-alarmo-me-met-en-fait-le-matin\/\",\"name\":\"L'horloge sonore Nintendo Alarmo me met en fait le matin | Vie Associative\",\"isPartOf\":{\"@id\":\"https:\/\/vieassociative.be\/actualites\/#website\"},\"primaryImageOfPage\":{\"@id\":\"https:\/\/vieassociative.be\/actualites\/lhorloge-sonore-nintendo-alarmo-me-met-en-fait-le-matin\/#primaryimage\"},\"image\":{\"@id\":\"https:\/\/vieassociative.be\/actualites\/lhorloge-sonore-nintendo-alarmo-me-met-en-fait-le-matin\/#primaryimage\"},\"thumbnailUrl\":\"https:\/\/vieassociative.be\/actualites\/wp-content\/uploads\/2025\/03\/Lhorloge-sonore-Nintendo-Alarmo-me-met-en-fait-le-matin.png\",\"datePublished\":\"2025-03-11T07:22:42+00:00\",\"dateModified\":\"2025-03-11T07:22:42+00:00\",\"breadcrumb\":{\"@id\":\"https:\/\/vieassociative.be\/actualites\/lhorloge-sonore-nintendo-alarmo-me-met-en-fait-le-matin\/#breadcrumb\"},\"inLanguage\":\"fr-BE\",\"potentialAction\":[{\"@type\":\"ReadAction\",\"target\":[\"https:\/\/vieassociative.be\/actualites\/lhorloge-sonore-nintendo-alarmo-me-met-en-fait-le-matin\/\"]}]},{\"@type\":\"ImageObject\",\"inLanguage\":\"fr-BE\",\"@id\":\"https:\/\/vieassociative.be\/actualites\/lhorloge-sonore-nintendo-alarmo-me-met-en-fait-le-matin\/#primaryimage\",\"url\":\"https:\/\/vieassociative.be\/actualites\/wp-content\/uploads\/2025\/03\/Lhorloge-sonore-Nintendo-Alarmo-me-met-en-fait-le-matin.png\",\"contentUrl\":\"https:\/\/vieassociative.be\/actualites\/wp-content\/uploads\/2025\/03\/Lhorloge-sonore-Nintendo-Alarmo-me-met-en-fait-le-matin.png\",\"width\":1200,\"height\":675,\"caption\":\"L'horloge sonore Nintendo Alarmo me met en fait le matin\"},{\"@type\":\"BreadcrumbList\",\"@id\":\"https:\/\/vieassociative.be\/actualites\/lhorloge-sonore-nintendo-alarmo-me-met-en-fait-le-matin\/#breadcrumb\",\"itemListElement\":[{\"@type\":\"ListItem\",\"position\":1,\"name\":\"Accueil\",\"item\":\"https:\/\/vieassociative.be\/actualites\/\"},{\"@type\":\"ListItem\",\"position\":2,\"name\":\"L&rsquo;horloge sonore Nintendo Alarmo me met en fait le matin\"}]},{\"@type\":\"WebSite\",\"@id\":\"https:\/\/vieassociative.be\/actualites\/#website\",\"url\":\"https:\/\/vieassociative.be\/actualites\/\",\"name\":\"Vie Associative\",\"description\":\"\",\"publisher\":{\"@id\":\"https:\/\/vieassociative.be\/actualites\/#organization\"},\"potentialAction\":[{\"@type\":\"SearchAction\",\"target\":{\"@type\":\"EntryPoint\",\"urlTemplate\":\"https:\/\/vieassociative.be\/actualites\/?s={search_term_string}\"},\"query-input\":{\"@type\":\"PropertyValueSpecification\",\"valueRequired\":true,\"valueName\":\"search_term_string\"}}],\"inLanguage\":\"fr-BE\"},{\"@type\":\"Organization\",\"@id\":\"https:\/\/vieassociative.be\/actualites\/#organization\",\"name\":\"Vie Associative\",\"url\":\"https:\/\/vieassociative.be\/actualites\/\",\"logo\":{\"@type\":\"ImageObject\",\"inLanguage\":\"fr-BE\",\"@id\":\"https:\/\/vieassociative.be\/actualites\/#\/schema\/logo\/image\/\",\"url\":\"https:\/\/vieassociative.be\/actualites\/wp-content\/uploads\/2024\/09\/cropped-vieassociative_favicon.ico.png\",\"contentUrl\":\"https:\/\/vieassociative.be\/actualites\/wp-content\/uploads\/2024\/09\/cropped-vieassociative_favicon.ico.png\",\"width\":512,\"height\":512,\"caption\":\"Vie Associative\"},\"image\":{\"@id\":\"https:\/\/vieassociative.be\/actualites\/#\/schema\/logo\/image\/\"}},{\"@type\":\"Person\",\"@id\":\"https:\/\/vieassociative.be\/actualites\/#\/schema\/person\/b87ac4f82f9d4e7b7cec7395b679edc4\",\"name\":\"Julien\",\"image\":{\"@type\":\"ImageObject\",\"inLanguage\":\"fr-BE\",\"@id\":\"https:\/\/vieassociative.be\/actualites\/#\/schema\/person\/image\/\",\"url\":\"https:\/\/vieassociative.be\/actualites\/wp-content\/uploads\/2024\/09\/vie-associative-1-150x150.jpg\",\"contentUrl\":\"https:\/\/vieassociative.be\/actualites\/wp-content\/uploads\/2024\/09\/vie-associative-1-150x150.jpg\",\"caption\":\"Julien\"},\"description\":\"Je suis Julien, r\u00e9dacteur pour Vie Associative. Passionn\u00e9 par le monde associatif depuis plus de 10 ans, j'ai \u00e0 c\u0153ur de partager des histoires inspirantes et de mettre en lumi\u00e8re les initiatives locales. Mon objectif est de sensibiliser et d'encourager l'engagement communautaire \u00e0 travers mes articles.\",\"sameAs\":[\"https:\/\/vieassociative.be\/\"]}]}<\/script>\n<!-- \/ Yoast SEO plugin. -->","yoast_head_json":{"title":"L'horloge sonore Nintendo Alarmo me met en fait le matin | Vie Associative","robots":{"index":"index","follow":"follow","max-snippet":"max-snippet:-1","max-image-preview":"max-image-preview:large","max-video-preview":"max-video-preview:-1"},"canonical":"https:\/\/vieassociative.be\/actualites\/lhorloge-sonore-nintendo-alarmo-me-met-en-fait-le-matin\/","og_locale":"fr_FR","og_type":"article","og_title":"L'horloge sonore Nintendo Alarmo me met en fait le matin | Vie Associative","og_description":"Et il est maintenant disponible chez Target et Walmart. Pendant de nombreuses ann\u00e9es, je d\u00e9pend de mon t\u00e9l\u00e9phone pour me sortir du lit le matin,","og_url":"https:\/\/vieassociative.be\/actualites\/lhorloge-sonore-nintendo-alarmo-me-met-en-fait-le-matin\/","og_site_name":"Vie Associative","article_published_time":"2025-03-11T07:22:42+00:00","og_image":[{"url":"https:\/\/vieassociative.be\/actualites\/wp-content\/uploads\/2025\/03\/Lhorloge-sonore-Nintendo-Alarmo-me-met-en-fait-le-matin.jpg","type":"","width":"","height":""}],"author":"Julien","twitter_card":"summary_large_image","twitter_misc":{"\u00c9crit par":"Julien","Dur\u00e9e de lecture est.":"2 minutes"},"schema":{"@context":"https:\/\/schema.org","@graph":[{"@type":"Article","@id":"https:\/\/vieassociative.be\/actualites\/lhorloge-sonore-nintendo-alarmo-me-met-en-fait-le-matin\/#article","isPartOf":{"@id":"https:\/\/vieassociative.be\/actualites\/lhorloge-sonore-nintendo-alarmo-me-met-en-fait-le-matin\/"},"author":{"name":"Julien","@id":"https:\/\/vieassociative.be\/actualites\/#\/schema\/person\/b87ac4f82f9d4e7b7cec7395b679edc4"},"headline":"L&rsquo;horloge sonore Nintendo Alarmo me met en fait le matin","datePublished":"2025-03-11T07:22:42+00:00","dateModified":"2025-03-11T07:22:42+00:00","mainEntityOfPage":{"@id":"https:\/\/vieassociative.be\/actualites\/lhorloge-sonore-nintendo-alarmo-me-met-en-fait-le-matin\/"},"wordCount":486,"publisher":{"@id":"https:\/\/vieassociative.be\/actualites\/#organization"},"image":{"@id":"https:\/\/vieassociative.be\/actualites\/lhorloge-sonore-nintendo-alarmo-me-met-en-fait-le-matin\/#primaryimage"},"thumbnailUrl":"https:\/\/vieassociative.be\/actualites\/wp-content\/uploads\/2025\/03\/Lhorloge-sonore-Nintendo-Alarmo-me-met-en-fait-le-matin.png","keywords":["Alarmo","fait","Lhorloge","matin","met","Nintendo","sonore"],"articleSection":["Sant\u00e9"],"inLanguage":"fr-BE"},{"@type":"WebPage","@id":"https:\/\/vieassociative.be\/actualites\/lhorloge-sonore-nintendo-alarmo-me-met-en-fait-le-matin\/","url":"https:\/\/vieassociative.be\/actualites\/lhorloge-sonore-nintendo-alarmo-me-met-en-fait-le-matin\/","name":"L'horloge sonore Nintendo Alarmo me met en fait le matin | Vie Associative","isPartOf":{"@id":"https:\/\/vieassociative.be\/actualites\/#website"},"primaryImageOfPage":{"@id":"https:\/\/vieassociative.be\/actualites\/lhorloge-sonore-nintendo-alarmo-me-met-en-fait-le-matin\/#primaryimage"},"image":{"@id":"https:\/\/vieassociative.be\/actualites\/lhorloge-sonore-nintendo-alarmo-me-met-en-fait-le-matin\/#primaryimage"},"thumbnailUrl":"https:\/\/vieassociative.be\/actualites\/wp-content\/uploads\/2025\/03\/Lhorloge-sonore-Nintendo-Alarmo-me-met-en-fait-le-matin.png","datePublished":"2025-03-11T07:22:42+00:00","dateModified":"2025-03-11T07:22:42+00:00","breadcrumb":{"@id":"https:\/\/vieassociative.be\/actualites\/lhorloge-sonore-nintendo-alarmo-me-met-en-fait-le-matin\/#breadcrumb"},"inLanguage":"fr-BE","potentialAction":[{"@type":"ReadAction","target":["https:\/\/vieassociative.be\/actualites\/lhorloge-sonore-nintendo-alarmo-me-met-en-fait-le-matin\/"]}]},{"@type":"ImageObject","inLanguage":"fr-BE","@id":"https:\/\/vieassociative.be\/actualites\/lhorloge-sonore-nintendo-alarmo-me-met-en-fait-le-matin\/#primaryimage","url":"https:\/\/vieassociative.be\/actualites\/wp-content\/uploads\/2025\/03\/Lhorloge-sonore-Nintendo-Alarmo-me-met-en-fait-le-matin.png","contentUrl":"https:\/\/vieassociative.be\/actualites\/wp-content\/uploads\/2025\/03\/Lhorloge-sonore-Nintendo-Alarmo-me-met-en-fait-le-matin.png","width":1200,"height":675,"caption":"L'horloge sonore Nintendo Alarmo me met en fait le matin"},{"@type":"BreadcrumbList","@id":"https:\/\/vieassociative.be\/actualites\/lhorloge-sonore-nintendo-alarmo-me-met-en-fait-le-matin\/#breadcrumb","itemListElement":[{"@type":"ListItem","position":1,"name":"Accueil","item":"https:\/\/vieassociative.be\/actualites\/"},{"@type":"ListItem","position":2,"name":"L&rsquo;horloge sonore Nintendo Alarmo me met en fait le matin"}]},{"@type":"WebSite","@id":"https:\/\/vieassociative.be\/actualites\/#website","url":"https:\/\/vieassociative.be\/actualites\/","name":"Vie Associative","description":"","publisher":{"@id":"https:\/\/vieassociative.be\/actualites\/#organization"},"potentialAction":[{"@type":"SearchAction","target":{"@type":"EntryPoint","urlTemplate":"https:\/\/vieassociative.be\/actualites\/?s={search_term_string}"},"query-input":{"@type":"PropertyValueSpecification","valueRequired":true,"valueName":"search_term_string"}}],"inLanguage":"fr-BE"},{"@type":"Organization","@id":"https:\/\/vieassociative.be\/actualites\/#organization","name":"Vie Associative","url":"https:\/\/vieassociative.be\/actualites\/","logo":{"@type":"ImageObject","inLanguage":"fr-BE","@id":"https:\/\/vieassociative.be\/actualites\/#\/schema\/logo\/image\/","url":"https:\/\/vieassociative.be\/actualites\/wp-content\/uploads\/2024\/09\/cropped-vieassociative_favicon.ico.png","contentUrl":"https:\/\/vieassociative.be\/actualites\/wp-content\/uploads\/2024\/09\/cropped-vieassociative_favicon.ico.png","width":512,"height":512,"caption":"Vie Associative"},"image":{"@id":"https:\/\/vieassociative.be\/actualites\/#\/schema\/logo\/image\/"}},{"@type":"Person","@id":"https:\/\/vieassociative.be\/actualites\/#\/schema\/person\/b87ac4f82f9d4e7b7cec7395b679edc4","name":"Julien","image":{"@type":"ImageObject","inLanguage":"fr-BE","@id":"https:\/\/vieassociative.be\/actualites\/#\/schema\/person\/image\/","url":"https:\/\/vieassociative.be\/actualites\/wp-content\/uploads\/2024\/09\/vie-associative-1-150x150.jpg","contentUrl":"https:\/\/vieassociative.be\/actualites\/wp-content\/uploads\/2024\/09\/vie-associative-1-150x150.jpg","caption":"Julien"},"description":"Je suis Julien, r\u00e9dacteur pour Vie Associative. Passionn\u00e9 par le monde associatif depuis plus de 10 ans, j'ai \u00e0 c\u0153ur de partager des histoires inspirantes et de mettre en lumi\u00e8re les initiatives locales. Mon objectif est de sensibiliser et d'encourager l'engagement communautaire \u00e0 travers mes articles.","sameAs":["https:\/\/vieassociative.be\/"]}]}},"_links":{"self":[{"href":"https:\/\/vieassociative.be\/actualites\/wp-json\/wp\/v2\/posts\/5789"}],"collection":[{"href":"https:\/\/vieassociative.be\/actualites\/wp-json\/wp\/v2\/posts"}],"about":[{"href":"https:\/\/vieassociative.be\/actualites\/wp-json\/wp\/v2\/types\/post"}],"author":[{"embeddable":true,"href":"https:\/\/vieassociative.be\/actualites\/wp-json\/wp\/v2\/users\/1"}],"replies":[{"embeddable":true,"href":"https:\/\/vieassociative.be\/actualites\/wp-json\/wp\/v2\/comments?post=5789"}],"version-history":[{"count":0,"href":"https:\/\/vieassociative.be\/actualites\/wp-json\/wp\/v2\/posts\/5789\/revisions"}],"wp:featuredmedia":[{"embeddable":true,"href":"https:\/\/vieassociative.be\/actualites\/wp-json\/wp\/v2\/media\/5790"}],"wp:attachment":[{"href":"https:\/\/vieassociative.be\/actualites\/wp-json\/wp\/v2\/media?parent=5789"}],"wp:term":[{"taxonomy":"category","embeddable":true,"href":"https:\/\/vieassociative.be\/actualites\/wp-json\/wp\/v2\/categories?post=5789"},{"taxonomy":"post_tag","embeddable":true,"href":"https:\/\/vieassociative.be\/actualites\/wp-json\/wp\/v2\/tags?post=5789"}],"curies":[{"name":"wp","href":"https:\/\/api.w.org\/{rel}","templated":true}]}}