{"id":5788,"date":"2025-03-11T06:28:35","date_gmt":"2025-03-11T05:28:35","guid":{"rendered":"https:\/\/vieassociative.be\/actualites\/jai-essaye-le-nouveau-doublage-de-lia-de-prime-video-et-jai-des-pensees-2\/"},"modified":"2025-03-11T06:28:35","modified_gmt":"2025-03-11T05:28:35","slug":"jai-essaye-le-nouveau-doublage-de-lia-de-prime-video-et-jai-des-pensees-2","status":"publish","type":"post","link":"https:\/\/vieassociative.be\/actualites\/jai-essaye-le-nouveau-doublage-de-lia-de-prime-video-et-jai-des-pensees-2\/","title":{"rendered":"J&rsquo;ai essay\u00e9 le nouveau doublage de l&rsquo;IA de Prime Video, et j&rsquo;ai des pens\u00e9es"},"content":{"rendered":"<div class=\"mt-4 leading-6 md:mb-8\">Et l&rsquo;Oscar du meilleur dub va \u00e0 &#8230; quelqu&rsquo;un d&rsquo;autre, probablement.<\/div>\n<p><\/p>\n<p>Lorsque vous regardez un \u00e9l\u00e9ment de support produit dans une langue que vous ne parlez pas, vous avez quelques options. Vous pouvez, bien s\u00fbr, activer les sous-titres et suivre en lisant. Mais dans certains cas, vous pouvez basculer la piste audio sur la langue que vous parlez. C&rsquo;est ce qu&rsquo;on appelle le \u00abdub\u00bb, et il oblige g\u00e9n\u00e9ralement les artistes vocaux \u00e0 enregistrer les lignes dans cette nouvelle langue &#8211; d&rsquo;une mani\u00e8re qui correspond au ton original du spectacle ou du film. <\/p>\n<p>Cela n\u00e9cessite du temps et de l&rsquo;argent, quelque chose que les studios ne sont pas toujours dispos\u00e9s \u00e0 se s\u00e9parer. En tant que tel, tout n&rsquo;a pas un dub. Mais et si cela pouvait? <\/p>\n<p>Mercredi, Amazon a annonc\u00e9 le \u00ab\u00a0doublage aid\u00e9 \u00e0 AI-\u00a0\u00bb pour Prime Video. Sur certains titres, les t\u00e9l\u00e9spectateurs peuvent choisir de jouer un dub g\u00e9n\u00e9r\u00e9 par l&rsquo;AI du script en anglais ou en espagnol d&rsquo;Am\u00e9rique latine. Amazon dit qu&rsquo;il y a 12 titres qui prennent en charge cette fonctionnalit\u00e9 pour le moment, mais qu&rsquo;en nomm\u00e9e trois: <em>El Cid: La Leyenda; Mi Mam\u00e1 Lora<\/em>; et <em>Perdu depuis longtemps<\/em>. L&rsquo;entreprise affirme \u00e9galement que les \u00abprofessionnels de la localisation\u00bb travaillent avec l&rsquo;IA pour \u00abgarantir le contr\u00f4le de la qualit\u00e9\u00bb. Il n&rsquo;est pas clair ce que cela signifie, \u00e0 part qu&rsquo;il y a des humains qui v\u00e9rifient ces doublages d&rsquo;IA pour s&rsquo;assurer qu&rsquo;ils ne se trompent pas ou ne traduisent pas ou commettent d&rsquo;autres erreurs en raison des hallucinations. <\/p>\n<p>J&rsquo;ai une vid\u00e9o de grande \u00e9coute, donc j&rsquo;\u00e9tais int\u00e9ress\u00e9 \u00e0 consulter ces dubs pour moi pour voir comment Amazon est par rapport aux \u00eatres humains, vous savez. Dans ma recherche, je n&rsquo;ai pas pu trouver <em>Mi Mam\u00e1 Lora<\/em>mais je pouvais trouver les deux autres titres. Pour utiliser la fonctionnalit\u00e9, vous devez entrer dans le s\u00e9lecteur de langue sur le titre compatible et choisir la \u00ab\u00a0Beta AI\u00a0\u00bb. Ensuite, vous pouvez vivre ce que j&rsquo;ai v\u00e9cu.<\/p>\n<h2 id=\"el-cid-la-leyenda\"><em>El Cid: La Leyenda <\/em><\/h2>\n<p>Il y a quelques titres sur la vid\u00e9o prime du nom de <em>El Cid<\/em>mais le seul qui prend en charge le doublage de l&rsquo;IA est cette option sp\u00e9cifique: un documentaire de 63 minutes sur Rodrigo D\u00edaz de Vivar, autrement connu sous le nom <em>El Cid<\/em>. Je ne regardais pas <em>El Cid: La Layenda<\/em> Pour en savoir plus sur cette r\u00e8gle de l&rsquo;Espagne m\u00e9di\u00e9vale &#8211; je voulais savoir \u00e0 quel point un bot AI g\u00e9rerait le doublage anglais d&rsquo;un film produit en espagnol.  <\/p>\n<p>Les r\u00e9sultats sont pour le moins int\u00e9ressants. La plupart des discours dans le documentaire se produisent via la voix off, qui est extr\u00eamement touch\u00e9 ou manque. (\u00ab\u00a0Hit\u00a0\u00bb peut \u00eatre trop g\u00e9n\u00e9reux.) Lorsque vous savez que la voix est g\u00e9n\u00e9r\u00e9e par AI, vous choisissez les inflexions fade ou \u00e9tranges. C&rsquo;est un discours classique g\u00e9n\u00e9r\u00e9 par l&rsquo;AI: les \u00e9l\u00e9ments d&rsquo;une liste sont parl\u00e9s dans des tons incoh\u00e9rents; Certains mots sont enroul\u00e9s ou ralentis artificiellement, comme si le bot avait un verre ou deux. Mais en toute honn\u00eatet\u00e9, je m&rsquo;attendais pire. Ce n&rsquo;est pas comme regarder un documentaire racont\u00e9 par la voix Tiktok AI. Ce n&rsquo;est pas g\u00e9nial (ce n&rsquo;est m\u00eame pas bon), mais il offre un <em>peu<\/em> plus d&rsquo;\u00e9motion que je ne m&rsquo;attendais. <\/p>\n<div class=\"video-parent !mb-0\">\n<div class=\"relative mt-16 h-0 w-full\" data-nosnippet=\"true\" style=\"padding-bottom: 56.3%;\">\n<div class=\"absolute inset-0 h-full w-full\" id=\"video-container-02GmpQNukch8UJy3GTsbWM4\"><\/div>\n<\/p><\/div>\n<\/p><\/div>\n<p>Les probl\u00e8mes s&rsquo;\u00e9tendent aux Dubs de l&rsquo;IA des personnes interrog\u00e9es du documentaire. Dans de nombreux cas, la voix est assez maladroite, guind\u00e9e et pleine des incoh\u00e9rences mentionn\u00e9es ci-dessus. Parfois, la voix est compl\u00e8tement d\u00e9pourvue de toute \u00e9motion et ressemble plus \u00e0 un outil de voix off depuis les ann\u00e9es pass\u00e9es, plut\u00f4t que les voix d&rsquo;IA \u00ab\u00a0de haute qualit\u00e9\u00a0\u00bb auxquelles nous nous attendons.    <\/p>\n<div class=\"video-parent !mb-0\">\n<div class=\"relative mt-16 h-0 w-full\" data-nosnippet=\"true\" style=\"padding-bottom: 56.3%;\">\n<div class=\"absolute inset-0 h-full w-full\" id=\"video-container-04S6BCiApdRzLVLiyni7fjj\"><\/div>\n<\/p><\/div>\n<\/p><\/div>\n<p>Pour le cr\u00e9dit d&rsquo;Amazon, il semble que l&rsquo;IA utilise une voix diff\u00e9rente pour chaque personne qu&rsquo;il est doubl\u00e9e. Cela rend un peu plus facile \u00e0 distinguer les diff\u00e9rents haut-parleurs et vous \u00e9pargne de devoir \u00e9couter la m\u00eame voix m\u00e9diocre d&rsquo;IA pour tout le film.  <\/p>\n<h2 id=\"long-lost\"><em>Perdu depuis longtemps<\/em><\/h2>\n<p><em>Perdu depuis longtemps<\/em> est un peu plus difficile \u00e0 juger: le film, produit \u00e0 l&rsquo;origine en anglais, a un dub IA en espagnol. Comme je ne parle pas espagnol, ce n&rsquo;est pas aussi facile de choisir les bizarreries robotiques que votre oreille reprend lorsque vous connaissez la langue. <\/p>\n<p>Toujours, <em>Perdu depuis longtemps<\/em> offert une exp\u00e9rience diff\u00e9rente de <em>El Cid<\/em>puisque il s&rsquo;agit d&rsquo;un film: vous entendez comment l&rsquo;IA g\u00e8re le doublage des acteurs. Comme la voix off de l&rsquo;IA dans le documentaire, ces acteurs de l&rsquo;IA ne sont pas aussi mauvais que je m&rsquo;y attendais. Je pr\u00e9voyais que les voix d&rsquo;IA livrant leurs lignes totalement plates, mais il y a parfois une \u00e9motion ici. Aucun robot ne gagne un Oscar ici, attention: en fait, les voix peuvent \u00eatre assez g\u00eanantes et manqu\u00e9es, en lisant le script trop fort, brusquement ou clairement. Mais, pour certaines lignes, je ne suis pas s\u00fbr de supposer que c&rsquo;\u00e9tait des voix de l&rsquo;IA si je ne savais pas d\u00e9j\u00e0 \u00e0 l&rsquo;avance.  <\/p>\n<p>M\u00eame dans des sc\u00e8nes plus intenses, l&rsquo;IA \u00abessaie\u00bb. Lorsque le personnage crie, l&rsquo;IA l\u00e8ve sa voix. C&rsquo;est loin d&rsquo;\u00eatre parfait, mais c&rsquo;est une exp\u00e9rience int\u00e9ressante pour voir ce que l&rsquo;IA peut faire: <\/p>\n<div class=\"video-parent !mb-0\">\n<div class=\"relative mt-16 h-0 w-full\" data-nosnippet=\"true\" style=\"padding-bottom: 56.3%;\">\n<div class=\"absolute inset-0 h-full w-full\" id=\"video-container-007npEw9OZNLh1bZamSJjcM\"><\/div>\n<\/p><\/div>\n<\/p><\/div>\n<p>Dans une sc\u00e8ne, deux personnages concourent dans un jeu de \u00ab\u00a0Chubby Bunny\u00a0\u00bb, dans lequel chacun doit continuer \u00e0 ajouter des guimauves \u00e0 leur bouche tout en \u00e9tant capable de dire \u00ab\u00a0Chubby Bunny\u00a0\u00bb. Parfois, l&rsquo;IA sonne en fait \u00e9touff\u00e9e, et m\u00eame si ce n&rsquo;est pas \u00ab\u00a0r\u00e9aliste\u00a0\u00bb, c&rsquo;est une belle touche. (C&rsquo;est peut-\u00eatre l\u00e0 que l&rsquo;intervention humaine entre en jeu.) \u00c0 d&rsquo;autres moments, cependant, l&rsquo;IA semble totalement normale, tandis que la bouche des acteurs est clairement pleine de guimauve.<\/p>\n<div class=\"video-parent !mb-0\">\n<div class=\"relative mt-16 h-0 w-full\" data-nosnippet=\"true\" style=\"padding-bottom: 56.3%;\">\n<div class=\"absolute inset-0 h-full w-full\" id=\"video-container-04HXWSmdQCCV3XuNswK9sT7\"><\/div>\n<\/p><\/div>\n<\/p><\/div>\n<p>Une autre bizarrerie int\u00e9ressante: l&rsquo;un des personnages commence \u00e0 parler en fran\u00e7ais, donc la piste d&rsquo;IA coupe et l&rsquo;audio original entre. C&rsquo;est choquant, parce que vous pouvez entendre la diff\u00e9rence imm\u00e9diatement &#8211; pas juste les diff\u00e9rentes langues, bien s\u00fbr, mais la diff\u00e9rence dans la fa\u00e7on dont l&rsquo;audio r\u00e9el du film sonne par rapport \u00e0 la sortie de l&rsquo;IA st\u00e9rile.<\/p>\n<div class=\"video-parent !mb-0\">\n<div class=\"relative mt-16 h-0 w-full\" data-nosnippet=\"true\" style=\"padding-bottom: 56.3%;\">\n<div class=\"absolute inset-0 h-full w-full\" id=\"video-container-00nFE4MqrwN3hAZrjVJQiuN\"><\/div>\n<\/p><\/div>\n<\/p><\/div>\n<p>J&rsquo;aimerais r\u00e9essayer cette fonctionnalit\u00e9 sur un film produit en espagnol avec un dub anglais AI. J&rsquo;imagine qu&rsquo;il serait plus facile pour moi de choisir les probl\u00e8mes et de savoir si plus (ou tous) des voix sembleraient totalement faux.<\/p>\n<h2 id=\"is-the-future-of-dubbing-ai\">L&rsquo;avenir du doublage de l&rsquo;IA?<\/h2>\n<p>\u00c9coutez, il n&rsquo;y a aucun moyen que j&rsquo;appr\u00e9cierais vraiment de regarder un film ou une s\u00e9rie entier avec un Dub IA. Personnellement, je ne suis pas un grand fan de dubs g\u00e9n\u00e9r\u00e9s par l&rsquo;homme, donc je n&rsquo;ai aucun int\u00e9r\u00eat pour celui qui, parfois, ressemble \u00e0 un robot qui tire pour l&rsquo;Egot.<\/p>\n<p>Mais je dois admettre que la technologie n&rsquo;est pas <em>terrible<\/em>. \u00c0 certains moments, les voix semblent assez r\u00e9alistes pour que je puisse obtenir l&rsquo;essentiel, surtout lorsque la voix off serait \u00e9galement monotone et informative &#8211; telle que lors d&rsquo;un documentaire. Et il est int\u00e9ressant que ces doublages d&rsquo;IA puissent incorporer des \u00e9l\u00e9ments du spectacle ou du film, comme un discours \u00e9touff\u00e9 lors d&rsquo;un jeu de chuby chubby.   <\/p>\n<p>Je ne veux pas voir des acteurs de la voix mis au ch\u00f4mage ici. Ils m\u00e9ritent d&rsquo;\u00eatre pay\u00e9s pour leur travail et le public m\u00e9rite un dub de haute qualit\u00e9 dans les \u00e9missions et les films qu&rsquo;ils paient pour regarder. Cependant, je pense que le doublage de l&rsquo;IA pourrait offrir un compromis pour les moments o\u00f9 aucun dub est en route: si un studio ne va pas payer pour un dub de toute fa\u00e7on, il serait utile d&rsquo;avoir un dub &#8211; m\u00eame si c&rsquo;est du c\u00f4t\u00e9 robotique. Cela aiderait certainement les t\u00e9l\u00e9spectateurs malvoyants, qui pourraient ne pas \u00eatre en mesure de profiter des sous-titres. <\/p>\n<p>Bien s\u00fbr, il est na\u00eff de penser que les studios n&rsquo;utiliseront cette technologie que pour ces utilisations sp\u00e9cifiques, plut\u00f4t que d&rsquo;\u00e9liminer une profession humaine enti\u00e8re pour \u00e9conomiser de l&rsquo;argent. \u00c0 cette fin, je serais heureux si toute la pratique du doublage de l&rsquo;IA se termine ici et maintenant: c&rsquo;est int\u00e9ressant, mais ce n&rsquo;est pas bon, alors ne remplacez pas les vrais acteurs de la voix.  <\/p>\n","protected":false},"excerpt":{"rendered":"<p>Et l&rsquo;Oscar du meilleur dub va \u00e0 &#8230; quelqu&rsquo;un d&rsquo;autre, probablement. Lorsque vous regardez un \u00e9l\u00e9ment de support produit dans une langue que vous ne<\/p>\n","protected":false},"author":1,"featured_media":5706,"comment_status":"","ping_status":"","sticky":false,"template":"","format":"standard","meta":{"footnotes":""},"categories":[13],"tags":[29,5718,2258,823,155,553,5719,346,1204],"class_list":["post-5788","post","type-post","status-publish","format-standard","has-post-thumbnail","hentry","category-technologie","tag-des","tag-doublage","tag-essaye","tag-jai","tag-lia","tag-nouveau","tag-pensees","tag-prime","tag-video","generate-columns","tablet-grid-50","mobile-grid-100","grid-parent","grid-33"],"yoast_head":"<!-- This site is optimized with the Yoast SEO plugin v24.0 - https:\/\/yoast.com\/wordpress\/plugins\/seo\/ -->\n<title>J&#039;ai essay\u00e9 le nouveau doublage de l&#039;IA de Prime Video, et j&#039;ai des pens\u00e9es | Vie Associative<\/title>\n<meta name=\"robots\" content=\"index, follow, max-snippet:-1, max-image-preview:large, max-video-preview:-1\" \/>\n<link rel=\"canonical\" href=\"https:\/\/vieassociative.be\/actualites\/jai-essaye-le-nouveau-doublage-de-lia-de-prime-video-et-jai-des-pensees-2\/\" \/>\n<meta property=\"og:locale\" content=\"fr_FR\" \/>\n<meta property=\"og:type\" content=\"article\" \/>\n<meta property=\"og:title\" content=\"J&#039;ai essay\u00e9 le nouveau doublage de l&#039;IA de Prime Video, et j&#039;ai des pens\u00e9es | Vie Associative\" \/>\n<meta property=\"og:description\" content=\"Et l&rsquo;Oscar du meilleur dub va \u00e0 &#8230; quelqu&rsquo;un d&rsquo;autre, probablement. Lorsque vous regardez un \u00e9l\u00e9ment de support produit dans une langue que vous ne\" \/>\n<meta property=\"og:url\" content=\"https:\/\/vieassociative.be\/actualites\/jai-essaye-le-nouveau-doublage-de-lia-de-prime-video-et-jai-des-pensees-2\/\" \/>\n<meta property=\"og:site_name\" content=\"Vie Associative\" \/>\n<meta property=\"article:published_time\" content=\"2025-03-11T05:28:35+00:00\" \/>\n<meta property=\"og:image\" content=\"https:\/\/vieassociative.be\/actualites\/wp-content\/uploads\/2024\/09\/header_backgroundk-01-e1726694325946.png\" \/>\n\t<meta property=\"og:image:width\" content=\"279\" \/>\n\t<meta property=\"og:image:height\" content=\"92\" \/>\n\t<meta property=\"og:image:type\" content=\"image\/png\" \/>\n<meta name=\"author\" content=\"Julien\" \/>\n<meta name=\"twitter:card\" content=\"summary_large_image\" \/>\n<meta name=\"twitter:label1\" content=\"\u00c9crit par\" \/>\n\t<meta name=\"twitter:data1\" content=\"Julien\" \/>\n\t<meta name=\"twitter:label2\" content=\"Dur\u00e9e de lecture est.\" \/>\n\t<meta name=\"twitter:data2\" content=\"7 minutes\" \/>\n<script type=\"application\/ld+json\" class=\"yoast-schema-graph\">{\"@context\":\"https:\/\/schema.org\",\"@graph\":[{\"@type\":\"Article\",\"@id\":\"https:\/\/vieassociative.be\/actualites\/jai-essaye-le-nouveau-doublage-de-lia-de-prime-video-et-jai-des-pensees-2\/#article\",\"isPartOf\":{\"@id\":\"https:\/\/vieassociative.be\/actualites\/jai-essaye-le-nouveau-doublage-de-lia-de-prime-video-et-jai-des-pensees-2\/\"},\"author\":{\"name\":\"Julien\",\"@id\":\"https:\/\/vieassociative.be\/actualites\/#\/schema\/person\/b87ac4f82f9d4e7b7cec7395b679edc4\"},\"headline\":\"J&rsquo;ai essay\u00e9 le nouveau doublage de l&rsquo;IA de Prime Video, et j&rsquo;ai des pens\u00e9es\",\"datePublished\":\"2025-03-11T05:28:35+00:00\",\"dateModified\":\"2025-03-11T05:28:35+00:00\",\"mainEntityOfPage\":{\"@id\":\"https:\/\/vieassociative.be\/actualites\/jai-essaye-le-nouveau-doublage-de-lia-de-prime-video-et-jai-des-pensees-2\/\"},\"wordCount\":1513,\"publisher\":{\"@id\":\"https:\/\/vieassociative.be\/actualites\/#organization\"},\"image\":{\"@id\":\"https:\/\/vieassociative.be\/actualites\/jai-essaye-le-nouveau-doublage-de-lia-de-prime-video-et-jai-des-pensees-2\/#primaryimage\"},\"thumbnailUrl\":\"https:\/\/vieassociative.be\/actualites\/wp-content\/uploads\/2025\/03\/Jai-essaye-le-nouveau-doublage-de-lIA-de-Prime-Video.jpg\",\"keywords\":[\"Des\",\"doublage\",\"essay\u00e9\",\"Jai\",\"lIA\",\"nouveau\",\"pens\u00e9es\",\"Prime\",\"vid\u00e9o\"],\"articleSection\":[\"Technologie\"],\"inLanguage\":\"fr-BE\"},{\"@type\":\"WebPage\",\"@id\":\"https:\/\/vieassociative.be\/actualites\/jai-essaye-le-nouveau-doublage-de-lia-de-prime-video-et-jai-des-pensees-2\/\",\"url\":\"https:\/\/vieassociative.be\/actualites\/jai-essaye-le-nouveau-doublage-de-lia-de-prime-video-et-jai-des-pensees-2\/\",\"name\":\"J'ai essay\u00e9 le nouveau doublage de l'IA de Prime Video, et j'ai des pens\u00e9es | Vie Associative\",\"isPartOf\":{\"@id\":\"https:\/\/vieassociative.be\/actualites\/#website\"},\"primaryImageOfPage\":{\"@id\":\"https:\/\/vieassociative.be\/actualites\/jai-essaye-le-nouveau-doublage-de-lia-de-prime-video-et-jai-des-pensees-2\/#primaryimage\"},\"image\":{\"@id\":\"https:\/\/vieassociative.be\/actualites\/jai-essaye-le-nouveau-doublage-de-lia-de-prime-video-et-jai-des-pensees-2\/#primaryimage\"},\"thumbnailUrl\":\"https:\/\/vieassociative.be\/actualites\/wp-content\/uploads\/2025\/03\/Jai-essaye-le-nouveau-doublage-de-lIA-de-Prime-Video.jpg\",\"datePublished\":\"2025-03-11T05:28:35+00:00\",\"dateModified\":\"2025-03-11T05:28:35+00:00\",\"breadcrumb\":{\"@id\":\"https:\/\/vieassociative.be\/actualites\/jai-essaye-le-nouveau-doublage-de-lia-de-prime-video-et-jai-des-pensees-2\/#breadcrumb\"},\"inLanguage\":\"fr-BE\",\"potentialAction\":[{\"@type\":\"ReadAction\",\"target\":[\"https:\/\/vieassociative.be\/actualites\/jai-essaye-le-nouveau-doublage-de-lia-de-prime-video-et-jai-des-pensees-2\/\"]}]},{\"@type\":\"ImageObject\",\"inLanguage\":\"fr-BE\",\"@id\":\"https:\/\/vieassociative.be\/actualites\/jai-essaye-le-nouveau-doublage-de-lia-de-prime-video-et-jai-des-pensees-2\/#primaryimage\",\"url\":\"https:\/\/vieassociative.be\/actualites\/wp-content\/uploads\/2025\/03\/Jai-essaye-le-nouveau-doublage-de-lIA-de-Prime-Video.jpg\",\"contentUrl\":\"https:\/\/vieassociative.be\/actualites\/wp-content\/uploads\/2025\/03\/Jai-essaye-le-nouveau-doublage-de-lIA-de-Prime-Video.jpg\",\"width\":1200,\"height\":675,\"caption\":\"J'ai essay\u00e9 le nouveau doublage de l'IA de Prime Video, et j'ai des pens\u00e9es\"},{\"@type\":\"BreadcrumbList\",\"@id\":\"https:\/\/vieassociative.be\/actualites\/jai-essaye-le-nouveau-doublage-de-lia-de-prime-video-et-jai-des-pensees-2\/#breadcrumb\",\"itemListElement\":[{\"@type\":\"ListItem\",\"position\":1,\"name\":\"Accueil\",\"item\":\"https:\/\/vieassociative.be\/actualites\/\"},{\"@type\":\"ListItem\",\"position\":2,\"name\":\"J&rsquo;ai essay\u00e9 le nouveau doublage de l&rsquo;IA de Prime Video, et j&rsquo;ai des pens\u00e9es\"}]},{\"@type\":\"WebSite\",\"@id\":\"https:\/\/vieassociative.be\/actualites\/#website\",\"url\":\"https:\/\/vieassociative.be\/actualites\/\",\"name\":\"Vie Associative\",\"description\":\"\",\"publisher\":{\"@id\":\"https:\/\/vieassociative.be\/actualites\/#organization\"},\"potentialAction\":[{\"@type\":\"SearchAction\",\"target\":{\"@type\":\"EntryPoint\",\"urlTemplate\":\"https:\/\/vieassociative.be\/actualites\/?s={search_term_string}\"},\"query-input\":{\"@type\":\"PropertyValueSpecification\",\"valueRequired\":true,\"valueName\":\"search_term_string\"}}],\"inLanguage\":\"fr-BE\"},{\"@type\":\"Organization\",\"@id\":\"https:\/\/vieassociative.be\/actualites\/#organization\",\"name\":\"Vie Associative\",\"url\":\"https:\/\/vieassociative.be\/actualites\/\",\"logo\":{\"@type\":\"ImageObject\",\"inLanguage\":\"fr-BE\",\"@id\":\"https:\/\/vieassociative.be\/actualites\/#\/schema\/logo\/image\/\",\"url\":\"https:\/\/vieassociative.be\/actualites\/wp-content\/uploads\/2024\/09\/cropped-vieassociative_favicon.ico.png\",\"contentUrl\":\"https:\/\/vieassociative.be\/actualites\/wp-content\/uploads\/2024\/09\/cropped-vieassociative_favicon.ico.png\",\"width\":512,\"height\":512,\"caption\":\"Vie Associative\"},\"image\":{\"@id\":\"https:\/\/vieassociative.be\/actualites\/#\/schema\/logo\/image\/\"}},{\"@type\":\"Person\",\"@id\":\"https:\/\/vieassociative.be\/actualites\/#\/schema\/person\/b87ac4f82f9d4e7b7cec7395b679edc4\",\"name\":\"Julien\",\"image\":{\"@type\":\"ImageObject\",\"inLanguage\":\"fr-BE\",\"@id\":\"https:\/\/vieassociative.be\/actualites\/#\/schema\/person\/image\/\",\"url\":\"https:\/\/vieassociative.be\/actualites\/wp-content\/uploads\/2024\/09\/vie-associative-1-150x150.jpg\",\"contentUrl\":\"https:\/\/vieassociative.be\/actualites\/wp-content\/uploads\/2024\/09\/vie-associative-1-150x150.jpg\",\"caption\":\"Julien\"},\"description\":\"Je suis Julien, r\u00e9dacteur pour Vie Associative. Passionn\u00e9 par le monde associatif depuis plus de 10 ans, j'ai \u00e0 c\u0153ur de partager des histoires inspirantes et de mettre en lumi\u00e8re les initiatives locales. Mon objectif est de sensibiliser et d'encourager l'engagement communautaire \u00e0 travers mes articles.\",\"sameAs\":[\"https:\/\/vieassociative.be\/\"]}]}<\/script>\n<!-- \/ Yoast SEO plugin. -->","yoast_head_json":{"title":"J'ai essay\u00e9 le nouveau doublage de l'IA de Prime Video, et j'ai des pens\u00e9es | Vie Associative","robots":{"index":"index","follow":"follow","max-snippet":"max-snippet:-1","max-image-preview":"max-image-preview:large","max-video-preview":"max-video-preview:-1"},"canonical":"https:\/\/vieassociative.be\/actualites\/jai-essaye-le-nouveau-doublage-de-lia-de-prime-video-et-jai-des-pensees-2\/","og_locale":"fr_FR","og_type":"article","og_title":"J'ai essay\u00e9 le nouveau doublage de l'IA de Prime Video, et j'ai des pens\u00e9es | Vie Associative","og_description":"Et l&rsquo;Oscar du meilleur dub va \u00e0 &#8230; quelqu&rsquo;un d&rsquo;autre, probablement. Lorsque vous regardez un \u00e9l\u00e9ment de support produit dans une langue que vous ne","og_url":"https:\/\/vieassociative.be\/actualites\/jai-essaye-le-nouveau-doublage-de-lia-de-prime-video-et-jai-des-pensees-2\/","og_site_name":"Vie Associative","article_published_time":"2025-03-11T05:28:35+00:00","og_image":[{"width":279,"height":92,"url":"https:\/\/vieassociative.be\/actualites\/wp-content\/uploads\/2024\/09\/header_backgroundk-01-e1726694325946.png","type":"image\/png"}],"author":"Julien","twitter_card":"summary_large_image","twitter_misc":{"\u00c9crit par":"Julien","Dur\u00e9e de lecture est.":"7 minutes"},"schema":{"@context":"https:\/\/schema.org","@graph":[{"@type":"Article","@id":"https:\/\/vieassociative.be\/actualites\/jai-essaye-le-nouveau-doublage-de-lia-de-prime-video-et-jai-des-pensees-2\/#article","isPartOf":{"@id":"https:\/\/vieassociative.be\/actualites\/jai-essaye-le-nouveau-doublage-de-lia-de-prime-video-et-jai-des-pensees-2\/"},"author":{"name":"Julien","@id":"https:\/\/vieassociative.be\/actualites\/#\/schema\/person\/b87ac4f82f9d4e7b7cec7395b679edc4"},"headline":"J&rsquo;ai essay\u00e9 le nouveau doublage de l&rsquo;IA de Prime Video, et j&rsquo;ai des pens\u00e9es","datePublished":"2025-03-11T05:28:35+00:00","dateModified":"2025-03-11T05:28:35+00:00","mainEntityOfPage":{"@id":"https:\/\/vieassociative.be\/actualites\/jai-essaye-le-nouveau-doublage-de-lia-de-prime-video-et-jai-des-pensees-2\/"},"wordCount":1513,"publisher":{"@id":"https:\/\/vieassociative.be\/actualites\/#organization"},"image":{"@id":"https:\/\/vieassociative.be\/actualites\/jai-essaye-le-nouveau-doublage-de-lia-de-prime-video-et-jai-des-pensees-2\/#primaryimage"},"thumbnailUrl":"https:\/\/vieassociative.be\/actualites\/wp-content\/uploads\/2025\/03\/Jai-essaye-le-nouveau-doublage-de-lIA-de-Prime-Video.jpg","keywords":["Des","doublage","essay\u00e9","Jai","lIA","nouveau","pens\u00e9es","Prime","vid\u00e9o"],"articleSection":["Technologie"],"inLanguage":"fr-BE"},{"@type":"WebPage","@id":"https:\/\/vieassociative.be\/actualites\/jai-essaye-le-nouveau-doublage-de-lia-de-prime-video-et-jai-des-pensees-2\/","url":"https:\/\/vieassociative.be\/actualites\/jai-essaye-le-nouveau-doublage-de-lia-de-prime-video-et-jai-des-pensees-2\/","name":"J'ai essay\u00e9 le nouveau doublage de l'IA de Prime Video, et j'ai des pens\u00e9es | Vie Associative","isPartOf":{"@id":"https:\/\/vieassociative.be\/actualites\/#website"},"primaryImageOfPage":{"@id":"https:\/\/vieassociative.be\/actualites\/jai-essaye-le-nouveau-doublage-de-lia-de-prime-video-et-jai-des-pensees-2\/#primaryimage"},"image":{"@id":"https:\/\/vieassociative.be\/actualites\/jai-essaye-le-nouveau-doublage-de-lia-de-prime-video-et-jai-des-pensees-2\/#primaryimage"},"thumbnailUrl":"https:\/\/vieassociative.be\/actualites\/wp-content\/uploads\/2025\/03\/Jai-essaye-le-nouveau-doublage-de-lIA-de-Prime-Video.jpg","datePublished":"2025-03-11T05:28:35+00:00","dateModified":"2025-03-11T05:28:35+00:00","breadcrumb":{"@id":"https:\/\/vieassociative.be\/actualites\/jai-essaye-le-nouveau-doublage-de-lia-de-prime-video-et-jai-des-pensees-2\/#breadcrumb"},"inLanguage":"fr-BE","potentialAction":[{"@type":"ReadAction","target":["https:\/\/vieassociative.be\/actualites\/jai-essaye-le-nouveau-doublage-de-lia-de-prime-video-et-jai-des-pensees-2\/"]}]},{"@type":"ImageObject","inLanguage":"fr-BE","@id":"https:\/\/vieassociative.be\/actualites\/jai-essaye-le-nouveau-doublage-de-lia-de-prime-video-et-jai-des-pensees-2\/#primaryimage","url":"https:\/\/vieassociative.be\/actualites\/wp-content\/uploads\/2025\/03\/Jai-essaye-le-nouveau-doublage-de-lIA-de-Prime-Video.jpg","contentUrl":"https:\/\/vieassociative.be\/actualites\/wp-content\/uploads\/2025\/03\/Jai-essaye-le-nouveau-doublage-de-lIA-de-Prime-Video.jpg","width":1200,"height":675,"caption":"J'ai essay\u00e9 le nouveau doublage de l'IA de Prime Video, et j'ai des pens\u00e9es"},{"@type":"BreadcrumbList","@id":"https:\/\/vieassociative.be\/actualites\/jai-essaye-le-nouveau-doublage-de-lia-de-prime-video-et-jai-des-pensees-2\/#breadcrumb","itemListElement":[{"@type":"ListItem","position":1,"name":"Accueil","item":"https:\/\/vieassociative.be\/actualites\/"},{"@type":"ListItem","position":2,"name":"J&rsquo;ai essay\u00e9 le nouveau doublage de l&rsquo;IA de Prime Video, et j&rsquo;ai des pens\u00e9es"}]},{"@type":"WebSite","@id":"https:\/\/vieassociative.be\/actualites\/#website","url":"https:\/\/vieassociative.be\/actualites\/","name":"Vie Associative","description":"","publisher":{"@id":"https:\/\/vieassociative.be\/actualites\/#organization"},"potentialAction":[{"@type":"SearchAction","target":{"@type":"EntryPoint","urlTemplate":"https:\/\/vieassociative.be\/actualites\/?s={search_term_string}"},"query-input":{"@type":"PropertyValueSpecification","valueRequired":true,"valueName":"search_term_string"}}],"inLanguage":"fr-BE"},{"@type":"Organization","@id":"https:\/\/vieassociative.be\/actualites\/#organization","name":"Vie Associative","url":"https:\/\/vieassociative.be\/actualites\/","logo":{"@type":"ImageObject","inLanguage":"fr-BE","@id":"https:\/\/vieassociative.be\/actualites\/#\/schema\/logo\/image\/","url":"https:\/\/vieassociative.be\/actualites\/wp-content\/uploads\/2024\/09\/cropped-vieassociative_favicon.ico.png","contentUrl":"https:\/\/vieassociative.be\/actualites\/wp-content\/uploads\/2024\/09\/cropped-vieassociative_favicon.ico.png","width":512,"height":512,"caption":"Vie Associative"},"image":{"@id":"https:\/\/vieassociative.be\/actualites\/#\/schema\/logo\/image\/"}},{"@type":"Person","@id":"https:\/\/vieassociative.be\/actualites\/#\/schema\/person\/b87ac4f82f9d4e7b7cec7395b679edc4","name":"Julien","image":{"@type":"ImageObject","inLanguage":"fr-BE","@id":"https:\/\/vieassociative.be\/actualites\/#\/schema\/person\/image\/","url":"https:\/\/vieassociative.be\/actualites\/wp-content\/uploads\/2024\/09\/vie-associative-1-150x150.jpg","contentUrl":"https:\/\/vieassociative.be\/actualites\/wp-content\/uploads\/2024\/09\/vie-associative-1-150x150.jpg","caption":"Julien"},"description":"Je suis Julien, r\u00e9dacteur pour Vie Associative. Passionn\u00e9 par le monde associatif depuis plus de 10 ans, j'ai \u00e0 c\u0153ur de partager des histoires inspirantes et de mettre en lumi\u00e8re les initiatives locales. Mon objectif est de sensibiliser et d'encourager l'engagement communautaire \u00e0 travers mes articles.","sameAs":["https:\/\/vieassociative.be\/"]}]}},"_links":{"self":[{"href":"https:\/\/vieassociative.be\/actualites\/wp-json\/wp\/v2\/posts\/5788"}],"collection":[{"href":"https:\/\/vieassociative.be\/actualites\/wp-json\/wp\/v2\/posts"}],"about":[{"href":"https:\/\/vieassociative.be\/actualites\/wp-json\/wp\/v2\/types\/post"}],"author":[{"embeddable":true,"href":"https:\/\/vieassociative.be\/actualites\/wp-json\/wp\/v2\/users\/1"}],"replies":[{"embeddable":true,"href":"https:\/\/vieassociative.be\/actualites\/wp-json\/wp\/v2\/comments?post=5788"}],"version-history":[{"count":0,"href":"https:\/\/vieassociative.be\/actualites\/wp-json\/wp\/v2\/posts\/5788\/revisions"}],"wp:featuredmedia":[{"embeddable":true,"href":"https:\/\/vieassociative.be\/actualites\/wp-json\/wp\/v2\/media\/5706"}],"wp:attachment":[{"href":"https:\/\/vieassociative.be\/actualites\/wp-json\/wp\/v2\/media?parent=5788"}],"wp:term":[{"taxonomy":"category","embeddable":true,"href":"https:\/\/vieassociative.be\/actualites\/wp-json\/wp\/v2\/categories?post=5788"},{"taxonomy":"post_tag","embeddable":true,"href":"https:\/\/vieassociative.be\/actualites\/wp-json\/wp\/v2\/tags?post=5788"}],"curies":[{"name":"wp","href":"https:\/\/api.w.org\/{rel}","templated":true}]}}