{"id":5785,"date":"2025-03-11T03:17:29","date_gmt":"2025-03-11T02:17:29","guid":{"rendered":"https:\/\/vieassociative.be\/actualites\/mon-enfant-sur-le-chemin-de-vos-etudes-informations-de-fh-et-rwth-aichen-suj\/"},"modified":"2025-03-11T03:17:29","modified_gmt":"2025-03-11T02:17:29","slug":"mon-enfant-sur-le-chemin-de-vos-etudes-informations-de-fh-et-rwth-aichen-suj","status":"publish","type":"post","link":"https:\/\/vieassociative.be\/actualites\/mon-enfant-sur-le-chemin-de-vos-etudes-informations-de-fh-et-rwth-aichen-suj\/","title":{"rendered":"\u00ab\u00a0Mon enfant sur le chemin de vos \u00e9tudes\u00a0\u00bb: Informations de FH et RWTH AICHEN SUJ"},"content":{"rendered":"<p><strong>\u00ab\u00a0Mon enfant sur le chemin de l&rsquo;\u00e9tude &#8211; le r\u00f4le des parents et des informations sur l&rsquo;\u00e9tude \u00e0 l&rsquo;Aix-un et \u00e0 Rwth Aachen.\u00a0\u00bb<\/strong><\/p>\n<p><span id=\"more-410969\"><\/span>Il s&rsquo;agit du titre d&rsquo;un \u00e9v\u00e9nement d&rsquo;information en ligne pour les parents des \u00e9l\u00e8ves du secondaire qui auront lieu le mercredi 19 mars 2025, de 19 h \u00e0 20 h 30.<\/p>\n<p>En coop\u00e9ration avec le FH Aachen et RWTH Aachen, l&rsquo;Agence f\u00e9d\u00e9rale de l&#8217;emploi propose explicitement un \u00e9v\u00e9nement d&rsquo;information num\u00e9rique sur le sujet de l&rsquo;orientation de l&rsquo;\u00e9tude et de la d\u00e9cision d&rsquo;\u00e9tude.<\/p>\n<p>La conf\u00e9rence conjointe r\u00e9pond \u00e0 de nombreuses questions fr\u00e9quemment pos\u00e9es dans les consultations d&rsquo;\u00e9tude des universit\u00e9s et fournit des informations sur le r\u00f4le des parents dans le processus de choix de carri\u00e8re, des informations sur l&rsquo;offre d&rsquo;\u00e9tude et l&rsquo;enregistrement des \u00e9tudes \u00e0 l&rsquo;Aix-un et \u00e0 la RWTH Aachen ainsi qu&rsquo;\u00e0 d&rsquo;autres sujets (par exemple le financement de l&rsquo;\u00e9tude, les diff\u00e9rences dans l&rsquo;universit\u00e9, l&rsquo;application, NC, etc.).<\/p>\n<p><i>Remarque &#8211; Plus d&rsquo;informations et d&rsquo;enregistrement sur <u>www.rwth-aachen.de\/elternabend<\/u><\/i><\/p>\n","protected":false},"excerpt":{"rendered":"<p>\u00ab\u00a0Mon enfant sur le chemin de l&rsquo;\u00e9tude &#8211; le r\u00f4le des parents et des informations sur l&rsquo;\u00e9tude \u00e0 l&rsquo;Aix-un et \u00e0 Rwth Aachen.\u00a0\u00bb Il s&rsquo;agit<\/p>\n","protected":false},"author":1,"featured_media":5786,"comment_status":"","ping_status":"","sticky":false,"template":"","format":"standard","meta":{"footnotes":""},"categories":[298],"tags":[5792,5447,295,199,86,49,5791,5793,33,27],"class_list":["post-5785","post","type-post","status-publish","format-standard","has-post-thumbnail","hentry","category-belgique","tag-aichen","tag-chemin","tag-enfant","tag-etudes","tag-informations","tag-mon","tag-rwth","tag-suj","tag-sur","tag-vos","generate-columns","tablet-grid-50","mobile-grid-100","grid-parent","grid-33"],"yoast_head":"<!-- This site is optimized with the Yoast SEO plugin v24.0 - https:\/\/yoast.com\/wordpress\/plugins\/seo\/ -->\n<title>&quot;Mon enfant sur le chemin de vos \u00e9tudes&quot;: Informations de FH et RWTH AICHEN SUJ | Vie Associative<\/title>\n<meta name=\"robots\" content=\"index, follow, max-snippet:-1, max-image-preview:large, max-video-preview:-1\" \/>\n<link rel=\"canonical\" href=\"https:\/\/vieassociative.be\/actualites\/mon-enfant-sur-le-chemin-de-vos-etudes-informations-de-fh-et-rwth-aichen-suj\/\" \/>\n<meta property=\"og:locale\" content=\"fr_FR\" \/>\n<meta property=\"og:type\" content=\"article\" \/>\n<meta property=\"og:title\" content=\"&quot;Mon enfant sur le chemin de vos \u00e9tudes&quot;: Informations de FH et RWTH AICHEN SUJ | Vie Associative\" \/>\n<meta property=\"og:description\" content=\"\u00ab\u00a0Mon enfant sur le chemin de l&rsquo;\u00e9tude &#8211; le r\u00f4le des parents et des informations sur l&rsquo;\u00e9tude \u00e0 l&rsquo;Aix-un et \u00e0 Rwth Aachen.\u00a0\u00bb Il s&rsquo;agit\" \/>\n<meta property=\"og:url\" content=\"https:\/\/vieassociative.be\/actualites\/mon-enfant-sur-le-chemin-de-vos-etudes-informations-de-fh-et-rwth-aichen-suj\/\" \/>\n<meta property=\"og:site_name\" content=\"Vie Associative\" \/>\n<meta property=\"article:published_time\" content=\"2025-03-11T02:17:29+00:00\" \/>\n<meta property=\"og:image\" content=\"https:\/\/vieassociative.be\/actualites\/wp-content\/uploads\/2024\/09\/header_backgroundk-01-e1726694325946.png\" \/>\n\t<meta property=\"og:image:width\" content=\"279\" \/>\n\t<meta property=\"og:image:height\" content=\"92\" \/>\n\t<meta property=\"og:image:type\" content=\"image\/png\" \/>\n<meta name=\"author\" content=\"Julien\" \/>\n<meta name=\"twitter:card\" content=\"summary_large_image\" \/>\n<meta name=\"twitter:label1\" content=\"\u00c9crit par\" \/>\n\t<meta name=\"twitter:data1\" content=\"Julien\" \/>\n\t<meta name=\"twitter:label2\" content=\"Dur\u00e9e de lecture est.\" \/>\n\t<meta name=\"twitter:data2\" content=\"1 minute\" \/>\n<script type=\"application\/ld+json\" class=\"yoast-schema-graph\">{\"@context\":\"https:\/\/schema.org\",\"@graph\":[{\"@type\":\"Article\",\"@id\":\"https:\/\/vieassociative.be\/actualites\/mon-enfant-sur-le-chemin-de-vos-etudes-informations-de-fh-et-rwth-aichen-suj\/#article\",\"isPartOf\":{\"@id\":\"https:\/\/vieassociative.be\/actualites\/mon-enfant-sur-le-chemin-de-vos-etudes-informations-de-fh-et-rwth-aichen-suj\/\"},\"author\":{\"name\":\"Julien\",\"@id\":\"https:\/\/vieassociative.be\/actualites\/#\/schema\/person\/b87ac4f82f9d4e7b7cec7395b679edc4\"},\"headline\":\"\u00ab\u00a0Mon enfant sur le chemin de vos \u00e9tudes\u00a0\u00bb: Informations de FH et RWTH AICHEN SUJ\",\"datePublished\":\"2025-03-11T02:17:29+00:00\",\"dateModified\":\"2025-03-11T02:17:29+00:00\",\"mainEntityOfPage\":{\"@id\":\"https:\/\/vieassociative.be\/actualites\/mon-enfant-sur-le-chemin-de-vos-etudes-informations-de-fh-et-rwth-aichen-suj\/\"},\"wordCount\":205,\"publisher\":{\"@id\":\"https:\/\/vieassociative.be\/actualites\/#organization\"},\"image\":{\"@id\":\"https:\/\/vieassociative.be\/actualites\/mon-enfant-sur-le-chemin-de-vos-etudes-informations-de-fh-et-rwth-aichen-suj\/#primaryimage\"},\"thumbnailUrl\":\"https:\/\/vieassociative.be\/actualites\/wp-content\/uploads\/2025\/03\/Mon-enfant-sur-le-chemin-de-vos-etudes-Informations-de.jpg\",\"keywords\":[\"AICHEN\",\"chemin\",\"enfant\",\"\u00e9tudes\",\"informations\",\"Mon\",\"RWTH\",\"SUJ\",\"sur\",\"vos\"],\"articleSection\":[\"Belgique\"],\"inLanguage\":\"fr-BE\"},{\"@type\":\"WebPage\",\"@id\":\"https:\/\/vieassociative.be\/actualites\/mon-enfant-sur-le-chemin-de-vos-etudes-informations-de-fh-et-rwth-aichen-suj\/\",\"url\":\"https:\/\/vieassociative.be\/actualites\/mon-enfant-sur-le-chemin-de-vos-etudes-informations-de-fh-et-rwth-aichen-suj\/\",\"name\":\"\\\"Mon enfant sur le chemin de vos \u00e9tudes\\\": Informations de FH et RWTH AICHEN SUJ | Vie Associative\",\"isPartOf\":{\"@id\":\"https:\/\/vieassociative.be\/actualites\/#website\"},\"primaryImageOfPage\":{\"@id\":\"https:\/\/vieassociative.be\/actualites\/mon-enfant-sur-le-chemin-de-vos-etudes-informations-de-fh-et-rwth-aichen-suj\/#primaryimage\"},\"image\":{\"@id\":\"https:\/\/vieassociative.be\/actualites\/mon-enfant-sur-le-chemin-de-vos-etudes-informations-de-fh-et-rwth-aichen-suj\/#primaryimage\"},\"thumbnailUrl\":\"https:\/\/vieassociative.be\/actualites\/wp-content\/uploads\/2025\/03\/Mon-enfant-sur-le-chemin-de-vos-etudes-Informations-de.jpg\",\"datePublished\":\"2025-03-11T02:17:29+00:00\",\"dateModified\":\"2025-03-11T02:17:29+00:00\",\"breadcrumb\":{\"@id\":\"https:\/\/vieassociative.be\/actualites\/mon-enfant-sur-le-chemin-de-vos-etudes-informations-de-fh-et-rwth-aichen-suj\/#breadcrumb\"},\"inLanguage\":\"fr-BE\",\"potentialAction\":[{\"@type\":\"ReadAction\",\"target\":[\"https:\/\/vieassociative.be\/actualites\/mon-enfant-sur-le-chemin-de-vos-etudes-informations-de-fh-et-rwth-aichen-suj\/\"]}]},{\"@type\":\"ImageObject\",\"inLanguage\":\"fr-BE\",\"@id\":\"https:\/\/vieassociative.be\/actualites\/mon-enfant-sur-le-chemin-de-vos-etudes-informations-de-fh-et-rwth-aichen-suj\/#primaryimage\",\"url\":\"https:\/\/vieassociative.be\/actualites\/wp-content\/uploads\/2025\/03\/Mon-enfant-sur-le-chemin-de-vos-etudes-Informations-de.jpg\",\"contentUrl\":\"https:\/\/vieassociative.be\/actualites\/wp-content\/uploads\/2025\/03\/Mon-enfant-sur-le-chemin-de-vos-etudes-Informations-de.jpg\",\"width\":1000,\"height\":667,\"caption\":\"\\\"Mon enfant sur le chemin de vos \u00e9tudes\\\": Informations de FH et RWTH AICHEN SUJ\"},{\"@type\":\"BreadcrumbList\",\"@id\":\"https:\/\/vieassociative.be\/actualites\/mon-enfant-sur-le-chemin-de-vos-etudes-informations-de-fh-et-rwth-aichen-suj\/#breadcrumb\",\"itemListElement\":[{\"@type\":\"ListItem\",\"position\":1,\"name\":\"Accueil\",\"item\":\"https:\/\/vieassociative.be\/actualites\/\"},{\"@type\":\"ListItem\",\"position\":2,\"name\":\"\u00ab\u00a0Mon enfant sur le chemin de vos \u00e9tudes\u00a0\u00bb: Informations de FH et RWTH AICHEN SUJ\"}]},{\"@type\":\"WebSite\",\"@id\":\"https:\/\/vieassociative.be\/actualites\/#website\",\"url\":\"https:\/\/vieassociative.be\/actualites\/\",\"name\":\"Vie Associative\",\"description\":\"\",\"publisher\":{\"@id\":\"https:\/\/vieassociative.be\/actualites\/#organization\"},\"potentialAction\":[{\"@type\":\"SearchAction\",\"target\":{\"@type\":\"EntryPoint\",\"urlTemplate\":\"https:\/\/vieassociative.be\/actualites\/?s={search_term_string}\"},\"query-input\":{\"@type\":\"PropertyValueSpecification\",\"valueRequired\":true,\"valueName\":\"search_term_string\"}}],\"inLanguage\":\"fr-BE\"},{\"@type\":\"Organization\",\"@id\":\"https:\/\/vieassociative.be\/actualites\/#organization\",\"name\":\"Vie Associative\",\"url\":\"https:\/\/vieassociative.be\/actualites\/\",\"logo\":{\"@type\":\"ImageObject\",\"inLanguage\":\"fr-BE\",\"@id\":\"https:\/\/vieassociative.be\/actualites\/#\/schema\/logo\/image\/\",\"url\":\"https:\/\/vieassociative.be\/actualites\/wp-content\/uploads\/2024\/09\/cropped-vieassociative_favicon.ico.png\",\"contentUrl\":\"https:\/\/vieassociative.be\/actualites\/wp-content\/uploads\/2024\/09\/cropped-vieassociative_favicon.ico.png\",\"width\":512,\"height\":512,\"caption\":\"Vie Associative\"},\"image\":{\"@id\":\"https:\/\/vieassociative.be\/actualites\/#\/schema\/logo\/image\/\"}},{\"@type\":\"Person\",\"@id\":\"https:\/\/vieassociative.be\/actualites\/#\/schema\/person\/b87ac4f82f9d4e7b7cec7395b679edc4\",\"name\":\"Julien\",\"image\":{\"@type\":\"ImageObject\",\"inLanguage\":\"fr-BE\",\"@id\":\"https:\/\/vieassociative.be\/actualites\/#\/schema\/person\/image\/\",\"url\":\"https:\/\/vieassociative.be\/actualites\/wp-content\/uploads\/2024\/09\/vie-associative-1-150x150.jpg\",\"contentUrl\":\"https:\/\/vieassociative.be\/actualites\/wp-content\/uploads\/2024\/09\/vie-associative-1-150x150.jpg\",\"caption\":\"Julien\"},\"description\":\"Je suis Julien, r\u00e9dacteur pour Vie Associative. Passionn\u00e9 par le monde associatif depuis plus de 10 ans, j'ai \u00e0 c\u0153ur de partager des histoires inspirantes et de mettre en lumi\u00e8re les initiatives locales. Mon objectif est de sensibiliser et d'encourager l'engagement communautaire \u00e0 travers mes articles.\",\"sameAs\":[\"https:\/\/vieassociative.be\/\"]}]}<\/script>\n<!-- \/ Yoast SEO plugin. -->","yoast_head_json":{"title":"\"Mon enfant sur le chemin de vos \u00e9tudes\": Informations de FH et RWTH AICHEN SUJ | Vie Associative","robots":{"index":"index","follow":"follow","max-snippet":"max-snippet:-1","max-image-preview":"max-image-preview:large","max-video-preview":"max-video-preview:-1"},"canonical":"https:\/\/vieassociative.be\/actualites\/mon-enfant-sur-le-chemin-de-vos-etudes-informations-de-fh-et-rwth-aichen-suj\/","og_locale":"fr_FR","og_type":"article","og_title":"\"Mon enfant sur le chemin de vos \u00e9tudes\": Informations de FH et RWTH AICHEN SUJ | Vie Associative","og_description":"\u00ab\u00a0Mon enfant sur le chemin de l&rsquo;\u00e9tude &#8211; le r\u00f4le des parents et des informations sur l&rsquo;\u00e9tude \u00e0 l&rsquo;Aix-un et \u00e0 Rwth Aachen.\u00a0\u00bb Il s&rsquo;agit","og_url":"https:\/\/vieassociative.be\/actualites\/mon-enfant-sur-le-chemin-de-vos-etudes-informations-de-fh-et-rwth-aichen-suj\/","og_site_name":"Vie Associative","article_published_time":"2025-03-11T02:17:29+00:00","og_image":[{"width":279,"height":92,"url":"https:\/\/vieassociative.be\/actualites\/wp-content\/uploads\/2024\/09\/header_backgroundk-01-e1726694325946.png","type":"image\/png"}],"author":"Julien","twitter_card":"summary_large_image","twitter_misc":{"\u00c9crit par":"Julien","Dur\u00e9e de lecture est.":"1 minute"},"schema":{"@context":"https:\/\/schema.org","@graph":[{"@type":"Article","@id":"https:\/\/vieassociative.be\/actualites\/mon-enfant-sur-le-chemin-de-vos-etudes-informations-de-fh-et-rwth-aichen-suj\/#article","isPartOf":{"@id":"https:\/\/vieassociative.be\/actualites\/mon-enfant-sur-le-chemin-de-vos-etudes-informations-de-fh-et-rwth-aichen-suj\/"},"author":{"name":"Julien","@id":"https:\/\/vieassociative.be\/actualites\/#\/schema\/person\/b87ac4f82f9d4e7b7cec7395b679edc4"},"headline":"\u00ab\u00a0Mon enfant sur le chemin de vos \u00e9tudes\u00a0\u00bb: Informations de FH et RWTH AICHEN SUJ","datePublished":"2025-03-11T02:17:29+00:00","dateModified":"2025-03-11T02:17:29+00:00","mainEntityOfPage":{"@id":"https:\/\/vieassociative.be\/actualites\/mon-enfant-sur-le-chemin-de-vos-etudes-informations-de-fh-et-rwth-aichen-suj\/"},"wordCount":205,"publisher":{"@id":"https:\/\/vieassociative.be\/actualites\/#organization"},"image":{"@id":"https:\/\/vieassociative.be\/actualites\/mon-enfant-sur-le-chemin-de-vos-etudes-informations-de-fh-et-rwth-aichen-suj\/#primaryimage"},"thumbnailUrl":"https:\/\/vieassociative.be\/actualites\/wp-content\/uploads\/2025\/03\/Mon-enfant-sur-le-chemin-de-vos-etudes-Informations-de.jpg","keywords":["AICHEN","chemin","enfant","\u00e9tudes","informations","Mon","RWTH","SUJ","sur","vos"],"articleSection":["Belgique"],"inLanguage":"fr-BE"},{"@type":"WebPage","@id":"https:\/\/vieassociative.be\/actualites\/mon-enfant-sur-le-chemin-de-vos-etudes-informations-de-fh-et-rwth-aichen-suj\/","url":"https:\/\/vieassociative.be\/actualites\/mon-enfant-sur-le-chemin-de-vos-etudes-informations-de-fh-et-rwth-aichen-suj\/","name":"\"Mon enfant sur le chemin de vos \u00e9tudes\": Informations de FH et RWTH AICHEN SUJ | Vie Associative","isPartOf":{"@id":"https:\/\/vieassociative.be\/actualites\/#website"},"primaryImageOfPage":{"@id":"https:\/\/vieassociative.be\/actualites\/mon-enfant-sur-le-chemin-de-vos-etudes-informations-de-fh-et-rwth-aichen-suj\/#primaryimage"},"image":{"@id":"https:\/\/vieassociative.be\/actualites\/mon-enfant-sur-le-chemin-de-vos-etudes-informations-de-fh-et-rwth-aichen-suj\/#primaryimage"},"thumbnailUrl":"https:\/\/vieassociative.be\/actualites\/wp-content\/uploads\/2025\/03\/Mon-enfant-sur-le-chemin-de-vos-etudes-Informations-de.jpg","datePublished":"2025-03-11T02:17:29+00:00","dateModified":"2025-03-11T02:17:29+00:00","breadcrumb":{"@id":"https:\/\/vieassociative.be\/actualites\/mon-enfant-sur-le-chemin-de-vos-etudes-informations-de-fh-et-rwth-aichen-suj\/#breadcrumb"},"inLanguage":"fr-BE","potentialAction":[{"@type":"ReadAction","target":["https:\/\/vieassociative.be\/actualites\/mon-enfant-sur-le-chemin-de-vos-etudes-informations-de-fh-et-rwth-aichen-suj\/"]}]},{"@type":"ImageObject","inLanguage":"fr-BE","@id":"https:\/\/vieassociative.be\/actualites\/mon-enfant-sur-le-chemin-de-vos-etudes-informations-de-fh-et-rwth-aichen-suj\/#primaryimage","url":"https:\/\/vieassociative.be\/actualites\/wp-content\/uploads\/2025\/03\/Mon-enfant-sur-le-chemin-de-vos-etudes-Informations-de.jpg","contentUrl":"https:\/\/vieassociative.be\/actualites\/wp-content\/uploads\/2025\/03\/Mon-enfant-sur-le-chemin-de-vos-etudes-Informations-de.jpg","width":1000,"height":667,"caption":"\"Mon enfant sur le chemin de vos \u00e9tudes\": Informations de FH et RWTH AICHEN SUJ"},{"@type":"BreadcrumbList","@id":"https:\/\/vieassociative.be\/actualites\/mon-enfant-sur-le-chemin-de-vos-etudes-informations-de-fh-et-rwth-aichen-suj\/#breadcrumb","itemListElement":[{"@type":"ListItem","position":1,"name":"Accueil","item":"https:\/\/vieassociative.be\/actualites\/"},{"@type":"ListItem","position":2,"name":"\u00ab\u00a0Mon enfant sur le chemin de vos \u00e9tudes\u00a0\u00bb: Informations de FH et RWTH AICHEN SUJ"}]},{"@type":"WebSite","@id":"https:\/\/vieassociative.be\/actualites\/#website","url":"https:\/\/vieassociative.be\/actualites\/","name":"Vie Associative","description":"","publisher":{"@id":"https:\/\/vieassociative.be\/actualites\/#organization"},"potentialAction":[{"@type":"SearchAction","target":{"@type":"EntryPoint","urlTemplate":"https:\/\/vieassociative.be\/actualites\/?s={search_term_string}"},"query-input":{"@type":"PropertyValueSpecification","valueRequired":true,"valueName":"search_term_string"}}],"inLanguage":"fr-BE"},{"@type":"Organization","@id":"https:\/\/vieassociative.be\/actualites\/#organization","name":"Vie Associative","url":"https:\/\/vieassociative.be\/actualites\/","logo":{"@type":"ImageObject","inLanguage":"fr-BE","@id":"https:\/\/vieassociative.be\/actualites\/#\/schema\/logo\/image\/","url":"https:\/\/vieassociative.be\/actualites\/wp-content\/uploads\/2024\/09\/cropped-vieassociative_favicon.ico.png","contentUrl":"https:\/\/vieassociative.be\/actualites\/wp-content\/uploads\/2024\/09\/cropped-vieassociative_favicon.ico.png","width":512,"height":512,"caption":"Vie Associative"},"image":{"@id":"https:\/\/vieassociative.be\/actualites\/#\/schema\/logo\/image\/"}},{"@type":"Person","@id":"https:\/\/vieassociative.be\/actualites\/#\/schema\/person\/b87ac4f82f9d4e7b7cec7395b679edc4","name":"Julien","image":{"@type":"ImageObject","inLanguage":"fr-BE","@id":"https:\/\/vieassociative.be\/actualites\/#\/schema\/person\/image\/","url":"https:\/\/vieassociative.be\/actualites\/wp-content\/uploads\/2024\/09\/vie-associative-1-150x150.jpg","contentUrl":"https:\/\/vieassociative.be\/actualites\/wp-content\/uploads\/2024\/09\/vie-associative-1-150x150.jpg","caption":"Julien"},"description":"Je suis Julien, r\u00e9dacteur pour Vie Associative. Passionn\u00e9 par le monde associatif depuis plus de 10 ans, j'ai \u00e0 c\u0153ur de partager des histoires inspirantes et de mettre en lumi\u00e8re les initiatives locales. Mon objectif est de sensibiliser et d'encourager l'engagement communautaire \u00e0 travers mes articles.","sameAs":["https:\/\/vieassociative.be\/"]}]}},"_links":{"self":[{"href":"https:\/\/vieassociative.be\/actualites\/wp-json\/wp\/v2\/posts\/5785"}],"collection":[{"href":"https:\/\/vieassociative.be\/actualites\/wp-json\/wp\/v2\/posts"}],"about":[{"href":"https:\/\/vieassociative.be\/actualites\/wp-json\/wp\/v2\/types\/post"}],"author":[{"embeddable":true,"href":"https:\/\/vieassociative.be\/actualites\/wp-json\/wp\/v2\/users\/1"}],"replies":[{"embeddable":true,"href":"https:\/\/vieassociative.be\/actualites\/wp-json\/wp\/v2\/comments?post=5785"}],"version-history":[{"count":0,"href":"https:\/\/vieassociative.be\/actualites\/wp-json\/wp\/v2\/posts\/5785\/revisions"}],"wp:featuredmedia":[{"embeddable":true,"href":"https:\/\/vieassociative.be\/actualites\/wp-json\/wp\/v2\/media\/5786"}],"wp:attachment":[{"href":"https:\/\/vieassociative.be\/actualites\/wp-json\/wp\/v2\/media?parent=5785"}],"wp:term":[{"taxonomy":"category","embeddable":true,"href":"https:\/\/vieassociative.be\/actualites\/wp-json\/wp\/v2\/categories?post=5785"},{"taxonomy":"post_tag","embeddable":true,"href":"https:\/\/vieassociative.be\/actualites\/wp-json\/wp\/v2\/tags?post=5785"}],"curies":[{"name":"wp","href":"https:\/\/api.w.org\/{rel}","templated":true}]}}