{"id":5783,"date":"2025-03-11T02:17:19","date_gmt":"2025-03-11T01:17:19","guid":{"rendered":"https:\/\/vieassociative.be\/actualites\/la-derniere-mise-a-jour-des-pixels-est-remplie-de-pepins-mais-il-y-a-un-correctif-pour-au-moins-lun-dentre-eux\/"},"modified":"2025-03-11T02:17:19","modified_gmt":"2025-03-11T01:17:19","slug":"la-derniere-mise-a-jour-des-pixels-est-remplie-de-pepins-mais-il-y-a-un-correctif-pour-au-moins-lun-dentre-eux","status":"publish","type":"post","link":"https:\/\/vieassociative.be\/actualites\/la-derniere-mise-a-jour-des-pixels-est-remplie-de-pepins-mais-il-y-a-un-correctif-pour-au-moins-lun-dentre-eux\/","title":{"rendered":"La derni\u00e8re mise \u00e0 jour des pixels est remplie de p\u00e9pins, mais il y a un correctif pour au moins l&rsquo;un d&rsquo;entre eux"},"content":{"rendered":"<div class=\"mt-4 leading-6 md:mb-8\">Il y a une solution de contournement pour ce bug de luminosit\u00e9.<\/div>\n<p><\/p>\n<p>Les mises \u00e0 jour logicielles sont cens\u00e9es introduire de nouvelles fonctionnalit\u00e9s tout en am\u00e9liorant la stabilit\u00e9 du syst\u00e8me d&rsquo;exploitation. Parfois, cependant, des bugs et des p\u00e9pins suppl\u00e9mentaires peuvent passer \u00e0 travers les mailles du filet. C&rsquo;est le cas avec la derni\u00e8re mise \u00e0 jour des pixels: Bien que Google ait ajout\u00e9 un certain nombre de nouvelles fonctionnalit\u00e9s \u00e0 Android et corrig\u00e9 43 vuln\u00e9rabilit\u00e9s de s\u00e9curit\u00e9, les utilisateurs qui l&rsquo;ont install\u00e9 se plaignent d&rsquo;\u00e9tranges p\u00e9pins sur leurs t\u00e9l\u00e9phones Pixel. <\/p>\n<h2 id=\"march-2025-pixel-drop-glitches-brightness-vibrations-and-more\">Mars 2025 Pixels Drop Glitches: luminosit\u00e9, vibrations et plus<\/h2>\n<p>Tout d&rsquo;abord, comme rep\u00e9r\u00e9 par 9to5google, certains utilisateurs de pixels connaissent des variations de luminosit\u00e9 tout en utilisant leur t\u00e9l\u00e9phone &#8211; sans toucher les param\u00e8tres de luminosit\u00e9 eux-m\u00eames. Le probl\u00e8me semble \u00eatre limit\u00e9 \u00e0 la lecture vid\u00e9o, o\u00f9 la luminosit\u00e9 plongera ou scintillera au hasard. Cet utilisateur rapporte qu&rsquo;il se produit dans \u00e0 peu pr\u00e8s toutes les applications vid\u00e9o qu&rsquo;ils utilisent, notamment Netflix, Prime Video, VLC ou Google&rsquo;s Conce-in. 9to5google a confirm\u00e9 le bug sur un pixel 9, bien que le probl\u00e8me de luminosit\u00e9 soit arriv\u00e9 de mani\u00e8re incoh\u00e9rente.<\/p>\n<p>En plus de ce probl\u00e8me de luminosit\u00e9, vous pouvez \u00e9galement subir des changements avec les vibrations de votre appareil. Ce fil repr\u00e9sente un large \u00e9ventail d&rsquo;exp\u00e9riences avec le probl\u00e8me: certains utilisateurs se plaignent que les haptiques sont beaucoup plus fortes qu&rsquo;avant la mise \u00e0 jour, un utilisateur d\u00e9crivant le changement comme un \u00ab\u00a0ressort au lieu d&rsquo;un coup\u00a0\u00bb. D&rsquo;un autre c\u00f4t\u00e9, un autre utilisateur dit que les vibrations de leur pixel sont d\u00e9sormais plus faibles qu&rsquo;auparavant. Quoi qu&rsquo;il en soit, beaucoup semblent penser que les vibrations sont \u00ab\u00a0diff\u00e9rentes\u00a0\u00bb apr\u00e8s la mise \u00e0 jour. <\/p>\n<p>Ce sont les bogues qui ont rendu le plus de buzz sur les forums depuis la goutte de pixels. Cependant, il pourrait y avoir d&rsquo;autres probl\u00e8mes qui ne sont pas aussi r\u00e9pandus. Un utilisateur R \/ GooglePixel a rassembl\u00e9 les bogues qu&rsquo;ils ont connus jusqu&rsquo;\u00e0 pr\u00e9sent, et, en plus du bogue de luminosit\u00e9, ils rencontrent \u00e9galement des probl\u00e8mes audio, y compris un probl\u00e8me avec les param\u00e8tres EQ, et un probl\u00e8me o\u00f9 le volume des chansons est beaucoup plus fort que le volume vid\u00e9o. Ce dernier point rendrait assez ennuyeux de sauter entre, disons, Spotify et Netflix: <em>Choses \u00e9trang\u00e8res <\/em>Lancera trop silencieux, <em>et<\/em> Fera votre luminosit\u00e9 qui deviendra fou.   <\/p>\n<h2 id=\"how-to-fix-the-brightness-glitch-on-pixel-phones\">Comment r\u00e9parer le probl\u00e8me de luminosit\u00e9 sur les t\u00e9l\u00e9phones \u00e0 pixels<\/h2>\n<p>Bien que Google travaille probablement sur des correctifs pour les plus gros bogues de la derni\u00e8re goutte de pixels, il existe actuellement une solution de contournement pour le probl\u00e8me de luminosit\u00e9: d\u00e9posez le taux de rafra\u00eechissement de votre t\u00e9l\u00e9phone. Il semble que des probl\u00e8mes de scintillement et de gradation ne se produisent qu&rsquo;\u00e0 ce moment-l\u00e0 lors de la recherche de vid\u00e9os avec 120 Hz. D\u00e9baissez le taux de rafra\u00eechissement \u00e0 60 Hz et les probl\u00e8mes de luminosit\u00e9 semblent se dissiper. <\/p>\n<p>Pour modifier le taux de rafra\u00eechissement, dirigez-vous vers <strong>Param\u00e8tres> Affichage<\/strong>alors d\u00e9sactivez la bascule \u00e0 c\u00f4t\u00e9 de <strong>Affichage lisse<\/strong>.<\/p>\n","protected":false},"excerpt":{"rendered":"<p>Il y a une solution de contournement pour ce bug de luminosit\u00e9. Les mises \u00e0 jour logicielles sont cens\u00e9es introduire de nouvelles fonctionnalit\u00e9s tout en<\/p>\n","protected":false},"author":1,"featured_media":5784,"comment_status":"","ping_status":"","sticky":false,"template":"","format":"standard","meta":{"footnotes":""},"categories":[13],"tags":[894,5789,139,29,76,5790,53,247,156,2183,469,5788,4978,81,5787],"class_list":["post-5783","post","type-post","status-publish","format-standard","has-post-thumbnail","hentry","category-technologie","tag-correctif","tag-dentre","tag-derniere","tag-des","tag-est","tag-eux","tag-jour","tag-lun","tag-mais","tag-mise","tag-moins","tag-pepins","tag-pixels","tag-pour","tag-remplie","generate-columns","tablet-grid-50","mobile-grid-100","grid-parent","grid-33"],"yoast_head":"<!-- This site is optimized with the Yoast SEO plugin v24.0 - https:\/\/yoast.com\/wordpress\/plugins\/seo\/ -->\n<title>La derni\u00e8re mise \u00e0 jour des pixels est remplie de p\u00e9pins, mais il y a un correctif pour au moins l&#039;un d&#039;entre eux | Vie Associative<\/title>\n<meta name=\"robots\" content=\"index, follow, max-snippet:-1, max-image-preview:large, max-video-preview:-1\" \/>\n<link rel=\"canonical\" href=\"https:\/\/vieassociative.be\/actualites\/la-derniere-mise-a-jour-des-pixels-est-remplie-de-pepins-mais-il-y-a-un-correctif-pour-au-moins-lun-dentre-eux\/\" \/>\n<meta property=\"og:locale\" content=\"fr_FR\" \/>\n<meta property=\"og:type\" content=\"article\" \/>\n<meta property=\"og:title\" content=\"La derni\u00e8re mise \u00e0 jour des pixels est remplie de p\u00e9pins, mais il y a un correctif pour au moins l&#039;un d&#039;entre eux | Vie Associative\" \/>\n<meta property=\"og:description\" content=\"Il y a une solution de contournement pour ce bug de luminosit\u00e9. Les mises \u00e0 jour logicielles sont cens\u00e9es introduire de nouvelles fonctionnalit\u00e9s tout en\" \/>\n<meta property=\"og:url\" content=\"https:\/\/vieassociative.be\/actualites\/la-derniere-mise-a-jour-des-pixels-est-remplie-de-pepins-mais-il-y-a-un-correctif-pour-au-moins-lun-dentre-eux\/\" \/>\n<meta property=\"og:site_name\" content=\"Vie Associative\" \/>\n<meta property=\"article:published_time\" content=\"2025-03-11T01:17:19+00:00\" \/>\n<meta property=\"og:image\" content=\"https:\/\/vieassociative.be\/actualites\/wp-content\/uploads\/2024\/09\/header_backgroundk-01-e1726694325946.png\" \/>\n\t<meta property=\"og:image:width\" content=\"279\" \/>\n\t<meta property=\"og:image:height\" content=\"92\" \/>\n\t<meta property=\"og:image:type\" content=\"image\/png\" \/>\n<meta name=\"author\" content=\"Julien\" \/>\n<meta name=\"twitter:card\" content=\"summary_large_image\" \/>\n<meta name=\"twitter:label1\" content=\"\u00c9crit par\" \/>\n\t<meta name=\"twitter:data1\" content=\"Julien\" \/>\n\t<meta name=\"twitter:label2\" content=\"Dur\u00e9e de lecture est.\" \/>\n\t<meta name=\"twitter:data2\" content=\"3 minutes\" \/>\n<script type=\"application\/ld+json\" class=\"yoast-schema-graph\">{\"@context\":\"https:\/\/schema.org\",\"@graph\":[{\"@type\":\"Article\",\"@id\":\"https:\/\/vieassociative.be\/actualites\/la-derniere-mise-a-jour-des-pixels-est-remplie-de-pepins-mais-il-y-a-un-correctif-pour-au-moins-lun-dentre-eux\/#article\",\"isPartOf\":{\"@id\":\"https:\/\/vieassociative.be\/actualites\/la-derniere-mise-a-jour-des-pixels-est-remplie-de-pepins-mais-il-y-a-un-correctif-pour-au-moins-lun-dentre-eux\/\"},\"author\":{\"name\":\"Julien\",\"@id\":\"https:\/\/vieassociative.be\/actualites\/#\/schema\/person\/b87ac4f82f9d4e7b7cec7395b679edc4\"},\"headline\":\"La derni\u00e8re mise \u00e0 jour des pixels est remplie de p\u00e9pins, mais il y a un correctif pour au moins l&rsquo;un d&rsquo;entre eux\",\"datePublished\":\"2025-03-11T01:17:19+00:00\",\"dateModified\":\"2025-03-11T01:17:19+00:00\",\"mainEntityOfPage\":{\"@id\":\"https:\/\/vieassociative.be\/actualites\/la-derniere-mise-a-jour-des-pixels-est-remplie-de-pepins-mais-il-y-a-un-correctif-pour-au-moins-lun-dentre-eux\/\"},\"wordCount\":587,\"publisher\":{\"@id\":\"https:\/\/vieassociative.be\/actualites\/#organization\"},\"image\":{\"@id\":\"https:\/\/vieassociative.be\/actualites\/la-derniere-mise-a-jour-des-pixels-est-remplie-de-pepins-mais-il-y-a-un-correctif-pour-au-moins-lun-dentre-eux\/#primaryimage\"},\"thumbnailUrl\":\"https:\/\/vieassociative.be\/actualites\/wp-content\/uploads\/2025\/03\/La-derniere-mise-a-jour-des-pixels-est-remplie-de.jpg\",\"keywords\":[\"correctif\",\"dentre\",\"derni\u00e8re\",\"Des\",\"est\",\"eux\",\"jour\",\"lun\",\"mais\",\"mise\",\"moins\",\"p\u00e9pins\",\"pixels\",\"pour\",\"remplie\"],\"articleSection\":[\"Technologie\"],\"inLanguage\":\"fr-BE\"},{\"@type\":\"WebPage\",\"@id\":\"https:\/\/vieassociative.be\/actualites\/la-derniere-mise-a-jour-des-pixels-est-remplie-de-pepins-mais-il-y-a-un-correctif-pour-au-moins-lun-dentre-eux\/\",\"url\":\"https:\/\/vieassociative.be\/actualites\/la-derniere-mise-a-jour-des-pixels-est-remplie-de-pepins-mais-il-y-a-un-correctif-pour-au-moins-lun-dentre-eux\/\",\"name\":\"La derni\u00e8re mise \u00e0 jour des pixels est remplie de p\u00e9pins, mais il y a un correctif pour au moins l'un d'entre eux | Vie Associative\",\"isPartOf\":{\"@id\":\"https:\/\/vieassociative.be\/actualites\/#website\"},\"primaryImageOfPage\":{\"@id\":\"https:\/\/vieassociative.be\/actualites\/la-derniere-mise-a-jour-des-pixels-est-remplie-de-pepins-mais-il-y-a-un-correctif-pour-au-moins-lun-dentre-eux\/#primaryimage\"},\"image\":{\"@id\":\"https:\/\/vieassociative.be\/actualites\/la-derniere-mise-a-jour-des-pixels-est-remplie-de-pepins-mais-il-y-a-un-correctif-pour-au-moins-lun-dentre-eux\/#primaryimage\"},\"thumbnailUrl\":\"https:\/\/vieassociative.be\/actualites\/wp-content\/uploads\/2025\/03\/La-derniere-mise-a-jour-des-pixels-est-remplie-de.jpg\",\"datePublished\":\"2025-03-11T01:17:19+00:00\",\"dateModified\":\"2025-03-11T01:17:19+00:00\",\"breadcrumb\":{\"@id\":\"https:\/\/vieassociative.be\/actualites\/la-derniere-mise-a-jour-des-pixels-est-remplie-de-pepins-mais-il-y-a-un-correctif-pour-au-moins-lun-dentre-eux\/#breadcrumb\"},\"inLanguage\":\"fr-BE\",\"potentialAction\":[{\"@type\":\"ReadAction\",\"target\":[\"https:\/\/vieassociative.be\/actualites\/la-derniere-mise-a-jour-des-pixels-est-remplie-de-pepins-mais-il-y-a-un-correctif-pour-au-moins-lun-dentre-eux\/\"]}]},{\"@type\":\"ImageObject\",\"inLanguage\":\"fr-BE\",\"@id\":\"https:\/\/vieassociative.be\/actualites\/la-derniere-mise-a-jour-des-pixels-est-remplie-de-pepins-mais-il-y-a-un-correctif-pour-au-moins-lun-dentre-eux\/#primaryimage\",\"url\":\"https:\/\/vieassociative.be\/actualites\/wp-content\/uploads\/2025\/03\/La-derniere-mise-a-jour-des-pixels-est-remplie-de.jpg\",\"contentUrl\":\"https:\/\/vieassociative.be\/actualites\/wp-content\/uploads\/2025\/03\/La-derniere-mise-a-jour-des-pixels-est-remplie-de.jpg\",\"width\":1200,\"height\":675,\"caption\":\"La derni\u00e8re mise \u00e0 jour des pixels est remplie de p\u00e9pins, mais il y a un correctif pour au moins l'un d'entre eux\"},{\"@type\":\"BreadcrumbList\",\"@id\":\"https:\/\/vieassociative.be\/actualites\/la-derniere-mise-a-jour-des-pixels-est-remplie-de-pepins-mais-il-y-a-un-correctif-pour-au-moins-lun-dentre-eux\/#breadcrumb\",\"itemListElement\":[{\"@type\":\"ListItem\",\"position\":1,\"name\":\"Accueil\",\"item\":\"https:\/\/vieassociative.be\/actualites\/\"},{\"@type\":\"ListItem\",\"position\":2,\"name\":\"La derni\u00e8re mise \u00e0 jour des pixels est remplie de p\u00e9pins, mais il y a un correctif pour au moins l&rsquo;un d&rsquo;entre eux\"}]},{\"@type\":\"WebSite\",\"@id\":\"https:\/\/vieassociative.be\/actualites\/#website\",\"url\":\"https:\/\/vieassociative.be\/actualites\/\",\"name\":\"Vie Associative\",\"description\":\"\",\"publisher\":{\"@id\":\"https:\/\/vieassociative.be\/actualites\/#organization\"},\"potentialAction\":[{\"@type\":\"SearchAction\",\"target\":{\"@type\":\"EntryPoint\",\"urlTemplate\":\"https:\/\/vieassociative.be\/actualites\/?s={search_term_string}\"},\"query-input\":{\"@type\":\"PropertyValueSpecification\",\"valueRequired\":true,\"valueName\":\"search_term_string\"}}],\"inLanguage\":\"fr-BE\"},{\"@type\":\"Organization\",\"@id\":\"https:\/\/vieassociative.be\/actualites\/#organization\",\"name\":\"Vie Associative\",\"url\":\"https:\/\/vieassociative.be\/actualites\/\",\"logo\":{\"@type\":\"ImageObject\",\"inLanguage\":\"fr-BE\",\"@id\":\"https:\/\/vieassociative.be\/actualites\/#\/schema\/logo\/image\/\",\"url\":\"https:\/\/vieassociative.be\/actualites\/wp-content\/uploads\/2024\/09\/cropped-vieassociative_favicon.ico.png\",\"contentUrl\":\"https:\/\/vieassociative.be\/actualites\/wp-content\/uploads\/2024\/09\/cropped-vieassociative_favicon.ico.png\",\"width\":512,\"height\":512,\"caption\":\"Vie Associative\"},\"image\":{\"@id\":\"https:\/\/vieassociative.be\/actualites\/#\/schema\/logo\/image\/\"}},{\"@type\":\"Person\",\"@id\":\"https:\/\/vieassociative.be\/actualites\/#\/schema\/person\/b87ac4f82f9d4e7b7cec7395b679edc4\",\"name\":\"Julien\",\"image\":{\"@type\":\"ImageObject\",\"inLanguage\":\"fr-BE\",\"@id\":\"https:\/\/vieassociative.be\/actualites\/#\/schema\/person\/image\/\",\"url\":\"https:\/\/vieassociative.be\/actualites\/wp-content\/uploads\/2024\/09\/vie-associative-1-150x150.jpg\",\"contentUrl\":\"https:\/\/vieassociative.be\/actualites\/wp-content\/uploads\/2024\/09\/vie-associative-1-150x150.jpg\",\"caption\":\"Julien\"},\"description\":\"Je suis Julien, r\u00e9dacteur pour Vie Associative. Passionn\u00e9 par le monde associatif depuis plus de 10 ans, j'ai \u00e0 c\u0153ur de partager des histoires inspirantes et de mettre en lumi\u00e8re les initiatives locales. Mon objectif est de sensibiliser et d'encourager l'engagement communautaire \u00e0 travers mes articles.\",\"sameAs\":[\"https:\/\/vieassociative.be\/\"]}]}<\/script>\n<!-- \/ Yoast SEO plugin. -->","yoast_head_json":{"title":"La derni\u00e8re mise \u00e0 jour des pixels est remplie de p\u00e9pins, mais il y a un correctif pour au moins l'un d'entre eux | Vie Associative","robots":{"index":"index","follow":"follow","max-snippet":"max-snippet:-1","max-image-preview":"max-image-preview:large","max-video-preview":"max-video-preview:-1"},"canonical":"https:\/\/vieassociative.be\/actualites\/la-derniere-mise-a-jour-des-pixels-est-remplie-de-pepins-mais-il-y-a-un-correctif-pour-au-moins-lun-dentre-eux\/","og_locale":"fr_FR","og_type":"article","og_title":"La derni\u00e8re mise \u00e0 jour des pixels est remplie de p\u00e9pins, mais il y a un correctif pour au moins l'un d'entre eux | Vie Associative","og_description":"Il y a une solution de contournement pour ce bug de luminosit\u00e9. Les mises \u00e0 jour logicielles sont cens\u00e9es introduire de nouvelles fonctionnalit\u00e9s tout en","og_url":"https:\/\/vieassociative.be\/actualites\/la-derniere-mise-a-jour-des-pixels-est-remplie-de-pepins-mais-il-y-a-un-correctif-pour-au-moins-lun-dentre-eux\/","og_site_name":"Vie Associative","article_published_time":"2025-03-11T01:17:19+00:00","og_image":[{"width":279,"height":92,"url":"https:\/\/vieassociative.be\/actualites\/wp-content\/uploads\/2024\/09\/header_backgroundk-01-e1726694325946.png","type":"image\/png"}],"author":"Julien","twitter_card":"summary_large_image","twitter_misc":{"\u00c9crit par":"Julien","Dur\u00e9e de lecture est.":"3 minutes"},"schema":{"@context":"https:\/\/schema.org","@graph":[{"@type":"Article","@id":"https:\/\/vieassociative.be\/actualites\/la-derniere-mise-a-jour-des-pixels-est-remplie-de-pepins-mais-il-y-a-un-correctif-pour-au-moins-lun-dentre-eux\/#article","isPartOf":{"@id":"https:\/\/vieassociative.be\/actualites\/la-derniere-mise-a-jour-des-pixels-est-remplie-de-pepins-mais-il-y-a-un-correctif-pour-au-moins-lun-dentre-eux\/"},"author":{"name":"Julien","@id":"https:\/\/vieassociative.be\/actualites\/#\/schema\/person\/b87ac4f82f9d4e7b7cec7395b679edc4"},"headline":"La derni\u00e8re mise \u00e0 jour des pixels est remplie de p\u00e9pins, mais il y a un correctif pour au moins l&rsquo;un d&rsquo;entre eux","datePublished":"2025-03-11T01:17:19+00:00","dateModified":"2025-03-11T01:17:19+00:00","mainEntityOfPage":{"@id":"https:\/\/vieassociative.be\/actualites\/la-derniere-mise-a-jour-des-pixels-est-remplie-de-pepins-mais-il-y-a-un-correctif-pour-au-moins-lun-dentre-eux\/"},"wordCount":587,"publisher":{"@id":"https:\/\/vieassociative.be\/actualites\/#organization"},"image":{"@id":"https:\/\/vieassociative.be\/actualites\/la-derniere-mise-a-jour-des-pixels-est-remplie-de-pepins-mais-il-y-a-un-correctif-pour-au-moins-lun-dentre-eux\/#primaryimage"},"thumbnailUrl":"https:\/\/vieassociative.be\/actualites\/wp-content\/uploads\/2025\/03\/La-derniere-mise-a-jour-des-pixels-est-remplie-de.jpg","keywords":["correctif","dentre","derni\u00e8re","Des","est","eux","jour","lun","mais","mise","moins","p\u00e9pins","pixels","pour","remplie"],"articleSection":["Technologie"],"inLanguage":"fr-BE"},{"@type":"WebPage","@id":"https:\/\/vieassociative.be\/actualites\/la-derniere-mise-a-jour-des-pixels-est-remplie-de-pepins-mais-il-y-a-un-correctif-pour-au-moins-lun-dentre-eux\/","url":"https:\/\/vieassociative.be\/actualites\/la-derniere-mise-a-jour-des-pixels-est-remplie-de-pepins-mais-il-y-a-un-correctif-pour-au-moins-lun-dentre-eux\/","name":"La derni\u00e8re mise \u00e0 jour des pixels est remplie de p\u00e9pins, mais il y a un correctif pour au moins l'un d'entre eux | Vie Associative","isPartOf":{"@id":"https:\/\/vieassociative.be\/actualites\/#website"},"primaryImageOfPage":{"@id":"https:\/\/vieassociative.be\/actualites\/la-derniere-mise-a-jour-des-pixels-est-remplie-de-pepins-mais-il-y-a-un-correctif-pour-au-moins-lun-dentre-eux\/#primaryimage"},"image":{"@id":"https:\/\/vieassociative.be\/actualites\/la-derniere-mise-a-jour-des-pixels-est-remplie-de-pepins-mais-il-y-a-un-correctif-pour-au-moins-lun-dentre-eux\/#primaryimage"},"thumbnailUrl":"https:\/\/vieassociative.be\/actualites\/wp-content\/uploads\/2025\/03\/La-derniere-mise-a-jour-des-pixels-est-remplie-de.jpg","datePublished":"2025-03-11T01:17:19+00:00","dateModified":"2025-03-11T01:17:19+00:00","breadcrumb":{"@id":"https:\/\/vieassociative.be\/actualites\/la-derniere-mise-a-jour-des-pixels-est-remplie-de-pepins-mais-il-y-a-un-correctif-pour-au-moins-lun-dentre-eux\/#breadcrumb"},"inLanguage":"fr-BE","potentialAction":[{"@type":"ReadAction","target":["https:\/\/vieassociative.be\/actualites\/la-derniere-mise-a-jour-des-pixels-est-remplie-de-pepins-mais-il-y-a-un-correctif-pour-au-moins-lun-dentre-eux\/"]}]},{"@type":"ImageObject","inLanguage":"fr-BE","@id":"https:\/\/vieassociative.be\/actualites\/la-derniere-mise-a-jour-des-pixels-est-remplie-de-pepins-mais-il-y-a-un-correctif-pour-au-moins-lun-dentre-eux\/#primaryimage","url":"https:\/\/vieassociative.be\/actualites\/wp-content\/uploads\/2025\/03\/La-derniere-mise-a-jour-des-pixels-est-remplie-de.jpg","contentUrl":"https:\/\/vieassociative.be\/actualites\/wp-content\/uploads\/2025\/03\/La-derniere-mise-a-jour-des-pixels-est-remplie-de.jpg","width":1200,"height":675,"caption":"La derni\u00e8re mise \u00e0 jour des pixels est remplie de p\u00e9pins, mais il y a un correctif pour au moins l'un d'entre eux"},{"@type":"BreadcrumbList","@id":"https:\/\/vieassociative.be\/actualites\/la-derniere-mise-a-jour-des-pixels-est-remplie-de-pepins-mais-il-y-a-un-correctif-pour-au-moins-lun-dentre-eux\/#breadcrumb","itemListElement":[{"@type":"ListItem","position":1,"name":"Accueil","item":"https:\/\/vieassociative.be\/actualites\/"},{"@type":"ListItem","position":2,"name":"La derni\u00e8re mise \u00e0 jour des pixels est remplie de p\u00e9pins, mais il y a un correctif pour au moins l&rsquo;un d&rsquo;entre eux"}]},{"@type":"WebSite","@id":"https:\/\/vieassociative.be\/actualites\/#website","url":"https:\/\/vieassociative.be\/actualites\/","name":"Vie Associative","description":"","publisher":{"@id":"https:\/\/vieassociative.be\/actualites\/#organization"},"potentialAction":[{"@type":"SearchAction","target":{"@type":"EntryPoint","urlTemplate":"https:\/\/vieassociative.be\/actualites\/?s={search_term_string}"},"query-input":{"@type":"PropertyValueSpecification","valueRequired":true,"valueName":"search_term_string"}}],"inLanguage":"fr-BE"},{"@type":"Organization","@id":"https:\/\/vieassociative.be\/actualites\/#organization","name":"Vie Associative","url":"https:\/\/vieassociative.be\/actualites\/","logo":{"@type":"ImageObject","inLanguage":"fr-BE","@id":"https:\/\/vieassociative.be\/actualites\/#\/schema\/logo\/image\/","url":"https:\/\/vieassociative.be\/actualites\/wp-content\/uploads\/2024\/09\/cropped-vieassociative_favicon.ico.png","contentUrl":"https:\/\/vieassociative.be\/actualites\/wp-content\/uploads\/2024\/09\/cropped-vieassociative_favicon.ico.png","width":512,"height":512,"caption":"Vie Associative"},"image":{"@id":"https:\/\/vieassociative.be\/actualites\/#\/schema\/logo\/image\/"}},{"@type":"Person","@id":"https:\/\/vieassociative.be\/actualites\/#\/schema\/person\/b87ac4f82f9d4e7b7cec7395b679edc4","name":"Julien","image":{"@type":"ImageObject","inLanguage":"fr-BE","@id":"https:\/\/vieassociative.be\/actualites\/#\/schema\/person\/image\/","url":"https:\/\/vieassociative.be\/actualites\/wp-content\/uploads\/2024\/09\/vie-associative-1-150x150.jpg","contentUrl":"https:\/\/vieassociative.be\/actualites\/wp-content\/uploads\/2024\/09\/vie-associative-1-150x150.jpg","caption":"Julien"},"description":"Je suis Julien, r\u00e9dacteur pour Vie Associative. Passionn\u00e9 par le monde associatif depuis plus de 10 ans, j'ai \u00e0 c\u0153ur de partager des histoires inspirantes et de mettre en lumi\u00e8re les initiatives locales. Mon objectif est de sensibiliser et d'encourager l'engagement communautaire \u00e0 travers mes articles.","sameAs":["https:\/\/vieassociative.be\/"]}]}},"_links":{"self":[{"href":"https:\/\/vieassociative.be\/actualites\/wp-json\/wp\/v2\/posts\/5783"}],"collection":[{"href":"https:\/\/vieassociative.be\/actualites\/wp-json\/wp\/v2\/posts"}],"about":[{"href":"https:\/\/vieassociative.be\/actualites\/wp-json\/wp\/v2\/types\/post"}],"author":[{"embeddable":true,"href":"https:\/\/vieassociative.be\/actualites\/wp-json\/wp\/v2\/users\/1"}],"replies":[{"embeddable":true,"href":"https:\/\/vieassociative.be\/actualites\/wp-json\/wp\/v2\/comments?post=5783"}],"version-history":[{"count":0,"href":"https:\/\/vieassociative.be\/actualites\/wp-json\/wp\/v2\/posts\/5783\/revisions"}],"wp:featuredmedia":[{"embeddable":true,"href":"https:\/\/vieassociative.be\/actualites\/wp-json\/wp\/v2\/media\/5784"}],"wp:attachment":[{"href":"https:\/\/vieassociative.be\/actualites\/wp-json\/wp\/v2\/media?parent=5783"}],"wp:term":[{"taxonomy":"category","embeddable":true,"href":"https:\/\/vieassociative.be\/actualites\/wp-json\/wp\/v2\/categories?post=5783"},{"taxonomy":"post_tag","embeddable":true,"href":"https:\/\/vieassociative.be\/actualites\/wp-json\/wp\/v2\/tags?post=5783"}],"curies":[{"name":"wp","href":"https:\/\/api.w.org\/{rel}","templated":true}]}}