{"id":5778,"date":"2025-03-10T21:17:24","date_gmt":"2025-03-10T20:17:24","guid":{"rendered":"https:\/\/vieassociative.be\/actualites\/paasch-selon-la-situation-actuelle-se-passera-sans-lintroduction-dune-monnaie-regionale\/"},"modified":"2025-03-10T21:17:24","modified_gmt":"2025-03-10T20:17:24","slug":"paasch-selon-la-situation-actuelle-se-passera-sans-lintroduction-dune-monnaie-regionale","status":"publish","type":"post","link":"https:\/\/vieassociative.be\/actualites\/paasch-selon-la-situation-actuelle-se-passera-sans-lintroduction-dune-monnaie-regionale\/","title":{"rendered":"PAASCH: \u00ab\u00a0Selon la situation actuelle, se passera sans l&rsquo;introduction d&rsquo;une monnaie r\u00e9gionale\u00a0\u00bb"},"content":{"rendered":"<p><strong>La discussion sur l&rsquo;introduction d&rsquo;une monnaie r\u00e9gionale en Belgique orientale se d\u00e9roule depuis plusieurs ann\u00e9es. Malgr\u00e9 des travaux pr\u00e9paratoires intensifs, un rapport final du groupe de projet et un appel de projet en 2022, qui devait \u00eatre financ\u00e9 avec jusqu&rsquo;\u00e0 100 000 euros par an, aucun joueur qui voulait poursuivre le projet n&rsquo;a \u00e9t\u00e9 trouv\u00e9.<\/strong><\/p>\n<p><span id=\"more-410979\"><\/span>Ce qui n&rsquo;\u00e9tait initialement qu&rsquo;une \u00ab\u00a0id\u00e9e de Schnapps\u00a0\u00bb de l&rsquo;ancien porte-parole du groupe de Vivant dans le PDG, Joseph Meyer, a ensuite \u00e9t\u00e9 f\u00e9licit\u00e9 par le Premier ministre DG Oliver Paasch (Prodg) comme une \u00ab\u00a0bonne id\u00e9e\u00a0\u00bb.<\/p>\n<p>Au cours de l&rsquo;\u00e9t\u00e9 2020, le Premier ministre de la DG, Oliver Paasch (ProDG), a d\u00e9clar\u00e9 \u00ab\u00a0Orient Belgique directement\u00a0\u00bb: \u00ab\u00a0Je suis int\u00e9ress\u00e9 par des devises r\u00e9gionales compl\u00e9mentaires depuis longtemps. Cela fonctionne dans de nombreuses communaut\u00e9s et r\u00e9gions. Les concepts et les pr\u00e9curseurs correspondants existent depuis longtemps. La premi\u00e8re monnaie r\u00e9gionale connue a \u00e9t\u00e9 introduite avec succ\u00e8s \u00e0 W\u00f6rgl, en Autriche au d\u00e9but des ann\u00e9es 1930. Aujourd&rsquo;hui, il y a des centaines de monnaies r\u00e9gionales dans le monde. \u00ab\u00a0<\/p>\n<div id=\"attachment_290819\" class=\"wp-caption alignleft\" style=\"max-width: 300px\"><img fetchpriority=\"high\" decoding=\"async\" class=\"wp-image-290819 size-medium\" src=\"https:\/\/vieassociative.be\/actualites\/wp-content\/uploads\/2025\/03\/PAASCH-Selon-la-situation-actuelle-se-passera-sans-lintroduction-dune.jpeg\" alt=\"\" width=\"300\" height=\"200\"  ><\/p>\n<p class=\"wp-caption-text\">Le porte-parole du groupe parlementaire de Vivant, Michael Balter (L) et le Premier ministre DG, Oliver Paasch (R). Photos: PDG \/ CK<\/p>\n<\/div>\n<p>\u00c0 l&rsquo;\u00e9poque, la faction vivante \u00e9tait ravie que le principe d&rsquo;une continuation r\u00e9gionale soit \u00e9galement consid\u00e9r\u00e9 comme raisonnable par le Premier ministre de la DG.<\/p>\n<p>\u00abIl y a 15 ans, Vivant avait apport\u00e9 ce sujet au Parlement pour la premi\u00e8re fois. \u00c0 cette \u00e9poque, il a ridiculis\u00e9 lorsque Joseph Meyer a expliqu\u00e9 ce sujet et a fa\u00e7onn\u00e9 le terme \u00abVenntaler\u00bb. Bient\u00f4t, une monnaie r\u00e9gionale dans la DG pourrait devenir une r\u00e9alit\u00e9. Comme cela est appel\u00e9 \u00e0 la fin, il est insignifiant \u00bb, explique Vivant.<\/p>\n<p>Pr\u00e8s de cinq ans plus tard, PaaSch a expliqu\u00e9 lundi dans le comit\u00e9 I du PDG dans une r\u00e9ponse \u00e0 une question correspondante du porte-parole du groupe Vivant Michael Balter, depuis l&rsquo;automne 2023, il n&rsquo;y a eu aucun nouveau d\u00e9veloppement dans l&rsquo;introduction d&rsquo;une monnaie r\u00e9gionale, car malgr\u00e9 le projet de relations publiques largement cr\u00e9\u00e9 et la perspective de fonds, personne n&rsquo;aurait \u00e9t\u00e9 constat\u00e9 pour accompagner le projet.<\/p>\n<p>Selon PaaSch, la DG a pris de nombreuses initiatives dans le cadre de ses pouvoirs tr\u00e8s limit\u00e9s dans ce domaine pour renforcer l&rsquo;\u00e9conomie locale, tels que la \u00ab\u00a0commercialisation de l&#8217;emplacement de l&rsquo;est de la Belgique\u00a0\u00bb ou le label \u00ab\u00a0Made in East Belgique\u00a0\u00bb et de nombreuses autres initiatives, mais l&rsquo;instrument de \u00ab\u00a0monnaie r\u00e9gionale\u00a0\u00bb ne semble pas comprendre l&rsquo;acceptation n\u00e9cessaire. <\/p>\n<p>\u00ab\u00a0Selon les choses actuelles, nous nous passerons sans l&rsquo;introduction d&rsquo;une monnaie r\u00e9gionale au cours de cette p\u00e9riode l\u00e9gislative\u00a0\u00bb, conclut Paasch. (Cre)<\/p>\n","protected":false},"excerpt":{"rendered":"<p>La discussion sur l&rsquo;introduction d&rsquo;une monnaie r\u00e9gionale en Belgique orientale se d\u00e9roule depuis plusieurs ann\u00e9es. Malgr\u00e9 des travaux pr\u00e9paratoires intensifs, un rapport final du groupe<\/p>\n","protected":false},"author":1,"featured_media":5779,"comment_status":"","ping_status":"","sticky":false,"template":"","format":"standard","meta":{"footnotes":""},"categories":[298],"tags":[5780,698,5782,5783,2553,5781,5784,130,507,1376],"class_list":["post-5778","post","type-post","status-publish","format-standard","has-post-thumbnail","hentry","category-belgique","tag-actuelle","tag-dune","tag-lintroduction","tag-monnaie","tag-paasch","tag-passera","tag-regionale","tag-sans","tag-selon","tag-situation","generate-columns","tablet-grid-50","mobile-grid-100","grid-parent","grid-33"],"yoast_head":"<!-- This site is optimized with the Yoast SEO plugin v24.0 - https:\/\/yoast.com\/wordpress\/plugins\/seo\/ -->\n<title>PAASCH: &quot;Selon la situation actuelle, se passera sans l&#039;introduction d&#039;une monnaie r\u00e9gionale&quot; | Vie Associative<\/title>\n<meta name=\"robots\" content=\"index, follow, max-snippet:-1, max-image-preview:large, max-video-preview:-1\" \/>\n<link rel=\"canonical\" href=\"https:\/\/vieassociative.be\/actualites\/paasch-selon-la-situation-actuelle-se-passera-sans-lintroduction-dune-monnaie-regionale\/\" \/>\n<meta property=\"og:locale\" content=\"fr_FR\" \/>\n<meta property=\"og:type\" content=\"article\" \/>\n<meta property=\"og:title\" content=\"PAASCH: &quot;Selon la situation actuelle, se passera sans l&#039;introduction d&#039;une monnaie r\u00e9gionale&quot; | Vie Associative\" \/>\n<meta property=\"og:description\" content=\"La discussion sur l&rsquo;introduction d&rsquo;une monnaie r\u00e9gionale en Belgique orientale se d\u00e9roule depuis plusieurs ann\u00e9es. Malgr\u00e9 des travaux pr\u00e9paratoires intensifs, un rapport final du groupe\" \/>\n<meta property=\"og:url\" content=\"https:\/\/vieassociative.be\/actualites\/paasch-selon-la-situation-actuelle-se-passera-sans-lintroduction-dune-monnaie-regionale\/\" \/>\n<meta property=\"og:site_name\" content=\"Vie Associative\" \/>\n<meta property=\"article:published_time\" content=\"2025-03-10T20:17:24+00:00\" \/>\n<meta property=\"og:image\" content=\"https:\/\/vieassociative.be\/actualites\/wp-content\/uploads\/2024\/09\/header_backgroundk-01-e1726694325946.png\" \/>\n\t<meta property=\"og:image:width\" content=\"279\" \/>\n\t<meta property=\"og:image:height\" content=\"92\" \/>\n\t<meta property=\"og:image:type\" content=\"image\/png\" \/>\n<meta name=\"author\" content=\"Julien\" \/>\n<meta name=\"twitter:card\" content=\"summary_large_image\" \/>\n<meta name=\"twitter:label1\" content=\"\u00c9crit par\" \/>\n\t<meta name=\"twitter:data1\" content=\"Julien\" \/>\n\t<meta name=\"twitter:label2\" content=\"Dur\u00e9e de lecture est.\" \/>\n\t<meta name=\"twitter:data2\" content=\"2 minutes\" \/>\n<script type=\"application\/ld+json\" class=\"yoast-schema-graph\">{\"@context\":\"https:\/\/schema.org\",\"@graph\":[{\"@type\":\"Article\",\"@id\":\"https:\/\/vieassociative.be\/actualites\/paasch-selon-la-situation-actuelle-se-passera-sans-lintroduction-dune-monnaie-regionale\/#article\",\"isPartOf\":{\"@id\":\"https:\/\/vieassociative.be\/actualites\/paasch-selon-la-situation-actuelle-se-passera-sans-lintroduction-dune-monnaie-regionale\/\"},\"author\":{\"name\":\"Julien\",\"@id\":\"https:\/\/vieassociative.be\/actualites\/#\/schema\/person\/b87ac4f82f9d4e7b7cec7395b679edc4\"},\"headline\":\"PAASCH: \u00ab\u00a0Selon la situation actuelle, se passera sans l&rsquo;introduction d&rsquo;une monnaie r\u00e9gionale\u00a0\u00bb\",\"datePublished\":\"2025-03-10T20:17:24+00:00\",\"dateModified\":\"2025-03-10T20:17:24+00:00\",\"mainEntityOfPage\":{\"@id\":\"https:\/\/vieassociative.be\/actualites\/paasch-selon-la-situation-actuelle-se-passera-sans-lintroduction-dune-monnaie-regionale\/\"},\"wordCount\":482,\"publisher\":{\"@id\":\"https:\/\/vieassociative.be\/actualites\/#organization\"},\"image\":{\"@id\":\"https:\/\/vieassociative.be\/actualites\/paasch-selon-la-situation-actuelle-se-passera-sans-lintroduction-dune-monnaie-regionale\/#primaryimage\"},\"thumbnailUrl\":\"https:\/\/vieassociative.be\/actualites\/wp-content\/uploads\/2025\/03\/1741637844_PAASCH-Selon-la-situation-actuelle-se-passera-sans-lintroduction-dune.jpeg\",\"keywords\":[\"actuelle\",\"dune\",\"lintroduction\",\"monnaie\",\"Paasch\",\"passera\",\"r\u00e9gionale\",\"sans\",\"selon\",\"situation\"],\"articleSection\":[\"Belgique\"],\"inLanguage\":\"fr-BE\"},{\"@type\":\"WebPage\",\"@id\":\"https:\/\/vieassociative.be\/actualites\/paasch-selon-la-situation-actuelle-se-passera-sans-lintroduction-dune-monnaie-regionale\/\",\"url\":\"https:\/\/vieassociative.be\/actualites\/paasch-selon-la-situation-actuelle-se-passera-sans-lintroduction-dune-monnaie-regionale\/\",\"name\":\"PAASCH: \\\"Selon la situation actuelle, se passera sans l'introduction d'une monnaie r\u00e9gionale\\\" | Vie Associative\",\"isPartOf\":{\"@id\":\"https:\/\/vieassociative.be\/actualites\/#website\"},\"primaryImageOfPage\":{\"@id\":\"https:\/\/vieassociative.be\/actualites\/paasch-selon-la-situation-actuelle-se-passera-sans-lintroduction-dune-monnaie-regionale\/#primaryimage\"},\"image\":{\"@id\":\"https:\/\/vieassociative.be\/actualites\/paasch-selon-la-situation-actuelle-se-passera-sans-lintroduction-dune-monnaie-regionale\/#primaryimage\"},\"thumbnailUrl\":\"https:\/\/vieassociative.be\/actualites\/wp-content\/uploads\/2025\/03\/1741637844_PAASCH-Selon-la-situation-actuelle-se-passera-sans-lintroduction-dune.jpeg\",\"datePublished\":\"2025-03-10T20:17:24+00:00\",\"dateModified\":\"2025-03-10T20:17:24+00:00\",\"breadcrumb\":{\"@id\":\"https:\/\/vieassociative.be\/actualites\/paasch-selon-la-situation-actuelle-se-passera-sans-lintroduction-dune-monnaie-regionale\/#breadcrumb\"},\"inLanguage\":\"fr-BE\",\"potentialAction\":[{\"@type\":\"ReadAction\",\"target\":[\"https:\/\/vieassociative.be\/actualites\/paasch-selon-la-situation-actuelle-se-passera-sans-lintroduction-dune-monnaie-regionale\/\"]}]},{\"@type\":\"ImageObject\",\"inLanguage\":\"fr-BE\",\"@id\":\"https:\/\/vieassociative.be\/actualites\/paasch-selon-la-situation-actuelle-se-passera-sans-lintroduction-dune-monnaie-regionale\/#primaryimage\",\"url\":\"https:\/\/vieassociative.be\/actualites\/wp-content\/uploads\/2025\/03\/1741637844_PAASCH-Selon-la-situation-actuelle-se-passera-sans-lintroduction-dune.jpeg\",\"contentUrl\":\"https:\/\/vieassociative.be\/actualites\/wp-content\/uploads\/2025\/03\/1741637844_PAASCH-Selon-la-situation-actuelle-se-passera-sans-lintroduction-dune.jpeg\",\"width\":1200,\"height\":815,\"caption\":\"PAASCH: \\\"Selon la situation actuelle, se passera sans l'introduction d'une monnaie r\u00e9gionale\\\"\"},{\"@type\":\"BreadcrumbList\",\"@id\":\"https:\/\/vieassociative.be\/actualites\/paasch-selon-la-situation-actuelle-se-passera-sans-lintroduction-dune-monnaie-regionale\/#breadcrumb\",\"itemListElement\":[{\"@type\":\"ListItem\",\"position\":1,\"name\":\"Accueil\",\"item\":\"https:\/\/vieassociative.be\/actualites\/\"},{\"@type\":\"ListItem\",\"position\":2,\"name\":\"PAASCH: \u00ab\u00a0Selon la situation actuelle, se passera sans l&rsquo;introduction d&rsquo;une monnaie r\u00e9gionale\u00a0\u00bb\"}]},{\"@type\":\"WebSite\",\"@id\":\"https:\/\/vieassociative.be\/actualites\/#website\",\"url\":\"https:\/\/vieassociative.be\/actualites\/\",\"name\":\"Vie Associative\",\"description\":\"\",\"publisher\":{\"@id\":\"https:\/\/vieassociative.be\/actualites\/#organization\"},\"potentialAction\":[{\"@type\":\"SearchAction\",\"target\":{\"@type\":\"EntryPoint\",\"urlTemplate\":\"https:\/\/vieassociative.be\/actualites\/?s={search_term_string}\"},\"query-input\":{\"@type\":\"PropertyValueSpecification\",\"valueRequired\":true,\"valueName\":\"search_term_string\"}}],\"inLanguage\":\"fr-BE\"},{\"@type\":\"Organization\",\"@id\":\"https:\/\/vieassociative.be\/actualites\/#organization\",\"name\":\"Vie Associative\",\"url\":\"https:\/\/vieassociative.be\/actualites\/\",\"logo\":{\"@type\":\"ImageObject\",\"inLanguage\":\"fr-BE\",\"@id\":\"https:\/\/vieassociative.be\/actualites\/#\/schema\/logo\/image\/\",\"url\":\"https:\/\/vieassociative.be\/actualites\/wp-content\/uploads\/2024\/09\/cropped-vieassociative_favicon.ico.png\",\"contentUrl\":\"https:\/\/vieassociative.be\/actualites\/wp-content\/uploads\/2024\/09\/cropped-vieassociative_favicon.ico.png\",\"width\":512,\"height\":512,\"caption\":\"Vie Associative\"},\"image\":{\"@id\":\"https:\/\/vieassociative.be\/actualites\/#\/schema\/logo\/image\/\"}},{\"@type\":\"Person\",\"@id\":\"https:\/\/vieassociative.be\/actualites\/#\/schema\/person\/b87ac4f82f9d4e7b7cec7395b679edc4\",\"name\":\"Julien\",\"image\":{\"@type\":\"ImageObject\",\"inLanguage\":\"fr-BE\",\"@id\":\"https:\/\/vieassociative.be\/actualites\/#\/schema\/person\/image\/\",\"url\":\"https:\/\/vieassociative.be\/actualites\/wp-content\/uploads\/2024\/09\/vie-associative-1-150x150.jpg\",\"contentUrl\":\"https:\/\/vieassociative.be\/actualites\/wp-content\/uploads\/2024\/09\/vie-associative-1-150x150.jpg\",\"caption\":\"Julien\"},\"description\":\"Je suis Julien, r\u00e9dacteur pour Vie Associative. Passionn\u00e9 par le monde associatif depuis plus de 10 ans, j'ai \u00e0 c\u0153ur de partager des histoires inspirantes et de mettre en lumi\u00e8re les initiatives locales. Mon objectif est de sensibiliser et d'encourager l'engagement communautaire \u00e0 travers mes articles.\",\"sameAs\":[\"https:\/\/vieassociative.be\/\"]}]}<\/script>\n<!-- \/ Yoast SEO plugin. -->","yoast_head_json":{"title":"PAASCH: \"Selon la situation actuelle, se passera sans l'introduction d'une monnaie r\u00e9gionale\" | Vie Associative","robots":{"index":"index","follow":"follow","max-snippet":"max-snippet:-1","max-image-preview":"max-image-preview:large","max-video-preview":"max-video-preview:-1"},"canonical":"https:\/\/vieassociative.be\/actualites\/paasch-selon-la-situation-actuelle-se-passera-sans-lintroduction-dune-monnaie-regionale\/","og_locale":"fr_FR","og_type":"article","og_title":"PAASCH: \"Selon la situation actuelle, se passera sans l'introduction d'une monnaie r\u00e9gionale\" | Vie Associative","og_description":"La discussion sur l&rsquo;introduction d&rsquo;une monnaie r\u00e9gionale en Belgique orientale se d\u00e9roule depuis plusieurs ann\u00e9es. Malgr\u00e9 des travaux pr\u00e9paratoires intensifs, un rapport final du groupe","og_url":"https:\/\/vieassociative.be\/actualites\/paasch-selon-la-situation-actuelle-se-passera-sans-lintroduction-dune-monnaie-regionale\/","og_site_name":"Vie Associative","article_published_time":"2025-03-10T20:17:24+00:00","og_image":[{"width":279,"height":92,"url":"https:\/\/vieassociative.be\/actualites\/wp-content\/uploads\/2024\/09\/header_backgroundk-01-e1726694325946.png","type":"image\/png"}],"author":"Julien","twitter_card":"summary_large_image","twitter_misc":{"\u00c9crit par":"Julien","Dur\u00e9e de lecture est.":"2 minutes"},"schema":{"@context":"https:\/\/schema.org","@graph":[{"@type":"Article","@id":"https:\/\/vieassociative.be\/actualites\/paasch-selon-la-situation-actuelle-se-passera-sans-lintroduction-dune-monnaie-regionale\/#article","isPartOf":{"@id":"https:\/\/vieassociative.be\/actualites\/paasch-selon-la-situation-actuelle-se-passera-sans-lintroduction-dune-monnaie-regionale\/"},"author":{"name":"Julien","@id":"https:\/\/vieassociative.be\/actualites\/#\/schema\/person\/b87ac4f82f9d4e7b7cec7395b679edc4"},"headline":"PAASCH: \u00ab\u00a0Selon la situation actuelle, se passera sans l&rsquo;introduction d&rsquo;une monnaie r\u00e9gionale\u00a0\u00bb","datePublished":"2025-03-10T20:17:24+00:00","dateModified":"2025-03-10T20:17:24+00:00","mainEntityOfPage":{"@id":"https:\/\/vieassociative.be\/actualites\/paasch-selon-la-situation-actuelle-se-passera-sans-lintroduction-dune-monnaie-regionale\/"},"wordCount":482,"publisher":{"@id":"https:\/\/vieassociative.be\/actualites\/#organization"},"image":{"@id":"https:\/\/vieassociative.be\/actualites\/paasch-selon-la-situation-actuelle-se-passera-sans-lintroduction-dune-monnaie-regionale\/#primaryimage"},"thumbnailUrl":"https:\/\/vieassociative.be\/actualites\/wp-content\/uploads\/2025\/03\/1741637844_PAASCH-Selon-la-situation-actuelle-se-passera-sans-lintroduction-dune.jpeg","keywords":["actuelle","dune","lintroduction","monnaie","Paasch","passera","r\u00e9gionale","sans","selon","situation"],"articleSection":["Belgique"],"inLanguage":"fr-BE"},{"@type":"WebPage","@id":"https:\/\/vieassociative.be\/actualites\/paasch-selon-la-situation-actuelle-se-passera-sans-lintroduction-dune-monnaie-regionale\/","url":"https:\/\/vieassociative.be\/actualites\/paasch-selon-la-situation-actuelle-se-passera-sans-lintroduction-dune-monnaie-regionale\/","name":"PAASCH: \"Selon la situation actuelle, se passera sans l'introduction d'une monnaie r\u00e9gionale\" | Vie Associative","isPartOf":{"@id":"https:\/\/vieassociative.be\/actualites\/#website"},"primaryImageOfPage":{"@id":"https:\/\/vieassociative.be\/actualites\/paasch-selon-la-situation-actuelle-se-passera-sans-lintroduction-dune-monnaie-regionale\/#primaryimage"},"image":{"@id":"https:\/\/vieassociative.be\/actualites\/paasch-selon-la-situation-actuelle-se-passera-sans-lintroduction-dune-monnaie-regionale\/#primaryimage"},"thumbnailUrl":"https:\/\/vieassociative.be\/actualites\/wp-content\/uploads\/2025\/03\/1741637844_PAASCH-Selon-la-situation-actuelle-se-passera-sans-lintroduction-dune.jpeg","datePublished":"2025-03-10T20:17:24+00:00","dateModified":"2025-03-10T20:17:24+00:00","breadcrumb":{"@id":"https:\/\/vieassociative.be\/actualites\/paasch-selon-la-situation-actuelle-se-passera-sans-lintroduction-dune-monnaie-regionale\/#breadcrumb"},"inLanguage":"fr-BE","potentialAction":[{"@type":"ReadAction","target":["https:\/\/vieassociative.be\/actualites\/paasch-selon-la-situation-actuelle-se-passera-sans-lintroduction-dune-monnaie-regionale\/"]}]},{"@type":"ImageObject","inLanguage":"fr-BE","@id":"https:\/\/vieassociative.be\/actualites\/paasch-selon-la-situation-actuelle-se-passera-sans-lintroduction-dune-monnaie-regionale\/#primaryimage","url":"https:\/\/vieassociative.be\/actualites\/wp-content\/uploads\/2025\/03\/1741637844_PAASCH-Selon-la-situation-actuelle-se-passera-sans-lintroduction-dune.jpeg","contentUrl":"https:\/\/vieassociative.be\/actualites\/wp-content\/uploads\/2025\/03\/1741637844_PAASCH-Selon-la-situation-actuelle-se-passera-sans-lintroduction-dune.jpeg","width":1200,"height":815,"caption":"PAASCH: \"Selon la situation actuelle, se passera sans l'introduction d'une monnaie r\u00e9gionale\""},{"@type":"BreadcrumbList","@id":"https:\/\/vieassociative.be\/actualites\/paasch-selon-la-situation-actuelle-se-passera-sans-lintroduction-dune-monnaie-regionale\/#breadcrumb","itemListElement":[{"@type":"ListItem","position":1,"name":"Accueil","item":"https:\/\/vieassociative.be\/actualites\/"},{"@type":"ListItem","position":2,"name":"PAASCH: \u00ab\u00a0Selon la situation actuelle, se passera sans l&rsquo;introduction d&rsquo;une monnaie r\u00e9gionale\u00a0\u00bb"}]},{"@type":"WebSite","@id":"https:\/\/vieassociative.be\/actualites\/#website","url":"https:\/\/vieassociative.be\/actualites\/","name":"Vie Associative","description":"","publisher":{"@id":"https:\/\/vieassociative.be\/actualites\/#organization"},"potentialAction":[{"@type":"SearchAction","target":{"@type":"EntryPoint","urlTemplate":"https:\/\/vieassociative.be\/actualites\/?s={search_term_string}"},"query-input":{"@type":"PropertyValueSpecification","valueRequired":true,"valueName":"search_term_string"}}],"inLanguage":"fr-BE"},{"@type":"Organization","@id":"https:\/\/vieassociative.be\/actualites\/#organization","name":"Vie Associative","url":"https:\/\/vieassociative.be\/actualites\/","logo":{"@type":"ImageObject","inLanguage":"fr-BE","@id":"https:\/\/vieassociative.be\/actualites\/#\/schema\/logo\/image\/","url":"https:\/\/vieassociative.be\/actualites\/wp-content\/uploads\/2024\/09\/cropped-vieassociative_favicon.ico.png","contentUrl":"https:\/\/vieassociative.be\/actualites\/wp-content\/uploads\/2024\/09\/cropped-vieassociative_favicon.ico.png","width":512,"height":512,"caption":"Vie Associative"},"image":{"@id":"https:\/\/vieassociative.be\/actualites\/#\/schema\/logo\/image\/"}},{"@type":"Person","@id":"https:\/\/vieassociative.be\/actualites\/#\/schema\/person\/b87ac4f82f9d4e7b7cec7395b679edc4","name":"Julien","image":{"@type":"ImageObject","inLanguage":"fr-BE","@id":"https:\/\/vieassociative.be\/actualites\/#\/schema\/person\/image\/","url":"https:\/\/vieassociative.be\/actualites\/wp-content\/uploads\/2024\/09\/vie-associative-1-150x150.jpg","contentUrl":"https:\/\/vieassociative.be\/actualites\/wp-content\/uploads\/2024\/09\/vie-associative-1-150x150.jpg","caption":"Julien"},"description":"Je suis Julien, r\u00e9dacteur pour Vie Associative. Passionn\u00e9 par le monde associatif depuis plus de 10 ans, j'ai \u00e0 c\u0153ur de partager des histoires inspirantes et de mettre en lumi\u00e8re les initiatives locales. Mon objectif est de sensibiliser et d'encourager l'engagement communautaire \u00e0 travers mes articles.","sameAs":["https:\/\/vieassociative.be\/"]}]}},"_links":{"self":[{"href":"https:\/\/vieassociative.be\/actualites\/wp-json\/wp\/v2\/posts\/5778"}],"collection":[{"href":"https:\/\/vieassociative.be\/actualites\/wp-json\/wp\/v2\/posts"}],"about":[{"href":"https:\/\/vieassociative.be\/actualites\/wp-json\/wp\/v2\/types\/post"}],"author":[{"embeddable":true,"href":"https:\/\/vieassociative.be\/actualites\/wp-json\/wp\/v2\/users\/1"}],"replies":[{"embeddable":true,"href":"https:\/\/vieassociative.be\/actualites\/wp-json\/wp\/v2\/comments?post=5778"}],"version-history":[{"count":0,"href":"https:\/\/vieassociative.be\/actualites\/wp-json\/wp\/v2\/posts\/5778\/revisions"}],"wp:featuredmedia":[{"embeddable":true,"href":"https:\/\/vieassociative.be\/actualites\/wp-json\/wp\/v2\/media\/5779"}],"wp:attachment":[{"href":"https:\/\/vieassociative.be\/actualites\/wp-json\/wp\/v2\/media?parent=5778"}],"wp:term":[{"taxonomy":"category","embeddable":true,"href":"https:\/\/vieassociative.be\/actualites\/wp-json\/wp\/v2\/categories?post=5778"},{"taxonomy":"post_tag","embeddable":true,"href":"https:\/\/vieassociative.be\/actualites\/wp-json\/wp\/v2\/tags?post=5778"}],"curies":[{"name":"wp","href":"https:\/\/api.w.org\/{rel}","templated":true}]}}