{"id":5773,"date":"2025-03-10T18:17:55","date_gmt":"2025-03-10T17:17:55","guid":{"rendered":"https:\/\/vieassociative.be\/actualites\/ce-document-texte-simple-pourrait-remplacer-votre-application-de-calendrier\/"},"modified":"2025-03-10T18:17:55","modified_gmt":"2025-03-10T17:17:55","slug":"ce-document-texte-simple-pourrait-remplacer-votre-application-de-calendrier","status":"publish","type":"post","link":"https:\/\/vieassociative.be\/actualites\/ce-document-texte-simple-pourrait-remplacer-votre-application-de-calendrier\/","title":{"rendered":"Ce document texte simple pourrait remplacer votre application de calendrier"},"content":{"rendered":"<div class=\"mt-4 leading-6 md:mb-8\">Avec une pointe de chapeau \u00e0 la fondatrice de Vie Associative, Gina Trapani.<\/div>\n<p><\/p>\n<p>Gina Trapani, fondatrice du site Web que vous lisez en ce moment, a popularis\u00e9 un format en texte clair pour les listes de t\u00e2ches en 2006 (veuillez excuser tout formatage \u00e9trange sur cet article de pr\u00e8s de 20 ans). Appel\u00e9 Todo.txt, il est utilis\u00e9 par de nombreuses personnes \u00e0 ce jour, en partie gr\u00e2ce \u00e0 un \u00e9cosyst\u00e8me d&rsquo;applications construit autour du format.<\/p>\n<p>Je suis r\u00e9cemment tomb\u00e9 sur Calendar.txt, par l&rsquo;auteur et enseignant Tero Karvinen. Il s&rsquo;agit d&rsquo;un document texte bas\u00e9 sur une philosophie similaire &#8211; une prise de bascins d\u00e9sarticul\u00e9e, qui prend juste votre application de calendrier surcharg\u00e9. C&rsquo;est un concept \u00e0 consid\u00e9rer. Nous sommes au moins une d\u00e9cennie dans l&rsquo;\u00e8re \u00ab\u00a0Utilisation d&rsquo;une application s\u00e9par\u00e9e pour tout\u00a0\u00bb, et bien s\u00fbr, beaucoup de ces applications sont plut\u00f4t g\u00e9niales. J&rsquo;ai pass\u00e9 des ann\u00e9es \u00e0 recommander des outils logiciels pour tout, de la gestion des t\u00e2ches \u00e0 la fabrication de boissons, et je ne pr\u00e9vois pas de m&rsquo;arr\u00eater de sit\u00f4t.<\/p>\n<p>Mais tout le monde n&rsquo;a pas besoin d&rsquo;une application sur mesure pour tout ce qu&rsquo;ils font. La productivit\u00e9 est personnelle et tout le monde a des besoins diff\u00e9rents. J&rsquo;ai connu plusieurs personnes tr\u00e8s comp\u00e9tentes techniquement qui utilisent toujours des planificateurs de jour pour suivre leurs rendez-vous et leurs t\u00e2ches &#8211; un simple cahier est flexible d&rsquo;une mani\u00e8re qu&rsquo;aucune application ne peut correspondre.<\/p>\n<h2 id=\"one-line-of-text-per-day\">Une ligne de texte par jour<\/h2>\n<p>Je vois des outils en texte en clair comme Calendar.txt sous un jour similaire. Cet outil sp\u00e9cifique est \u00e0 peu pr\u00e8s aussi simple que possible: il utilise une ligne de texte pour chaque jour. Vous pouvez t\u00e9l\u00e9charger un fichier pr\u00e9fabriqu\u00e9 avec des lignes pour des dates qui s&rsquo;\u00e9tendent jusqu&rsquo;en 2033, ou vous pouvez simplement faire le v\u00f4tre.<\/p>\n<p>Chaque ligne commence par la date, suivie du num\u00e9ro de la semaine, suivie d&rsquo;un nom de la semaine \u00e0 trois lettres. L&rsquo;id\u00e9e est que vous \u00e9crivez vos rendez-vous apr\u00e8s cela, en \u00e9crivant simplement l&rsquo;heure, suivi du nom de l&rsquo;\u00e9v\u00e9nement. Les \u00e9v\u00e9nements sont simplement ajout\u00e9s, dans l&rsquo;ordre, \u00e0 la ligne.<\/p>\n<p>Ainsi, par exemple, une ligne pour aujourd&rsquo;hui, avec un rendez-vous \/ t\u00e2che (moi qui nettoie la maison cet apr\u00e8s-midi) ressemblerait \u00e0 ceci:<\/p>\n<hr>\n<p><code>2025-03-06 w10 Thu 14 cleaning the house<\/code><\/p>\n<hr>\n<p>Il y a de nombreuses lacunes \u00e0 cette approche. Il n&rsquo;y a pas d&rsquo;outil int\u00e9gr\u00e9 pour vous rappeler les \u00e9v\u00e9nements, d&rsquo;une chose, et il n&rsquo;y a aucun moyen d&rsquo;inviter les autres \u00e0 votre rendez-vous. Mais cette approche simple pourrait fonctionner pour vous.<\/p>\n<p>Et, comme Todo.txt l&rsquo;a d\u00e9montr\u00e9 il y a deux d\u00e9cennies, il y a des avantages \u00e0 utiliser des fichiers en texte clair. PlainText est polyvalent, peut \u00eatre ouvert sur n&rsquo;importe quel appareil, et vos fichiers ne dispara\u00eetront pas car une soci\u00e9t\u00e9 de logiciels d\u00e9cide qu&rsquo;elle voulait modifier ses priorit\u00e9s. Si vous connaissez la ligne de commande, vous pouvez utiliser des outils existants de toutes sortes de mani\u00e8res int\u00e9ressantes. Par exemple, la documentation Calendar.TXT montre comment vous pouvez utiliser Grep, un outil pour rechercher des documents texte, pour obtenir les rendez-vous d&rsquo;aujourd&rsquo;hui:<\/p>\n<hr>\n<p> <code>grep 2025-03-06 calendar.txt<\/code><\/p>\n<hr>\n<p>Vous pouvez utiliser la m\u00eame commande pour rechercher des \u00e9v\u00e9nements de jour en jour.<\/p>\n<div class=\"eloquent-imagery-image\">\n<div class=\"flex justify-center\">\n                    <img decoding=\"async\" class=\"border border-gray-100\" src=\"https:\/\/vieassociative.be\/actualites\/wp-content\/uploads\/2025\/03\/Ce-document-texte-simple-pourrait-remplacer-votre-application-de-calendrier.png\" alt=\"Un terminal Mac. La commande \" grep calendar.txt pulls up the appointments for that day: w10 thu cleaning house width=\"2000\" height=\"601\" loading=\"lazy\"  >\n            <\/div>\n<\/p><\/div>\n<p>Encore une fois, cette approche ne semblera pas utile \u00e0 tout le monde, en particulier si vous n&rsquo;ouvrez jamais l&rsquo;invite de commande, mais tous les outils ne doivent pas \u00eatre pour chaque utilisateur. Vous seul pouvez d\u00e9cider quels outils fonctionnent le mieux pour vous.<\/p>\n","protected":false},"excerpt":{"rendered":"<p>Avec une pointe de chapeau \u00e0 la fondatrice de Vie Associative, Gina Trapani. Gina Trapani, fondatrice du site Web que vous lisez en ce moment,<\/p>\n","protected":false},"author":1,"featured_media":5774,"comment_status":"","ping_status":"","sticky":false,"template":"","format":"standard","meta":{"footnotes":""},"categories":[13],"tags":[1277,3293,5776,1041,1452,1730,1304,8],"class_list":["post-5773","post","type-post","status-publish","format-standard","has-post-thumbnail","hentry","category-technologie","tag-application","tag-calendrier","tag-document","tag-pourrait","tag-remplacer","tag-simple","tag-texte","tag-votre","generate-columns","tablet-grid-50","mobile-grid-100","grid-parent","grid-33"],"yoast_head":"<!-- This site is optimized with the Yoast SEO plugin v24.0 - https:\/\/yoast.com\/wordpress\/plugins\/seo\/ -->\n<title>Ce document texte simple pourrait remplacer votre application de calendrier | Vie Associative<\/title>\n<meta name=\"robots\" content=\"index, follow, max-snippet:-1, max-image-preview:large, max-video-preview:-1\" \/>\n<link rel=\"canonical\" href=\"https:\/\/vieassociative.be\/actualites\/ce-document-texte-simple-pourrait-remplacer-votre-application-de-calendrier\/\" \/>\n<meta property=\"og:locale\" content=\"fr_FR\" \/>\n<meta property=\"og:type\" content=\"article\" \/>\n<meta property=\"og:title\" content=\"Ce document texte simple pourrait remplacer votre application de calendrier | Vie Associative\" \/>\n<meta property=\"og:description\" content=\"Avec une pointe de chapeau \u00e0 la fondatrice de Vie Associative, Gina Trapani. Gina Trapani, fondatrice du site Web que vous lisez en ce moment,\" \/>\n<meta property=\"og:url\" content=\"https:\/\/vieassociative.be\/actualites\/ce-document-texte-simple-pourrait-remplacer-votre-application-de-calendrier\/\" \/>\n<meta property=\"og:site_name\" content=\"Vie Associative\" \/>\n<meta property=\"article:published_time\" content=\"2025-03-10T17:17:55+00:00\" \/>\n<meta property=\"og:image\" content=\"https:\/\/vieassociative.be\/actualites\/wp-content\/uploads\/2025\/03\/Ce-document-texte-simple-pourrait-remplacer-votre-application-de-calendrier.png\" \/>\n<meta name=\"author\" content=\"Julien\" \/>\n<meta name=\"twitter:card\" content=\"summary_large_image\" \/>\n<meta name=\"twitter:label1\" content=\"\u00c9crit par\" \/>\n\t<meta name=\"twitter:data1\" content=\"Julien\" \/>\n\t<meta name=\"twitter:label2\" content=\"Dur\u00e9e de lecture est.\" \/>\n\t<meta name=\"twitter:data2\" content=\"3 minutes\" \/>\n<script type=\"application\/ld+json\" class=\"yoast-schema-graph\">{\"@context\":\"https:\/\/schema.org\",\"@graph\":[{\"@type\":\"Article\",\"@id\":\"https:\/\/vieassociative.be\/actualites\/ce-document-texte-simple-pourrait-remplacer-votre-application-de-calendrier\/#article\",\"isPartOf\":{\"@id\":\"https:\/\/vieassociative.be\/actualites\/ce-document-texte-simple-pourrait-remplacer-votre-application-de-calendrier\/\"},\"author\":{\"name\":\"Julien\",\"@id\":\"https:\/\/vieassociative.be\/actualites\/#\/schema\/person\/b87ac4f82f9d4e7b7cec7395b679edc4\"},\"headline\":\"Ce document texte simple pourrait remplacer votre application de calendrier\",\"datePublished\":\"2025-03-10T17:17:55+00:00\",\"dateModified\":\"2025-03-10T17:17:55+00:00\",\"mainEntityOfPage\":{\"@id\":\"https:\/\/vieassociative.be\/actualites\/ce-document-texte-simple-pourrait-remplacer-votre-application-de-calendrier\/\"},\"wordCount\":640,\"publisher\":{\"@id\":\"https:\/\/vieassociative.be\/actualites\/#organization\"},\"image\":{\"@id\":\"https:\/\/vieassociative.be\/actualites\/ce-document-texte-simple-pourrait-remplacer-votre-application-de-calendrier\/#primaryimage\"},\"thumbnailUrl\":\"https:\/\/vieassociative.be\/actualites\/wp-content\/uploads\/2025\/03\/1741627075_Ce-document-texte-simple-pourrait-remplacer-votre-application-de-calendrier.png\",\"keywords\":[\"application\",\"calendrier\",\"document\",\"pourrait\",\"remplacer\",\"simple\",\"texte\",\"votre\"],\"articleSection\":[\"Technologie\"],\"inLanguage\":\"fr-BE\"},{\"@type\":\"WebPage\",\"@id\":\"https:\/\/vieassociative.be\/actualites\/ce-document-texte-simple-pourrait-remplacer-votre-application-de-calendrier\/\",\"url\":\"https:\/\/vieassociative.be\/actualites\/ce-document-texte-simple-pourrait-remplacer-votre-application-de-calendrier\/\",\"name\":\"Ce document texte simple pourrait remplacer votre application de calendrier | Vie Associative\",\"isPartOf\":{\"@id\":\"https:\/\/vieassociative.be\/actualites\/#website\"},\"primaryImageOfPage\":{\"@id\":\"https:\/\/vieassociative.be\/actualites\/ce-document-texte-simple-pourrait-remplacer-votre-application-de-calendrier\/#primaryimage\"},\"image\":{\"@id\":\"https:\/\/vieassociative.be\/actualites\/ce-document-texte-simple-pourrait-remplacer-votre-application-de-calendrier\/#primaryimage\"},\"thumbnailUrl\":\"https:\/\/vieassociative.be\/actualites\/wp-content\/uploads\/2025\/03\/1741627075_Ce-document-texte-simple-pourrait-remplacer-votre-application-de-calendrier.png\",\"datePublished\":\"2025-03-10T17:17:55+00:00\",\"dateModified\":\"2025-03-10T17:17:55+00:00\",\"breadcrumb\":{\"@id\":\"https:\/\/vieassociative.be\/actualites\/ce-document-texte-simple-pourrait-remplacer-votre-application-de-calendrier\/#breadcrumb\"},\"inLanguage\":\"fr-BE\",\"potentialAction\":[{\"@type\":\"ReadAction\",\"target\":[\"https:\/\/vieassociative.be\/actualites\/ce-document-texte-simple-pourrait-remplacer-votre-application-de-calendrier\/\"]}]},{\"@type\":\"ImageObject\",\"inLanguage\":\"fr-BE\",\"@id\":\"https:\/\/vieassociative.be\/actualites\/ce-document-texte-simple-pourrait-remplacer-votre-application-de-calendrier\/#primaryimage\",\"url\":\"https:\/\/vieassociative.be\/actualites\/wp-content\/uploads\/2025\/03\/1741627075_Ce-document-texte-simple-pourrait-remplacer-votre-application-de-calendrier.png\",\"contentUrl\":\"https:\/\/vieassociative.be\/actualites\/wp-content\/uploads\/2025\/03\/1741627075_Ce-document-texte-simple-pourrait-remplacer-votre-application-de-calendrier.png\",\"width\":1200,\"height\":674,\"caption\":\"Ce document texte simple pourrait remplacer votre application de calendrier\"},{\"@type\":\"BreadcrumbList\",\"@id\":\"https:\/\/vieassociative.be\/actualites\/ce-document-texte-simple-pourrait-remplacer-votre-application-de-calendrier\/#breadcrumb\",\"itemListElement\":[{\"@type\":\"ListItem\",\"position\":1,\"name\":\"Accueil\",\"item\":\"https:\/\/vieassociative.be\/actualites\/\"},{\"@type\":\"ListItem\",\"position\":2,\"name\":\"Ce document texte simple pourrait remplacer votre application de calendrier\"}]},{\"@type\":\"WebSite\",\"@id\":\"https:\/\/vieassociative.be\/actualites\/#website\",\"url\":\"https:\/\/vieassociative.be\/actualites\/\",\"name\":\"Vie Associative\",\"description\":\"\",\"publisher\":{\"@id\":\"https:\/\/vieassociative.be\/actualites\/#organization\"},\"potentialAction\":[{\"@type\":\"SearchAction\",\"target\":{\"@type\":\"EntryPoint\",\"urlTemplate\":\"https:\/\/vieassociative.be\/actualites\/?s={search_term_string}\"},\"query-input\":{\"@type\":\"PropertyValueSpecification\",\"valueRequired\":true,\"valueName\":\"search_term_string\"}}],\"inLanguage\":\"fr-BE\"},{\"@type\":\"Organization\",\"@id\":\"https:\/\/vieassociative.be\/actualites\/#organization\",\"name\":\"Vie Associative\",\"url\":\"https:\/\/vieassociative.be\/actualites\/\",\"logo\":{\"@type\":\"ImageObject\",\"inLanguage\":\"fr-BE\",\"@id\":\"https:\/\/vieassociative.be\/actualites\/#\/schema\/logo\/image\/\",\"url\":\"https:\/\/vieassociative.be\/actualites\/wp-content\/uploads\/2024\/09\/cropped-vieassociative_favicon.ico.png\",\"contentUrl\":\"https:\/\/vieassociative.be\/actualites\/wp-content\/uploads\/2024\/09\/cropped-vieassociative_favicon.ico.png\",\"width\":512,\"height\":512,\"caption\":\"Vie Associative\"},\"image\":{\"@id\":\"https:\/\/vieassociative.be\/actualites\/#\/schema\/logo\/image\/\"}},{\"@type\":\"Person\",\"@id\":\"https:\/\/vieassociative.be\/actualites\/#\/schema\/person\/b87ac4f82f9d4e7b7cec7395b679edc4\",\"name\":\"Julien\",\"image\":{\"@type\":\"ImageObject\",\"inLanguage\":\"fr-BE\",\"@id\":\"https:\/\/vieassociative.be\/actualites\/#\/schema\/person\/image\/\",\"url\":\"https:\/\/vieassociative.be\/actualites\/wp-content\/uploads\/2024\/09\/vie-associative-1-150x150.jpg\",\"contentUrl\":\"https:\/\/vieassociative.be\/actualites\/wp-content\/uploads\/2024\/09\/vie-associative-1-150x150.jpg\",\"caption\":\"Julien\"},\"description\":\"Je suis Julien, r\u00e9dacteur pour Vie Associative. Passionn\u00e9 par le monde associatif depuis plus de 10 ans, j'ai \u00e0 c\u0153ur de partager des histoires inspirantes et de mettre en lumi\u00e8re les initiatives locales. Mon objectif est de sensibiliser et d'encourager l'engagement communautaire \u00e0 travers mes articles.\",\"sameAs\":[\"https:\/\/vieassociative.be\/\"]}]}<\/script>\n<!-- \/ Yoast SEO plugin. -->","yoast_head_json":{"title":"Ce document texte simple pourrait remplacer votre application de calendrier | Vie Associative","robots":{"index":"index","follow":"follow","max-snippet":"max-snippet:-1","max-image-preview":"max-image-preview:large","max-video-preview":"max-video-preview:-1"},"canonical":"https:\/\/vieassociative.be\/actualites\/ce-document-texte-simple-pourrait-remplacer-votre-application-de-calendrier\/","og_locale":"fr_FR","og_type":"article","og_title":"Ce document texte simple pourrait remplacer votre application de calendrier | Vie Associative","og_description":"Avec une pointe de chapeau \u00e0 la fondatrice de Vie Associative, Gina Trapani. Gina Trapani, fondatrice du site Web que vous lisez en ce moment,","og_url":"https:\/\/vieassociative.be\/actualites\/ce-document-texte-simple-pourrait-remplacer-votre-application-de-calendrier\/","og_site_name":"Vie Associative","article_published_time":"2025-03-10T17:17:55+00:00","og_image":[{"url":"https:\/\/vieassociative.be\/actualites\/wp-content\/uploads\/2025\/03\/Ce-document-texte-simple-pourrait-remplacer-votre-application-de-calendrier.png","type":"","width":"","height":""}],"author":"Julien","twitter_card":"summary_large_image","twitter_misc":{"\u00c9crit par":"Julien","Dur\u00e9e de lecture est.":"3 minutes"},"schema":{"@context":"https:\/\/schema.org","@graph":[{"@type":"Article","@id":"https:\/\/vieassociative.be\/actualites\/ce-document-texte-simple-pourrait-remplacer-votre-application-de-calendrier\/#article","isPartOf":{"@id":"https:\/\/vieassociative.be\/actualites\/ce-document-texte-simple-pourrait-remplacer-votre-application-de-calendrier\/"},"author":{"name":"Julien","@id":"https:\/\/vieassociative.be\/actualites\/#\/schema\/person\/b87ac4f82f9d4e7b7cec7395b679edc4"},"headline":"Ce document texte simple pourrait remplacer votre application de calendrier","datePublished":"2025-03-10T17:17:55+00:00","dateModified":"2025-03-10T17:17:55+00:00","mainEntityOfPage":{"@id":"https:\/\/vieassociative.be\/actualites\/ce-document-texte-simple-pourrait-remplacer-votre-application-de-calendrier\/"},"wordCount":640,"publisher":{"@id":"https:\/\/vieassociative.be\/actualites\/#organization"},"image":{"@id":"https:\/\/vieassociative.be\/actualites\/ce-document-texte-simple-pourrait-remplacer-votre-application-de-calendrier\/#primaryimage"},"thumbnailUrl":"https:\/\/vieassociative.be\/actualites\/wp-content\/uploads\/2025\/03\/1741627075_Ce-document-texte-simple-pourrait-remplacer-votre-application-de-calendrier.png","keywords":["application","calendrier","document","pourrait","remplacer","simple","texte","votre"],"articleSection":["Technologie"],"inLanguage":"fr-BE"},{"@type":"WebPage","@id":"https:\/\/vieassociative.be\/actualites\/ce-document-texte-simple-pourrait-remplacer-votre-application-de-calendrier\/","url":"https:\/\/vieassociative.be\/actualites\/ce-document-texte-simple-pourrait-remplacer-votre-application-de-calendrier\/","name":"Ce document texte simple pourrait remplacer votre application de calendrier | Vie Associative","isPartOf":{"@id":"https:\/\/vieassociative.be\/actualites\/#website"},"primaryImageOfPage":{"@id":"https:\/\/vieassociative.be\/actualites\/ce-document-texte-simple-pourrait-remplacer-votre-application-de-calendrier\/#primaryimage"},"image":{"@id":"https:\/\/vieassociative.be\/actualites\/ce-document-texte-simple-pourrait-remplacer-votre-application-de-calendrier\/#primaryimage"},"thumbnailUrl":"https:\/\/vieassociative.be\/actualites\/wp-content\/uploads\/2025\/03\/1741627075_Ce-document-texte-simple-pourrait-remplacer-votre-application-de-calendrier.png","datePublished":"2025-03-10T17:17:55+00:00","dateModified":"2025-03-10T17:17:55+00:00","breadcrumb":{"@id":"https:\/\/vieassociative.be\/actualites\/ce-document-texte-simple-pourrait-remplacer-votre-application-de-calendrier\/#breadcrumb"},"inLanguage":"fr-BE","potentialAction":[{"@type":"ReadAction","target":["https:\/\/vieassociative.be\/actualites\/ce-document-texte-simple-pourrait-remplacer-votre-application-de-calendrier\/"]}]},{"@type":"ImageObject","inLanguage":"fr-BE","@id":"https:\/\/vieassociative.be\/actualites\/ce-document-texte-simple-pourrait-remplacer-votre-application-de-calendrier\/#primaryimage","url":"https:\/\/vieassociative.be\/actualites\/wp-content\/uploads\/2025\/03\/1741627075_Ce-document-texte-simple-pourrait-remplacer-votre-application-de-calendrier.png","contentUrl":"https:\/\/vieassociative.be\/actualites\/wp-content\/uploads\/2025\/03\/1741627075_Ce-document-texte-simple-pourrait-remplacer-votre-application-de-calendrier.png","width":1200,"height":674,"caption":"Ce document texte simple pourrait remplacer votre application de calendrier"},{"@type":"BreadcrumbList","@id":"https:\/\/vieassociative.be\/actualites\/ce-document-texte-simple-pourrait-remplacer-votre-application-de-calendrier\/#breadcrumb","itemListElement":[{"@type":"ListItem","position":1,"name":"Accueil","item":"https:\/\/vieassociative.be\/actualites\/"},{"@type":"ListItem","position":2,"name":"Ce document texte simple pourrait remplacer votre application de calendrier"}]},{"@type":"WebSite","@id":"https:\/\/vieassociative.be\/actualites\/#website","url":"https:\/\/vieassociative.be\/actualites\/","name":"Vie Associative","description":"","publisher":{"@id":"https:\/\/vieassociative.be\/actualites\/#organization"},"potentialAction":[{"@type":"SearchAction","target":{"@type":"EntryPoint","urlTemplate":"https:\/\/vieassociative.be\/actualites\/?s={search_term_string}"},"query-input":{"@type":"PropertyValueSpecification","valueRequired":true,"valueName":"search_term_string"}}],"inLanguage":"fr-BE"},{"@type":"Organization","@id":"https:\/\/vieassociative.be\/actualites\/#organization","name":"Vie Associative","url":"https:\/\/vieassociative.be\/actualites\/","logo":{"@type":"ImageObject","inLanguage":"fr-BE","@id":"https:\/\/vieassociative.be\/actualites\/#\/schema\/logo\/image\/","url":"https:\/\/vieassociative.be\/actualites\/wp-content\/uploads\/2024\/09\/cropped-vieassociative_favicon.ico.png","contentUrl":"https:\/\/vieassociative.be\/actualites\/wp-content\/uploads\/2024\/09\/cropped-vieassociative_favicon.ico.png","width":512,"height":512,"caption":"Vie Associative"},"image":{"@id":"https:\/\/vieassociative.be\/actualites\/#\/schema\/logo\/image\/"}},{"@type":"Person","@id":"https:\/\/vieassociative.be\/actualites\/#\/schema\/person\/b87ac4f82f9d4e7b7cec7395b679edc4","name":"Julien","image":{"@type":"ImageObject","inLanguage":"fr-BE","@id":"https:\/\/vieassociative.be\/actualites\/#\/schema\/person\/image\/","url":"https:\/\/vieassociative.be\/actualites\/wp-content\/uploads\/2024\/09\/vie-associative-1-150x150.jpg","contentUrl":"https:\/\/vieassociative.be\/actualites\/wp-content\/uploads\/2024\/09\/vie-associative-1-150x150.jpg","caption":"Julien"},"description":"Je suis Julien, r\u00e9dacteur pour Vie Associative. Passionn\u00e9 par le monde associatif depuis plus de 10 ans, j'ai \u00e0 c\u0153ur de partager des histoires inspirantes et de mettre en lumi\u00e8re les initiatives locales. Mon objectif est de sensibiliser et d'encourager l'engagement communautaire \u00e0 travers mes articles.","sameAs":["https:\/\/vieassociative.be\/"]}]}},"_links":{"self":[{"href":"https:\/\/vieassociative.be\/actualites\/wp-json\/wp\/v2\/posts\/5773"}],"collection":[{"href":"https:\/\/vieassociative.be\/actualites\/wp-json\/wp\/v2\/posts"}],"about":[{"href":"https:\/\/vieassociative.be\/actualites\/wp-json\/wp\/v2\/types\/post"}],"author":[{"embeddable":true,"href":"https:\/\/vieassociative.be\/actualites\/wp-json\/wp\/v2\/users\/1"}],"replies":[{"embeddable":true,"href":"https:\/\/vieassociative.be\/actualites\/wp-json\/wp\/v2\/comments?post=5773"}],"version-history":[{"count":0,"href":"https:\/\/vieassociative.be\/actualites\/wp-json\/wp\/v2\/posts\/5773\/revisions"}],"wp:featuredmedia":[{"embeddable":true,"href":"https:\/\/vieassociative.be\/actualites\/wp-json\/wp\/v2\/media\/5774"}],"wp:attachment":[{"href":"https:\/\/vieassociative.be\/actualites\/wp-json\/wp\/v2\/media?parent=5773"}],"wp:term":[{"taxonomy":"category","embeddable":true,"href":"https:\/\/vieassociative.be\/actualites\/wp-json\/wp\/v2\/categories?post=5773"},{"taxonomy":"post_tag","embeddable":true,"href":"https:\/\/vieassociative.be\/actualites\/wp-json\/wp\/v2\/tags?post=5773"}],"curies":[{"name":"wp","href":"https:\/\/api.w.org\/{rel}","templated":true}]}}