{"id":5770,"date":"2025-03-10T15:17:30","date_gmt":"2025-03-10T14:17:30","guid":{"rendered":"https:\/\/vieassociative.be\/actualites\/tv-tip-the-incroyable-grasp-il-y-a-10-ans-le-crash-du-pilote-de-germanwings-dans-les-alpes\/"},"modified":"2025-03-10T15:17:30","modified_gmt":"2025-03-10T14:17:30","slug":"tv-tip-the-incroyable-grasp-il-y-a-10-ans-le-crash-du-pilote-de-germanwings-dans-les-alpes","status":"publish","type":"post","link":"https:\/\/vieassociative.be\/actualites\/tv-tip-the-incroyable-grasp-il-y-a-10-ans-le-crash-du-pilote-de-germanwings-dans-les-alpes\/","title":{"rendered":"TV Tip-the Incroyable Grasp: il y a 10 ans Le crash du pilote de Germanwings dans les Alpes"},"content":{"rendered":"<p><strong>Il y a dix ans, une machine Germanwings a bris\u00e9 sur le chemin de D\u00fcsseldorf dans les Alpes. \u00c0 ce jour, les personnes endeuill\u00e9es ont du mal \u00e0 faire face \u00e0 la trag\u00e9die. L&rsquo;ARD raconte ses histoires dans une partie \u00e0 quatre param\u00e8tres (aujourd&rsquo;hui, lundi 10 mars, \u00e0 partir de 22 h 50).<\/strong><\/p>\n<p><span id=\"more-410942\"><\/span>C&rsquo;est la plus grande trag\u00e9die de l&rsquo;histoire de l&rsquo;aviation allemande. Non moins parce que les enqu\u00eateurs sont s\u00fbrs que le copilote d\u00e9pressif a d\u00e9lib\u00e9r\u00e9ment fait prendre la vie de l&rsquo;accident. \u00c0 l&rsquo;occasion de l&rsquo;anniversaire du 24 mars, l&rsquo;ARD consacr\u00e9 \u00e0 la catastrophe une partie \u00e0 quatre parties \u00e9labor\u00e9es et sensibles. Le film est d\u00e9j\u00e0 disponible dans la biblioth\u00e8que des m\u00e9dias.<\/p>\n<p>Le dixi\u00e8me anniversaire de souvenirs et de sentiments sp\u00e9ciaux s&rsquo;accompagne de souvenirs et de sentiments sp\u00e9ciaux pour les membres des 144 passagers et 5 membres d&rsquo;\u00e9quipage, que le copilote de Montabaur de Montabaur en Rh\u00e9nanie-Palatinate. La cin\u00e9aste Justine Rosenkranz les \u00e9coute, leur permet de raconter ses histoires et de mettre ses \u00e9motions en mots.<\/p>\n<\/p>\n<div id=\"attachment_243399\" class=\"wp-caption alignleft\" style=\"max-width: 300px\"><img fetchpriority=\"high\" decoding=\"async\" class=\"wp-image-243399 size-medium\" src=\"https:\/\/vieassociative.be\/actualites\/wp-content\/uploads\/2025\/03\/TV-Tip-the-Incroyable-Grasp-il-y-a-10-ans-Le.jpeg\" alt=\"\" width=\"300\" height=\"225\"><\/p>\n<p class=\"wp-caption-text\">19.02.2020, France, Prads Haute-Bl\u00e9one: Bernard Bartolini, maire de la petite ville dans les Alpes du sud de la France, pointe en direction de l&#8217;emplacement de l&rsquo;accident des avions Gemanwings dans le massif de la montagne \u00ab\u00a0Trois Ev\u00each\u00e9s\u00a0\u00bb. Sur la droite, le monument fait de b\u00e2tons m\u00e9talliques que la communaut\u00e9 avait construits. Photo: Christian B\u00f6hmer \/ DPA<\/p>\n<\/div>\n<p><strong>&#8211; des souvenirs qui ne se retirent plus jamais de la t\u00eate:<\/strong><br \/>\n Il y a la m\u00e8re qui raconte le dernier message WhatsApp que sa fille de 15 ans a envoy\u00e9 peu de temps avant le d\u00e9part. La femme qui doit expliquer \u00e0 ses jeunes enfants que papa ne rentre plus \u00e0 la maison. Le policier qui n&rsquo;aura jamais le premier aper\u00e7u de la destruction compl\u00e8te sur les lieux de l&rsquo;accident. Le p\u00e8re, qui est toujours d\u00e9sesp\u00e9r\u00e9 que personne n&rsquo;a \u00e9t\u00e9 tenu responsable de la mort de sa famille.<\/p>\n<p>Enfin et surtout, l&rsquo;histoire de 16 \u00e9l\u00e8ves et de deux enseignants du Westphalian Halter Am See, qui \u00e9tait sur le chemin du retour d&rsquo;un \u00e9change d&rsquo;\u00e9tudiants, est particuli\u00e8rement \u00e9mouvante.<\/p>\n<p>Mais les enqu\u00eateurs, les ing\u00e9nieurs, les services d&rsquo;urgence et les avocats ont \u00e9galement leur mot \u00e0 dire. Ils rapportent comment ils ont d\u00fb travailler sobre et professionnellement avec toutes les souffrances.<\/p>\n<p><strong>&#8211; Une image des \u00e9v\u00e9nements et des \u00e9motions est compos\u00e9e:<\/strong> Le film permet aux gens de raconter leurs histoires en d\u00e9tail et sans se presser et ainsi sortir avec un petit texte de haut-parleur. Pour le public, une image tr\u00e8s compl\u00e8te des \u00e9v\u00e9nements et des \u00e9motions est compens\u00e9e pour les deux heures.<\/p>\n<\/p>\n<div id=\"attachment_243402\" class=\"wp-caption alignleft\" style=\"max-width: 300px\"><img decoding=\"async\" class=\"wp-image-243402 size-medium\" src=\"https:\/\/vieassociative.be\/actualites\/wp-content\/uploads\/2025\/03\/1741616250_188_TV-Tip-the-Incroyable-Grasp-il-y-a-10-ans-Le.jpeg\" alt=\"\" width=\"300\" height=\"200\"><\/p>\n<p class=\"wp-caption-text\">10.03.2020, Rhin-Westphalie du Nord, Haltern Am Voir: Le m\u00e9morial du Joseph-K\u00f6nig-Gymnasium se refl\u00e8te dans une flaque d&rsquo;eau. Le crash de la machine Germanwings il y a dix ans a frapp\u00e9 particuli\u00e8rement fort: 16 \u00e9l\u00e8ves et deux enseignants du Joseph-K\u00f6nig-gymnasium ont perdu la vie \u00e0 l&rsquo;\u00e9poque. Photo: Marcel Kusch \/ DPA<\/p>\n<\/div>\n<p>La cin\u00e9aste Justine Rosenkranz est r\u00e9guli\u00e8rement en contact avec certains survivants depuis l&rsquo;accident il y a dix ans et a ainsi re\u00e7u un acc\u00e8s exceptionnellement confidentiel \u00e0 de nombreux interlocuteurs.<\/p>\n<p><strong>&#8211; Les aper\u00e7us de la psych\u00e9 du copilote semblent beaucoup:<\/strong> La production de WDR cite \u00e9galement en d\u00e9tail des notes qui ont \u00e9t\u00e9 trouv\u00e9es dans les copilotes. Ils dessinent une image d&rsquo;une personne d\u00e9prim\u00e9e qui rapporte une \u00ab\u00a0tristesse infinie\u00a0\u00bb dans sa vie; qu&rsquo;il ne voit pas d&rsquo;autre issue que de mettre fin \u00e0 sa vie. Les dizaines de m\u00e9decins ont consult\u00e9, ont finalement recherch\u00e9 diverses m\u00e9thodes de suicide sur Internet et envisagent \u00e9galement le crash d&rsquo;un avion. Le film n&rsquo;est pas facile.<\/p>\n<p>La question se pose encore et encore: pourquoi le copilote a-t-il \u00e9t\u00e9 si facile de verrouiller le capitaine du cockpit et de porter un grand avion de transport \u00e0 l&rsquo;accident? O\u00f9 le syst\u00e8me a-t-il \u00e9chou\u00e9? Et qu&rsquo;est-ce qui doit changer pour que quelque chose comme \u00e7a ne se reproduise plus?<\/p>\n<p>Les interviews tr\u00e8s sensibles se d\u00e9roulent presque parfaitement dans des sc\u00e8nes dans lesquelles les acteurs du style de la s\u00e9rie am\u00e9ricaine \u00abCSI\u00bb constituent le travail des enqu\u00eateurs. Il montre plusieurs fois \u00e0 quoi le crash a peut-\u00eatre regard\u00e9 dans le cockpit du point de vue du copilote. Heureusement, la profondeur \u00e9motionnelle des entretiens ne peut pas chevaucher les effets. (DPA \/ CRE)<\/p>\n<p><em>Info- \u00ab\u00a0The Germanwings Crash-chronology of a Crime\u00a0\u00bb: Le documentaire en quatre parties enverra l&rsquo;ARD ce lundi soir \u00e0 partir de 22 h 50.<\/em><\/p>\n<ul>\n<li><em>Ard MO.<\/em><\/li>\n<li><em>Ard MO.<\/em><\/li>\n<li><em>Ard lun.03-11: 50 pm-00: 20 Les allemands crash &#8211; la douleur<\/em><\/li>\n<li><em>ARD mardi 11.03-00: 20-01: 05 The Germanwings Crash &#8211; la faute<\/em><\/li>\n<\/ul>\n<p><em>Les quatre \u00e9pisodes de \u00ab\u00a0The Germanwings Crash-Chronology of a Crime\u00a0\u00bb sont disponibles dans la biblioth\u00e8que des m\u00e9dias Ard.<\/em><\/p>\n","protected":false},"excerpt":{"rendered":"<p>Il y a dix ans, une machine Germanwings a bris\u00e9 sur le chemin de D\u00fcsseldorf dans les Alpes. \u00c0 ce jour, les personnes endeuill\u00e9es ont<\/p>\n","protected":false},"author":1,"featured_media":5771,"comment_status":"","ping_status":"","sticky":false,"template":"","format":"standard","meta":{"footnotes":""},"categories":[298],"tags":[5775,584,4381,166,5774,5772,1728,14,5773,5771],"class_list":["post-5770","post","type-post","status-publish","format-standard","has-post-thumbnail","hentry","category-belgique","tag-alpes","tag-ans","tag-crash","tag-dans","tag-germanwings","tag-grasp","tag-incroyable","tag-les","tag-pilote","tag-tipthe","generate-columns","tablet-grid-50","mobile-grid-100","grid-parent","grid-33"],"yoast_head":"<!-- This site is optimized with the Yoast SEO plugin v24.0 - https:\/\/yoast.com\/wordpress\/plugins\/seo\/ -->\n<title>TV Tip-the Incroyable Grasp: il y a 10 ans Le crash du pilote de Germanwings dans les Alpes | Vie Associative<\/title>\n<meta name=\"robots\" content=\"index, follow, max-snippet:-1, max-image-preview:large, max-video-preview:-1\" \/>\n<link rel=\"canonical\" href=\"https:\/\/vieassociative.be\/actualites\/tv-tip-the-incroyable-grasp-il-y-a-10-ans-le-crash-du-pilote-de-germanwings-dans-les-alpes\/\" \/>\n<meta property=\"og:locale\" content=\"fr_FR\" \/>\n<meta property=\"og:type\" content=\"article\" \/>\n<meta property=\"og:title\" content=\"TV Tip-the Incroyable Grasp: il y a 10 ans Le crash du pilote de Germanwings dans les Alpes | Vie Associative\" \/>\n<meta property=\"og:description\" content=\"Il y a dix ans, une machine Germanwings a bris\u00e9 sur le chemin de D\u00fcsseldorf dans les Alpes. \u00c0 ce jour, les personnes endeuill\u00e9es ont\" \/>\n<meta property=\"og:url\" content=\"https:\/\/vieassociative.be\/actualites\/tv-tip-the-incroyable-grasp-il-y-a-10-ans-le-crash-du-pilote-de-germanwings-dans-les-alpes\/\" \/>\n<meta property=\"og:site_name\" content=\"Vie Associative\" \/>\n<meta property=\"article:published_time\" content=\"2025-03-10T14:17:30+00:00\" \/>\n<meta property=\"og:image\" content=\"https:\/\/vieassociative.be\/actualites\/wp-content\/uploads\/2024\/09\/header_backgroundk-01-e1726694325946.png\" \/>\n\t<meta property=\"og:image:width\" content=\"279\" \/>\n\t<meta property=\"og:image:height\" content=\"92\" \/>\n\t<meta property=\"og:image:type\" content=\"image\/png\" \/>\n<meta name=\"author\" content=\"Julien\" \/>\n<meta name=\"twitter:card\" content=\"summary_large_image\" \/>\n<meta name=\"twitter:label1\" content=\"\u00c9crit par\" \/>\n\t<meta name=\"twitter:data1\" content=\"Julien\" \/>\n\t<meta name=\"twitter:label2\" content=\"Dur\u00e9e de lecture est.\" \/>\n\t<meta name=\"twitter:data2\" content=\"4 minutes\" \/>\n<script type=\"application\/ld+json\" class=\"yoast-schema-graph\">{\"@context\":\"https:\/\/schema.org\",\"@graph\":[{\"@type\":\"Article\",\"@id\":\"https:\/\/vieassociative.be\/actualites\/tv-tip-the-incroyable-grasp-il-y-a-10-ans-le-crash-du-pilote-de-germanwings-dans-les-alpes\/#article\",\"isPartOf\":{\"@id\":\"https:\/\/vieassociative.be\/actualites\/tv-tip-the-incroyable-grasp-il-y-a-10-ans-le-crash-du-pilote-de-germanwings-dans-les-alpes\/\"},\"author\":{\"name\":\"Julien\",\"@id\":\"https:\/\/vieassociative.be\/actualites\/#\/schema\/person\/b87ac4f82f9d4e7b7cec7395b679edc4\"},\"headline\":\"TV Tip-the Incroyable Grasp: il y a 10 ans Le crash du pilote de Germanwings dans les Alpes\",\"datePublished\":\"2025-03-10T14:17:30+00:00\",\"dateModified\":\"2025-03-10T14:17:30+00:00\",\"mainEntityOfPage\":{\"@id\":\"https:\/\/vieassociative.be\/actualites\/tv-tip-the-incroyable-grasp-il-y-a-10-ans-le-crash-du-pilote-de-germanwings-dans-les-alpes\/\"},\"wordCount\":851,\"publisher\":{\"@id\":\"https:\/\/vieassociative.be\/actualites\/#organization\"},\"image\":{\"@id\":\"https:\/\/vieassociative.be\/actualites\/tv-tip-the-incroyable-grasp-il-y-a-10-ans-le-crash-du-pilote-de-germanwings-dans-les-alpes\/#primaryimage\"},\"thumbnailUrl\":\"https:\/\/vieassociative.be\/actualites\/wp-content\/uploads\/2025\/03\/TV-Tip-the-Incroyable-Grasp-il-y-a-10-ans-Le.jpg\",\"keywords\":[\"Alpes\",\"ans\",\"Crash\",\"dans\",\"Germanwings\",\"Grasp\",\"incroyable\",\"Les\",\"pilote\",\"Tipthe\"],\"articleSection\":[\"Belgique\"],\"inLanguage\":\"fr-BE\"},{\"@type\":\"WebPage\",\"@id\":\"https:\/\/vieassociative.be\/actualites\/tv-tip-the-incroyable-grasp-il-y-a-10-ans-le-crash-du-pilote-de-germanwings-dans-les-alpes\/\",\"url\":\"https:\/\/vieassociative.be\/actualites\/tv-tip-the-incroyable-grasp-il-y-a-10-ans-le-crash-du-pilote-de-germanwings-dans-les-alpes\/\",\"name\":\"TV Tip-the Incroyable Grasp: il y a 10 ans Le crash du pilote de Germanwings dans les Alpes | Vie Associative\",\"isPartOf\":{\"@id\":\"https:\/\/vieassociative.be\/actualites\/#website\"},\"primaryImageOfPage\":{\"@id\":\"https:\/\/vieassociative.be\/actualites\/tv-tip-the-incroyable-grasp-il-y-a-10-ans-le-crash-du-pilote-de-germanwings-dans-les-alpes\/#primaryimage\"},\"image\":{\"@id\":\"https:\/\/vieassociative.be\/actualites\/tv-tip-the-incroyable-grasp-il-y-a-10-ans-le-crash-du-pilote-de-germanwings-dans-les-alpes\/#primaryimage\"},\"thumbnailUrl\":\"https:\/\/vieassociative.be\/actualites\/wp-content\/uploads\/2025\/03\/TV-Tip-the-Incroyable-Grasp-il-y-a-10-ans-Le.jpg\",\"datePublished\":\"2025-03-10T14:17:30+00:00\",\"dateModified\":\"2025-03-10T14:17:30+00:00\",\"breadcrumb\":{\"@id\":\"https:\/\/vieassociative.be\/actualites\/tv-tip-the-incroyable-grasp-il-y-a-10-ans-le-crash-du-pilote-de-germanwings-dans-les-alpes\/#breadcrumb\"},\"inLanguage\":\"fr-BE\",\"potentialAction\":[{\"@type\":\"ReadAction\",\"target\":[\"https:\/\/vieassociative.be\/actualites\/tv-tip-the-incroyable-grasp-il-y-a-10-ans-le-crash-du-pilote-de-germanwings-dans-les-alpes\/\"]}]},{\"@type\":\"ImageObject\",\"inLanguage\":\"fr-BE\",\"@id\":\"https:\/\/vieassociative.be\/actualites\/tv-tip-the-incroyable-grasp-il-y-a-10-ans-le-crash-du-pilote-de-germanwings-dans-les-alpes\/#primaryimage\",\"url\":\"https:\/\/vieassociative.be\/actualites\/wp-content\/uploads\/2025\/03\/TV-Tip-the-Incroyable-Grasp-il-y-a-10-ans-Le.jpg\",\"contentUrl\":\"https:\/\/vieassociative.be\/actualites\/wp-content\/uploads\/2025\/03\/TV-Tip-the-Incroyable-Grasp-il-y-a-10-ans-Le.jpg\",\"width\":900,\"height\":553,\"caption\":\"TV Tip-the Incroyable Grasp: il y a 10 ans Le crash du pilote de Germanwings dans les Alpes\"},{\"@type\":\"BreadcrumbList\",\"@id\":\"https:\/\/vieassociative.be\/actualites\/tv-tip-the-incroyable-grasp-il-y-a-10-ans-le-crash-du-pilote-de-germanwings-dans-les-alpes\/#breadcrumb\",\"itemListElement\":[{\"@type\":\"ListItem\",\"position\":1,\"name\":\"Accueil\",\"item\":\"https:\/\/vieassociative.be\/actualites\/\"},{\"@type\":\"ListItem\",\"position\":2,\"name\":\"TV Tip-the Incroyable Grasp: il y a 10 ans Le crash du pilote de Germanwings dans les Alpes\"}]},{\"@type\":\"WebSite\",\"@id\":\"https:\/\/vieassociative.be\/actualites\/#website\",\"url\":\"https:\/\/vieassociative.be\/actualites\/\",\"name\":\"Vie Associative\",\"description\":\"\",\"publisher\":{\"@id\":\"https:\/\/vieassociative.be\/actualites\/#organization\"},\"potentialAction\":[{\"@type\":\"SearchAction\",\"target\":{\"@type\":\"EntryPoint\",\"urlTemplate\":\"https:\/\/vieassociative.be\/actualites\/?s={search_term_string}\"},\"query-input\":{\"@type\":\"PropertyValueSpecification\",\"valueRequired\":true,\"valueName\":\"search_term_string\"}}],\"inLanguage\":\"fr-BE\"},{\"@type\":\"Organization\",\"@id\":\"https:\/\/vieassociative.be\/actualites\/#organization\",\"name\":\"Vie Associative\",\"url\":\"https:\/\/vieassociative.be\/actualites\/\",\"logo\":{\"@type\":\"ImageObject\",\"inLanguage\":\"fr-BE\",\"@id\":\"https:\/\/vieassociative.be\/actualites\/#\/schema\/logo\/image\/\",\"url\":\"https:\/\/vieassociative.be\/actualites\/wp-content\/uploads\/2024\/09\/cropped-vieassociative_favicon.ico.png\",\"contentUrl\":\"https:\/\/vieassociative.be\/actualites\/wp-content\/uploads\/2024\/09\/cropped-vieassociative_favicon.ico.png\",\"width\":512,\"height\":512,\"caption\":\"Vie Associative\"},\"image\":{\"@id\":\"https:\/\/vieassociative.be\/actualites\/#\/schema\/logo\/image\/\"}},{\"@type\":\"Person\",\"@id\":\"https:\/\/vieassociative.be\/actualites\/#\/schema\/person\/b87ac4f82f9d4e7b7cec7395b679edc4\",\"name\":\"Julien\",\"image\":{\"@type\":\"ImageObject\",\"inLanguage\":\"fr-BE\",\"@id\":\"https:\/\/vieassociative.be\/actualites\/#\/schema\/person\/image\/\",\"url\":\"https:\/\/vieassociative.be\/actualites\/wp-content\/uploads\/2024\/09\/vie-associative-1-150x150.jpg\",\"contentUrl\":\"https:\/\/vieassociative.be\/actualites\/wp-content\/uploads\/2024\/09\/vie-associative-1-150x150.jpg\",\"caption\":\"Julien\"},\"description\":\"Je suis Julien, r\u00e9dacteur pour Vie Associative. Passionn\u00e9 par le monde associatif depuis plus de 10 ans, j'ai \u00e0 c\u0153ur de partager des histoires inspirantes et de mettre en lumi\u00e8re les initiatives locales. Mon objectif est de sensibiliser et d'encourager l'engagement communautaire \u00e0 travers mes articles.\",\"sameAs\":[\"https:\/\/vieassociative.be\/\"]}]}<\/script>\n<!-- \/ Yoast SEO plugin. -->","yoast_head_json":{"title":"TV Tip-the Incroyable Grasp: il y a 10 ans Le crash du pilote de Germanwings dans les Alpes | Vie Associative","robots":{"index":"index","follow":"follow","max-snippet":"max-snippet:-1","max-image-preview":"max-image-preview:large","max-video-preview":"max-video-preview:-1"},"canonical":"https:\/\/vieassociative.be\/actualites\/tv-tip-the-incroyable-grasp-il-y-a-10-ans-le-crash-du-pilote-de-germanwings-dans-les-alpes\/","og_locale":"fr_FR","og_type":"article","og_title":"TV Tip-the Incroyable Grasp: il y a 10 ans Le crash du pilote de Germanwings dans les Alpes | Vie Associative","og_description":"Il y a dix ans, une machine Germanwings a bris\u00e9 sur le chemin de D\u00fcsseldorf dans les Alpes. \u00c0 ce jour, les personnes endeuill\u00e9es ont","og_url":"https:\/\/vieassociative.be\/actualites\/tv-tip-the-incroyable-grasp-il-y-a-10-ans-le-crash-du-pilote-de-germanwings-dans-les-alpes\/","og_site_name":"Vie Associative","article_published_time":"2025-03-10T14:17:30+00:00","og_image":[{"width":279,"height":92,"url":"https:\/\/vieassociative.be\/actualites\/wp-content\/uploads\/2024\/09\/header_backgroundk-01-e1726694325946.png","type":"image\/png"}],"author":"Julien","twitter_card":"summary_large_image","twitter_misc":{"\u00c9crit par":"Julien","Dur\u00e9e de lecture est.":"4 minutes"},"schema":{"@context":"https:\/\/schema.org","@graph":[{"@type":"Article","@id":"https:\/\/vieassociative.be\/actualites\/tv-tip-the-incroyable-grasp-il-y-a-10-ans-le-crash-du-pilote-de-germanwings-dans-les-alpes\/#article","isPartOf":{"@id":"https:\/\/vieassociative.be\/actualites\/tv-tip-the-incroyable-grasp-il-y-a-10-ans-le-crash-du-pilote-de-germanwings-dans-les-alpes\/"},"author":{"name":"Julien","@id":"https:\/\/vieassociative.be\/actualites\/#\/schema\/person\/b87ac4f82f9d4e7b7cec7395b679edc4"},"headline":"TV Tip-the Incroyable Grasp: il y a 10 ans Le crash du pilote de Germanwings dans les Alpes","datePublished":"2025-03-10T14:17:30+00:00","dateModified":"2025-03-10T14:17:30+00:00","mainEntityOfPage":{"@id":"https:\/\/vieassociative.be\/actualites\/tv-tip-the-incroyable-grasp-il-y-a-10-ans-le-crash-du-pilote-de-germanwings-dans-les-alpes\/"},"wordCount":851,"publisher":{"@id":"https:\/\/vieassociative.be\/actualites\/#organization"},"image":{"@id":"https:\/\/vieassociative.be\/actualites\/tv-tip-the-incroyable-grasp-il-y-a-10-ans-le-crash-du-pilote-de-germanwings-dans-les-alpes\/#primaryimage"},"thumbnailUrl":"https:\/\/vieassociative.be\/actualites\/wp-content\/uploads\/2025\/03\/TV-Tip-the-Incroyable-Grasp-il-y-a-10-ans-Le.jpg","keywords":["Alpes","ans","Crash","dans","Germanwings","Grasp","incroyable","Les","pilote","Tipthe"],"articleSection":["Belgique"],"inLanguage":"fr-BE"},{"@type":"WebPage","@id":"https:\/\/vieassociative.be\/actualites\/tv-tip-the-incroyable-grasp-il-y-a-10-ans-le-crash-du-pilote-de-germanwings-dans-les-alpes\/","url":"https:\/\/vieassociative.be\/actualites\/tv-tip-the-incroyable-grasp-il-y-a-10-ans-le-crash-du-pilote-de-germanwings-dans-les-alpes\/","name":"TV Tip-the Incroyable Grasp: il y a 10 ans Le crash du pilote de Germanwings dans les Alpes | Vie Associative","isPartOf":{"@id":"https:\/\/vieassociative.be\/actualites\/#website"},"primaryImageOfPage":{"@id":"https:\/\/vieassociative.be\/actualites\/tv-tip-the-incroyable-grasp-il-y-a-10-ans-le-crash-du-pilote-de-germanwings-dans-les-alpes\/#primaryimage"},"image":{"@id":"https:\/\/vieassociative.be\/actualites\/tv-tip-the-incroyable-grasp-il-y-a-10-ans-le-crash-du-pilote-de-germanwings-dans-les-alpes\/#primaryimage"},"thumbnailUrl":"https:\/\/vieassociative.be\/actualites\/wp-content\/uploads\/2025\/03\/TV-Tip-the-Incroyable-Grasp-il-y-a-10-ans-Le.jpg","datePublished":"2025-03-10T14:17:30+00:00","dateModified":"2025-03-10T14:17:30+00:00","breadcrumb":{"@id":"https:\/\/vieassociative.be\/actualites\/tv-tip-the-incroyable-grasp-il-y-a-10-ans-le-crash-du-pilote-de-germanwings-dans-les-alpes\/#breadcrumb"},"inLanguage":"fr-BE","potentialAction":[{"@type":"ReadAction","target":["https:\/\/vieassociative.be\/actualites\/tv-tip-the-incroyable-grasp-il-y-a-10-ans-le-crash-du-pilote-de-germanwings-dans-les-alpes\/"]}]},{"@type":"ImageObject","inLanguage":"fr-BE","@id":"https:\/\/vieassociative.be\/actualites\/tv-tip-the-incroyable-grasp-il-y-a-10-ans-le-crash-du-pilote-de-germanwings-dans-les-alpes\/#primaryimage","url":"https:\/\/vieassociative.be\/actualites\/wp-content\/uploads\/2025\/03\/TV-Tip-the-Incroyable-Grasp-il-y-a-10-ans-Le.jpg","contentUrl":"https:\/\/vieassociative.be\/actualites\/wp-content\/uploads\/2025\/03\/TV-Tip-the-Incroyable-Grasp-il-y-a-10-ans-Le.jpg","width":900,"height":553,"caption":"TV Tip-the Incroyable Grasp: il y a 10 ans Le crash du pilote de Germanwings dans les Alpes"},{"@type":"BreadcrumbList","@id":"https:\/\/vieassociative.be\/actualites\/tv-tip-the-incroyable-grasp-il-y-a-10-ans-le-crash-du-pilote-de-germanwings-dans-les-alpes\/#breadcrumb","itemListElement":[{"@type":"ListItem","position":1,"name":"Accueil","item":"https:\/\/vieassociative.be\/actualites\/"},{"@type":"ListItem","position":2,"name":"TV Tip-the Incroyable Grasp: il y a 10 ans Le crash du pilote de Germanwings dans les Alpes"}]},{"@type":"WebSite","@id":"https:\/\/vieassociative.be\/actualites\/#website","url":"https:\/\/vieassociative.be\/actualites\/","name":"Vie Associative","description":"","publisher":{"@id":"https:\/\/vieassociative.be\/actualites\/#organization"},"potentialAction":[{"@type":"SearchAction","target":{"@type":"EntryPoint","urlTemplate":"https:\/\/vieassociative.be\/actualites\/?s={search_term_string}"},"query-input":{"@type":"PropertyValueSpecification","valueRequired":true,"valueName":"search_term_string"}}],"inLanguage":"fr-BE"},{"@type":"Organization","@id":"https:\/\/vieassociative.be\/actualites\/#organization","name":"Vie Associative","url":"https:\/\/vieassociative.be\/actualites\/","logo":{"@type":"ImageObject","inLanguage":"fr-BE","@id":"https:\/\/vieassociative.be\/actualites\/#\/schema\/logo\/image\/","url":"https:\/\/vieassociative.be\/actualites\/wp-content\/uploads\/2024\/09\/cropped-vieassociative_favicon.ico.png","contentUrl":"https:\/\/vieassociative.be\/actualites\/wp-content\/uploads\/2024\/09\/cropped-vieassociative_favicon.ico.png","width":512,"height":512,"caption":"Vie Associative"},"image":{"@id":"https:\/\/vieassociative.be\/actualites\/#\/schema\/logo\/image\/"}},{"@type":"Person","@id":"https:\/\/vieassociative.be\/actualites\/#\/schema\/person\/b87ac4f82f9d4e7b7cec7395b679edc4","name":"Julien","image":{"@type":"ImageObject","inLanguage":"fr-BE","@id":"https:\/\/vieassociative.be\/actualites\/#\/schema\/person\/image\/","url":"https:\/\/vieassociative.be\/actualites\/wp-content\/uploads\/2024\/09\/vie-associative-1-150x150.jpg","contentUrl":"https:\/\/vieassociative.be\/actualites\/wp-content\/uploads\/2024\/09\/vie-associative-1-150x150.jpg","caption":"Julien"},"description":"Je suis Julien, r\u00e9dacteur pour Vie Associative. Passionn\u00e9 par le monde associatif depuis plus de 10 ans, j'ai \u00e0 c\u0153ur de partager des histoires inspirantes et de mettre en lumi\u00e8re les initiatives locales. Mon objectif est de sensibiliser et d'encourager l'engagement communautaire \u00e0 travers mes articles.","sameAs":["https:\/\/vieassociative.be\/"]}]}},"_links":{"self":[{"href":"https:\/\/vieassociative.be\/actualites\/wp-json\/wp\/v2\/posts\/5770"}],"collection":[{"href":"https:\/\/vieassociative.be\/actualites\/wp-json\/wp\/v2\/posts"}],"about":[{"href":"https:\/\/vieassociative.be\/actualites\/wp-json\/wp\/v2\/types\/post"}],"author":[{"embeddable":true,"href":"https:\/\/vieassociative.be\/actualites\/wp-json\/wp\/v2\/users\/1"}],"replies":[{"embeddable":true,"href":"https:\/\/vieassociative.be\/actualites\/wp-json\/wp\/v2\/comments?post=5770"}],"version-history":[{"count":0,"href":"https:\/\/vieassociative.be\/actualites\/wp-json\/wp\/v2\/posts\/5770\/revisions"}],"wp:featuredmedia":[{"embeddable":true,"href":"https:\/\/vieassociative.be\/actualites\/wp-json\/wp\/v2\/media\/5771"}],"wp:attachment":[{"href":"https:\/\/vieassociative.be\/actualites\/wp-json\/wp\/v2\/media?parent=5770"}],"wp:term":[{"taxonomy":"category","embeddable":true,"href":"https:\/\/vieassociative.be\/actualites\/wp-json\/wp\/v2\/categories?post=5770"},{"taxonomy":"post_tag","embeddable":true,"href":"https:\/\/vieassociative.be\/actualites\/wp-json\/wp\/v2\/tags?post=5770"}],"curies":[{"name":"wp","href":"https:\/\/api.w.org\/{rel}","templated":true}]}}