{"id":5768,"date":"2025-03-10T14:17:35","date_gmt":"2025-03-10T13:17:35","guid":{"rendered":"https:\/\/vieassociative.be\/actualites\/le-guide-des-adultes-hors-de-contact-sur-la-culture-des-enfants-mois-international-des-femmes\/"},"modified":"2025-03-10T14:17:35","modified_gmt":"2025-03-10T13:17:35","slug":"le-guide-des-adultes-hors-de-contact-sur-la-culture-des-enfants-mois-international-des-femmes","status":"publish","type":"post","link":"https:\/\/vieassociative.be\/actualites\/le-guide-des-adultes-hors-de-contact-sur-la-culture-des-enfants-mois-international-des-femmes\/","title":{"rendered":"Le guide des adultes hors de contact sur la culture des enfants: Mois international des femmes"},"content":{"rendered":"<div class=\"mt-4 leading-6 md:mb-8\">Je v\u00e9rifie les coins centr\u00e9s sur les femmes de Reddit, et j&rsquo;\u00e9coute Doechii et \u00ab\u00a0Appelez son papa\u00a0\u00bb, entre autres.<\/div>\n<p><\/p>\n<p>Le samedi 8 mars \u00e9tait la Journ\u00e9e internationale de la femme. Mars est une femme enti\u00e8re <em>mois<\/em>m\u00eame si Google l&rsquo;a effac\u00e9 de son calendrier. Je jette donc un \u0153il aux jeunes femmes &#8211; et pas de mani\u00e8re effrayante. Je veux savoir: qu&rsquo;est-ce que <em>en haut<\/em> avec des jeunes femmes? De quoi parlent-ils? Quels sont leurs r\u00eaves? Comment se sentent-ils profond\u00e9ment dans leur c\u0153ur? Je v\u00e9rifie donc les coins centr\u00e9s sur les femmes de Reddit, \u00e9coute Doechii et \u00ab\u00a0Appelez son papa\u00a0\u00bb et consultant des \u00ab\u00a0m\u00e9decins de Coochie\u00a0\u00bb. <\/p>\n<h2 id=\"the-state-of-young-women-in-two-subreddits\">L&rsquo;\u00e9tat des jeunes femmes dans deux sous-verres<\/h2>\n<p>Pour essayer d&rsquo;avoir un aper\u00e7u des jeunes femmes \u00e2g\u00e9es de 18 \u00e0 25 ans environ, j&rsquo;ai jet\u00e9 un coup d&rsquo;\u0153il \u00e0 certaines communaut\u00e9s Reddit ont ostensiblement con\u00e7ue pour et sur les femmes. <\/p>\n<p>J&rsquo;ai commenc\u00e9 chez les deuxxchromosomes de Reddit. Chez plus de 13 millions d&rsquo;abonn\u00e9s: il s&rsquo;agit de loin la plus grande communaut\u00e9 centr\u00e9e sur les femmes de Reddit, et c&rsquo;est <em>sombre<\/em>. Les principaux postes de la semaine sont domin\u00e9s par des histoires de mecs effrayants, de violence sexuelle, de violence-violence et de mecs plus effrayants. Il y a occasionnellement \u00ab\u00a0voici quelque chose de dr\u00f4le \/ mignon qui est arriv\u00e9\u00a0\u00bb pour all\u00e9ger un peu l&rsquo;ambiance, mais dans l&rsquo;ensemble, c&rsquo;est <em>mauvais<\/em> L\u00e0-bas: \u00ab\u00a0Grandir, c&rsquo;est r\u00e9aliser \u00e0 quel point le monde vous d\u00e9teste\u00a0\u00bb est comment Redditor Gaycat21 le dit. <\/p>\n<p>Pour un subreddit f\u00e9minin beaucoup moins d\u00e9primant et beaucoup plus int\u00e9ressant, consultez NSFW Meme Subreddit R \/ LetgirlShaveFun. \u00c0 seulement 100 000 sous-marins, il est beaucoup plus petit que Twox, mais c&rsquo;est la preuve que la grossi\u00e8ret\u00e9 et l&rsquo;ambiance sans censure de la culture en ligne n&rsquo;ont pas \u00e0 \u00eatre misogyne, et c&rsquo;est beaucoup plus dr\u00f4le de cette fa\u00e7on. Selon son Cr\u00e9ateur, Let Girls s&rsquo;amuse est un endroit pour \u00ab\u00a0les filles pour publier leurs pens\u00e9es d\u00e9rang\u00e9es, du point de vue d&rsquo;une fille\u00a0\u00bb, parce que \u00ab\u00a0les filles peuvent aussi aimer l&rsquo;humour \u00e9nerv\u00e9 et brut\u00a0\u00bb. Des messages comme celui-ci, ceci ou cela semblent \u00eatre une r\u00e9bellion ouverte contre un ensemble de r\u00e8gles et des attentes sans fin de la soci\u00e9t\u00e9, exprim\u00e9s de la mani\u00e8re la plus explicite possible. <\/p>\n<h2 id=\"alex-coopers-call-her-daddy-is-the-biggest-podcast-among-young-women\">Alex Cooper <em>Appelle son papa<\/em> est le plus gros podcast chez les jeunes femmes<\/h2>\n<p>Presque tous ceux qui \u00e9coutent le <em>Appelle son papa<\/em> Le podcast est une jeune femme. Selon le cabinet de recherche Edison Research, 70% de l&rsquo;audience de la maladie de CHD est des femmes, et 70% d&rsquo;entre elles sont inf\u00e9rieures \u00e0 35 ans. 93% de ses auditeurs ont moins de 45 ans. Le podcast a fait la une des journaux lorsqu&rsquo;il a marqu\u00e9 une interview avec le vice-pr\u00e9sident Kamala Harris en octobre, mais la politique n&rsquo;est pas le sujet habituel de la s\u00e9rie. L&rsquo;animateur Alex Cooper a \u00e9t\u00e9 d\u00e9crit comme \u00ab\u00a0Gen Z&rsquo;s Podcast Queen\u00a0\u00bb et \u00ab\u00a0The Female Howard Stern\u00a0\u00bb par <em>Le Hollywood Reporter,<\/em> A tendance \u00e0 se concentrer sur le sexe et les relations lorsqu&rsquo;elle n&rsquo;interviewe pas des c\u00e9l\u00e9brit\u00e9s comme Miley Cyrus et John Mayer. Comme Stern, Cooper est franc, ouvert et torride. Dans les premiers jours de son \u00e9mission, elle s&rsquo;est concentr\u00e9e davantage sur le sexe, mais le sujet s&rsquo;est \u00e9tendu \u00e0 des sujets tels que l&rsquo;autonomisation des femmes, l&rsquo;amour-propre et la culture pop. Contrairement au meilleur podcasteur de gar\u00e7on Joe Rogan, <em>Appelle son papa<\/em>L&rsquo;h\u00f4te n&rsquo;est pas r\u00e9guli\u00e8rement victime de croire \u00e0 la merde qui n&rsquo;est pas vraie. <\/p>\n<h2 id=\"ai-generated-coochie-doctors-invade-tiktok\">AI-G\u00e9n\u00e9r\u00e9 \u00ab\u00a0Coochie Doctors\u00a0\u00bb envahir Tiktok<\/h2>\n<blockquote class=\"tiktokEmbed tiktok-embed\" data-video-id=\"7456967289716428063\" style=\"max-width: 605px;min-width: 325px;\">\n<section><\/section>\n<\/blockquote>\n<p>Quand quelqu&rsquo;un se d\u00e9crit comme un \u00abm\u00e9decin de Coochie\u00bb, il est probablement s\u00fbr d&rsquo;ignorer tout conseil m\u00e9dical qu&rsquo;il offre, surtout lorsqu&rsquo;il est en ligne et qu&rsquo;ils ne sont pas r\u00e9ellement humains. Au cours des derniers mois, les cingl\u00e9s et \/ ou les algorithmes utilisent une application intitul\u00e9e \u00ab\u00a0L\u00e9gende\u00a0\u00bb pour spam Tiktok avec des centaines de vid\u00e9os mettant en vedette des avatars r\u00e9els et g\u00e9n\u00e9r\u00e9s par AI qui se disent \u00ab\u00a0Coochie Doctors\u00a0\u00bb, \u00ab\u00a0Doctors de booty\u00a0\u00bb, suivi par des chirurgiens tata \u00ab\u00a0, des conseils m\u00e9dicaux terribles. Ces vid\u00e9os commencent g\u00e9n\u00e9ralement par une variation de la phrase, \u00ab\u00a013 ans un m\u00e9decin de Coochie et personne ne me croit quand je dis cela\u00a0\u00bb, suivi de quelques conseils de sant\u00e9 douteux destin\u00e9s aux femmes comme \u00ab\u00a0frotter les graines de figues sur vos seins les fera passer de la pointe \u00e0 la gaiet\u00e9\u00a0\u00bb et \u00ab\u00a0la mousse de mer est un excellent moyen de nettoyer votre intestin\u00a0\u00bb. <\/p>\n<p>Il convient de noter que ces conseils ne concernent ni Coochies ni Butts, donc ces professionnels de la sant\u00e9 travaillent en dehors de leur domaine d&rsquo;expertise. Ces vid\u00e9os se terminent g\u00e9n\u00e9ralement par des t\u00e9l\u00e9spectateurs exhortants \u00e0 rechercher un produit \u00ab\u00a0bien-\u00eatre\u00a0\u00bb sp\u00e9cifique sur Amazon. C&rsquo;est comme si tous ces professionnels de la sant\u00e9 ne proposent que des conseils pour retirer de l&rsquo;argent de la cr\u00e9dule! <\/p>\n<h2 id=\"dating-a-gm-and-the-mystery-of-what-gm-means\">\u00abDatant d&rsquo;un GM\u00bb et le myst\u00e8re de ce que signifie \u00abGM\u00bb<\/h2>\n<blockquote class=\"tiktokEmbed tiktok-embed\" data-video-id=\"7475430203183942934\" style=\"max-width: 605px;min-width: 325px;\">\n<section><\/section>\n<\/blockquote>\n<p>Il y a quelques semaines, tiktoker @ myak.tt a post\u00e9 la vid\u00e9o que vous voyez ci-dessus, un court clip al\u00e9atoire avec la l\u00e9gende \u00ab\u00a0datant un GM\u00a0\u00bb. Il a \u00e9t\u00e9 visionn\u00e9 plus de 11 millions de fois depuis lors et a d\u00e9clench\u00e9 un d\u00e9bat en ligne sur ce que GM <em>est<\/em>.<\/p>\n<p>Ma premi\u00e8re pens\u00e9e est \u00ab\u00a0Game Master\u00a0\u00bb, la forme la plus inclusive de \u00ab\u00a0Dungeon Master\u00a0\u00bb, mais je suis un putain de nerd, et ce n&rsquo;est presque pas ce que Myak.tt signifiait. D&rsquo;autres ont sugg\u00e9r\u00e9 un \u00abmembre d&rsquo;un gang\u00bb, \u00abun homme de pistolet\u00bb ou \u00abGrand Master\u00bb. C&rsquo;est frustrant parce que la vid\u00e9o ne donne aucune information, et pour l&rsquo;instant, la jeune femme qui a publi\u00e9 la vid\u00e9o n&rsquo;a offert aucune explication. <\/p>\n<p>La vid\u00e9o a inspir\u00e9 des reconstitutions \u00ab\u00a0\u00e0 99% pr\u00e9cises\u00a0\u00bb comme celle-ci:<\/p>\n<blockquote class=\"tiktokEmbed tiktok-embed\" data-video-id=\"7476785311767448854\" style=\"max-width: 605px;min-width: 325px;\">\n<section><\/section>\n<\/blockquote>\n<p>Et celui-ci:<\/p>\n<blockquote class=\"tiktokEmbed tiktok-embed\" data-video-id=\"7477638609953164566\" style=\"max-width: 605px;min-width: 325px;\">\n<section><\/section>\n<\/blockquote>\n<p>Mais ceux-ci ne donnent aucune indication de ce qu&rsquo;est un GM non plus. Peut-\u00eatre que le myst\u00e8re est: pourquoi cette vid\u00e9o est-elle devenue populaire? Pourquoi l&rsquo;algorithme Tiktok a-t-il choisi de partager cela sur les millions d&rsquo;autres clips courts et d\u00e9nu\u00e9s de sens publi\u00e9s toute la journ\u00e9e sur le site? Je n&rsquo;ai pas de r\u00e9ponses. <\/p>\n<p>(Pour un glossaire de mots d&rsquo;argot, je suis presque s\u00fbr que je <em>faire<\/em> Connaissez la d\u00e9finition de, consultez \u00abMewing\u00bb, \u00abSigma\u00bb, et autres Gen Z et Gen Alpha Slang, vous pourriez avoir besoin d&rsquo;aide pour d\u00e9coder \u00bb)<\/p>\n<h2 id=\"viral-video-of-the-week-doechiis-anxiety\">Vid\u00e9o virale de la semaine: \u00abl&rsquo;anxi\u00e9t\u00e9\u00bb de Doechii<\/h2>\n<div class=\"mx-auto mt-8 w-full max-w-4xl\">\n<div id=\"video-container-egemoVK0IKY\"><\/div>\n<\/div>\n<p>Le rappeur \/ chanteur \/ compositeur Doechii, n\u00e9 Jaylah Ji&rsquo;mya Hickmon, a explos\u00e9 au cours des deux derniers mois. Aid\u00e9 par une l\u00e9gion de fans utilisant sa chanson \u00ab\u00a0Denial Is A River\u00a0\u00bb sur leurs vid\u00e9os Tiktok et une performance remarquable aux Grammy Awards, Doechii est devenue si populaire que ses chansons plus anciennes sont creus\u00e9es dans des boules de mithle et deviennent \u00e9normes. La vid\u00e9o virale de cette semaine, Anxi\u00e9t\u00e9 (Visualizer), a \u00e9t\u00e9 publi\u00e9e sur YouTube de Doechii sans fanfare, et pr\u00e8s de trois millions de personnes l&rsquo;ont regard\u00e9 au cours de ses deux premiers jours en ligne. La vid\u00e9o originale de la chanson a \u00e9t\u00e9 publi\u00e9e en 2020 et pr\u00e9sente Doechii \u00e0 Covid E-Erechii dans sa chambre sur \u00ab\u00a0Somebody That I Habitue\u00a0\u00bb de Gotye. Mais une partie de \u00ab\u00a0Anxi\u00e9t\u00e9\u00a0\u00bb de Doechii a \u00e9galement \u00e9t\u00e9 \u00e9chantillonn\u00e9e sur un morceau du rappeur Sleepy Hallow, pour sa chanson intitul\u00e9e \u00ab\u00a0Anxi\u00e9t\u00e9\u00a0\u00bb \u00ab\u00a0Vous savez quoi: ici Doechii Explication de la lore profonde autour de cette chanson:<\/p>\n<blockquote class=\"twitterEmbed twitter-tweet\"><p>\n    <a rel=\"nofollow noopener\" class=\"text-gray-600\" href=\"https:\/\/twitter.com\/doechiiupdates\/status\/1897073912657363386\" title=\"open in a new window\" target=\"_blank\"><\/p>\n<p>        Ce tweet n&rsquo;est actuellement pas disponible. Il peut \u00eatre charg\u00e9 ou a \u00e9t\u00e9 supprim\u00e9.<br \/>\n    <\/a>\n<\/p><\/blockquote>\n<p><script async src=\"https:\/\/platform.twitter.com\/widgets.js\" charset=\"utf-8\"><\/script><script async src=\"\/\/www.tiktok.com\/embed.js\"><\/script><\/p>\n","protected":false},"excerpt":{"rendered":"<p>Je v\u00e9rifie les coins centr\u00e9s sur les femmes de Reddit, et j&rsquo;\u00e9coute Doechii et \u00ab\u00a0Appelez son papa\u00a0\u00bb, entre autres. Le samedi 8 mars \u00e9tait la<\/p>\n","protected":false},"author":1,"featured_media":5769,"comment_status":"","ping_status":"","sticky":false,"template":"","format":"standard","meta":{"footnotes":""},"categories":[36],"tags":[899,5283,2805,29,324,1842,461,2494,5770,232,33],"class_list":["post-5768","post","type-post","status-publish","format-standard","has-post-thumbnail","hentry","category-divertissement","tag-adultes","tag-contact","tag-culture","tag-des","tag-enfants","tag-femmes","tag-guide","tag-hors","tag-international","tag-mois","tag-sur","generate-columns","tablet-grid-50","mobile-grid-100","grid-parent","grid-33"],"yoast_head":"<!-- This site is optimized with the Yoast SEO plugin v24.0 - https:\/\/yoast.com\/wordpress\/plugins\/seo\/ -->\n<title>Le guide des adultes hors de contact sur la culture des enfants: Mois international des femmes | Vie Associative<\/title>\n<meta name=\"robots\" content=\"index, follow, max-snippet:-1, max-image-preview:large, max-video-preview:-1\" \/>\n<link rel=\"canonical\" href=\"https:\/\/vieassociative.be\/actualites\/le-guide-des-adultes-hors-de-contact-sur-la-culture-des-enfants-mois-international-des-femmes\/\" \/>\n<meta property=\"og:locale\" content=\"fr_FR\" \/>\n<meta property=\"og:type\" content=\"article\" \/>\n<meta property=\"og:title\" content=\"Le guide des adultes hors de contact sur la culture des enfants: Mois international des femmes | Vie Associative\" \/>\n<meta property=\"og:description\" content=\"Je v\u00e9rifie les coins centr\u00e9s sur les femmes de Reddit, et j&rsquo;\u00e9coute Doechii et \u00ab\u00a0Appelez son papa\u00a0\u00bb, entre autres. Le samedi 8 mars \u00e9tait la\" \/>\n<meta property=\"og:url\" content=\"https:\/\/vieassociative.be\/actualites\/le-guide-des-adultes-hors-de-contact-sur-la-culture-des-enfants-mois-international-des-femmes\/\" \/>\n<meta property=\"og:site_name\" content=\"Vie Associative\" \/>\n<meta property=\"article:published_time\" content=\"2025-03-10T13:17:35+00:00\" \/>\n<meta property=\"og:image\" content=\"https:\/\/vieassociative.be\/actualites\/wp-content\/uploads\/2024\/09\/header_backgroundk-01-e1726694325946.png\" \/>\n\t<meta property=\"og:image:width\" content=\"279\" \/>\n\t<meta property=\"og:image:height\" content=\"92\" \/>\n\t<meta property=\"og:image:type\" content=\"image\/png\" \/>\n<meta name=\"author\" content=\"Julien\" \/>\n<meta name=\"twitter:card\" content=\"summary_large_image\" \/>\n<meta name=\"twitter:label1\" content=\"\u00c9crit par\" \/>\n\t<meta name=\"twitter:data1\" content=\"Julien\" \/>\n\t<meta name=\"twitter:label2\" content=\"Dur\u00e9e de lecture est.\" \/>\n\t<meta name=\"twitter:data2\" content=\"6 minutes\" \/>\n<script type=\"application\/ld+json\" class=\"yoast-schema-graph\">{\"@context\":\"https:\/\/schema.org\",\"@graph\":[{\"@type\":\"Article\",\"@id\":\"https:\/\/vieassociative.be\/actualites\/le-guide-des-adultes-hors-de-contact-sur-la-culture-des-enfants-mois-international-des-femmes\/#article\",\"isPartOf\":{\"@id\":\"https:\/\/vieassociative.be\/actualites\/le-guide-des-adultes-hors-de-contact-sur-la-culture-des-enfants-mois-international-des-femmes\/\"},\"author\":{\"name\":\"Julien\",\"@id\":\"https:\/\/vieassociative.be\/actualites\/#\/schema\/person\/b87ac4f82f9d4e7b7cec7395b679edc4\"},\"headline\":\"Le guide des adultes hors de contact sur la culture des enfants: Mois international des femmes\",\"datePublished\":\"2025-03-10T13:17:35+00:00\",\"dateModified\":\"2025-03-10T13:17:35+00:00\",\"mainEntityOfPage\":{\"@id\":\"https:\/\/vieassociative.be\/actualites\/le-guide-des-adultes-hors-de-contact-sur-la-culture-des-enfants-mois-international-des-femmes\/\"},\"wordCount\":1367,\"publisher\":{\"@id\":\"https:\/\/vieassociative.be\/actualites\/#organization\"},\"image\":{\"@id\":\"https:\/\/vieassociative.be\/actualites\/le-guide-des-adultes-hors-de-contact-sur-la-culture-des-enfants-mois-international-des-femmes\/#primaryimage\"},\"thumbnailUrl\":\"https:\/\/vieassociative.be\/actualites\/wp-content\/uploads\/2025\/03\/Le-guide-des-adultes-hors-de-contact-sur-la-culture.jpg\",\"keywords\":[\"adultes\",\"contact\",\"culture\",\"Des\",\"enfants\",\"femmes\",\"Guide\",\"hors\",\"international\",\"mois\",\"sur\"],\"articleSection\":[\"Divertissement\"],\"inLanguage\":\"fr-BE\"},{\"@type\":\"WebPage\",\"@id\":\"https:\/\/vieassociative.be\/actualites\/le-guide-des-adultes-hors-de-contact-sur-la-culture-des-enfants-mois-international-des-femmes\/\",\"url\":\"https:\/\/vieassociative.be\/actualites\/le-guide-des-adultes-hors-de-contact-sur-la-culture-des-enfants-mois-international-des-femmes\/\",\"name\":\"Le guide des adultes hors de contact sur la culture des enfants: Mois international des femmes | Vie Associative\",\"isPartOf\":{\"@id\":\"https:\/\/vieassociative.be\/actualites\/#website\"},\"primaryImageOfPage\":{\"@id\":\"https:\/\/vieassociative.be\/actualites\/le-guide-des-adultes-hors-de-contact-sur-la-culture-des-enfants-mois-international-des-femmes\/#primaryimage\"},\"image\":{\"@id\":\"https:\/\/vieassociative.be\/actualites\/le-guide-des-adultes-hors-de-contact-sur-la-culture-des-enfants-mois-international-des-femmes\/#primaryimage\"},\"thumbnailUrl\":\"https:\/\/vieassociative.be\/actualites\/wp-content\/uploads\/2025\/03\/Le-guide-des-adultes-hors-de-contact-sur-la-culture.jpg\",\"datePublished\":\"2025-03-10T13:17:35+00:00\",\"dateModified\":\"2025-03-10T13:17:35+00:00\",\"breadcrumb\":{\"@id\":\"https:\/\/vieassociative.be\/actualites\/le-guide-des-adultes-hors-de-contact-sur-la-culture-des-enfants-mois-international-des-femmes\/#breadcrumb\"},\"inLanguage\":\"fr-BE\",\"potentialAction\":[{\"@type\":\"ReadAction\",\"target\":[\"https:\/\/vieassociative.be\/actualites\/le-guide-des-adultes-hors-de-contact-sur-la-culture-des-enfants-mois-international-des-femmes\/\"]}]},{\"@type\":\"ImageObject\",\"inLanguage\":\"fr-BE\",\"@id\":\"https:\/\/vieassociative.be\/actualites\/le-guide-des-adultes-hors-de-contact-sur-la-culture-des-enfants-mois-international-des-femmes\/#primaryimage\",\"url\":\"https:\/\/vieassociative.be\/actualites\/wp-content\/uploads\/2025\/03\/Le-guide-des-adultes-hors-de-contact-sur-la-culture.jpg\",\"contentUrl\":\"https:\/\/vieassociative.be\/actualites\/wp-content\/uploads\/2025\/03\/Le-guide-des-adultes-hors-de-contact-sur-la-culture.jpg\",\"width\":1200,\"height\":675,\"caption\":\"Le guide des adultes hors de contact sur la culture des enfants: Mois international des femmes\"},{\"@type\":\"BreadcrumbList\",\"@id\":\"https:\/\/vieassociative.be\/actualites\/le-guide-des-adultes-hors-de-contact-sur-la-culture-des-enfants-mois-international-des-femmes\/#breadcrumb\",\"itemListElement\":[{\"@type\":\"ListItem\",\"position\":1,\"name\":\"Accueil\",\"item\":\"https:\/\/vieassociative.be\/actualites\/\"},{\"@type\":\"ListItem\",\"position\":2,\"name\":\"Le guide des adultes hors de contact sur la culture des enfants: Mois international des femmes\"}]},{\"@type\":\"WebSite\",\"@id\":\"https:\/\/vieassociative.be\/actualites\/#website\",\"url\":\"https:\/\/vieassociative.be\/actualites\/\",\"name\":\"Vie Associative\",\"description\":\"\",\"publisher\":{\"@id\":\"https:\/\/vieassociative.be\/actualites\/#organization\"},\"potentialAction\":[{\"@type\":\"SearchAction\",\"target\":{\"@type\":\"EntryPoint\",\"urlTemplate\":\"https:\/\/vieassociative.be\/actualites\/?s={search_term_string}\"},\"query-input\":{\"@type\":\"PropertyValueSpecification\",\"valueRequired\":true,\"valueName\":\"search_term_string\"}}],\"inLanguage\":\"fr-BE\"},{\"@type\":\"Organization\",\"@id\":\"https:\/\/vieassociative.be\/actualites\/#organization\",\"name\":\"Vie Associative\",\"url\":\"https:\/\/vieassociative.be\/actualites\/\",\"logo\":{\"@type\":\"ImageObject\",\"inLanguage\":\"fr-BE\",\"@id\":\"https:\/\/vieassociative.be\/actualites\/#\/schema\/logo\/image\/\",\"url\":\"https:\/\/vieassociative.be\/actualites\/wp-content\/uploads\/2024\/09\/cropped-vieassociative_favicon.ico.png\",\"contentUrl\":\"https:\/\/vieassociative.be\/actualites\/wp-content\/uploads\/2024\/09\/cropped-vieassociative_favicon.ico.png\",\"width\":512,\"height\":512,\"caption\":\"Vie Associative\"},\"image\":{\"@id\":\"https:\/\/vieassociative.be\/actualites\/#\/schema\/logo\/image\/\"}},{\"@type\":\"Person\",\"@id\":\"https:\/\/vieassociative.be\/actualites\/#\/schema\/person\/b87ac4f82f9d4e7b7cec7395b679edc4\",\"name\":\"Julien\",\"image\":{\"@type\":\"ImageObject\",\"inLanguage\":\"fr-BE\",\"@id\":\"https:\/\/vieassociative.be\/actualites\/#\/schema\/person\/image\/\",\"url\":\"https:\/\/vieassociative.be\/actualites\/wp-content\/uploads\/2024\/09\/vie-associative-1-150x150.jpg\",\"contentUrl\":\"https:\/\/vieassociative.be\/actualites\/wp-content\/uploads\/2024\/09\/vie-associative-1-150x150.jpg\",\"caption\":\"Julien\"},\"description\":\"Je suis Julien, r\u00e9dacteur pour Vie Associative. Passionn\u00e9 par le monde associatif depuis plus de 10 ans, j'ai \u00e0 c\u0153ur de partager des histoires inspirantes et de mettre en lumi\u00e8re les initiatives locales. Mon objectif est de sensibiliser et d'encourager l'engagement communautaire \u00e0 travers mes articles.\",\"sameAs\":[\"https:\/\/vieassociative.be\/\"]}]}<\/script>\n<!-- \/ Yoast SEO plugin. -->","yoast_head_json":{"title":"Le guide des adultes hors de contact sur la culture des enfants: Mois international des femmes | Vie Associative","robots":{"index":"index","follow":"follow","max-snippet":"max-snippet:-1","max-image-preview":"max-image-preview:large","max-video-preview":"max-video-preview:-1"},"canonical":"https:\/\/vieassociative.be\/actualites\/le-guide-des-adultes-hors-de-contact-sur-la-culture-des-enfants-mois-international-des-femmes\/","og_locale":"fr_FR","og_type":"article","og_title":"Le guide des adultes hors de contact sur la culture des enfants: Mois international des femmes | Vie Associative","og_description":"Je v\u00e9rifie les coins centr\u00e9s sur les femmes de Reddit, et j&rsquo;\u00e9coute Doechii et \u00ab\u00a0Appelez son papa\u00a0\u00bb, entre autres. Le samedi 8 mars \u00e9tait la","og_url":"https:\/\/vieassociative.be\/actualites\/le-guide-des-adultes-hors-de-contact-sur-la-culture-des-enfants-mois-international-des-femmes\/","og_site_name":"Vie Associative","article_published_time":"2025-03-10T13:17:35+00:00","og_image":[{"width":279,"height":92,"url":"https:\/\/vieassociative.be\/actualites\/wp-content\/uploads\/2024\/09\/header_backgroundk-01-e1726694325946.png","type":"image\/png"}],"author":"Julien","twitter_card":"summary_large_image","twitter_misc":{"\u00c9crit par":"Julien","Dur\u00e9e de lecture est.":"6 minutes"},"schema":{"@context":"https:\/\/schema.org","@graph":[{"@type":"Article","@id":"https:\/\/vieassociative.be\/actualites\/le-guide-des-adultes-hors-de-contact-sur-la-culture-des-enfants-mois-international-des-femmes\/#article","isPartOf":{"@id":"https:\/\/vieassociative.be\/actualites\/le-guide-des-adultes-hors-de-contact-sur-la-culture-des-enfants-mois-international-des-femmes\/"},"author":{"name":"Julien","@id":"https:\/\/vieassociative.be\/actualites\/#\/schema\/person\/b87ac4f82f9d4e7b7cec7395b679edc4"},"headline":"Le guide des adultes hors de contact sur la culture des enfants: Mois international des femmes","datePublished":"2025-03-10T13:17:35+00:00","dateModified":"2025-03-10T13:17:35+00:00","mainEntityOfPage":{"@id":"https:\/\/vieassociative.be\/actualites\/le-guide-des-adultes-hors-de-contact-sur-la-culture-des-enfants-mois-international-des-femmes\/"},"wordCount":1367,"publisher":{"@id":"https:\/\/vieassociative.be\/actualites\/#organization"},"image":{"@id":"https:\/\/vieassociative.be\/actualites\/le-guide-des-adultes-hors-de-contact-sur-la-culture-des-enfants-mois-international-des-femmes\/#primaryimage"},"thumbnailUrl":"https:\/\/vieassociative.be\/actualites\/wp-content\/uploads\/2025\/03\/Le-guide-des-adultes-hors-de-contact-sur-la-culture.jpg","keywords":["adultes","contact","culture","Des","enfants","femmes","Guide","hors","international","mois","sur"],"articleSection":["Divertissement"],"inLanguage":"fr-BE"},{"@type":"WebPage","@id":"https:\/\/vieassociative.be\/actualites\/le-guide-des-adultes-hors-de-contact-sur-la-culture-des-enfants-mois-international-des-femmes\/","url":"https:\/\/vieassociative.be\/actualites\/le-guide-des-adultes-hors-de-contact-sur-la-culture-des-enfants-mois-international-des-femmes\/","name":"Le guide des adultes hors de contact sur la culture des enfants: Mois international des femmes | Vie Associative","isPartOf":{"@id":"https:\/\/vieassociative.be\/actualites\/#website"},"primaryImageOfPage":{"@id":"https:\/\/vieassociative.be\/actualites\/le-guide-des-adultes-hors-de-contact-sur-la-culture-des-enfants-mois-international-des-femmes\/#primaryimage"},"image":{"@id":"https:\/\/vieassociative.be\/actualites\/le-guide-des-adultes-hors-de-contact-sur-la-culture-des-enfants-mois-international-des-femmes\/#primaryimage"},"thumbnailUrl":"https:\/\/vieassociative.be\/actualites\/wp-content\/uploads\/2025\/03\/Le-guide-des-adultes-hors-de-contact-sur-la-culture.jpg","datePublished":"2025-03-10T13:17:35+00:00","dateModified":"2025-03-10T13:17:35+00:00","breadcrumb":{"@id":"https:\/\/vieassociative.be\/actualites\/le-guide-des-adultes-hors-de-contact-sur-la-culture-des-enfants-mois-international-des-femmes\/#breadcrumb"},"inLanguage":"fr-BE","potentialAction":[{"@type":"ReadAction","target":["https:\/\/vieassociative.be\/actualites\/le-guide-des-adultes-hors-de-contact-sur-la-culture-des-enfants-mois-international-des-femmes\/"]}]},{"@type":"ImageObject","inLanguage":"fr-BE","@id":"https:\/\/vieassociative.be\/actualites\/le-guide-des-adultes-hors-de-contact-sur-la-culture-des-enfants-mois-international-des-femmes\/#primaryimage","url":"https:\/\/vieassociative.be\/actualites\/wp-content\/uploads\/2025\/03\/Le-guide-des-adultes-hors-de-contact-sur-la-culture.jpg","contentUrl":"https:\/\/vieassociative.be\/actualites\/wp-content\/uploads\/2025\/03\/Le-guide-des-adultes-hors-de-contact-sur-la-culture.jpg","width":1200,"height":675,"caption":"Le guide des adultes hors de contact sur la culture des enfants: Mois international des femmes"},{"@type":"BreadcrumbList","@id":"https:\/\/vieassociative.be\/actualites\/le-guide-des-adultes-hors-de-contact-sur-la-culture-des-enfants-mois-international-des-femmes\/#breadcrumb","itemListElement":[{"@type":"ListItem","position":1,"name":"Accueil","item":"https:\/\/vieassociative.be\/actualites\/"},{"@type":"ListItem","position":2,"name":"Le guide des adultes hors de contact sur la culture des enfants: Mois international des femmes"}]},{"@type":"WebSite","@id":"https:\/\/vieassociative.be\/actualites\/#website","url":"https:\/\/vieassociative.be\/actualites\/","name":"Vie Associative","description":"","publisher":{"@id":"https:\/\/vieassociative.be\/actualites\/#organization"},"potentialAction":[{"@type":"SearchAction","target":{"@type":"EntryPoint","urlTemplate":"https:\/\/vieassociative.be\/actualites\/?s={search_term_string}"},"query-input":{"@type":"PropertyValueSpecification","valueRequired":true,"valueName":"search_term_string"}}],"inLanguage":"fr-BE"},{"@type":"Organization","@id":"https:\/\/vieassociative.be\/actualites\/#organization","name":"Vie Associative","url":"https:\/\/vieassociative.be\/actualites\/","logo":{"@type":"ImageObject","inLanguage":"fr-BE","@id":"https:\/\/vieassociative.be\/actualites\/#\/schema\/logo\/image\/","url":"https:\/\/vieassociative.be\/actualites\/wp-content\/uploads\/2024\/09\/cropped-vieassociative_favicon.ico.png","contentUrl":"https:\/\/vieassociative.be\/actualites\/wp-content\/uploads\/2024\/09\/cropped-vieassociative_favicon.ico.png","width":512,"height":512,"caption":"Vie Associative"},"image":{"@id":"https:\/\/vieassociative.be\/actualites\/#\/schema\/logo\/image\/"}},{"@type":"Person","@id":"https:\/\/vieassociative.be\/actualites\/#\/schema\/person\/b87ac4f82f9d4e7b7cec7395b679edc4","name":"Julien","image":{"@type":"ImageObject","inLanguage":"fr-BE","@id":"https:\/\/vieassociative.be\/actualites\/#\/schema\/person\/image\/","url":"https:\/\/vieassociative.be\/actualites\/wp-content\/uploads\/2024\/09\/vie-associative-1-150x150.jpg","contentUrl":"https:\/\/vieassociative.be\/actualites\/wp-content\/uploads\/2024\/09\/vie-associative-1-150x150.jpg","caption":"Julien"},"description":"Je suis Julien, r\u00e9dacteur pour Vie Associative. Passionn\u00e9 par le monde associatif depuis plus de 10 ans, j'ai \u00e0 c\u0153ur de partager des histoires inspirantes et de mettre en lumi\u00e8re les initiatives locales. Mon objectif est de sensibiliser et d'encourager l'engagement communautaire \u00e0 travers mes articles.","sameAs":["https:\/\/vieassociative.be\/"]}]}},"_links":{"self":[{"href":"https:\/\/vieassociative.be\/actualites\/wp-json\/wp\/v2\/posts\/5768"}],"collection":[{"href":"https:\/\/vieassociative.be\/actualites\/wp-json\/wp\/v2\/posts"}],"about":[{"href":"https:\/\/vieassociative.be\/actualites\/wp-json\/wp\/v2\/types\/post"}],"author":[{"embeddable":true,"href":"https:\/\/vieassociative.be\/actualites\/wp-json\/wp\/v2\/users\/1"}],"replies":[{"embeddable":true,"href":"https:\/\/vieassociative.be\/actualites\/wp-json\/wp\/v2\/comments?post=5768"}],"version-history":[{"count":0,"href":"https:\/\/vieassociative.be\/actualites\/wp-json\/wp\/v2\/posts\/5768\/revisions"}],"wp:featuredmedia":[{"embeddable":true,"href":"https:\/\/vieassociative.be\/actualites\/wp-json\/wp\/v2\/media\/5769"}],"wp:attachment":[{"href":"https:\/\/vieassociative.be\/actualites\/wp-json\/wp\/v2\/media?parent=5768"}],"wp:term":[{"taxonomy":"category","embeddable":true,"href":"https:\/\/vieassociative.be\/actualites\/wp-json\/wp\/v2\/categories?post=5768"},{"taxonomy":"post_tag","embeddable":true,"href":"https:\/\/vieassociative.be\/actualites\/wp-json\/wp\/v2\/tags?post=5768"}],"curies":[{"name":"wp","href":"https:\/\/api.w.org\/{rel}","templated":true}]}}