{"id":5760,"date":"2025-03-10T03:17:08","date_gmt":"2025-03-10T02:17:08","guid":{"rendered":"https:\/\/vieassociative.be\/actualites\/lavenir-de-lagriculture-le-commissaire-de-lue-christophe-hansen-en-tant-quinvite-en-belgique-oriental\/"},"modified":"2025-03-10T03:17:08","modified_gmt":"2025-03-10T02:17:08","slug":"lavenir-de-lagriculture-le-commissaire-de-lue-christophe-hansen-en-tant-quinvite-en-belgique-oriental","status":"publish","type":"post","link":"https:\/\/vieassociative.be\/actualites\/lavenir-de-lagriculture-le-commissaire-de-lue-christophe-hansen-en-tant-quinvite-en-belgique-oriental\/","title":{"rendered":"L&rsquo;avenir de l&rsquo;agriculture: le commissaire de l&rsquo;UE Christophe Hansen en tant qu&rsquo;invit\u00e9 en Belgique oriental"},"content":{"rendered":"<p><strong>Le commissaire de l&rsquo;UE, Christophe Hansen, responsable de l&rsquo;agriculture sera un invit\u00e9 en Belgique oriental le vendredi 14 mars 2025 pour pr\u00e9senter sa vision sur l&rsquo;avenir de l&rsquo;agriculture dans l&rsquo;Union europ\u00e9enne dans le cadre d&rsquo;un \u00e9v\u00e9nement public.<\/strong><\/p>\n<p><span id=\"more-410890\"><\/span>De l&rsquo;avis du d\u00e9put\u00e9 de l&rsquo;UE Belge de l&rsquo;Est Pascal Arimont (CSP \/ EPP), visiter le commissaire de 43 ans est une excellente occasion d&rsquo;\u00e9lever les \u00e9l\u00e9ments qui sont importants pour la r\u00e9gion frontali\u00e8re locale avant m\u00eame que la nouvelle politique agricole conjointe (GAP) ne soit d\u00e9velopp\u00e9e. \u00ab\u00a0Le 14 mars, nous soulignerons comment nous pouvons am\u00e9liorer la politique agricole europ\u00e9enne au sens de notre r\u00e9gion d&rsquo;origine\u00a0\u00bb, a d\u00e9clar\u00e9 Arimont.<\/p>\n<div id=\"attachment_410895\" class=\"wp-caption alignleft\" style=\"max-width: 240px\"><img fetchpriority=\"high\" decoding=\"async\" class=\"wp-image-410895 size-medium\" src=\"https:\/\/vieassociative.be\/actualites\/wp-content\/uploads\/2025\/03\/Lavenir-de-lagriculture-le-commissaire-de-lUE-Christophe-Hansen-en.jpg\" alt=\"\" width=\"240\" height=\"300\"><\/p>\n<p class=\"wp-caption-text\">Christophe Hansen (L) et Pascal Arimint. Source: (c) Eppgroup-mlahousse.<\/p>\n<\/div>\n<p>Dans le cadre de sa visite, le Luxembourg pr\u00e9sentera sa vision de l&rsquo;avenir de l&rsquo;agriculture dans l&rsquo;Union europ\u00e9enne lors d&rsquo;un \u00e9v\u00e9nement public dans le Sports and Holiday Center Worren (Hall Mozart) \u00e0 partir de 13 h 50.<\/p>\n<p>La vision que le commissaire pr\u00e9sent\u00e9e \u00e0 la mi-f\u00e9vrier est un horaire ambitieux pour l&rsquo;agriculture europ\u00e9enne, avec laquelle le chemin d&rsquo;un syst\u00e8me agricole et alimentaire comp\u00e9titif, r\u00e9sistant et orient\u00e9 vers l&rsquo;avenir pour les entreprises agricoles aujourd&rsquo;hui ainsi que les g\u00e9n\u00e9rations futures est d\u00e9crite.<\/p>\n<p>Selon la pr\u00e9sentation de la vision, le commissaire de l&rsquo;UE discute des d\u00e9fis transfrontaliers de l&rsquo;agriculture r\u00e9gionale avec des repr\u00e9sentants des associations d&rsquo;agriculteurs locaux dans une table ronde. Il sera \u00e9galement en mesure de traiter directement les questions du public.<\/p>\n<p>Tous les citoyens int\u00e9ress\u00e9s sont invit\u00e9s \u00e0 l&rsquo;\u00e9v\u00e9nement! Il est invit\u00e9 \u00e0 s&rsquo;inscrire \u00e0 <u>www.bauernbund.be<\/u><\/p>\n<p><strong>&#8211; Quand?<\/strong> Le vendredi 14 mars, de 13 h 50 \u00e0 16 h<\/p>\n<p><strong>&#8211; O\u00f9?<\/strong> MOZARTSAAL- Centre des sports et des f\u00eates Worriken, B\u00fctgenbach<\/p>\n","protected":false},"excerpt":{"rendered":"<p>Le commissaire de l&rsquo;UE, Christophe Hansen, responsable de l&rsquo;agriculture sera un invit\u00e9 en Belgique oriental le vendredi 14 mars 2025 pour pr\u00e9senter sa vision sur<\/p>\n","protected":false},"author":1,"featured_media":5761,"comment_status":"","ping_status":"","sticky":false,"template":"","format":"standard","meta":{"footnotes":""},"categories":[298],"tags":[383,5766,5765,5767,5764,2274,3578,5769,5768,1745],"class_list":["post-5760","post","type-post","status-publish","format-standard","has-post-thumbnail","hentry","category-belgique","tag-belgique","tag-christophe","tag-commissaire","tag-hansen","tag-lagriculture","tag-lavenir","tag-lue","tag-oriental","tag-quinvite","tag-tant","generate-columns","tablet-grid-50","mobile-grid-100","grid-parent","grid-33"],"yoast_head":"<!-- This site is optimized with the Yoast SEO plugin v24.0 - https:\/\/yoast.com\/wordpress\/plugins\/seo\/ -->\n<title>L&#039;avenir de l&#039;agriculture: le commissaire de l&#039;UE Christophe Hansen en tant qu&#039;invit\u00e9 en Belgique oriental | Vie Associative<\/title>\n<meta name=\"robots\" content=\"index, follow, max-snippet:-1, max-image-preview:large, max-video-preview:-1\" \/>\n<link rel=\"canonical\" href=\"https:\/\/vieassociative.be\/actualites\/lavenir-de-lagriculture-le-commissaire-de-lue-christophe-hansen-en-tant-quinvite-en-belgique-oriental\/\" \/>\n<meta property=\"og:locale\" content=\"fr_FR\" \/>\n<meta property=\"og:type\" content=\"article\" \/>\n<meta property=\"og:title\" content=\"L&#039;avenir de l&#039;agriculture: le commissaire de l&#039;UE Christophe Hansen en tant qu&#039;invit\u00e9 en Belgique oriental | Vie Associative\" \/>\n<meta property=\"og:description\" content=\"Le commissaire de l&rsquo;UE, Christophe Hansen, responsable de l&rsquo;agriculture sera un invit\u00e9 en Belgique oriental le vendredi 14 mars 2025 pour pr\u00e9senter sa vision sur\" \/>\n<meta property=\"og:url\" content=\"https:\/\/vieassociative.be\/actualites\/lavenir-de-lagriculture-le-commissaire-de-lue-christophe-hansen-en-tant-quinvite-en-belgique-oriental\/\" \/>\n<meta property=\"og:site_name\" content=\"Vie Associative\" \/>\n<meta property=\"article:published_time\" content=\"2025-03-10T02:17:08+00:00\" \/>\n<meta property=\"og:image\" content=\"https:\/\/vieassociative.be\/actualites\/wp-content\/uploads\/2024\/09\/header_backgroundk-01-e1726694325946.png\" \/>\n\t<meta property=\"og:image:width\" content=\"279\" \/>\n\t<meta property=\"og:image:height\" content=\"92\" \/>\n\t<meta property=\"og:image:type\" content=\"image\/png\" \/>\n<meta name=\"author\" content=\"Julien\" \/>\n<meta name=\"twitter:card\" content=\"summary_large_image\" \/>\n<meta name=\"twitter:label1\" content=\"\u00c9crit par\" \/>\n\t<meta name=\"twitter:data1\" content=\"Julien\" \/>\n\t<meta name=\"twitter:label2\" content=\"Dur\u00e9e de lecture est.\" \/>\n\t<meta name=\"twitter:data2\" content=\"1 minute\" \/>\n<script type=\"application\/ld+json\" class=\"yoast-schema-graph\">{\"@context\":\"https:\/\/schema.org\",\"@graph\":[{\"@type\":\"Article\",\"@id\":\"https:\/\/vieassociative.be\/actualites\/lavenir-de-lagriculture-le-commissaire-de-lue-christophe-hansen-en-tant-quinvite-en-belgique-oriental\/#article\",\"isPartOf\":{\"@id\":\"https:\/\/vieassociative.be\/actualites\/lavenir-de-lagriculture-le-commissaire-de-lue-christophe-hansen-en-tant-quinvite-en-belgique-oriental\/\"},\"author\":{\"name\":\"Julien\",\"@id\":\"https:\/\/vieassociative.be\/actualites\/#\/schema\/person\/b87ac4f82f9d4e7b7cec7395b679edc4\"},\"headline\":\"L&rsquo;avenir de l&rsquo;agriculture: le commissaire de l&rsquo;UE Christophe Hansen en tant qu&rsquo;invit\u00e9 en Belgique oriental\",\"datePublished\":\"2025-03-10T02:17:08+00:00\",\"dateModified\":\"2025-03-10T02:17:08+00:00\",\"mainEntityOfPage\":{\"@id\":\"https:\/\/vieassociative.be\/actualites\/lavenir-de-lagriculture-le-commissaire-de-lue-christophe-hansen-en-tant-quinvite-en-belgique-oriental\/\"},\"wordCount\":339,\"publisher\":{\"@id\":\"https:\/\/vieassociative.be\/actualites\/#organization\"},\"image\":{\"@id\":\"https:\/\/vieassociative.be\/actualites\/lavenir-de-lagriculture-le-commissaire-de-lue-christophe-hansen-en-tant-quinvite-en-belgique-oriental\/#primaryimage\"},\"thumbnailUrl\":\"https:\/\/vieassociative.be\/actualites\/wp-content\/uploads\/2025\/03\/Lavenir-de-lagriculture-le-commissaire-de-lUE-Christophe-Hansen-en.jpeg\",\"keywords\":[\"Belgique\",\"Christophe\",\"commissaire\",\"Hansen\",\"lagriculture\",\"lavenir\",\"LUE\",\"oriental\",\"quinvit\u00e9\",\"tant\"],\"articleSection\":[\"Belgique\"],\"inLanguage\":\"fr-BE\"},{\"@type\":\"WebPage\",\"@id\":\"https:\/\/vieassociative.be\/actualites\/lavenir-de-lagriculture-le-commissaire-de-lue-christophe-hansen-en-tant-quinvite-en-belgique-oriental\/\",\"url\":\"https:\/\/vieassociative.be\/actualites\/lavenir-de-lagriculture-le-commissaire-de-lue-christophe-hansen-en-tant-quinvite-en-belgique-oriental\/\",\"name\":\"L'avenir de l'agriculture: le commissaire de l'UE Christophe Hansen en tant qu'invit\u00e9 en Belgique oriental | Vie Associative\",\"isPartOf\":{\"@id\":\"https:\/\/vieassociative.be\/actualites\/#website\"},\"primaryImageOfPage\":{\"@id\":\"https:\/\/vieassociative.be\/actualites\/lavenir-de-lagriculture-le-commissaire-de-lue-christophe-hansen-en-tant-quinvite-en-belgique-oriental\/#primaryimage\"},\"image\":{\"@id\":\"https:\/\/vieassociative.be\/actualites\/lavenir-de-lagriculture-le-commissaire-de-lue-christophe-hansen-en-tant-quinvite-en-belgique-oriental\/#primaryimage\"},\"thumbnailUrl\":\"https:\/\/vieassociative.be\/actualites\/wp-content\/uploads\/2025\/03\/Lavenir-de-lagriculture-le-commissaire-de-lUE-Christophe-Hansen-en.jpeg\",\"datePublished\":\"2025-03-10T02:17:08+00:00\",\"dateModified\":\"2025-03-10T02:17:08+00:00\",\"breadcrumb\":{\"@id\":\"https:\/\/vieassociative.be\/actualites\/lavenir-de-lagriculture-le-commissaire-de-lue-christophe-hansen-en-tant-quinvite-en-belgique-oriental\/#breadcrumb\"},\"inLanguage\":\"fr-BE\",\"potentialAction\":[{\"@type\":\"ReadAction\",\"target\":[\"https:\/\/vieassociative.be\/actualites\/lavenir-de-lagriculture-le-commissaire-de-lue-christophe-hansen-en-tant-quinvite-en-belgique-oriental\/\"]}]},{\"@type\":\"ImageObject\",\"inLanguage\":\"fr-BE\",\"@id\":\"https:\/\/vieassociative.be\/actualites\/lavenir-de-lagriculture-le-commissaire-de-lue-christophe-hansen-en-tant-quinvite-en-belgique-oriental\/#primaryimage\",\"url\":\"https:\/\/vieassociative.be\/actualites\/wp-content\/uploads\/2025\/03\/Lavenir-de-lagriculture-le-commissaire-de-lUE-Christophe-Hansen-en.jpeg\",\"contentUrl\":\"https:\/\/vieassociative.be\/actualites\/wp-content\/uploads\/2025\/03\/Lavenir-de-lagriculture-le-commissaire-de-lUE-Christophe-Hansen-en.jpeg\",\"width\":500,\"height\":334,\"caption\":\"L'avenir de l'agriculture: le commissaire de l'UE Christophe Hansen en tant qu'invit\u00e9 en Belgique oriental\"},{\"@type\":\"BreadcrumbList\",\"@id\":\"https:\/\/vieassociative.be\/actualites\/lavenir-de-lagriculture-le-commissaire-de-lue-christophe-hansen-en-tant-quinvite-en-belgique-oriental\/#breadcrumb\",\"itemListElement\":[{\"@type\":\"ListItem\",\"position\":1,\"name\":\"Accueil\",\"item\":\"https:\/\/vieassociative.be\/actualites\/\"},{\"@type\":\"ListItem\",\"position\":2,\"name\":\"L&rsquo;avenir de l&rsquo;agriculture: le commissaire de l&rsquo;UE Christophe Hansen en tant qu&rsquo;invit\u00e9 en Belgique oriental\"}]},{\"@type\":\"WebSite\",\"@id\":\"https:\/\/vieassociative.be\/actualites\/#website\",\"url\":\"https:\/\/vieassociative.be\/actualites\/\",\"name\":\"Vie Associative\",\"description\":\"\",\"publisher\":{\"@id\":\"https:\/\/vieassociative.be\/actualites\/#organization\"},\"potentialAction\":[{\"@type\":\"SearchAction\",\"target\":{\"@type\":\"EntryPoint\",\"urlTemplate\":\"https:\/\/vieassociative.be\/actualites\/?s={search_term_string}\"},\"query-input\":{\"@type\":\"PropertyValueSpecification\",\"valueRequired\":true,\"valueName\":\"search_term_string\"}}],\"inLanguage\":\"fr-BE\"},{\"@type\":\"Organization\",\"@id\":\"https:\/\/vieassociative.be\/actualites\/#organization\",\"name\":\"Vie Associative\",\"url\":\"https:\/\/vieassociative.be\/actualites\/\",\"logo\":{\"@type\":\"ImageObject\",\"inLanguage\":\"fr-BE\",\"@id\":\"https:\/\/vieassociative.be\/actualites\/#\/schema\/logo\/image\/\",\"url\":\"https:\/\/vieassociative.be\/actualites\/wp-content\/uploads\/2024\/09\/cropped-vieassociative_favicon.ico.png\",\"contentUrl\":\"https:\/\/vieassociative.be\/actualites\/wp-content\/uploads\/2024\/09\/cropped-vieassociative_favicon.ico.png\",\"width\":512,\"height\":512,\"caption\":\"Vie Associative\"},\"image\":{\"@id\":\"https:\/\/vieassociative.be\/actualites\/#\/schema\/logo\/image\/\"}},{\"@type\":\"Person\",\"@id\":\"https:\/\/vieassociative.be\/actualites\/#\/schema\/person\/b87ac4f82f9d4e7b7cec7395b679edc4\",\"name\":\"Julien\",\"image\":{\"@type\":\"ImageObject\",\"inLanguage\":\"fr-BE\",\"@id\":\"https:\/\/vieassociative.be\/actualites\/#\/schema\/person\/image\/\",\"url\":\"https:\/\/vieassociative.be\/actualites\/wp-content\/uploads\/2024\/09\/vie-associative-1-150x150.jpg\",\"contentUrl\":\"https:\/\/vieassociative.be\/actualites\/wp-content\/uploads\/2024\/09\/vie-associative-1-150x150.jpg\",\"caption\":\"Julien\"},\"description\":\"Je suis Julien, r\u00e9dacteur pour Vie Associative. Passionn\u00e9 par le monde associatif depuis plus de 10 ans, j'ai \u00e0 c\u0153ur de partager des histoires inspirantes et de mettre en lumi\u00e8re les initiatives locales. Mon objectif est de sensibiliser et d'encourager l'engagement communautaire \u00e0 travers mes articles.\",\"sameAs\":[\"https:\/\/vieassociative.be\/\"]}]}<\/script>\n<!-- \/ Yoast SEO plugin. -->","yoast_head_json":{"title":"L'avenir de l'agriculture: le commissaire de l'UE Christophe Hansen en tant qu'invit\u00e9 en Belgique oriental | Vie Associative","robots":{"index":"index","follow":"follow","max-snippet":"max-snippet:-1","max-image-preview":"max-image-preview:large","max-video-preview":"max-video-preview:-1"},"canonical":"https:\/\/vieassociative.be\/actualites\/lavenir-de-lagriculture-le-commissaire-de-lue-christophe-hansen-en-tant-quinvite-en-belgique-oriental\/","og_locale":"fr_FR","og_type":"article","og_title":"L'avenir de l'agriculture: le commissaire de l'UE Christophe Hansen en tant qu'invit\u00e9 en Belgique oriental | Vie Associative","og_description":"Le commissaire de l&rsquo;UE, Christophe Hansen, responsable de l&rsquo;agriculture sera un invit\u00e9 en Belgique oriental le vendredi 14 mars 2025 pour pr\u00e9senter sa vision sur","og_url":"https:\/\/vieassociative.be\/actualites\/lavenir-de-lagriculture-le-commissaire-de-lue-christophe-hansen-en-tant-quinvite-en-belgique-oriental\/","og_site_name":"Vie Associative","article_published_time":"2025-03-10T02:17:08+00:00","og_image":[{"width":279,"height":92,"url":"https:\/\/vieassociative.be\/actualites\/wp-content\/uploads\/2024\/09\/header_backgroundk-01-e1726694325946.png","type":"image\/png"}],"author":"Julien","twitter_card":"summary_large_image","twitter_misc":{"\u00c9crit par":"Julien","Dur\u00e9e de lecture est.":"1 minute"},"schema":{"@context":"https:\/\/schema.org","@graph":[{"@type":"Article","@id":"https:\/\/vieassociative.be\/actualites\/lavenir-de-lagriculture-le-commissaire-de-lue-christophe-hansen-en-tant-quinvite-en-belgique-oriental\/#article","isPartOf":{"@id":"https:\/\/vieassociative.be\/actualites\/lavenir-de-lagriculture-le-commissaire-de-lue-christophe-hansen-en-tant-quinvite-en-belgique-oriental\/"},"author":{"name":"Julien","@id":"https:\/\/vieassociative.be\/actualites\/#\/schema\/person\/b87ac4f82f9d4e7b7cec7395b679edc4"},"headline":"L&rsquo;avenir de l&rsquo;agriculture: le commissaire de l&rsquo;UE Christophe Hansen en tant qu&rsquo;invit\u00e9 en Belgique oriental","datePublished":"2025-03-10T02:17:08+00:00","dateModified":"2025-03-10T02:17:08+00:00","mainEntityOfPage":{"@id":"https:\/\/vieassociative.be\/actualites\/lavenir-de-lagriculture-le-commissaire-de-lue-christophe-hansen-en-tant-quinvite-en-belgique-oriental\/"},"wordCount":339,"publisher":{"@id":"https:\/\/vieassociative.be\/actualites\/#organization"},"image":{"@id":"https:\/\/vieassociative.be\/actualites\/lavenir-de-lagriculture-le-commissaire-de-lue-christophe-hansen-en-tant-quinvite-en-belgique-oriental\/#primaryimage"},"thumbnailUrl":"https:\/\/vieassociative.be\/actualites\/wp-content\/uploads\/2025\/03\/Lavenir-de-lagriculture-le-commissaire-de-lUE-Christophe-Hansen-en.jpeg","keywords":["Belgique","Christophe","commissaire","Hansen","lagriculture","lavenir","LUE","oriental","quinvit\u00e9","tant"],"articleSection":["Belgique"],"inLanguage":"fr-BE"},{"@type":"WebPage","@id":"https:\/\/vieassociative.be\/actualites\/lavenir-de-lagriculture-le-commissaire-de-lue-christophe-hansen-en-tant-quinvite-en-belgique-oriental\/","url":"https:\/\/vieassociative.be\/actualites\/lavenir-de-lagriculture-le-commissaire-de-lue-christophe-hansen-en-tant-quinvite-en-belgique-oriental\/","name":"L'avenir de l'agriculture: le commissaire de l'UE Christophe Hansen en tant qu'invit\u00e9 en Belgique oriental | Vie Associative","isPartOf":{"@id":"https:\/\/vieassociative.be\/actualites\/#website"},"primaryImageOfPage":{"@id":"https:\/\/vieassociative.be\/actualites\/lavenir-de-lagriculture-le-commissaire-de-lue-christophe-hansen-en-tant-quinvite-en-belgique-oriental\/#primaryimage"},"image":{"@id":"https:\/\/vieassociative.be\/actualites\/lavenir-de-lagriculture-le-commissaire-de-lue-christophe-hansen-en-tant-quinvite-en-belgique-oriental\/#primaryimage"},"thumbnailUrl":"https:\/\/vieassociative.be\/actualites\/wp-content\/uploads\/2025\/03\/Lavenir-de-lagriculture-le-commissaire-de-lUE-Christophe-Hansen-en.jpeg","datePublished":"2025-03-10T02:17:08+00:00","dateModified":"2025-03-10T02:17:08+00:00","breadcrumb":{"@id":"https:\/\/vieassociative.be\/actualites\/lavenir-de-lagriculture-le-commissaire-de-lue-christophe-hansen-en-tant-quinvite-en-belgique-oriental\/#breadcrumb"},"inLanguage":"fr-BE","potentialAction":[{"@type":"ReadAction","target":["https:\/\/vieassociative.be\/actualites\/lavenir-de-lagriculture-le-commissaire-de-lue-christophe-hansen-en-tant-quinvite-en-belgique-oriental\/"]}]},{"@type":"ImageObject","inLanguage":"fr-BE","@id":"https:\/\/vieassociative.be\/actualites\/lavenir-de-lagriculture-le-commissaire-de-lue-christophe-hansen-en-tant-quinvite-en-belgique-oriental\/#primaryimage","url":"https:\/\/vieassociative.be\/actualites\/wp-content\/uploads\/2025\/03\/Lavenir-de-lagriculture-le-commissaire-de-lUE-Christophe-Hansen-en.jpeg","contentUrl":"https:\/\/vieassociative.be\/actualites\/wp-content\/uploads\/2025\/03\/Lavenir-de-lagriculture-le-commissaire-de-lUE-Christophe-Hansen-en.jpeg","width":500,"height":334,"caption":"L'avenir de l'agriculture: le commissaire de l'UE Christophe Hansen en tant qu'invit\u00e9 en Belgique oriental"},{"@type":"BreadcrumbList","@id":"https:\/\/vieassociative.be\/actualites\/lavenir-de-lagriculture-le-commissaire-de-lue-christophe-hansen-en-tant-quinvite-en-belgique-oriental\/#breadcrumb","itemListElement":[{"@type":"ListItem","position":1,"name":"Accueil","item":"https:\/\/vieassociative.be\/actualites\/"},{"@type":"ListItem","position":2,"name":"L&rsquo;avenir de l&rsquo;agriculture: le commissaire de l&rsquo;UE Christophe Hansen en tant qu&rsquo;invit\u00e9 en Belgique oriental"}]},{"@type":"WebSite","@id":"https:\/\/vieassociative.be\/actualites\/#website","url":"https:\/\/vieassociative.be\/actualites\/","name":"Vie Associative","description":"","publisher":{"@id":"https:\/\/vieassociative.be\/actualites\/#organization"},"potentialAction":[{"@type":"SearchAction","target":{"@type":"EntryPoint","urlTemplate":"https:\/\/vieassociative.be\/actualites\/?s={search_term_string}"},"query-input":{"@type":"PropertyValueSpecification","valueRequired":true,"valueName":"search_term_string"}}],"inLanguage":"fr-BE"},{"@type":"Organization","@id":"https:\/\/vieassociative.be\/actualites\/#organization","name":"Vie Associative","url":"https:\/\/vieassociative.be\/actualites\/","logo":{"@type":"ImageObject","inLanguage":"fr-BE","@id":"https:\/\/vieassociative.be\/actualites\/#\/schema\/logo\/image\/","url":"https:\/\/vieassociative.be\/actualites\/wp-content\/uploads\/2024\/09\/cropped-vieassociative_favicon.ico.png","contentUrl":"https:\/\/vieassociative.be\/actualites\/wp-content\/uploads\/2024\/09\/cropped-vieassociative_favicon.ico.png","width":512,"height":512,"caption":"Vie Associative"},"image":{"@id":"https:\/\/vieassociative.be\/actualites\/#\/schema\/logo\/image\/"}},{"@type":"Person","@id":"https:\/\/vieassociative.be\/actualites\/#\/schema\/person\/b87ac4f82f9d4e7b7cec7395b679edc4","name":"Julien","image":{"@type":"ImageObject","inLanguage":"fr-BE","@id":"https:\/\/vieassociative.be\/actualites\/#\/schema\/person\/image\/","url":"https:\/\/vieassociative.be\/actualites\/wp-content\/uploads\/2024\/09\/vie-associative-1-150x150.jpg","contentUrl":"https:\/\/vieassociative.be\/actualites\/wp-content\/uploads\/2024\/09\/vie-associative-1-150x150.jpg","caption":"Julien"},"description":"Je suis Julien, r\u00e9dacteur pour Vie Associative. Passionn\u00e9 par le monde associatif depuis plus de 10 ans, j'ai \u00e0 c\u0153ur de partager des histoires inspirantes et de mettre en lumi\u00e8re les initiatives locales. Mon objectif est de sensibiliser et d'encourager l'engagement communautaire \u00e0 travers mes articles.","sameAs":["https:\/\/vieassociative.be\/"]}]}},"_links":{"self":[{"href":"https:\/\/vieassociative.be\/actualites\/wp-json\/wp\/v2\/posts\/5760"}],"collection":[{"href":"https:\/\/vieassociative.be\/actualites\/wp-json\/wp\/v2\/posts"}],"about":[{"href":"https:\/\/vieassociative.be\/actualites\/wp-json\/wp\/v2\/types\/post"}],"author":[{"embeddable":true,"href":"https:\/\/vieassociative.be\/actualites\/wp-json\/wp\/v2\/users\/1"}],"replies":[{"embeddable":true,"href":"https:\/\/vieassociative.be\/actualites\/wp-json\/wp\/v2\/comments?post=5760"}],"version-history":[{"count":0,"href":"https:\/\/vieassociative.be\/actualites\/wp-json\/wp\/v2\/posts\/5760\/revisions"}],"wp:featuredmedia":[{"embeddable":true,"href":"https:\/\/vieassociative.be\/actualites\/wp-json\/wp\/v2\/media\/5761"}],"wp:attachment":[{"href":"https:\/\/vieassociative.be\/actualites\/wp-json\/wp\/v2\/media?parent=5760"}],"wp:term":[{"taxonomy":"category","embeddable":true,"href":"https:\/\/vieassociative.be\/actualites\/wp-json\/wp\/v2\/categories?post=5760"},{"taxonomy":"post_tag","embeddable":true,"href":"https:\/\/vieassociative.be\/actualites\/wp-json\/wp\/v2\/tags?post=5760"}],"curies":[{"name":"wp","href":"https:\/\/api.w.org\/{rel}","templated":true}]}}