{"id":5753,"date":"2025-03-09T21:17:00","date_gmt":"2025-03-09T20:17:00","guid":{"rendered":"https:\/\/vieassociative.be\/actualites\/la-dg-sera-t-elle-bientot-responsable-des-permis-environnementaux-maeur-acterieur-a-la-recherche-a-la-recherche-de-mp-dolimont\/"},"modified":"2025-03-09T21:17:00","modified_gmt":"2025-03-09T20:17:00","slug":"la-dg-sera-t-elle-bientot-responsable-des-permis-environnementaux-maeur-acterieur-a-la-recherche-a-la-recherche-de-mp-dolimont","status":"publish","type":"post","link":"https:\/\/vieassociative.be\/actualites\/la-dg-sera-t-elle-bientot-responsable-des-permis-environnementaux-maeur-acterieur-a-la-recherche-a-la-recherche-de-mp-dolimont\/","title":{"rendered":"La DG sera-t-elle bient\u00f4t responsable des permis environnementaux? MAEUR ACT\u00c9RIEUR \u00c0 LA RECHERCHE \u00c0 LA RECHERCHE DE MP DOLIMONT"},"content":{"rendered":"<p><strong>Au plus tard depuis le transfert de la responsabilit\u00e9 de la planification spatiale de la r\u00e9gion de Walloon \u00e0 la DG, les soci\u00e9t\u00e9s belges orientales ont voulu simplifier les proc\u00e9dures administratives pour les permis de construction. \u00ab\u00a0Cela pourrait bient\u00f4t devenir une r\u00e9alit\u00e9, et c&rsquo;est une excellente nouvelle\u00a0\u00bb, explique Christine Mauuel (MR \/ PFF), qui a demand\u00e9 au Premier ministre wallon Adrien Adrien Dolimont (MR).<\/strong><\/p>\n<p><span id=\"more-410915\"><\/span>Dans sa lettre de r\u00e9ponse au d\u00e9put\u00e9 de Belge oriental, Dolimont confirme que des discussions sont d\u00e9j\u00e0 en cours et qu&rsquo;un groupe de travail mixte a \u00e9t\u00e9 utilis\u00e9. <\/p>\n<p>MAUEL: \u00abDans quelques mois, il veut mettre le sujet \u00e0 l&rsquo;ordre du jour du gouvernement wallon. Selon Dolimont, une transmission partielle des comp\u00e9tences est pr\u00e9vue en termes de permis environnemental. Selon le Premier ministre, il y a eu des difficult\u00e9s de traduction, entre autres. \u00bb<\/p>\n<\/p>\n<div id=\"attachment_356444\" class=\"wp-caption alignleft\" style=\"max-width: 300px\"><img fetchpriority=\"high\" decoding=\"async\" class=\"wp-image-356444 size-medium\" src=\"https:\/\/vieassociative.be\/actualites\/wp-content\/uploads\/2025\/03\/La-DG-sera-t-elle-bientot-responsable-des-permis-environnementaux-MAEUR-ACTERIEUR.jpg\" alt=\"\" width=\"300\" height=\"198\"  ><\/p>\n<p class=\"wp-caption-text\">Le d\u00e9put\u00e9 r\u00e9gional de Belge oriental au Parlement wallon, Christine Mauuel. Photo: PFF \/ MR<\/p>\n<\/div>\n<p>Dolimont a confirm\u00e9, selon Mauuel, qu&rsquo;il faisait partie de la d\u00e9claration gouvernementale de la nouvelle majorit\u00e9 des MR et les Engages \u00e0 Namur pour exploiter les synergies avec le DG, entre autres, pour r\u00e9duire l&rsquo;effort administratif pour les citoyens. Il a d\u00e9j\u00e0 eu plusieurs fois et se rencontrera \u00abaussi souvent que n\u00e9cessaire sur divers sujets\u00bb avec son coll\u00e8gue DG Oliver Paasch (Prodg).<\/p>\n<p>Mauuel accueille la bonne coop\u00e9ration entre Namur et Eupen. \u00abIl a toujours \u00e9t\u00e9 une entreprise pour le MR et le PFF pour r\u00e9duire la bureaucratie et simplifier les proc\u00e9dures. Cela se fait ici dans un domaine important, \u00e0 savoir lors de la mise en place ou de l&rsquo;expansion des soci\u00e9t\u00e9s belges orientales. Nous avons besoin de cette croissance \u00e9conomique dans la situation difficile dans laquelle nous nous trouvons actuellement \u00bb, conclut Christine Mauuel. (Cre)<\/p>\n","protected":false},"excerpt":{"rendered":"<p>Au plus tard depuis le transfert de la responsabilit\u00e9 de la planification spatiale de la r\u00e9gion de Walloon \u00e0 la DG, les soci\u00e9t\u00e9s belges orientales<\/p>\n","protected":false},"author":1,"featured_media":5754,"comment_status":"","ping_status":"","sticky":false,"template":"","format":"standard","meta":{"footnotes":""},"categories":[298],"tags":[5761,2550,29,5762,5759,5760,4743,718,2019,5758],"class_list":["post-5753","post","type-post","status-publish","format-standard","has-post-thumbnail","hentry","category-belgique","tag-acterieur","tag-bientot","tag-des","tag-dolimont","tag-environnementaux","tag-maeur","tag-permis","tag-recherche","tag-responsable","tag-seratelle","generate-columns","tablet-grid-50","mobile-grid-100","grid-parent","grid-33"],"yoast_head":"<!-- This site is optimized with the Yoast SEO plugin v24.0 - https:\/\/yoast.com\/wordpress\/plugins\/seo\/ -->\n<title>La DG sera-t-elle bient\u00f4t responsable des permis environnementaux? MAEUR ACT\u00c9RIEUR \u00c0 LA RECHERCHE \u00c0 LA RECHERCHE DE MP DOLIMONT | Vie Associative<\/title>\n<meta name=\"robots\" content=\"index, follow, max-snippet:-1, max-image-preview:large, max-video-preview:-1\" \/>\n<link rel=\"canonical\" href=\"https:\/\/vieassociative.be\/actualites\/la-dg-sera-t-elle-bientot-responsable-des-permis-environnementaux-maeur-acterieur-a-la-recherche-a-la-recherche-de-mp-dolimont\/\" \/>\n<meta property=\"og:locale\" content=\"fr_FR\" \/>\n<meta property=\"og:type\" content=\"article\" \/>\n<meta property=\"og:title\" content=\"La DG sera-t-elle bient\u00f4t responsable des permis environnementaux? MAEUR ACT\u00c9RIEUR \u00c0 LA RECHERCHE \u00c0 LA RECHERCHE DE MP DOLIMONT | Vie Associative\" \/>\n<meta property=\"og:description\" content=\"Au plus tard depuis le transfert de la responsabilit\u00e9 de la planification spatiale de la r\u00e9gion de Walloon \u00e0 la DG, les soci\u00e9t\u00e9s belges orientales\" \/>\n<meta property=\"og:url\" content=\"https:\/\/vieassociative.be\/actualites\/la-dg-sera-t-elle-bientot-responsable-des-permis-environnementaux-maeur-acterieur-a-la-recherche-a-la-recherche-de-mp-dolimont\/\" \/>\n<meta property=\"og:site_name\" content=\"Vie Associative\" \/>\n<meta property=\"article:published_time\" content=\"2025-03-09T20:17:00+00:00\" \/>\n<meta property=\"og:image\" content=\"https:\/\/vieassociative.be\/actualites\/wp-content\/uploads\/2024\/09\/header_backgroundk-01-e1726694325946.png\" \/>\n\t<meta property=\"og:image:width\" content=\"279\" \/>\n\t<meta property=\"og:image:height\" content=\"92\" \/>\n\t<meta property=\"og:image:type\" content=\"image\/png\" \/>\n<meta name=\"author\" content=\"Julien\" \/>\n<meta name=\"twitter:card\" content=\"summary_large_image\" \/>\n<meta name=\"twitter:label1\" content=\"\u00c9crit par\" \/>\n\t<meta name=\"twitter:data1\" content=\"Julien\" \/>\n\t<meta name=\"twitter:label2\" content=\"Dur\u00e9e de lecture est.\" \/>\n\t<meta name=\"twitter:data2\" content=\"2 minutes\" \/>\n<script type=\"application\/ld+json\" class=\"yoast-schema-graph\">{\"@context\":\"https:\/\/schema.org\",\"@graph\":[{\"@type\":\"Article\",\"@id\":\"https:\/\/vieassociative.be\/actualites\/la-dg-sera-t-elle-bientot-responsable-des-permis-environnementaux-maeur-acterieur-a-la-recherche-a-la-recherche-de-mp-dolimont\/#article\",\"isPartOf\":{\"@id\":\"https:\/\/vieassociative.be\/actualites\/la-dg-sera-t-elle-bientot-responsable-des-permis-environnementaux-maeur-acterieur-a-la-recherche-a-la-recherche-de-mp-dolimont\/\"},\"author\":{\"name\":\"Julien\",\"@id\":\"https:\/\/vieassociative.be\/actualites\/#\/schema\/person\/b87ac4f82f9d4e7b7cec7395b679edc4\"},\"headline\":\"La DG sera-t-elle bient\u00f4t responsable des permis environnementaux? MAEUR ACT\u00c9RIEUR \u00c0 LA RECHERCHE \u00c0 LA RECHERCHE DE MP DOLIMONT\",\"datePublished\":\"2025-03-09T20:17:00+00:00\",\"dateModified\":\"2025-03-09T20:17:00+00:00\",\"mainEntityOfPage\":{\"@id\":\"https:\/\/vieassociative.be\/actualites\/la-dg-sera-t-elle-bientot-responsable-des-permis-environnementaux-maeur-acterieur-a-la-recherche-a-la-recherche-de-mp-dolimont\/\"},\"wordCount\":329,\"publisher\":{\"@id\":\"https:\/\/vieassociative.be\/actualites\/#organization\"},\"image\":{\"@id\":\"https:\/\/vieassociative.be\/actualites\/la-dg-sera-t-elle-bientot-responsable-des-permis-environnementaux-maeur-acterieur-a-la-recherche-a-la-recherche-de-mp-dolimont\/#primaryimage\"},\"thumbnailUrl\":\"https:\/\/vieassociative.be\/actualites\/wp-content\/uploads\/2025\/03\/1741551420_La-DG-sera-t-elle-bientot-responsable-des-permis-environnementaux-MAEUR-ACTERIEUR.jpg\",\"keywords\":[\"ACT\u00c9RIEUR\",\"bient\u00f4t\",\"Des\",\"DOLIMONT\",\"environnementaux\",\"MAEUR\",\"permis\",\"recherche\",\"responsable\",\"seratelle\"],\"articleSection\":[\"Belgique\"],\"inLanguage\":\"fr-BE\"},{\"@type\":\"WebPage\",\"@id\":\"https:\/\/vieassociative.be\/actualites\/la-dg-sera-t-elle-bientot-responsable-des-permis-environnementaux-maeur-acterieur-a-la-recherche-a-la-recherche-de-mp-dolimont\/\",\"url\":\"https:\/\/vieassociative.be\/actualites\/la-dg-sera-t-elle-bientot-responsable-des-permis-environnementaux-maeur-acterieur-a-la-recherche-a-la-recherche-de-mp-dolimont\/\",\"name\":\"La DG sera-t-elle bient\u00f4t responsable des permis environnementaux? MAEUR ACT\u00c9RIEUR \u00c0 LA RECHERCHE \u00c0 LA RECHERCHE DE MP DOLIMONT | Vie Associative\",\"isPartOf\":{\"@id\":\"https:\/\/vieassociative.be\/actualites\/#website\"},\"primaryImageOfPage\":{\"@id\":\"https:\/\/vieassociative.be\/actualites\/la-dg-sera-t-elle-bientot-responsable-des-permis-environnementaux-maeur-acterieur-a-la-recherche-a-la-recherche-de-mp-dolimont\/#primaryimage\"},\"image\":{\"@id\":\"https:\/\/vieassociative.be\/actualites\/la-dg-sera-t-elle-bientot-responsable-des-permis-environnementaux-maeur-acterieur-a-la-recherche-a-la-recherche-de-mp-dolimont\/#primaryimage\"},\"thumbnailUrl\":\"https:\/\/vieassociative.be\/actualites\/wp-content\/uploads\/2025\/03\/1741551420_La-DG-sera-t-elle-bientot-responsable-des-permis-environnementaux-MAEUR-ACTERIEUR.jpg\",\"datePublished\":\"2025-03-09T20:17:00+00:00\",\"dateModified\":\"2025-03-09T20:17:00+00:00\",\"breadcrumb\":{\"@id\":\"https:\/\/vieassociative.be\/actualites\/la-dg-sera-t-elle-bientot-responsable-des-permis-environnementaux-maeur-acterieur-a-la-recherche-a-la-recherche-de-mp-dolimont\/#breadcrumb\"},\"inLanguage\":\"fr-BE\",\"potentialAction\":[{\"@type\":\"ReadAction\",\"target\":[\"https:\/\/vieassociative.be\/actualites\/la-dg-sera-t-elle-bientot-responsable-des-permis-environnementaux-maeur-acterieur-a-la-recherche-a-la-recherche-de-mp-dolimont\/\"]}]},{\"@type\":\"ImageObject\",\"inLanguage\":\"fr-BE\",\"@id\":\"https:\/\/vieassociative.be\/actualites\/la-dg-sera-t-elle-bientot-responsable-des-permis-environnementaux-maeur-acterieur-a-la-recherche-a-la-recherche-de-mp-dolimont\/#primaryimage\",\"url\":\"https:\/\/vieassociative.be\/actualites\/wp-content\/uploads\/2025\/03\/1741551420_La-DG-sera-t-elle-bientot-responsable-des-permis-environnementaux-MAEUR-ACTERIEUR.jpg\",\"contentUrl\":\"https:\/\/vieassociative.be\/actualites\/wp-content\/uploads\/2025\/03\/1741551420_La-DG-sera-t-elle-bientot-responsable-des-permis-environnementaux-MAEUR-ACTERIEUR.jpg\",\"width\":1200,\"height\":633,\"caption\":\"La DG sera-t-elle bient\u00f4t responsable des permis environnementaux? MAEUR ACT\u00c9RIEUR \u00c0 LA RECHERCHE \u00c0 LA RECHERCHE DE MP DOLIMONT\"},{\"@type\":\"BreadcrumbList\",\"@id\":\"https:\/\/vieassociative.be\/actualites\/la-dg-sera-t-elle-bientot-responsable-des-permis-environnementaux-maeur-acterieur-a-la-recherche-a-la-recherche-de-mp-dolimont\/#breadcrumb\",\"itemListElement\":[{\"@type\":\"ListItem\",\"position\":1,\"name\":\"Accueil\",\"item\":\"https:\/\/vieassociative.be\/actualites\/\"},{\"@type\":\"ListItem\",\"position\":2,\"name\":\"La DG sera-t-elle bient\u00f4t responsable des permis environnementaux? MAEUR ACT\u00c9RIEUR \u00c0 LA RECHERCHE \u00c0 LA RECHERCHE DE MP DOLIMONT\"}]},{\"@type\":\"WebSite\",\"@id\":\"https:\/\/vieassociative.be\/actualites\/#website\",\"url\":\"https:\/\/vieassociative.be\/actualites\/\",\"name\":\"Vie Associative\",\"description\":\"\",\"publisher\":{\"@id\":\"https:\/\/vieassociative.be\/actualites\/#organization\"},\"potentialAction\":[{\"@type\":\"SearchAction\",\"target\":{\"@type\":\"EntryPoint\",\"urlTemplate\":\"https:\/\/vieassociative.be\/actualites\/?s={search_term_string}\"},\"query-input\":{\"@type\":\"PropertyValueSpecification\",\"valueRequired\":true,\"valueName\":\"search_term_string\"}}],\"inLanguage\":\"fr-BE\"},{\"@type\":\"Organization\",\"@id\":\"https:\/\/vieassociative.be\/actualites\/#organization\",\"name\":\"Vie Associative\",\"url\":\"https:\/\/vieassociative.be\/actualites\/\",\"logo\":{\"@type\":\"ImageObject\",\"inLanguage\":\"fr-BE\",\"@id\":\"https:\/\/vieassociative.be\/actualites\/#\/schema\/logo\/image\/\",\"url\":\"https:\/\/vieassociative.be\/actualites\/wp-content\/uploads\/2024\/09\/cropped-vieassociative_favicon.ico.png\",\"contentUrl\":\"https:\/\/vieassociative.be\/actualites\/wp-content\/uploads\/2024\/09\/cropped-vieassociative_favicon.ico.png\",\"width\":512,\"height\":512,\"caption\":\"Vie Associative\"},\"image\":{\"@id\":\"https:\/\/vieassociative.be\/actualites\/#\/schema\/logo\/image\/\"}},{\"@type\":\"Person\",\"@id\":\"https:\/\/vieassociative.be\/actualites\/#\/schema\/person\/b87ac4f82f9d4e7b7cec7395b679edc4\",\"name\":\"Julien\",\"image\":{\"@type\":\"ImageObject\",\"inLanguage\":\"fr-BE\",\"@id\":\"https:\/\/vieassociative.be\/actualites\/#\/schema\/person\/image\/\",\"url\":\"https:\/\/vieassociative.be\/actualites\/wp-content\/uploads\/2024\/09\/vie-associative-1-150x150.jpg\",\"contentUrl\":\"https:\/\/vieassociative.be\/actualites\/wp-content\/uploads\/2024\/09\/vie-associative-1-150x150.jpg\",\"caption\":\"Julien\"},\"description\":\"Je suis Julien, r\u00e9dacteur pour Vie Associative. Passionn\u00e9 par le monde associatif depuis plus de 10 ans, j'ai \u00e0 c\u0153ur de partager des histoires inspirantes et de mettre en lumi\u00e8re les initiatives locales. Mon objectif est de sensibiliser et d'encourager l'engagement communautaire \u00e0 travers mes articles.\",\"sameAs\":[\"https:\/\/vieassociative.be\/\"]}]}<\/script>\n<!-- \/ Yoast SEO plugin. -->","yoast_head_json":{"title":"La DG sera-t-elle bient\u00f4t responsable des permis environnementaux? MAEUR ACT\u00c9RIEUR \u00c0 LA RECHERCHE \u00c0 LA RECHERCHE DE MP DOLIMONT | Vie Associative","robots":{"index":"index","follow":"follow","max-snippet":"max-snippet:-1","max-image-preview":"max-image-preview:large","max-video-preview":"max-video-preview:-1"},"canonical":"https:\/\/vieassociative.be\/actualites\/la-dg-sera-t-elle-bientot-responsable-des-permis-environnementaux-maeur-acterieur-a-la-recherche-a-la-recherche-de-mp-dolimont\/","og_locale":"fr_FR","og_type":"article","og_title":"La DG sera-t-elle bient\u00f4t responsable des permis environnementaux? MAEUR ACT\u00c9RIEUR \u00c0 LA RECHERCHE \u00c0 LA RECHERCHE DE MP DOLIMONT | Vie Associative","og_description":"Au plus tard depuis le transfert de la responsabilit\u00e9 de la planification spatiale de la r\u00e9gion de Walloon \u00e0 la DG, les soci\u00e9t\u00e9s belges orientales","og_url":"https:\/\/vieassociative.be\/actualites\/la-dg-sera-t-elle-bientot-responsable-des-permis-environnementaux-maeur-acterieur-a-la-recherche-a-la-recherche-de-mp-dolimont\/","og_site_name":"Vie Associative","article_published_time":"2025-03-09T20:17:00+00:00","og_image":[{"width":279,"height":92,"url":"https:\/\/vieassociative.be\/actualites\/wp-content\/uploads\/2024\/09\/header_backgroundk-01-e1726694325946.png","type":"image\/png"}],"author":"Julien","twitter_card":"summary_large_image","twitter_misc":{"\u00c9crit par":"Julien","Dur\u00e9e de lecture est.":"2 minutes"},"schema":{"@context":"https:\/\/schema.org","@graph":[{"@type":"Article","@id":"https:\/\/vieassociative.be\/actualites\/la-dg-sera-t-elle-bientot-responsable-des-permis-environnementaux-maeur-acterieur-a-la-recherche-a-la-recherche-de-mp-dolimont\/#article","isPartOf":{"@id":"https:\/\/vieassociative.be\/actualites\/la-dg-sera-t-elle-bientot-responsable-des-permis-environnementaux-maeur-acterieur-a-la-recherche-a-la-recherche-de-mp-dolimont\/"},"author":{"name":"Julien","@id":"https:\/\/vieassociative.be\/actualites\/#\/schema\/person\/b87ac4f82f9d4e7b7cec7395b679edc4"},"headline":"La DG sera-t-elle bient\u00f4t responsable des permis environnementaux? MAEUR ACT\u00c9RIEUR \u00c0 LA RECHERCHE \u00c0 LA RECHERCHE DE MP DOLIMONT","datePublished":"2025-03-09T20:17:00+00:00","dateModified":"2025-03-09T20:17:00+00:00","mainEntityOfPage":{"@id":"https:\/\/vieassociative.be\/actualites\/la-dg-sera-t-elle-bientot-responsable-des-permis-environnementaux-maeur-acterieur-a-la-recherche-a-la-recherche-de-mp-dolimont\/"},"wordCount":329,"publisher":{"@id":"https:\/\/vieassociative.be\/actualites\/#organization"},"image":{"@id":"https:\/\/vieassociative.be\/actualites\/la-dg-sera-t-elle-bientot-responsable-des-permis-environnementaux-maeur-acterieur-a-la-recherche-a-la-recherche-de-mp-dolimont\/#primaryimage"},"thumbnailUrl":"https:\/\/vieassociative.be\/actualites\/wp-content\/uploads\/2025\/03\/1741551420_La-DG-sera-t-elle-bientot-responsable-des-permis-environnementaux-MAEUR-ACTERIEUR.jpg","keywords":["ACT\u00c9RIEUR","bient\u00f4t","Des","DOLIMONT","environnementaux","MAEUR","permis","recherche","responsable","seratelle"],"articleSection":["Belgique"],"inLanguage":"fr-BE"},{"@type":"WebPage","@id":"https:\/\/vieassociative.be\/actualites\/la-dg-sera-t-elle-bientot-responsable-des-permis-environnementaux-maeur-acterieur-a-la-recherche-a-la-recherche-de-mp-dolimont\/","url":"https:\/\/vieassociative.be\/actualites\/la-dg-sera-t-elle-bientot-responsable-des-permis-environnementaux-maeur-acterieur-a-la-recherche-a-la-recherche-de-mp-dolimont\/","name":"La DG sera-t-elle bient\u00f4t responsable des permis environnementaux? MAEUR ACT\u00c9RIEUR \u00c0 LA RECHERCHE \u00c0 LA RECHERCHE DE MP DOLIMONT | Vie Associative","isPartOf":{"@id":"https:\/\/vieassociative.be\/actualites\/#website"},"primaryImageOfPage":{"@id":"https:\/\/vieassociative.be\/actualites\/la-dg-sera-t-elle-bientot-responsable-des-permis-environnementaux-maeur-acterieur-a-la-recherche-a-la-recherche-de-mp-dolimont\/#primaryimage"},"image":{"@id":"https:\/\/vieassociative.be\/actualites\/la-dg-sera-t-elle-bientot-responsable-des-permis-environnementaux-maeur-acterieur-a-la-recherche-a-la-recherche-de-mp-dolimont\/#primaryimage"},"thumbnailUrl":"https:\/\/vieassociative.be\/actualites\/wp-content\/uploads\/2025\/03\/1741551420_La-DG-sera-t-elle-bientot-responsable-des-permis-environnementaux-MAEUR-ACTERIEUR.jpg","datePublished":"2025-03-09T20:17:00+00:00","dateModified":"2025-03-09T20:17:00+00:00","breadcrumb":{"@id":"https:\/\/vieassociative.be\/actualites\/la-dg-sera-t-elle-bientot-responsable-des-permis-environnementaux-maeur-acterieur-a-la-recherche-a-la-recherche-de-mp-dolimont\/#breadcrumb"},"inLanguage":"fr-BE","potentialAction":[{"@type":"ReadAction","target":["https:\/\/vieassociative.be\/actualites\/la-dg-sera-t-elle-bientot-responsable-des-permis-environnementaux-maeur-acterieur-a-la-recherche-a-la-recherche-de-mp-dolimont\/"]}]},{"@type":"ImageObject","inLanguage":"fr-BE","@id":"https:\/\/vieassociative.be\/actualites\/la-dg-sera-t-elle-bientot-responsable-des-permis-environnementaux-maeur-acterieur-a-la-recherche-a-la-recherche-de-mp-dolimont\/#primaryimage","url":"https:\/\/vieassociative.be\/actualites\/wp-content\/uploads\/2025\/03\/1741551420_La-DG-sera-t-elle-bientot-responsable-des-permis-environnementaux-MAEUR-ACTERIEUR.jpg","contentUrl":"https:\/\/vieassociative.be\/actualites\/wp-content\/uploads\/2025\/03\/1741551420_La-DG-sera-t-elle-bientot-responsable-des-permis-environnementaux-MAEUR-ACTERIEUR.jpg","width":1200,"height":633,"caption":"La DG sera-t-elle bient\u00f4t responsable des permis environnementaux? MAEUR ACT\u00c9RIEUR \u00c0 LA RECHERCHE \u00c0 LA RECHERCHE DE MP DOLIMONT"},{"@type":"BreadcrumbList","@id":"https:\/\/vieassociative.be\/actualites\/la-dg-sera-t-elle-bientot-responsable-des-permis-environnementaux-maeur-acterieur-a-la-recherche-a-la-recherche-de-mp-dolimont\/#breadcrumb","itemListElement":[{"@type":"ListItem","position":1,"name":"Accueil","item":"https:\/\/vieassociative.be\/actualites\/"},{"@type":"ListItem","position":2,"name":"La DG sera-t-elle bient\u00f4t responsable des permis environnementaux? MAEUR ACT\u00c9RIEUR \u00c0 LA RECHERCHE \u00c0 LA RECHERCHE DE MP DOLIMONT"}]},{"@type":"WebSite","@id":"https:\/\/vieassociative.be\/actualites\/#website","url":"https:\/\/vieassociative.be\/actualites\/","name":"Vie Associative","description":"","publisher":{"@id":"https:\/\/vieassociative.be\/actualites\/#organization"},"potentialAction":[{"@type":"SearchAction","target":{"@type":"EntryPoint","urlTemplate":"https:\/\/vieassociative.be\/actualites\/?s={search_term_string}"},"query-input":{"@type":"PropertyValueSpecification","valueRequired":true,"valueName":"search_term_string"}}],"inLanguage":"fr-BE"},{"@type":"Organization","@id":"https:\/\/vieassociative.be\/actualites\/#organization","name":"Vie Associative","url":"https:\/\/vieassociative.be\/actualites\/","logo":{"@type":"ImageObject","inLanguage":"fr-BE","@id":"https:\/\/vieassociative.be\/actualites\/#\/schema\/logo\/image\/","url":"https:\/\/vieassociative.be\/actualites\/wp-content\/uploads\/2024\/09\/cropped-vieassociative_favicon.ico.png","contentUrl":"https:\/\/vieassociative.be\/actualites\/wp-content\/uploads\/2024\/09\/cropped-vieassociative_favicon.ico.png","width":512,"height":512,"caption":"Vie Associative"},"image":{"@id":"https:\/\/vieassociative.be\/actualites\/#\/schema\/logo\/image\/"}},{"@type":"Person","@id":"https:\/\/vieassociative.be\/actualites\/#\/schema\/person\/b87ac4f82f9d4e7b7cec7395b679edc4","name":"Julien","image":{"@type":"ImageObject","inLanguage":"fr-BE","@id":"https:\/\/vieassociative.be\/actualites\/#\/schema\/person\/image\/","url":"https:\/\/vieassociative.be\/actualites\/wp-content\/uploads\/2024\/09\/vie-associative-1-150x150.jpg","contentUrl":"https:\/\/vieassociative.be\/actualites\/wp-content\/uploads\/2024\/09\/vie-associative-1-150x150.jpg","caption":"Julien"},"description":"Je suis Julien, r\u00e9dacteur pour Vie Associative. Passionn\u00e9 par le monde associatif depuis plus de 10 ans, j'ai \u00e0 c\u0153ur de partager des histoires inspirantes et de mettre en lumi\u00e8re les initiatives locales. Mon objectif est de sensibiliser et d'encourager l'engagement communautaire \u00e0 travers mes articles.","sameAs":["https:\/\/vieassociative.be\/"]}]}},"_links":{"self":[{"href":"https:\/\/vieassociative.be\/actualites\/wp-json\/wp\/v2\/posts\/5753"}],"collection":[{"href":"https:\/\/vieassociative.be\/actualites\/wp-json\/wp\/v2\/posts"}],"about":[{"href":"https:\/\/vieassociative.be\/actualites\/wp-json\/wp\/v2\/types\/post"}],"author":[{"embeddable":true,"href":"https:\/\/vieassociative.be\/actualites\/wp-json\/wp\/v2\/users\/1"}],"replies":[{"embeddable":true,"href":"https:\/\/vieassociative.be\/actualites\/wp-json\/wp\/v2\/comments?post=5753"}],"version-history":[{"count":0,"href":"https:\/\/vieassociative.be\/actualites\/wp-json\/wp\/v2\/posts\/5753\/revisions"}],"wp:featuredmedia":[{"embeddable":true,"href":"https:\/\/vieassociative.be\/actualites\/wp-json\/wp\/v2\/media\/5754"}],"wp:attachment":[{"href":"https:\/\/vieassociative.be\/actualites\/wp-json\/wp\/v2\/media?parent=5753"}],"wp:term":[{"taxonomy":"category","embeddable":true,"href":"https:\/\/vieassociative.be\/actualites\/wp-json\/wp\/v2\/categories?post=5753"},{"taxonomy":"post_tag","embeddable":true,"href":"https:\/\/vieassociative.be\/actualites\/wp-json\/wp\/v2\/tags?post=5753"}],"curies":[{"name":"wp","href":"https:\/\/api.w.org\/{rel}","templated":true}]}}