{"id":5746,"date":"2025-03-09T15:17:56","date_gmt":"2025-03-09T14:17:56","guid":{"rendered":"https:\/\/vieassociative.be\/actualites\/le-gardien-de-but-casteels-met-fin-a-sa-carriere-internationale-lassociation-deploie-le-tapis-rouge-pour-courtois\/"},"modified":"2025-03-09T15:17:56","modified_gmt":"2025-03-09T14:17:56","slug":"le-gardien-de-but-casteels-met-fin-a-sa-carriere-internationale-lassociation-deploie-le-tapis-rouge-pour-courtois","status":"publish","type":"post","link":"https:\/\/vieassociative.be\/actualites\/le-gardien-de-but-casteels-met-fin-a-sa-carriere-internationale-lassociation-deploie-le-tapis-rouge-pour-courtois\/","title":{"rendered":"Le gardien de but Casteels met fin \u00e0 sa carri\u00e8re internationale: \u00ab\u00a0L&rsquo;association d\u00e9ploie le tapis rouge pour Courtois\u00a0\u00bb"},"content":{"rendered":"<p><strong>Koen Casteels a annonc\u00e9 sa d\u00e9mission de l&rsquo;\u00e9quipe nationale de football dans une \u00e9mission de podcast. Lors du dernier championnat d&rsquo;Europe, le gardien de but \u00e9tait toujours le num\u00e9ro un de la Belgique, mais par pure g\u00eane au retour de Thibaut Courtois aux Red Devils, l&rsquo;homme de 32 ans, qui a offert une excellente performance au Championnat d&rsquo;Europe en Allemagne en Allemagne.<\/strong><\/p>\n<p><span id=\"more-410903\"><\/span>Vendredi prochain, le nouvel entra\u00eeneur national de football de Belgique Rudi Garcia sera annonc\u00e9 pour les Red Devils en ce qui concerne les deux matchs \u00e9liminatoires contre l&rsquo;Ukraine et les premiers matchs de qualification pour la Coupe du monde 2026 aux \u00c9tats-Unis, au Mexique et au Canada. Il est d\u00e9j\u00e0 clair que le nom de Koen Casteels ne sera pas trouv\u00e9 sur la liste de Garcia. L&rsquo;homme de 32 ans a d\u00e9cid\u00e9 de retirer le bouchon lui-m\u00eame, bien que jusqu&rsquo;\u00e0 r\u00e9cemment, il \u00e9tait toujours incontest\u00e9 en Belgique num\u00e9ro un.<\/p>\n<p>Puisqu&rsquo;il se repliera in\u00e9vitablement dans l&rsquo;ordonnance de piratage en raison du prochain retour de Thibaut Courtois, Casteels a annonc\u00e9 sa d\u00e9mission de l&rsquo;\u00e9quipe nationale et a \u00e9galement \u00e9t\u00e9 critiqu\u00e9e de la Belgian Football Association.<\/p>\n<div id=\"attachment_332091\" class=\"wp-caption alignleft\" style=\"max-width: 300px\"><img fetchpriority=\"high\" decoding=\"async\" class=\"wp-image-332091 size-medium\" src=\"https:\/\/vieassociative.be\/actualites\/wp-content\/uploads\/2025\/03\/Le-gardien-de-but-Casteels-met-fin-a-sa-carriere.jpeg\" alt=\"\" width=\"300\" height=\"200\"><\/p>\n<p class=\"wp-caption-text\">25.09.2022, Pays-Bas, Amsterdam: gardien de but Thibaut Courtois. Photo: Laurie Dieffembacq \/ Belga \/ DPA<\/p>\n<\/div>\n<p>Casteels: \u00abTout d&rsquo;abord, je trouve un peu \u00e9trange que Courtois puisse d\u00e9cider par lui-m\u00eame s&rsquo;il veut revenir. L&rsquo;association de football transforme la brochette \u00e0 environ 180 degr\u00e9s et d\u00e9ploie le tapis rouge. Il est maintenant re\u00e7u \u00e0 bras ouverts, bien que l&rsquo;action soit toujours la m\u00eame. Rien n&rsquo;a r\u00e9ellement chang\u00e9. \u00ab\u00a0<\/p>\n<p>L&rsquo;ancien gardien de but de VFL Wolfsburg a ajout\u00e9: \u00abJe bl\u00e2me moins Thibaut que l&rsquo;association de football. Cela ne correspond pas aux normes et aux valeurs qui, \u00e0 mon avis, appartiennent \u00e0 un sport d&rsquo;\u00e9quipe ou \u00e0 une organisation sportive. C&rsquo;est pourquoi je ne suis plus disponible pour l&rsquo;\u00e9quipe nationale \u00e0 partir d&rsquo;aujourd&rsquo;hui. Je ne peux pas aller dans l&rsquo;\u00e9quipe nationale avec une conscience claire, serrer la main avec les gens et dire avec un large sourire \u00abtout est en ordre\u00bb.<\/p>\n<p>Selon Casteels, l&rsquo;association de football a mal jug\u00e9 la fa\u00e7on dont la situation avec Courtois \u00e9tait dans le groupe des joueurs et est toujours. \u00ab\u00a0Il y a beaucoup de joueurs qui pensent comme moi.\u00a0\u00bb Casteels arrive \u00e0 20 capuchons. L&rsquo;\u00e9t\u00e9 dernier, il a d\u00e9m\u00e9nag\u00e9 de VFL Wolfsburg \u00e0 Al-Qadsiah \u00e0 l&rsquo;Arabie saoudite. <\/p>\n<p>Il reste \u00e0 voir comment le num\u00e9ro 3 de la Belgique, Matz Sels de Nottingham Forest, se comportera. Il a \u00e9galement prouv\u00e9 avec une excellente performance en Premier League qu&rsquo;il a le num\u00e9ro un. L&rsquo;entra\u00eeneur national Garcia sur Maarten Vandevoordt, actuellement gardien de but de remplacement au Bundesliga Club RB Leipzig, se repliera. (Cre)<\/p>\n","protected":false},"excerpt":{"rendered":"<p>Koen Casteels a annonc\u00e9 sa d\u00e9mission de l&rsquo;\u00e9quipe nationale de football dans une \u00e9mission de podcast. Lors du dernier championnat d&rsquo;Europe, le gardien de but<\/p>\n","protected":false},"author":1,"featured_media":5747,"comment_status":"","ping_status":"","sticky":false,"template":"","format":"standard","meta":{"footnotes":""},"categories":[298],"tags":[4714,5750,5753,1860,1908,5749,5751,5752,3593,81,2556,1019],"class_list":["post-5746","post","type-post","status-publish","format-standard","has-post-thumbnail","hentry","category-belgique","tag-carriere","tag-casteels","tag-courtois","tag-deploie","tag-fin","tag-gardien","tag-internationale","tag-lassociation","tag-met","tag-pour","tag-rouge","tag-tapis","generate-columns","tablet-grid-50","mobile-grid-100","grid-parent","grid-33"],"yoast_head":"<!-- This site is optimized with the Yoast SEO plugin v24.0 - https:\/\/yoast.com\/wordpress\/plugins\/seo\/ -->\n<title>Le gardien de but Casteels met fin \u00e0 sa carri\u00e8re internationale: &quot;L&#039;association d\u00e9ploie le tapis rouge pour Courtois&quot; | Vie Associative<\/title>\n<meta name=\"robots\" content=\"index, follow, max-snippet:-1, max-image-preview:large, max-video-preview:-1\" \/>\n<link rel=\"canonical\" href=\"https:\/\/vieassociative.be\/actualites\/le-gardien-de-but-casteels-met-fin-a-sa-carriere-internationale-lassociation-deploie-le-tapis-rouge-pour-courtois\/\" \/>\n<meta property=\"og:locale\" content=\"fr_FR\" \/>\n<meta property=\"og:type\" content=\"article\" \/>\n<meta property=\"og:title\" content=\"Le gardien de but Casteels met fin \u00e0 sa carri\u00e8re internationale: &quot;L&#039;association d\u00e9ploie le tapis rouge pour Courtois&quot; | Vie Associative\" \/>\n<meta property=\"og:description\" content=\"Koen Casteels a annonc\u00e9 sa d\u00e9mission de l&rsquo;\u00e9quipe nationale de football dans une \u00e9mission de podcast. Lors du dernier championnat d&rsquo;Europe, le gardien de but\" \/>\n<meta property=\"og:url\" content=\"https:\/\/vieassociative.be\/actualites\/le-gardien-de-but-casteels-met-fin-a-sa-carriere-internationale-lassociation-deploie-le-tapis-rouge-pour-courtois\/\" \/>\n<meta property=\"og:site_name\" content=\"Vie Associative\" \/>\n<meta property=\"article:published_time\" content=\"2025-03-09T14:17:56+00:00\" \/>\n<meta property=\"og:image\" content=\"https:\/\/vieassociative.be\/actualites\/wp-content\/uploads\/2024\/09\/header_backgroundk-01-e1726694325946.png\" \/>\n\t<meta property=\"og:image:width\" content=\"279\" \/>\n\t<meta property=\"og:image:height\" content=\"92\" \/>\n\t<meta property=\"og:image:type\" content=\"image\/png\" \/>\n<meta name=\"author\" content=\"Julien\" \/>\n<meta name=\"twitter:card\" content=\"summary_large_image\" \/>\n<meta name=\"twitter:label1\" content=\"\u00c9crit par\" \/>\n\t<meta name=\"twitter:data1\" content=\"Julien\" \/>\n\t<meta name=\"twitter:label2\" content=\"Dur\u00e9e de lecture est.\" \/>\n\t<meta name=\"twitter:data2\" content=\"2 minutes\" \/>\n<script type=\"application\/ld+json\" class=\"yoast-schema-graph\">{\"@context\":\"https:\/\/schema.org\",\"@graph\":[{\"@type\":\"Article\",\"@id\":\"https:\/\/vieassociative.be\/actualites\/le-gardien-de-but-casteels-met-fin-a-sa-carriere-internationale-lassociation-deploie-le-tapis-rouge-pour-courtois\/#article\",\"isPartOf\":{\"@id\":\"https:\/\/vieassociative.be\/actualites\/le-gardien-de-but-casteels-met-fin-a-sa-carriere-internationale-lassociation-deploie-le-tapis-rouge-pour-courtois\/\"},\"author\":{\"name\":\"Julien\",\"@id\":\"https:\/\/vieassociative.be\/actualites\/#\/schema\/person\/b87ac4f82f9d4e7b7cec7395b679edc4\"},\"headline\":\"Le gardien de but Casteels met fin \u00e0 sa carri\u00e8re internationale: \u00ab\u00a0L&rsquo;association d\u00e9ploie le tapis rouge pour Courtois\u00a0\u00bb\",\"datePublished\":\"2025-03-09T14:17:56+00:00\",\"dateModified\":\"2025-03-09T14:17:56+00:00\",\"mainEntityOfPage\":{\"@id\":\"https:\/\/vieassociative.be\/actualites\/le-gardien-de-but-casteels-met-fin-a-sa-carriere-internationale-lassociation-deploie-le-tapis-rouge-pour-courtois\/\"},\"wordCount\":491,\"publisher\":{\"@id\":\"https:\/\/vieassociative.be\/actualites\/#organization\"},\"image\":{\"@id\":\"https:\/\/vieassociative.be\/actualites\/le-gardien-de-but-casteels-met-fin-a-sa-carriere-internationale-lassociation-deploie-le-tapis-rouge-pour-courtois\/#primaryimage\"},\"thumbnailUrl\":\"https:\/\/vieassociative.be\/actualites\/wp-content\/uploads\/2025\/03\/Le-gardien-de-but-Casteels-met-fin-a-sa-carriere.jpg\",\"keywords\":[\"carri\u00e8re\",\"Casteels\",\"Courtois\",\"d\u00e9ploie\",\"fin\",\"gardien\",\"internationale\",\"Lassociation\",\"met\",\"pour\",\"rouge\",\"tapis\"],\"articleSection\":[\"Belgique\"],\"inLanguage\":\"fr-BE\"},{\"@type\":\"WebPage\",\"@id\":\"https:\/\/vieassociative.be\/actualites\/le-gardien-de-but-casteels-met-fin-a-sa-carriere-internationale-lassociation-deploie-le-tapis-rouge-pour-courtois\/\",\"url\":\"https:\/\/vieassociative.be\/actualites\/le-gardien-de-but-casteels-met-fin-a-sa-carriere-internationale-lassociation-deploie-le-tapis-rouge-pour-courtois\/\",\"name\":\"Le gardien de but Casteels met fin \u00e0 sa carri\u00e8re internationale: \\\"L'association d\u00e9ploie le tapis rouge pour Courtois\\\" | Vie Associative\",\"isPartOf\":{\"@id\":\"https:\/\/vieassociative.be\/actualites\/#website\"},\"primaryImageOfPage\":{\"@id\":\"https:\/\/vieassociative.be\/actualites\/le-gardien-de-but-casteels-met-fin-a-sa-carriere-internationale-lassociation-deploie-le-tapis-rouge-pour-courtois\/#primaryimage\"},\"image\":{\"@id\":\"https:\/\/vieassociative.be\/actualites\/le-gardien-de-but-casteels-met-fin-a-sa-carriere-internationale-lassociation-deploie-le-tapis-rouge-pour-courtois\/#primaryimage\"},\"thumbnailUrl\":\"https:\/\/vieassociative.be\/actualites\/wp-content\/uploads\/2025\/03\/Le-gardien-de-but-Casteels-met-fin-a-sa-carriere.jpg\",\"datePublished\":\"2025-03-09T14:17:56+00:00\",\"dateModified\":\"2025-03-09T14:17:56+00:00\",\"breadcrumb\":{\"@id\":\"https:\/\/vieassociative.be\/actualites\/le-gardien-de-but-casteels-met-fin-a-sa-carriere-internationale-lassociation-deploie-le-tapis-rouge-pour-courtois\/#breadcrumb\"},\"inLanguage\":\"fr-BE\",\"potentialAction\":[{\"@type\":\"ReadAction\",\"target\":[\"https:\/\/vieassociative.be\/actualites\/le-gardien-de-but-casteels-met-fin-a-sa-carriere-internationale-lassociation-deploie-le-tapis-rouge-pour-courtois\/\"]}]},{\"@type\":\"ImageObject\",\"inLanguage\":\"fr-BE\",\"@id\":\"https:\/\/vieassociative.be\/actualites\/le-gardien-de-but-casteels-met-fin-a-sa-carriere-internationale-lassociation-deploie-le-tapis-rouge-pour-courtois\/#primaryimage\",\"url\":\"https:\/\/vieassociative.be\/actualites\/wp-content\/uploads\/2025\/03\/Le-gardien-de-but-Casteels-met-fin-a-sa-carriere.jpg\",\"contentUrl\":\"https:\/\/vieassociative.be\/actualites\/wp-content\/uploads\/2025\/03\/Le-gardien-de-but-Casteels-met-fin-a-sa-carriere.jpg\",\"width\":1200,\"height\":800,\"caption\":\"Le gardien de but Casteels met fin \u00e0 sa carri\u00e8re internationale: \\\"L'association d\u00e9ploie le tapis rouge pour Courtois\\\"\"},{\"@type\":\"BreadcrumbList\",\"@id\":\"https:\/\/vieassociative.be\/actualites\/le-gardien-de-but-casteels-met-fin-a-sa-carriere-internationale-lassociation-deploie-le-tapis-rouge-pour-courtois\/#breadcrumb\",\"itemListElement\":[{\"@type\":\"ListItem\",\"position\":1,\"name\":\"Accueil\",\"item\":\"https:\/\/vieassociative.be\/actualites\/\"},{\"@type\":\"ListItem\",\"position\":2,\"name\":\"Le gardien de but Casteels met fin \u00e0 sa carri\u00e8re internationale: \u00ab\u00a0L&rsquo;association d\u00e9ploie le tapis rouge pour Courtois\u00a0\u00bb\"}]},{\"@type\":\"WebSite\",\"@id\":\"https:\/\/vieassociative.be\/actualites\/#website\",\"url\":\"https:\/\/vieassociative.be\/actualites\/\",\"name\":\"Vie Associative\",\"description\":\"\",\"publisher\":{\"@id\":\"https:\/\/vieassociative.be\/actualites\/#organization\"},\"potentialAction\":[{\"@type\":\"SearchAction\",\"target\":{\"@type\":\"EntryPoint\",\"urlTemplate\":\"https:\/\/vieassociative.be\/actualites\/?s={search_term_string}\"},\"query-input\":{\"@type\":\"PropertyValueSpecification\",\"valueRequired\":true,\"valueName\":\"search_term_string\"}}],\"inLanguage\":\"fr-BE\"},{\"@type\":\"Organization\",\"@id\":\"https:\/\/vieassociative.be\/actualites\/#organization\",\"name\":\"Vie Associative\",\"url\":\"https:\/\/vieassociative.be\/actualites\/\",\"logo\":{\"@type\":\"ImageObject\",\"inLanguage\":\"fr-BE\",\"@id\":\"https:\/\/vieassociative.be\/actualites\/#\/schema\/logo\/image\/\",\"url\":\"https:\/\/vieassociative.be\/actualites\/wp-content\/uploads\/2024\/09\/cropped-vieassociative_favicon.ico.png\",\"contentUrl\":\"https:\/\/vieassociative.be\/actualites\/wp-content\/uploads\/2024\/09\/cropped-vieassociative_favicon.ico.png\",\"width\":512,\"height\":512,\"caption\":\"Vie Associative\"},\"image\":{\"@id\":\"https:\/\/vieassociative.be\/actualites\/#\/schema\/logo\/image\/\"}},{\"@type\":\"Person\",\"@id\":\"https:\/\/vieassociative.be\/actualites\/#\/schema\/person\/b87ac4f82f9d4e7b7cec7395b679edc4\",\"name\":\"Julien\",\"image\":{\"@type\":\"ImageObject\",\"inLanguage\":\"fr-BE\",\"@id\":\"https:\/\/vieassociative.be\/actualites\/#\/schema\/person\/image\/\",\"url\":\"https:\/\/vieassociative.be\/actualites\/wp-content\/uploads\/2024\/09\/vie-associative-1-150x150.jpg\",\"contentUrl\":\"https:\/\/vieassociative.be\/actualites\/wp-content\/uploads\/2024\/09\/vie-associative-1-150x150.jpg\",\"caption\":\"Julien\"},\"description\":\"Je suis Julien, r\u00e9dacteur pour Vie Associative. Passionn\u00e9 par le monde associatif depuis plus de 10 ans, j'ai \u00e0 c\u0153ur de partager des histoires inspirantes et de mettre en lumi\u00e8re les initiatives locales. Mon objectif est de sensibiliser et d'encourager l'engagement communautaire \u00e0 travers mes articles.\",\"sameAs\":[\"https:\/\/vieassociative.be\/\"]}]}<\/script>\n<!-- \/ Yoast SEO plugin. -->","yoast_head_json":{"title":"Le gardien de but Casteels met fin \u00e0 sa carri\u00e8re internationale: \"L'association d\u00e9ploie le tapis rouge pour Courtois\" | Vie Associative","robots":{"index":"index","follow":"follow","max-snippet":"max-snippet:-1","max-image-preview":"max-image-preview:large","max-video-preview":"max-video-preview:-1"},"canonical":"https:\/\/vieassociative.be\/actualites\/le-gardien-de-but-casteels-met-fin-a-sa-carriere-internationale-lassociation-deploie-le-tapis-rouge-pour-courtois\/","og_locale":"fr_FR","og_type":"article","og_title":"Le gardien de but Casteels met fin \u00e0 sa carri\u00e8re internationale: \"L'association d\u00e9ploie le tapis rouge pour Courtois\" | Vie Associative","og_description":"Koen Casteels a annonc\u00e9 sa d\u00e9mission de l&rsquo;\u00e9quipe nationale de football dans une \u00e9mission de podcast. Lors du dernier championnat d&rsquo;Europe, le gardien de but","og_url":"https:\/\/vieassociative.be\/actualites\/le-gardien-de-but-casteels-met-fin-a-sa-carriere-internationale-lassociation-deploie-le-tapis-rouge-pour-courtois\/","og_site_name":"Vie Associative","article_published_time":"2025-03-09T14:17:56+00:00","og_image":[{"width":279,"height":92,"url":"https:\/\/vieassociative.be\/actualites\/wp-content\/uploads\/2024\/09\/header_backgroundk-01-e1726694325946.png","type":"image\/png"}],"author":"Julien","twitter_card":"summary_large_image","twitter_misc":{"\u00c9crit par":"Julien","Dur\u00e9e de lecture est.":"2 minutes"},"schema":{"@context":"https:\/\/schema.org","@graph":[{"@type":"Article","@id":"https:\/\/vieassociative.be\/actualites\/le-gardien-de-but-casteels-met-fin-a-sa-carriere-internationale-lassociation-deploie-le-tapis-rouge-pour-courtois\/#article","isPartOf":{"@id":"https:\/\/vieassociative.be\/actualites\/le-gardien-de-but-casteels-met-fin-a-sa-carriere-internationale-lassociation-deploie-le-tapis-rouge-pour-courtois\/"},"author":{"name":"Julien","@id":"https:\/\/vieassociative.be\/actualites\/#\/schema\/person\/b87ac4f82f9d4e7b7cec7395b679edc4"},"headline":"Le gardien de but Casteels met fin \u00e0 sa carri\u00e8re internationale: \u00ab\u00a0L&rsquo;association d\u00e9ploie le tapis rouge pour Courtois\u00a0\u00bb","datePublished":"2025-03-09T14:17:56+00:00","dateModified":"2025-03-09T14:17:56+00:00","mainEntityOfPage":{"@id":"https:\/\/vieassociative.be\/actualites\/le-gardien-de-but-casteels-met-fin-a-sa-carriere-internationale-lassociation-deploie-le-tapis-rouge-pour-courtois\/"},"wordCount":491,"publisher":{"@id":"https:\/\/vieassociative.be\/actualites\/#organization"},"image":{"@id":"https:\/\/vieassociative.be\/actualites\/le-gardien-de-but-casteels-met-fin-a-sa-carriere-internationale-lassociation-deploie-le-tapis-rouge-pour-courtois\/#primaryimage"},"thumbnailUrl":"https:\/\/vieassociative.be\/actualites\/wp-content\/uploads\/2025\/03\/Le-gardien-de-but-Casteels-met-fin-a-sa-carriere.jpg","keywords":["carri\u00e8re","Casteels","Courtois","d\u00e9ploie","fin","gardien","internationale","Lassociation","met","pour","rouge","tapis"],"articleSection":["Belgique"],"inLanguage":"fr-BE"},{"@type":"WebPage","@id":"https:\/\/vieassociative.be\/actualites\/le-gardien-de-but-casteels-met-fin-a-sa-carriere-internationale-lassociation-deploie-le-tapis-rouge-pour-courtois\/","url":"https:\/\/vieassociative.be\/actualites\/le-gardien-de-but-casteels-met-fin-a-sa-carriere-internationale-lassociation-deploie-le-tapis-rouge-pour-courtois\/","name":"Le gardien de but Casteels met fin \u00e0 sa carri\u00e8re internationale: \"L'association d\u00e9ploie le tapis rouge pour Courtois\" | Vie Associative","isPartOf":{"@id":"https:\/\/vieassociative.be\/actualites\/#website"},"primaryImageOfPage":{"@id":"https:\/\/vieassociative.be\/actualites\/le-gardien-de-but-casteels-met-fin-a-sa-carriere-internationale-lassociation-deploie-le-tapis-rouge-pour-courtois\/#primaryimage"},"image":{"@id":"https:\/\/vieassociative.be\/actualites\/le-gardien-de-but-casteels-met-fin-a-sa-carriere-internationale-lassociation-deploie-le-tapis-rouge-pour-courtois\/#primaryimage"},"thumbnailUrl":"https:\/\/vieassociative.be\/actualites\/wp-content\/uploads\/2025\/03\/Le-gardien-de-but-Casteels-met-fin-a-sa-carriere.jpg","datePublished":"2025-03-09T14:17:56+00:00","dateModified":"2025-03-09T14:17:56+00:00","breadcrumb":{"@id":"https:\/\/vieassociative.be\/actualites\/le-gardien-de-but-casteels-met-fin-a-sa-carriere-internationale-lassociation-deploie-le-tapis-rouge-pour-courtois\/#breadcrumb"},"inLanguage":"fr-BE","potentialAction":[{"@type":"ReadAction","target":["https:\/\/vieassociative.be\/actualites\/le-gardien-de-but-casteels-met-fin-a-sa-carriere-internationale-lassociation-deploie-le-tapis-rouge-pour-courtois\/"]}]},{"@type":"ImageObject","inLanguage":"fr-BE","@id":"https:\/\/vieassociative.be\/actualites\/le-gardien-de-but-casteels-met-fin-a-sa-carriere-internationale-lassociation-deploie-le-tapis-rouge-pour-courtois\/#primaryimage","url":"https:\/\/vieassociative.be\/actualites\/wp-content\/uploads\/2025\/03\/Le-gardien-de-but-Casteels-met-fin-a-sa-carriere.jpg","contentUrl":"https:\/\/vieassociative.be\/actualites\/wp-content\/uploads\/2025\/03\/Le-gardien-de-but-Casteels-met-fin-a-sa-carriere.jpg","width":1200,"height":800,"caption":"Le gardien de but Casteels met fin \u00e0 sa carri\u00e8re internationale: \"L'association d\u00e9ploie le tapis rouge pour Courtois\""},{"@type":"BreadcrumbList","@id":"https:\/\/vieassociative.be\/actualites\/le-gardien-de-but-casteels-met-fin-a-sa-carriere-internationale-lassociation-deploie-le-tapis-rouge-pour-courtois\/#breadcrumb","itemListElement":[{"@type":"ListItem","position":1,"name":"Accueil","item":"https:\/\/vieassociative.be\/actualites\/"},{"@type":"ListItem","position":2,"name":"Le gardien de but Casteels met fin \u00e0 sa carri\u00e8re internationale: \u00ab\u00a0L&rsquo;association d\u00e9ploie le tapis rouge pour Courtois\u00a0\u00bb"}]},{"@type":"WebSite","@id":"https:\/\/vieassociative.be\/actualites\/#website","url":"https:\/\/vieassociative.be\/actualites\/","name":"Vie Associative","description":"","publisher":{"@id":"https:\/\/vieassociative.be\/actualites\/#organization"},"potentialAction":[{"@type":"SearchAction","target":{"@type":"EntryPoint","urlTemplate":"https:\/\/vieassociative.be\/actualites\/?s={search_term_string}"},"query-input":{"@type":"PropertyValueSpecification","valueRequired":true,"valueName":"search_term_string"}}],"inLanguage":"fr-BE"},{"@type":"Organization","@id":"https:\/\/vieassociative.be\/actualites\/#organization","name":"Vie Associative","url":"https:\/\/vieassociative.be\/actualites\/","logo":{"@type":"ImageObject","inLanguage":"fr-BE","@id":"https:\/\/vieassociative.be\/actualites\/#\/schema\/logo\/image\/","url":"https:\/\/vieassociative.be\/actualites\/wp-content\/uploads\/2024\/09\/cropped-vieassociative_favicon.ico.png","contentUrl":"https:\/\/vieassociative.be\/actualites\/wp-content\/uploads\/2024\/09\/cropped-vieassociative_favicon.ico.png","width":512,"height":512,"caption":"Vie Associative"},"image":{"@id":"https:\/\/vieassociative.be\/actualites\/#\/schema\/logo\/image\/"}},{"@type":"Person","@id":"https:\/\/vieassociative.be\/actualites\/#\/schema\/person\/b87ac4f82f9d4e7b7cec7395b679edc4","name":"Julien","image":{"@type":"ImageObject","inLanguage":"fr-BE","@id":"https:\/\/vieassociative.be\/actualites\/#\/schema\/person\/image\/","url":"https:\/\/vieassociative.be\/actualites\/wp-content\/uploads\/2024\/09\/vie-associative-1-150x150.jpg","contentUrl":"https:\/\/vieassociative.be\/actualites\/wp-content\/uploads\/2024\/09\/vie-associative-1-150x150.jpg","caption":"Julien"},"description":"Je suis Julien, r\u00e9dacteur pour Vie Associative. Passionn\u00e9 par le monde associatif depuis plus de 10 ans, j'ai \u00e0 c\u0153ur de partager des histoires inspirantes et de mettre en lumi\u00e8re les initiatives locales. Mon objectif est de sensibiliser et d'encourager l'engagement communautaire \u00e0 travers mes articles.","sameAs":["https:\/\/vieassociative.be\/"]}]}},"_links":{"self":[{"href":"https:\/\/vieassociative.be\/actualites\/wp-json\/wp\/v2\/posts\/5746"}],"collection":[{"href":"https:\/\/vieassociative.be\/actualites\/wp-json\/wp\/v2\/posts"}],"about":[{"href":"https:\/\/vieassociative.be\/actualites\/wp-json\/wp\/v2\/types\/post"}],"author":[{"embeddable":true,"href":"https:\/\/vieassociative.be\/actualites\/wp-json\/wp\/v2\/users\/1"}],"replies":[{"embeddable":true,"href":"https:\/\/vieassociative.be\/actualites\/wp-json\/wp\/v2\/comments?post=5746"}],"version-history":[{"count":0,"href":"https:\/\/vieassociative.be\/actualites\/wp-json\/wp\/v2\/posts\/5746\/revisions"}],"wp:featuredmedia":[{"embeddable":true,"href":"https:\/\/vieassociative.be\/actualites\/wp-json\/wp\/v2\/media\/5747"}],"wp:attachment":[{"href":"https:\/\/vieassociative.be\/actualites\/wp-json\/wp\/v2\/media?parent=5746"}],"wp:term":[{"taxonomy":"category","embeddable":true,"href":"https:\/\/vieassociative.be\/actualites\/wp-json\/wp\/v2\/categories?post=5746"},{"taxonomy":"post_tag","embeddable":true,"href":"https:\/\/vieassociative.be\/actualites\/wp-json\/wp\/v2\/tags?post=5746"}],"curies":[{"name":"wp","href":"https:\/\/api.w.org\/{rel}","templated":true}]}}