{"id":5741,"date":"2025-03-09T09:17:23","date_gmt":"2025-03-09T08:17:23","guid":{"rendered":"https:\/\/vieassociative.be\/actualites\/dans-une-victoire-en-tant-queupen-la-relegation-serait-une-bonne-affaire-aujourdhui-contre-francs-borains\/"},"modified":"2025-03-09T09:17:23","modified_gmt":"2025-03-09T08:17:23","slug":"dans-une-victoire-en-tant-queupen-la-relegation-serait-une-bonne-affaire-aujourdhui-contre-francs-borains","status":"publish","type":"post","link":"https:\/\/vieassociative.be\/actualites\/dans-une-victoire-en-tant-queupen-la-relegation-serait-une-bonne-affaire-aujourdhui-contre-francs-borains\/","title":{"rendered":"Dans une victoire en tant qu&rsquo;Eupen, la rel\u00e9gation serait une bonne affaire &#8211; aujourd&rsquo;hui contre Francs Borains"},"content":{"rendered":"<p><strong>Sept jours de match avant la fin du championnat, le club de football comme Eupen doit s&rsquo;inqui\u00e9ter du s\u00e9jour de classe dans la Challenger Pro League. C&rsquo;est pourquoi une victoire est essentielle ce soir au stade Kehrweg contre Francs Borains (20 h \/ Live on Dazn).<\/strong><\/p>\n<p><span id=\"more-410801\"><\/span>Le Hennegauer a remport\u00e9 la premi\u00e8re \u00e9tape 3: 2 en d\u00e9cembre 2024 et a encore augment\u00e9 depuis lors (10 matchs, 4 victoires, 3 matchs nuls, 3 d\u00e9faites). Aujourd&rsquo;hui, l&rsquo;\u00e9quipe de Boussu occupe la 10e place avec 25 points. Le As Eupen est \u00e0 la 12e place avec 21 points.<\/p>\n<p>Francs Borains a r\u00e9cemment fait la une des journaux. Cela est principalement d\u00fb \u00e0 leur pr\u00e9sident de club. Il s&rsquo;agit du chef du parti r\u00e9gnant des lib\u00e9raux francophones (MR), Georges-Louis Bouchez-un Jack rapide de milliers de milliers de personnes qui est en permanence pr\u00e9sente dans les m\u00e9dias et les personnes imaginables.<\/p>\n<\/p>\n<div id=\"attachment_322935\" class=\"wp-caption alignleft\" style=\"max-width: 300px\"><img fetchpriority=\"high\" decoding=\"async\" class=\"wp-image-322935 size-medium\" src=\"https:\/\/vieassociative.be\/actualites\/wp-content\/uploads\/2024\/12\/AS-Eupen-pour-la-troisieme-fois-contre-le-bas-de.jpeg\" alt=\"\" width=\"300\" height=\"200\"  ><\/p>\n<p class=\"wp-caption-text\">15\/06\/2022, Belgique, Bruxelles: Georges-Louis Bouchez, pr\u00e9sident des lib\u00e9raux francophones (MR) et l&rsquo;\u00e9quipe de football de la deuxi\u00e8me division Francs Borain. La prise rapide de l&rsquo;allensa est en permanence dans les m\u00e9dias. Photo: Belga<\/p>\n<\/div>\n<p>Bouchez a r\u00e9cemment annonc\u00e9 qu&rsquo;il voulait se plaindre de la nouvelle r\u00e9forme du football professionnel (retour \u00e0 un championnat classique de la 1\u00e8re division avec 18 \u00e9quipes et sans s\u00e9ries \u00e9liminatoires). \u00abJe ne pense pas que ce soit la bonne d\u00e9cision qui a \u00e9t\u00e9 prise. Je pense que c&rsquo;est un pas en arri\u00e8re pour le football belge. Peut-\u00eatre que vous ne pensez pas suffisamment aux attentes du public plus jeune. Vous pouvez voir que toutes les comp\u00e9titions s&rsquo;adaptent partout dans le monde et nous, bien que nous ayons un tr\u00e8s bon mod\u00e8le, allons dans le sens inverse.<\/p>\n<p>Avec une victoire aujourd&rsquo;hui contre Francs Borains, car Eupen se rapprocherait un peu de l&rsquo;objectif de la rel\u00e9gation. L&rsquo;entra\u00eeneur Mersad Selimbegovic s&rsquo;attend \u00e0 ce que l&rsquo;adversaire cherche sa chance avec la foudre, a frapp\u00e9 des contre-attaques, comme c&rsquo;est le cas si souvent le cas cette saison. Eupen doit emp\u00eacher cela.<\/p>\n<p>Renaud Emond est ferm\u00e9 au jeu d&rsquo;aujourd&rsquo;hui. La r\u00e9cup\u00e9ration de Nathan Bittumazala progresse. Le nouveau venu Ga\u00ebtan Hendrickx peut \u00eatre utilis\u00e9 d\u00e8s le d\u00e9but. (Cre)<\/p>\n","protected":false},"excerpt":{"rendered":"<p>Sept jours de match avant la fin du championnat, le club de football comme Eupen doit s&rsquo;inqui\u00e9ter du s\u00e9jour de classe dans la Challenger Pro<\/p>\n","protected":false},"author":1,"featured_media":3194,"comment_status":"","ping_status":"","sticky":false,"template":"","format":"standard","meta":{"footnotes":""},"categories":[298],"tags":[1547,2330,680,3871,796,166,3870,5094,3402,5456,1745,110,784],"class_list":["post-5741","post","type-post","status-publish","format-standard","has-post-thumbnail","hentry","category-belgique","tag-affaire","tag-aujourdhui","tag-bonne","tag-borains","tag-contre","tag-dans","tag-francs","tag-queupen","tag-relegation","tag-serait","tag-tant","tag-une","tag-victoire","generate-columns","tablet-grid-50","mobile-grid-100","grid-parent","grid-33"],"yoast_head":"<!-- This site is optimized with the Yoast SEO plugin v24.0 - https:\/\/yoast.com\/wordpress\/plugins\/seo\/ -->\n<title>Dans une victoire en tant qu&#039;Eupen, la rel\u00e9gation serait une bonne affaire - aujourd&#039;hui contre Francs Borains | Vie Associative<\/title>\n<meta name=\"robots\" content=\"index, follow, max-snippet:-1, max-image-preview:large, max-video-preview:-1\" \/>\n<link rel=\"canonical\" href=\"https:\/\/vieassociative.be\/actualites\/dans-une-victoire-en-tant-queupen-la-relegation-serait-une-bonne-affaire-aujourdhui-contre-francs-borains\/\" \/>\n<meta property=\"og:locale\" content=\"fr_FR\" \/>\n<meta property=\"og:type\" content=\"article\" \/>\n<meta property=\"og:title\" content=\"Dans une victoire en tant qu&#039;Eupen, la rel\u00e9gation serait une bonne affaire - aujourd&#039;hui contre Francs Borains | Vie Associative\" \/>\n<meta property=\"og:description\" content=\"Sept jours de match avant la fin du championnat, le club de football comme Eupen doit s&rsquo;inqui\u00e9ter du s\u00e9jour de classe dans la Challenger Pro\" \/>\n<meta property=\"og:url\" content=\"https:\/\/vieassociative.be\/actualites\/dans-une-victoire-en-tant-queupen-la-relegation-serait-une-bonne-affaire-aujourdhui-contre-francs-borains\/\" \/>\n<meta property=\"og:site_name\" content=\"Vie Associative\" \/>\n<meta property=\"article:published_time\" content=\"2025-03-09T08:17:23+00:00\" \/>\n<meta property=\"og:image\" content=\"https:\/\/vieassociative.be\/actualites\/wp-content\/uploads\/2024\/09\/header_backgroundk-01-e1726694325946.png\" \/>\n\t<meta property=\"og:image:width\" content=\"279\" \/>\n\t<meta property=\"og:image:height\" content=\"92\" \/>\n\t<meta property=\"og:image:type\" content=\"image\/png\" \/>\n<meta name=\"author\" content=\"Julien\" \/>\n<meta name=\"twitter:card\" content=\"summary_large_image\" \/>\n<meta name=\"twitter:label1\" content=\"\u00c9crit par\" \/>\n\t<meta name=\"twitter:data1\" content=\"Julien\" \/>\n\t<meta name=\"twitter:label2\" content=\"Dur\u00e9e de lecture est.\" \/>\n\t<meta name=\"twitter:data2\" content=\"2 minutes\" \/>\n<script type=\"application\/ld+json\" class=\"yoast-schema-graph\">{\"@context\":\"https:\/\/schema.org\",\"@graph\":[{\"@type\":\"Article\",\"@id\":\"https:\/\/vieassociative.be\/actualites\/dans-une-victoire-en-tant-queupen-la-relegation-serait-une-bonne-affaire-aujourdhui-contre-francs-borains\/#article\",\"isPartOf\":{\"@id\":\"https:\/\/vieassociative.be\/actualites\/dans-une-victoire-en-tant-queupen-la-relegation-serait-une-bonne-affaire-aujourdhui-contre-francs-borains\/\"},\"author\":{\"name\":\"Julien\",\"@id\":\"https:\/\/vieassociative.be\/actualites\/#\/schema\/person\/b87ac4f82f9d4e7b7cec7395b679edc4\"},\"headline\":\"Dans une victoire en tant qu&rsquo;Eupen, la rel\u00e9gation serait une bonne affaire &#8211; aujourd&rsquo;hui contre Francs Borains\",\"datePublished\":\"2025-03-09T08:17:23+00:00\",\"dateModified\":\"2025-03-09T08:17:23+00:00\",\"mainEntityOfPage\":{\"@id\":\"https:\/\/vieassociative.be\/actualites\/dans-une-victoire-en-tant-queupen-la-relegation-serait-une-bonne-affaire-aujourdhui-contre-francs-borains\/\"},\"wordCount\":404,\"publisher\":{\"@id\":\"https:\/\/vieassociative.be\/actualites\/#organization\"},\"image\":{\"@id\":\"https:\/\/vieassociative.be\/actualites\/dans-une-victoire-en-tant-queupen-la-relegation-serait-une-bonne-affaire-aujourdhui-contre-francs-borains\/#primaryimage\"},\"thumbnailUrl\":\"https:\/\/vieassociative.be\/actualites\/wp-content\/uploads\/2024\/12\/1733689145_Defaite-23-AS-sest-embarrasse-face-a-la-derniere.jpg\",\"keywords\":[\"affaire\",\"aujourdhui\",\"bonne\",\"Borains\",\"contre\",\"dans\",\"Francs\",\"quEupen\",\"rel\u00e9gation\",\"serait\",\"tant\",\"une\",\"victoire\"],\"articleSection\":[\"Belgique\"],\"inLanguage\":\"fr-BE\"},{\"@type\":\"WebPage\",\"@id\":\"https:\/\/vieassociative.be\/actualites\/dans-une-victoire-en-tant-queupen-la-relegation-serait-une-bonne-affaire-aujourdhui-contre-francs-borains\/\",\"url\":\"https:\/\/vieassociative.be\/actualites\/dans-une-victoire-en-tant-queupen-la-relegation-serait-une-bonne-affaire-aujourdhui-contre-francs-borains\/\",\"name\":\"Dans une victoire en tant qu'Eupen, la rel\u00e9gation serait une bonne affaire - aujourd'hui contre Francs Borains | Vie Associative\",\"isPartOf\":{\"@id\":\"https:\/\/vieassociative.be\/actualites\/#website\"},\"primaryImageOfPage\":{\"@id\":\"https:\/\/vieassociative.be\/actualites\/dans-une-victoire-en-tant-queupen-la-relegation-serait-une-bonne-affaire-aujourdhui-contre-francs-borains\/#primaryimage\"},\"image\":{\"@id\":\"https:\/\/vieassociative.be\/actualites\/dans-une-victoire-en-tant-queupen-la-relegation-serait-une-bonne-affaire-aujourdhui-contre-francs-borains\/#primaryimage\"},\"thumbnailUrl\":\"https:\/\/vieassociative.be\/actualites\/wp-content\/uploads\/2024\/12\/1733689145_Defaite-23-AS-sest-embarrasse-face-a-la-derniere.jpg\",\"datePublished\":\"2025-03-09T08:17:23+00:00\",\"dateModified\":\"2025-03-09T08:17:23+00:00\",\"breadcrumb\":{\"@id\":\"https:\/\/vieassociative.be\/actualites\/dans-une-victoire-en-tant-queupen-la-relegation-serait-une-bonne-affaire-aujourdhui-contre-francs-borains\/#breadcrumb\"},\"inLanguage\":\"fr-BE\",\"potentialAction\":[{\"@type\":\"ReadAction\",\"target\":[\"https:\/\/vieassociative.be\/actualites\/dans-une-victoire-en-tant-queupen-la-relegation-serait-une-bonne-affaire-aujourdhui-contre-francs-borains\/\"]}]},{\"@type\":\"ImageObject\",\"inLanguage\":\"fr-BE\",\"@id\":\"https:\/\/vieassociative.be\/actualites\/dans-une-victoire-en-tant-queupen-la-relegation-serait-une-bonne-affaire-aujourdhui-contre-francs-borains\/#primaryimage\",\"url\":\"https:\/\/vieassociative.be\/actualites\/wp-content\/uploads\/2024\/12\/1733689145_Defaite-23-AS-sest-embarrasse-face-a-la-derniere.jpg\",\"contentUrl\":\"https:\/\/vieassociative.be\/actualites\/wp-content\/uploads\/2024\/12\/1733689145_Defaite-23-AS-sest-embarrasse-face-a-la-derniere.jpg\",\"width\":1200,\"height\":800,\"caption\":\"D\u00e9faite 2:3 : AS s'est embarrass\u00e9 face \u00e0 la derni\u00e8re \u00e9quipe\"},{\"@type\":\"BreadcrumbList\",\"@id\":\"https:\/\/vieassociative.be\/actualites\/dans-une-victoire-en-tant-queupen-la-relegation-serait-une-bonne-affaire-aujourdhui-contre-francs-borains\/#breadcrumb\",\"itemListElement\":[{\"@type\":\"ListItem\",\"position\":1,\"name\":\"Accueil\",\"item\":\"https:\/\/vieassociative.be\/actualites\/\"},{\"@type\":\"ListItem\",\"position\":2,\"name\":\"Dans une victoire en tant qu&rsquo;Eupen, la rel\u00e9gation serait une bonne affaire &#8211; aujourd&rsquo;hui contre Francs Borains\"}]},{\"@type\":\"WebSite\",\"@id\":\"https:\/\/vieassociative.be\/actualites\/#website\",\"url\":\"https:\/\/vieassociative.be\/actualites\/\",\"name\":\"Vie Associative\",\"description\":\"\",\"publisher\":{\"@id\":\"https:\/\/vieassociative.be\/actualites\/#organization\"},\"potentialAction\":[{\"@type\":\"SearchAction\",\"target\":{\"@type\":\"EntryPoint\",\"urlTemplate\":\"https:\/\/vieassociative.be\/actualites\/?s={search_term_string}\"},\"query-input\":{\"@type\":\"PropertyValueSpecification\",\"valueRequired\":true,\"valueName\":\"search_term_string\"}}],\"inLanguage\":\"fr-BE\"},{\"@type\":\"Organization\",\"@id\":\"https:\/\/vieassociative.be\/actualites\/#organization\",\"name\":\"Vie Associative\",\"url\":\"https:\/\/vieassociative.be\/actualites\/\",\"logo\":{\"@type\":\"ImageObject\",\"inLanguage\":\"fr-BE\",\"@id\":\"https:\/\/vieassociative.be\/actualites\/#\/schema\/logo\/image\/\",\"url\":\"https:\/\/vieassociative.be\/actualites\/wp-content\/uploads\/2024\/09\/cropped-vieassociative_favicon.ico.png\",\"contentUrl\":\"https:\/\/vieassociative.be\/actualites\/wp-content\/uploads\/2024\/09\/cropped-vieassociative_favicon.ico.png\",\"width\":512,\"height\":512,\"caption\":\"Vie Associative\"},\"image\":{\"@id\":\"https:\/\/vieassociative.be\/actualites\/#\/schema\/logo\/image\/\"}},{\"@type\":\"Person\",\"@id\":\"https:\/\/vieassociative.be\/actualites\/#\/schema\/person\/b87ac4f82f9d4e7b7cec7395b679edc4\",\"name\":\"Julien\",\"image\":{\"@type\":\"ImageObject\",\"inLanguage\":\"fr-BE\",\"@id\":\"https:\/\/vieassociative.be\/actualites\/#\/schema\/person\/image\/\",\"url\":\"https:\/\/vieassociative.be\/actualites\/wp-content\/uploads\/2024\/09\/vie-associative-1-150x150.jpg\",\"contentUrl\":\"https:\/\/vieassociative.be\/actualites\/wp-content\/uploads\/2024\/09\/vie-associative-1-150x150.jpg\",\"caption\":\"Julien\"},\"description\":\"Je suis Julien, r\u00e9dacteur pour Vie Associative. Passionn\u00e9 par le monde associatif depuis plus de 10 ans, j'ai \u00e0 c\u0153ur de partager des histoires inspirantes et de mettre en lumi\u00e8re les initiatives locales. Mon objectif est de sensibiliser et d'encourager l'engagement communautaire \u00e0 travers mes articles.\",\"sameAs\":[\"https:\/\/vieassociative.be\/\"]}]}<\/script>\n<!-- \/ Yoast SEO plugin. -->","yoast_head_json":{"title":"Dans une victoire en tant qu'Eupen, la rel\u00e9gation serait une bonne affaire - aujourd'hui contre Francs Borains | Vie Associative","robots":{"index":"index","follow":"follow","max-snippet":"max-snippet:-1","max-image-preview":"max-image-preview:large","max-video-preview":"max-video-preview:-1"},"canonical":"https:\/\/vieassociative.be\/actualites\/dans-une-victoire-en-tant-queupen-la-relegation-serait-une-bonne-affaire-aujourdhui-contre-francs-borains\/","og_locale":"fr_FR","og_type":"article","og_title":"Dans une victoire en tant qu'Eupen, la rel\u00e9gation serait une bonne affaire - aujourd'hui contre Francs Borains | Vie Associative","og_description":"Sept jours de match avant la fin du championnat, le club de football comme Eupen doit s&rsquo;inqui\u00e9ter du s\u00e9jour de classe dans la Challenger Pro","og_url":"https:\/\/vieassociative.be\/actualites\/dans-une-victoire-en-tant-queupen-la-relegation-serait-une-bonne-affaire-aujourdhui-contre-francs-borains\/","og_site_name":"Vie Associative","article_published_time":"2025-03-09T08:17:23+00:00","og_image":[{"width":279,"height":92,"url":"https:\/\/vieassociative.be\/actualites\/wp-content\/uploads\/2024\/09\/header_backgroundk-01-e1726694325946.png","type":"image\/png"}],"author":"Julien","twitter_card":"summary_large_image","twitter_misc":{"\u00c9crit par":"Julien","Dur\u00e9e de lecture est.":"2 minutes"},"schema":{"@context":"https:\/\/schema.org","@graph":[{"@type":"Article","@id":"https:\/\/vieassociative.be\/actualites\/dans-une-victoire-en-tant-queupen-la-relegation-serait-une-bonne-affaire-aujourdhui-contre-francs-borains\/#article","isPartOf":{"@id":"https:\/\/vieassociative.be\/actualites\/dans-une-victoire-en-tant-queupen-la-relegation-serait-une-bonne-affaire-aujourdhui-contre-francs-borains\/"},"author":{"name":"Julien","@id":"https:\/\/vieassociative.be\/actualites\/#\/schema\/person\/b87ac4f82f9d4e7b7cec7395b679edc4"},"headline":"Dans une victoire en tant qu&rsquo;Eupen, la rel\u00e9gation serait une bonne affaire &#8211; aujourd&rsquo;hui contre Francs Borains","datePublished":"2025-03-09T08:17:23+00:00","dateModified":"2025-03-09T08:17:23+00:00","mainEntityOfPage":{"@id":"https:\/\/vieassociative.be\/actualites\/dans-une-victoire-en-tant-queupen-la-relegation-serait-une-bonne-affaire-aujourdhui-contre-francs-borains\/"},"wordCount":404,"publisher":{"@id":"https:\/\/vieassociative.be\/actualites\/#organization"},"image":{"@id":"https:\/\/vieassociative.be\/actualites\/dans-une-victoire-en-tant-queupen-la-relegation-serait-une-bonne-affaire-aujourdhui-contre-francs-borains\/#primaryimage"},"thumbnailUrl":"https:\/\/vieassociative.be\/actualites\/wp-content\/uploads\/2024\/12\/1733689145_Defaite-23-AS-sest-embarrasse-face-a-la-derniere.jpg","keywords":["affaire","aujourdhui","bonne","Borains","contre","dans","Francs","quEupen","rel\u00e9gation","serait","tant","une","victoire"],"articleSection":["Belgique"],"inLanguage":"fr-BE"},{"@type":"WebPage","@id":"https:\/\/vieassociative.be\/actualites\/dans-une-victoire-en-tant-queupen-la-relegation-serait-une-bonne-affaire-aujourdhui-contre-francs-borains\/","url":"https:\/\/vieassociative.be\/actualites\/dans-une-victoire-en-tant-queupen-la-relegation-serait-une-bonne-affaire-aujourdhui-contre-francs-borains\/","name":"Dans une victoire en tant qu'Eupen, la rel\u00e9gation serait une bonne affaire - aujourd'hui contre Francs Borains | Vie Associative","isPartOf":{"@id":"https:\/\/vieassociative.be\/actualites\/#website"},"primaryImageOfPage":{"@id":"https:\/\/vieassociative.be\/actualites\/dans-une-victoire-en-tant-queupen-la-relegation-serait-une-bonne-affaire-aujourdhui-contre-francs-borains\/#primaryimage"},"image":{"@id":"https:\/\/vieassociative.be\/actualites\/dans-une-victoire-en-tant-queupen-la-relegation-serait-une-bonne-affaire-aujourdhui-contre-francs-borains\/#primaryimage"},"thumbnailUrl":"https:\/\/vieassociative.be\/actualites\/wp-content\/uploads\/2024\/12\/1733689145_Defaite-23-AS-sest-embarrasse-face-a-la-derniere.jpg","datePublished":"2025-03-09T08:17:23+00:00","dateModified":"2025-03-09T08:17:23+00:00","breadcrumb":{"@id":"https:\/\/vieassociative.be\/actualites\/dans-une-victoire-en-tant-queupen-la-relegation-serait-une-bonne-affaire-aujourdhui-contre-francs-borains\/#breadcrumb"},"inLanguage":"fr-BE","potentialAction":[{"@type":"ReadAction","target":["https:\/\/vieassociative.be\/actualites\/dans-une-victoire-en-tant-queupen-la-relegation-serait-une-bonne-affaire-aujourdhui-contre-francs-borains\/"]}]},{"@type":"ImageObject","inLanguage":"fr-BE","@id":"https:\/\/vieassociative.be\/actualites\/dans-une-victoire-en-tant-queupen-la-relegation-serait-une-bonne-affaire-aujourdhui-contre-francs-borains\/#primaryimage","url":"https:\/\/vieassociative.be\/actualites\/wp-content\/uploads\/2024\/12\/1733689145_Defaite-23-AS-sest-embarrasse-face-a-la-derniere.jpg","contentUrl":"https:\/\/vieassociative.be\/actualites\/wp-content\/uploads\/2024\/12\/1733689145_Defaite-23-AS-sest-embarrasse-face-a-la-derniere.jpg","width":1200,"height":800,"caption":"D\u00e9faite 2:3 : AS s'est embarrass\u00e9 face \u00e0 la derni\u00e8re \u00e9quipe"},{"@type":"BreadcrumbList","@id":"https:\/\/vieassociative.be\/actualites\/dans-une-victoire-en-tant-queupen-la-relegation-serait-une-bonne-affaire-aujourdhui-contre-francs-borains\/#breadcrumb","itemListElement":[{"@type":"ListItem","position":1,"name":"Accueil","item":"https:\/\/vieassociative.be\/actualites\/"},{"@type":"ListItem","position":2,"name":"Dans une victoire en tant qu&rsquo;Eupen, la rel\u00e9gation serait une bonne affaire &#8211; aujourd&rsquo;hui contre Francs Borains"}]},{"@type":"WebSite","@id":"https:\/\/vieassociative.be\/actualites\/#website","url":"https:\/\/vieassociative.be\/actualites\/","name":"Vie Associative","description":"","publisher":{"@id":"https:\/\/vieassociative.be\/actualites\/#organization"},"potentialAction":[{"@type":"SearchAction","target":{"@type":"EntryPoint","urlTemplate":"https:\/\/vieassociative.be\/actualites\/?s={search_term_string}"},"query-input":{"@type":"PropertyValueSpecification","valueRequired":true,"valueName":"search_term_string"}}],"inLanguage":"fr-BE"},{"@type":"Organization","@id":"https:\/\/vieassociative.be\/actualites\/#organization","name":"Vie Associative","url":"https:\/\/vieassociative.be\/actualites\/","logo":{"@type":"ImageObject","inLanguage":"fr-BE","@id":"https:\/\/vieassociative.be\/actualites\/#\/schema\/logo\/image\/","url":"https:\/\/vieassociative.be\/actualites\/wp-content\/uploads\/2024\/09\/cropped-vieassociative_favicon.ico.png","contentUrl":"https:\/\/vieassociative.be\/actualites\/wp-content\/uploads\/2024\/09\/cropped-vieassociative_favicon.ico.png","width":512,"height":512,"caption":"Vie Associative"},"image":{"@id":"https:\/\/vieassociative.be\/actualites\/#\/schema\/logo\/image\/"}},{"@type":"Person","@id":"https:\/\/vieassociative.be\/actualites\/#\/schema\/person\/b87ac4f82f9d4e7b7cec7395b679edc4","name":"Julien","image":{"@type":"ImageObject","inLanguage":"fr-BE","@id":"https:\/\/vieassociative.be\/actualites\/#\/schema\/person\/image\/","url":"https:\/\/vieassociative.be\/actualites\/wp-content\/uploads\/2024\/09\/vie-associative-1-150x150.jpg","contentUrl":"https:\/\/vieassociative.be\/actualites\/wp-content\/uploads\/2024\/09\/vie-associative-1-150x150.jpg","caption":"Julien"},"description":"Je suis Julien, r\u00e9dacteur pour Vie Associative. Passionn\u00e9 par le monde associatif depuis plus de 10 ans, j'ai \u00e0 c\u0153ur de partager des histoires inspirantes et de mettre en lumi\u00e8re les initiatives locales. Mon objectif est de sensibiliser et d'encourager l'engagement communautaire \u00e0 travers mes articles.","sameAs":["https:\/\/vieassociative.be\/"]}]}},"_links":{"self":[{"href":"https:\/\/vieassociative.be\/actualites\/wp-json\/wp\/v2\/posts\/5741"}],"collection":[{"href":"https:\/\/vieassociative.be\/actualites\/wp-json\/wp\/v2\/posts"}],"about":[{"href":"https:\/\/vieassociative.be\/actualites\/wp-json\/wp\/v2\/types\/post"}],"author":[{"embeddable":true,"href":"https:\/\/vieassociative.be\/actualites\/wp-json\/wp\/v2\/users\/1"}],"replies":[{"embeddable":true,"href":"https:\/\/vieassociative.be\/actualites\/wp-json\/wp\/v2\/comments?post=5741"}],"version-history":[{"count":0,"href":"https:\/\/vieassociative.be\/actualites\/wp-json\/wp\/v2\/posts\/5741\/revisions"}],"wp:featuredmedia":[{"embeddable":true,"href":"https:\/\/vieassociative.be\/actualites\/wp-json\/wp\/v2\/media\/3194"}],"wp:attachment":[{"href":"https:\/\/vieassociative.be\/actualites\/wp-json\/wp\/v2\/media?parent=5741"}],"wp:term":[{"taxonomy":"category","embeddable":true,"href":"https:\/\/vieassociative.be\/actualites\/wp-json\/wp\/v2\/categories?post=5741"},{"taxonomy":"post_tag","embeddable":true,"href":"https:\/\/vieassociative.be\/actualites\/wp-json\/wp\/v2\/tags?post=5741"}],"curies":[{"name":"wp","href":"https:\/\/api.w.org\/{rel}","templated":true}]}}