{"id":5740,"date":"2025-03-09T08:18:15","date_gmt":"2025-03-09T07:18:15","guid":{"rendered":"https:\/\/vieassociative.be\/actualites\/le-m4-macbook-air-est-une-bien-meilleure-valeur-que-le-pro-2\/"},"modified":"2025-03-09T08:18:15","modified_gmt":"2025-03-09T07:18:15","slug":"le-m4-macbook-air-est-une-bien-meilleure-valeur-que-le-pro-2","status":"publish","type":"post","link":"https:\/\/vieassociative.be\/actualites\/le-m4-macbook-air-est-une-bien-meilleure-valeur-que-le-pro-2\/","title":{"rendered":"Le M4 MacBook Air est une bien meilleure valeur que le Pro"},"content":{"rendered":"<div class=\"mt-4 leading-6 md:mb-8\">C&rsquo;est vraiment le meilleur MacBook pour la plupart des gens.<\/div>\n<p><\/p>\n<p>Plus t\u00f4t cette semaine, j&rsquo;ai proclam\u00e9 le tout nouveau M4 MacBook Air <em>le<\/em> Meilleur MacBook pour la plupart des gens. En bref, c&rsquo;est parce qu&rsquo;Apple emballe tout ce qui est d\u00e9j\u00e0 g\u00e9nial avec le MacBook moderne diffus\u00e9 avec sa derni\u00e8re puce M4, le tout pour un PDSFSF fantastique de 999 $. <\/p>\n<p>Le fait est que la puce M4 elle-m\u00eame n&rsquo;est pas neuve: Apple l&rsquo;a d&rsquo;abord d\u00e9plac\u00e9e avec l&rsquo;iPad Pro en mai dernier, avant d&rsquo;introduire le M4 MacBook Pro en octobre. Avant cette semaine, Apple avait ciment\u00e9 le MacBook Air comme marque de g\u00e9n\u00e9ration pr\u00e9c\u00e9dente: si vous voulez un ordinateur Apple d&rsquo;entr\u00e9e de gamme, vous pouvez acheter le M2 MacBook Air pour 999 $, ou le M3 MacBook Air pour un peu plus. Si vous vouliez M4, eh bien, c&rsquo;est un territoire \u00ab\u00a0pro\u00a0\u00bb.<\/p>\n<h2 id=\"m4-vs-m4\">M4 contre M4<\/h2>\n<p>Ce n&rsquo;est plus: que vous achetiez un nouveau MacBook Air ou MacBook Pro, vous obtenez la puce M4. Ces puces sont presque identiques entre l&rsquo;air et le pro, mais avec une mise en garde. Le SOC (syst\u00e8me sur puce) est livr\u00e9 avec un CPU \u00e0 10 c\u0153urs (quatre c\u0153urs de performance et six c\u0153urs d&rsquo;efficacit\u00e9) et un moteur neuronal \u00e0 16 c\u0153urs sur tous les mod\u00e8les, et un GPU \u00e0 10 c\u0153urs sur le Pro. Toi <em>peut<\/em> Obtenez un GPU \u00e0 10 c\u0153urs en ondes, mais seulement si vous payez un suppl\u00e9ment. Si vous achetez la machine d&rsquo;entr\u00e9e de gamme 999 $, vous obtenez un GPU \u00e0 huit c\u0153urs. Ces deux c\u0153urs GPU suppl\u00e9mentaires vous co\u00fbteront 100 $.<\/p>\n<p>C&rsquo;est une petite diff\u00e9rence, mais une diff\u00e9rence qui, sur papier, sugg\u00e8re de meilleures performances du M4 MacBook Pro, en particulier pour les t\u00e2ches \u00e0 forte intensit\u00e9 graphique. Si vous travaillez avec l&rsquo;animation ou la vid\u00e9o haute r\u00e9solution, ou jouez \u00e0 des jeux AAA, ces deux c\u0153urs GPU sur le pro pourraient \u00eatre utiles. Cependant, les sp\u00e9cifications papier signifient tr\u00e8s peu pour une utilisation r\u00e9elle: c&rsquo;est lorsque vous voyez comment ces machines fonctionnent r\u00e9ellement lorsqu&rsquo;elles sont mises \u00e0 l&rsquo;\u00e9preuve, savez-vous \u00e0 quel point ces diff\u00e9rences sont grandes (ou petites).   <\/p>\n<p>Nous devrons attendre qu&rsquo;Apple publie le M4 MacBook Air avant de voir ces tests r\u00e9els en action. Mais en attendant, nous avons des preuves qui vont au-del\u00e0 de la fiche de sp\u00e9cifications. Comme rapport\u00e9 par WCCFTech, les testeurs ont t\u00e9l\u00e9charg\u00e9 des rep\u00e8res en m\u00e9tal GeekBench pour le M4 MacBook Air vers Internet &#8211; et les r\u00e9sultats sont \u00e9clair\u00e9s. Ce test examine les performances du GPU d&rsquo;une puce via l&rsquo;API Metal d&rsquo;Apple. Le M4 MacBook Air \u00e0 huit c\u0153urs a marqu\u00e9 54 864 au test, tandis que le M4 MacBook Pro \u00e0 10 c\u0153urs a obtenu 57 788. C&rsquo;est un gain de 5% pour le MacBook Pro, qui, bien que bien agr\u00e9able \u00e0 avoir, n&rsquo;est pas l&rsquo;\u00e9norme saut que vous pourriez attendre de deux c\u0153urs GPU suppl\u00e9mentaires, en particulier lorsque vous consid\u00e9rez que le Pro commence \u00e0 1599 $.  <\/p>\n<p>Encore une fois, les rep\u00e8res ne refl\u00e8tent pas n\u00e9cessairement l&rsquo;utilisation du monde r\u00e9el. Ces deux noyaux pourraient pousser le Pro plus que ces r\u00e9sultats ne l&rsquo;impliquent. De plus, le pro a des ventilateurs internes pour garder la puce M4 au frais sous pression. L&rsquo;air n&rsquo;a pas de ventilateurs, ce qui signifie qu&rsquo;il peut ralentir les performances si les choses deviennent trop chaudes plus t\u00f4t que le pro. Nous aurons simplement besoin de voir comment ces deux machines s&rsquo;accumulent c\u00f4te \u00e0 c\u00f4te lorsque les unit\u00e9s d&rsquo;examen arrivent.<\/p>\n<h2 id=\"power-and-price\">Puissance et prix<\/h2>\n<p>Quoi qu&rsquo;il en soit, le M4 MacBook Air s&rsquo;annonce comme une puissance d&rsquo;une machine, en particulier pour le prix. Le M4 MacBook Pro, par exemple, co\u00fbte 600 $ de plus, et bien que vous obteniez des avantages suppl\u00e9mentaires comme un affichage plus lumineux et de meilleure qualit\u00e9, le double du stockage, un port HDMI et une fente de carte SDXC, vous pourriez trouver que vous pr\u00e9f\u00e9rez les 600 $ suppl\u00e9mentaires dans votre portefeuille. Ignorant ces avantages, si vous \u00eates quelqu&rsquo;un qui ach\u00e8te un Mac en pensant \u00e0 la puissance, vous n&rsquo;avez plus besoin de compter l&rsquo;air. En fait, ce devrait probablement \u00eatre votre premier choix, exclu que si le travail que vous faites <em>n\u00e9cessite<\/em> le \u00ab\u00a0punch\u00a0\u00bb suppl\u00e9mentaire que le pro peut offrir. <\/p>\n<p>Pour \u00eatre clair, cette comparaison se situe entre la puce M4, <em>pas<\/em> le M4 <em>Pro<\/em> \u00e9br\u00e9cher. Vous ne pouvez obtenir le M4 Pro que dans le MacBook Pro, et ce mod\u00e8le commence \u00e0 1 999 $. \u00c0 ce stade, c&rsquo;est une discussion tr\u00e8s diff\u00e9rente. <\/p>\n","protected":false},"excerpt":{"rendered":"<p>C&rsquo;est vraiment le meilleur MacBook pour la plupart des gens. Plus t\u00f4t cette semaine, j&rsquo;ai proclam\u00e9 le tout nouveau M4 MacBook Air le Meilleur MacBook<\/p>\n","protected":false},"author":1,"featured_media":5710,"comment_status":"","ping_status":"","sticky":false,"template":"","format":"standard","meta":{"footnotes":""},"categories":[13],"tags":[1327,254,76,686,530,630,110,5721],"class_list":["post-5740","post","type-post","status-publish","format-standard","has-post-thumbnail","hentry","category-technologie","tag-air","tag-bien","tag-est","tag-macbook","tag-meilleure","tag-pro","tag-une","tag-valeur","generate-columns","tablet-grid-50","mobile-grid-100","grid-parent","grid-33"],"yoast_head":"<!-- This site is optimized with the Yoast SEO plugin v24.0 - https:\/\/yoast.com\/wordpress\/plugins\/seo\/ -->\n<title>Le M4 MacBook Air est une bien meilleure valeur que le Pro | Vie Associative<\/title>\n<meta name=\"robots\" content=\"index, follow, max-snippet:-1, max-image-preview:large, max-video-preview:-1\" \/>\n<link rel=\"canonical\" href=\"https:\/\/vieassociative.be\/actualites\/le-m4-macbook-air-est-une-bien-meilleure-valeur-que-le-pro-2\/\" \/>\n<meta property=\"og:locale\" content=\"fr_FR\" \/>\n<meta property=\"og:type\" content=\"article\" \/>\n<meta property=\"og:title\" content=\"Le M4 MacBook Air est une bien meilleure valeur que le Pro | Vie Associative\" \/>\n<meta property=\"og:description\" content=\"C&rsquo;est vraiment le meilleur MacBook pour la plupart des gens. Plus t\u00f4t cette semaine, j&rsquo;ai proclam\u00e9 le tout nouveau M4 MacBook Air le Meilleur MacBook\" \/>\n<meta property=\"og:url\" content=\"https:\/\/vieassociative.be\/actualites\/le-m4-macbook-air-est-une-bien-meilleure-valeur-que-le-pro-2\/\" \/>\n<meta property=\"og:site_name\" content=\"Vie Associative\" \/>\n<meta property=\"article:published_time\" content=\"2025-03-09T07:18:15+00:00\" \/>\n<meta property=\"og:image\" content=\"https:\/\/vieassociative.be\/actualites\/wp-content\/uploads\/2024\/09\/header_backgroundk-01-e1726694325946.png\" \/>\n\t<meta property=\"og:image:width\" content=\"279\" \/>\n\t<meta property=\"og:image:height\" content=\"92\" \/>\n\t<meta property=\"og:image:type\" content=\"image\/png\" \/>\n<meta name=\"author\" content=\"Julien\" \/>\n<meta name=\"twitter:card\" content=\"summary_large_image\" \/>\n<meta name=\"twitter:label1\" content=\"\u00c9crit par\" \/>\n\t<meta name=\"twitter:data1\" content=\"Julien\" \/>\n\t<meta name=\"twitter:label2\" content=\"Dur\u00e9e de lecture est.\" \/>\n\t<meta name=\"twitter:data2\" content=\"4 minutes\" \/>\n<script type=\"application\/ld+json\" class=\"yoast-schema-graph\">{\"@context\":\"https:\/\/schema.org\",\"@graph\":[{\"@type\":\"Article\",\"@id\":\"https:\/\/vieassociative.be\/actualites\/le-m4-macbook-air-est-une-bien-meilleure-valeur-que-le-pro-2\/#article\",\"isPartOf\":{\"@id\":\"https:\/\/vieassociative.be\/actualites\/le-m4-macbook-air-est-une-bien-meilleure-valeur-que-le-pro-2\/\"},\"author\":{\"name\":\"Julien\",\"@id\":\"https:\/\/vieassociative.be\/actualites\/#\/schema\/person\/b87ac4f82f9d4e7b7cec7395b679edc4\"},\"headline\":\"Le M4 MacBook Air est une bien meilleure valeur que le Pro\",\"datePublished\":\"2025-03-09T07:18:15+00:00\",\"dateModified\":\"2025-03-09T07:18:15+00:00\",\"mainEntityOfPage\":{\"@id\":\"https:\/\/vieassociative.be\/actualites\/le-m4-macbook-air-est-une-bien-meilleure-valeur-que-le-pro-2\/\"},\"wordCount\":826,\"publisher\":{\"@id\":\"https:\/\/vieassociative.be\/actualites\/#organization\"},\"image\":{\"@id\":\"https:\/\/vieassociative.be\/actualites\/le-m4-macbook-air-est-une-bien-meilleure-valeur-que-le-pro-2\/#primaryimage\"},\"thumbnailUrl\":\"https:\/\/vieassociative.be\/actualites\/wp-content\/uploads\/2025\/03\/Le-M4-MacBook-Air-est-une-bien-meilleure-valeur-que.jpg\",\"keywords\":[\"air\",\"bien\",\"est\",\"MacBook\",\"meilleure\",\"Pro\",\"une\",\"valeur\"],\"articleSection\":[\"Technologie\"],\"inLanguage\":\"fr-BE\"},{\"@type\":\"WebPage\",\"@id\":\"https:\/\/vieassociative.be\/actualites\/le-m4-macbook-air-est-une-bien-meilleure-valeur-que-le-pro-2\/\",\"url\":\"https:\/\/vieassociative.be\/actualites\/le-m4-macbook-air-est-une-bien-meilleure-valeur-que-le-pro-2\/\",\"name\":\"Le M4 MacBook Air est une bien meilleure valeur que le Pro | Vie Associative\",\"isPartOf\":{\"@id\":\"https:\/\/vieassociative.be\/actualites\/#website\"},\"primaryImageOfPage\":{\"@id\":\"https:\/\/vieassociative.be\/actualites\/le-m4-macbook-air-est-une-bien-meilleure-valeur-que-le-pro-2\/#primaryimage\"},\"image\":{\"@id\":\"https:\/\/vieassociative.be\/actualites\/le-m4-macbook-air-est-une-bien-meilleure-valeur-que-le-pro-2\/#primaryimage\"},\"thumbnailUrl\":\"https:\/\/vieassociative.be\/actualites\/wp-content\/uploads\/2025\/03\/Le-M4-MacBook-Air-est-une-bien-meilleure-valeur-que.jpg\",\"datePublished\":\"2025-03-09T07:18:15+00:00\",\"dateModified\":\"2025-03-09T07:18:15+00:00\",\"breadcrumb\":{\"@id\":\"https:\/\/vieassociative.be\/actualites\/le-m4-macbook-air-est-une-bien-meilleure-valeur-que-le-pro-2\/#breadcrumb\"},\"inLanguage\":\"fr-BE\",\"potentialAction\":[{\"@type\":\"ReadAction\",\"target\":[\"https:\/\/vieassociative.be\/actualites\/le-m4-macbook-air-est-une-bien-meilleure-valeur-que-le-pro-2\/\"]}]},{\"@type\":\"ImageObject\",\"inLanguage\":\"fr-BE\",\"@id\":\"https:\/\/vieassociative.be\/actualites\/le-m4-macbook-air-est-une-bien-meilleure-valeur-que-le-pro-2\/#primaryimage\",\"url\":\"https:\/\/vieassociative.be\/actualites\/wp-content\/uploads\/2025\/03\/Le-M4-MacBook-Air-est-une-bien-meilleure-valeur-que.jpg\",\"contentUrl\":\"https:\/\/vieassociative.be\/actualites\/wp-content\/uploads\/2025\/03\/Le-M4-MacBook-Air-est-une-bien-meilleure-valeur-que.jpg\",\"width\":1200,\"height\":675,\"caption\":\"Le M4 MacBook Air est une bien meilleure valeur que le Pro\"},{\"@type\":\"BreadcrumbList\",\"@id\":\"https:\/\/vieassociative.be\/actualites\/le-m4-macbook-air-est-une-bien-meilleure-valeur-que-le-pro-2\/#breadcrumb\",\"itemListElement\":[{\"@type\":\"ListItem\",\"position\":1,\"name\":\"Accueil\",\"item\":\"https:\/\/vieassociative.be\/actualites\/\"},{\"@type\":\"ListItem\",\"position\":2,\"name\":\"Le M4 MacBook Air est une bien meilleure valeur que le Pro\"}]},{\"@type\":\"WebSite\",\"@id\":\"https:\/\/vieassociative.be\/actualites\/#website\",\"url\":\"https:\/\/vieassociative.be\/actualites\/\",\"name\":\"Vie Associative\",\"description\":\"\",\"publisher\":{\"@id\":\"https:\/\/vieassociative.be\/actualites\/#organization\"},\"potentialAction\":[{\"@type\":\"SearchAction\",\"target\":{\"@type\":\"EntryPoint\",\"urlTemplate\":\"https:\/\/vieassociative.be\/actualites\/?s={search_term_string}\"},\"query-input\":{\"@type\":\"PropertyValueSpecification\",\"valueRequired\":true,\"valueName\":\"search_term_string\"}}],\"inLanguage\":\"fr-BE\"},{\"@type\":\"Organization\",\"@id\":\"https:\/\/vieassociative.be\/actualites\/#organization\",\"name\":\"Vie Associative\",\"url\":\"https:\/\/vieassociative.be\/actualites\/\",\"logo\":{\"@type\":\"ImageObject\",\"inLanguage\":\"fr-BE\",\"@id\":\"https:\/\/vieassociative.be\/actualites\/#\/schema\/logo\/image\/\",\"url\":\"https:\/\/vieassociative.be\/actualites\/wp-content\/uploads\/2024\/09\/cropped-vieassociative_favicon.ico.png\",\"contentUrl\":\"https:\/\/vieassociative.be\/actualites\/wp-content\/uploads\/2024\/09\/cropped-vieassociative_favicon.ico.png\",\"width\":512,\"height\":512,\"caption\":\"Vie Associative\"},\"image\":{\"@id\":\"https:\/\/vieassociative.be\/actualites\/#\/schema\/logo\/image\/\"}},{\"@type\":\"Person\",\"@id\":\"https:\/\/vieassociative.be\/actualites\/#\/schema\/person\/b87ac4f82f9d4e7b7cec7395b679edc4\",\"name\":\"Julien\",\"image\":{\"@type\":\"ImageObject\",\"inLanguage\":\"fr-BE\",\"@id\":\"https:\/\/vieassociative.be\/actualites\/#\/schema\/person\/image\/\",\"url\":\"https:\/\/vieassociative.be\/actualites\/wp-content\/uploads\/2024\/09\/vie-associative-1-150x150.jpg\",\"contentUrl\":\"https:\/\/vieassociative.be\/actualites\/wp-content\/uploads\/2024\/09\/vie-associative-1-150x150.jpg\",\"caption\":\"Julien\"},\"description\":\"Je suis Julien, r\u00e9dacteur pour Vie Associative. Passionn\u00e9 par le monde associatif depuis plus de 10 ans, j'ai \u00e0 c\u0153ur de partager des histoires inspirantes et de mettre en lumi\u00e8re les initiatives locales. Mon objectif est de sensibiliser et d'encourager l'engagement communautaire \u00e0 travers mes articles.\",\"sameAs\":[\"https:\/\/vieassociative.be\/\"]}]}<\/script>\n<!-- \/ Yoast SEO plugin. -->","yoast_head_json":{"title":"Le M4 MacBook Air est une bien meilleure valeur que le Pro | Vie Associative","robots":{"index":"index","follow":"follow","max-snippet":"max-snippet:-1","max-image-preview":"max-image-preview:large","max-video-preview":"max-video-preview:-1"},"canonical":"https:\/\/vieassociative.be\/actualites\/le-m4-macbook-air-est-une-bien-meilleure-valeur-que-le-pro-2\/","og_locale":"fr_FR","og_type":"article","og_title":"Le M4 MacBook Air est une bien meilleure valeur que le Pro | Vie Associative","og_description":"C&rsquo;est vraiment le meilleur MacBook pour la plupart des gens. Plus t\u00f4t cette semaine, j&rsquo;ai proclam\u00e9 le tout nouveau M4 MacBook Air le Meilleur MacBook","og_url":"https:\/\/vieassociative.be\/actualites\/le-m4-macbook-air-est-une-bien-meilleure-valeur-que-le-pro-2\/","og_site_name":"Vie Associative","article_published_time":"2025-03-09T07:18:15+00:00","og_image":[{"width":279,"height":92,"url":"https:\/\/vieassociative.be\/actualites\/wp-content\/uploads\/2024\/09\/header_backgroundk-01-e1726694325946.png","type":"image\/png"}],"author":"Julien","twitter_card":"summary_large_image","twitter_misc":{"\u00c9crit par":"Julien","Dur\u00e9e de lecture est.":"4 minutes"},"schema":{"@context":"https:\/\/schema.org","@graph":[{"@type":"Article","@id":"https:\/\/vieassociative.be\/actualites\/le-m4-macbook-air-est-une-bien-meilleure-valeur-que-le-pro-2\/#article","isPartOf":{"@id":"https:\/\/vieassociative.be\/actualites\/le-m4-macbook-air-est-une-bien-meilleure-valeur-que-le-pro-2\/"},"author":{"name":"Julien","@id":"https:\/\/vieassociative.be\/actualites\/#\/schema\/person\/b87ac4f82f9d4e7b7cec7395b679edc4"},"headline":"Le M4 MacBook Air est une bien meilleure valeur que le Pro","datePublished":"2025-03-09T07:18:15+00:00","dateModified":"2025-03-09T07:18:15+00:00","mainEntityOfPage":{"@id":"https:\/\/vieassociative.be\/actualites\/le-m4-macbook-air-est-une-bien-meilleure-valeur-que-le-pro-2\/"},"wordCount":826,"publisher":{"@id":"https:\/\/vieassociative.be\/actualites\/#organization"},"image":{"@id":"https:\/\/vieassociative.be\/actualites\/le-m4-macbook-air-est-une-bien-meilleure-valeur-que-le-pro-2\/#primaryimage"},"thumbnailUrl":"https:\/\/vieassociative.be\/actualites\/wp-content\/uploads\/2025\/03\/Le-M4-MacBook-Air-est-une-bien-meilleure-valeur-que.jpg","keywords":["air","bien","est","MacBook","meilleure","Pro","une","valeur"],"articleSection":["Technologie"],"inLanguage":"fr-BE"},{"@type":"WebPage","@id":"https:\/\/vieassociative.be\/actualites\/le-m4-macbook-air-est-une-bien-meilleure-valeur-que-le-pro-2\/","url":"https:\/\/vieassociative.be\/actualites\/le-m4-macbook-air-est-une-bien-meilleure-valeur-que-le-pro-2\/","name":"Le M4 MacBook Air est une bien meilleure valeur que le Pro | Vie Associative","isPartOf":{"@id":"https:\/\/vieassociative.be\/actualites\/#website"},"primaryImageOfPage":{"@id":"https:\/\/vieassociative.be\/actualites\/le-m4-macbook-air-est-une-bien-meilleure-valeur-que-le-pro-2\/#primaryimage"},"image":{"@id":"https:\/\/vieassociative.be\/actualites\/le-m4-macbook-air-est-une-bien-meilleure-valeur-que-le-pro-2\/#primaryimage"},"thumbnailUrl":"https:\/\/vieassociative.be\/actualites\/wp-content\/uploads\/2025\/03\/Le-M4-MacBook-Air-est-une-bien-meilleure-valeur-que.jpg","datePublished":"2025-03-09T07:18:15+00:00","dateModified":"2025-03-09T07:18:15+00:00","breadcrumb":{"@id":"https:\/\/vieassociative.be\/actualites\/le-m4-macbook-air-est-une-bien-meilleure-valeur-que-le-pro-2\/#breadcrumb"},"inLanguage":"fr-BE","potentialAction":[{"@type":"ReadAction","target":["https:\/\/vieassociative.be\/actualites\/le-m4-macbook-air-est-une-bien-meilleure-valeur-que-le-pro-2\/"]}]},{"@type":"ImageObject","inLanguage":"fr-BE","@id":"https:\/\/vieassociative.be\/actualites\/le-m4-macbook-air-est-une-bien-meilleure-valeur-que-le-pro-2\/#primaryimage","url":"https:\/\/vieassociative.be\/actualites\/wp-content\/uploads\/2025\/03\/Le-M4-MacBook-Air-est-une-bien-meilleure-valeur-que.jpg","contentUrl":"https:\/\/vieassociative.be\/actualites\/wp-content\/uploads\/2025\/03\/Le-M4-MacBook-Air-est-une-bien-meilleure-valeur-que.jpg","width":1200,"height":675,"caption":"Le M4 MacBook Air est une bien meilleure valeur que le Pro"},{"@type":"BreadcrumbList","@id":"https:\/\/vieassociative.be\/actualites\/le-m4-macbook-air-est-une-bien-meilleure-valeur-que-le-pro-2\/#breadcrumb","itemListElement":[{"@type":"ListItem","position":1,"name":"Accueil","item":"https:\/\/vieassociative.be\/actualites\/"},{"@type":"ListItem","position":2,"name":"Le M4 MacBook Air est une bien meilleure valeur que le Pro"}]},{"@type":"WebSite","@id":"https:\/\/vieassociative.be\/actualites\/#website","url":"https:\/\/vieassociative.be\/actualites\/","name":"Vie Associative","description":"","publisher":{"@id":"https:\/\/vieassociative.be\/actualites\/#organization"},"potentialAction":[{"@type":"SearchAction","target":{"@type":"EntryPoint","urlTemplate":"https:\/\/vieassociative.be\/actualites\/?s={search_term_string}"},"query-input":{"@type":"PropertyValueSpecification","valueRequired":true,"valueName":"search_term_string"}}],"inLanguage":"fr-BE"},{"@type":"Organization","@id":"https:\/\/vieassociative.be\/actualites\/#organization","name":"Vie Associative","url":"https:\/\/vieassociative.be\/actualites\/","logo":{"@type":"ImageObject","inLanguage":"fr-BE","@id":"https:\/\/vieassociative.be\/actualites\/#\/schema\/logo\/image\/","url":"https:\/\/vieassociative.be\/actualites\/wp-content\/uploads\/2024\/09\/cropped-vieassociative_favicon.ico.png","contentUrl":"https:\/\/vieassociative.be\/actualites\/wp-content\/uploads\/2024\/09\/cropped-vieassociative_favicon.ico.png","width":512,"height":512,"caption":"Vie Associative"},"image":{"@id":"https:\/\/vieassociative.be\/actualites\/#\/schema\/logo\/image\/"}},{"@type":"Person","@id":"https:\/\/vieassociative.be\/actualites\/#\/schema\/person\/b87ac4f82f9d4e7b7cec7395b679edc4","name":"Julien","image":{"@type":"ImageObject","inLanguage":"fr-BE","@id":"https:\/\/vieassociative.be\/actualites\/#\/schema\/person\/image\/","url":"https:\/\/vieassociative.be\/actualites\/wp-content\/uploads\/2024\/09\/vie-associative-1-150x150.jpg","contentUrl":"https:\/\/vieassociative.be\/actualites\/wp-content\/uploads\/2024\/09\/vie-associative-1-150x150.jpg","caption":"Julien"},"description":"Je suis Julien, r\u00e9dacteur pour Vie Associative. Passionn\u00e9 par le monde associatif depuis plus de 10 ans, j'ai \u00e0 c\u0153ur de partager des histoires inspirantes et de mettre en lumi\u00e8re les initiatives locales. Mon objectif est de sensibiliser et d'encourager l'engagement communautaire \u00e0 travers mes articles.","sameAs":["https:\/\/vieassociative.be\/"]}]}},"_links":{"self":[{"href":"https:\/\/vieassociative.be\/actualites\/wp-json\/wp\/v2\/posts\/5740"}],"collection":[{"href":"https:\/\/vieassociative.be\/actualites\/wp-json\/wp\/v2\/posts"}],"about":[{"href":"https:\/\/vieassociative.be\/actualites\/wp-json\/wp\/v2\/types\/post"}],"author":[{"embeddable":true,"href":"https:\/\/vieassociative.be\/actualites\/wp-json\/wp\/v2\/users\/1"}],"replies":[{"embeddable":true,"href":"https:\/\/vieassociative.be\/actualites\/wp-json\/wp\/v2\/comments?post=5740"}],"version-history":[{"count":0,"href":"https:\/\/vieassociative.be\/actualites\/wp-json\/wp\/v2\/posts\/5740\/revisions"}],"wp:featuredmedia":[{"embeddable":true,"href":"https:\/\/vieassociative.be\/actualites\/wp-json\/wp\/v2\/media\/5710"}],"wp:attachment":[{"href":"https:\/\/vieassociative.be\/actualites\/wp-json\/wp\/v2\/media?parent=5740"}],"wp:term":[{"taxonomy":"category","embeddable":true,"href":"https:\/\/vieassociative.be\/actualites\/wp-json\/wp\/v2\/categories?post=5740"},{"taxonomy":"post_tag","embeddable":true,"href":"https:\/\/vieassociative.be\/actualites\/wp-json\/wp\/v2\/tags?post=5740"}],"curies":[{"name":"wp","href":"https:\/\/api.w.org\/{rel}","templated":true}]}}